{"id":5493,"date":"2025-02-28T15:18:26","date_gmt":"2025-02-28T14:18:26","guid":{"rendered":"https:\/\/vieassociative.be\/actualites\/en-tant-queupen-aujourdhui-pour-wolves-une-fete\/"},"modified":"2025-02-28T15:18:26","modified_gmt":"2025-02-28T14:18:26","slug":"en-tant-queupen-aujourdhui-pour-wolves-une-fete","status":"publish","type":"post","link":"https:\/\/vieassociative.be\/actualites\/en-tant-queupen-aujourdhui-pour-wolves-une-fete\/","title":{"rendered":"En tant qu&rsquo;Eupen aujourd&rsquo;hui pour \u00ab\u00a0Wolves\u00a0\u00bb une f\u00eate?"},"content":{"rendered":"<p><strong>La deuxi\u00e8me division de football en tant qu&rsquo;Eupen est un invit\u00e9 vendredi (20 h \/ Live on Dazn) avec la promotion de Raal La Louvi\u00e8re. Le noir et blanc n&rsquo;ont plus de chances de place dans le top 6 et de la participation au tour de promotion.<\/strong><\/p>\n<p><span id=\"more-409441\"><\/span>L&rsquo;\u00e9cart \u00e0 la 6e place est maintenant pass\u00e9 \u00e0 13 points. Avec huit rencontres jusqu&rsquo;\u00e0 la fin de la phase classique du championnat, rien ne peut plus \u00eatre fait.<\/p>\n<p>En cons\u00e9quence, le AS n&rsquo;est que de rester dans la ligue, car il n&rsquo;est pas encore sec avec une avance de sept points par rapport au cinqui\u00e8me cinqui\u00e8me de Jong Genk.<\/p>\n<div id=\"attachment_377115\" class=\"wp-caption alignleft\" style=\"max-width: 300px\"><img fetchpriority=\"high\" decoding=\"async\" class=\"wp-image-377115 size-medium\" src=\"https:\/\/vieassociative.be\/actualites\/wp-content\/uploads\/2025\/02\/En-tant-quEupen-aujourdhui-pour-Wolves-une-fete.jpg\" alt=\"\" width=\"300\" height=\"217\"><\/p>\n<p class=\"wp-caption-text\">Eupens Milos Pantovic (M, ici dans le duel avec Hannes van der Bruggen von Cercle Bruges) est ferm\u00e9 en raison d&rsquo;un 5\u00e8me carte jaune. Photo: Belga<\/p>\n<\/div>\n<p>Lors de sa rencontre \u00e0 La Louvi\u00e8re, comme Eupen doit \u00e0 nouveau se passer d&rsquo;un joueur r\u00e9gulier bloqu\u00e9 des derni\u00e8res semaines. Apr\u00e8s le 5e carton jaune, Milos Pantovi\u0107 est bloqu\u00e9 cette fois. Scott Kennedy s&rsquo;est remis de sa blessure et sera de retour au contingent pour la premi\u00e8re fois depuis des semaines. Isaac Nuhu, Manaf Nurudeen et Nathan Bitumazala ne peuvent toujours pas \u00eatre utilis\u00e9s en raison de leurs blessures.<\/p>\n<p>Les quatre nouveaux ajouts doivent apparemment encore faire face \u00e0 un d\u00e9ficit de formation. C&rsquo;est pourquoi vous ne voyez que Philip Ejike dans le onze de d\u00e9part. Dans la premi\u00e8re \u00e9tape, As As Lost 3: 4 contre La Louvi\u00e8re.<\/p>\n<p>La Louvi\u00e8re est l&rsquo;un des clubs en herbe en Belgique. Un nouveau stade pour 8 600 spectateurs est actuellement en cours de construction pour les \u00ab\u00a0Wolves\u00a0\u00bb, qui vient juste \u00e0 c\u00f4t\u00e9 du \u00ab\u00a0Stade du Tivoli\u00a0\u00bb d&rsquo;aujourd&rsquo;hui.<\/p>\n<p>\u00c0 l&rsquo;heure actuelle, le grimpeur prend la troisi\u00e8me place de la table de la Challenger Pro League. Pour l&rsquo;As Eupen, il faut esp\u00e9rer qu&rsquo;elle vend aussi cher que possible ce soir et n&rsquo;est pas une f\u00eate pour les \u00ab\u00a0Wolves\u00a0\u00bb &#8230; (CR)<\/p>\n<p><em><strong>Sur le sujet, voir \u00e9galement l&rsquo;article suivant sur OD:<\/strong><\/em><\/p>\n<div class=\"responsive-embed widescreen\">\n<blockquote class=\"wp-embedded-content\" data-secret=\"64as4pFPNS\">\n<p>La prochaine r\u00e9forme du football: \u00e0 partir de 2026\/2027 \u00e0 la division avec 18 \u00e9quipes et sans \u00e9liminatoires<\/p>\n<\/blockquote>\n<p><iframe loading=\"lazy\" class=\"wp-embedded-content\" sandbox=\"allow-scripts\" security=\"restricted\" style=\"position: absolute; visibility: hidden;\" title=\"\u201eDie n\u00e4chste Fu\u00dfballreform: Ab 2026\/2027 zur\u00fcck zu 1. Division mit 18 Teams und ohne Playoffs\u201c \u2014 Ostbelgien Direkt\" src=\"https:\/\/ostbelgiendirekt.be\/about:blank\" data-secret=\"64as4pFPNS\" width=\"500\" height=\"282\" frameborder=\"0\" marginwidth=\"0\" marginheight=\"0\" scrolling=\"no\" data-rocket-lazyload=\"fitvidscompatible\" data-lazy-src=\"https:\/\/ostbelgiendirekt.be\/neue-reform-pro-league-409070\/embed#?secret=FTn0lajpbU#?secret=64as4pFPNS\"><\/iframe><noscript><iframe class=\"wp-embedded-content\" sandbox=\"allow-scripts\" security=\"restricted\" style=\"position: absolute; visibility: hidden;\" title=\"\u201eDie n\u00e4chste Fu\u00dfballreform: Ab 2026\/2027 zur\u00fcck zu 1. Division mit 18 Teams und ohne Playoffs\u201c \u2014 Ostbelgien Direkt\" src=\"https:\/\/ostbelgiendirekt.be\/neue-reform-pro-league-409070\/embed#?secret=FTn0lajpbU#?secret=64as4pFPNS\" data-secret=\"64as4pFPNS\" width=\"500\" height=\"282\" frameborder=\"0\" marginwidth=\"0\" marginheight=\"0\" scrolling=\"no\"><\/iframe><\/noscript><\/p>\n<\/div>\n","protected":false},"excerpt":{"rendered":"<p>La deuxi\u00e8me division de football en tant qu&rsquo;Eupen est un invit\u00e9 vendredi (20 h \/ Live on Dazn) avec la promotion de Raal La Louvi\u00e8re.<\/p>\n","protected":false},"author":1,"featured_media":2965,"comment_status":"","ping_status":"","sticky":false,"template":"","format":"standard","meta":{"footnotes":""},"categories":[298],"tags":[2330,1485,81,5094,1745,110,3686],"class_list":["post-5493","post","type-post","status-publish","format-standard","has-post-thumbnail","hentry","category-belgique","tag-aujourdhui","tag-fete","tag-pour","tag-queupen","tag-tant","tag-une","tag-wolves","generate-columns","tablet-grid-50","mobile-grid-100","grid-parent","grid-33"],"yoast_head":"<!-- This site is optimized with the Yoast SEO plugin v24.0 - https:\/\/yoast.com\/wordpress\/plugins\/seo\/ -->\n<title>En tant qu&#039;Eupen aujourd&#039;hui pour &quot;Wolves&quot; une f\u00eate? | Vie Associative<\/title>\n<meta name=\"robots\" content=\"index, follow, max-snippet:-1, max-image-preview:large, max-video-preview:-1\" \/>\n<link rel=\"canonical\" href=\"https:\/\/vieassociative.be\/actualites\/en-tant-queupen-aujourdhui-pour-wolves-une-fete\/\" \/>\n<meta property=\"og:locale\" content=\"fr_FR\" \/>\n<meta property=\"og:type\" content=\"article\" \/>\n<meta property=\"og:title\" content=\"En tant qu&#039;Eupen aujourd&#039;hui pour &quot;Wolves&quot; une f\u00eate? | Vie Associative\" \/>\n<meta property=\"og:description\" content=\"La deuxi\u00e8me division de football en tant qu&rsquo;Eupen est un invit\u00e9 vendredi (20 h \/ Live on Dazn) avec la promotion de Raal La Louvi\u00e8re.\" \/>\n<meta property=\"og:url\" content=\"https:\/\/vieassociative.be\/actualites\/en-tant-queupen-aujourdhui-pour-wolves-une-fete\/\" \/>\n<meta property=\"og:site_name\" content=\"Vie Associative\" \/>\n<meta property=\"article:published_time\" content=\"2025-02-28T14:18:26+00:00\" \/>\n<meta property=\"og:image\" content=\"https:\/\/vieassociative.be\/actualites\/wp-content\/uploads\/2024\/09\/header_backgroundk-01-e1726694325946.png\" \/>\n\t<meta property=\"og:image:width\" content=\"279\" \/>\n\t<meta property=\"og:image:height\" content=\"92\" \/>\n\t<meta property=\"og:image:type\" content=\"image\/png\" \/>\n<meta name=\"author\" content=\"Julien\" \/>\n<meta name=\"twitter:card\" content=\"summary_large_image\" \/>\n<meta name=\"twitter:label1\" content=\"\u00c9crit par\" \/>\n\t<meta name=\"twitter:data1\" content=\"Julien\" \/>\n\t<meta name=\"twitter:label2\" content=\"Dur\u00e9e de lecture est.\" \/>\n\t<meta name=\"twitter:data2\" content=\"2 minutes\" \/>\n<script type=\"application\/ld+json\" class=\"yoast-schema-graph\">{\"@context\":\"https:\/\/schema.org\",\"@graph\":[{\"@type\":\"Article\",\"@id\":\"https:\/\/vieassociative.be\/actualites\/en-tant-queupen-aujourdhui-pour-wolves-une-fete\/#article\",\"isPartOf\":{\"@id\":\"https:\/\/vieassociative.be\/actualites\/en-tant-queupen-aujourdhui-pour-wolves-une-fete\/\"},\"author\":{\"name\":\"Julien\",\"@id\":\"https:\/\/vieassociative.be\/actualites\/#\/schema\/person\/b87ac4f82f9d4e7b7cec7395b679edc4\"},\"headline\":\"En tant qu&rsquo;Eupen aujourd&rsquo;hui pour \u00ab\u00a0Wolves\u00a0\u00bb une f\u00eate?\",\"datePublished\":\"2025-02-28T14:18:26+00:00\",\"dateModified\":\"2025-02-28T14:18:26+00:00\",\"mainEntityOfPage\":{\"@id\":\"https:\/\/vieassociative.be\/actualites\/en-tant-queupen-aujourdhui-pour-wolves-une-fete\/\"},\"wordCount\":375,\"publisher\":{\"@id\":\"https:\/\/vieassociative.be\/actualites\/#organization\"},\"image\":{\"@id\":\"https:\/\/vieassociative.be\/actualites\/en-tant-queupen-aujourdhui-pour-wolves-une-fete\/#primaryimage\"},\"thumbnailUrl\":\"https:\/\/vieassociative.be\/actualites\/wp-content\/uploads\/2024\/12\/1733084332_Defaite-34-lAS-Eupen-sest-reveille-trop-tard.jpg\",\"keywords\":[\"aujourdhui\",\"f\u00eate\",\"pour\",\"quEupen\",\"tant\",\"une\",\"Wolves\"],\"articleSection\":[\"Belgique\"],\"inLanguage\":\"fr-BE\"},{\"@type\":\"WebPage\",\"@id\":\"https:\/\/vieassociative.be\/actualites\/en-tant-queupen-aujourdhui-pour-wolves-une-fete\/\",\"url\":\"https:\/\/vieassociative.be\/actualites\/en-tant-queupen-aujourdhui-pour-wolves-une-fete\/\",\"name\":\"En tant qu'Eupen aujourd'hui pour \\\"Wolves\\\" une f\u00eate? | Vie Associative\",\"isPartOf\":{\"@id\":\"https:\/\/vieassociative.be\/actualites\/#website\"},\"primaryImageOfPage\":{\"@id\":\"https:\/\/vieassociative.be\/actualites\/en-tant-queupen-aujourdhui-pour-wolves-une-fete\/#primaryimage\"},\"image\":{\"@id\":\"https:\/\/vieassociative.be\/actualites\/en-tant-queupen-aujourdhui-pour-wolves-une-fete\/#primaryimage\"},\"thumbnailUrl\":\"https:\/\/vieassociative.be\/actualites\/wp-content\/uploads\/2024\/12\/1733084332_Defaite-34-lAS-Eupen-sest-reveille-trop-tard.jpg\",\"datePublished\":\"2025-02-28T14:18:26+00:00\",\"dateModified\":\"2025-02-28T14:18:26+00:00\",\"breadcrumb\":{\"@id\":\"https:\/\/vieassociative.be\/actualites\/en-tant-queupen-aujourdhui-pour-wolves-une-fete\/#breadcrumb\"},\"inLanguage\":\"fr-BE\",\"potentialAction\":[{\"@type\":\"ReadAction\",\"target\":[\"https:\/\/vieassociative.be\/actualites\/en-tant-queupen-aujourdhui-pour-wolves-une-fete\/\"]}]},{\"@type\":\"ImageObject\",\"inLanguage\":\"fr-BE\",\"@id\":\"https:\/\/vieassociative.be\/actualites\/en-tant-queupen-aujourdhui-pour-wolves-une-fete\/#primaryimage\",\"url\":\"https:\/\/vieassociative.be\/actualites\/wp-content\/uploads\/2024\/12\/1733084332_Defaite-34-lAS-Eupen-sest-reveille-trop-tard.jpg\",\"contentUrl\":\"https:\/\/vieassociative.be\/actualites\/wp-content\/uploads\/2024\/12\/1733084332_Defaite-34-lAS-Eupen-sest-reveille-trop-tard.jpg\",\"width\":1200,\"height\":822,\"caption\":\"D\u00e9faite 3:4: l'AS Eupen s'est r\u00e9veill\u00e9 trop tard\"},{\"@type\":\"BreadcrumbList\",\"@id\":\"https:\/\/vieassociative.be\/actualites\/en-tant-queupen-aujourdhui-pour-wolves-une-fete\/#breadcrumb\",\"itemListElement\":[{\"@type\":\"ListItem\",\"position\":1,\"name\":\"Accueil\",\"item\":\"https:\/\/vieassociative.be\/actualites\/\"},{\"@type\":\"ListItem\",\"position\":2,\"name\":\"En tant qu&rsquo;Eupen aujourd&rsquo;hui pour \u00ab\u00a0Wolves\u00a0\u00bb une f\u00eate?\"}]},{\"@type\":\"WebSite\",\"@id\":\"https:\/\/vieassociative.be\/actualites\/#website\",\"url\":\"https:\/\/vieassociative.be\/actualites\/\",\"name\":\"Vie Associative\",\"description\":\"\",\"publisher\":{\"@id\":\"https:\/\/vieassociative.be\/actualites\/#organization\"},\"potentialAction\":[{\"@type\":\"SearchAction\",\"target\":{\"@type\":\"EntryPoint\",\"urlTemplate\":\"https:\/\/vieassociative.be\/actualites\/?s={search_term_string}\"},\"query-input\":{\"@type\":\"PropertyValueSpecification\",\"valueRequired\":true,\"valueName\":\"search_term_string\"}}],\"inLanguage\":\"fr-BE\"},{\"@type\":\"Organization\",\"@id\":\"https:\/\/vieassociative.be\/actualites\/#organization\",\"name\":\"Vie Associative\",\"url\":\"https:\/\/vieassociative.be\/actualites\/\",\"logo\":{\"@type\":\"ImageObject\",\"inLanguage\":\"fr-BE\",\"@id\":\"https:\/\/vieassociative.be\/actualites\/#\/schema\/logo\/image\/\",\"url\":\"https:\/\/vieassociative.be\/actualites\/wp-content\/uploads\/2024\/09\/cropped-vieassociative_favicon.ico.png\",\"contentUrl\":\"https:\/\/vieassociative.be\/actualites\/wp-content\/uploads\/2024\/09\/cropped-vieassociative_favicon.ico.png\",\"width\":512,\"height\":512,\"caption\":\"Vie Associative\"},\"image\":{\"@id\":\"https:\/\/vieassociative.be\/actualites\/#\/schema\/logo\/image\/\"}},{\"@type\":\"Person\",\"@id\":\"https:\/\/vieassociative.be\/actualites\/#\/schema\/person\/b87ac4f82f9d4e7b7cec7395b679edc4\",\"name\":\"Julien\",\"image\":{\"@type\":\"ImageObject\",\"inLanguage\":\"fr-BE\",\"@id\":\"https:\/\/vieassociative.be\/actualites\/#\/schema\/person\/image\/\",\"url\":\"https:\/\/vieassociative.be\/actualites\/wp-content\/uploads\/2024\/09\/vie-associative-1-150x150.jpg\",\"contentUrl\":\"https:\/\/vieassociative.be\/actualites\/wp-content\/uploads\/2024\/09\/vie-associative-1-150x150.jpg\",\"caption\":\"Julien\"},\"description\":\"Je suis Julien, r\u00e9dacteur pour Vie Associative. Passionn\u00e9 par le monde associatif depuis plus de 10 ans, j'ai \u00e0 c\u0153ur de partager des histoires inspirantes et de mettre en lumi\u00e8re les initiatives locales. Mon objectif est de sensibiliser et d'encourager l'engagement communautaire \u00e0 travers mes articles.\",\"sameAs\":[\"https:\/\/vieassociative.be\/\"]}]}<\/script>\n<!-- \/ Yoast SEO plugin. -->","yoast_head_json":{"title":"En tant qu'Eupen aujourd'hui pour \"Wolves\" une f\u00eate? | Vie Associative","robots":{"index":"index","follow":"follow","max-snippet":"max-snippet:-1","max-image-preview":"max-image-preview:large","max-video-preview":"max-video-preview:-1"},"canonical":"https:\/\/vieassociative.be\/actualites\/en-tant-queupen-aujourdhui-pour-wolves-une-fete\/","og_locale":"fr_FR","og_type":"article","og_title":"En tant qu'Eupen aujourd'hui pour \"Wolves\" une f\u00eate? | Vie Associative","og_description":"La deuxi\u00e8me division de football en tant qu&rsquo;Eupen est un invit\u00e9 vendredi (20 h \/ Live on Dazn) avec la promotion de Raal La Louvi\u00e8re.","og_url":"https:\/\/vieassociative.be\/actualites\/en-tant-queupen-aujourdhui-pour-wolves-une-fete\/","og_site_name":"Vie Associative","article_published_time":"2025-02-28T14:18:26+00:00","og_image":[{"width":279,"height":92,"url":"https:\/\/vieassociative.be\/actualites\/wp-content\/uploads\/2024\/09\/header_backgroundk-01-e1726694325946.png","type":"image\/png"}],"author":"Julien","twitter_card":"summary_large_image","twitter_misc":{"\u00c9crit par":"Julien","Dur\u00e9e de lecture est.":"2 minutes"},"schema":{"@context":"https:\/\/schema.org","@graph":[{"@type":"Article","@id":"https:\/\/vieassociative.be\/actualites\/en-tant-queupen-aujourdhui-pour-wolves-une-fete\/#article","isPartOf":{"@id":"https:\/\/vieassociative.be\/actualites\/en-tant-queupen-aujourdhui-pour-wolves-une-fete\/"},"author":{"name":"Julien","@id":"https:\/\/vieassociative.be\/actualites\/#\/schema\/person\/b87ac4f82f9d4e7b7cec7395b679edc4"},"headline":"En tant qu&rsquo;Eupen aujourd&rsquo;hui pour \u00ab\u00a0Wolves\u00a0\u00bb une f\u00eate?","datePublished":"2025-02-28T14:18:26+00:00","dateModified":"2025-02-28T14:18:26+00:00","mainEntityOfPage":{"@id":"https:\/\/vieassociative.be\/actualites\/en-tant-queupen-aujourdhui-pour-wolves-une-fete\/"},"wordCount":375,"publisher":{"@id":"https:\/\/vieassociative.be\/actualites\/#organization"},"image":{"@id":"https:\/\/vieassociative.be\/actualites\/en-tant-queupen-aujourdhui-pour-wolves-une-fete\/#primaryimage"},"thumbnailUrl":"https:\/\/vieassociative.be\/actualites\/wp-content\/uploads\/2024\/12\/1733084332_Defaite-34-lAS-Eupen-sest-reveille-trop-tard.jpg","keywords":["aujourdhui","f\u00eate","pour","quEupen","tant","une","Wolves"],"articleSection":["Belgique"],"inLanguage":"fr-BE"},{"@type":"WebPage","@id":"https:\/\/vieassociative.be\/actualites\/en-tant-queupen-aujourdhui-pour-wolves-une-fete\/","url":"https:\/\/vieassociative.be\/actualites\/en-tant-queupen-aujourdhui-pour-wolves-une-fete\/","name":"En tant qu'Eupen aujourd'hui pour \"Wolves\" une f\u00eate? | Vie Associative","isPartOf":{"@id":"https:\/\/vieassociative.be\/actualites\/#website"},"primaryImageOfPage":{"@id":"https:\/\/vieassociative.be\/actualites\/en-tant-queupen-aujourdhui-pour-wolves-une-fete\/#primaryimage"},"image":{"@id":"https:\/\/vieassociative.be\/actualites\/en-tant-queupen-aujourdhui-pour-wolves-une-fete\/#primaryimage"},"thumbnailUrl":"https:\/\/vieassociative.be\/actualites\/wp-content\/uploads\/2024\/12\/1733084332_Defaite-34-lAS-Eupen-sest-reveille-trop-tard.jpg","datePublished":"2025-02-28T14:18:26+00:00","dateModified":"2025-02-28T14:18:26+00:00","breadcrumb":{"@id":"https:\/\/vieassociative.be\/actualites\/en-tant-queupen-aujourdhui-pour-wolves-une-fete\/#breadcrumb"},"inLanguage":"fr-BE","potentialAction":[{"@type":"ReadAction","target":["https:\/\/vieassociative.be\/actualites\/en-tant-queupen-aujourdhui-pour-wolves-une-fete\/"]}]},{"@type":"ImageObject","inLanguage":"fr-BE","@id":"https:\/\/vieassociative.be\/actualites\/en-tant-queupen-aujourdhui-pour-wolves-une-fete\/#primaryimage","url":"https:\/\/vieassociative.be\/actualites\/wp-content\/uploads\/2024\/12\/1733084332_Defaite-34-lAS-Eupen-sest-reveille-trop-tard.jpg","contentUrl":"https:\/\/vieassociative.be\/actualites\/wp-content\/uploads\/2024\/12\/1733084332_Defaite-34-lAS-Eupen-sest-reveille-trop-tard.jpg","width":1200,"height":822,"caption":"D\u00e9faite 3:4: l'AS Eupen s'est r\u00e9veill\u00e9 trop tard"},{"@type":"BreadcrumbList","@id":"https:\/\/vieassociative.be\/actualites\/en-tant-queupen-aujourdhui-pour-wolves-une-fete\/#breadcrumb","itemListElement":[{"@type":"ListItem","position":1,"name":"Accueil","item":"https:\/\/vieassociative.be\/actualites\/"},{"@type":"ListItem","position":2,"name":"En tant qu&rsquo;Eupen aujourd&rsquo;hui pour \u00ab\u00a0Wolves\u00a0\u00bb une f\u00eate?"}]},{"@type":"WebSite","@id":"https:\/\/vieassociative.be\/actualites\/#website","url":"https:\/\/vieassociative.be\/actualites\/","name":"Vie Associative","description":"","publisher":{"@id":"https:\/\/vieassociative.be\/actualites\/#organization"},"potentialAction":[{"@type":"SearchAction","target":{"@type":"EntryPoint","urlTemplate":"https:\/\/vieassociative.be\/actualites\/?s={search_term_string}"},"query-input":{"@type":"PropertyValueSpecification","valueRequired":true,"valueName":"search_term_string"}}],"inLanguage":"fr-BE"},{"@type":"Organization","@id":"https:\/\/vieassociative.be\/actualites\/#organization","name":"Vie Associative","url":"https:\/\/vieassociative.be\/actualites\/","logo":{"@type":"ImageObject","inLanguage":"fr-BE","@id":"https:\/\/vieassociative.be\/actualites\/#\/schema\/logo\/image\/","url":"https:\/\/vieassociative.be\/actualites\/wp-content\/uploads\/2024\/09\/cropped-vieassociative_favicon.ico.png","contentUrl":"https:\/\/vieassociative.be\/actualites\/wp-content\/uploads\/2024\/09\/cropped-vieassociative_favicon.ico.png","width":512,"height":512,"caption":"Vie Associative"},"image":{"@id":"https:\/\/vieassociative.be\/actualites\/#\/schema\/logo\/image\/"}},{"@type":"Person","@id":"https:\/\/vieassociative.be\/actualites\/#\/schema\/person\/b87ac4f82f9d4e7b7cec7395b679edc4","name":"Julien","image":{"@type":"ImageObject","inLanguage":"fr-BE","@id":"https:\/\/vieassociative.be\/actualites\/#\/schema\/person\/image\/","url":"https:\/\/vieassociative.be\/actualites\/wp-content\/uploads\/2024\/09\/vie-associative-1-150x150.jpg","contentUrl":"https:\/\/vieassociative.be\/actualites\/wp-content\/uploads\/2024\/09\/vie-associative-1-150x150.jpg","caption":"Julien"},"description":"Je suis Julien, r\u00e9dacteur pour Vie Associative. Passionn\u00e9 par le monde associatif depuis plus de 10 ans, j'ai \u00e0 c\u0153ur de partager des histoires inspirantes et de mettre en lumi\u00e8re les initiatives locales. Mon objectif est de sensibiliser et d'encourager l'engagement communautaire \u00e0 travers mes articles.","sameAs":["https:\/\/vieassociative.be\/"]}]}},"_links":{"self":[{"href":"https:\/\/vieassociative.be\/actualites\/wp-json\/wp\/v2\/posts\/5493"}],"collection":[{"href":"https:\/\/vieassociative.be\/actualites\/wp-json\/wp\/v2\/posts"}],"about":[{"href":"https:\/\/vieassociative.be\/actualites\/wp-json\/wp\/v2\/types\/post"}],"author":[{"embeddable":true,"href":"https:\/\/vieassociative.be\/actualites\/wp-json\/wp\/v2\/users\/1"}],"replies":[{"embeddable":true,"href":"https:\/\/vieassociative.be\/actualites\/wp-json\/wp\/v2\/comments?post=5493"}],"version-history":[{"count":0,"href":"https:\/\/vieassociative.be\/actualites\/wp-json\/wp\/v2\/posts\/5493\/revisions"}],"wp:featuredmedia":[{"embeddable":true,"href":"https:\/\/vieassociative.be\/actualites\/wp-json\/wp\/v2\/media\/2965"}],"wp:attachment":[{"href":"https:\/\/vieassociative.be\/actualites\/wp-json\/wp\/v2\/media?parent=5493"}],"wp:term":[{"taxonomy":"category","embeddable":true,"href":"https:\/\/vieassociative.be\/actualites\/wp-json\/wp\/v2\/categories?post=5493"},{"taxonomy":"post_tag","embeddable":true,"href":"https:\/\/vieassociative.be\/actualites\/wp-json\/wp\/v2\/tags?post=5493"}],"curies":[{"name":"wp","href":"https:\/\/api.w.org\/{rel}","templated":true}]}}