{"id":5491,"date":"2025-02-28T14:17:09","date_gmt":"2025-02-28T13:17:09","guid":{"rendered":"https:\/\/vieassociative.be\/actualites\/le-psvr-2-vaut-il-son-nouveau-prix-inferieur\/"},"modified":"2025-02-28T14:17:09","modified_gmt":"2025-02-28T13:17:09","slug":"le-psvr-2-vaut-il-son-nouveau-prix-inferieur","status":"publish","type":"post","link":"https:\/\/vieassociative.be\/actualites\/le-psvr-2-vaut-il-son-nouveau-prix-inferieur\/","title":{"rendered":"Le PSVR 2 vaut-il son nouveau prix inf\u00e9rieur?"},"content":{"rendered":"<div class=\"mt-4 leading-6 md:mb-8\">Sony r\u00e9duit le PSVR 2 par 150 $, mais est-ce suffisant pour rivaliser avec des options comme la qu\u00eate 3?<\/div>\n<p><\/p>\n<p>Le casque PlayStation VR 2 de Sony obtient une baisse du prix permanent en mars, \u00e0 400 $, contre 550 $. Cela comprendra le casque, les contr\u00f4leurs et une paire d&rsquo;\u00e9couteurs c\u00e2bl\u00e9s &#8211; mais est-ce un accord qui vaut la peine d&rsquo;\u00eatre excit\u00e9?<\/p>\n<p>Eh bien, pour Sony, peut-\u00eatre. La baisse des prix survient un an apr\u00e8s que Bloomberg a indiqu\u00e9 que Sony avait cess\u00e9 de fabriquer de nouvelles unit\u00e9s PSVR 2 et a d\u00e9plac\u00e9 les efforts pour se d\u00e9barrasser de l&rsquo;exc\u00e8s de stock. Cela indique des ventes inf\u00e9rieures \u00e0 ce que le p\u00e9riph\u00e9rie, et il est facile de voir pourquoi.<\/p>\n<p>Les loyalistes VR de Sony ont \u00e9t\u00e9 surpris d&rsquo;entendre quand le casque est sorti, par exemple, qu&rsquo;il ne fonctionnerait pas avec la biblioth\u00e8que existante de jeux con\u00e7ue pour le PSVR 1. C&rsquo;est parce que le PSVR 2 utilise une technologie de suivi et des contr\u00f4leurs am\u00e9lior\u00e9s par rapport \u00e0 la premi\u00e8re fissure de Sony \u00e0 la r\u00e9alit\u00e9 virtuelle, mais la diff\u00e9rence signifiait que les joueurs ont connu de nouveaux d\u00e9biteurs de t\u00eate. Cela signifie que les joueurs PSVR 2 ont une s\u00e9lection l\u00e9g\u00e8rement plus petite de jeux que sur d&rsquo;autres syst\u00e8mes, avec peu d&rsquo;assurance que leurs jeux continueront de fonctionner \u00e0 mesure que le mat\u00e9riel sera mis \u00e0 niveau. M\u00eame Sony Mascot Astro Bot n&rsquo;est pas encore venu au nouveau syst\u00e8me, avec <em>Astro Bot Rescue Mission<\/em> toujours coinc\u00e9 sur le PSVR 1.<\/p>\n<p>Cela ne signifie cependant pas que le casque est totalement indigne de la mise \u00e0 niveau. Il a une r\u00e9solution plus \u00e9lev\u00e9e que le PSVR 1, avec un champ de vue plus \u00e9lev\u00e9, des contr\u00f4leurs plus pr\u00e9cis et l&rsquo;ajout de suivi des yeux. Apr\u00e8s l&rsquo;avoir essay\u00e9 moi-m\u00eame, j&rsquo;\u00e9tais assez content de l&rsquo;exp\u00e9rience, mais je n&rsquo;ai pas vu grand-chose \u00e0 l&rsquo;utiliser avec la PS5.<\/p>\n<p>Heureusement, dans Time Sense sa sortie, Sony a rendu le PSVR 2 disponible pour PC, avec la sortie d&rsquo;un adaptateur de 60 $. Cela r\u00e9sout \u00e0 peu pr\u00e8s le probl\u00e8me de la biblioth\u00e8que, en supposant que vous avez un PC compatible en VR, mais il ouvre \u00e9galement le casque \u00e0 une concurrence accrue. \u00c0 savoir, bien que le PSVR 2 soit \u00e0 un prix \u00e0 prix \u00e9lev\u00e9 par rapport aux casques PCVR de luxe comme l&rsquo;indice de soupape (qui peut atteindre plus de 930 $), il doit toujours rivaliser avec les Meta Quest 3 et 3S, qui fonctionnent \u00e9galement avec PC.<\/p>\n<p>Par rapport \u00e0 ces autres appareils, si cette baisse de prix est une bonne affaire se r\u00e9sume \u00e0 vos priorit\u00e9s. Il est encore plus cher que la qu\u00eate 3S (300 $), mais il a des \u00e9crans \u00e0 plus haute r\u00e9solution et une sangle de halo int\u00e9gr\u00e9e, quelque chose que je trouve plus confortable que la sangle de qu\u00eate par d\u00e9faut. D&rsquo;un autre c\u00f4t\u00e9, il n&rsquo;a pas de processeur pour les jeux autonomes et perd des m\u00e9tadonn\u00e9es comme <em>Batman: Arkham Shadow. <\/em><\/p>\n<p>Le PSVR 2 est moins cher que la qu\u00eate r\u00e9guli\u00e8re 3 (500 $), mais vous obtenez ces m\u00eames inconv\u00e9nients ainsi que des \u00e9crans l\u00e9g\u00e8rement en r\u00e9solution. Cependant, les \u00e9crans du PSVR 2 sont OLED, et encore une fois, il est assez confortable d\u00e8s la sortie de la bo\u00eete (j&rsquo;ai \u00e9chang\u00e9 la sangle Quest 3 par d\u00e9faut pour une sangle de halo de rechange, ce qui m&rsquo;a co\u00fbt\u00e9 50 $).<\/p>\n<p>Personnellement, je pr\u00e9f\u00e9rerais voir encore 50 $ coup\u00e9s avant de commencer \u00e0 le recommander, mais cela pourrait fonctionner dans le cas de niche o\u00f9 vous ne vous souciez pas du jeu autonome et veulent juste un casque PCVR confortable qui peut parfois aussi venir dans le salon pour jouer l&rsquo;\u00e9trange exclusivit\u00e9 Sony, comme <em>Appel \u00e0 l&rsquo;horizon de la montagne<\/em>. Bloomberg a \u00e9galement signal\u00e9 qu&rsquo;Apple pourrait bient\u00f4t adopter les contr\u00f4leurs du PSVR 2 \u00e0 utiliser avec l&rsquo;Apple Vision Pro, donc obtenir un ensemble maintenant pourrait vous faire avancer le jeu si vous pr\u00e9voyez de mettre \u00e0 niveau plus tard.<\/p>\n<p>Notez que la date de d\u00e9but exacte de la baisse des prix peut varier en fonction de la r\u00e9gion, selon le blog de Sony, alors assurez-vous de v\u00e9rifier votre d\u00e9taillant local avant d&rsquo;acheter.<\/p>\n","protected":false},"excerpt":{"rendered":"<p>Sony r\u00e9duit le PSVR 2 par 150 $, mais est-ce suffisant pour rivaliser avec des options comme la qu\u00eate 3? Le casque PlayStation VR 2<\/p>\n","protected":false},"author":1,"featured_media":5492,"comment_status":"","ping_status":"","sticky":false,"template":"","format":"standard","meta":{"footnotes":""},"categories":[13],"tags":[5603,553,1399,5602,800,3807],"class_list":["post-5491","post","type-post","status-publish","format-standard","has-post-thumbnail","hentry","category-technologie","tag-inferieur","tag-nouveau","tag-prix","tag-psvr","tag-son","tag-vautil","generate-columns","tablet-grid-50","mobile-grid-100","grid-parent","grid-33"],"yoast_head":"<!-- This site is optimized with the Yoast SEO plugin v24.0 - https:\/\/yoast.com\/wordpress\/plugins\/seo\/ -->\n<title>Le PSVR 2 vaut-il son nouveau prix inf\u00e9rieur? | Vie Associative<\/title>\n<meta name=\"robots\" content=\"index, follow, max-snippet:-1, max-image-preview:large, max-video-preview:-1\" \/>\n<link rel=\"canonical\" href=\"https:\/\/vieassociative.be\/actualites\/le-psvr-2-vaut-il-son-nouveau-prix-inferieur\/\" \/>\n<meta property=\"og:locale\" content=\"fr_FR\" \/>\n<meta property=\"og:type\" content=\"article\" \/>\n<meta property=\"og:title\" content=\"Le PSVR 2 vaut-il son nouveau prix inf\u00e9rieur? | Vie Associative\" \/>\n<meta property=\"og:description\" content=\"Sony r\u00e9duit le PSVR 2 par 150 $, mais est-ce suffisant pour rivaliser avec des options comme la qu\u00eate 3? Le casque PlayStation VR 2\" \/>\n<meta property=\"og:url\" content=\"https:\/\/vieassociative.be\/actualites\/le-psvr-2-vaut-il-son-nouveau-prix-inferieur\/\" \/>\n<meta property=\"og:site_name\" content=\"Vie Associative\" \/>\n<meta property=\"article:published_time\" content=\"2025-02-28T13:17:09+00:00\" \/>\n<meta property=\"og:image\" content=\"https:\/\/vieassociative.be\/actualites\/wp-content\/uploads\/2024\/09\/header_backgroundk-01-e1726694325946.png\" \/>\n\t<meta property=\"og:image:width\" content=\"279\" \/>\n\t<meta property=\"og:image:height\" content=\"92\" \/>\n\t<meta property=\"og:image:type\" content=\"image\/png\" \/>\n<meta name=\"author\" content=\"Julien\" \/>\n<meta name=\"twitter:card\" content=\"summary_large_image\" \/>\n<meta name=\"twitter:label1\" content=\"\u00c9crit par\" \/>\n\t<meta name=\"twitter:data1\" content=\"Julien\" \/>\n\t<meta name=\"twitter:label2\" content=\"Dur\u00e9e de lecture est.\" \/>\n\t<meta name=\"twitter:data2\" content=\"4 minutes\" \/>\n<script type=\"application\/ld+json\" class=\"yoast-schema-graph\">{\"@context\":\"https:\/\/schema.org\",\"@graph\":[{\"@type\":\"Article\",\"@id\":\"https:\/\/vieassociative.be\/actualites\/le-psvr-2-vaut-il-son-nouveau-prix-inferieur\/#article\",\"isPartOf\":{\"@id\":\"https:\/\/vieassociative.be\/actualites\/le-psvr-2-vaut-il-son-nouveau-prix-inferieur\/\"},\"author\":{\"name\":\"Julien\",\"@id\":\"https:\/\/vieassociative.be\/actualites\/#\/schema\/person\/b87ac4f82f9d4e7b7cec7395b679edc4\"},\"headline\":\"Le PSVR 2 vaut-il son nouveau prix inf\u00e9rieur?\",\"datePublished\":\"2025-02-28T13:17:09+00:00\",\"dateModified\":\"2025-02-28T13:17:09+00:00\",\"mainEntityOfPage\":{\"@id\":\"https:\/\/vieassociative.be\/actualites\/le-psvr-2-vaut-il-son-nouveau-prix-inferieur\/\"},\"wordCount\":750,\"publisher\":{\"@id\":\"https:\/\/vieassociative.be\/actualites\/#organization\"},\"image\":{\"@id\":\"https:\/\/vieassociative.be\/actualites\/le-psvr-2-vaut-il-son-nouveau-prix-inferieur\/#primaryimage\"},\"thumbnailUrl\":\"https:\/\/vieassociative.be\/actualites\/wp-content\/uploads\/2025\/02\/Le-PSVR-2-vaut-il-son-nouveau-prix-inferieur.webp.webp\",\"keywords\":[\"inf\u00e9rieur\",\"nouveau\",\"prix\",\"PSVR\",\"son\",\"vautil\"],\"articleSection\":[\"Technologie\"],\"inLanguage\":\"fr-BE\"},{\"@type\":\"WebPage\",\"@id\":\"https:\/\/vieassociative.be\/actualites\/le-psvr-2-vaut-il-son-nouveau-prix-inferieur\/\",\"url\":\"https:\/\/vieassociative.be\/actualites\/le-psvr-2-vaut-il-son-nouveau-prix-inferieur\/\",\"name\":\"Le PSVR 2 vaut-il son nouveau prix inf\u00e9rieur? | Vie Associative\",\"isPartOf\":{\"@id\":\"https:\/\/vieassociative.be\/actualites\/#website\"},\"primaryImageOfPage\":{\"@id\":\"https:\/\/vieassociative.be\/actualites\/le-psvr-2-vaut-il-son-nouveau-prix-inferieur\/#primaryimage\"},\"image\":{\"@id\":\"https:\/\/vieassociative.be\/actualites\/le-psvr-2-vaut-il-son-nouveau-prix-inferieur\/#primaryimage\"},\"thumbnailUrl\":\"https:\/\/vieassociative.be\/actualites\/wp-content\/uploads\/2025\/02\/Le-PSVR-2-vaut-il-son-nouveau-prix-inferieur.webp.webp\",\"datePublished\":\"2025-02-28T13:17:09+00:00\",\"dateModified\":\"2025-02-28T13:17:09+00:00\",\"breadcrumb\":{\"@id\":\"https:\/\/vieassociative.be\/actualites\/le-psvr-2-vaut-il-son-nouveau-prix-inferieur\/#breadcrumb\"},\"inLanguage\":\"fr-BE\",\"potentialAction\":[{\"@type\":\"ReadAction\",\"target\":[\"https:\/\/vieassociative.be\/actualites\/le-psvr-2-vaut-il-son-nouveau-prix-inferieur\/\"]}]},{\"@type\":\"ImageObject\",\"inLanguage\":\"fr-BE\",\"@id\":\"https:\/\/vieassociative.be\/actualites\/le-psvr-2-vaut-il-son-nouveau-prix-inferieur\/#primaryimage\",\"url\":\"https:\/\/vieassociative.be\/actualites\/wp-content\/uploads\/2025\/02\/Le-PSVR-2-vaut-il-son-nouveau-prix-inferieur.webp.webp\",\"contentUrl\":\"https:\/\/vieassociative.be\/actualites\/wp-content\/uploads\/2025\/02\/Le-PSVR-2-vaut-il-son-nouveau-prix-inferieur.webp.webp\",\"width\":1200,\"height\":675,\"caption\":\"Le PSVR 2 vaut-il son nouveau prix inf\u00e9rieur?\"},{\"@type\":\"BreadcrumbList\",\"@id\":\"https:\/\/vieassociative.be\/actualites\/le-psvr-2-vaut-il-son-nouveau-prix-inferieur\/#breadcrumb\",\"itemListElement\":[{\"@type\":\"ListItem\",\"position\":1,\"name\":\"Accueil\",\"item\":\"https:\/\/vieassociative.be\/actualites\/\"},{\"@type\":\"ListItem\",\"position\":2,\"name\":\"Le PSVR 2 vaut-il son nouveau prix inf\u00e9rieur?\"}]},{\"@type\":\"WebSite\",\"@id\":\"https:\/\/vieassociative.be\/actualites\/#website\",\"url\":\"https:\/\/vieassociative.be\/actualites\/\",\"name\":\"Vie Associative\",\"description\":\"\",\"publisher\":{\"@id\":\"https:\/\/vieassociative.be\/actualites\/#organization\"},\"potentialAction\":[{\"@type\":\"SearchAction\",\"target\":{\"@type\":\"EntryPoint\",\"urlTemplate\":\"https:\/\/vieassociative.be\/actualites\/?s={search_term_string}\"},\"query-input\":{\"@type\":\"PropertyValueSpecification\",\"valueRequired\":true,\"valueName\":\"search_term_string\"}}],\"inLanguage\":\"fr-BE\"},{\"@type\":\"Organization\",\"@id\":\"https:\/\/vieassociative.be\/actualites\/#organization\",\"name\":\"Vie Associative\",\"url\":\"https:\/\/vieassociative.be\/actualites\/\",\"logo\":{\"@type\":\"ImageObject\",\"inLanguage\":\"fr-BE\",\"@id\":\"https:\/\/vieassociative.be\/actualites\/#\/schema\/logo\/image\/\",\"url\":\"https:\/\/vieassociative.be\/actualites\/wp-content\/uploads\/2024\/09\/cropped-vieassociative_favicon.ico.png\",\"contentUrl\":\"https:\/\/vieassociative.be\/actualites\/wp-content\/uploads\/2024\/09\/cropped-vieassociative_favicon.ico.png\",\"width\":512,\"height\":512,\"caption\":\"Vie Associative\"},\"image\":{\"@id\":\"https:\/\/vieassociative.be\/actualites\/#\/schema\/logo\/image\/\"}},{\"@type\":\"Person\",\"@id\":\"https:\/\/vieassociative.be\/actualites\/#\/schema\/person\/b87ac4f82f9d4e7b7cec7395b679edc4\",\"name\":\"Julien\",\"image\":{\"@type\":\"ImageObject\",\"inLanguage\":\"fr-BE\",\"@id\":\"https:\/\/vieassociative.be\/actualites\/#\/schema\/person\/image\/\",\"url\":\"https:\/\/vieassociative.be\/actualites\/wp-content\/uploads\/2024\/09\/vie-associative-1-150x150.jpg\",\"contentUrl\":\"https:\/\/vieassociative.be\/actualites\/wp-content\/uploads\/2024\/09\/vie-associative-1-150x150.jpg\",\"caption\":\"Julien\"},\"description\":\"Je suis Julien, r\u00e9dacteur pour Vie Associative. Passionn\u00e9 par le monde associatif depuis plus de 10 ans, j'ai \u00e0 c\u0153ur de partager des histoires inspirantes et de mettre en lumi\u00e8re les initiatives locales. Mon objectif est de sensibiliser et d'encourager l'engagement communautaire \u00e0 travers mes articles.\",\"sameAs\":[\"https:\/\/vieassociative.be\/\"]}]}<\/script>\n<!-- \/ Yoast SEO plugin. -->","yoast_head_json":{"title":"Le PSVR 2 vaut-il son nouveau prix inf\u00e9rieur? | Vie Associative","robots":{"index":"index","follow":"follow","max-snippet":"max-snippet:-1","max-image-preview":"max-image-preview:large","max-video-preview":"max-video-preview:-1"},"canonical":"https:\/\/vieassociative.be\/actualites\/le-psvr-2-vaut-il-son-nouveau-prix-inferieur\/","og_locale":"fr_FR","og_type":"article","og_title":"Le PSVR 2 vaut-il son nouveau prix inf\u00e9rieur? | Vie Associative","og_description":"Sony r\u00e9duit le PSVR 2 par 150 $, mais est-ce suffisant pour rivaliser avec des options comme la qu\u00eate 3? Le casque PlayStation VR 2","og_url":"https:\/\/vieassociative.be\/actualites\/le-psvr-2-vaut-il-son-nouveau-prix-inferieur\/","og_site_name":"Vie Associative","article_published_time":"2025-02-28T13:17:09+00:00","og_image":[{"width":279,"height":92,"url":"https:\/\/vieassociative.be\/actualites\/wp-content\/uploads\/2024\/09\/header_backgroundk-01-e1726694325946.png","type":"image\/png"}],"author":"Julien","twitter_card":"summary_large_image","twitter_misc":{"\u00c9crit par":"Julien","Dur\u00e9e de lecture est.":"4 minutes"},"schema":{"@context":"https:\/\/schema.org","@graph":[{"@type":"Article","@id":"https:\/\/vieassociative.be\/actualites\/le-psvr-2-vaut-il-son-nouveau-prix-inferieur\/#article","isPartOf":{"@id":"https:\/\/vieassociative.be\/actualites\/le-psvr-2-vaut-il-son-nouveau-prix-inferieur\/"},"author":{"name":"Julien","@id":"https:\/\/vieassociative.be\/actualites\/#\/schema\/person\/b87ac4f82f9d4e7b7cec7395b679edc4"},"headline":"Le PSVR 2 vaut-il son nouveau prix inf\u00e9rieur?","datePublished":"2025-02-28T13:17:09+00:00","dateModified":"2025-02-28T13:17:09+00:00","mainEntityOfPage":{"@id":"https:\/\/vieassociative.be\/actualites\/le-psvr-2-vaut-il-son-nouveau-prix-inferieur\/"},"wordCount":750,"publisher":{"@id":"https:\/\/vieassociative.be\/actualites\/#organization"},"image":{"@id":"https:\/\/vieassociative.be\/actualites\/le-psvr-2-vaut-il-son-nouveau-prix-inferieur\/#primaryimage"},"thumbnailUrl":"https:\/\/vieassociative.be\/actualites\/wp-content\/uploads\/2025\/02\/Le-PSVR-2-vaut-il-son-nouveau-prix-inferieur.webp.webp","keywords":["inf\u00e9rieur","nouveau","prix","PSVR","son","vautil"],"articleSection":["Technologie"],"inLanguage":"fr-BE"},{"@type":"WebPage","@id":"https:\/\/vieassociative.be\/actualites\/le-psvr-2-vaut-il-son-nouveau-prix-inferieur\/","url":"https:\/\/vieassociative.be\/actualites\/le-psvr-2-vaut-il-son-nouveau-prix-inferieur\/","name":"Le PSVR 2 vaut-il son nouveau prix inf\u00e9rieur? | Vie Associative","isPartOf":{"@id":"https:\/\/vieassociative.be\/actualites\/#website"},"primaryImageOfPage":{"@id":"https:\/\/vieassociative.be\/actualites\/le-psvr-2-vaut-il-son-nouveau-prix-inferieur\/#primaryimage"},"image":{"@id":"https:\/\/vieassociative.be\/actualites\/le-psvr-2-vaut-il-son-nouveau-prix-inferieur\/#primaryimage"},"thumbnailUrl":"https:\/\/vieassociative.be\/actualites\/wp-content\/uploads\/2025\/02\/Le-PSVR-2-vaut-il-son-nouveau-prix-inferieur.webp.webp","datePublished":"2025-02-28T13:17:09+00:00","dateModified":"2025-02-28T13:17:09+00:00","breadcrumb":{"@id":"https:\/\/vieassociative.be\/actualites\/le-psvr-2-vaut-il-son-nouveau-prix-inferieur\/#breadcrumb"},"inLanguage":"fr-BE","potentialAction":[{"@type":"ReadAction","target":["https:\/\/vieassociative.be\/actualites\/le-psvr-2-vaut-il-son-nouveau-prix-inferieur\/"]}]},{"@type":"ImageObject","inLanguage":"fr-BE","@id":"https:\/\/vieassociative.be\/actualites\/le-psvr-2-vaut-il-son-nouveau-prix-inferieur\/#primaryimage","url":"https:\/\/vieassociative.be\/actualites\/wp-content\/uploads\/2025\/02\/Le-PSVR-2-vaut-il-son-nouveau-prix-inferieur.webp.webp","contentUrl":"https:\/\/vieassociative.be\/actualites\/wp-content\/uploads\/2025\/02\/Le-PSVR-2-vaut-il-son-nouveau-prix-inferieur.webp.webp","width":1200,"height":675,"caption":"Le PSVR 2 vaut-il son nouveau prix inf\u00e9rieur?"},{"@type":"BreadcrumbList","@id":"https:\/\/vieassociative.be\/actualites\/le-psvr-2-vaut-il-son-nouveau-prix-inferieur\/#breadcrumb","itemListElement":[{"@type":"ListItem","position":1,"name":"Accueil","item":"https:\/\/vieassociative.be\/actualites\/"},{"@type":"ListItem","position":2,"name":"Le PSVR 2 vaut-il son nouveau prix inf\u00e9rieur?"}]},{"@type":"WebSite","@id":"https:\/\/vieassociative.be\/actualites\/#website","url":"https:\/\/vieassociative.be\/actualites\/","name":"Vie Associative","description":"","publisher":{"@id":"https:\/\/vieassociative.be\/actualites\/#organization"},"potentialAction":[{"@type":"SearchAction","target":{"@type":"EntryPoint","urlTemplate":"https:\/\/vieassociative.be\/actualites\/?s={search_term_string}"},"query-input":{"@type":"PropertyValueSpecification","valueRequired":true,"valueName":"search_term_string"}}],"inLanguage":"fr-BE"},{"@type":"Organization","@id":"https:\/\/vieassociative.be\/actualites\/#organization","name":"Vie Associative","url":"https:\/\/vieassociative.be\/actualites\/","logo":{"@type":"ImageObject","inLanguage":"fr-BE","@id":"https:\/\/vieassociative.be\/actualites\/#\/schema\/logo\/image\/","url":"https:\/\/vieassociative.be\/actualites\/wp-content\/uploads\/2024\/09\/cropped-vieassociative_favicon.ico.png","contentUrl":"https:\/\/vieassociative.be\/actualites\/wp-content\/uploads\/2024\/09\/cropped-vieassociative_favicon.ico.png","width":512,"height":512,"caption":"Vie Associative"},"image":{"@id":"https:\/\/vieassociative.be\/actualites\/#\/schema\/logo\/image\/"}},{"@type":"Person","@id":"https:\/\/vieassociative.be\/actualites\/#\/schema\/person\/b87ac4f82f9d4e7b7cec7395b679edc4","name":"Julien","image":{"@type":"ImageObject","inLanguage":"fr-BE","@id":"https:\/\/vieassociative.be\/actualites\/#\/schema\/person\/image\/","url":"https:\/\/vieassociative.be\/actualites\/wp-content\/uploads\/2024\/09\/vie-associative-1-150x150.jpg","contentUrl":"https:\/\/vieassociative.be\/actualites\/wp-content\/uploads\/2024\/09\/vie-associative-1-150x150.jpg","caption":"Julien"},"description":"Je suis Julien, r\u00e9dacteur pour Vie Associative. Passionn\u00e9 par le monde associatif depuis plus de 10 ans, j'ai \u00e0 c\u0153ur de partager des histoires inspirantes et de mettre en lumi\u00e8re les initiatives locales. Mon objectif est de sensibiliser et d'encourager l'engagement communautaire \u00e0 travers mes articles.","sameAs":["https:\/\/vieassociative.be\/"]}]}},"_links":{"self":[{"href":"https:\/\/vieassociative.be\/actualites\/wp-json\/wp\/v2\/posts\/5491"}],"collection":[{"href":"https:\/\/vieassociative.be\/actualites\/wp-json\/wp\/v2\/posts"}],"about":[{"href":"https:\/\/vieassociative.be\/actualites\/wp-json\/wp\/v2\/types\/post"}],"author":[{"embeddable":true,"href":"https:\/\/vieassociative.be\/actualites\/wp-json\/wp\/v2\/users\/1"}],"replies":[{"embeddable":true,"href":"https:\/\/vieassociative.be\/actualites\/wp-json\/wp\/v2\/comments?post=5491"}],"version-history":[{"count":0,"href":"https:\/\/vieassociative.be\/actualites\/wp-json\/wp\/v2\/posts\/5491\/revisions"}],"wp:featuredmedia":[{"embeddable":true,"href":"https:\/\/vieassociative.be\/actualites\/wp-json\/wp\/v2\/media\/5492"}],"wp:attachment":[{"href":"https:\/\/vieassociative.be\/actualites\/wp-json\/wp\/v2\/media?parent=5491"}],"wp:term":[{"taxonomy":"category","embeddable":true,"href":"https:\/\/vieassociative.be\/actualites\/wp-json\/wp\/v2\/categories?post=5491"},{"taxonomy":"post_tag","embeddable":true,"href":"https:\/\/vieassociative.be\/actualites\/wp-json\/wp\/v2\/tags?post=5491"}],"curies":[{"name":"wp","href":"https:\/\/api.w.org\/{rel}","templated":true}]}}