{"id":5486,"date":"2025-02-28T11:20:09","date_gmt":"2025-02-28T10:20:09","guid":{"rendered":"https:\/\/vieassociative.be\/actualites\/quest-ce-que-les-gens-se-trompent-cette-semaine-disney-a-t-il-annule-la-cloche-brillante\/"},"modified":"2025-02-28T11:20:09","modified_gmt":"2025-02-28T10:20:09","slug":"quest-ce-que-les-gens-se-trompent-cette-semaine-disney-a-t-il-annule-la-cloche-brillante","status":"publish","type":"post","link":"https:\/\/vieassociative.be\/actualites\/quest-ce-que-les-gens-se-trompent-cette-semaine-disney-a-t-il-annule-la-cloche-brillante\/","title":{"rendered":"Qu&rsquo;est-ce que les gens se trompent cette semaine: Disney a-t-il \u00abannul\u00e9\u00bb la cloche brillante?"},"content":{"rendered":"<div class=\"mt-4 leading-6 md:mb-8\">Pour arriver \u00e0 la v\u00e9rit\u00e9, j&rsquo;ai fait du journalisme d&rsquo;investigation.<\/div>\n<p><\/p>\n<p>Cette semaine, les agendas de personnes sur X, les programmes de radio de droite et les blogs de fans de Disney se sont r\u00e9unis pour former une voltron d&rsquo;horreur autour d&rsquo;un seul num\u00e9ro: Disney annulant la cloche de l&rsquo;ic\u00f4ne de Disney bien-aim\u00e9e par manque de d\u00e9verrouillage.<\/p>\n<p>\u00ab\u00a0Woke d\u00e9truit tout. Pas \u00e9tonnant que la sant\u00e9 mentale diminue\u00a0\u00bb, utilisateur x <a rel=\"nofollow noopener\" href=\"https:\/\/twitter.com\/truththerapist\/status\/1790028177181442381\" target=\"_blank\" title=\"open in a new window\">Pamela Garfield-Jaeger, LCSW<\/a> Publi\u00e9 en r\u00e9action \u00e0 la nouvelle.  <\/p>\n<p>\u00ab\u00a0Oh geez\u00a0\u00bb, a d\u00e9clar\u00e9 le commentateur politique \/ Ghoul Tomi Lahren sur Fox New Radio, \u00ab\u00a0nous y allons \u00e0 nouveau avec la surcharge du politiquement correct qui ruine litt\u00e9ralement tout innocent et amusant.\u00a0\u00bb <\/p>\n<p>Ben Shapiro a publi\u00e9 une vid\u00e9o YouTube intitul\u00e9e \u00ab\u00a0Disney efface Tinker Bell\u00a0\u00bb. (Je ne sais pas ce qu&rsquo;il a dit \u00e0 propos de Tinker Bell en particulier parce qu&rsquo;il commence sa vid\u00e9o en annon\u00e7ant: \u00ab\u00a0Il y a deux visions de la soci\u00e9t\u00e9 occidentale qui sont actuellement sur la table &#8211;\u00a0\u00bb Et j&rsquo;ai eu un accident vasculaire c\u00e9r\u00e9bral et je suis mort.)<\/p>\n<p>Mais <em>est<\/em> tout innocent et amusant d&rsquo;\u00eatre litt\u00e9ralement ruin\u00e9, comme <em>vraiment<\/em>? Pour arriver \u00e0 la v\u00e9rit\u00e9, j&rsquo;ai fait un journalisme d&rsquo;investigation en visitant le site Web de Disneyland et j&rsquo;ai appris que Bell est pr\u00e9vu pour une rencontre \u00e0 Pixie Hollow demain entre 8 h 15 \u00e0 10 h 30 et 11 h 15 \u00e0 14 h 30. J&rsquo;ai \u00e9galement v\u00e9rifi\u00e9 Snopes, la source de toutes les v\u00e9rifications des faits. <\/p>\n<div class=\"eloquent-imagery-image\">\n<div class=\"flex justify-center\">\n                    <img decoding=\"async\" class=\"border border-gray-100\" src=\"https:\/\/vieassociative.be\/actualites\/wp-content\/uploads\/2025\/02\/Quest-ce-que-les-gens-se-trompent-cette-semaine-Disney-a-t-il.png\" alt=\"Horaire de Tinkerbell \u00e0 Disneyland\" width=\"2000\" height=\"1016\" loading=\"lazy\"  >\n            <\/div>\n<\/p><\/div>\n<p>Donc non. Malgr\u00e9 la montagne des innocents et des z\u00e9ros qui ont \u00e9t\u00e9 gaspill\u00e9s pour r\u00e9pandre cette histoire sur Internet, Disney ne retire rien de Tinker Bell de rien. Vous pouvez toujours diffuser <em>Peter Pan<\/em> du service de streaming Disney +. Vous pouvez toujours rencontrer Tinker Bell \u00e0 Disney Parks. Elle propage toujours des paillettes sur les vid\u00e9os Intros aux Disney et fonctionne \u00e0 tous points de vue comme de la mascotte pour la Disney Corporation.<\/p>\n<h2 id=\"why-do-people-think-tinker-bell-is-canceled\">Pourquoi les gens pensent-ils que Tinker Bell est annul\u00e9? <\/h2>\n<p>La rumeur a une histoire qui remonte \u00e0 des ann\u00e9es. De retour en 2022, le New York Times<em> <\/em>Publi\u00e9 un article qui a abord\u00e9 le processus de r\u00e9vision que Disney utilise pour le contenu qui appara\u00eet sur le service Disney + Streaming. Il cite les dirigeants sans nom de Disney disant: \u00ab\u00a0Tinker Bell a \u00e9t\u00e9 marqu\u00e9 pour prudence parce qu&rsquo;elle est\u00a0\u00bb soucieuse du corps \u00ab\u00a0et jalouse de l&rsquo;attention de Peter Pan\u00a0\u00bb, et l&rsquo;incluant dans une liste de personnages et de contenu potentiellement probl\u00e9matiques.<\/p>\n<p>Avance rapide jusqu&rsquo;au 3 mai 2024, lorsque le blog de Disney WDW News a publi\u00e9 une histoire intitul\u00e9e \u00ab\u00a0Tinker Bell Meet &#038; Greet Signs retir\u00e9 du Town Square Theatre\u00a0\u00bb. <\/p>\n<p>Le 7 mai, TheStreet.com a publi\u00e9 un article qui stipule: \u00ab\u00a0Disney World a tranquillement hach\u00e9 l&rsquo;un de ses personnages classiques de faire des rencontres au parc.\u00a0\u00bb<\/p>\n<p>Le 9 mai, certains Rando sur Facebook ont \u200b\u200bpubli\u00e9 (puis supprim\u00e9) une citation invent\u00e9e d&rsquo;un \u00abDisney Executive\u00bb, et les Warriors de la culture avaient suffisamment de preuves.<\/p>\n<p>Si vous mettez toutes ces pi\u00e8ces ensemble, filtrez-la \u00e0 travers une lentille de parano\u00efa et plissez les yeux, vous pouvez en quelque sorte voir comment cela s&rsquo;ajoute \u00e0 \u00ab\u00a0Tinker Bell est annul\u00e9\u00a0\u00bb. (Tout cela semble \u00eatre beaucoup de travail par rapport \u00e0 \u00ab\u00a0v\u00e9rifier le site Web de Disney Land pour le calendrier de Tinker Bell\u00a0\u00bb, cependant.)<\/p>\n<h2 id=\"maybe-disney-should-cancel-tinker-bell\">Peut-\u00eatre que Disney <em>devrait<\/em> Annuler la cloche de bricoleur<\/h2>\n<p>Pour autant que je sache sur Tinker Bell, elle semble bien. Je ne pense pas que quiconque ait un probl\u00e8me avec elle (sauf quand elle boit), mais si elle <em>non<\/em> Tr\u00e8s bien, j&rsquo;esp\u00e8re que Disney l&rsquo;annule rapidement. Les go\u00fbts culturels changent. Quelque chose peut \u00eatre innocent et inoffensif pour une g\u00e9n\u00e9ration et totalement inacceptable pour le suivant. Les adultes (id\u00e9alement) peuvent mettre les choses en contexte et d\u00e9cider ce qui est acceptable pour eux-m\u00eames, mais les enfants ne le peuvent pas. Donc, si Tinker Bell encourage les petites filles \u00e0 se sentir mal \u00e0 propos de leur corps ou quelque chose, je esp\u00e9rons que Disney la d\u00e9passerait de leur parc, mettrait des clause de non-responsabilit\u00e9 sur ses films et la pousserait doucement sur un floe de glace. Et j&rsquo;esp\u00e8re qu&rsquo;ils le feraient rapidement. Bien que l&rsquo;entreprise ne soit pas <em>contre<\/em> Annuler les choses pour des raisons culturelles, ils prennent certainement leur temps: il y a encore du vestige <em>Chant du sud<\/em> Des restes dans les parcs Disney en 2024, et tout le monde a su que le film \u00e9tait raciste depuis qu&rsquo;Adam Clayton Powell l&rsquo;a dit en <em>1947<\/em>. <\/p>\n<p>Malgr\u00e9 les cat\u00e9gorisations en tant qu&#8217;empire mal\u00e9fique s&rsquo;attaquant aux enfants, la Disney Corporation n&rsquo;est qu&rsquo;une entreprise qui essaie de gagner de l&rsquo;argent, donc il n&rsquo;y a pas <em>dents<\/em> Derri\u00e8re l&rsquo;une des d\u00e9cisions \u00e9ditoriales qu&rsquo;ils prennent sur leur propri\u00e9t\u00e9 intellectuelle. C&rsquo;est juste l&rsquo;essentiel. <\/p>\n<p>C&rsquo;est une grande d\u00e9ception pour moi, personnellement. Si j&rsquo;avais mon souhait, Disney serait la t\u00eate de la culture de l&rsquo;annulation. Je veux qu&rsquo;ils annulent des choses qui sont en faillite de mani\u00e8re cr\u00e9ative, comme l&rsquo;ensemble de l&rsquo;univers cin\u00e9matographique Marvel. Ensuite, ils devraient annuler des choses qui n&rsquo;ont m\u00eame pas de sens, comme ce petit vieil homme de <em>En haut<\/em>juste parce que ce serait dr\u00f4le. <\/p>\n<p>Faites quoi que ce soit, Disney. Annuler ce 500 millions de dollars <em>Star Wars<\/em> H\u00f4tel (oups. Trop tard.) Annuler ma dette de carte de cr\u00e9dit. Devenir fou avec. Mais surtout, Disney, je veux que vous annuliez tout ce que Tomi Lahren et Ben Shapiro et leurs semblables sont chers. Mickey, Minnie, tous. Je veux que Disney dise que c&rsquo;est parce que parler des animaux pourrait d\u00e9ranger PETA, ou que Donald Duck ne porte pas de pantalon est trop suggestif (je veux dire, il fait assez chaud, ne va pas mentir). Les gens de droite parlent toujours de boycotter Disney, mais ils ne semblent jamais s&rsquo;arr\u00eater <em>se pr\u00e9senter<\/em>. Peut-\u00eatre que ce serait la pouss\u00e9e dont ils ont besoin, afin qu&rsquo;ils puissent cesser d&rsquo;\u00eatre devant moi en ligne au manoir hant\u00e9.  <\/p>\n<p><script async src=\"https:\/\/platform.twitter.com\/widgets.js\" charset=\"utf-8\"><\/script><\/p>\n","protected":false},"excerpt":{"rendered":"<p>Pour arriver \u00e0 la v\u00e9rit\u00e9, j&rsquo;ai fait du journalisme d&rsquo;investigation. Cette semaine, les agendas de personnes sur X, les programmes de radio de droite et<\/p>\n","protected":false},"author":1,"featured_media":5487,"comment_status":"","ping_status":"","sticky":false,"template":"","format":"standard","meta":{"footnotes":""},"categories":[36],"tags":[4600,3142,5601,206,5600,1893,1046,14,2006,1348,2469],"class_list":["post-5486","post","type-post","status-publish","format-standard","has-post-thumbnail","hentry","category-divertissement","tag-annule","tag-atil","tag-brillante","tag-cette","tag-cloche","tag-disney","tag-gens","tag-les","tag-questce","tag-semaine","tag-trompent","generate-columns","tablet-grid-50","mobile-grid-100","grid-parent","grid-33"],"yoast_head":"<!-- This site is optimized with the Yoast SEO plugin v24.0 - https:\/\/yoast.com\/wordpress\/plugins\/seo\/ -->\n<title>Qu&#039;est-ce que les gens se trompent cette semaine: Disney a-t-il \u00abannul\u00e9\u00bb la cloche brillante? | Vie Associative<\/title>\n<meta name=\"robots\" content=\"index, follow, max-snippet:-1, max-image-preview:large, max-video-preview:-1\" \/>\n<link rel=\"canonical\" href=\"https:\/\/vieassociative.be\/actualites\/quest-ce-que-les-gens-se-trompent-cette-semaine-disney-a-t-il-annule-la-cloche-brillante\/\" \/>\n<meta property=\"og:locale\" content=\"fr_FR\" \/>\n<meta property=\"og:type\" content=\"article\" \/>\n<meta property=\"og:title\" content=\"Qu&#039;est-ce que les gens se trompent cette semaine: Disney a-t-il \u00abannul\u00e9\u00bb la cloche brillante? | Vie Associative\" \/>\n<meta property=\"og:description\" content=\"Pour arriver \u00e0 la v\u00e9rit\u00e9, j&rsquo;ai fait du journalisme d&rsquo;investigation. Cette semaine, les agendas de personnes sur X, les programmes de radio de droite et\" \/>\n<meta property=\"og:url\" content=\"https:\/\/vieassociative.be\/actualites\/quest-ce-que-les-gens-se-trompent-cette-semaine-disney-a-t-il-annule-la-cloche-brillante\/\" \/>\n<meta property=\"og:site_name\" content=\"Vie Associative\" \/>\n<meta property=\"article:published_time\" content=\"2025-02-28T10:20:09+00:00\" \/>\n<meta property=\"og:image\" content=\"https:\/\/vieassociative.be\/actualites\/wp-content\/uploads\/2025\/02\/Quest-ce-que-les-gens-se-trompent-cette-semaine-Disney-a-t-il.png\" \/>\n<meta name=\"author\" content=\"Julien\" \/>\n<meta name=\"twitter:card\" content=\"summary_large_image\" \/>\n<meta name=\"twitter:label1\" content=\"\u00c9crit par\" \/>\n\t<meta name=\"twitter:data1\" content=\"Julien\" \/>\n\t<meta name=\"twitter:label2\" content=\"Dur\u00e9e de lecture est.\" \/>\n\t<meta name=\"twitter:data2\" content=\"5 minutes\" \/>\n<script type=\"application\/ld+json\" class=\"yoast-schema-graph\">{\"@context\":\"https:\/\/schema.org\",\"@graph\":[{\"@type\":\"Article\",\"@id\":\"https:\/\/vieassociative.be\/actualites\/quest-ce-que-les-gens-se-trompent-cette-semaine-disney-a-t-il-annule-la-cloche-brillante\/#article\",\"isPartOf\":{\"@id\":\"https:\/\/vieassociative.be\/actualites\/quest-ce-que-les-gens-se-trompent-cette-semaine-disney-a-t-il-annule-la-cloche-brillante\/\"},\"author\":{\"name\":\"Julien\",\"@id\":\"https:\/\/vieassociative.be\/actualites\/#\/schema\/person\/b87ac4f82f9d4e7b7cec7395b679edc4\"},\"headline\":\"Qu&rsquo;est-ce que les gens se trompent cette semaine: Disney a-t-il \u00abannul\u00e9\u00bb la cloche brillante?\",\"datePublished\":\"2025-02-28T10:20:09+00:00\",\"dateModified\":\"2025-02-28T10:20:09+00:00\",\"mainEntityOfPage\":{\"@id\":\"https:\/\/vieassociative.be\/actualites\/quest-ce-que-les-gens-se-trompent-cette-semaine-disney-a-t-il-annule-la-cloche-brillante\/\"},\"wordCount\":1074,\"publisher\":{\"@id\":\"https:\/\/vieassociative.be\/actualites\/#organization\"},\"image\":{\"@id\":\"https:\/\/vieassociative.be\/actualites\/quest-ce-que-les-gens-se-trompent-cette-semaine-disney-a-t-il-annule-la-cloche-brillante\/#primaryimage\"},\"thumbnailUrl\":\"https:\/\/vieassociative.be\/actualites\/wp-content\/uploads\/2025\/02\/1740738011_Quest-ce-que-les-gens-se-trompent-cette-semaine-Disney-a-t-il.png\",\"keywords\":[\"annul\u00e9\",\"atil\",\"brillante\",\"cette\",\"cloche\",\"Disney\",\"gens\",\"Les\",\"Questce\",\"semaine\",\"trompent\"],\"articleSection\":[\"Divertissement\"],\"inLanguage\":\"fr-BE\"},{\"@type\":\"WebPage\",\"@id\":\"https:\/\/vieassociative.be\/actualites\/quest-ce-que-les-gens-se-trompent-cette-semaine-disney-a-t-il-annule-la-cloche-brillante\/\",\"url\":\"https:\/\/vieassociative.be\/actualites\/quest-ce-que-les-gens-se-trompent-cette-semaine-disney-a-t-il-annule-la-cloche-brillante\/\",\"name\":\"Qu'est-ce que les gens se trompent cette semaine: Disney a-t-il \u00abannul\u00e9\u00bb la cloche brillante? | Vie Associative\",\"isPartOf\":{\"@id\":\"https:\/\/vieassociative.be\/actualites\/#website\"},\"primaryImageOfPage\":{\"@id\":\"https:\/\/vieassociative.be\/actualites\/quest-ce-que-les-gens-se-trompent-cette-semaine-disney-a-t-il-annule-la-cloche-brillante\/#primaryimage\"},\"image\":{\"@id\":\"https:\/\/vieassociative.be\/actualites\/quest-ce-que-les-gens-se-trompent-cette-semaine-disney-a-t-il-annule-la-cloche-brillante\/#primaryimage\"},\"thumbnailUrl\":\"https:\/\/vieassociative.be\/actualites\/wp-content\/uploads\/2025\/02\/1740738011_Quest-ce-que-les-gens-se-trompent-cette-semaine-Disney-a-t-il.png\",\"datePublished\":\"2025-02-28T10:20:09+00:00\",\"dateModified\":\"2025-02-28T10:20:09+00:00\",\"breadcrumb\":{\"@id\":\"https:\/\/vieassociative.be\/actualites\/quest-ce-que-les-gens-se-trompent-cette-semaine-disney-a-t-il-annule-la-cloche-brillante\/#breadcrumb\"},\"inLanguage\":\"fr-BE\",\"potentialAction\":[{\"@type\":\"ReadAction\",\"target\":[\"https:\/\/vieassociative.be\/actualites\/quest-ce-que-les-gens-se-trompent-cette-semaine-disney-a-t-il-annule-la-cloche-brillante\/\"]}]},{\"@type\":\"ImageObject\",\"inLanguage\":\"fr-BE\",\"@id\":\"https:\/\/vieassociative.be\/actualites\/quest-ce-que-les-gens-se-trompent-cette-semaine-disney-a-t-il-annule-la-cloche-brillante\/#primaryimage\",\"url\":\"https:\/\/vieassociative.be\/actualites\/wp-content\/uploads\/2025\/02\/1740738011_Quest-ce-que-les-gens-se-trompent-cette-semaine-Disney-a-t-il.png\",\"contentUrl\":\"https:\/\/vieassociative.be\/actualites\/wp-content\/uploads\/2025\/02\/1740738011_Quest-ce-que-les-gens-se-trompent-cette-semaine-Disney-a-t-il.png\",\"width\":1200,\"height\":675,\"caption\":\"Qu'est-ce que les gens se trompent cette semaine: Disney a-t-il \u00abannul\u00e9\u00bb la cloche brillante?\"},{\"@type\":\"BreadcrumbList\",\"@id\":\"https:\/\/vieassociative.be\/actualites\/quest-ce-que-les-gens-se-trompent-cette-semaine-disney-a-t-il-annule-la-cloche-brillante\/#breadcrumb\",\"itemListElement\":[{\"@type\":\"ListItem\",\"position\":1,\"name\":\"Accueil\",\"item\":\"https:\/\/vieassociative.be\/actualites\/\"},{\"@type\":\"ListItem\",\"position\":2,\"name\":\"Qu&rsquo;est-ce que les gens se trompent cette semaine: Disney a-t-il \u00abannul\u00e9\u00bb la cloche brillante?\"}]},{\"@type\":\"WebSite\",\"@id\":\"https:\/\/vieassociative.be\/actualites\/#website\",\"url\":\"https:\/\/vieassociative.be\/actualites\/\",\"name\":\"Vie Associative\",\"description\":\"\",\"publisher\":{\"@id\":\"https:\/\/vieassociative.be\/actualites\/#organization\"},\"potentialAction\":[{\"@type\":\"SearchAction\",\"target\":{\"@type\":\"EntryPoint\",\"urlTemplate\":\"https:\/\/vieassociative.be\/actualites\/?s={search_term_string}\"},\"query-input\":{\"@type\":\"PropertyValueSpecification\",\"valueRequired\":true,\"valueName\":\"search_term_string\"}}],\"inLanguage\":\"fr-BE\"},{\"@type\":\"Organization\",\"@id\":\"https:\/\/vieassociative.be\/actualites\/#organization\",\"name\":\"Vie Associative\",\"url\":\"https:\/\/vieassociative.be\/actualites\/\",\"logo\":{\"@type\":\"ImageObject\",\"inLanguage\":\"fr-BE\",\"@id\":\"https:\/\/vieassociative.be\/actualites\/#\/schema\/logo\/image\/\",\"url\":\"https:\/\/vieassociative.be\/actualites\/wp-content\/uploads\/2024\/09\/cropped-vieassociative_favicon.ico.png\",\"contentUrl\":\"https:\/\/vieassociative.be\/actualites\/wp-content\/uploads\/2024\/09\/cropped-vieassociative_favicon.ico.png\",\"width\":512,\"height\":512,\"caption\":\"Vie Associative\"},\"image\":{\"@id\":\"https:\/\/vieassociative.be\/actualites\/#\/schema\/logo\/image\/\"}},{\"@type\":\"Person\",\"@id\":\"https:\/\/vieassociative.be\/actualites\/#\/schema\/person\/b87ac4f82f9d4e7b7cec7395b679edc4\",\"name\":\"Julien\",\"image\":{\"@type\":\"ImageObject\",\"inLanguage\":\"fr-BE\",\"@id\":\"https:\/\/vieassociative.be\/actualites\/#\/schema\/person\/image\/\",\"url\":\"https:\/\/vieassociative.be\/actualites\/wp-content\/uploads\/2024\/09\/vie-associative-1-150x150.jpg\",\"contentUrl\":\"https:\/\/vieassociative.be\/actualites\/wp-content\/uploads\/2024\/09\/vie-associative-1-150x150.jpg\",\"caption\":\"Julien\"},\"description\":\"Je suis Julien, r\u00e9dacteur pour Vie Associative. Passionn\u00e9 par le monde associatif depuis plus de 10 ans, j'ai \u00e0 c\u0153ur de partager des histoires inspirantes et de mettre en lumi\u00e8re les initiatives locales. Mon objectif est de sensibiliser et d'encourager l'engagement communautaire \u00e0 travers mes articles.\",\"sameAs\":[\"https:\/\/vieassociative.be\/\"]}]}<\/script>\n<!-- \/ Yoast SEO plugin. -->","yoast_head_json":{"title":"Qu'est-ce que les gens se trompent cette semaine: Disney a-t-il \u00abannul\u00e9\u00bb la cloche brillante? | Vie Associative","robots":{"index":"index","follow":"follow","max-snippet":"max-snippet:-1","max-image-preview":"max-image-preview:large","max-video-preview":"max-video-preview:-1"},"canonical":"https:\/\/vieassociative.be\/actualites\/quest-ce-que-les-gens-se-trompent-cette-semaine-disney-a-t-il-annule-la-cloche-brillante\/","og_locale":"fr_FR","og_type":"article","og_title":"Qu'est-ce que les gens se trompent cette semaine: Disney a-t-il \u00abannul\u00e9\u00bb la cloche brillante? | Vie Associative","og_description":"Pour arriver \u00e0 la v\u00e9rit\u00e9, j&rsquo;ai fait du journalisme d&rsquo;investigation. Cette semaine, les agendas de personnes sur X, les programmes de radio de droite et","og_url":"https:\/\/vieassociative.be\/actualites\/quest-ce-que-les-gens-se-trompent-cette-semaine-disney-a-t-il-annule-la-cloche-brillante\/","og_site_name":"Vie Associative","article_published_time":"2025-02-28T10:20:09+00:00","og_image":[{"url":"https:\/\/vieassociative.be\/actualites\/wp-content\/uploads\/2025\/02\/Quest-ce-que-les-gens-se-trompent-cette-semaine-Disney-a-t-il.png","type":"","width":"","height":""}],"author":"Julien","twitter_card":"summary_large_image","twitter_misc":{"\u00c9crit par":"Julien","Dur\u00e9e de lecture est.":"5 minutes"},"schema":{"@context":"https:\/\/schema.org","@graph":[{"@type":"Article","@id":"https:\/\/vieassociative.be\/actualites\/quest-ce-que-les-gens-se-trompent-cette-semaine-disney-a-t-il-annule-la-cloche-brillante\/#article","isPartOf":{"@id":"https:\/\/vieassociative.be\/actualites\/quest-ce-que-les-gens-se-trompent-cette-semaine-disney-a-t-il-annule-la-cloche-brillante\/"},"author":{"name":"Julien","@id":"https:\/\/vieassociative.be\/actualites\/#\/schema\/person\/b87ac4f82f9d4e7b7cec7395b679edc4"},"headline":"Qu&rsquo;est-ce que les gens se trompent cette semaine: Disney a-t-il \u00abannul\u00e9\u00bb la cloche brillante?","datePublished":"2025-02-28T10:20:09+00:00","dateModified":"2025-02-28T10:20:09+00:00","mainEntityOfPage":{"@id":"https:\/\/vieassociative.be\/actualites\/quest-ce-que-les-gens-se-trompent-cette-semaine-disney-a-t-il-annule-la-cloche-brillante\/"},"wordCount":1074,"publisher":{"@id":"https:\/\/vieassociative.be\/actualites\/#organization"},"image":{"@id":"https:\/\/vieassociative.be\/actualites\/quest-ce-que-les-gens-se-trompent-cette-semaine-disney-a-t-il-annule-la-cloche-brillante\/#primaryimage"},"thumbnailUrl":"https:\/\/vieassociative.be\/actualites\/wp-content\/uploads\/2025\/02\/1740738011_Quest-ce-que-les-gens-se-trompent-cette-semaine-Disney-a-t-il.png","keywords":["annul\u00e9","atil","brillante","cette","cloche","Disney","gens","Les","Questce","semaine","trompent"],"articleSection":["Divertissement"],"inLanguage":"fr-BE"},{"@type":"WebPage","@id":"https:\/\/vieassociative.be\/actualites\/quest-ce-que-les-gens-se-trompent-cette-semaine-disney-a-t-il-annule-la-cloche-brillante\/","url":"https:\/\/vieassociative.be\/actualites\/quest-ce-que-les-gens-se-trompent-cette-semaine-disney-a-t-il-annule-la-cloche-brillante\/","name":"Qu'est-ce que les gens se trompent cette semaine: Disney a-t-il \u00abannul\u00e9\u00bb la cloche brillante? | Vie Associative","isPartOf":{"@id":"https:\/\/vieassociative.be\/actualites\/#website"},"primaryImageOfPage":{"@id":"https:\/\/vieassociative.be\/actualites\/quest-ce-que-les-gens-se-trompent-cette-semaine-disney-a-t-il-annule-la-cloche-brillante\/#primaryimage"},"image":{"@id":"https:\/\/vieassociative.be\/actualites\/quest-ce-que-les-gens-se-trompent-cette-semaine-disney-a-t-il-annule-la-cloche-brillante\/#primaryimage"},"thumbnailUrl":"https:\/\/vieassociative.be\/actualites\/wp-content\/uploads\/2025\/02\/1740738011_Quest-ce-que-les-gens-se-trompent-cette-semaine-Disney-a-t-il.png","datePublished":"2025-02-28T10:20:09+00:00","dateModified":"2025-02-28T10:20:09+00:00","breadcrumb":{"@id":"https:\/\/vieassociative.be\/actualites\/quest-ce-que-les-gens-se-trompent-cette-semaine-disney-a-t-il-annule-la-cloche-brillante\/#breadcrumb"},"inLanguage":"fr-BE","potentialAction":[{"@type":"ReadAction","target":["https:\/\/vieassociative.be\/actualites\/quest-ce-que-les-gens-se-trompent-cette-semaine-disney-a-t-il-annule-la-cloche-brillante\/"]}]},{"@type":"ImageObject","inLanguage":"fr-BE","@id":"https:\/\/vieassociative.be\/actualites\/quest-ce-que-les-gens-se-trompent-cette-semaine-disney-a-t-il-annule-la-cloche-brillante\/#primaryimage","url":"https:\/\/vieassociative.be\/actualites\/wp-content\/uploads\/2025\/02\/1740738011_Quest-ce-que-les-gens-se-trompent-cette-semaine-Disney-a-t-il.png","contentUrl":"https:\/\/vieassociative.be\/actualites\/wp-content\/uploads\/2025\/02\/1740738011_Quest-ce-que-les-gens-se-trompent-cette-semaine-Disney-a-t-il.png","width":1200,"height":675,"caption":"Qu'est-ce que les gens se trompent cette semaine: Disney a-t-il \u00abannul\u00e9\u00bb la cloche brillante?"},{"@type":"BreadcrumbList","@id":"https:\/\/vieassociative.be\/actualites\/quest-ce-que-les-gens-se-trompent-cette-semaine-disney-a-t-il-annule-la-cloche-brillante\/#breadcrumb","itemListElement":[{"@type":"ListItem","position":1,"name":"Accueil","item":"https:\/\/vieassociative.be\/actualites\/"},{"@type":"ListItem","position":2,"name":"Qu&rsquo;est-ce que les gens se trompent cette semaine: Disney a-t-il \u00abannul\u00e9\u00bb la cloche brillante?"}]},{"@type":"WebSite","@id":"https:\/\/vieassociative.be\/actualites\/#website","url":"https:\/\/vieassociative.be\/actualites\/","name":"Vie Associative","description":"","publisher":{"@id":"https:\/\/vieassociative.be\/actualites\/#organization"},"potentialAction":[{"@type":"SearchAction","target":{"@type":"EntryPoint","urlTemplate":"https:\/\/vieassociative.be\/actualites\/?s={search_term_string}"},"query-input":{"@type":"PropertyValueSpecification","valueRequired":true,"valueName":"search_term_string"}}],"inLanguage":"fr-BE"},{"@type":"Organization","@id":"https:\/\/vieassociative.be\/actualites\/#organization","name":"Vie Associative","url":"https:\/\/vieassociative.be\/actualites\/","logo":{"@type":"ImageObject","inLanguage":"fr-BE","@id":"https:\/\/vieassociative.be\/actualites\/#\/schema\/logo\/image\/","url":"https:\/\/vieassociative.be\/actualites\/wp-content\/uploads\/2024\/09\/cropped-vieassociative_favicon.ico.png","contentUrl":"https:\/\/vieassociative.be\/actualites\/wp-content\/uploads\/2024\/09\/cropped-vieassociative_favicon.ico.png","width":512,"height":512,"caption":"Vie Associative"},"image":{"@id":"https:\/\/vieassociative.be\/actualites\/#\/schema\/logo\/image\/"}},{"@type":"Person","@id":"https:\/\/vieassociative.be\/actualites\/#\/schema\/person\/b87ac4f82f9d4e7b7cec7395b679edc4","name":"Julien","image":{"@type":"ImageObject","inLanguage":"fr-BE","@id":"https:\/\/vieassociative.be\/actualites\/#\/schema\/person\/image\/","url":"https:\/\/vieassociative.be\/actualites\/wp-content\/uploads\/2024\/09\/vie-associative-1-150x150.jpg","contentUrl":"https:\/\/vieassociative.be\/actualites\/wp-content\/uploads\/2024\/09\/vie-associative-1-150x150.jpg","caption":"Julien"},"description":"Je suis Julien, r\u00e9dacteur pour Vie Associative. Passionn\u00e9 par le monde associatif depuis plus de 10 ans, j'ai \u00e0 c\u0153ur de partager des histoires inspirantes et de mettre en lumi\u00e8re les initiatives locales. Mon objectif est de sensibiliser et d'encourager l'engagement communautaire \u00e0 travers mes articles.","sameAs":["https:\/\/vieassociative.be\/"]}]}},"_links":{"self":[{"href":"https:\/\/vieassociative.be\/actualites\/wp-json\/wp\/v2\/posts\/5486"}],"collection":[{"href":"https:\/\/vieassociative.be\/actualites\/wp-json\/wp\/v2\/posts"}],"about":[{"href":"https:\/\/vieassociative.be\/actualites\/wp-json\/wp\/v2\/types\/post"}],"author":[{"embeddable":true,"href":"https:\/\/vieassociative.be\/actualites\/wp-json\/wp\/v2\/users\/1"}],"replies":[{"embeddable":true,"href":"https:\/\/vieassociative.be\/actualites\/wp-json\/wp\/v2\/comments?post=5486"}],"version-history":[{"count":0,"href":"https:\/\/vieassociative.be\/actualites\/wp-json\/wp\/v2\/posts\/5486\/revisions"}],"wp:featuredmedia":[{"embeddable":true,"href":"https:\/\/vieassociative.be\/actualites\/wp-json\/wp\/v2\/media\/5487"}],"wp:attachment":[{"href":"https:\/\/vieassociative.be\/actualites\/wp-json\/wp\/v2\/media?parent=5486"}],"wp:term":[{"taxonomy":"category","embeddable":true,"href":"https:\/\/vieassociative.be\/actualites\/wp-json\/wp\/v2\/categories?post=5486"},{"taxonomy":"post_tag","embeddable":true,"href":"https:\/\/vieassociative.be\/actualites\/wp-json\/wp\/v2\/tags?post=5486"}],"curies":[{"name":"wp","href":"https:\/\/api.w.org\/{rel}","templated":true}]}}