{"id":5484,"date":"2025-02-28T08:19:30","date_gmt":"2025-02-28T07:19:30","guid":{"rendered":"https:\/\/vieassociative.be\/actualites\/ces-ecouteurs-etonnamment-bons-ne-coutent-que-20-en-ce-moment\/"},"modified":"2025-02-28T08:19:30","modified_gmt":"2025-02-28T07:19:30","slug":"ces-ecouteurs-etonnamment-bons-ne-coutent-que-20-en-ce-moment","status":"publish","type":"post","link":"https:\/\/vieassociative.be\/actualites\/ces-ecouteurs-etonnamment-bons-ne-coutent-que-20-en-ce-moment\/","title":{"rendered":"Ces \u00e9couteurs \u00e9tonnamment bons ne co\u00fbtent que 20 $ en ce moment"},"content":{"rendered":"<div class=\"mt-4 leading-6 md:mb-8\">La dur\u00e9e de vie de la batterie de 30 heures, la r\u00e9sistance \u00e0 l&rsquo;eau, les basses puissantes, l&rsquo;assistant vocal et une application compagnon pour moins de 20 $ sont un vol.<\/div>\n<p><\/p>\n<p>J&rsquo;avais l&rsquo;habitude d&rsquo;acheter des \u00e9couteurs bon march\u00e9 \u00e0 des marques al\u00e9atoires tout le temps, simplement parce que j&rsquo;avais besoin de quelques \u00e9couteurs qui ne me donneraient pas une crise cardiaque si (ou quand) je les ai perdus ou que je les ai mouill\u00e9s. Si cela ressemble \u00e0 votre strat\u00e9gie d&rsquo;achat d&rsquo;\u00e9couteurs, il y a beaucoup sur une paire d&rsquo;\u00e9couteurs budg\u00e9taires qui ont en fait des sp\u00e9cifications assez d\u00e9centes: l&rsquo;Anker SoundCore P20i. En ce moment, ils sont en vente pour <strong>19,99 $<\/strong> (\u00e0 l&rsquo;origine 39,99 $), le prix le plus bas qu&rsquo;ils ont \u00e9t\u00e9 conform\u00e9ment aux outils de v\u00e9rification des prix.<\/p>\n<div class=\"pogoClear mb-12 mt-10 rounded-md border-2 border-gray-100 py-7 shadow-xl md:py-6\">\n<div class=\"flex flex-wrap justify-between px-7 text-black no-underline md:flex-nowrap md:px-8\">\n<div class=\"order-1 mx-auto flex flex-col justify-center md:order-2 md:ml-4 md:w-full md:grow\">\n<div class=\"block cursor-pointer text-center font-akshar text-2xl font-medium leading-7 text-brand-green duration-200 ease-in-out hover:text-brand-green-700 md:text-left md:text-xl md:leading-6\">SoundCore par Anker P20I\n                <\/div>\n<div class=\"mt-4 hidden md:flex md:justify-between\">\n<div class=\"self-end\">\n<div class=\"mb-0 h-11 md:flex md:flex-col md:justify-center\">\n<div class=\" font-sans leading-4 text-black\">\n<div class=\"flex flex-wrap items-center justify-center gap-x-1 md:justify-start\">\n        <span class=\"font-bold\"><\/p>\n<p>            19,99 $<br \/>\n                            <span class=\"font-medium\">\u00e0 Amazon<\/span><br \/>\n                    <\/span>\n            <\/div>\n<div class=\"flex items-center justify-center gap-x-1 font-bold md:justify-start\">\n            <span class=\"text-sm line-through\">39,99 $<\/span><br \/>\n            <span class=\"text-sm text-brand-green\">\u00c9conomisez 20,00 $<\/span>\n        <\/div>\n<\/p><\/div>\n<\/p><\/div>\n<\/p><\/div>\n<div class=\"w-44 self-end\">\n                            <button class=\"flex justify-center items-center w-full bg-brand-green text-white text-base font-sans font-medium rounded-md hover:bg-brand-green-700 hover:cursor-pointer md:text-sm h-11\"><\/p>\n<p>    Conclure un accord<br \/>\n<\/button>\n                        <\/div>\n<\/p><\/div>\n<\/p><\/div>\n<div class=\"order-2 mt-5 h-auto w-full md:order-1 md:mt-0 md:hidden\">\n<div class=\"flex aspect-video items-center justify-center\">\n                                            <img decoding=\"async\" class=\"m-0 max-h-full max-w-full rounded-md\" src=\"https:\/\/vieassociative.be\/actualites\/wp-content\/uploads\/2025\/02\/Ces-ecouteurs-etonnamment-bons-ne-coutent-que-20-en.jpg\" alt=\"SoundCore par Anker P20I\" width=\"auto\" height=\"auto\" loading=\"lazy\">\n                                    <\/div>\n<\/p><\/div>\n<div class=\"order-2 ml-2 hidden w-32 shrink-0 items-center md:order-1 md:ml-0 md:flex\">\n<div class=\"flex aspect-video items-center justify-center\">\n                                            <img decoding=\"async\" class=\"m-0 max-h-full max-w-full rounded-md\" src=\"https:\/\/vieassociative.be\/actualites\/wp-content\/uploads\/2025\/02\/Ces-ecouteurs-etonnamment-bons-ne-coutent-que-20-en.jpg\" alt=\"SoundCore par Anker P20I\" width=\"auto\" height=\"auto\" loading=\"lazy\">\n                                    <\/div>\n<\/p><\/div>\n<div class=\"order-3 flex grow flex-wrap md:hidden md:grow-0\">\n<div class=\"mt-4 w-full\">\n                        <button class=\"flex justify-center items-center w-full bg-brand-green text-white text-base font-sans font-medium rounded-md hover:bg-brand-green-700 hover:cursor-pointer md:text-sm h-11\"><\/p>\n<p>    Conclure un accord<br \/>\n<\/button>\n                    <\/div>\n<div class=\"mx-2 mt-4 w-full\">\n<div class=\" font-sans leading-4 text-black\">\n<div class=\"flex flex-wrap items-center justify-center gap-x-1 md:justify-start\">\n        <span class=\"font-bold\"><\/p>\n<p>            19,99 $<br \/>\n                            <span class=\"font-medium\">\u00e0 Amazon<\/span><br \/>\n                    <\/span>\n            <\/div>\n<div class=\"flex items-center justify-center gap-x-1 font-bold md:justify-start\">\n            <span class=\"text-sm line-through\">39,99 $<\/span><br \/>\n            <span class=\"text-sm text-brand-green\">\u00c9conomisez 20,00 $<\/span>\n        <\/div>\n<\/p><\/div>\n<\/p><\/div>\n<\/p><\/div>\n<\/p><\/div>\n<\/div>\n<p>Anker fait des \u00e9couteurs, des \u00e9couteurs et des haut-parleurs \u00e9tonnamment bons et adapt\u00e9s au budget. L&rsquo;Anker P20I \/ P25I (m\u00eames \u00e9couteurs, noms diff\u00e9rents) est sorti \u00e0 la fin de 2023 et est une belle paire d&rsquo;\u00e9couteurs budg\u00e9taires offrant de nombreuses fonctionnalit\u00e9s que vous voyez habituellement dans les \u00e9couteurs haut de gamme. Vous obtenez Bluetooth 5.3, 10 heures, la dur\u00e9e de vie de la batterie par charge et 30 heures suppl\u00e9mentaires \u00e0 partir du bo\u00eetier, une fonctionnalit\u00e9 Bass Boost et une application compagnon qui offre plus de fonctionnalit\u00e9s.<\/p>\n<p>L&rsquo;application vous permet de choisir parmi 22 options de pr\u00e9r\u00e9glage pour trouver la signature sonore qui fonctionne le mieux pour vous. Il n&rsquo;y a pas d&rsquo;EQ personnalis\u00e9, mais le fait que vous ayez une application compagnon d&rsquo;une marque fiable pour moins de 20 $ est impressionnante par elle-m\u00eame. Vous pouvez \u00e9galement configurer un assistant vocal \u00e0 partir de votre t\u00e9l\u00e9phone via l&rsquo;application en en faisant l&rsquo;une des commandes de contr\u00f4le tactile.<\/p>\n<p>Les \u00e9couteurs sont parfaits pour les personnes qui ont besoin d&rsquo;une paire de tonsodes bon march\u00e9 \u00e0 prendre au gymnase car ils sont class\u00e9s IPX5 pour la r\u00e9sistance \u00e0 l&rsquo;eau, et bien qu&rsquo;ils n&rsquo;aient pas de l&rsquo;ANC, la conception intra-auriculaire \u00e9limine naturellement beaucoup de bruit de fond. Ces \u00e9couteurs fonctionnent avec les t\u00e9l\u00e9phones iOS et Android et ont une fonctionnalit\u00e9 \u00ab\u00a0Trouver mon appareil\u00a0\u00bb avec son application.<\/p>\n<p>Si j&rsquo;\u00e9tais encore dans mon \u00e9poque d&rsquo;\u00e9couteurs bon march\u00e9, je les saisirais tout de suite. <\/p>\n","protected":false},"excerpt":{"rendered":"<p>La dur\u00e9e de vie de la batterie de 30 heures, la r\u00e9sistance \u00e0 l&rsquo;eau, les basses puissantes, l&rsquo;assistant vocal et une application compagnon pour moins<\/p>\n","protected":false},"author":1,"featured_media":5485,"comment_status":"","ping_status":"","sticky":false,"template":"","format":"standard","meta":{"footnotes":""},"categories":[13],"tags":[2340,248,2244,1537,4607,1429],"class_list":["post-5484","post","type-post","status-publish","format-standard","has-post-thumbnail","hentry","category-technologie","tag-bons","tag-ces","tag-coutent","tag-ecouteurs","tag-etonnamment","tag-moment","generate-columns","tablet-grid-50","mobile-grid-100","grid-parent","grid-33"],"yoast_head":"<!-- This site is optimized with the Yoast SEO plugin v24.0 - https:\/\/yoast.com\/wordpress\/plugins\/seo\/ -->\n<title>Ces \u00e9couteurs \u00e9tonnamment bons ne co\u00fbtent que 20 $ en ce moment | Vie Associative<\/title>\n<meta name=\"robots\" content=\"index, follow, max-snippet:-1, max-image-preview:large, max-video-preview:-1\" \/>\n<link rel=\"canonical\" href=\"https:\/\/vieassociative.be\/actualites\/ces-ecouteurs-etonnamment-bons-ne-coutent-que-20-en-ce-moment\/\" \/>\n<meta property=\"og:locale\" content=\"fr_FR\" \/>\n<meta property=\"og:type\" content=\"article\" \/>\n<meta property=\"og:title\" content=\"Ces \u00e9couteurs \u00e9tonnamment bons ne co\u00fbtent que 20 $ en ce moment | Vie Associative\" \/>\n<meta property=\"og:description\" content=\"La dur\u00e9e de vie de la batterie de 30 heures, la r\u00e9sistance \u00e0 l&rsquo;eau, les basses puissantes, l&rsquo;assistant vocal et une application compagnon pour moins\" \/>\n<meta property=\"og:url\" content=\"https:\/\/vieassociative.be\/actualites\/ces-ecouteurs-etonnamment-bons-ne-coutent-que-20-en-ce-moment\/\" \/>\n<meta property=\"og:site_name\" content=\"Vie Associative\" \/>\n<meta property=\"article:published_time\" content=\"2025-02-28T07:19:30+00:00\" \/>\n<meta property=\"og:image\" content=\"https:\/\/vieassociative.be\/actualites\/wp-content\/uploads\/2025\/02\/Ces-ecouteurs-etonnamment-bons-ne-coutent-que-20-en.jpg\" \/>\n<meta name=\"author\" content=\"Julien\" \/>\n<meta name=\"twitter:card\" content=\"summary_large_image\" \/>\n<meta name=\"twitter:label1\" content=\"\u00c9crit par\" \/>\n\t<meta name=\"twitter:data1\" content=\"Julien\" \/>\n\t<meta name=\"twitter:label2\" content=\"Dur\u00e9e de lecture est.\" \/>\n\t<meta name=\"twitter:data2\" content=\"2 minutes\" \/>\n<script type=\"application\/ld+json\" class=\"yoast-schema-graph\">{\"@context\":\"https:\/\/schema.org\",\"@graph\":[{\"@type\":\"Article\",\"@id\":\"https:\/\/vieassociative.be\/actualites\/ces-ecouteurs-etonnamment-bons-ne-coutent-que-20-en-ce-moment\/#article\",\"isPartOf\":{\"@id\":\"https:\/\/vieassociative.be\/actualites\/ces-ecouteurs-etonnamment-bons-ne-coutent-que-20-en-ce-moment\/\"},\"author\":{\"name\":\"Julien\",\"@id\":\"https:\/\/vieassociative.be\/actualites\/#\/schema\/person\/b87ac4f82f9d4e7b7cec7395b679edc4\"},\"headline\":\"Ces \u00e9couteurs \u00e9tonnamment bons ne co\u00fbtent que 20 $ en ce moment\",\"datePublished\":\"2025-02-28T07:19:30+00:00\",\"dateModified\":\"2025-02-28T07:19:30+00:00\",\"mainEntityOfPage\":{\"@id\":\"https:\/\/vieassociative.be\/actualites\/ces-ecouteurs-etonnamment-bons-ne-coutent-que-20-en-ce-moment\/\"},\"wordCount\":431,\"publisher\":{\"@id\":\"https:\/\/vieassociative.be\/actualites\/#organization\"},\"image\":{\"@id\":\"https:\/\/vieassociative.be\/actualites\/ces-ecouteurs-etonnamment-bons-ne-coutent-que-20-en-ce-moment\/#primaryimage\"},\"thumbnailUrl\":\"https:\/\/vieassociative.be\/actualites\/wp-content\/uploads\/2025\/02\/Ces-ecouteurs-etonnamment-bons-ne-coutent-que-20-en.png\",\"keywords\":[\"bons\",\"ces\",\"co\u00fbtent\",\"\u00e9couteurs\",\"\u00e9tonnamment\",\"moment\"],\"articleSection\":[\"Technologie\"],\"inLanguage\":\"fr-BE\"},{\"@type\":\"WebPage\",\"@id\":\"https:\/\/vieassociative.be\/actualites\/ces-ecouteurs-etonnamment-bons-ne-coutent-que-20-en-ce-moment\/\",\"url\":\"https:\/\/vieassociative.be\/actualites\/ces-ecouteurs-etonnamment-bons-ne-coutent-que-20-en-ce-moment\/\",\"name\":\"Ces \u00e9couteurs \u00e9tonnamment bons ne co\u00fbtent que 20 $ en ce moment | Vie Associative\",\"isPartOf\":{\"@id\":\"https:\/\/vieassociative.be\/actualites\/#website\"},\"primaryImageOfPage\":{\"@id\":\"https:\/\/vieassociative.be\/actualites\/ces-ecouteurs-etonnamment-bons-ne-coutent-que-20-en-ce-moment\/#primaryimage\"},\"image\":{\"@id\":\"https:\/\/vieassociative.be\/actualites\/ces-ecouteurs-etonnamment-bons-ne-coutent-que-20-en-ce-moment\/#primaryimage\"},\"thumbnailUrl\":\"https:\/\/vieassociative.be\/actualites\/wp-content\/uploads\/2025\/02\/Ces-ecouteurs-etonnamment-bons-ne-coutent-que-20-en.png\",\"datePublished\":\"2025-02-28T07:19:30+00:00\",\"dateModified\":\"2025-02-28T07:19:30+00:00\",\"breadcrumb\":{\"@id\":\"https:\/\/vieassociative.be\/actualites\/ces-ecouteurs-etonnamment-bons-ne-coutent-que-20-en-ce-moment\/#breadcrumb\"},\"inLanguage\":\"fr-BE\",\"potentialAction\":[{\"@type\":\"ReadAction\",\"target\":[\"https:\/\/vieassociative.be\/actualites\/ces-ecouteurs-etonnamment-bons-ne-coutent-que-20-en-ce-moment\/\"]}]},{\"@type\":\"ImageObject\",\"inLanguage\":\"fr-BE\",\"@id\":\"https:\/\/vieassociative.be\/actualites\/ces-ecouteurs-etonnamment-bons-ne-coutent-que-20-en-ce-moment\/#primaryimage\",\"url\":\"https:\/\/vieassociative.be\/actualites\/wp-content\/uploads\/2025\/02\/Ces-ecouteurs-etonnamment-bons-ne-coutent-que-20-en.png\",\"contentUrl\":\"https:\/\/vieassociative.be\/actualites\/wp-content\/uploads\/2025\/02\/Ces-ecouteurs-etonnamment-bons-ne-coutent-que-20-en.png\",\"width\":1200,\"height\":675,\"caption\":\"Ces \u00e9couteurs \u00e9tonnamment bons ne co\u00fbtent que 20 $ en ce moment\"},{\"@type\":\"BreadcrumbList\",\"@id\":\"https:\/\/vieassociative.be\/actualites\/ces-ecouteurs-etonnamment-bons-ne-coutent-que-20-en-ce-moment\/#breadcrumb\",\"itemListElement\":[{\"@type\":\"ListItem\",\"position\":1,\"name\":\"Accueil\",\"item\":\"https:\/\/vieassociative.be\/actualites\/\"},{\"@type\":\"ListItem\",\"position\":2,\"name\":\"Ces \u00e9couteurs \u00e9tonnamment bons ne co\u00fbtent que 20 $ en ce moment\"}]},{\"@type\":\"WebSite\",\"@id\":\"https:\/\/vieassociative.be\/actualites\/#website\",\"url\":\"https:\/\/vieassociative.be\/actualites\/\",\"name\":\"Vie Associative\",\"description\":\"\",\"publisher\":{\"@id\":\"https:\/\/vieassociative.be\/actualites\/#organization\"},\"potentialAction\":[{\"@type\":\"SearchAction\",\"target\":{\"@type\":\"EntryPoint\",\"urlTemplate\":\"https:\/\/vieassociative.be\/actualites\/?s={search_term_string}\"},\"query-input\":{\"@type\":\"PropertyValueSpecification\",\"valueRequired\":true,\"valueName\":\"search_term_string\"}}],\"inLanguage\":\"fr-BE\"},{\"@type\":\"Organization\",\"@id\":\"https:\/\/vieassociative.be\/actualites\/#organization\",\"name\":\"Vie Associative\",\"url\":\"https:\/\/vieassociative.be\/actualites\/\",\"logo\":{\"@type\":\"ImageObject\",\"inLanguage\":\"fr-BE\",\"@id\":\"https:\/\/vieassociative.be\/actualites\/#\/schema\/logo\/image\/\",\"url\":\"https:\/\/vieassociative.be\/actualites\/wp-content\/uploads\/2024\/09\/cropped-vieassociative_favicon.ico.png\",\"contentUrl\":\"https:\/\/vieassociative.be\/actualites\/wp-content\/uploads\/2024\/09\/cropped-vieassociative_favicon.ico.png\",\"width\":512,\"height\":512,\"caption\":\"Vie Associative\"},\"image\":{\"@id\":\"https:\/\/vieassociative.be\/actualites\/#\/schema\/logo\/image\/\"}},{\"@type\":\"Person\",\"@id\":\"https:\/\/vieassociative.be\/actualites\/#\/schema\/person\/b87ac4f82f9d4e7b7cec7395b679edc4\",\"name\":\"Julien\",\"image\":{\"@type\":\"ImageObject\",\"inLanguage\":\"fr-BE\",\"@id\":\"https:\/\/vieassociative.be\/actualites\/#\/schema\/person\/image\/\",\"url\":\"https:\/\/vieassociative.be\/actualites\/wp-content\/uploads\/2024\/09\/vie-associative-1-150x150.jpg\",\"contentUrl\":\"https:\/\/vieassociative.be\/actualites\/wp-content\/uploads\/2024\/09\/vie-associative-1-150x150.jpg\",\"caption\":\"Julien\"},\"description\":\"Je suis Julien, r\u00e9dacteur pour Vie Associative. Passionn\u00e9 par le monde associatif depuis plus de 10 ans, j'ai \u00e0 c\u0153ur de partager des histoires inspirantes et de mettre en lumi\u00e8re les initiatives locales. Mon objectif est de sensibiliser et d'encourager l'engagement communautaire \u00e0 travers mes articles.\",\"sameAs\":[\"https:\/\/vieassociative.be\/\"]}]}<\/script>\n<!-- \/ Yoast SEO plugin. -->","yoast_head_json":{"title":"Ces \u00e9couteurs \u00e9tonnamment bons ne co\u00fbtent que 20 $ en ce moment | Vie Associative","robots":{"index":"index","follow":"follow","max-snippet":"max-snippet:-1","max-image-preview":"max-image-preview:large","max-video-preview":"max-video-preview:-1"},"canonical":"https:\/\/vieassociative.be\/actualites\/ces-ecouteurs-etonnamment-bons-ne-coutent-que-20-en-ce-moment\/","og_locale":"fr_FR","og_type":"article","og_title":"Ces \u00e9couteurs \u00e9tonnamment bons ne co\u00fbtent que 20 $ en ce moment | Vie Associative","og_description":"La dur\u00e9e de vie de la batterie de 30 heures, la r\u00e9sistance \u00e0 l&rsquo;eau, les basses puissantes, l&rsquo;assistant vocal et une application compagnon pour moins","og_url":"https:\/\/vieassociative.be\/actualites\/ces-ecouteurs-etonnamment-bons-ne-coutent-que-20-en-ce-moment\/","og_site_name":"Vie Associative","article_published_time":"2025-02-28T07:19:30+00:00","og_image":[{"url":"https:\/\/vieassociative.be\/actualites\/wp-content\/uploads\/2025\/02\/Ces-ecouteurs-etonnamment-bons-ne-coutent-que-20-en.jpg","type":"","width":"","height":""}],"author":"Julien","twitter_card":"summary_large_image","twitter_misc":{"\u00c9crit par":"Julien","Dur\u00e9e de lecture est.":"2 minutes"},"schema":{"@context":"https:\/\/schema.org","@graph":[{"@type":"Article","@id":"https:\/\/vieassociative.be\/actualites\/ces-ecouteurs-etonnamment-bons-ne-coutent-que-20-en-ce-moment\/#article","isPartOf":{"@id":"https:\/\/vieassociative.be\/actualites\/ces-ecouteurs-etonnamment-bons-ne-coutent-que-20-en-ce-moment\/"},"author":{"name":"Julien","@id":"https:\/\/vieassociative.be\/actualites\/#\/schema\/person\/b87ac4f82f9d4e7b7cec7395b679edc4"},"headline":"Ces \u00e9couteurs \u00e9tonnamment bons ne co\u00fbtent que 20 $ en ce moment","datePublished":"2025-02-28T07:19:30+00:00","dateModified":"2025-02-28T07:19:30+00:00","mainEntityOfPage":{"@id":"https:\/\/vieassociative.be\/actualites\/ces-ecouteurs-etonnamment-bons-ne-coutent-que-20-en-ce-moment\/"},"wordCount":431,"publisher":{"@id":"https:\/\/vieassociative.be\/actualites\/#organization"},"image":{"@id":"https:\/\/vieassociative.be\/actualites\/ces-ecouteurs-etonnamment-bons-ne-coutent-que-20-en-ce-moment\/#primaryimage"},"thumbnailUrl":"https:\/\/vieassociative.be\/actualites\/wp-content\/uploads\/2025\/02\/Ces-ecouteurs-etonnamment-bons-ne-coutent-que-20-en.png","keywords":["bons","ces","co\u00fbtent","\u00e9couteurs","\u00e9tonnamment","moment"],"articleSection":["Technologie"],"inLanguage":"fr-BE"},{"@type":"WebPage","@id":"https:\/\/vieassociative.be\/actualites\/ces-ecouteurs-etonnamment-bons-ne-coutent-que-20-en-ce-moment\/","url":"https:\/\/vieassociative.be\/actualites\/ces-ecouteurs-etonnamment-bons-ne-coutent-que-20-en-ce-moment\/","name":"Ces \u00e9couteurs \u00e9tonnamment bons ne co\u00fbtent que 20 $ en ce moment | Vie Associative","isPartOf":{"@id":"https:\/\/vieassociative.be\/actualites\/#website"},"primaryImageOfPage":{"@id":"https:\/\/vieassociative.be\/actualites\/ces-ecouteurs-etonnamment-bons-ne-coutent-que-20-en-ce-moment\/#primaryimage"},"image":{"@id":"https:\/\/vieassociative.be\/actualites\/ces-ecouteurs-etonnamment-bons-ne-coutent-que-20-en-ce-moment\/#primaryimage"},"thumbnailUrl":"https:\/\/vieassociative.be\/actualites\/wp-content\/uploads\/2025\/02\/Ces-ecouteurs-etonnamment-bons-ne-coutent-que-20-en.png","datePublished":"2025-02-28T07:19:30+00:00","dateModified":"2025-02-28T07:19:30+00:00","breadcrumb":{"@id":"https:\/\/vieassociative.be\/actualites\/ces-ecouteurs-etonnamment-bons-ne-coutent-que-20-en-ce-moment\/#breadcrumb"},"inLanguage":"fr-BE","potentialAction":[{"@type":"ReadAction","target":["https:\/\/vieassociative.be\/actualites\/ces-ecouteurs-etonnamment-bons-ne-coutent-que-20-en-ce-moment\/"]}]},{"@type":"ImageObject","inLanguage":"fr-BE","@id":"https:\/\/vieassociative.be\/actualites\/ces-ecouteurs-etonnamment-bons-ne-coutent-que-20-en-ce-moment\/#primaryimage","url":"https:\/\/vieassociative.be\/actualites\/wp-content\/uploads\/2025\/02\/Ces-ecouteurs-etonnamment-bons-ne-coutent-que-20-en.png","contentUrl":"https:\/\/vieassociative.be\/actualites\/wp-content\/uploads\/2025\/02\/Ces-ecouteurs-etonnamment-bons-ne-coutent-que-20-en.png","width":1200,"height":675,"caption":"Ces \u00e9couteurs \u00e9tonnamment bons ne co\u00fbtent que 20 $ en ce moment"},{"@type":"BreadcrumbList","@id":"https:\/\/vieassociative.be\/actualites\/ces-ecouteurs-etonnamment-bons-ne-coutent-que-20-en-ce-moment\/#breadcrumb","itemListElement":[{"@type":"ListItem","position":1,"name":"Accueil","item":"https:\/\/vieassociative.be\/actualites\/"},{"@type":"ListItem","position":2,"name":"Ces \u00e9couteurs \u00e9tonnamment bons ne co\u00fbtent que 20 $ en ce moment"}]},{"@type":"WebSite","@id":"https:\/\/vieassociative.be\/actualites\/#website","url":"https:\/\/vieassociative.be\/actualites\/","name":"Vie Associative","description":"","publisher":{"@id":"https:\/\/vieassociative.be\/actualites\/#organization"},"potentialAction":[{"@type":"SearchAction","target":{"@type":"EntryPoint","urlTemplate":"https:\/\/vieassociative.be\/actualites\/?s={search_term_string}"},"query-input":{"@type":"PropertyValueSpecification","valueRequired":true,"valueName":"search_term_string"}}],"inLanguage":"fr-BE"},{"@type":"Organization","@id":"https:\/\/vieassociative.be\/actualites\/#organization","name":"Vie Associative","url":"https:\/\/vieassociative.be\/actualites\/","logo":{"@type":"ImageObject","inLanguage":"fr-BE","@id":"https:\/\/vieassociative.be\/actualites\/#\/schema\/logo\/image\/","url":"https:\/\/vieassociative.be\/actualites\/wp-content\/uploads\/2024\/09\/cropped-vieassociative_favicon.ico.png","contentUrl":"https:\/\/vieassociative.be\/actualites\/wp-content\/uploads\/2024\/09\/cropped-vieassociative_favicon.ico.png","width":512,"height":512,"caption":"Vie Associative"},"image":{"@id":"https:\/\/vieassociative.be\/actualites\/#\/schema\/logo\/image\/"}},{"@type":"Person","@id":"https:\/\/vieassociative.be\/actualites\/#\/schema\/person\/b87ac4f82f9d4e7b7cec7395b679edc4","name":"Julien","image":{"@type":"ImageObject","inLanguage":"fr-BE","@id":"https:\/\/vieassociative.be\/actualites\/#\/schema\/person\/image\/","url":"https:\/\/vieassociative.be\/actualites\/wp-content\/uploads\/2024\/09\/vie-associative-1-150x150.jpg","contentUrl":"https:\/\/vieassociative.be\/actualites\/wp-content\/uploads\/2024\/09\/vie-associative-1-150x150.jpg","caption":"Julien"},"description":"Je suis Julien, r\u00e9dacteur pour Vie Associative. Passionn\u00e9 par le monde associatif depuis plus de 10 ans, j'ai \u00e0 c\u0153ur de partager des histoires inspirantes et de mettre en lumi\u00e8re les initiatives locales. Mon objectif est de sensibiliser et d'encourager l'engagement communautaire \u00e0 travers mes articles.","sameAs":["https:\/\/vieassociative.be\/"]}]}},"_links":{"self":[{"href":"https:\/\/vieassociative.be\/actualites\/wp-json\/wp\/v2\/posts\/5484"}],"collection":[{"href":"https:\/\/vieassociative.be\/actualites\/wp-json\/wp\/v2\/posts"}],"about":[{"href":"https:\/\/vieassociative.be\/actualites\/wp-json\/wp\/v2\/types\/post"}],"author":[{"embeddable":true,"href":"https:\/\/vieassociative.be\/actualites\/wp-json\/wp\/v2\/users\/1"}],"replies":[{"embeddable":true,"href":"https:\/\/vieassociative.be\/actualites\/wp-json\/wp\/v2\/comments?post=5484"}],"version-history":[{"count":0,"href":"https:\/\/vieassociative.be\/actualites\/wp-json\/wp\/v2\/posts\/5484\/revisions"}],"wp:featuredmedia":[{"embeddable":true,"href":"https:\/\/vieassociative.be\/actualites\/wp-json\/wp\/v2\/media\/5485"}],"wp:attachment":[{"href":"https:\/\/vieassociative.be\/actualites\/wp-json\/wp\/v2\/media?parent=5484"}],"wp:term":[{"taxonomy":"category","embeddable":true,"href":"https:\/\/vieassociative.be\/actualites\/wp-json\/wp\/v2\/categories?post=5484"},{"taxonomy":"post_tag","embeddable":true,"href":"https:\/\/vieassociative.be\/actualites\/wp-json\/wp\/v2\/tags?post=5484"}],"curies":[{"name":"wp","href":"https:\/\/api.w.org\/{rel}","templated":true}]}}