{"id":5482,"date":"2025-02-28T05:17:47","date_gmt":"2025-02-28T04:17:47","guid":{"rendered":"https:\/\/vieassociative.be\/actualites\/quest-ce-que-les-gens-se-trompent-cette-semaine-le-president-biden-a-t-il-caca-lui-meme\/"},"modified":"2025-02-28T05:17:47","modified_gmt":"2025-02-28T04:17:47","slug":"quest-ce-que-les-gens-se-trompent-cette-semaine-le-president-biden-a-t-il-caca-lui-meme","status":"publish","type":"post","link":"https:\/\/vieassociative.be\/actualites\/quest-ce-que-les-gens-se-trompent-cette-semaine-le-president-biden-a-t-il-caca-lui-meme\/","title":{"rendered":"Qu&rsquo;est-ce que les gens se trompent cette semaine: le pr\u00e9sident Biden a-t-il caca lui-m\u00eame?"},"content":{"rendered":"<div class=\"mt-4 leading-6 md:mb-8\">Un examen approfondi de l&rsquo;accident suppos\u00e9 du pr\u00e9sident en France.<\/div>\n<p><\/p>\n<p>En avril, j&rsquo;ai examin\u00e9 la rumeur du proc\u00e8s de fraude de Donald Trump selon laquelle les ex-pr\u00e9sidents s&rsquo;accompagnent beaucoup devant le tribunal. Parce que je suis juste et \u00e9quilibr\u00e9, cette semaine, je vais examiner la rumeur selon laquelle le pr\u00e9sident actuel Joe Biden a caca son pantalon lors du souvenir annuel du jour J le 6 juin en France. <\/p>\n<p>Lors de la c\u00e9r\u00e9monie pour comm\u00e9morer le 80e anniversaire de l&rsquo;atterrissage du jour J, le pr\u00e9sident Biden a offert une d\u00e9fense ardente de la d\u00e9mocratie et un acte d&rsquo;accusation br\u00fblant de l&rsquo;extr\u00e9misme et de l&rsquo;autocratie, en utilisant l&rsquo;occasion pour relier les sacrifices du pass\u00e9 aux d\u00e9fis auxquels nous sommes confront\u00e9s aujourd&rsquo;hui. <\/p>\n<p>Ouais, ouais, d\u00e9mocratie contre tyrannie, bla bla bla. La question importante est \u00ab\u00a0Joe Biden a-t-il fait caca son pantalon apr\u00e8s le discours?\u00a0\u00bb <\/p>\n<h2 id=\"examining-the-evidence\">Examiner les preuves<\/h2>\n<p>La source de la th\u00e9orie du caca du jour J est un clip de 13 secondes publi\u00e9 par le parti r\u00e9publicain qui montre que Biden s&rsquo;est l\u00e9g\u00e8rement accroupi. Il est \u00e9tiquet\u00e9 \u00ab\u00a0maladroit\u00a0\u00bb avec les emoji \u00ab\u00a0grimacants\u00a0\u00bb (\u00e9tonnamment pas les emoji de merde)<\/p>\n<p>Les opposants au pr\u00e9sident sont tomb\u00e9s dans deux camps: ceux qui consid\u00e8rent les images comme des preuves que Biden essayait de s&rsquo;asseoir dans une chaise imaginaire et ceux qui pensaient que cela montrait le pr\u00e9sident Biden caca. Comme l&rsquo;a dit Hernandez, l&rsquo;utilisateur Twitter l&rsquo;a dit, \u00ab\u00a0Il n&rsquo;y a aucun moyen que Joe ne se fasse pas caca ici, c&rsquo;est fou.\u00a0\u00bb <\/p>\n<p>Mais y a-t-il <em>vraiment<\/em> certainement pas? Est-ce <em>en fait<\/em> fou?<\/p>\n<h2 id=\"the-counter-evidence\">La contre-preuve<\/h2>\n<p>Si vous avancez rapidement \u00e0 travers les images du discours de Biden et sautez les parties o\u00f9 il honore les quelques personnes restantes qui se sont battues pour mettre fin \u00e0 la tyrannie il y a 80 ans, alors laissez le clip jouer pendant environ une seconde <em>apr\u00e8s<\/em> Le clip du RNC se termine, vous pouvez voir que le pr\u00e9sident se retire pour trouver l&rsquo;accoudoir de sa chaise (pas-imaginaire) avant de s&rsquo;asseoir. <\/p>\n<p>Le pr\u00e9sident ne semble pas annuler ses intestins dans le clip, mais voici la vid\u00e9o. Le moment en question arrive environ quatre heures et 15 minutes: <\/p>\n<div class=\"mx-auto mt-8 w-full max-w-4xl\">\n<div id=\"video-container-tUxvo8LQoSo\"><\/div>\n<\/div>\n<h2 id=\"conclusion-president-joe-biden-did-not-poop-himself\">Conclusion: le pr\u00e9sident Joe Biden n&rsquo;a pas fait le caca lui-m\u00eame<\/h2>\n<p>Bien que personne ne puisse dire avec certitude si quelqu&rsquo;un est ou ne fait pas caca \u00e0 un moment donn\u00e9, il n&rsquo;y a aucune preuve que Biden se soit fait caca lors de la comm\u00e9moration du 80e anniversaire de l&rsquo;atterrissage du jour J. <\/p>\n<p>Il est dommage que quiconque \u00e9crit le compte Twitter du RNC n&rsquo;ait pas deux secondes suppl\u00e9mentaires pour regarder ce qui s&rsquo;est pass\u00e9 imm\u00e9diatement apr\u00e8s le clip qu&rsquo;ils ont publi\u00e9. S&rsquo;ils l&rsquo;avaient fait, ils auraient pens\u00e9: \u00ab\u00a0Oh, attendez, ce n&rsquo;est pas g\u00eanant. C&rsquo;est assez normal pour un gars assis, en fait. Je ne publierai pas ce tweet parce que je ne veux induire personne en erreur.\u00a0\u00bb Cela aurait permis aux gens de beaucoup de temps et de s&rsquo;inqui\u00e9ter de la sant\u00e9 digestive et mentale du pr\u00e9sident. <\/p>\n<p>Je suis s\u00fbr que le RNC et les nombreux manivelles qui ont r\u00e9pandu cette rumeur en ligne ont fabriqu\u00e9 leurs tweets d&rsquo;excuses avec un tel soin qu&rsquo;ils n&rsquo;ont pas eu le temps de supprimer tous les tweets qu&rsquo;ils ont publi\u00e9s en diffusant ce mensonge.<\/p>\n<h2 id=\"has-joe-biden-ever-pooped-his-pants\">A Joe Biden <em>jamais<\/em> fait caca son pantalon? <\/h2>\n<p>Ok, alors peut-\u00eatre que Joe Biden n&rsquo;a pas sagn\u00e9 cette fois, mais qu&rsquo;en est-il de tout le <em>autre<\/em> fois? Comme la semaine derni\u00e8re, ou il y a quelques ann\u00e9es? C&rsquo;est une question plus d\u00e9licate. Bien qu&rsquo;il y ait des rumeurs en ligne non survenue selon lesquelles Joe Biden s&rsquo;est fait caca lors de la rencontre du pape, il n&rsquo;y a pas de sources cr\u00e9dibles, ni m\u00eame de sources partisanes tremblantes, qui ont pr\u00e9sent\u00e9 toute preuve que cet incident s&rsquo;est produit. <\/p>\n<p>En ce qui concerne les informations accessibles au public, les shorts de Biden semblent propres. Contrairement au dernier pr\u00e9sident, le m\u00e9decin de Joe Biden publie r\u00e9guli\u00e8rement son r\u00e9sum\u00e9 de la sant\u00e9. Le plus r\u00e9cent, dat\u00e9 du 28 f\u00e9vrier, indique que Joe Biden souffre de l&rsquo;apn\u00e9e du sommeil, prend des m\u00e9dicaments pour r\u00e9duire son cholest\u00e9rol, souffre parfois de reflux acide et souffre d&rsquo;allergies saisonni\u00e8res. Aucune indication de quoi que ce soit qui provoquerait un poop de pantalon spontan\u00e9.<\/p>\n<p>Une note d&rsquo;un m\u00e9decin ne peut pas prouver Biden <em>n&rsquo;a pas<\/em> caca son pantalon. L&rsquo;ensemble \u00ab\u00a0impossible de prouver une chose n\u00e9gative\u00a0\u00bb g\u00eane. De plus: mec est en vie depuis longtemps, et la merde arrive, donc c&rsquo;est une possibilit\u00e9. Mais si le pr\u00e9sident Joe Biden a caca son pantalon, il est en bonne compagnie. Les astronautes h\u00e9ro\u00efques de l&rsquo;Am\u00e9rique font r\u00e9guli\u00e8rement caca dans leur pantalon. Il en va de m\u00eame pour les coureurs de marathon et les stars du rock qui ne veulent pas \u00eatre r\u00e9dig\u00e9es. <\/p>\n<p>Et qu&rsquo;en est-il des b\u00e9b\u00e9s? Ils font caca leur pantalon <em>Tout le temps,<\/em> Et tout le monde aime les b\u00e9b\u00e9s. Joe Biden (je suppose) \u00e9tait autrefois un b\u00e9b\u00e9, alors il a s\u00fbrement fait caca son pantalon comme tous les <em>jour, <\/em>Et ils n&rsquo;avaient m\u00eame pas de couches jetables en 1858.<\/p>\n<p>En conclusion: la d\u00e9mocratie est fragile et belle, et nous ne m\u00e9ritons probablement pas les minuscules restes de celle-ci, nous nous sommes laiss\u00e9s.<\/p>\n","protected":false},"excerpt":{"rendered":"<p>Un examen approfondi de l&rsquo;accident suppos\u00e9 du pr\u00e9sident en France. En avril, j&rsquo;ai examin\u00e9 la rumeur du proc\u00e8s de fraude de Donald Trump selon laquelle<\/p>\n","protected":false},"author":1,"featured_media":5483,"comment_status":"","ping_status":"","sticky":false,"template":"","format":"standard","meta":{"footnotes":""},"categories":[36],"tags":[3142,3147,1771,206,1046,14,3265,3075,2006,1348,2469],"class_list":["post-5482","post","type-post","status-publish","format-standard","has-post-thumbnail","hentry","category-divertissement","tag-atil","tag-biden","tag-caca","tag-cette","tag-gens","tag-les","tag-luimeme","tag-president","tag-questce","tag-semaine","tag-trompent","generate-columns","tablet-grid-50","mobile-grid-100","grid-parent","grid-33"],"yoast_head":"<!-- This site is optimized with the Yoast SEO plugin v24.0 - https:\/\/yoast.com\/wordpress\/plugins\/seo\/ -->\n<title>Qu&#039;est-ce que les gens se trompent cette semaine: le pr\u00e9sident Biden a-t-il caca lui-m\u00eame? | Vie Associative<\/title>\n<meta name=\"robots\" content=\"index, follow, max-snippet:-1, max-image-preview:large, max-video-preview:-1\" \/>\n<link rel=\"canonical\" href=\"https:\/\/vieassociative.be\/actualites\/quest-ce-que-les-gens-se-trompent-cette-semaine-le-president-biden-a-t-il-caca-lui-meme\/\" \/>\n<meta property=\"og:locale\" content=\"fr_FR\" \/>\n<meta property=\"og:type\" content=\"article\" \/>\n<meta property=\"og:title\" content=\"Qu&#039;est-ce que les gens se trompent cette semaine: le pr\u00e9sident Biden a-t-il caca lui-m\u00eame? | Vie Associative\" \/>\n<meta property=\"og:description\" content=\"Un examen approfondi de l&rsquo;accident suppos\u00e9 du pr\u00e9sident en France. En avril, j&rsquo;ai examin\u00e9 la rumeur du proc\u00e8s de fraude de Donald Trump selon laquelle\" \/>\n<meta property=\"og:url\" content=\"https:\/\/vieassociative.be\/actualites\/quest-ce-que-les-gens-se-trompent-cette-semaine-le-president-biden-a-t-il-caca-lui-meme\/\" \/>\n<meta property=\"og:site_name\" content=\"Vie Associative\" \/>\n<meta property=\"article:published_time\" content=\"2025-02-28T04:17:47+00:00\" \/>\n<meta property=\"og:image\" content=\"https:\/\/vieassociative.be\/actualites\/wp-content\/uploads\/2024\/09\/header_backgroundk-01-e1726694325946.png\" \/>\n\t<meta property=\"og:image:width\" content=\"279\" \/>\n\t<meta property=\"og:image:height\" content=\"92\" \/>\n\t<meta property=\"og:image:type\" content=\"image\/png\" \/>\n<meta name=\"author\" content=\"Julien\" \/>\n<meta name=\"twitter:card\" content=\"summary_large_image\" \/>\n<meta name=\"twitter:label1\" content=\"\u00c9crit par\" \/>\n\t<meta name=\"twitter:data1\" content=\"Julien\" \/>\n\t<meta name=\"twitter:label2\" content=\"Dur\u00e9e de lecture est.\" \/>\n\t<meta name=\"twitter:data2\" content=\"5 minutes\" \/>\n<script type=\"application\/ld+json\" class=\"yoast-schema-graph\">{\"@context\":\"https:\/\/schema.org\",\"@graph\":[{\"@type\":\"Article\",\"@id\":\"https:\/\/vieassociative.be\/actualites\/quest-ce-que-les-gens-se-trompent-cette-semaine-le-president-biden-a-t-il-caca-lui-meme\/#article\",\"isPartOf\":{\"@id\":\"https:\/\/vieassociative.be\/actualites\/quest-ce-que-les-gens-se-trompent-cette-semaine-le-president-biden-a-t-il-caca-lui-meme\/\"},\"author\":{\"name\":\"Julien\",\"@id\":\"https:\/\/vieassociative.be\/actualites\/#\/schema\/person\/b87ac4f82f9d4e7b7cec7395b679edc4\"},\"headline\":\"Qu&rsquo;est-ce que les gens se trompent cette semaine: le pr\u00e9sident Biden a-t-il caca lui-m\u00eame?\",\"datePublished\":\"2025-02-28T04:17:47+00:00\",\"dateModified\":\"2025-02-28T04:17:47+00:00\",\"mainEntityOfPage\":{\"@id\":\"https:\/\/vieassociative.be\/actualites\/quest-ce-que-les-gens-se-trompent-cette-semaine-le-president-biden-a-t-il-caca-lui-meme\/\"},\"wordCount\":1002,\"publisher\":{\"@id\":\"https:\/\/vieassociative.be\/actualites\/#organization\"},\"image\":{\"@id\":\"https:\/\/vieassociative.be\/actualites\/quest-ce-que-les-gens-se-trompent-cette-semaine-le-president-biden-a-t-il-caca-lui-meme\/#primaryimage\"},\"thumbnailUrl\":\"https:\/\/vieassociative.be\/actualites\/wp-content\/uploads\/2025\/02\/Quest-ce-que-les-gens-se-trompent-cette-semaine-le-president.png\",\"keywords\":[\"atil\",\"Biden\",\"caca\",\"cette\",\"gens\",\"Les\",\"luim\u00eame\",\"pr\u00e9sident\",\"Questce\",\"semaine\",\"trompent\"],\"articleSection\":[\"Divertissement\"],\"inLanguage\":\"fr-BE\"},{\"@type\":\"WebPage\",\"@id\":\"https:\/\/vieassociative.be\/actualites\/quest-ce-que-les-gens-se-trompent-cette-semaine-le-president-biden-a-t-il-caca-lui-meme\/\",\"url\":\"https:\/\/vieassociative.be\/actualites\/quest-ce-que-les-gens-se-trompent-cette-semaine-le-president-biden-a-t-il-caca-lui-meme\/\",\"name\":\"Qu'est-ce que les gens se trompent cette semaine: le pr\u00e9sident Biden a-t-il caca lui-m\u00eame? | Vie Associative\",\"isPartOf\":{\"@id\":\"https:\/\/vieassociative.be\/actualites\/#website\"},\"primaryImageOfPage\":{\"@id\":\"https:\/\/vieassociative.be\/actualites\/quest-ce-que-les-gens-se-trompent-cette-semaine-le-president-biden-a-t-il-caca-lui-meme\/#primaryimage\"},\"image\":{\"@id\":\"https:\/\/vieassociative.be\/actualites\/quest-ce-que-les-gens-se-trompent-cette-semaine-le-president-biden-a-t-il-caca-lui-meme\/#primaryimage\"},\"thumbnailUrl\":\"https:\/\/vieassociative.be\/actualites\/wp-content\/uploads\/2025\/02\/Quest-ce-que-les-gens-se-trompent-cette-semaine-le-president.png\",\"datePublished\":\"2025-02-28T04:17:47+00:00\",\"dateModified\":\"2025-02-28T04:17:47+00:00\",\"breadcrumb\":{\"@id\":\"https:\/\/vieassociative.be\/actualites\/quest-ce-que-les-gens-se-trompent-cette-semaine-le-president-biden-a-t-il-caca-lui-meme\/#breadcrumb\"},\"inLanguage\":\"fr-BE\",\"potentialAction\":[{\"@type\":\"ReadAction\",\"target\":[\"https:\/\/vieassociative.be\/actualites\/quest-ce-que-les-gens-se-trompent-cette-semaine-le-president-biden-a-t-il-caca-lui-meme\/\"]}]},{\"@type\":\"ImageObject\",\"inLanguage\":\"fr-BE\",\"@id\":\"https:\/\/vieassociative.be\/actualites\/quest-ce-que-les-gens-se-trompent-cette-semaine-le-president-biden-a-t-il-caca-lui-meme\/#primaryimage\",\"url\":\"https:\/\/vieassociative.be\/actualites\/wp-content\/uploads\/2025\/02\/Quest-ce-que-les-gens-se-trompent-cette-semaine-le-president.png\",\"contentUrl\":\"https:\/\/vieassociative.be\/actualites\/wp-content\/uploads\/2025\/02\/Quest-ce-que-les-gens-se-trompent-cette-semaine-le-president.png\",\"width\":1200,\"height\":675,\"caption\":\"Qu'est-ce que les gens se trompent cette semaine: le pr\u00e9sident Biden a-t-il caca lui-m\u00eame?\"},{\"@type\":\"BreadcrumbList\",\"@id\":\"https:\/\/vieassociative.be\/actualites\/quest-ce-que-les-gens-se-trompent-cette-semaine-le-president-biden-a-t-il-caca-lui-meme\/#breadcrumb\",\"itemListElement\":[{\"@type\":\"ListItem\",\"position\":1,\"name\":\"Accueil\",\"item\":\"https:\/\/vieassociative.be\/actualites\/\"},{\"@type\":\"ListItem\",\"position\":2,\"name\":\"Qu&rsquo;est-ce que les gens se trompent cette semaine: le pr\u00e9sident Biden a-t-il caca lui-m\u00eame?\"}]},{\"@type\":\"WebSite\",\"@id\":\"https:\/\/vieassociative.be\/actualites\/#website\",\"url\":\"https:\/\/vieassociative.be\/actualites\/\",\"name\":\"Vie Associative\",\"description\":\"\",\"publisher\":{\"@id\":\"https:\/\/vieassociative.be\/actualites\/#organization\"},\"potentialAction\":[{\"@type\":\"SearchAction\",\"target\":{\"@type\":\"EntryPoint\",\"urlTemplate\":\"https:\/\/vieassociative.be\/actualites\/?s={search_term_string}\"},\"query-input\":{\"@type\":\"PropertyValueSpecification\",\"valueRequired\":true,\"valueName\":\"search_term_string\"}}],\"inLanguage\":\"fr-BE\"},{\"@type\":\"Organization\",\"@id\":\"https:\/\/vieassociative.be\/actualites\/#organization\",\"name\":\"Vie Associative\",\"url\":\"https:\/\/vieassociative.be\/actualites\/\",\"logo\":{\"@type\":\"ImageObject\",\"inLanguage\":\"fr-BE\",\"@id\":\"https:\/\/vieassociative.be\/actualites\/#\/schema\/logo\/image\/\",\"url\":\"https:\/\/vieassociative.be\/actualites\/wp-content\/uploads\/2024\/09\/cropped-vieassociative_favicon.ico.png\",\"contentUrl\":\"https:\/\/vieassociative.be\/actualites\/wp-content\/uploads\/2024\/09\/cropped-vieassociative_favicon.ico.png\",\"width\":512,\"height\":512,\"caption\":\"Vie Associative\"},\"image\":{\"@id\":\"https:\/\/vieassociative.be\/actualites\/#\/schema\/logo\/image\/\"}},{\"@type\":\"Person\",\"@id\":\"https:\/\/vieassociative.be\/actualites\/#\/schema\/person\/b87ac4f82f9d4e7b7cec7395b679edc4\",\"name\":\"Julien\",\"image\":{\"@type\":\"ImageObject\",\"inLanguage\":\"fr-BE\",\"@id\":\"https:\/\/vieassociative.be\/actualites\/#\/schema\/person\/image\/\",\"url\":\"https:\/\/vieassociative.be\/actualites\/wp-content\/uploads\/2024\/09\/vie-associative-1-150x150.jpg\",\"contentUrl\":\"https:\/\/vieassociative.be\/actualites\/wp-content\/uploads\/2024\/09\/vie-associative-1-150x150.jpg\",\"caption\":\"Julien\"},\"description\":\"Je suis Julien, r\u00e9dacteur pour Vie Associative. Passionn\u00e9 par le monde associatif depuis plus de 10 ans, j'ai \u00e0 c\u0153ur de partager des histoires inspirantes et de mettre en lumi\u00e8re les initiatives locales. Mon objectif est de sensibiliser et d'encourager l'engagement communautaire \u00e0 travers mes articles.\",\"sameAs\":[\"https:\/\/vieassociative.be\/\"]}]}<\/script>\n<!-- \/ Yoast SEO plugin. -->","yoast_head_json":{"title":"Qu'est-ce que les gens se trompent cette semaine: le pr\u00e9sident Biden a-t-il caca lui-m\u00eame? | Vie Associative","robots":{"index":"index","follow":"follow","max-snippet":"max-snippet:-1","max-image-preview":"max-image-preview:large","max-video-preview":"max-video-preview:-1"},"canonical":"https:\/\/vieassociative.be\/actualites\/quest-ce-que-les-gens-se-trompent-cette-semaine-le-president-biden-a-t-il-caca-lui-meme\/","og_locale":"fr_FR","og_type":"article","og_title":"Qu'est-ce que les gens se trompent cette semaine: le pr\u00e9sident Biden a-t-il caca lui-m\u00eame? | Vie Associative","og_description":"Un examen approfondi de l&rsquo;accident suppos\u00e9 du pr\u00e9sident en France. En avril, j&rsquo;ai examin\u00e9 la rumeur du proc\u00e8s de fraude de Donald Trump selon laquelle","og_url":"https:\/\/vieassociative.be\/actualites\/quest-ce-que-les-gens-se-trompent-cette-semaine-le-president-biden-a-t-il-caca-lui-meme\/","og_site_name":"Vie Associative","article_published_time":"2025-02-28T04:17:47+00:00","og_image":[{"width":279,"height":92,"url":"https:\/\/vieassociative.be\/actualites\/wp-content\/uploads\/2024\/09\/header_backgroundk-01-e1726694325946.png","type":"image\/png"}],"author":"Julien","twitter_card":"summary_large_image","twitter_misc":{"\u00c9crit par":"Julien","Dur\u00e9e de lecture est.":"5 minutes"},"schema":{"@context":"https:\/\/schema.org","@graph":[{"@type":"Article","@id":"https:\/\/vieassociative.be\/actualites\/quest-ce-que-les-gens-se-trompent-cette-semaine-le-president-biden-a-t-il-caca-lui-meme\/#article","isPartOf":{"@id":"https:\/\/vieassociative.be\/actualites\/quest-ce-que-les-gens-se-trompent-cette-semaine-le-president-biden-a-t-il-caca-lui-meme\/"},"author":{"name":"Julien","@id":"https:\/\/vieassociative.be\/actualites\/#\/schema\/person\/b87ac4f82f9d4e7b7cec7395b679edc4"},"headline":"Qu&rsquo;est-ce que les gens se trompent cette semaine: le pr\u00e9sident Biden a-t-il caca lui-m\u00eame?","datePublished":"2025-02-28T04:17:47+00:00","dateModified":"2025-02-28T04:17:47+00:00","mainEntityOfPage":{"@id":"https:\/\/vieassociative.be\/actualites\/quest-ce-que-les-gens-se-trompent-cette-semaine-le-president-biden-a-t-il-caca-lui-meme\/"},"wordCount":1002,"publisher":{"@id":"https:\/\/vieassociative.be\/actualites\/#organization"},"image":{"@id":"https:\/\/vieassociative.be\/actualites\/quest-ce-que-les-gens-se-trompent-cette-semaine-le-president-biden-a-t-il-caca-lui-meme\/#primaryimage"},"thumbnailUrl":"https:\/\/vieassociative.be\/actualites\/wp-content\/uploads\/2025\/02\/Quest-ce-que-les-gens-se-trompent-cette-semaine-le-president.png","keywords":["atil","Biden","caca","cette","gens","Les","luim\u00eame","pr\u00e9sident","Questce","semaine","trompent"],"articleSection":["Divertissement"],"inLanguage":"fr-BE"},{"@type":"WebPage","@id":"https:\/\/vieassociative.be\/actualites\/quest-ce-que-les-gens-se-trompent-cette-semaine-le-president-biden-a-t-il-caca-lui-meme\/","url":"https:\/\/vieassociative.be\/actualites\/quest-ce-que-les-gens-se-trompent-cette-semaine-le-president-biden-a-t-il-caca-lui-meme\/","name":"Qu'est-ce que les gens se trompent cette semaine: le pr\u00e9sident Biden a-t-il caca lui-m\u00eame? | Vie Associative","isPartOf":{"@id":"https:\/\/vieassociative.be\/actualites\/#website"},"primaryImageOfPage":{"@id":"https:\/\/vieassociative.be\/actualites\/quest-ce-que-les-gens-se-trompent-cette-semaine-le-president-biden-a-t-il-caca-lui-meme\/#primaryimage"},"image":{"@id":"https:\/\/vieassociative.be\/actualites\/quest-ce-que-les-gens-se-trompent-cette-semaine-le-president-biden-a-t-il-caca-lui-meme\/#primaryimage"},"thumbnailUrl":"https:\/\/vieassociative.be\/actualites\/wp-content\/uploads\/2025\/02\/Quest-ce-que-les-gens-se-trompent-cette-semaine-le-president.png","datePublished":"2025-02-28T04:17:47+00:00","dateModified":"2025-02-28T04:17:47+00:00","breadcrumb":{"@id":"https:\/\/vieassociative.be\/actualites\/quest-ce-que-les-gens-se-trompent-cette-semaine-le-president-biden-a-t-il-caca-lui-meme\/#breadcrumb"},"inLanguage":"fr-BE","potentialAction":[{"@type":"ReadAction","target":["https:\/\/vieassociative.be\/actualites\/quest-ce-que-les-gens-se-trompent-cette-semaine-le-president-biden-a-t-il-caca-lui-meme\/"]}]},{"@type":"ImageObject","inLanguage":"fr-BE","@id":"https:\/\/vieassociative.be\/actualites\/quest-ce-que-les-gens-se-trompent-cette-semaine-le-president-biden-a-t-il-caca-lui-meme\/#primaryimage","url":"https:\/\/vieassociative.be\/actualites\/wp-content\/uploads\/2025\/02\/Quest-ce-que-les-gens-se-trompent-cette-semaine-le-president.png","contentUrl":"https:\/\/vieassociative.be\/actualites\/wp-content\/uploads\/2025\/02\/Quest-ce-que-les-gens-se-trompent-cette-semaine-le-president.png","width":1200,"height":675,"caption":"Qu'est-ce que les gens se trompent cette semaine: le pr\u00e9sident Biden a-t-il caca lui-m\u00eame?"},{"@type":"BreadcrumbList","@id":"https:\/\/vieassociative.be\/actualites\/quest-ce-que-les-gens-se-trompent-cette-semaine-le-president-biden-a-t-il-caca-lui-meme\/#breadcrumb","itemListElement":[{"@type":"ListItem","position":1,"name":"Accueil","item":"https:\/\/vieassociative.be\/actualites\/"},{"@type":"ListItem","position":2,"name":"Qu&rsquo;est-ce que les gens se trompent cette semaine: le pr\u00e9sident Biden a-t-il caca lui-m\u00eame?"}]},{"@type":"WebSite","@id":"https:\/\/vieassociative.be\/actualites\/#website","url":"https:\/\/vieassociative.be\/actualites\/","name":"Vie Associative","description":"","publisher":{"@id":"https:\/\/vieassociative.be\/actualites\/#organization"},"potentialAction":[{"@type":"SearchAction","target":{"@type":"EntryPoint","urlTemplate":"https:\/\/vieassociative.be\/actualites\/?s={search_term_string}"},"query-input":{"@type":"PropertyValueSpecification","valueRequired":true,"valueName":"search_term_string"}}],"inLanguage":"fr-BE"},{"@type":"Organization","@id":"https:\/\/vieassociative.be\/actualites\/#organization","name":"Vie Associative","url":"https:\/\/vieassociative.be\/actualites\/","logo":{"@type":"ImageObject","inLanguage":"fr-BE","@id":"https:\/\/vieassociative.be\/actualites\/#\/schema\/logo\/image\/","url":"https:\/\/vieassociative.be\/actualites\/wp-content\/uploads\/2024\/09\/cropped-vieassociative_favicon.ico.png","contentUrl":"https:\/\/vieassociative.be\/actualites\/wp-content\/uploads\/2024\/09\/cropped-vieassociative_favicon.ico.png","width":512,"height":512,"caption":"Vie Associative"},"image":{"@id":"https:\/\/vieassociative.be\/actualites\/#\/schema\/logo\/image\/"}},{"@type":"Person","@id":"https:\/\/vieassociative.be\/actualites\/#\/schema\/person\/b87ac4f82f9d4e7b7cec7395b679edc4","name":"Julien","image":{"@type":"ImageObject","inLanguage":"fr-BE","@id":"https:\/\/vieassociative.be\/actualites\/#\/schema\/person\/image\/","url":"https:\/\/vieassociative.be\/actualites\/wp-content\/uploads\/2024\/09\/vie-associative-1-150x150.jpg","contentUrl":"https:\/\/vieassociative.be\/actualites\/wp-content\/uploads\/2024\/09\/vie-associative-1-150x150.jpg","caption":"Julien"},"description":"Je suis Julien, r\u00e9dacteur pour Vie Associative. Passionn\u00e9 par le monde associatif depuis plus de 10 ans, j'ai \u00e0 c\u0153ur de partager des histoires inspirantes et de mettre en lumi\u00e8re les initiatives locales. Mon objectif est de sensibiliser et d'encourager l'engagement communautaire \u00e0 travers mes articles.","sameAs":["https:\/\/vieassociative.be\/"]}]}},"_links":{"self":[{"href":"https:\/\/vieassociative.be\/actualites\/wp-json\/wp\/v2\/posts\/5482"}],"collection":[{"href":"https:\/\/vieassociative.be\/actualites\/wp-json\/wp\/v2\/posts"}],"about":[{"href":"https:\/\/vieassociative.be\/actualites\/wp-json\/wp\/v2\/types\/post"}],"author":[{"embeddable":true,"href":"https:\/\/vieassociative.be\/actualites\/wp-json\/wp\/v2\/users\/1"}],"replies":[{"embeddable":true,"href":"https:\/\/vieassociative.be\/actualites\/wp-json\/wp\/v2\/comments?post=5482"}],"version-history":[{"count":0,"href":"https:\/\/vieassociative.be\/actualites\/wp-json\/wp\/v2\/posts\/5482\/revisions"}],"wp:featuredmedia":[{"embeddable":true,"href":"https:\/\/vieassociative.be\/actualites\/wp-json\/wp\/v2\/media\/5483"}],"wp:attachment":[{"href":"https:\/\/vieassociative.be\/actualites\/wp-json\/wp\/v2\/media?parent=5482"}],"wp:term":[{"taxonomy":"category","embeddable":true,"href":"https:\/\/vieassociative.be\/actualites\/wp-json\/wp\/v2\/categories?post=5482"},{"taxonomy":"post_tag","embeddable":true,"href":"https:\/\/vieassociative.be\/actualites\/wp-json\/wp\/v2\/tags?post=5482"}],"curies":[{"name":"wp","href":"https:\/\/api.w.org\/{rel}","templated":true}]}}