{"id":5480,"date":"2025-02-28T03:18:09","date_gmt":"2025-02-28T02:18:09","guid":{"rendered":"https:\/\/vieassociative.be\/actualites\/photos-de-la-fete-altweiber-sur-la-place-du-marche-a-eupen-dans-lapres-midi-galerie-de-photos\/"},"modified":"2025-02-28T03:18:09","modified_gmt":"2025-02-28T02:18:09","slug":"photos-de-la-fete-altweiber-sur-la-place-du-marche-a-eupen-dans-lapres-midi-galerie-de-photos","status":"publish","type":"post","link":"https:\/\/vieassociative.be\/actualites\/photos-de-la-fete-altweiber-sur-la-place-du-marche-a-eupen-dans-lapres-midi-galerie-de-photos\/","title":{"rendered":"Photos de la f\u00eate Altweiber sur la place du march\u00e9 \u00e0 Eupen dans l&rsquo;apr\u00e8s-midi (galerie de photos)"},"content":{"rendered":"<p><strong>Pour beaucoup d&rsquo;Eupener Jecke, le d\u00e9fil\u00e9 des vieilles femmes le matin \u00e9tait loin d&rsquo;\u00eatre termin\u00e9. Pour beaucoup d&rsquo;entre eux, cela a vraiment commenc\u00e9 dans l&rsquo;apr\u00e8s-midi.<\/strong><\/p>\n<p><span id=\"more-409353\"><\/span>Bien que le temps soit au fil du temps, le Jecken a c\u00e9l\u00e9br\u00e9 le plein air sur la place du march\u00e9 d&rsquo;Eupen. Pour \u00abl&rsquo;est de la Belgique directement\u00bb, le photographe Helmut Koch \u00e9tait l\u00e0 avec son appareil photo.<\/p>\n<p>Apr\u00e8s la temp\u00eate de la mairie d&rsquo;Eupen ou la tente sur Rathausplatz (voir la galerie de photos ailleurs), les vieilles femmes prennent d&rsquo;assaut les restaurants du centre-ville pour se fortifier. \u00c0 14 h, tout le monde s&rsquo;est retrouv\u00e9 sur la place du march\u00e9 pour la f\u00eate du carnaval.<\/p>\n<p>Malgr\u00e9 le temps pas si id\u00e9al, beaucoup de jecks gambadent entre la colonne de Marie et de l&rsquo;\u00e9glise paroissiale &#8211; et ne devraient pas le regretter. De bonne humeur a \u00e9t\u00e9 garantie sur le AltweiberDonnerstag sur le march\u00e9. Le programme comprenait \u00ab\u00a0De Hondsjonge\u00a0\u00bb, \u00ab\u00a0Los Cannonos\u00a0\u00bb, \u00ab\u00a0Sven Without Girls\u00a0\u00bb, \u00ab\u00a0Domm en D\u00f6\u00f6l\u00a0\u00bb, \u00ab\u00a0Mike Sober\u00a0\u00bb et \u00ab\u00a0LC Jonge\u00a0\u00bb.<\/p>\n<p><em><strong>Vous trouverez ci-dessous une galerie de photos avec des photos de Helmut Koch de l&rsquo;agitation color\u00e9e et de l&rsquo;agitation sur le march\u00e9 d&rsquo;Eupen le vieux Womendonday. Cliquez sur l&rsquo;image pour agrandir. Pour passer d&rsquo;une image \u00e0 une autre, cliquez sur la fl\u00e8che \u00e0 droite est suffisant:<\/strong><\/em><\/p>\n<div class=\"wp-gallery row\">\n<figure class=\"column small-6 medium-3 end\"><img decoding=\"async\" src=\"https:\/\/vieassociative.be\/actualites\/wp-content\/uploads\/2025\/02\/Photos-de-la-fete-Altweiber-sur-la-place-du-marche.jpg\" width=\"159\" height=\"159\" alt=\"\"><\/figure>\n<figure class=\"column small-6 medium-3 end\"><img decoding=\"async\" src=\"https:\/\/vieassociative.be\/actualites\/wp-content\/uploads\/2025\/02\/1740709088_520_Photos-de-la-fete-Altweiber-sur-la-place-du-marche.jpg\" width=\"159\" height=\"159\" alt=\"\"><\/figure>\n<figure class=\"column small-6 medium-3 end\"><img decoding=\"async\" src=\"https:\/\/vieassociative.be\/actualites\/wp-content\/uploads\/2025\/02\/1740709088_536_Photos-de-la-fete-Altweiber-sur-la-place-du-marche.jpg\" width=\"159\" height=\"159\" alt=\"\"><\/figure>\n<figure class=\"column small-6 medium-3 end\"><img loading=\"lazy\" decoding=\"async\" src=\"https:\/\/vieassociative.be\/actualites\/wp-content\/uploads\/2025\/02\/1740709088_772_Photos-de-la-fete-Altweiber-sur-la-place-du-marche.jpg\" width=\"159\" height=\"159\" alt=\"\"><\/figure>\n<figure class=\"column small-6 medium-3 end\"><img loading=\"lazy\" decoding=\"async\" src=\"https:\/\/vieassociative.be\/actualites\/wp-content\/uploads\/2025\/02\/1740709088_929_Photos-de-la-fete-Altweiber-sur-la-place-du-marche.jpg\" width=\"159\" height=\"159\" alt=\"\"><\/figure>\n<figure class=\"column small-6 medium-3 end\"><img loading=\"lazy\" decoding=\"async\" src=\"https:\/\/vieassociative.be\/actualites\/wp-content\/uploads\/2025\/02\/1740709088_418_Photos-de-la-fete-Altweiber-sur-la-place-du-marche.jpg\" width=\"159\" height=\"159\" alt=\"\"><\/figure>\n<figure class=\"column small-6 medium-3 end\"><img loading=\"lazy\" decoding=\"async\" src=\"https:\/\/vieassociative.be\/actualites\/wp-content\/uploads\/2025\/02\/1740709088_14_Photos-de-la-fete-Altweiber-sur-la-place-du-marche.jpg\" width=\"159\" height=\"159\" alt=\"\"><\/figure>\n<figure class=\"column small-6 medium-3 end\"><img loading=\"lazy\" decoding=\"async\" src=\"https:\/\/vieassociative.be\/actualites\/wp-content\/uploads\/2025\/02\/1740709088_381_Photos-de-la-fete-Altweiber-sur-la-place-du-marche.jpg\" width=\"159\" height=\"159\" alt=\"\"><\/figure>\n<figure class=\"column small-6 medium-3 end\"><img loading=\"lazy\" decoding=\"async\" src=\"https:\/\/vieassociative.be\/actualites\/wp-content\/uploads\/2025\/02\/1740709088_339_Photos-de-la-fete-Altweiber-sur-la-place-du-marche.jpg\" width=\"159\" height=\"159\" alt=\"\"><\/figure>\n<figure class=\"column small-6 medium-3 end\"><img loading=\"lazy\" decoding=\"async\" src=\"https:\/\/vieassociative.be\/actualites\/wp-content\/uploads\/2025\/02\/1740709088_308_Photos-de-la-fete-Altweiber-sur-la-place-du-marche.jpg\" width=\"159\" height=\"159\" alt=\"\"><\/figure>\n<figure class=\"column small-6 medium-3 end\"><img loading=\"lazy\" decoding=\"async\" src=\"https:\/\/vieassociative.be\/actualites\/wp-content\/uploads\/2025\/02\/1740709088_452_Photos-de-la-fete-Altweiber-sur-la-place-du-marche.jpg\" width=\"159\" height=\"159\" alt=\"\"><\/figure>\n<figure class=\"column small-6 medium-3 end\"><img loading=\"lazy\" decoding=\"async\" src=\"https:\/\/vieassociative.be\/actualites\/wp-content\/uploads\/2025\/02\/1740709088_330_Photos-de-la-fete-Altweiber-sur-la-place-du-marche.jpg\" width=\"159\" height=\"159\" alt=\"\"><\/figure>\n<figure class=\"column small-6 medium-3 end\"><img loading=\"lazy\" decoding=\"async\" src=\"https:\/\/vieassociative.be\/actualites\/wp-content\/uploads\/2025\/02\/1740709088_349_Photos-de-la-fete-Altweiber-sur-la-place-du-marche.jpg\" width=\"159\" height=\"159\" alt=\"\"><\/figure>\n<figure class=\"column small-6 medium-3 end\"><img loading=\"lazy\" decoding=\"async\" src=\"https:\/\/vieassociative.be\/actualites\/wp-content\/uploads\/2025\/02\/1740709088_532_Photos-de-la-fete-Altweiber-sur-la-place-du-marche.jpg\" width=\"159\" height=\"159\" alt=\"\"><\/figure>\n<figure class=\"column small-6 medium-3 end\"><img loading=\"lazy\" decoding=\"async\" src=\"https:\/\/vieassociative.be\/actualites\/wp-content\/uploads\/2025\/02\/1740709088_942_Photos-de-la-fete-Altweiber-sur-la-place-du-marche.jpg\" width=\"159\" height=\"159\" alt=\"\"><\/figure>\n<figure class=\"column small-6 medium-3 end\"><img loading=\"lazy\" decoding=\"async\" src=\"https:\/\/vieassociative.be\/actualites\/wp-content\/uploads\/2025\/02\/1740709088_399_Photos-de-la-fete-Altweiber-sur-la-place-du-marche.jpg\" width=\"159\" height=\"159\" alt=\"\"><\/figure>\n<figure class=\"column small-6 medium-3 end\"><img loading=\"lazy\" decoding=\"async\" src=\"https:\/\/vieassociative.be\/actualites\/wp-content\/uploads\/2025\/02\/1740709088_914_Photos-de-la-fete-Altweiber-sur-la-place-du-marche.jpg\" width=\"159\" height=\"159\" alt=\"\"><\/figure>\n<figure class=\"column small-6 medium-3 end\"><img loading=\"lazy\" decoding=\"async\" src=\"https:\/\/vieassociative.be\/actualites\/wp-content\/uploads\/2025\/02\/1740709088_718_Photos-de-la-fete-Altweiber-sur-la-place-du-marche.jpg\" width=\"159\" height=\"159\" alt=\"\"><\/figure>\n<figure class=\"column small-6 medium-3 end\"><img loading=\"lazy\" decoding=\"async\" src=\"https:\/\/vieassociative.be\/actualites\/wp-content\/uploads\/2025\/02\/1740709088_18_Photos-de-la-fete-Altweiber-sur-la-place-du-marche.jpg\" width=\"159\" height=\"159\" alt=\"\"><\/figure>\n<figure class=\"column small-6 medium-3 end\"><img loading=\"lazy\" decoding=\"async\" src=\"https:\/\/vieassociative.be\/actualites\/wp-content\/uploads\/2025\/02\/1740709088_931_Photos-de-la-fete-Altweiber-sur-la-place-du-marche.jpg\" width=\"159\" height=\"159\" alt=\"\"><\/figure>\n<figure class=\"column small-6 medium-3 end\"><img loading=\"lazy\" decoding=\"async\" src=\"https:\/\/vieassociative.be\/actualites\/wp-content\/uploads\/2025\/02\/1740709088_762_Photos-de-la-fete-Altweiber-sur-la-place-du-marche.jpg\" width=\"159\" height=\"159\" alt=\"\"><\/figure>\n<figure class=\"column small-6 medium-3 end\"><img loading=\"lazy\" decoding=\"async\" src=\"https:\/\/vieassociative.be\/actualites\/wp-content\/uploads\/2025\/02\/1740709088_508_Photos-de-la-fete-Altweiber-sur-la-place-du-marche.jpg\" width=\"159\" height=\"159\" alt=\"\"><\/figure>\n<figure class=\"column small-6 medium-3 end\"><img loading=\"lazy\" decoding=\"async\" src=\"https:\/\/vieassociative.be\/actualites\/wp-content\/uploads\/2025\/02\/1740709088_769_Photos-de-la-fete-Altweiber-sur-la-place-du-marche.jpg\" width=\"159\" height=\"159\" alt=\"\"><\/figure>\n<figure class=\"column small-6 medium-3 end\"><img loading=\"lazy\" decoding=\"async\" src=\"https:\/\/vieassociative.be\/actualites\/wp-content\/uploads\/2025\/02\/1740709089_144_Photos-de-la-fete-Altweiber-sur-la-place-du-marche.jpg\" width=\"159\" height=\"159\" alt=\"\"><\/figure>\n<figure class=\"column small-6 medium-3 end\"><img loading=\"lazy\" decoding=\"async\" src=\"https:\/\/vieassociative.be\/actualites\/wp-content\/uploads\/2025\/02\/1740709089_448_Photos-de-la-fete-Altweiber-sur-la-place-du-marche.jpg\" width=\"159\" height=\"159\" alt=\"\"><\/figure>\n<figure class=\"column small-6 medium-3 end\"><img loading=\"lazy\" decoding=\"async\" src=\"https:\/\/vieassociative.be\/actualites\/wp-content\/uploads\/2025\/02\/1740709089_516_Photos-de-la-fete-Altweiber-sur-la-place-du-marche.jpg\" width=\"159\" height=\"159\" alt=\"\"><\/figure>\n<figure class=\"column small-6 medium-3 end\"><img loading=\"lazy\" decoding=\"async\" src=\"https:\/\/vieassociative.be\/actualites\/wp-content\/uploads\/2025\/02\/1740709089_296_Photos-de-la-fete-Altweiber-sur-la-place-du-marche.jpg\" width=\"159\" height=\"159\" alt=\"\"><\/figure>\n<figure class=\"column small-6 medium-3 end\"><img loading=\"lazy\" decoding=\"async\" src=\"https:\/\/vieassociative.be\/actualites\/wp-content\/uploads\/2025\/02\/1740709089_766_Photos-de-la-fete-Altweiber-sur-la-place-du-marche.jpg\" width=\"159\" height=\"159\" alt=\"\"><\/figure>\n<figure class=\"column small-6 medium-3 end\"><img loading=\"lazy\" decoding=\"async\" src=\"https:\/\/vieassociative.be\/actualites\/wp-content\/uploads\/2025\/02\/1740709089_987_Photos-de-la-fete-Altweiber-sur-la-place-du-marche.jpg\" width=\"159\" height=\"159\" alt=\"\"><\/figure>\n<figure class=\"column small-6 medium-3 end\"><img loading=\"lazy\" decoding=\"async\" src=\"https:\/\/vieassociative.be\/actualites\/wp-content\/uploads\/2025\/02\/1740709089_985_Photos-de-la-fete-Altweiber-sur-la-place-du-marche.jpg\" width=\"159\" height=\"159\" alt=\"\"><\/figure>\n<figure class=\"column small-6 medium-3 end\"><img loading=\"lazy\" decoding=\"async\" src=\"https:\/\/vieassociative.be\/actualites\/wp-content\/uploads\/2025\/02\/1740709089_538_Photos-de-la-fete-Altweiber-sur-la-place-du-marche.jpg\" width=\"159\" height=\"159\" alt=\"\"><\/figure>\n<figure class=\"column small-6 medium-3 end\"><img loading=\"lazy\" decoding=\"async\" src=\"https:\/\/vieassociative.be\/actualites\/wp-content\/uploads\/2025\/02\/1740709089_403_Photos-de-la-fete-Altweiber-sur-la-place-du-marche.jpg\" width=\"159\" height=\"159\" alt=\"\"><\/figure>\n<figure class=\"column small-6 medium-3 end\"><img loading=\"lazy\" decoding=\"async\" src=\"https:\/\/vieassociative.be\/actualites\/wp-content\/uploads\/2025\/02\/1740709089_114_Photos-de-la-fete-Altweiber-sur-la-place-du-marche.jpg\" width=\"159\" height=\"159\" alt=\"\"><\/figure>\n<figure class=\"column small-6 medium-3 end\"><img loading=\"lazy\" decoding=\"async\" src=\"https:\/\/vieassociative.be\/actualites\/wp-content\/uploads\/2025\/02\/1740709089_938_Photos-de-la-fete-Altweiber-sur-la-place-du-marche.jpg\" width=\"159\" height=\"159\" alt=\"\"><\/figure>\n<figure class=\"column small-6 medium-3 end\"><img loading=\"lazy\" decoding=\"async\" src=\"https:\/\/vieassociative.be\/actualites\/wp-content\/uploads\/2025\/02\/1740709089_260_Photos-de-la-fete-Altweiber-sur-la-place-du-marche.jpg\" width=\"159\" height=\"159\" alt=\"\"><\/figure>\n<figure class=\"column small-6 medium-3 end\"><img loading=\"lazy\" decoding=\"async\" src=\"https:\/\/vieassociative.be\/actualites\/wp-content\/uploads\/2025\/02\/1740709089_553_Photos-de-la-fete-Altweiber-sur-la-place-du-marche.jpg\" width=\"159\" height=\"159\" alt=\"\"><\/figure>\n<figure class=\"column small-6 medium-3 end\"><img loading=\"lazy\" decoding=\"async\" src=\"https:\/\/vieassociative.be\/actualites\/wp-content\/uploads\/2025\/02\/1740709089_350_Photos-de-la-fete-Altweiber-sur-la-place-du-marche.jpg\" width=\"159\" height=\"159\" alt=\"\"><\/figure>\n<figure class=\"column small-6 medium-3 end\"><img loading=\"lazy\" decoding=\"async\" src=\"https:\/\/vieassociative.be\/actualites\/wp-content\/uploads\/2025\/02\/1740709089_383_Photos-de-la-fete-Altweiber-sur-la-place-du-marche.jpg\" width=\"159\" height=\"159\" alt=\"\"><\/figure>\n<figure class=\"column small-6 medium-3 end\"><img loading=\"lazy\" decoding=\"async\" src=\"https:\/\/vieassociative.be\/actualites\/wp-content\/uploads\/2025\/02\/1740709089_837_Photos-de-la-fete-Altweiber-sur-la-place-du-marche.jpg\" width=\"159\" height=\"159\" alt=\"\"><\/figure>\n<figure class=\"column small-6 medium-3 end\"><img loading=\"lazy\" decoding=\"async\" src=\"https:\/\/vieassociative.be\/actualites\/wp-content\/uploads\/2025\/02\/1740709089_466_Photos-de-la-fete-Altweiber-sur-la-place-du-marche.jpg\" width=\"159\" height=\"159\" alt=\"\"><\/figure>\n<figure class=\"column small-6 medium-3 end\"><img loading=\"lazy\" decoding=\"async\" src=\"https:\/\/vieassociative.be\/actualites\/wp-content\/uploads\/2025\/02\/1740709089_242_Photos-de-la-fete-Altweiber-sur-la-place-du-marche.jpg\" width=\"159\" height=\"159\" alt=\"\"><\/figure>\n<figure class=\"column small-6 medium-3 end\"><img loading=\"lazy\" decoding=\"async\" src=\"https:\/\/vieassociative.be\/actualites\/wp-content\/uploads\/2025\/02\/1740709089_895_Photos-de-la-fete-Altweiber-sur-la-place-du-marche.jpg\" width=\"159\" height=\"159\" alt=\"\"><\/figure>\n<figure class=\"column small-6 medium-3 end\"><img loading=\"lazy\" decoding=\"async\" src=\"https:\/\/vieassociative.be\/actualites\/wp-content\/uploads\/2025\/02\/1740709089_622_Photos-de-la-fete-Altweiber-sur-la-place-du-marche.jpg\" width=\"159\" height=\"159\" alt=\"\"><\/figure>\n<figure class=\"column small-6 medium-3 end\"><img loading=\"lazy\" decoding=\"async\" src=\"https:\/\/vieassociative.be\/actualites\/wp-content\/uploads\/2025\/02\/1740709089_350_Photos-de-la-fete-Altweiber-sur-la-place-du-marche.jpg\" width=\"159\" height=\"159\" alt=\"\"><\/figure>\n<\/div>\n","protected":false},"excerpt":{"rendered":"<p>Pour beaucoup d&rsquo;Eupener Jecke, le d\u00e9fil\u00e9 des vieilles femmes le matin \u00e9tait loin d&rsquo;\u00eatre termin\u00e9. Pour beaucoup d&rsquo;entre eux, cela a vraiment commenc\u00e9 dans l&rsquo;apr\u00e8s-midi.<\/p>\n","protected":false},"author":1,"featured_media":5481,"comment_status":"","ping_status":"","sticky":false,"template":"","format":"standard","meta":{"footnotes":""},"categories":[298],"tags":[5594,166,2329,1485,3257,5599,1523,283,204,33],"class_list":["post-5480","post","type-post","status-publish","format-standard","has-post-thumbnail","hentry","category-belgique","tag-altweiber","tag-dans","tag-eupen","tag-fete","tag-galerie","tag-lapresmidi","tag-marche","tag-photos","tag-place","tag-sur","generate-columns","tablet-grid-50","mobile-grid-100","grid-parent","grid-33"],"yoast_head":"<!-- This site is optimized with the Yoast SEO plugin v24.0 - https:\/\/yoast.com\/wordpress\/plugins\/seo\/ -->\n<title>Photos de la f\u00eate Altweiber sur la place du march\u00e9 \u00e0 Eupen dans l&#039;apr\u00e8s-midi (galerie de photos) | Vie Associative<\/title>\n<meta name=\"robots\" content=\"index, follow, max-snippet:-1, max-image-preview:large, max-video-preview:-1\" \/>\n<link rel=\"canonical\" href=\"https:\/\/vieassociative.be\/actualites\/photos-de-la-fete-altweiber-sur-la-place-du-marche-a-eupen-dans-lapres-midi-galerie-de-photos\/\" \/>\n<meta property=\"og:locale\" content=\"fr_FR\" \/>\n<meta property=\"og:type\" content=\"article\" \/>\n<meta property=\"og:title\" content=\"Photos de la f\u00eate Altweiber sur la place du march\u00e9 \u00e0 Eupen dans l&#039;apr\u00e8s-midi (galerie de photos) | Vie Associative\" \/>\n<meta property=\"og:description\" content=\"Pour beaucoup d&rsquo;Eupener Jecke, le d\u00e9fil\u00e9 des vieilles femmes le matin \u00e9tait loin d&rsquo;\u00eatre termin\u00e9. Pour beaucoup d&rsquo;entre eux, cela a vraiment commenc\u00e9 dans l&rsquo;apr\u00e8s-midi.\" \/>\n<meta property=\"og:url\" content=\"https:\/\/vieassociative.be\/actualites\/photos-de-la-fete-altweiber-sur-la-place-du-marche-a-eupen-dans-lapres-midi-galerie-de-photos\/\" \/>\n<meta property=\"og:site_name\" content=\"Vie Associative\" \/>\n<meta property=\"article:published_time\" content=\"2025-02-28T02:18:09+00:00\" \/>\n<meta property=\"og:image\" content=\"https:\/\/vieassociative.be\/actualites\/wp-content\/uploads\/2025\/02\/Photos-de-la-fete-Altweiber-sur-la-place-du-marche.jpg\" \/>\n<meta name=\"author\" content=\"Julien\" \/>\n<meta name=\"twitter:card\" content=\"summary_large_image\" \/>\n<meta name=\"twitter:label1\" content=\"\u00c9crit par\" \/>\n\t<meta name=\"twitter:data1\" content=\"Julien\" \/>\n\t<meta name=\"twitter:label2\" content=\"Dur\u00e9e de lecture est.\" \/>\n\t<meta name=\"twitter:data2\" content=\"1 minute\" \/>\n<script type=\"application\/ld+json\" class=\"yoast-schema-graph\">{\"@context\":\"https:\/\/schema.org\",\"@graph\":[{\"@type\":\"Article\",\"@id\":\"https:\/\/vieassociative.be\/actualites\/photos-de-la-fete-altweiber-sur-la-place-du-marche-a-eupen-dans-lapres-midi-galerie-de-photos\/#article\",\"isPartOf\":{\"@id\":\"https:\/\/vieassociative.be\/actualites\/photos-de-la-fete-altweiber-sur-la-place-du-marche-a-eupen-dans-lapres-midi-galerie-de-photos\/\"},\"author\":{\"name\":\"Julien\",\"@id\":\"https:\/\/vieassociative.be\/actualites\/#\/schema\/person\/b87ac4f82f9d4e7b7cec7395b679edc4\"},\"headline\":\"Photos de la f\u00eate Altweiber sur la place du march\u00e9 \u00e0 Eupen dans l&rsquo;apr\u00e8s-midi (galerie de photos)\",\"datePublished\":\"2025-02-28T02:18:09+00:00\",\"dateModified\":\"2025-02-28T02:18:09+00:00\",\"mainEntityOfPage\":{\"@id\":\"https:\/\/vieassociative.be\/actualites\/photos-de-la-fete-altweiber-sur-la-place-du-marche-a-eupen-dans-lapres-midi-galerie-de-photos\/\"},\"wordCount\":254,\"publisher\":{\"@id\":\"https:\/\/vieassociative.be\/actualites\/#organization\"},\"image\":{\"@id\":\"https:\/\/vieassociative.be\/actualites\/photos-de-la-fete-altweiber-sur-la-place-du-marche-a-eupen-dans-lapres-midi-galerie-de-photos\/#primaryimage\"},\"thumbnailUrl\":\"https:\/\/vieassociative.be\/actualites\/wp-content\/uploads\/2025\/02\/1740709090_Photos-de-la-fete-Altweiber-sur-la-place-du-marche.jpg\",\"keywords\":[\"Altweiber\",\"dans\",\"Eupen\",\"f\u00eate\",\"galerie\",\"lapr\u00e8smidi\",\"march\u00e9\",\"Photos\",\"place\",\"sur\"],\"articleSection\":[\"Belgique\"],\"inLanguage\":\"fr-BE\"},{\"@type\":\"WebPage\",\"@id\":\"https:\/\/vieassociative.be\/actualites\/photos-de-la-fete-altweiber-sur-la-place-du-marche-a-eupen-dans-lapres-midi-galerie-de-photos\/\",\"url\":\"https:\/\/vieassociative.be\/actualites\/photos-de-la-fete-altweiber-sur-la-place-du-marche-a-eupen-dans-lapres-midi-galerie-de-photos\/\",\"name\":\"Photos de la f\u00eate Altweiber sur la place du march\u00e9 \u00e0 Eupen dans l'apr\u00e8s-midi (galerie de photos) | Vie Associative\",\"isPartOf\":{\"@id\":\"https:\/\/vieassociative.be\/actualites\/#website\"},\"primaryImageOfPage\":{\"@id\":\"https:\/\/vieassociative.be\/actualites\/photos-de-la-fete-altweiber-sur-la-place-du-marche-a-eupen-dans-lapres-midi-galerie-de-photos\/#primaryimage\"},\"image\":{\"@id\":\"https:\/\/vieassociative.be\/actualites\/photos-de-la-fete-altweiber-sur-la-place-du-marche-a-eupen-dans-lapres-midi-galerie-de-photos\/#primaryimage\"},\"thumbnailUrl\":\"https:\/\/vieassociative.be\/actualites\/wp-content\/uploads\/2025\/02\/1740709090_Photos-de-la-fete-Altweiber-sur-la-place-du-marche.jpg\",\"datePublished\":\"2025-02-28T02:18:09+00:00\",\"dateModified\":\"2025-02-28T02:18:09+00:00\",\"breadcrumb\":{\"@id\":\"https:\/\/vieassociative.be\/actualites\/photos-de-la-fete-altweiber-sur-la-place-du-marche-a-eupen-dans-lapres-midi-galerie-de-photos\/#breadcrumb\"},\"inLanguage\":\"fr-BE\",\"potentialAction\":[{\"@type\":\"ReadAction\",\"target\":[\"https:\/\/vieassociative.be\/actualites\/photos-de-la-fete-altweiber-sur-la-place-du-marche-a-eupen-dans-lapres-midi-galerie-de-photos\/\"]}]},{\"@type\":\"ImageObject\",\"inLanguage\":\"fr-BE\",\"@id\":\"https:\/\/vieassociative.be\/actualites\/photos-de-la-fete-altweiber-sur-la-place-du-marche-a-eupen-dans-lapres-midi-galerie-de-photos\/#primaryimage\",\"url\":\"https:\/\/vieassociative.be\/actualites\/wp-content\/uploads\/2025\/02\/1740709090_Photos-de-la-fete-Altweiber-sur-la-place-du-marche.jpg\",\"contentUrl\":\"https:\/\/vieassociative.be\/actualites\/wp-content\/uploads\/2025\/02\/1740709090_Photos-de-la-fete-Altweiber-sur-la-place-du-marche.jpg\",\"width\":1300,\"height\":861,\"caption\":\"Photos de la f\u00eate Altweiber sur la place du march\u00e9 \u00e0 Eupen dans l'apr\u00e8s-midi (galerie de photos)\"},{\"@type\":\"BreadcrumbList\",\"@id\":\"https:\/\/vieassociative.be\/actualites\/photos-de-la-fete-altweiber-sur-la-place-du-marche-a-eupen-dans-lapres-midi-galerie-de-photos\/#breadcrumb\",\"itemListElement\":[{\"@type\":\"ListItem\",\"position\":1,\"name\":\"Accueil\",\"item\":\"https:\/\/vieassociative.be\/actualites\/\"},{\"@type\":\"ListItem\",\"position\":2,\"name\":\"Photos de la f\u00eate Altweiber sur la place du march\u00e9 \u00e0 Eupen dans l&rsquo;apr\u00e8s-midi (galerie de photos)\"}]},{\"@type\":\"WebSite\",\"@id\":\"https:\/\/vieassociative.be\/actualites\/#website\",\"url\":\"https:\/\/vieassociative.be\/actualites\/\",\"name\":\"Vie Associative\",\"description\":\"\",\"publisher\":{\"@id\":\"https:\/\/vieassociative.be\/actualites\/#organization\"},\"potentialAction\":[{\"@type\":\"SearchAction\",\"target\":{\"@type\":\"EntryPoint\",\"urlTemplate\":\"https:\/\/vieassociative.be\/actualites\/?s={search_term_string}\"},\"query-input\":{\"@type\":\"PropertyValueSpecification\",\"valueRequired\":true,\"valueName\":\"search_term_string\"}}],\"inLanguage\":\"fr-BE\"},{\"@type\":\"Organization\",\"@id\":\"https:\/\/vieassociative.be\/actualites\/#organization\",\"name\":\"Vie Associative\",\"url\":\"https:\/\/vieassociative.be\/actualites\/\",\"logo\":{\"@type\":\"ImageObject\",\"inLanguage\":\"fr-BE\",\"@id\":\"https:\/\/vieassociative.be\/actualites\/#\/schema\/logo\/image\/\",\"url\":\"https:\/\/vieassociative.be\/actualites\/wp-content\/uploads\/2024\/09\/cropped-vieassociative_favicon.ico.png\",\"contentUrl\":\"https:\/\/vieassociative.be\/actualites\/wp-content\/uploads\/2024\/09\/cropped-vieassociative_favicon.ico.png\",\"width\":512,\"height\":512,\"caption\":\"Vie Associative\"},\"image\":{\"@id\":\"https:\/\/vieassociative.be\/actualites\/#\/schema\/logo\/image\/\"}},{\"@type\":\"Person\",\"@id\":\"https:\/\/vieassociative.be\/actualites\/#\/schema\/person\/b87ac4f82f9d4e7b7cec7395b679edc4\",\"name\":\"Julien\",\"image\":{\"@type\":\"ImageObject\",\"inLanguage\":\"fr-BE\",\"@id\":\"https:\/\/vieassociative.be\/actualites\/#\/schema\/person\/image\/\",\"url\":\"https:\/\/vieassociative.be\/actualites\/wp-content\/uploads\/2024\/09\/vie-associative-1-150x150.jpg\",\"contentUrl\":\"https:\/\/vieassociative.be\/actualites\/wp-content\/uploads\/2024\/09\/vie-associative-1-150x150.jpg\",\"caption\":\"Julien\"},\"description\":\"Je suis Julien, r\u00e9dacteur pour Vie Associative. Passionn\u00e9 par le monde associatif depuis plus de 10 ans, j'ai \u00e0 c\u0153ur de partager des histoires inspirantes et de mettre en lumi\u00e8re les initiatives locales. Mon objectif est de sensibiliser et d'encourager l'engagement communautaire \u00e0 travers mes articles.\",\"sameAs\":[\"https:\/\/vieassociative.be\/\"]}]}<\/script>\n<!-- \/ Yoast SEO plugin. -->","yoast_head_json":{"title":"Photos de la f\u00eate Altweiber sur la place du march\u00e9 \u00e0 Eupen dans l'apr\u00e8s-midi (galerie de photos) | Vie Associative","robots":{"index":"index","follow":"follow","max-snippet":"max-snippet:-1","max-image-preview":"max-image-preview:large","max-video-preview":"max-video-preview:-1"},"canonical":"https:\/\/vieassociative.be\/actualites\/photos-de-la-fete-altweiber-sur-la-place-du-marche-a-eupen-dans-lapres-midi-galerie-de-photos\/","og_locale":"fr_FR","og_type":"article","og_title":"Photos de la f\u00eate Altweiber sur la place du march\u00e9 \u00e0 Eupen dans l'apr\u00e8s-midi (galerie de photos) | Vie Associative","og_description":"Pour beaucoup d&rsquo;Eupener Jecke, le d\u00e9fil\u00e9 des vieilles femmes le matin \u00e9tait loin d&rsquo;\u00eatre termin\u00e9. Pour beaucoup d&rsquo;entre eux, cela a vraiment commenc\u00e9 dans l&rsquo;apr\u00e8s-midi.","og_url":"https:\/\/vieassociative.be\/actualites\/photos-de-la-fete-altweiber-sur-la-place-du-marche-a-eupen-dans-lapres-midi-galerie-de-photos\/","og_site_name":"Vie Associative","article_published_time":"2025-02-28T02:18:09+00:00","og_image":[{"url":"https:\/\/vieassociative.be\/actualites\/wp-content\/uploads\/2025\/02\/Photos-de-la-fete-Altweiber-sur-la-place-du-marche.jpg","type":"","width":"","height":""}],"author":"Julien","twitter_card":"summary_large_image","twitter_misc":{"\u00c9crit par":"Julien","Dur\u00e9e de lecture est.":"1 minute"},"schema":{"@context":"https:\/\/schema.org","@graph":[{"@type":"Article","@id":"https:\/\/vieassociative.be\/actualites\/photos-de-la-fete-altweiber-sur-la-place-du-marche-a-eupen-dans-lapres-midi-galerie-de-photos\/#article","isPartOf":{"@id":"https:\/\/vieassociative.be\/actualites\/photos-de-la-fete-altweiber-sur-la-place-du-marche-a-eupen-dans-lapres-midi-galerie-de-photos\/"},"author":{"name":"Julien","@id":"https:\/\/vieassociative.be\/actualites\/#\/schema\/person\/b87ac4f82f9d4e7b7cec7395b679edc4"},"headline":"Photos de la f\u00eate Altweiber sur la place du march\u00e9 \u00e0 Eupen dans l&rsquo;apr\u00e8s-midi (galerie de photos)","datePublished":"2025-02-28T02:18:09+00:00","dateModified":"2025-02-28T02:18:09+00:00","mainEntityOfPage":{"@id":"https:\/\/vieassociative.be\/actualites\/photos-de-la-fete-altweiber-sur-la-place-du-marche-a-eupen-dans-lapres-midi-galerie-de-photos\/"},"wordCount":254,"publisher":{"@id":"https:\/\/vieassociative.be\/actualites\/#organization"},"image":{"@id":"https:\/\/vieassociative.be\/actualites\/photos-de-la-fete-altweiber-sur-la-place-du-marche-a-eupen-dans-lapres-midi-galerie-de-photos\/#primaryimage"},"thumbnailUrl":"https:\/\/vieassociative.be\/actualites\/wp-content\/uploads\/2025\/02\/1740709090_Photos-de-la-fete-Altweiber-sur-la-place-du-marche.jpg","keywords":["Altweiber","dans","Eupen","f\u00eate","galerie","lapr\u00e8smidi","march\u00e9","Photos","place","sur"],"articleSection":["Belgique"],"inLanguage":"fr-BE"},{"@type":"WebPage","@id":"https:\/\/vieassociative.be\/actualites\/photos-de-la-fete-altweiber-sur-la-place-du-marche-a-eupen-dans-lapres-midi-galerie-de-photos\/","url":"https:\/\/vieassociative.be\/actualites\/photos-de-la-fete-altweiber-sur-la-place-du-marche-a-eupen-dans-lapres-midi-galerie-de-photos\/","name":"Photos de la f\u00eate Altweiber sur la place du march\u00e9 \u00e0 Eupen dans l'apr\u00e8s-midi (galerie de photos) | Vie Associative","isPartOf":{"@id":"https:\/\/vieassociative.be\/actualites\/#website"},"primaryImageOfPage":{"@id":"https:\/\/vieassociative.be\/actualites\/photos-de-la-fete-altweiber-sur-la-place-du-marche-a-eupen-dans-lapres-midi-galerie-de-photos\/#primaryimage"},"image":{"@id":"https:\/\/vieassociative.be\/actualites\/photos-de-la-fete-altweiber-sur-la-place-du-marche-a-eupen-dans-lapres-midi-galerie-de-photos\/#primaryimage"},"thumbnailUrl":"https:\/\/vieassociative.be\/actualites\/wp-content\/uploads\/2025\/02\/1740709090_Photos-de-la-fete-Altweiber-sur-la-place-du-marche.jpg","datePublished":"2025-02-28T02:18:09+00:00","dateModified":"2025-02-28T02:18:09+00:00","breadcrumb":{"@id":"https:\/\/vieassociative.be\/actualites\/photos-de-la-fete-altweiber-sur-la-place-du-marche-a-eupen-dans-lapres-midi-galerie-de-photos\/#breadcrumb"},"inLanguage":"fr-BE","potentialAction":[{"@type":"ReadAction","target":["https:\/\/vieassociative.be\/actualites\/photos-de-la-fete-altweiber-sur-la-place-du-marche-a-eupen-dans-lapres-midi-galerie-de-photos\/"]}]},{"@type":"ImageObject","inLanguage":"fr-BE","@id":"https:\/\/vieassociative.be\/actualites\/photos-de-la-fete-altweiber-sur-la-place-du-marche-a-eupen-dans-lapres-midi-galerie-de-photos\/#primaryimage","url":"https:\/\/vieassociative.be\/actualites\/wp-content\/uploads\/2025\/02\/1740709090_Photos-de-la-fete-Altweiber-sur-la-place-du-marche.jpg","contentUrl":"https:\/\/vieassociative.be\/actualites\/wp-content\/uploads\/2025\/02\/1740709090_Photos-de-la-fete-Altweiber-sur-la-place-du-marche.jpg","width":1300,"height":861,"caption":"Photos de la f\u00eate Altweiber sur la place du march\u00e9 \u00e0 Eupen dans l'apr\u00e8s-midi (galerie de photos)"},{"@type":"BreadcrumbList","@id":"https:\/\/vieassociative.be\/actualites\/photos-de-la-fete-altweiber-sur-la-place-du-marche-a-eupen-dans-lapres-midi-galerie-de-photos\/#breadcrumb","itemListElement":[{"@type":"ListItem","position":1,"name":"Accueil","item":"https:\/\/vieassociative.be\/actualites\/"},{"@type":"ListItem","position":2,"name":"Photos de la f\u00eate Altweiber sur la place du march\u00e9 \u00e0 Eupen dans l&rsquo;apr\u00e8s-midi (galerie de photos)"}]},{"@type":"WebSite","@id":"https:\/\/vieassociative.be\/actualites\/#website","url":"https:\/\/vieassociative.be\/actualites\/","name":"Vie Associative","description":"","publisher":{"@id":"https:\/\/vieassociative.be\/actualites\/#organization"},"potentialAction":[{"@type":"SearchAction","target":{"@type":"EntryPoint","urlTemplate":"https:\/\/vieassociative.be\/actualites\/?s={search_term_string}"},"query-input":{"@type":"PropertyValueSpecification","valueRequired":true,"valueName":"search_term_string"}}],"inLanguage":"fr-BE"},{"@type":"Organization","@id":"https:\/\/vieassociative.be\/actualites\/#organization","name":"Vie Associative","url":"https:\/\/vieassociative.be\/actualites\/","logo":{"@type":"ImageObject","inLanguage":"fr-BE","@id":"https:\/\/vieassociative.be\/actualites\/#\/schema\/logo\/image\/","url":"https:\/\/vieassociative.be\/actualites\/wp-content\/uploads\/2024\/09\/cropped-vieassociative_favicon.ico.png","contentUrl":"https:\/\/vieassociative.be\/actualites\/wp-content\/uploads\/2024\/09\/cropped-vieassociative_favicon.ico.png","width":512,"height":512,"caption":"Vie Associative"},"image":{"@id":"https:\/\/vieassociative.be\/actualites\/#\/schema\/logo\/image\/"}},{"@type":"Person","@id":"https:\/\/vieassociative.be\/actualites\/#\/schema\/person\/b87ac4f82f9d4e7b7cec7395b679edc4","name":"Julien","image":{"@type":"ImageObject","inLanguage":"fr-BE","@id":"https:\/\/vieassociative.be\/actualites\/#\/schema\/person\/image\/","url":"https:\/\/vieassociative.be\/actualites\/wp-content\/uploads\/2024\/09\/vie-associative-1-150x150.jpg","contentUrl":"https:\/\/vieassociative.be\/actualites\/wp-content\/uploads\/2024\/09\/vie-associative-1-150x150.jpg","caption":"Julien"},"description":"Je suis Julien, r\u00e9dacteur pour Vie Associative. Passionn\u00e9 par le monde associatif depuis plus de 10 ans, j'ai \u00e0 c\u0153ur de partager des histoires inspirantes et de mettre en lumi\u00e8re les initiatives locales. Mon objectif est de sensibiliser et d'encourager l'engagement communautaire \u00e0 travers mes articles.","sameAs":["https:\/\/vieassociative.be\/"]}]}},"_links":{"self":[{"href":"https:\/\/vieassociative.be\/actualites\/wp-json\/wp\/v2\/posts\/5480"}],"collection":[{"href":"https:\/\/vieassociative.be\/actualites\/wp-json\/wp\/v2\/posts"}],"about":[{"href":"https:\/\/vieassociative.be\/actualites\/wp-json\/wp\/v2\/types\/post"}],"author":[{"embeddable":true,"href":"https:\/\/vieassociative.be\/actualites\/wp-json\/wp\/v2\/users\/1"}],"replies":[{"embeddable":true,"href":"https:\/\/vieassociative.be\/actualites\/wp-json\/wp\/v2\/comments?post=5480"}],"version-history":[{"count":0,"href":"https:\/\/vieassociative.be\/actualites\/wp-json\/wp\/v2\/posts\/5480\/revisions"}],"wp:featuredmedia":[{"embeddable":true,"href":"https:\/\/vieassociative.be\/actualites\/wp-json\/wp\/v2\/media\/5481"}],"wp:attachment":[{"href":"https:\/\/vieassociative.be\/actualites\/wp-json\/wp\/v2\/media?parent=5480"}],"wp:term":[{"taxonomy":"category","embeddable":true,"href":"https:\/\/vieassociative.be\/actualites\/wp-json\/wp\/v2\/categories?post=5480"},{"taxonomy":"post_tag","embeddable":true,"href":"https:\/\/vieassociative.be\/actualites\/wp-json\/wp\/v2\/tags?post=5480"}],"curies":[{"name":"wp","href":"https:\/\/api.w.org\/{rel}","templated":true}]}}