{"id":5467,"date":"2025-02-27T19:21:36","date_gmt":"2025-02-27T18:21:36","guid":{"rendered":"https:\/\/vieassociative.be\/actualites\/windows-a-enfin-une-commande-de-style-sudo-aussi\/"},"modified":"2025-02-27T19:21:36","modified_gmt":"2025-02-27T18:21:36","slug":"windows-a-enfin-une-commande-de-style-sudo-aussi","status":"publish","type":"post","link":"https:\/\/vieassociative.be\/actualites\/windows-a-enfin-une-commande-de-style-sudo-aussi\/","title":{"rendered":"Windows a enfin une commande de style \u00absudo\u00bb aussi"},"content":{"rendered":"<div class=\"mt-4 leading-6 md:mb-8\">Microsoft (enfin) a ajout\u00e9 une fonctionnalit\u00e9 Linux populaire \u00e0 Windows.<\/div>\n<p><\/p>\n<p>L&rsquo;une des choses ennuyeuses \u00e0 propos de l&rsquo;utilisation de PowerShell dans Windows, si vous \u00eates habitu\u00e9 \u00e0 Linux, est de devoir l&rsquo;ex\u00e9cuter en tant qu&rsquo;administrateur afin de modifier le syst\u00e8me. La fa\u00e7on la plus simple de le faire est de cliquer avec le bouton droit sur l&rsquo;application dans le menu D\u00e9marrer et de cliquer sur \u00ab\u00a0Ex\u00e9cuter en tant qu&rsquo;administrateur\u00a0\u00bb, ce qui n&rsquo;est pas exactement \u00e9l\u00e9gant.<\/p>\n<p>C&rsquo;est particuli\u00e8rement frustrant parce que la plupart des distributions Linux ont r\u00e9solu cela il y a longtemps: le <code>sudo<\/code> commande. Fondamentalement, sur Linux, si vous avez besoin d&rsquo;ex\u00e9cuter une seule commande en tant qu&rsquo;administrateur, vous pouvez simplement mettre \u00ab\u00a0sudo\u00a0\u00bb au d\u00e9but et l&rsquo;ex\u00e9cuter &#8211; vous avez demand\u00e9 un mot de passe administrateur et le processus s&rsquo;ex\u00e9cute. C&rsquo;est une fonctionnalit\u00e9 tellement utile qu&rsquo;elle a m\u00eame inspir\u00e9 l&rsquo;une des bandes dessin\u00e9es XKCD les plus c\u00e9l\u00e8bres.<\/p>\n<p>Quelqu&rsquo;un chez Microsoft a apparemment remarqu\u00e9: Sudo est maintenant inclus dans Windows. Sorte de. Une fonctionnalit\u00e9 qui vous permet d&rsquo;ex\u00e9cuter des commandes uniques en tant qu&rsquo;administrateur, appel\u00e9 Sudo, est d\u00e9sormais incluse dans Windows, mais cette fonctionnalit\u00e9 n&rsquo;est pas techniquement li\u00e9e au sudo inclus sur les syst\u00e8mes Linux (Microsoft, comme toujours, utilise un nom d\u00e9routant).<\/p>\n<p>Quoi qu&rsquo;il en soit: cette fonction pseudo-sudo est incluse avec Windows 11 version 24h2, publi\u00e9e en octobre 2024 et toujours en cours d&rsquo;ex\u00e9cution aux utilisateurs de Windows \u00e0 partir de f\u00e9vrier 2025. Vous pouvez v\u00e9rifier si vous avez acc\u00e8s \u00e0 la fonctionnalit\u00e9 en ouvrant <strong>Param\u00e8tres du syst\u00e8me<\/strong> et se diriger vers <strong>Syst\u00e8me<\/strong> > <strong>Pour les d\u00e9veloppeurs<\/strong>. Faites d\u00e9filer vers le bas et vous verrez l&rsquo;option pour activer Sudo (si vous ne voyez pas l&rsquo;option, vous n&rsquo;utilisez pas 24h2).<\/p>\n<div class=\"eloquent-imagery-image\">\n<div class=\"flex justify-center\">\n                    <img decoding=\"async\" class=\"border border-gray-100\" src=\"https:\/\/vieassociative.be\/actualites\/wp-content\/uploads\/2025\/02\/Windows-a-enfin-une-commande-de-style-sudo-aussi.png\" alt=\"L'application des param\u00e8tres Windows s'est ouverte aux param\u00e8tres du d\u00e9veloppeur. Sudo est bascul\u00e9 et la liste d\u00e9roulante affiche trois options: dans une nouvelle fen\u00eatre, avec entr\u00e9e d\u00e9sactiv\u00e9e et en ligne.\" width=\"2000\" height=\"827\" loading=\"lazy\"  >\n            <\/div>\n<\/p><\/div>\n<p>Il y a trois options ici sur la fa\u00e7on dont Sudo fonctionne. Par d\u00e9faut, la commande s&rsquo;ex\u00e9cutera dans une nouvelle fen\u00eatre. Il y a deux autres options: <strong>En ligne<\/strong>qui ex\u00e9cutera la commande dans la m\u00eame fen\u00eatre; et <strong>Entr\u00e9e ferm\u00e9e<\/strong>qui ex\u00e9cute la commande dans la m\u00eame fen\u00eatre mais sans entr\u00e9e des autres commandes de la fen\u00eatre. La documentation officielle recommande fortement de laisser le param\u00e8tre par d\u00e9faut pour des raisons de s\u00e9curit\u00e9, bien que Inline soit beaucoup plus proche de la commande sudo de style Linux.<\/p>\n<p>L&rsquo;utilisation de la fonctionnalit\u00e9 est simple: lors de l&rsquo;ex\u00e9cution d&rsquo;une commande qui n\u00e9cessite des privil\u00e8ges d&rsquo;administrateur, commencez par <code>sudo<\/code>. Vous verrez un pop-up demander \u00e0 confirmer.<\/p>\n<div class=\"eloquent-imagery-image\">\n<div class=\"flex justify-center\">\n                    <img decoding=\"async\" class=\"border border-gray-100\" src=\"https:\/\/vieassociative.be\/actualites\/wp-content\/uploads\/2025\/02\/1740680496_224_Windows-a-enfin-une-commande-de-style-sudo-aussi.png\" alt=\"Une fen\u00eatre de contr\u00f4le d'acc\u00e8s aux utilisateurs (UAC) demandant si Sudo peut apporter des modifications \u00e0 l'appareil.\" width=\"2000\" height=\"1276\" loading=\"lazy\"  >\n            <\/div>\n<\/p><\/div>\n<p>Faire un clic <strong>Oui<\/strong> et la commande s&rsquo;ex\u00e9cutera en tant qu&rsquo;administrateur. C&rsquo;est vraiment \u00e7a: mettez simplement Sudo au d\u00e9but de vos commandes pour s&rsquo;ex\u00e9cuter en tant qu&rsquo;administrateur. <\/p>\n<div class=\"eloquent-imagery-image\">\n<div class=\"flex justify-center\">\n                    <img decoding=\"async\" class=\"border border-gray-100\" src=\"https:\/\/vieassociative.be\/actualites\/wp-content\/uploads\/2025\/02\/1740680496_70_Windows-a-enfin-une-commande-de-style-sudo-aussi.png\" alt=\"Le \" netstat command runnning as administrator thanks to sudo width=\"2000\" height=\"782\" loading=\"lazy\"  >\n            <\/div>\n<\/p><\/div>\n<p>Essayez-le avec vos commandes habituelles et voyez comment vous l&rsquo;aimez. Si la r\u00e9ponse est que vous ne le faites pas, c&rsquo;est bien: revenez \u00e0 l&rsquo;ouverture de PowerShell en tant qu&rsquo;administrateur.<\/p>\n<p>Il y a des raisons pour lesquelles Microsoft, Sudo, peut ne pas fonctionner pour vous. Peut-\u00eatre que vous n&rsquo;utilisez pas encore la version 24h2 de Windows. Peut-\u00eatre que vous ne pouvez pas faire travailler Sudo avec les applications que vous essayez. Ou peut-\u00eatre que vous voulez simplement changer rapidement votre session actuelle en une session \u00e9lev\u00e9e. Si c&rsquo;est le cas, Gsudo pourrait mieux fonctionner pour vous. Cet outil open source est recommand\u00e9 dans la documentation de Microsoft en tant que fonctionnalit\u00e9s d&rsquo;offre plus similaires \u00e0 la version Linux de Sudo et peut rapidement \u00eatre install\u00e9e \u00e0 l&rsquo;aide du Winget Package Manager. <\/p>\n","protected":false},"excerpt":{"rendered":"<p>Microsoft (enfin) a ajout\u00e9 une fonctionnalit\u00e9 Linux populaire \u00e0 Windows. L&rsquo;une des choses ennuyeuses \u00e0 propos de l&rsquo;utilisation de PowerShell dans Windows, si vous \u00eates<\/p>\n","protected":false},"author":1,"featured_media":5468,"comment_status":"","ping_status":"","sticky":false,"template":"","format":"standard","meta":{"footnotes":""},"categories":[13],"tags":[1350,1152,545,3361,5589,110,171],"class_list":["post-5467","post","type-post","status-publish","format-standard","has-post-thumbnail","hentry","category-technologie","tag-aussi","tag-commande","tag-enfin","tag-style","tag-sudo","tag-une","tag-windows","generate-columns","tablet-grid-50","mobile-grid-100","grid-parent","grid-33"],"yoast_head":"<!-- This site is optimized with the Yoast SEO plugin v24.0 - https:\/\/yoast.com\/wordpress\/plugins\/seo\/ -->\n<title>Windows a enfin une commande de style \u00absudo\u00bb aussi | Vie Associative<\/title>\n<meta name=\"robots\" content=\"index, follow, max-snippet:-1, max-image-preview:large, max-video-preview:-1\" \/>\n<link rel=\"canonical\" href=\"https:\/\/vieassociative.be\/actualites\/windows-a-enfin-une-commande-de-style-sudo-aussi\/\" \/>\n<meta property=\"og:locale\" content=\"fr_FR\" \/>\n<meta property=\"og:type\" content=\"article\" \/>\n<meta property=\"og:title\" content=\"Windows a enfin une commande de style \u00absudo\u00bb aussi | Vie Associative\" \/>\n<meta property=\"og:description\" content=\"Microsoft (enfin) a ajout\u00e9 une fonctionnalit\u00e9 Linux populaire \u00e0 Windows. L&rsquo;une des choses ennuyeuses \u00e0 propos de l&rsquo;utilisation de PowerShell dans Windows, si vous \u00eates\" \/>\n<meta property=\"og:url\" content=\"https:\/\/vieassociative.be\/actualites\/windows-a-enfin-une-commande-de-style-sudo-aussi\/\" \/>\n<meta property=\"og:site_name\" content=\"Vie Associative\" \/>\n<meta property=\"article:published_time\" content=\"2025-02-27T18:21:36+00:00\" \/>\n<meta property=\"og:image\" content=\"https:\/\/vieassociative.be\/actualites\/wp-content\/uploads\/2025\/02\/Windows-a-enfin-une-commande-de-style-sudo-aussi.png\" \/>\n<meta name=\"author\" content=\"Julien\" \/>\n<meta name=\"twitter:card\" content=\"summary_large_image\" \/>\n<meta name=\"twitter:label1\" content=\"\u00c9crit par\" \/>\n\t<meta name=\"twitter:data1\" content=\"Julien\" \/>\n\t<meta name=\"twitter:label2\" content=\"Dur\u00e9e de lecture est.\" \/>\n\t<meta name=\"twitter:data2\" content=\"3 minutes\" \/>\n<script type=\"application\/ld+json\" class=\"yoast-schema-graph\">{\"@context\":\"https:\/\/schema.org\",\"@graph\":[{\"@type\":\"Article\",\"@id\":\"https:\/\/vieassociative.be\/actualites\/windows-a-enfin-une-commande-de-style-sudo-aussi\/#article\",\"isPartOf\":{\"@id\":\"https:\/\/vieassociative.be\/actualites\/windows-a-enfin-une-commande-de-style-sudo-aussi\/\"},\"author\":{\"name\":\"Julien\",\"@id\":\"https:\/\/vieassociative.be\/actualites\/#\/schema\/person\/b87ac4f82f9d4e7b7cec7395b679edc4\"},\"headline\":\"Windows a enfin une commande de style \u00absudo\u00bb aussi\",\"datePublished\":\"2025-02-27T18:21:36+00:00\",\"dateModified\":\"2025-02-27T18:21:36+00:00\",\"mainEntityOfPage\":{\"@id\":\"https:\/\/vieassociative.be\/actualites\/windows-a-enfin-une-commande-de-style-sudo-aussi\/\"},\"wordCount\":646,\"publisher\":{\"@id\":\"https:\/\/vieassociative.be\/actualites\/#organization\"},\"image\":{\"@id\":\"https:\/\/vieassociative.be\/actualites\/windows-a-enfin-une-commande-de-style-sudo-aussi\/#primaryimage\"},\"thumbnailUrl\":\"https:\/\/vieassociative.be\/actualites\/wp-content\/uploads\/2025\/02\/1740680497_Windows-a-enfin-une-commande-de-style-sudo-aussi.png\",\"keywords\":[\"aussi\",\"commande\",\"enfin\",\"style\",\"sudo\",\"une\",\"Windows\"],\"articleSection\":[\"Technologie\"],\"inLanguage\":\"fr-BE\"},{\"@type\":\"WebPage\",\"@id\":\"https:\/\/vieassociative.be\/actualites\/windows-a-enfin-une-commande-de-style-sudo-aussi\/\",\"url\":\"https:\/\/vieassociative.be\/actualites\/windows-a-enfin-une-commande-de-style-sudo-aussi\/\",\"name\":\"Windows a enfin une commande de style \u00absudo\u00bb aussi | Vie Associative\",\"isPartOf\":{\"@id\":\"https:\/\/vieassociative.be\/actualites\/#website\"},\"primaryImageOfPage\":{\"@id\":\"https:\/\/vieassociative.be\/actualites\/windows-a-enfin-une-commande-de-style-sudo-aussi\/#primaryimage\"},\"image\":{\"@id\":\"https:\/\/vieassociative.be\/actualites\/windows-a-enfin-une-commande-de-style-sudo-aussi\/#primaryimage\"},\"thumbnailUrl\":\"https:\/\/vieassociative.be\/actualites\/wp-content\/uploads\/2025\/02\/1740680497_Windows-a-enfin-une-commande-de-style-sudo-aussi.png\",\"datePublished\":\"2025-02-27T18:21:36+00:00\",\"dateModified\":\"2025-02-27T18:21:36+00:00\",\"breadcrumb\":{\"@id\":\"https:\/\/vieassociative.be\/actualites\/windows-a-enfin-une-commande-de-style-sudo-aussi\/#breadcrumb\"},\"inLanguage\":\"fr-BE\",\"potentialAction\":[{\"@type\":\"ReadAction\",\"target\":[\"https:\/\/vieassociative.be\/actualites\/windows-a-enfin-une-commande-de-style-sudo-aussi\/\"]}]},{\"@type\":\"ImageObject\",\"inLanguage\":\"fr-BE\",\"@id\":\"https:\/\/vieassociative.be\/actualites\/windows-a-enfin-une-commande-de-style-sudo-aussi\/#primaryimage\",\"url\":\"https:\/\/vieassociative.be\/actualites\/wp-content\/uploads\/2025\/02\/1740680497_Windows-a-enfin-une-commande-de-style-sudo-aussi.png\",\"contentUrl\":\"https:\/\/vieassociative.be\/actualites\/wp-content\/uploads\/2025\/02\/1740680497_Windows-a-enfin-une-commande-de-style-sudo-aussi.png\",\"width\":1200,\"height\":675,\"caption\":\"Windows a enfin une commande de style \u00absudo\u00bb aussi\"},{\"@type\":\"BreadcrumbList\",\"@id\":\"https:\/\/vieassociative.be\/actualites\/windows-a-enfin-une-commande-de-style-sudo-aussi\/#breadcrumb\",\"itemListElement\":[{\"@type\":\"ListItem\",\"position\":1,\"name\":\"Accueil\",\"item\":\"https:\/\/vieassociative.be\/actualites\/\"},{\"@type\":\"ListItem\",\"position\":2,\"name\":\"Windows a enfin une commande de style \u00absudo\u00bb aussi\"}]},{\"@type\":\"WebSite\",\"@id\":\"https:\/\/vieassociative.be\/actualites\/#website\",\"url\":\"https:\/\/vieassociative.be\/actualites\/\",\"name\":\"Vie Associative\",\"description\":\"\",\"publisher\":{\"@id\":\"https:\/\/vieassociative.be\/actualites\/#organization\"},\"potentialAction\":[{\"@type\":\"SearchAction\",\"target\":{\"@type\":\"EntryPoint\",\"urlTemplate\":\"https:\/\/vieassociative.be\/actualites\/?s={search_term_string}\"},\"query-input\":{\"@type\":\"PropertyValueSpecification\",\"valueRequired\":true,\"valueName\":\"search_term_string\"}}],\"inLanguage\":\"fr-BE\"},{\"@type\":\"Organization\",\"@id\":\"https:\/\/vieassociative.be\/actualites\/#organization\",\"name\":\"Vie Associative\",\"url\":\"https:\/\/vieassociative.be\/actualites\/\",\"logo\":{\"@type\":\"ImageObject\",\"inLanguage\":\"fr-BE\",\"@id\":\"https:\/\/vieassociative.be\/actualites\/#\/schema\/logo\/image\/\",\"url\":\"https:\/\/vieassociative.be\/actualites\/wp-content\/uploads\/2024\/09\/cropped-vieassociative_favicon.ico.png\",\"contentUrl\":\"https:\/\/vieassociative.be\/actualites\/wp-content\/uploads\/2024\/09\/cropped-vieassociative_favicon.ico.png\",\"width\":512,\"height\":512,\"caption\":\"Vie Associative\"},\"image\":{\"@id\":\"https:\/\/vieassociative.be\/actualites\/#\/schema\/logo\/image\/\"}},{\"@type\":\"Person\",\"@id\":\"https:\/\/vieassociative.be\/actualites\/#\/schema\/person\/b87ac4f82f9d4e7b7cec7395b679edc4\",\"name\":\"Julien\",\"image\":{\"@type\":\"ImageObject\",\"inLanguage\":\"fr-BE\",\"@id\":\"https:\/\/vieassociative.be\/actualites\/#\/schema\/person\/image\/\",\"url\":\"https:\/\/vieassociative.be\/actualites\/wp-content\/uploads\/2024\/09\/vie-associative-1-150x150.jpg\",\"contentUrl\":\"https:\/\/vieassociative.be\/actualites\/wp-content\/uploads\/2024\/09\/vie-associative-1-150x150.jpg\",\"caption\":\"Julien\"},\"description\":\"Je suis Julien, r\u00e9dacteur pour Vie Associative. Passionn\u00e9 par le monde associatif depuis plus de 10 ans, j'ai \u00e0 c\u0153ur de partager des histoires inspirantes et de mettre en lumi\u00e8re les initiatives locales. Mon objectif est de sensibiliser et d'encourager l'engagement communautaire \u00e0 travers mes articles.\",\"sameAs\":[\"https:\/\/vieassociative.be\/\"]}]}<\/script>\n<!-- \/ Yoast SEO plugin. -->","yoast_head_json":{"title":"Windows a enfin une commande de style \u00absudo\u00bb aussi | Vie Associative","robots":{"index":"index","follow":"follow","max-snippet":"max-snippet:-1","max-image-preview":"max-image-preview:large","max-video-preview":"max-video-preview:-1"},"canonical":"https:\/\/vieassociative.be\/actualites\/windows-a-enfin-une-commande-de-style-sudo-aussi\/","og_locale":"fr_FR","og_type":"article","og_title":"Windows a enfin une commande de style \u00absudo\u00bb aussi | Vie Associative","og_description":"Microsoft (enfin) a ajout\u00e9 une fonctionnalit\u00e9 Linux populaire \u00e0 Windows. L&rsquo;une des choses ennuyeuses \u00e0 propos de l&rsquo;utilisation de PowerShell dans Windows, si vous \u00eates","og_url":"https:\/\/vieassociative.be\/actualites\/windows-a-enfin-une-commande-de-style-sudo-aussi\/","og_site_name":"Vie Associative","article_published_time":"2025-02-27T18:21:36+00:00","og_image":[{"url":"https:\/\/vieassociative.be\/actualites\/wp-content\/uploads\/2025\/02\/Windows-a-enfin-une-commande-de-style-sudo-aussi.png","type":"","width":"","height":""}],"author":"Julien","twitter_card":"summary_large_image","twitter_misc":{"\u00c9crit par":"Julien","Dur\u00e9e de lecture est.":"3 minutes"},"schema":{"@context":"https:\/\/schema.org","@graph":[{"@type":"Article","@id":"https:\/\/vieassociative.be\/actualites\/windows-a-enfin-une-commande-de-style-sudo-aussi\/#article","isPartOf":{"@id":"https:\/\/vieassociative.be\/actualites\/windows-a-enfin-une-commande-de-style-sudo-aussi\/"},"author":{"name":"Julien","@id":"https:\/\/vieassociative.be\/actualites\/#\/schema\/person\/b87ac4f82f9d4e7b7cec7395b679edc4"},"headline":"Windows a enfin une commande de style \u00absudo\u00bb aussi","datePublished":"2025-02-27T18:21:36+00:00","dateModified":"2025-02-27T18:21:36+00:00","mainEntityOfPage":{"@id":"https:\/\/vieassociative.be\/actualites\/windows-a-enfin-une-commande-de-style-sudo-aussi\/"},"wordCount":646,"publisher":{"@id":"https:\/\/vieassociative.be\/actualites\/#organization"},"image":{"@id":"https:\/\/vieassociative.be\/actualites\/windows-a-enfin-une-commande-de-style-sudo-aussi\/#primaryimage"},"thumbnailUrl":"https:\/\/vieassociative.be\/actualites\/wp-content\/uploads\/2025\/02\/1740680497_Windows-a-enfin-une-commande-de-style-sudo-aussi.png","keywords":["aussi","commande","enfin","style","sudo","une","Windows"],"articleSection":["Technologie"],"inLanguage":"fr-BE"},{"@type":"WebPage","@id":"https:\/\/vieassociative.be\/actualites\/windows-a-enfin-une-commande-de-style-sudo-aussi\/","url":"https:\/\/vieassociative.be\/actualites\/windows-a-enfin-une-commande-de-style-sudo-aussi\/","name":"Windows a enfin une commande de style \u00absudo\u00bb aussi | Vie Associative","isPartOf":{"@id":"https:\/\/vieassociative.be\/actualites\/#website"},"primaryImageOfPage":{"@id":"https:\/\/vieassociative.be\/actualites\/windows-a-enfin-une-commande-de-style-sudo-aussi\/#primaryimage"},"image":{"@id":"https:\/\/vieassociative.be\/actualites\/windows-a-enfin-une-commande-de-style-sudo-aussi\/#primaryimage"},"thumbnailUrl":"https:\/\/vieassociative.be\/actualites\/wp-content\/uploads\/2025\/02\/1740680497_Windows-a-enfin-une-commande-de-style-sudo-aussi.png","datePublished":"2025-02-27T18:21:36+00:00","dateModified":"2025-02-27T18:21:36+00:00","breadcrumb":{"@id":"https:\/\/vieassociative.be\/actualites\/windows-a-enfin-une-commande-de-style-sudo-aussi\/#breadcrumb"},"inLanguage":"fr-BE","potentialAction":[{"@type":"ReadAction","target":["https:\/\/vieassociative.be\/actualites\/windows-a-enfin-une-commande-de-style-sudo-aussi\/"]}]},{"@type":"ImageObject","inLanguage":"fr-BE","@id":"https:\/\/vieassociative.be\/actualites\/windows-a-enfin-une-commande-de-style-sudo-aussi\/#primaryimage","url":"https:\/\/vieassociative.be\/actualites\/wp-content\/uploads\/2025\/02\/1740680497_Windows-a-enfin-une-commande-de-style-sudo-aussi.png","contentUrl":"https:\/\/vieassociative.be\/actualites\/wp-content\/uploads\/2025\/02\/1740680497_Windows-a-enfin-une-commande-de-style-sudo-aussi.png","width":1200,"height":675,"caption":"Windows a enfin une commande de style \u00absudo\u00bb aussi"},{"@type":"BreadcrumbList","@id":"https:\/\/vieassociative.be\/actualites\/windows-a-enfin-une-commande-de-style-sudo-aussi\/#breadcrumb","itemListElement":[{"@type":"ListItem","position":1,"name":"Accueil","item":"https:\/\/vieassociative.be\/actualites\/"},{"@type":"ListItem","position":2,"name":"Windows a enfin une commande de style \u00absudo\u00bb aussi"}]},{"@type":"WebSite","@id":"https:\/\/vieassociative.be\/actualites\/#website","url":"https:\/\/vieassociative.be\/actualites\/","name":"Vie Associative","description":"","publisher":{"@id":"https:\/\/vieassociative.be\/actualites\/#organization"},"potentialAction":[{"@type":"SearchAction","target":{"@type":"EntryPoint","urlTemplate":"https:\/\/vieassociative.be\/actualites\/?s={search_term_string}"},"query-input":{"@type":"PropertyValueSpecification","valueRequired":true,"valueName":"search_term_string"}}],"inLanguage":"fr-BE"},{"@type":"Organization","@id":"https:\/\/vieassociative.be\/actualites\/#organization","name":"Vie Associative","url":"https:\/\/vieassociative.be\/actualites\/","logo":{"@type":"ImageObject","inLanguage":"fr-BE","@id":"https:\/\/vieassociative.be\/actualites\/#\/schema\/logo\/image\/","url":"https:\/\/vieassociative.be\/actualites\/wp-content\/uploads\/2024\/09\/cropped-vieassociative_favicon.ico.png","contentUrl":"https:\/\/vieassociative.be\/actualites\/wp-content\/uploads\/2024\/09\/cropped-vieassociative_favicon.ico.png","width":512,"height":512,"caption":"Vie Associative"},"image":{"@id":"https:\/\/vieassociative.be\/actualites\/#\/schema\/logo\/image\/"}},{"@type":"Person","@id":"https:\/\/vieassociative.be\/actualites\/#\/schema\/person\/b87ac4f82f9d4e7b7cec7395b679edc4","name":"Julien","image":{"@type":"ImageObject","inLanguage":"fr-BE","@id":"https:\/\/vieassociative.be\/actualites\/#\/schema\/person\/image\/","url":"https:\/\/vieassociative.be\/actualites\/wp-content\/uploads\/2024\/09\/vie-associative-1-150x150.jpg","contentUrl":"https:\/\/vieassociative.be\/actualites\/wp-content\/uploads\/2024\/09\/vie-associative-1-150x150.jpg","caption":"Julien"},"description":"Je suis Julien, r\u00e9dacteur pour Vie Associative. Passionn\u00e9 par le monde associatif depuis plus de 10 ans, j'ai \u00e0 c\u0153ur de partager des histoires inspirantes et de mettre en lumi\u00e8re les initiatives locales. Mon objectif est de sensibiliser et d'encourager l'engagement communautaire \u00e0 travers mes articles.","sameAs":["https:\/\/vieassociative.be\/"]}]}},"_links":{"self":[{"href":"https:\/\/vieassociative.be\/actualites\/wp-json\/wp\/v2\/posts\/5467"}],"collection":[{"href":"https:\/\/vieassociative.be\/actualites\/wp-json\/wp\/v2\/posts"}],"about":[{"href":"https:\/\/vieassociative.be\/actualites\/wp-json\/wp\/v2\/types\/post"}],"author":[{"embeddable":true,"href":"https:\/\/vieassociative.be\/actualites\/wp-json\/wp\/v2\/users\/1"}],"replies":[{"embeddable":true,"href":"https:\/\/vieassociative.be\/actualites\/wp-json\/wp\/v2\/comments?post=5467"}],"version-history":[{"count":0,"href":"https:\/\/vieassociative.be\/actualites\/wp-json\/wp\/v2\/posts\/5467\/revisions"}],"wp:featuredmedia":[{"embeddable":true,"href":"https:\/\/vieassociative.be\/actualites\/wp-json\/wp\/v2\/media\/5468"}],"wp:attachment":[{"href":"https:\/\/vieassociative.be\/actualites\/wp-json\/wp\/v2\/media?parent=5467"}],"wp:term":[{"taxonomy":"category","embeddable":true,"href":"https:\/\/vieassociative.be\/actualites\/wp-json\/wp\/v2\/categories?post=5467"},{"taxonomy":"post_tag","embeddable":true,"href":"https:\/\/vieassociative.be\/actualites\/wp-json\/wp\/v2\/tags?post=5467"}],"curies":[{"name":"wp","href":"https:\/\/api.w.org\/{rel}","templated":true}]}}