{"id":5465,"date":"2025-02-27T17:17:38","date_gmt":"2025-02-27T16:17:38","guid":{"rendered":"https:\/\/vieassociative.be\/actualites\/quest-ce-que-les-gens-se-trompent-cette-semaine-les-fans-de-trump-portent-ils-vraiment-des-couches\/"},"modified":"2025-02-27T17:17:38","modified_gmt":"2025-02-27T16:17:38","slug":"quest-ce-que-les-gens-se-trompent-cette-semaine-les-fans-de-trump-portent-ils-vraiment-des-couches","status":"publish","type":"post","link":"https:\/\/vieassociative.be\/actualites\/quest-ce-que-les-gens-se-trompent-cette-semaine-les-fans-de-trump-portent-ils-vraiment-des-couches\/","title":{"rendered":"Qu&rsquo;est-ce que les gens se trompent cette semaine: les fans de Trump portent-ils vraiment des couches?"},"content":{"rendered":"<div class=\"mt-4 leading-6 md:mb-8\">L&rsquo;une des pi\u00e8ces les plus r\u00e9pandues de d\u00e9sinformation (probable) cette semaine concerne les Pampers de l&rsquo;ancien pr\u00e9sident.<\/div>\n<p><\/p>\n<p>Je n&rsquo;aime pas \u00e9crire sur Donald Trump, et je ne veux certainement pas \u00e9crire sur ses putain de couches, mais l&rsquo;une des pi\u00e8ces de d\u00e9sinformation (probables) les plus r\u00e9pandues cette semaine concerne les pampers de l&rsquo;ancien pr\u00e9sident, donc je vais creuser. (<em>retch<\/em>) <\/p>\n<p>Selon des sources d&rsquo;actualit\u00e9s comme Sky News et MSN, ainsi que des milliers de comptes Twitter \/ X, les fans de Donald Trump ont adopt\u00e9 l&rsquo;incontinence pr\u00e9sum\u00e9e de leur idole et se prom\u00e8nent dans des rassemblements portant des diapers et des marchandises qui proclament les \u00abvrais hommes portent des couches\u00bb, \u00abDon Don\u00bb et des \u00abcouches sur les d\u00e9mocrates\u00bb. Mais font-ils vraiment \u00e7a? D&rsquo;ailleurs, Donald Trump porte-t-il des couches en premier lieu? Eh bien, d\u00e9pend. (Vous voyez ce que j&rsquo;ai fait l\u00e0-bas?) <\/p>\n<h2 id=\"the-origin-story-of-von-shtzinpantz\">L&rsquo;histoire d&rsquo;origine de von sh * tzinpantz<\/h2>\n<p>La premi\u00e8re affirmation largement r\u00e9pandue selon laquelle Donald Trump porte des couches provenait du com\u00e9dien debout Noel Casler. En 2018, Casler, qui dit qu&rsquo;il a travaill\u00e9 sur l&rsquo;\u00e9mission de t\u00e9l\u00e9r\u00e9alit\u00e9 de Trump <em>L&rsquo;apprenti,<\/em> a affirm\u00e9 que Trump \u00ab\u00a0se sort souvent\u00a0\u00bb sur le plateau. Casler disait-il la v\u00e9rit\u00e9? C&rsquo;est difficile \u00e0 dire. Ce n&rsquo;est pas le genre de scoop que les meilleurs journalistes s&rsquo;abaissent pour poursuivre, donc nous n&rsquo;obtiendrons aucune aide, mais il convient de noter que personne d&rsquo;autre qui a travaill\u00e9 <em>L&rsquo;apprenti,<\/em> Pour autant que je sache, je me suis pr\u00e9sent\u00e9 pour dire \u00ab\u00a0oui, cela s&rsquo;est produit\u00a0\u00bb, malgr\u00e9 la pr\u00e9tention de Casler selon laquelle c&rsquo;\u00e9tait une notori\u00e9t\u00e9 publique sur le plateau. D&rsquo;un autre c\u00f4t\u00e9, Trump est bien connu pour son employ\u00e9 NDAS et qui voudrait risquer de traverser un fou puissant et litigieux comme Trump? Sur l&rsquo;autre-main, Donald Trump <em>regard<\/em> Comme s&rsquo;il prenait un d\u00e9potoir tout le temps. Mais finalement, Diaper Don n&rsquo;est pas confirm\u00e9.  <\/p>\n<p>Il est certainement vrai qu&rsquo;une rumeur selon laquelle Trump porte des couches et se rassive lui-m\u00eame est largement cru. Il a fait son chemin dans le dossier officiel du tribunal du proc\u00e8s p\u00e9nal de Trump \u00e0 New York cette semaine sous la forme de <a rel=\"nofollow noopener\" href=\"https:\/\/twitter.com\/MichaelCohen212\/status\/1782939448516169926\" target=\"_blank\" title=\"open in a new window\">Un tweet de Michael Cohen <\/a>Cela fait r\u00e9f\u00e9rence \u00e0 Trump comme \u00ab\u00a0von Shitzinpantz\u00a0\u00bb. Ainsi, le parfum est dans l&rsquo;air, pour ainsi dire. Mais si les fans de Trump r\u00e9pondent r\u00e9ellement aux rumeurs en portant des couches et des chemises qui lisent \u00ab\u00a0Diaper Don\u00a0\u00bb est discutable. Ouais, il y a des photos, et oui, tout le monde que je connais le croit, mais je ne suis pas convaincu &#8211; c&rsquo;est tout simplement trop parfait. <\/p>\n<h2 id=\"exhibit-one-the-photographs\">Pi\u00e8ce un: les photographies<\/h2>\n<p>Nous savons tous les deux que les photos elles-m\u00eames ne fournissent aucune preuve &#8211; elles pourraient \u00eatre pos\u00e9es, photoshopp\u00e9es ou cr\u00e9\u00e9es par l&rsquo;IA &#8211; mais leur source nous donne quelques indices. Jusqu&rsquo;\u00e0 pr\u00e9sent, toutes les photos de personnes portant un \u00e9quipement Donald Trump ax\u00e9 sur les couches sont originaires d&rsquo;un seul endroit: les d\u00e9p\u00eaches de Trumpland, un blog qui semble avoir \u00e9t\u00e9 lanc\u00e9 en d\u00e9cembre, et pr\u00e9tend \u00eatre un site Web pro-Trump. <\/p>\n<p>Si les d\u00e9p\u00eaches sont vraiment un blog pro-Trump, c&rsquo;est un blog paresseux. Il h\u00e9berge un total de cinq postes non li\u00e9s aux diapres, principalement des articles impartiaux couvrant la primaire du GOP. Ils semblaient m&rsquo;\u00e9crire, alors j&rsquo;ai publi\u00e9 ce post par trois services de d\u00e9tection d&rsquo;\u00e9criture AI, et ils ont tous rendu des r\u00e9sultats d\u00e9finitifs \u00ab\u00a0c&rsquo;est l&rsquo;IA\u00a0\u00bb. Les messages sur les couches, mais redeviennent \u00abhumains\u00bb.<\/p>\n<p>Contrairement aux articles principaux ennuyeux, les postes de couches sont vagues sur les d\u00e9tails. Le premier n&rsquo;offre aucun emplacement pour les photos des trompeurs en \u00e9quipement de couches, mais mentionne \u00ab\u00a0un chariot de merch repris par les nouvelles du Michigan\u00a0\u00bb, sans fournir de lien. (Si cette histoire existe, je ne le trouve pas.) Le deuxi\u00e8me poste de couches indique que les photos ont \u00e9t\u00e9 prises lors du \u00ab\u00a0dernier \u00e9v\u00e9nement de Trump en Pennsylvanie rurale\u00a0\u00bb sans mentionner o\u00f9 ni quand cet \u00e9v\u00e9nement s&rsquo;est produit. <\/p>\n<p>Tout cela combin\u00e9 sugg\u00e8re fortement que le site est Astroturf, un travail de frottis politique qui n&rsquo;existe que pour diffuser les photos. Tout le reste sur le site semble con\u00e7u pour fournir un mince placage de plausibilit\u00e9 (tant que vous ne prenez pas 10 minutes pour y regarder.)<\/p>\n<h2 id=\"exhibit-number-two-the-psychology-of-trumps-supporters-and-detractors\">Exposition num\u00e9ro deux: la psychologie des partisans et des d\u00e9tracteurs de Trump<\/h2>\n<p>Un autre point de donn\u00e9es: si nous savons quelque chose sur les partisans de Trump, nous savons qu&rsquo;ils sont fiers des choses qu&rsquo;ils font (peu importe comment on\u00e9reuses). Alors pourquoi n&rsquo;avons-nous pas de supporters de Trump v\u00e9rifi\u00e9s qui publient des photos de couches? Si quelqu&rsquo;un croyait vraiment que le port de \u00abvrais hommes porte des couches\u00bb, le merch d\u00e9clencherait des larmes lib\u00e9rales, pourquoi votre oncle merdique ne porte-t-il pas ce t-shirt en ce moment? Les partisans de Trump manquant une chance de poss\u00e9der des LIB \u00e9tendent la cr\u00e9dibilit\u00e9 au-del\u00e0 du point de rupture.<\/p>\n<p>Il ne semble pas non plus qu&rsquo;ils embrassent quelque chose consid\u00e9r\u00e9 comme une faiblesse et l&rsquo;\u00e9pingle sur leur copain Donny. Ils aiment que Trump soit consid\u00e9r\u00e9 comme fort, pas un vieux pantalon de pantalon. La r\u00e9cup\u00e9ration des insultes est une chose lib\u00e9rale.<\/p>\n<p>De l&rsquo;autre c\u00f4t\u00e9 de la m\u00e9daille, les trompeurs essayant de faire un \u00ab\u00a0Brandon sombre\u00a0\u00bb mais qui r\u00e9ussit \u00e0 se rendre plus ridicule est exactement le genre de chose que vous enverriez \u00e0 votre groupe d&rsquo;amis et publiez sur les fils avec la l\u00e9gende: \u00ab\u00a0Obtenez un chargement de ce que ces connards sont jusqu&rsquo;\u00e0 pr\u00e9sent!\u00a0\u00bb C&rsquo;est juste trop pat. Trop parfait. Trop clairement jouant dans les pr\u00e9jug\u00e9s d&rsquo;un groupe. <\/p>\n<p>Je respecte l&rsquo;agitation, mais voir comment la saucisse est faite me rend un peu mal \u00e0 l&rsquo;aise. Bien s\u00fbr, c&rsquo;est une propagande efficace, et il n&rsquo;y a pas \u00ab\u00a0injuste\u00a0\u00bb dans la d\u00e9mocratie, donc je vois la sagesse politique de faire honte aux partisans de Trump et de fournir une tonne de blagues \u00ab\u00a0ils se r\u00e9digent\u00a0\u00bb pour les com\u00e9diens de fin de soir\u00e9e, mais l&rsquo;id\u00e9aliste en moi veut dire: \u00ab\u00a0Ne devrions-nous pas \u00eatre mieux? Avons-nous vraiment besoin de nous <em>inventer<\/em> Des choses ridicules font les partisans de Trump? \u00ab\u00a0<\/p>\n<h2 id=\"we-may-never-know-whether-this-is-grassroots-or-astroturf\">Nous ne saurons peut-\u00eatre jamais si c&rsquo;est la base ou l&rsquo;astroturf<\/h2>\n<p>Vous pouvez d\u00e9sormais acheter toutes sortes de t-shirts \u00ab\u00a0Real Men Wear aux couches\u00a0\u00bb dans des boutiques en ligne comme Teepublic, mais il ne semble pas y avoir de preuve qu&rsquo;ils ont \u00e9t\u00e9 vendus <em>avant<\/em> Envoie du poste de Trumpland le 11 avril, premier divin. Il ne fait aucun doute que nous verrons bient\u00f4t cette marchandise dans la nature, probablement des fans de Trump qui y croient et des ennemis Trump qui le font de mani\u00e8re moqueuse. Et Trump-Shits-Himelf sera sans aucun doute un th\u00e8me de cette ann\u00e9e \u00e9lectorale cauchemardesque, r\u00e9p\u00e9t\u00e9e aussi souvent que \u00ab\u00a0Hillary Clinton est \u00e0 la porte de la mort!\u00a0\u00bb \u00c9tait en 2016. Rappelez-vous celui-l\u00e0? <\/p>\n<h2 id=\"seriously-this-whole-thing-is-gross\">S\u00e9rieusement, tout cela est d\u00e9go\u00fbtant<\/h2>\n<p>Rouler dans la boue peut \u00eatre n\u00e9cessaire pour gagner une \u00e9lection en 2024, mais plus je pense \u00e0 ce frottis sp\u00e9cifique, plus il semble laid. Pas \u00e0 cause de Trump (baise-le) ou de ses partisans (baise-les aussi) mais parce que les vrais hommes <em>faire<\/em> porter des couches. Les vraies femmes portent des couches. Ne pas pouvoir contr\u00f4ler ses intestins n&rsquo;est pas un signe de faiblesse et ce n&rsquo;est pas particuli\u00e8rement dr\u00f4le. C&rsquo;est une indignit\u00e9 qui n&rsquo;est pas juste, et arrive au grand et au terrible. <\/p>\n<p>Je comprends que le point le plus fin ici se moque de la d\u00e9votion servile et bizarre que les fans de Trump ont \u00e0 leur idole, mais, au risque d&rsquo;\u00eatre une f\u00eate, utiliser des couches adultes comme moyen de ridicule n&rsquo;est vraiment pas juste pour les personnes incontines. L&rsquo;\u00e2gisme est autant un -ism que les autres, et si vous imaginez utiliser la m\u00eame tactique avec un autre groupe marginalis\u00e9, pointant Trump et dire: \u00ab\u00a0Ha! Von Shipshispants\u00a0\u00bb est beaucoup moins dr\u00f4le. <\/p>\n<p><script async src=\"https:\/\/platform.twitter.com\/widgets.js\" charset=\"utf-8\"><\/script><\/p>\n","protected":false},"excerpt":{"rendered":"<p>L&rsquo;une des pi\u00e8ces les plus r\u00e9pandues de d\u00e9sinformation (probable) cette semaine concerne les Pampers de l&rsquo;ancien pr\u00e9sident. Je n&rsquo;aime pas \u00e9crire sur Donald Trump, et<\/p>\n","protected":false},"author":1,"featured_media":5466,"comment_status":"","ping_status":"","sticky":false,"template":"","format":"standard","meta":{"footnotes":""},"categories":[36],"tags":[206,2981,29,2649,1046,14,5588,2006,1348,2469,2425,523],"class_list":["post-5465","post","type-post","status-publish","format-standard","has-post-thumbnail","hentry","category-divertissement","tag-cette","tag-couches","tag-des","tag-fans","tag-gens","tag-les","tag-portentils","tag-questce","tag-semaine","tag-trompent","tag-trump","tag-vraiment","generate-columns","tablet-grid-50","mobile-grid-100","grid-parent","grid-33"],"yoast_head":"<!-- This site is optimized with the Yoast SEO plugin v24.0 - https:\/\/yoast.com\/wordpress\/plugins\/seo\/ -->\n<title>Qu&#039;est-ce que les gens se trompent cette semaine: les fans de Trump portent-ils vraiment des couches? | Vie Associative<\/title>\n<meta name=\"robots\" content=\"index, follow, max-snippet:-1, max-image-preview:large, max-video-preview:-1\" \/>\n<link rel=\"canonical\" href=\"https:\/\/vieassociative.be\/actualites\/quest-ce-que-les-gens-se-trompent-cette-semaine-les-fans-de-trump-portent-ils-vraiment-des-couches\/\" \/>\n<meta property=\"og:locale\" content=\"fr_FR\" \/>\n<meta property=\"og:type\" content=\"article\" \/>\n<meta property=\"og:title\" content=\"Qu&#039;est-ce que les gens se trompent cette semaine: les fans de Trump portent-ils vraiment des couches? | Vie Associative\" \/>\n<meta property=\"og:description\" content=\"L&rsquo;une des pi\u00e8ces les plus r\u00e9pandues de d\u00e9sinformation (probable) cette semaine concerne les Pampers de l&rsquo;ancien pr\u00e9sident. Je n&rsquo;aime pas \u00e9crire sur Donald Trump, et\" \/>\n<meta property=\"og:url\" content=\"https:\/\/vieassociative.be\/actualites\/quest-ce-que-les-gens-se-trompent-cette-semaine-les-fans-de-trump-portent-ils-vraiment-des-couches\/\" \/>\n<meta property=\"og:site_name\" content=\"Vie Associative\" \/>\n<meta property=\"article:published_time\" content=\"2025-02-27T16:17:38+00:00\" \/>\n<meta property=\"og:image\" content=\"https:\/\/vieassociative.be\/actualites\/wp-content\/uploads\/2024\/09\/header_backgroundk-01-e1726694325946.png\" \/>\n\t<meta property=\"og:image:width\" content=\"279\" \/>\n\t<meta property=\"og:image:height\" content=\"92\" \/>\n\t<meta property=\"og:image:type\" content=\"image\/png\" \/>\n<meta name=\"author\" content=\"Julien\" \/>\n<meta name=\"twitter:card\" content=\"summary_large_image\" \/>\n<meta name=\"twitter:label1\" content=\"\u00c9crit par\" \/>\n\t<meta name=\"twitter:data1\" content=\"Julien\" \/>\n\t<meta name=\"twitter:label2\" content=\"Dur\u00e9e de lecture est.\" \/>\n\t<meta name=\"twitter:data2\" content=\"7 minutes\" \/>\n<script type=\"application\/ld+json\" class=\"yoast-schema-graph\">{\"@context\":\"https:\/\/schema.org\",\"@graph\":[{\"@type\":\"Article\",\"@id\":\"https:\/\/vieassociative.be\/actualites\/quest-ce-que-les-gens-se-trompent-cette-semaine-les-fans-de-trump-portent-ils-vraiment-des-couches\/#article\",\"isPartOf\":{\"@id\":\"https:\/\/vieassociative.be\/actualites\/quest-ce-que-les-gens-se-trompent-cette-semaine-les-fans-de-trump-portent-ils-vraiment-des-couches\/\"},\"author\":{\"name\":\"Julien\",\"@id\":\"https:\/\/vieassociative.be\/actualites\/#\/schema\/person\/b87ac4f82f9d4e7b7cec7395b679edc4\"},\"headline\":\"Qu&rsquo;est-ce que les gens se trompent cette semaine: les fans de Trump portent-ils vraiment des couches?\",\"datePublished\":\"2025-02-27T16:17:38+00:00\",\"dateModified\":\"2025-02-27T16:17:38+00:00\",\"mainEntityOfPage\":{\"@id\":\"https:\/\/vieassociative.be\/actualites\/quest-ce-que-les-gens-se-trompent-cette-semaine-les-fans-de-trump-portent-ils-vraiment-des-couches\/\"},\"wordCount\":1452,\"publisher\":{\"@id\":\"https:\/\/vieassociative.be\/actualites\/#organization\"},\"image\":{\"@id\":\"https:\/\/vieassociative.be\/actualites\/quest-ce-que-les-gens-se-trompent-cette-semaine-les-fans-de-trump-portent-ils-vraiment-des-couches\/#primaryimage\"},\"thumbnailUrl\":\"https:\/\/vieassociative.be\/actualites\/wp-content\/uploads\/2025\/02\/Quest-ce-que-les-gens-se-trompent-cette-semaine-les-fans.png\",\"keywords\":[\"cette\",\"couches\",\"Des\",\"fans\",\"gens\",\"Les\",\"portentils\",\"Questce\",\"semaine\",\"trompent\",\"Trump\",\"vraiment\"],\"articleSection\":[\"Divertissement\"],\"inLanguage\":\"fr-BE\"},{\"@type\":\"WebPage\",\"@id\":\"https:\/\/vieassociative.be\/actualites\/quest-ce-que-les-gens-se-trompent-cette-semaine-les-fans-de-trump-portent-ils-vraiment-des-couches\/\",\"url\":\"https:\/\/vieassociative.be\/actualites\/quest-ce-que-les-gens-se-trompent-cette-semaine-les-fans-de-trump-portent-ils-vraiment-des-couches\/\",\"name\":\"Qu'est-ce que les gens se trompent cette semaine: les fans de Trump portent-ils vraiment des couches? | Vie Associative\",\"isPartOf\":{\"@id\":\"https:\/\/vieassociative.be\/actualites\/#website\"},\"primaryImageOfPage\":{\"@id\":\"https:\/\/vieassociative.be\/actualites\/quest-ce-que-les-gens-se-trompent-cette-semaine-les-fans-de-trump-portent-ils-vraiment-des-couches\/#primaryimage\"},\"image\":{\"@id\":\"https:\/\/vieassociative.be\/actualites\/quest-ce-que-les-gens-se-trompent-cette-semaine-les-fans-de-trump-portent-ils-vraiment-des-couches\/#primaryimage\"},\"thumbnailUrl\":\"https:\/\/vieassociative.be\/actualites\/wp-content\/uploads\/2025\/02\/Quest-ce-que-les-gens-se-trompent-cette-semaine-les-fans.png\",\"datePublished\":\"2025-02-27T16:17:38+00:00\",\"dateModified\":\"2025-02-27T16:17:38+00:00\",\"breadcrumb\":{\"@id\":\"https:\/\/vieassociative.be\/actualites\/quest-ce-que-les-gens-se-trompent-cette-semaine-les-fans-de-trump-portent-ils-vraiment-des-couches\/#breadcrumb\"},\"inLanguage\":\"fr-BE\",\"potentialAction\":[{\"@type\":\"ReadAction\",\"target\":[\"https:\/\/vieassociative.be\/actualites\/quest-ce-que-les-gens-se-trompent-cette-semaine-les-fans-de-trump-portent-ils-vraiment-des-couches\/\"]}]},{\"@type\":\"ImageObject\",\"inLanguage\":\"fr-BE\",\"@id\":\"https:\/\/vieassociative.be\/actualites\/quest-ce-que-les-gens-se-trompent-cette-semaine-les-fans-de-trump-portent-ils-vraiment-des-couches\/#primaryimage\",\"url\":\"https:\/\/vieassociative.be\/actualites\/wp-content\/uploads\/2025\/02\/Quest-ce-que-les-gens-se-trompent-cette-semaine-les-fans.png\",\"contentUrl\":\"https:\/\/vieassociative.be\/actualites\/wp-content\/uploads\/2025\/02\/Quest-ce-que-les-gens-se-trompent-cette-semaine-les-fans.png\",\"width\":1200,\"height\":675,\"caption\":\"Qu'est-ce que les gens se trompent cette semaine: les fans de Trump portent-ils vraiment des couches?\"},{\"@type\":\"BreadcrumbList\",\"@id\":\"https:\/\/vieassociative.be\/actualites\/quest-ce-que-les-gens-se-trompent-cette-semaine-les-fans-de-trump-portent-ils-vraiment-des-couches\/#breadcrumb\",\"itemListElement\":[{\"@type\":\"ListItem\",\"position\":1,\"name\":\"Accueil\",\"item\":\"https:\/\/vieassociative.be\/actualites\/\"},{\"@type\":\"ListItem\",\"position\":2,\"name\":\"Qu&rsquo;est-ce que les gens se trompent cette semaine: les fans de Trump portent-ils vraiment des couches?\"}]},{\"@type\":\"WebSite\",\"@id\":\"https:\/\/vieassociative.be\/actualites\/#website\",\"url\":\"https:\/\/vieassociative.be\/actualites\/\",\"name\":\"Vie Associative\",\"description\":\"\",\"publisher\":{\"@id\":\"https:\/\/vieassociative.be\/actualites\/#organization\"},\"potentialAction\":[{\"@type\":\"SearchAction\",\"target\":{\"@type\":\"EntryPoint\",\"urlTemplate\":\"https:\/\/vieassociative.be\/actualites\/?s={search_term_string}\"},\"query-input\":{\"@type\":\"PropertyValueSpecification\",\"valueRequired\":true,\"valueName\":\"search_term_string\"}}],\"inLanguage\":\"fr-BE\"},{\"@type\":\"Organization\",\"@id\":\"https:\/\/vieassociative.be\/actualites\/#organization\",\"name\":\"Vie Associative\",\"url\":\"https:\/\/vieassociative.be\/actualites\/\",\"logo\":{\"@type\":\"ImageObject\",\"inLanguage\":\"fr-BE\",\"@id\":\"https:\/\/vieassociative.be\/actualites\/#\/schema\/logo\/image\/\",\"url\":\"https:\/\/vieassociative.be\/actualites\/wp-content\/uploads\/2024\/09\/cropped-vieassociative_favicon.ico.png\",\"contentUrl\":\"https:\/\/vieassociative.be\/actualites\/wp-content\/uploads\/2024\/09\/cropped-vieassociative_favicon.ico.png\",\"width\":512,\"height\":512,\"caption\":\"Vie Associative\"},\"image\":{\"@id\":\"https:\/\/vieassociative.be\/actualites\/#\/schema\/logo\/image\/\"}},{\"@type\":\"Person\",\"@id\":\"https:\/\/vieassociative.be\/actualites\/#\/schema\/person\/b87ac4f82f9d4e7b7cec7395b679edc4\",\"name\":\"Julien\",\"image\":{\"@type\":\"ImageObject\",\"inLanguage\":\"fr-BE\",\"@id\":\"https:\/\/vieassociative.be\/actualites\/#\/schema\/person\/image\/\",\"url\":\"https:\/\/vieassociative.be\/actualites\/wp-content\/uploads\/2024\/09\/vie-associative-1-150x150.jpg\",\"contentUrl\":\"https:\/\/vieassociative.be\/actualites\/wp-content\/uploads\/2024\/09\/vie-associative-1-150x150.jpg\",\"caption\":\"Julien\"},\"description\":\"Je suis Julien, r\u00e9dacteur pour Vie Associative. Passionn\u00e9 par le monde associatif depuis plus de 10 ans, j'ai \u00e0 c\u0153ur de partager des histoires inspirantes et de mettre en lumi\u00e8re les initiatives locales. Mon objectif est de sensibiliser et d'encourager l'engagement communautaire \u00e0 travers mes articles.\",\"sameAs\":[\"https:\/\/vieassociative.be\/\"]}]}<\/script>\n<!-- \/ Yoast SEO plugin. -->","yoast_head_json":{"title":"Qu'est-ce que les gens se trompent cette semaine: les fans de Trump portent-ils vraiment des couches? | Vie Associative","robots":{"index":"index","follow":"follow","max-snippet":"max-snippet:-1","max-image-preview":"max-image-preview:large","max-video-preview":"max-video-preview:-1"},"canonical":"https:\/\/vieassociative.be\/actualites\/quest-ce-que-les-gens-se-trompent-cette-semaine-les-fans-de-trump-portent-ils-vraiment-des-couches\/","og_locale":"fr_FR","og_type":"article","og_title":"Qu'est-ce que les gens se trompent cette semaine: les fans de Trump portent-ils vraiment des couches? | Vie Associative","og_description":"L&rsquo;une des pi\u00e8ces les plus r\u00e9pandues de d\u00e9sinformation (probable) cette semaine concerne les Pampers de l&rsquo;ancien pr\u00e9sident. Je n&rsquo;aime pas \u00e9crire sur Donald Trump, et","og_url":"https:\/\/vieassociative.be\/actualites\/quest-ce-que-les-gens-se-trompent-cette-semaine-les-fans-de-trump-portent-ils-vraiment-des-couches\/","og_site_name":"Vie Associative","article_published_time":"2025-02-27T16:17:38+00:00","og_image":[{"width":279,"height":92,"url":"https:\/\/vieassociative.be\/actualites\/wp-content\/uploads\/2024\/09\/header_backgroundk-01-e1726694325946.png","type":"image\/png"}],"author":"Julien","twitter_card":"summary_large_image","twitter_misc":{"\u00c9crit par":"Julien","Dur\u00e9e de lecture est.":"7 minutes"},"schema":{"@context":"https:\/\/schema.org","@graph":[{"@type":"Article","@id":"https:\/\/vieassociative.be\/actualites\/quest-ce-que-les-gens-se-trompent-cette-semaine-les-fans-de-trump-portent-ils-vraiment-des-couches\/#article","isPartOf":{"@id":"https:\/\/vieassociative.be\/actualites\/quest-ce-que-les-gens-se-trompent-cette-semaine-les-fans-de-trump-portent-ils-vraiment-des-couches\/"},"author":{"name":"Julien","@id":"https:\/\/vieassociative.be\/actualites\/#\/schema\/person\/b87ac4f82f9d4e7b7cec7395b679edc4"},"headline":"Qu&rsquo;est-ce que les gens se trompent cette semaine: les fans de Trump portent-ils vraiment des couches?","datePublished":"2025-02-27T16:17:38+00:00","dateModified":"2025-02-27T16:17:38+00:00","mainEntityOfPage":{"@id":"https:\/\/vieassociative.be\/actualites\/quest-ce-que-les-gens-se-trompent-cette-semaine-les-fans-de-trump-portent-ils-vraiment-des-couches\/"},"wordCount":1452,"publisher":{"@id":"https:\/\/vieassociative.be\/actualites\/#organization"},"image":{"@id":"https:\/\/vieassociative.be\/actualites\/quest-ce-que-les-gens-se-trompent-cette-semaine-les-fans-de-trump-portent-ils-vraiment-des-couches\/#primaryimage"},"thumbnailUrl":"https:\/\/vieassociative.be\/actualites\/wp-content\/uploads\/2025\/02\/Quest-ce-que-les-gens-se-trompent-cette-semaine-les-fans.png","keywords":["cette","couches","Des","fans","gens","Les","portentils","Questce","semaine","trompent","Trump","vraiment"],"articleSection":["Divertissement"],"inLanguage":"fr-BE"},{"@type":"WebPage","@id":"https:\/\/vieassociative.be\/actualites\/quest-ce-que-les-gens-se-trompent-cette-semaine-les-fans-de-trump-portent-ils-vraiment-des-couches\/","url":"https:\/\/vieassociative.be\/actualites\/quest-ce-que-les-gens-se-trompent-cette-semaine-les-fans-de-trump-portent-ils-vraiment-des-couches\/","name":"Qu'est-ce que les gens se trompent cette semaine: les fans de Trump portent-ils vraiment des couches? | Vie Associative","isPartOf":{"@id":"https:\/\/vieassociative.be\/actualites\/#website"},"primaryImageOfPage":{"@id":"https:\/\/vieassociative.be\/actualites\/quest-ce-que-les-gens-se-trompent-cette-semaine-les-fans-de-trump-portent-ils-vraiment-des-couches\/#primaryimage"},"image":{"@id":"https:\/\/vieassociative.be\/actualites\/quest-ce-que-les-gens-se-trompent-cette-semaine-les-fans-de-trump-portent-ils-vraiment-des-couches\/#primaryimage"},"thumbnailUrl":"https:\/\/vieassociative.be\/actualites\/wp-content\/uploads\/2025\/02\/Quest-ce-que-les-gens-se-trompent-cette-semaine-les-fans.png","datePublished":"2025-02-27T16:17:38+00:00","dateModified":"2025-02-27T16:17:38+00:00","breadcrumb":{"@id":"https:\/\/vieassociative.be\/actualites\/quest-ce-que-les-gens-se-trompent-cette-semaine-les-fans-de-trump-portent-ils-vraiment-des-couches\/#breadcrumb"},"inLanguage":"fr-BE","potentialAction":[{"@type":"ReadAction","target":["https:\/\/vieassociative.be\/actualites\/quest-ce-que-les-gens-se-trompent-cette-semaine-les-fans-de-trump-portent-ils-vraiment-des-couches\/"]}]},{"@type":"ImageObject","inLanguage":"fr-BE","@id":"https:\/\/vieassociative.be\/actualites\/quest-ce-que-les-gens-se-trompent-cette-semaine-les-fans-de-trump-portent-ils-vraiment-des-couches\/#primaryimage","url":"https:\/\/vieassociative.be\/actualites\/wp-content\/uploads\/2025\/02\/Quest-ce-que-les-gens-se-trompent-cette-semaine-les-fans.png","contentUrl":"https:\/\/vieassociative.be\/actualites\/wp-content\/uploads\/2025\/02\/Quest-ce-que-les-gens-se-trompent-cette-semaine-les-fans.png","width":1200,"height":675,"caption":"Qu'est-ce que les gens se trompent cette semaine: les fans de Trump portent-ils vraiment des couches?"},{"@type":"BreadcrumbList","@id":"https:\/\/vieassociative.be\/actualites\/quest-ce-que-les-gens-se-trompent-cette-semaine-les-fans-de-trump-portent-ils-vraiment-des-couches\/#breadcrumb","itemListElement":[{"@type":"ListItem","position":1,"name":"Accueil","item":"https:\/\/vieassociative.be\/actualites\/"},{"@type":"ListItem","position":2,"name":"Qu&rsquo;est-ce que les gens se trompent cette semaine: les fans de Trump portent-ils vraiment des couches?"}]},{"@type":"WebSite","@id":"https:\/\/vieassociative.be\/actualites\/#website","url":"https:\/\/vieassociative.be\/actualites\/","name":"Vie Associative","description":"","publisher":{"@id":"https:\/\/vieassociative.be\/actualites\/#organization"},"potentialAction":[{"@type":"SearchAction","target":{"@type":"EntryPoint","urlTemplate":"https:\/\/vieassociative.be\/actualites\/?s={search_term_string}"},"query-input":{"@type":"PropertyValueSpecification","valueRequired":true,"valueName":"search_term_string"}}],"inLanguage":"fr-BE"},{"@type":"Organization","@id":"https:\/\/vieassociative.be\/actualites\/#organization","name":"Vie Associative","url":"https:\/\/vieassociative.be\/actualites\/","logo":{"@type":"ImageObject","inLanguage":"fr-BE","@id":"https:\/\/vieassociative.be\/actualites\/#\/schema\/logo\/image\/","url":"https:\/\/vieassociative.be\/actualites\/wp-content\/uploads\/2024\/09\/cropped-vieassociative_favicon.ico.png","contentUrl":"https:\/\/vieassociative.be\/actualites\/wp-content\/uploads\/2024\/09\/cropped-vieassociative_favicon.ico.png","width":512,"height":512,"caption":"Vie Associative"},"image":{"@id":"https:\/\/vieassociative.be\/actualites\/#\/schema\/logo\/image\/"}},{"@type":"Person","@id":"https:\/\/vieassociative.be\/actualites\/#\/schema\/person\/b87ac4f82f9d4e7b7cec7395b679edc4","name":"Julien","image":{"@type":"ImageObject","inLanguage":"fr-BE","@id":"https:\/\/vieassociative.be\/actualites\/#\/schema\/person\/image\/","url":"https:\/\/vieassociative.be\/actualites\/wp-content\/uploads\/2024\/09\/vie-associative-1-150x150.jpg","contentUrl":"https:\/\/vieassociative.be\/actualites\/wp-content\/uploads\/2024\/09\/vie-associative-1-150x150.jpg","caption":"Julien"},"description":"Je suis Julien, r\u00e9dacteur pour Vie Associative. Passionn\u00e9 par le monde associatif depuis plus de 10 ans, j'ai \u00e0 c\u0153ur de partager des histoires inspirantes et de mettre en lumi\u00e8re les initiatives locales. Mon objectif est de sensibiliser et d'encourager l'engagement communautaire \u00e0 travers mes articles.","sameAs":["https:\/\/vieassociative.be\/"]}]}},"_links":{"self":[{"href":"https:\/\/vieassociative.be\/actualites\/wp-json\/wp\/v2\/posts\/5465"}],"collection":[{"href":"https:\/\/vieassociative.be\/actualites\/wp-json\/wp\/v2\/posts"}],"about":[{"href":"https:\/\/vieassociative.be\/actualites\/wp-json\/wp\/v2\/types\/post"}],"author":[{"embeddable":true,"href":"https:\/\/vieassociative.be\/actualites\/wp-json\/wp\/v2\/users\/1"}],"replies":[{"embeddable":true,"href":"https:\/\/vieassociative.be\/actualites\/wp-json\/wp\/v2\/comments?post=5465"}],"version-history":[{"count":0,"href":"https:\/\/vieassociative.be\/actualites\/wp-json\/wp\/v2\/posts\/5465\/revisions"}],"wp:featuredmedia":[{"embeddable":true,"href":"https:\/\/vieassociative.be\/actualites\/wp-json\/wp\/v2\/media\/5466"}],"wp:attachment":[{"href":"https:\/\/vieassociative.be\/actualites\/wp-json\/wp\/v2\/media?parent=5465"}],"wp:term":[{"taxonomy":"category","embeddable":true,"href":"https:\/\/vieassociative.be\/actualites\/wp-json\/wp\/v2\/categories?post=5465"},{"taxonomy":"post_tag","embeddable":true,"href":"https:\/\/vieassociative.be\/actualites\/wp-json\/wp\/v2\/tags?post=5465"}],"curies":[{"name":"wp","href":"https:\/\/api.w.org\/{rel}","templated":true}]}}