{"id":5457,"date":"2025-02-27T09:18:04","date_gmt":"2025-02-27T08:18:04","guid":{"rendered":"https:\/\/vieassociative.be\/actualites\/auver-et-mohnen-open-street-carnival\/"},"modified":"2025-02-27T09:18:04","modified_gmt":"2025-02-27T08:18:04","slug":"auver-et-mohnen-open-street-carnival","status":"publish","type":"post","link":"https:\/\/vieassociative.be\/actualites\/auver-et-mohnen-open-street-carnival\/","title":{"rendered":"Auver et M\u00f6hnen Open Street Carnival"},"content":{"rendered":"<p><strong>Le moment est revenu: le Jecke commence officiellement ce jeudi. L&rsquo;auver ou <\/strong><strong>M\u00f6hnen.<\/strong><\/p>\n<p><span id=\"more-409154\"><\/span>\u00c0 Eupen, les vieilles femmes commencent \u00e0 9 h 15 dans le parking de la Frankendelle, d&rsquo;o\u00f9 elles d\u00e9m\u00e9nagent dans le vieil homme et la maison de soins infirmiers de St. Josef.<\/p>\n<p>\u00c0 14 h 00, Ge-Media vous invite \u00e0 c\u00e9l\u00e9brer sur le march\u00e9. Le programme comprend \u00ab\u00a0De Hondsjonge\u00a0\u00bb, \u00ab\u00a0Los Cannonos\u00a0\u00bb, \u00ab\u00a0Sven Without Girls\u00a0\u00bb, \u00ab\u00a0Domm en D\u00f6\u00f6l\u00a0\u00bb, \u00ab\u00a0Mike Sober\u00a0\u00bb et \u00ab\u00a0LC Jonge\u00a0\u00bb.<\/p>\n<p>\u00c0 Raeren, l&rsquo;AUVER commence \u00e0 10 heures du matin sur la place du village, o\u00f9 elle commence directement et la sc\u00e8ne musicale est d&rsquo;assaut. \u00c0 Kelmis, les vieilles femmes quittent le Kul de la municipalit\u00e9 \u00e0 10 h 11, o\u00f9 le transfert de cl\u00e9 a lieu \u00e0 11 h 11. Le divertissement musical vous attend \u00e0 partir de 15 heures sur la place de l&rsquo;\u00e9glise.<\/p>\n<div id=\"attachment_374998\" class=\"wp-caption alignleft\" style=\"max-width: 300px\"><img fetchpriority=\"high\" decoding=\"async\" class=\"wp-image-374998 size-medium\" src=\"https:\/\/vieassociative.be\/actualites\/wp-content\/uploads\/2025\/02\/Auver-et-Mohnen-Open-Street-Carnival.jpg\" alt=\"\" width=\"300\" height=\"200\"><\/p>\n<p class=\"wp-caption-text\">Photo: Patrick von Staufenberg<\/p>\n<\/div>\n<p>La BRF Radio House est traditionnellement dirig\u00e9e par Altweiber: de nombreux artistes r\u00e9gionaux visitent le studio et assurent la meilleure atmosph\u00e8re. Les plus belles photos des mouvements sont disponibles \u00e0 partir de 17 h 45 dans le \u00ab\u00a0Blickpunkt Special\u00a0\u00bb sur BRF Television, dans la biblioth\u00e8que BRF Media et sur Auvio.<\/p>\n<p>\u00c0 St. Vith, le M\u00f6hnendonnerstag commence \u00e0 10 h dans un train dans les rues avant que le Triangl Cultural and Trade Fair Center ne soit pris d&rsquo;assaut \u00e0 11 h 11. De 15 h \u00e0 16 h 30, il y aura un concert en direct sur le carnaval sur Rathausplatz.<\/p>\n<p>Soit dit en passant, la Town Tower peut \u00eatre exp\u00e9riment\u00e9e en direct \u00e0 la t\u00e9l\u00e9vision BRF pour la premi\u00e8re fois et en tant que flux vid\u00e9o sur BRF.be: de 11 h \u00e0 13 h<\/p>\n<p>Deux photographes sont sur la route de \u00abl&rsquo;est de la Belgique directement\u00bb jeudi pour femmes. Patrick von Staufenberg accompagne les vieilles femmes sur le chemin de la mairie, tandis que Helmut Koch regarde l&rsquo;agitation sur la place du march\u00e9 Eupen avec son appareil photo dans l&rsquo;apr\u00e8s-midi. Les galeries de photos apparaissent l&rsquo;apr\u00e8s-midi ou le soir. (Cre)<\/p>\n<p><em><strong>\u00ab\u00a0East Belgium directement\u00a0\u00bb a un photographe sur place lors des \u00e9v\u00e9nements suivants:<\/strong><\/em><\/p>\n<p>Altweiberdonnerstag<\/p>\n<p>&#8211; les vieilles femmes d\u00e9fil\u00e9es Eupen<br \/>\n&#8211; altweiberparty marktplatz<\/p>\n<p>Dimanche du Tulp<\/p>\n<p>&#8211; Big Move St. Vith<br \/>\n&#8211; Raeren un grand mouvement<\/p>\n<p>Rose lundi<\/p>\n<p>&#8211; Grand mouvement Kelmis<br \/>\n&#8211; Great Eupen Move<br \/>\n&#8211; After Party Werthplatz<\/p><\/p>\n","protected":false},"excerpt":{"rendered":"<p>Le moment est revenu: le Jecke commence officiellement ce jeudi. L&rsquo;auver ou M\u00f6hnen. \u00c0 Eupen, les vieilles femmes commencent \u00e0 9 h 15 dans le<\/p>\n","protected":false},"author":1,"featured_media":5458,"comment_status":"","ping_status":"","sticky":false,"template":"","format":"standard","meta":{"footnotes":""},"categories":[298],"tags":[5581,5584,5582,2761,5583],"class_list":["post-5457","post","type-post","status-publish","format-standard","has-post-thumbnail","hentry","category-belgique","tag-auver","tag-carnival","tag-mohnen","tag-open","tag-street","generate-columns","tablet-grid-50","mobile-grid-100","grid-parent","grid-33"],"yoast_head":"<!-- This site is optimized with the Yoast SEO plugin v24.0 - https:\/\/yoast.com\/wordpress\/plugins\/seo\/ -->\n<title>Auver et M\u00f6hnen Open Street Carnival | Vie Associative<\/title>\n<meta name=\"robots\" content=\"index, follow, max-snippet:-1, max-image-preview:large, max-video-preview:-1\" \/>\n<link rel=\"canonical\" href=\"https:\/\/vieassociative.be\/actualites\/auver-et-mohnen-open-street-carnival\/\" \/>\n<meta property=\"og:locale\" content=\"fr_FR\" \/>\n<meta property=\"og:type\" content=\"article\" \/>\n<meta property=\"og:title\" content=\"Auver et M\u00f6hnen Open Street Carnival | Vie Associative\" \/>\n<meta property=\"og:description\" content=\"Le moment est revenu: le Jecke commence officiellement ce jeudi. L&rsquo;auver ou M\u00f6hnen. \u00c0 Eupen, les vieilles femmes commencent \u00e0 9 h 15 dans le\" \/>\n<meta property=\"og:url\" content=\"https:\/\/vieassociative.be\/actualites\/auver-et-mohnen-open-street-carnival\/\" \/>\n<meta property=\"og:site_name\" content=\"Vie Associative\" \/>\n<meta property=\"article:published_time\" content=\"2025-02-27T08:18:04+00:00\" \/>\n<meta property=\"og:image\" content=\"https:\/\/vieassociative.be\/actualites\/wp-content\/uploads\/2024\/09\/header_backgroundk-01-e1726694325946.png\" \/>\n\t<meta property=\"og:image:width\" content=\"279\" \/>\n\t<meta property=\"og:image:height\" content=\"92\" \/>\n\t<meta property=\"og:image:type\" content=\"image\/png\" \/>\n<meta name=\"author\" content=\"Julien\" \/>\n<meta name=\"twitter:card\" content=\"summary_large_image\" \/>\n<meta name=\"twitter:label1\" content=\"\u00c9crit par\" \/>\n\t<meta name=\"twitter:data1\" content=\"Julien\" \/>\n\t<meta name=\"twitter:label2\" content=\"Dur\u00e9e de lecture est.\" \/>\n\t<meta name=\"twitter:data2\" content=\"2 minutes\" \/>\n<script type=\"application\/ld+json\" class=\"yoast-schema-graph\">{\"@context\":\"https:\/\/schema.org\",\"@graph\":[{\"@type\":\"Article\",\"@id\":\"https:\/\/vieassociative.be\/actualites\/auver-et-mohnen-open-street-carnival\/#article\",\"isPartOf\":{\"@id\":\"https:\/\/vieassociative.be\/actualites\/auver-et-mohnen-open-street-carnival\/\"},\"author\":{\"name\":\"Julien\",\"@id\":\"https:\/\/vieassociative.be\/actualites\/#\/schema\/person\/b87ac4f82f9d4e7b7cec7395b679edc4\"},\"headline\":\"Auver et M\u00f6hnen Open Street Carnival\",\"datePublished\":\"2025-02-27T08:18:04+00:00\",\"dateModified\":\"2025-02-27T08:18:04+00:00\",\"mainEntityOfPage\":{\"@id\":\"https:\/\/vieassociative.be\/actualites\/auver-et-mohnen-open-street-carnival\/\"},\"wordCount\":388,\"publisher\":{\"@id\":\"https:\/\/vieassociative.be\/actualites\/#organization\"},\"image\":{\"@id\":\"https:\/\/vieassociative.be\/actualites\/auver-et-mohnen-open-street-carnival\/#primaryimage\"},\"thumbnailUrl\":\"https:\/\/vieassociative.be\/actualites\/wp-content\/uploads\/2025\/02\/Auver-et-Mohnen-Open-Street-Carnival.jpeg\",\"keywords\":[\"Auver\",\"Carnival\",\"M\u00f6hnen\",\"Open\",\"Street\"],\"articleSection\":[\"Belgique\"],\"inLanguage\":\"fr-BE\"},{\"@type\":\"WebPage\",\"@id\":\"https:\/\/vieassociative.be\/actualites\/auver-et-mohnen-open-street-carnival\/\",\"url\":\"https:\/\/vieassociative.be\/actualites\/auver-et-mohnen-open-street-carnival\/\",\"name\":\"Auver et M\u00f6hnen Open Street Carnival | Vie Associative\",\"isPartOf\":{\"@id\":\"https:\/\/vieassociative.be\/actualites\/#website\"},\"primaryImageOfPage\":{\"@id\":\"https:\/\/vieassociative.be\/actualites\/auver-et-mohnen-open-street-carnival\/#primaryimage\"},\"image\":{\"@id\":\"https:\/\/vieassociative.be\/actualites\/auver-et-mohnen-open-street-carnival\/#primaryimage\"},\"thumbnailUrl\":\"https:\/\/vieassociative.be\/actualites\/wp-content\/uploads\/2025\/02\/Auver-et-Mohnen-Open-Street-Carnival.jpeg\",\"datePublished\":\"2025-02-27T08:18:04+00:00\",\"dateModified\":\"2025-02-27T08:18:04+00:00\",\"breadcrumb\":{\"@id\":\"https:\/\/vieassociative.be\/actualites\/auver-et-mohnen-open-street-carnival\/#breadcrumb\"},\"inLanguage\":\"fr-BE\",\"potentialAction\":[{\"@type\":\"ReadAction\",\"target\":[\"https:\/\/vieassociative.be\/actualites\/auver-et-mohnen-open-street-carnival\/\"]}]},{\"@type\":\"ImageObject\",\"inLanguage\":\"fr-BE\",\"@id\":\"https:\/\/vieassociative.be\/actualites\/auver-et-mohnen-open-street-carnival\/#primaryimage\",\"url\":\"https:\/\/vieassociative.be\/actualites\/wp-content\/uploads\/2025\/02\/Auver-et-Mohnen-Open-Street-Carnival.jpeg\",\"contentUrl\":\"https:\/\/vieassociative.be\/actualites\/wp-content\/uploads\/2025\/02\/Auver-et-Mohnen-Open-Street-Carnival.jpeg\",\"width\":1800,\"height\":1200,\"caption\":\"Auver et M\u00f6hnen Open Street Carnival\"},{\"@type\":\"BreadcrumbList\",\"@id\":\"https:\/\/vieassociative.be\/actualites\/auver-et-mohnen-open-street-carnival\/#breadcrumb\",\"itemListElement\":[{\"@type\":\"ListItem\",\"position\":1,\"name\":\"Accueil\",\"item\":\"https:\/\/vieassociative.be\/actualites\/\"},{\"@type\":\"ListItem\",\"position\":2,\"name\":\"Auver et M\u00f6hnen Open Street Carnival\"}]},{\"@type\":\"WebSite\",\"@id\":\"https:\/\/vieassociative.be\/actualites\/#website\",\"url\":\"https:\/\/vieassociative.be\/actualites\/\",\"name\":\"Vie Associative\",\"description\":\"\",\"publisher\":{\"@id\":\"https:\/\/vieassociative.be\/actualites\/#organization\"},\"potentialAction\":[{\"@type\":\"SearchAction\",\"target\":{\"@type\":\"EntryPoint\",\"urlTemplate\":\"https:\/\/vieassociative.be\/actualites\/?s={search_term_string}\"},\"query-input\":{\"@type\":\"PropertyValueSpecification\",\"valueRequired\":true,\"valueName\":\"search_term_string\"}}],\"inLanguage\":\"fr-BE\"},{\"@type\":\"Organization\",\"@id\":\"https:\/\/vieassociative.be\/actualites\/#organization\",\"name\":\"Vie Associative\",\"url\":\"https:\/\/vieassociative.be\/actualites\/\",\"logo\":{\"@type\":\"ImageObject\",\"inLanguage\":\"fr-BE\",\"@id\":\"https:\/\/vieassociative.be\/actualites\/#\/schema\/logo\/image\/\",\"url\":\"https:\/\/vieassociative.be\/actualites\/wp-content\/uploads\/2024\/09\/cropped-vieassociative_favicon.ico.png\",\"contentUrl\":\"https:\/\/vieassociative.be\/actualites\/wp-content\/uploads\/2024\/09\/cropped-vieassociative_favicon.ico.png\",\"width\":512,\"height\":512,\"caption\":\"Vie Associative\"},\"image\":{\"@id\":\"https:\/\/vieassociative.be\/actualites\/#\/schema\/logo\/image\/\"}},{\"@type\":\"Person\",\"@id\":\"https:\/\/vieassociative.be\/actualites\/#\/schema\/person\/b87ac4f82f9d4e7b7cec7395b679edc4\",\"name\":\"Julien\",\"image\":{\"@type\":\"ImageObject\",\"inLanguage\":\"fr-BE\",\"@id\":\"https:\/\/vieassociative.be\/actualites\/#\/schema\/person\/image\/\",\"url\":\"https:\/\/vieassociative.be\/actualites\/wp-content\/uploads\/2024\/09\/vie-associative-1-150x150.jpg\",\"contentUrl\":\"https:\/\/vieassociative.be\/actualites\/wp-content\/uploads\/2024\/09\/vie-associative-1-150x150.jpg\",\"caption\":\"Julien\"},\"description\":\"Je suis Julien, r\u00e9dacteur pour Vie Associative. Passionn\u00e9 par le monde associatif depuis plus de 10 ans, j'ai \u00e0 c\u0153ur de partager des histoires inspirantes et de mettre en lumi\u00e8re les initiatives locales. Mon objectif est de sensibiliser et d'encourager l'engagement communautaire \u00e0 travers mes articles.\",\"sameAs\":[\"https:\/\/vieassociative.be\/\"]}]}<\/script>\n<!-- \/ Yoast SEO plugin. -->","yoast_head_json":{"title":"Auver et M\u00f6hnen Open Street Carnival | Vie Associative","robots":{"index":"index","follow":"follow","max-snippet":"max-snippet:-1","max-image-preview":"max-image-preview:large","max-video-preview":"max-video-preview:-1"},"canonical":"https:\/\/vieassociative.be\/actualites\/auver-et-mohnen-open-street-carnival\/","og_locale":"fr_FR","og_type":"article","og_title":"Auver et M\u00f6hnen Open Street Carnival | Vie Associative","og_description":"Le moment est revenu: le Jecke commence officiellement ce jeudi. L&rsquo;auver ou M\u00f6hnen. \u00c0 Eupen, les vieilles femmes commencent \u00e0 9 h 15 dans le","og_url":"https:\/\/vieassociative.be\/actualites\/auver-et-mohnen-open-street-carnival\/","og_site_name":"Vie Associative","article_published_time":"2025-02-27T08:18:04+00:00","og_image":[{"width":279,"height":92,"url":"https:\/\/vieassociative.be\/actualites\/wp-content\/uploads\/2024\/09\/header_backgroundk-01-e1726694325946.png","type":"image\/png"}],"author":"Julien","twitter_card":"summary_large_image","twitter_misc":{"\u00c9crit par":"Julien","Dur\u00e9e de lecture est.":"2 minutes"},"schema":{"@context":"https:\/\/schema.org","@graph":[{"@type":"Article","@id":"https:\/\/vieassociative.be\/actualites\/auver-et-mohnen-open-street-carnival\/#article","isPartOf":{"@id":"https:\/\/vieassociative.be\/actualites\/auver-et-mohnen-open-street-carnival\/"},"author":{"name":"Julien","@id":"https:\/\/vieassociative.be\/actualites\/#\/schema\/person\/b87ac4f82f9d4e7b7cec7395b679edc4"},"headline":"Auver et M\u00f6hnen Open Street Carnival","datePublished":"2025-02-27T08:18:04+00:00","dateModified":"2025-02-27T08:18:04+00:00","mainEntityOfPage":{"@id":"https:\/\/vieassociative.be\/actualites\/auver-et-mohnen-open-street-carnival\/"},"wordCount":388,"publisher":{"@id":"https:\/\/vieassociative.be\/actualites\/#organization"},"image":{"@id":"https:\/\/vieassociative.be\/actualites\/auver-et-mohnen-open-street-carnival\/#primaryimage"},"thumbnailUrl":"https:\/\/vieassociative.be\/actualites\/wp-content\/uploads\/2025\/02\/Auver-et-Mohnen-Open-Street-Carnival.jpeg","keywords":["Auver","Carnival","M\u00f6hnen","Open","Street"],"articleSection":["Belgique"],"inLanguage":"fr-BE"},{"@type":"WebPage","@id":"https:\/\/vieassociative.be\/actualites\/auver-et-mohnen-open-street-carnival\/","url":"https:\/\/vieassociative.be\/actualites\/auver-et-mohnen-open-street-carnival\/","name":"Auver et M\u00f6hnen Open Street Carnival | Vie Associative","isPartOf":{"@id":"https:\/\/vieassociative.be\/actualites\/#website"},"primaryImageOfPage":{"@id":"https:\/\/vieassociative.be\/actualites\/auver-et-mohnen-open-street-carnival\/#primaryimage"},"image":{"@id":"https:\/\/vieassociative.be\/actualites\/auver-et-mohnen-open-street-carnival\/#primaryimage"},"thumbnailUrl":"https:\/\/vieassociative.be\/actualites\/wp-content\/uploads\/2025\/02\/Auver-et-Mohnen-Open-Street-Carnival.jpeg","datePublished":"2025-02-27T08:18:04+00:00","dateModified":"2025-02-27T08:18:04+00:00","breadcrumb":{"@id":"https:\/\/vieassociative.be\/actualites\/auver-et-mohnen-open-street-carnival\/#breadcrumb"},"inLanguage":"fr-BE","potentialAction":[{"@type":"ReadAction","target":["https:\/\/vieassociative.be\/actualites\/auver-et-mohnen-open-street-carnival\/"]}]},{"@type":"ImageObject","inLanguage":"fr-BE","@id":"https:\/\/vieassociative.be\/actualites\/auver-et-mohnen-open-street-carnival\/#primaryimage","url":"https:\/\/vieassociative.be\/actualites\/wp-content\/uploads\/2025\/02\/Auver-et-Mohnen-Open-Street-Carnival.jpeg","contentUrl":"https:\/\/vieassociative.be\/actualites\/wp-content\/uploads\/2025\/02\/Auver-et-Mohnen-Open-Street-Carnival.jpeg","width":1800,"height":1200,"caption":"Auver et M\u00f6hnen Open Street Carnival"},{"@type":"BreadcrumbList","@id":"https:\/\/vieassociative.be\/actualites\/auver-et-mohnen-open-street-carnival\/#breadcrumb","itemListElement":[{"@type":"ListItem","position":1,"name":"Accueil","item":"https:\/\/vieassociative.be\/actualites\/"},{"@type":"ListItem","position":2,"name":"Auver et M\u00f6hnen Open Street Carnival"}]},{"@type":"WebSite","@id":"https:\/\/vieassociative.be\/actualites\/#website","url":"https:\/\/vieassociative.be\/actualites\/","name":"Vie Associative","description":"","publisher":{"@id":"https:\/\/vieassociative.be\/actualites\/#organization"},"potentialAction":[{"@type":"SearchAction","target":{"@type":"EntryPoint","urlTemplate":"https:\/\/vieassociative.be\/actualites\/?s={search_term_string}"},"query-input":{"@type":"PropertyValueSpecification","valueRequired":true,"valueName":"search_term_string"}}],"inLanguage":"fr-BE"},{"@type":"Organization","@id":"https:\/\/vieassociative.be\/actualites\/#organization","name":"Vie Associative","url":"https:\/\/vieassociative.be\/actualites\/","logo":{"@type":"ImageObject","inLanguage":"fr-BE","@id":"https:\/\/vieassociative.be\/actualites\/#\/schema\/logo\/image\/","url":"https:\/\/vieassociative.be\/actualites\/wp-content\/uploads\/2024\/09\/cropped-vieassociative_favicon.ico.png","contentUrl":"https:\/\/vieassociative.be\/actualites\/wp-content\/uploads\/2024\/09\/cropped-vieassociative_favicon.ico.png","width":512,"height":512,"caption":"Vie Associative"},"image":{"@id":"https:\/\/vieassociative.be\/actualites\/#\/schema\/logo\/image\/"}},{"@type":"Person","@id":"https:\/\/vieassociative.be\/actualites\/#\/schema\/person\/b87ac4f82f9d4e7b7cec7395b679edc4","name":"Julien","image":{"@type":"ImageObject","inLanguage":"fr-BE","@id":"https:\/\/vieassociative.be\/actualites\/#\/schema\/person\/image\/","url":"https:\/\/vieassociative.be\/actualites\/wp-content\/uploads\/2024\/09\/vie-associative-1-150x150.jpg","contentUrl":"https:\/\/vieassociative.be\/actualites\/wp-content\/uploads\/2024\/09\/vie-associative-1-150x150.jpg","caption":"Julien"},"description":"Je suis Julien, r\u00e9dacteur pour Vie Associative. Passionn\u00e9 par le monde associatif depuis plus de 10 ans, j'ai \u00e0 c\u0153ur de partager des histoires inspirantes et de mettre en lumi\u00e8re les initiatives locales. Mon objectif est de sensibiliser et d'encourager l'engagement communautaire \u00e0 travers mes articles.","sameAs":["https:\/\/vieassociative.be\/"]}]}},"_links":{"self":[{"href":"https:\/\/vieassociative.be\/actualites\/wp-json\/wp\/v2\/posts\/5457"}],"collection":[{"href":"https:\/\/vieassociative.be\/actualites\/wp-json\/wp\/v2\/posts"}],"about":[{"href":"https:\/\/vieassociative.be\/actualites\/wp-json\/wp\/v2\/types\/post"}],"author":[{"embeddable":true,"href":"https:\/\/vieassociative.be\/actualites\/wp-json\/wp\/v2\/users\/1"}],"replies":[{"embeddable":true,"href":"https:\/\/vieassociative.be\/actualites\/wp-json\/wp\/v2\/comments?post=5457"}],"version-history":[{"count":0,"href":"https:\/\/vieassociative.be\/actualites\/wp-json\/wp\/v2\/posts\/5457\/revisions"}],"wp:featuredmedia":[{"embeddable":true,"href":"https:\/\/vieassociative.be\/actualites\/wp-json\/wp\/v2\/media\/5458"}],"wp:attachment":[{"href":"https:\/\/vieassociative.be\/actualites\/wp-json\/wp\/v2\/media?parent=5457"}],"wp:term":[{"taxonomy":"category","embeddable":true,"href":"https:\/\/vieassociative.be\/actualites\/wp-json\/wp\/v2\/categories?post=5457"},{"taxonomy":"post_tag","embeddable":true,"href":"https:\/\/vieassociative.be\/actualites\/wp-json\/wp\/v2\/tags?post=5457"}],"curies":[{"name":"wp","href":"https:\/\/api.w.org\/{rel}","templated":true}]}}