{"id":5455,"date":"2025-02-27T08:17:01","date_gmt":"2025-02-27T07:17:01","guid":{"rendered":"https:\/\/vieassociative.be\/actualites\/ce-site-donne-a-votre-profil-bluesky-une-cure-de-jouvence-myspace\/"},"modified":"2025-02-27T08:17:01","modified_gmt":"2025-02-27T07:17:01","slug":"ce-site-donne-a-votre-profil-bluesky-une-cure-de-jouvence-myspace","status":"publish","type":"post","link":"https:\/\/vieassociative.be\/actualites\/ce-site-donne-a-votre-profil-bluesky-une-cure-de-jouvence-myspace\/","title":{"rendered":"Ce site donne \u00e0 votre profil bluesky une cure de jouvence MySpace"},"content":{"rendered":"<div class=\"mt-4 leading-6 md:mb-8\">Skyspace ram\u00e8ne la beaut\u00e9 et le chaos des m\u00e9dias sociaux de l&rsquo;\u00e8re 2005 (les ant\u00e9c\u00e9dents et la musique sont tr\u00e8s inclus).<\/div>\n<p><\/p>\n<p>Vous souvenez-vous d&rsquo;un moment o\u00f9 Internet \u00e9tait un endroit plus personnel chaotique? Lorsque l&rsquo;exp\u00e9rience de l&rsquo;utilisation des m\u00e9dias sociaux n&rsquo;\u00e9tait pas si uniforme? Skyspace cherche \u00e0 reprendre ces jours. Le site transforme votre profil bluesky en une page MySpace, avec arri\u00e8re-plan, musique et section pour vos huit meilleurs amis. J&rsquo;adore \u00e7a.<\/p>\n<p>\u00ab\u00a0Je manque quand les m\u00e9dias sociaux visaient davantage \u00e0 \u00eatre sociaux et moins sur les m\u00e9dias\u00a0\u00bb, a \u00e9crit Ste Curran, qui a construit le site, dans la FAQ du projet. \u00ab\u00a0La personnalit\u00e9, la laideur, le chaos me manquent<\/p>\n<p>Et Skyspace y livre certainement, vous permettant de personnaliser essentiellement tous les aspects de votre page de profil. Choisissez n&rsquo;importe quelle image sur le Web comme arri\u00e8re-plan, y compris les GIF anim\u00e9s et modifier les polices, les couleurs et les fronti\u00e8res. Ajoutez une chanson \u00e0 votre profil \u00e0 l&rsquo;aide d&rsquo;un lien Spotify, SoundCloud ou Apple Music. \u00c9num\u00e9rez vos int\u00e9r\u00eats. Il y a m\u00eame une version de MySpace \u00ab\u00a0Friends\u00a0\u00bb &#8211; complets avec un top huit en option.<\/p>\n<p>Vous pouvez afficher la version Skyspace de n&rsquo;importe quel profil bluesky, mais la plupart d&rsquo;entre elles sont ennuyeuses. Pour rendre le v\u00f4tre int\u00e9ressant, vous devez vous connecter &#8211; dirigez-vous vers la page d&rsquo;accueil de Skyspace, tapez votre poign\u00e9e bluesky dans le coin sup\u00e9rieur droit, puis cliquez sur \u00ab\u00a0Connectez-vous\u00a0\u00bb. Bluesky vous demandera d&rsquo;autoriser Skyspace; Faites cela, et vous y \u00eates. Vous pouvez maintenant cliquer sur les diff\u00e9rents boutons d&rsquo;\u00e9dition pour vraiment modifier votre profil. <\/p>\n<div class=\"eloquent-imagery-image\">\n<div class=\"flex justify-center\">\n                    <img decoding=\"async\" class=\"border border-gray-100\" src=\"https:\/\/vieassociative.be\/actualites\/wp-content\/uploads\/2025\/02\/Ce-site-donne-a-votre-profil-bluesky-une-cure-de.png\" alt=\"Le panneau de personnalisation de style comprenant une bo\u00eete pour une image d'arri\u00e8re-plan, un transparencyslider et un s\u00e9lecteur de couleurs pour les panneaux et des param\u00e8tres de style cadre.\" width=\"2000\" height=\"1371\" loading=\"lazy\"  >\n            <\/div>\n<\/p><\/div>\n<p>Vous pouvez cr\u00e9er un lien vers n&rsquo;importe quelle image sur le Web pour l&rsquo;ajouter \u00e0 l&rsquo;arri\u00e8re-plan, puis choisir comment l&rsquo;image sera positionn\u00e9e. Vous pouvez choisir la couleur de chaque panneau et sa transparence. Vous pouvez choisir l&rsquo;\u00e9paisseur et le style de la ligne autour de chaque panneau. Vous pouvez m\u00eame modifier la police et la couleur du texte. Frapper <strong>Soumettre<\/strong>et le changement restera.<\/p>\n<p>(La fa\u00e7on dont cela se produit est assez int\u00e9ressante. Vos options sont en fait transform\u00e9es en un post bluesky en r\u00e9ponse. Skyspace ne stocke aucun de vos param\u00e8tres sur ses propres serveurs &#8211; le service analyse simplement les profils pour les messages pertinents et rend la page en les utilisant. Comme la FAQ l&rsquo;explique: \u00ab\u00a0Lorsque vous modifiez une section, le site cr\u00e9e un nouveau post-\u00e9tiquette avec #SkySpace. Chaque message de vos abonn\u00e9s, mais Skyspace peut les voir, les analyser et les transformer en quelque chose de beau \/ horrible \/ beau pour vous. \u00ab\u00a0)<\/p>\n<p>Explorez le reste de votre page et modifiez tout ce que vous pouvez. Vous pouvez ajouter un devis, un emplacement, des souplesses, une chanson et m\u00eame une liste d&rsquo;int\u00e9r\u00eats. Tout cela semblera vari\u00e9 pour les anciens combattants de MySpace, tout comme la section des amis en bas:<\/p>\n<div class=\"eloquent-imagery-image\">\n<div class=\"flex justify-center\">\n                    <img decoding=\"async\" class=\"border border-gray-100\" src=\"https:\/\/vieassociative.be\/actualites\/wp-content\/uploads\/2025\/02\/1740640621_424_Ce-site-donne-a-votre-profil-bluesky-une-cure-de.png\" alt=\"Mes amis, apparemment.\" width=\"2000\" height=\"899\" loading=\"lazy\"  >\n            <\/div>\n<\/p><\/div>\n<p>Ceci est enti\u00e8rement peupl\u00e9 de vos mutuels sur bluesky &#8211; les gens que vous suivez qui vous suivent \u00e9galement. Vous pouvez \u00e9ventuellement choisir les huit personnes qui apparaissent ici, en ramenant les d\u00e9cisions les plus importantes que l&rsquo;on pourrait prendre sur Internet en 2005: qui m\u00e9rite une place dans votre top huit?<\/p>\n<p>Ce site ne nous retourne pas vraiment \u00e0 l&rsquo;Internet plus convivial et plus simple il y a deux d\u00e9cennies &#8211; si seulement! &#8211; mais c&rsquo;est un bon rappel du chaos et de la personnalisation que nous avons pris pour acquis. Je recommande de le v\u00e9rifier.<\/p>\n","protected":false},"excerpt":{"rendered":"<p>Skyspace ram\u00e8ne la beaut\u00e9 et le chaos des m\u00e9dias sociaux de l&rsquo;\u00e8re 2005 (les ant\u00e9c\u00e9dents et la musique sont tr\u00e8s inclus). Vous souvenez-vous d&rsquo;un moment<\/p>\n","protected":false},"author":1,"featured_media":5456,"comment_status":"","ping_status":"","sticky":false,"template":"","format":"standard","meta":{"footnotes":""},"categories":[13],"tags":[2030,5578,728,5579,5580,1183,5577,110,8],"class_list":["post-5455","post","type-post","status-publish","format-standard","has-post-thumbnail","hentry","category-technologie","tag-bluesky","tag-cure","tag-donne","tag-jouvence","tag-myspace","tag-profil","tag-site","tag-une","tag-votre","generate-columns","tablet-grid-50","mobile-grid-100","grid-parent","grid-33"],"yoast_head":"<!-- This site is optimized with the Yoast SEO plugin v24.0 - https:\/\/yoast.com\/wordpress\/plugins\/seo\/ -->\n<title>Ce site donne \u00e0 votre profil bluesky une cure de jouvence MySpace | Vie Associative<\/title>\n<meta name=\"robots\" content=\"index, follow, max-snippet:-1, max-image-preview:large, max-video-preview:-1\" \/>\n<link rel=\"canonical\" href=\"https:\/\/vieassociative.be\/actualites\/ce-site-donne-a-votre-profil-bluesky-une-cure-de-jouvence-myspace\/\" \/>\n<meta property=\"og:locale\" content=\"fr_FR\" \/>\n<meta property=\"og:type\" content=\"article\" \/>\n<meta property=\"og:title\" content=\"Ce site donne \u00e0 votre profil bluesky une cure de jouvence MySpace | Vie Associative\" \/>\n<meta property=\"og:description\" content=\"Skyspace ram\u00e8ne la beaut\u00e9 et le chaos des m\u00e9dias sociaux de l&rsquo;\u00e8re 2005 (les ant\u00e9c\u00e9dents et la musique sont tr\u00e8s inclus). Vous souvenez-vous d&rsquo;un moment\" \/>\n<meta property=\"og:url\" content=\"https:\/\/vieassociative.be\/actualites\/ce-site-donne-a-votre-profil-bluesky-une-cure-de-jouvence-myspace\/\" \/>\n<meta property=\"og:site_name\" content=\"Vie Associative\" \/>\n<meta property=\"article:published_time\" content=\"2025-02-27T07:17:01+00:00\" \/>\n<meta property=\"og:image\" content=\"https:\/\/vieassociative.be\/actualites\/wp-content\/uploads\/2025\/02\/Ce-site-donne-a-votre-profil-bluesky-une-cure-de.png\" \/>\n<meta name=\"author\" content=\"Julien\" \/>\n<meta name=\"twitter:card\" content=\"summary_large_image\" \/>\n<meta name=\"twitter:label1\" content=\"\u00c9crit par\" \/>\n\t<meta name=\"twitter:data1\" content=\"Julien\" \/>\n\t<meta name=\"twitter:label2\" content=\"Dur\u00e9e de lecture est.\" \/>\n\t<meta name=\"twitter:data2\" content=\"3 minutes\" \/>\n<script type=\"application\/ld+json\" class=\"yoast-schema-graph\">{\"@context\":\"https:\/\/schema.org\",\"@graph\":[{\"@type\":\"Article\",\"@id\":\"https:\/\/vieassociative.be\/actualites\/ce-site-donne-a-votre-profil-bluesky-une-cure-de-jouvence-myspace\/#article\",\"isPartOf\":{\"@id\":\"https:\/\/vieassociative.be\/actualites\/ce-site-donne-a-votre-profil-bluesky-une-cure-de-jouvence-myspace\/\"},\"author\":{\"name\":\"Julien\",\"@id\":\"https:\/\/vieassociative.be\/actualites\/#\/schema\/person\/b87ac4f82f9d4e7b7cec7395b679edc4\"},\"headline\":\"Ce site donne \u00e0 votre profil bluesky une cure de jouvence MySpace\",\"datePublished\":\"2025-02-27T07:17:01+00:00\",\"dateModified\":\"2025-02-27T07:17:01+00:00\",\"mainEntityOfPage\":{\"@id\":\"https:\/\/vieassociative.be\/actualites\/ce-site-donne-a-votre-profil-bluesky-une-cure-de-jouvence-myspace\/\"},\"wordCount\":626,\"publisher\":{\"@id\":\"https:\/\/vieassociative.be\/actualites\/#organization\"},\"image\":{\"@id\":\"https:\/\/vieassociative.be\/actualites\/ce-site-donne-a-votre-profil-bluesky-une-cure-de-jouvence-myspace\/#primaryimage\"},\"thumbnailUrl\":\"https:\/\/vieassociative.be\/actualites\/wp-content\/uploads\/2025\/02\/1740640621_Ce-site-donne-a-votre-profil-bluesky-une-cure-de.png\",\"keywords\":[\"Bluesky\",\"cure\",\"donne\",\"jouvence\",\"MySpace\",\"profil\",\"site\",\"une\",\"votre\"],\"articleSection\":[\"Technologie\"],\"inLanguage\":\"fr-BE\"},{\"@type\":\"WebPage\",\"@id\":\"https:\/\/vieassociative.be\/actualites\/ce-site-donne-a-votre-profil-bluesky-une-cure-de-jouvence-myspace\/\",\"url\":\"https:\/\/vieassociative.be\/actualites\/ce-site-donne-a-votre-profil-bluesky-une-cure-de-jouvence-myspace\/\",\"name\":\"Ce site donne \u00e0 votre profil bluesky une cure de jouvence MySpace | Vie Associative\",\"isPartOf\":{\"@id\":\"https:\/\/vieassociative.be\/actualites\/#website\"},\"primaryImageOfPage\":{\"@id\":\"https:\/\/vieassociative.be\/actualites\/ce-site-donne-a-votre-profil-bluesky-une-cure-de-jouvence-myspace\/#primaryimage\"},\"image\":{\"@id\":\"https:\/\/vieassociative.be\/actualites\/ce-site-donne-a-votre-profil-bluesky-une-cure-de-jouvence-myspace\/#primaryimage\"},\"thumbnailUrl\":\"https:\/\/vieassociative.be\/actualites\/wp-content\/uploads\/2025\/02\/1740640621_Ce-site-donne-a-votre-profil-bluesky-une-cure-de.png\",\"datePublished\":\"2025-02-27T07:17:01+00:00\",\"dateModified\":\"2025-02-27T07:17:01+00:00\",\"breadcrumb\":{\"@id\":\"https:\/\/vieassociative.be\/actualites\/ce-site-donne-a-votre-profil-bluesky-une-cure-de-jouvence-myspace\/#breadcrumb\"},\"inLanguage\":\"fr-BE\",\"potentialAction\":[{\"@type\":\"ReadAction\",\"target\":[\"https:\/\/vieassociative.be\/actualites\/ce-site-donne-a-votre-profil-bluesky-une-cure-de-jouvence-myspace\/\"]}]},{\"@type\":\"ImageObject\",\"inLanguage\":\"fr-BE\",\"@id\":\"https:\/\/vieassociative.be\/actualites\/ce-site-donne-a-votre-profil-bluesky-une-cure-de-jouvence-myspace\/#primaryimage\",\"url\":\"https:\/\/vieassociative.be\/actualites\/wp-content\/uploads\/2025\/02\/1740640621_Ce-site-donne-a-votre-profil-bluesky-une-cure-de.png\",\"contentUrl\":\"https:\/\/vieassociative.be\/actualites\/wp-content\/uploads\/2025\/02\/1740640621_Ce-site-donne-a-votre-profil-bluesky-une-cure-de.png\",\"width\":1200,\"height\":675,\"caption\":\"Ce site donne \u00e0 votre profil bluesky une cure de jouvence MySpace\"},{\"@type\":\"BreadcrumbList\",\"@id\":\"https:\/\/vieassociative.be\/actualites\/ce-site-donne-a-votre-profil-bluesky-une-cure-de-jouvence-myspace\/#breadcrumb\",\"itemListElement\":[{\"@type\":\"ListItem\",\"position\":1,\"name\":\"Accueil\",\"item\":\"https:\/\/vieassociative.be\/actualites\/\"},{\"@type\":\"ListItem\",\"position\":2,\"name\":\"Ce site donne \u00e0 votre profil bluesky une cure de jouvence MySpace\"}]},{\"@type\":\"WebSite\",\"@id\":\"https:\/\/vieassociative.be\/actualites\/#website\",\"url\":\"https:\/\/vieassociative.be\/actualites\/\",\"name\":\"Vie Associative\",\"description\":\"\",\"publisher\":{\"@id\":\"https:\/\/vieassociative.be\/actualites\/#organization\"},\"potentialAction\":[{\"@type\":\"SearchAction\",\"target\":{\"@type\":\"EntryPoint\",\"urlTemplate\":\"https:\/\/vieassociative.be\/actualites\/?s={search_term_string}\"},\"query-input\":{\"@type\":\"PropertyValueSpecification\",\"valueRequired\":true,\"valueName\":\"search_term_string\"}}],\"inLanguage\":\"fr-BE\"},{\"@type\":\"Organization\",\"@id\":\"https:\/\/vieassociative.be\/actualites\/#organization\",\"name\":\"Vie Associative\",\"url\":\"https:\/\/vieassociative.be\/actualites\/\",\"logo\":{\"@type\":\"ImageObject\",\"inLanguage\":\"fr-BE\",\"@id\":\"https:\/\/vieassociative.be\/actualites\/#\/schema\/logo\/image\/\",\"url\":\"https:\/\/vieassociative.be\/actualites\/wp-content\/uploads\/2024\/09\/cropped-vieassociative_favicon.ico.png\",\"contentUrl\":\"https:\/\/vieassociative.be\/actualites\/wp-content\/uploads\/2024\/09\/cropped-vieassociative_favicon.ico.png\",\"width\":512,\"height\":512,\"caption\":\"Vie Associative\"},\"image\":{\"@id\":\"https:\/\/vieassociative.be\/actualites\/#\/schema\/logo\/image\/\"}},{\"@type\":\"Person\",\"@id\":\"https:\/\/vieassociative.be\/actualites\/#\/schema\/person\/b87ac4f82f9d4e7b7cec7395b679edc4\",\"name\":\"Julien\",\"image\":{\"@type\":\"ImageObject\",\"inLanguage\":\"fr-BE\",\"@id\":\"https:\/\/vieassociative.be\/actualites\/#\/schema\/person\/image\/\",\"url\":\"https:\/\/vieassociative.be\/actualites\/wp-content\/uploads\/2024\/09\/vie-associative-1-150x150.jpg\",\"contentUrl\":\"https:\/\/vieassociative.be\/actualites\/wp-content\/uploads\/2024\/09\/vie-associative-1-150x150.jpg\",\"caption\":\"Julien\"},\"description\":\"Je suis Julien, r\u00e9dacteur pour Vie Associative. Passionn\u00e9 par le monde associatif depuis plus de 10 ans, j'ai \u00e0 c\u0153ur de partager des histoires inspirantes et de mettre en lumi\u00e8re les initiatives locales. Mon objectif est de sensibiliser et d'encourager l'engagement communautaire \u00e0 travers mes articles.\",\"sameAs\":[\"https:\/\/vieassociative.be\/\"]}]}<\/script>\n<!-- \/ Yoast SEO plugin. -->","yoast_head_json":{"title":"Ce site donne \u00e0 votre profil bluesky une cure de jouvence MySpace | Vie Associative","robots":{"index":"index","follow":"follow","max-snippet":"max-snippet:-1","max-image-preview":"max-image-preview:large","max-video-preview":"max-video-preview:-1"},"canonical":"https:\/\/vieassociative.be\/actualites\/ce-site-donne-a-votre-profil-bluesky-une-cure-de-jouvence-myspace\/","og_locale":"fr_FR","og_type":"article","og_title":"Ce site donne \u00e0 votre profil bluesky une cure de jouvence MySpace | Vie Associative","og_description":"Skyspace ram\u00e8ne la beaut\u00e9 et le chaos des m\u00e9dias sociaux de l&rsquo;\u00e8re 2005 (les ant\u00e9c\u00e9dents et la musique sont tr\u00e8s inclus). Vous souvenez-vous d&rsquo;un moment","og_url":"https:\/\/vieassociative.be\/actualites\/ce-site-donne-a-votre-profil-bluesky-une-cure-de-jouvence-myspace\/","og_site_name":"Vie Associative","article_published_time":"2025-02-27T07:17:01+00:00","og_image":[{"url":"https:\/\/vieassociative.be\/actualites\/wp-content\/uploads\/2025\/02\/Ce-site-donne-a-votre-profil-bluesky-une-cure-de.png","type":"","width":"","height":""}],"author":"Julien","twitter_card":"summary_large_image","twitter_misc":{"\u00c9crit par":"Julien","Dur\u00e9e de lecture est.":"3 minutes"},"schema":{"@context":"https:\/\/schema.org","@graph":[{"@type":"Article","@id":"https:\/\/vieassociative.be\/actualites\/ce-site-donne-a-votre-profil-bluesky-une-cure-de-jouvence-myspace\/#article","isPartOf":{"@id":"https:\/\/vieassociative.be\/actualites\/ce-site-donne-a-votre-profil-bluesky-une-cure-de-jouvence-myspace\/"},"author":{"name":"Julien","@id":"https:\/\/vieassociative.be\/actualites\/#\/schema\/person\/b87ac4f82f9d4e7b7cec7395b679edc4"},"headline":"Ce site donne \u00e0 votre profil bluesky une cure de jouvence MySpace","datePublished":"2025-02-27T07:17:01+00:00","dateModified":"2025-02-27T07:17:01+00:00","mainEntityOfPage":{"@id":"https:\/\/vieassociative.be\/actualites\/ce-site-donne-a-votre-profil-bluesky-une-cure-de-jouvence-myspace\/"},"wordCount":626,"publisher":{"@id":"https:\/\/vieassociative.be\/actualites\/#organization"},"image":{"@id":"https:\/\/vieassociative.be\/actualites\/ce-site-donne-a-votre-profil-bluesky-une-cure-de-jouvence-myspace\/#primaryimage"},"thumbnailUrl":"https:\/\/vieassociative.be\/actualites\/wp-content\/uploads\/2025\/02\/1740640621_Ce-site-donne-a-votre-profil-bluesky-une-cure-de.png","keywords":["Bluesky","cure","donne","jouvence","MySpace","profil","site","une","votre"],"articleSection":["Technologie"],"inLanguage":"fr-BE"},{"@type":"WebPage","@id":"https:\/\/vieassociative.be\/actualites\/ce-site-donne-a-votre-profil-bluesky-une-cure-de-jouvence-myspace\/","url":"https:\/\/vieassociative.be\/actualites\/ce-site-donne-a-votre-profil-bluesky-une-cure-de-jouvence-myspace\/","name":"Ce site donne \u00e0 votre profil bluesky une cure de jouvence MySpace | Vie Associative","isPartOf":{"@id":"https:\/\/vieassociative.be\/actualites\/#website"},"primaryImageOfPage":{"@id":"https:\/\/vieassociative.be\/actualites\/ce-site-donne-a-votre-profil-bluesky-une-cure-de-jouvence-myspace\/#primaryimage"},"image":{"@id":"https:\/\/vieassociative.be\/actualites\/ce-site-donne-a-votre-profil-bluesky-une-cure-de-jouvence-myspace\/#primaryimage"},"thumbnailUrl":"https:\/\/vieassociative.be\/actualites\/wp-content\/uploads\/2025\/02\/1740640621_Ce-site-donne-a-votre-profil-bluesky-une-cure-de.png","datePublished":"2025-02-27T07:17:01+00:00","dateModified":"2025-02-27T07:17:01+00:00","breadcrumb":{"@id":"https:\/\/vieassociative.be\/actualites\/ce-site-donne-a-votre-profil-bluesky-une-cure-de-jouvence-myspace\/#breadcrumb"},"inLanguage":"fr-BE","potentialAction":[{"@type":"ReadAction","target":["https:\/\/vieassociative.be\/actualites\/ce-site-donne-a-votre-profil-bluesky-une-cure-de-jouvence-myspace\/"]}]},{"@type":"ImageObject","inLanguage":"fr-BE","@id":"https:\/\/vieassociative.be\/actualites\/ce-site-donne-a-votre-profil-bluesky-une-cure-de-jouvence-myspace\/#primaryimage","url":"https:\/\/vieassociative.be\/actualites\/wp-content\/uploads\/2025\/02\/1740640621_Ce-site-donne-a-votre-profil-bluesky-une-cure-de.png","contentUrl":"https:\/\/vieassociative.be\/actualites\/wp-content\/uploads\/2025\/02\/1740640621_Ce-site-donne-a-votre-profil-bluesky-une-cure-de.png","width":1200,"height":675,"caption":"Ce site donne \u00e0 votre profil bluesky une cure de jouvence MySpace"},{"@type":"BreadcrumbList","@id":"https:\/\/vieassociative.be\/actualites\/ce-site-donne-a-votre-profil-bluesky-une-cure-de-jouvence-myspace\/#breadcrumb","itemListElement":[{"@type":"ListItem","position":1,"name":"Accueil","item":"https:\/\/vieassociative.be\/actualites\/"},{"@type":"ListItem","position":2,"name":"Ce site donne \u00e0 votre profil bluesky une cure de jouvence MySpace"}]},{"@type":"WebSite","@id":"https:\/\/vieassociative.be\/actualites\/#website","url":"https:\/\/vieassociative.be\/actualites\/","name":"Vie Associative","description":"","publisher":{"@id":"https:\/\/vieassociative.be\/actualites\/#organization"},"potentialAction":[{"@type":"SearchAction","target":{"@type":"EntryPoint","urlTemplate":"https:\/\/vieassociative.be\/actualites\/?s={search_term_string}"},"query-input":{"@type":"PropertyValueSpecification","valueRequired":true,"valueName":"search_term_string"}}],"inLanguage":"fr-BE"},{"@type":"Organization","@id":"https:\/\/vieassociative.be\/actualites\/#organization","name":"Vie Associative","url":"https:\/\/vieassociative.be\/actualites\/","logo":{"@type":"ImageObject","inLanguage":"fr-BE","@id":"https:\/\/vieassociative.be\/actualites\/#\/schema\/logo\/image\/","url":"https:\/\/vieassociative.be\/actualites\/wp-content\/uploads\/2024\/09\/cropped-vieassociative_favicon.ico.png","contentUrl":"https:\/\/vieassociative.be\/actualites\/wp-content\/uploads\/2024\/09\/cropped-vieassociative_favicon.ico.png","width":512,"height":512,"caption":"Vie Associative"},"image":{"@id":"https:\/\/vieassociative.be\/actualites\/#\/schema\/logo\/image\/"}},{"@type":"Person","@id":"https:\/\/vieassociative.be\/actualites\/#\/schema\/person\/b87ac4f82f9d4e7b7cec7395b679edc4","name":"Julien","image":{"@type":"ImageObject","inLanguage":"fr-BE","@id":"https:\/\/vieassociative.be\/actualites\/#\/schema\/person\/image\/","url":"https:\/\/vieassociative.be\/actualites\/wp-content\/uploads\/2024\/09\/vie-associative-1-150x150.jpg","contentUrl":"https:\/\/vieassociative.be\/actualites\/wp-content\/uploads\/2024\/09\/vie-associative-1-150x150.jpg","caption":"Julien"},"description":"Je suis Julien, r\u00e9dacteur pour Vie Associative. Passionn\u00e9 par le monde associatif depuis plus de 10 ans, j'ai \u00e0 c\u0153ur de partager des histoires inspirantes et de mettre en lumi\u00e8re les initiatives locales. Mon objectif est de sensibiliser et d'encourager l'engagement communautaire \u00e0 travers mes articles.","sameAs":["https:\/\/vieassociative.be\/"]}]}},"_links":{"self":[{"href":"https:\/\/vieassociative.be\/actualites\/wp-json\/wp\/v2\/posts\/5455"}],"collection":[{"href":"https:\/\/vieassociative.be\/actualites\/wp-json\/wp\/v2\/posts"}],"about":[{"href":"https:\/\/vieassociative.be\/actualites\/wp-json\/wp\/v2\/types\/post"}],"author":[{"embeddable":true,"href":"https:\/\/vieassociative.be\/actualites\/wp-json\/wp\/v2\/users\/1"}],"replies":[{"embeddable":true,"href":"https:\/\/vieassociative.be\/actualites\/wp-json\/wp\/v2\/comments?post=5455"}],"version-history":[{"count":0,"href":"https:\/\/vieassociative.be\/actualites\/wp-json\/wp\/v2\/posts\/5455\/revisions"}],"wp:featuredmedia":[{"embeddable":true,"href":"https:\/\/vieassociative.be\/actualites\/wp-json\/wp\/v2\/media\/5456"}],"wp:attachment":[{"href":"https:\/\/vieassociative.be\/actualites\/wp-json\/wp\/v2\/media?parent=5455"}],"wp:term":[{"taxonomy":"category","embeddable":true,"href":"https:\/\/vieassociative.be\/actualites\/wp-json\/wp\/v2\/categories?post=5455"},{"taxonomy":"post_tag","embeddable":true,"href":"https:\/\/vieassociative.be\/actualites\/wp-json\/wp\/v2\/tags?post=5455"}],"curies":[{"name":"wp","href":"https:\/\/api.w.org\/{rel}","templated":true}]}}