{"id":5453,"date":"2025-02-27T06:21:50","date_gmt":"2025-02-27T05:21:50","guid":{"rendered":"https:\/\/vieassociative.be\/actualites\/le-guide-des-adultes-hors-de-contact-pour-la-culture-des-enfants-quest-ce-que-amialivecore\/"},"modified":"2025-02-27T06:21:50","modified_gmt":"2025-02-27T05:21:50","slug":"le-guide-des-adultes-hors-de-contact-pour-la-culture-des-enfants-quest-ce-que-amialivecore","status":"publish","type":"post","link":"https:\/\/vieassociative.be\/actualites\/le-guide-des-adultes-hors-de-contact-pour-la-culture-des-enfants-quest-ce-que-amialivecore\/","title":{"rendered":"Le guide des adultes hors de contact pour la culture des enfants: qu&rsquo;est-ce que \u00abAmialivecore\u00bb?"},"content":{"rendered":"<div class=\"mt-4 leading-6 md:mb-8\">Soyons philosophiques sur les raisons pour lesquelles les jeunes sont comme ils sont.<\/div>\n<p><\/p>\n<p>Laisser tomber les choses sur votre pied et \u00e9valuer \u00e0 quel point \u00e7a fait mal est une tendance croissante sur Tiktok. La popularit\u00e9 du m\u00e8me peut \u00eatre r\u00e9v\u00e9latrice de quelque chose de profond et de troublant dans la culture des jeunes. Donc, peut-\u00eatre, injecte des papillons et tourne le goth. Vous \u00eates le juge. <\/p>\n<h2 id=\"what-is-amialivecore\">Qu&rsquo;est-ce que \u00ab\u00a0Amialivecore?\u00a0\u00bb <\/h2>\n<p>Sur sa substitution \u00ab\u00a0The Trend Report\u00a0\u00bb, Kyle Raymond Fitzpatrick a rassembl\u00e9 une tonne d&rsquo;expressions culturelles disparates parmi les jeunes en ligne pour identifier un style qu&rsquo;il appelle \u00ab\u00a0Amialivecore\u00a0\u00bb. Fitzpatrick postule que les jeunes sont inconsciemment incertains s&rsquo;ils vivent r\u00e9ellement des \u00eatres humains. Je pense qu&rsquo;il est sur quelque chose. <\/p>\n<p>Mon interpr\u00e9tation de la signification de l&rsquo;amialivecore: comme elles \u00e9taient des b\u00e9b\u00e9s, les exp\u00e9riences des jeunes sont presque enti\u00e8rement irr\u00e9els. Tout est m\u00e9di\u00e9. Ils ont des \u00ab\u00a0exp\u00e9riences\u00a0\u00bb dans les jeux vid\u00e9o. Ils voient le monde \u00e0 travers la fen\u00eatre verticale des vid\u00e9os Tiktok. Ils ne voient que leurs amis dans les publications en ligne. Ils construisent des philosophies personnelles \u00e0 partir de m\u00e8mes. Pendant ce temps, les entreprises et les algorithmes derri\u00e8re les plateformes de m\u00e9dias sociaux et les jeux vid\u00e9o ont obtenu <em>vraiment<\/em> Bon en d\u00e9shumanisation. Ils ont identifi\u00e9, marchandifi\u00e9 et fa\u00e7onn\u00e9 leurs r\u00eaves, leurs d\u00e9sirs, leurs pens\u00e9es et leurs sentiments si compl\u00e8tement, il est impossible pour les jeunes de savoir <em>comment<\/em> vivre authentiquement. Ils jouent donc et cr\u00e9ent du contenu \u00e0 la place de la vie. Pour des preuves, allez voir un groupe d&rsquo;enfants comme et comparez combien de personnes ont leurs t\u00e9l\u00e9phones pour tourner la vid\u00e9o et combien dansent.<\/p>\n<p>Selon Fitzpatrick, des choses apparemment ind\u00e9pendantes comme la tendance Tiktok de laisser tomber des objets sur vos pieds et de noter combien ils blessent, de porter du ruban adh\u00e9sif sur votre visage en public, et de passer votre temps consciemment \u00e0 essayer de trouver un style personnel illustrent des jeunes qui tentent de \u00ab\u00a0r\u00e9soudre la question de la question de savoir si vous \u00eates vivant et si votre corps travaille et si vous \u00eates en effet pr\u00e9sent\u00a0\u00bb. <\/p>\n<p>Peut-\u00eatre que manger des papillons et devenir soudainement goth sont des expressions d&rsquo;amialivecore aussi.<\/p>\n<h2 id=\"are-teens-injecting-butterflies-as-part-of-an-online-challenge\">Les adolescents injectent-ils des papillons dans le cadre d&rsquo;un d\u00e9fi en ligne?<\/h2>\n<p>Non. <\/p>\n<p>Je ne trouve aucune preuve d&rsquo;un \u00ab\u00a0d\u00e9fi en ligne\u00a0\u00bb impliquant de vous injeter avec un papillon, mais c&rsquo;est ce que certaines sources affirment ont inspir\u00e9 un jeune br\u00e9silien de 14 ans \u00e0 \u00e9craser un papillon, \u00e0 le m\u00e9langer avec de l&rsquo;eau et \u00e0 l&rsquo;injecter dans sa jambe. Les choses se sont termin\u00e9es horriblement pour Davi Nunes Moreira: Apr\u00e8s une semaine, souffrant de sympt\u00f4mes angoissants, il est d\u00e9c\u00e9d\u00e9 \u00e0 l&rsquo;h\u00f4pital de Planalto, au Br\u00e9sil. <\/p>\n<p>Les professionnels de la sant\u00e9 ne sont pas certains de ce qui a caus\u00e9 la mort de l&rsquo;adolescent sp\u00e9cifiquement: cela aurait pu \u00eatre une r\u00e9action allergique, une infection, une embolie ou le papillon lui-m\u00eame aurait pu \u00eatre toxique. Le fait est que c&rsquo;est une mauvaise id\u00e9e de vous injecter avec des papillons, mais c&rsquo;est aussi une mauvaise id\u00e9e de rendre compte des \u00ab\u00a0d\u00e9fis en ligne\u00a0\u00bb qui n&rsquo;existent presque pas. Les gens se tuent de mani\u00e8re stupide depuis la sortie des gens.  <\/p>\n<h2 id=\"what-is-the-accidentally-became-important-at-work-meme\">Quel est le m\u00e8me \u00abaccidentellement devenu important au travail\u00bb? <\/h2>\n<p>Je suis fascin\u00e9 par les g\u00e9n\u00e9rations de fabrication de m\u00e8mes qui vieillissent, confrontant les situations pour adultes pour la premi\u00e8re fois et avertissant \/ informant mutuellement par le biais de m\u00e8mes. C&rsquo;est l&rsquo;ambiance derri\u00e8re les m\u00e8mes \u00ab\u00a0devenir importants au travail\u00a0\u00bb qui inondent les m\u00e9dias sociaux cette semaine. L&rsquo;id\u00e9e est d&rsquo;attacher l&rsquo;expression \u00ab\u00a0accidentellement devenue importante au travail\u00a0\u00bb \u00e0 une image exprimant la r\u00e9alisation de ce qui se passe lorsque vous \u00ab\u00a0remarquez\u00a0\u00bb au travail. Voici quelques exemples:<\/p>\n<blockquote class=\"twitterEmbed twitter-tweet\"><p>\n    <a rel=\"nofollow noopener\" class=\"text-gray-600\" href=\"https:\/\/twitter.com\/yeeeerika\/status\/1892365345215688942\" title=\"open in a new window\" target=\"_blank\"><\/p>\n<p>        Ce tweet n&rsquo;est actuellement pas disponible. Il peut \u00eatre charg\u00e9 ou a \u00e9t\u00e9 supprim\u00e9.<br \/>\n    <\/a>\n<\/p><\/blockquote>\n<blockquote class=\"twitterEmbed twitter-tweet\"><p>\n    <a rel=\"nofollow noopener\" class=\"text-gray-600\" href=\"https:\/\/twitter.com\/treeaston\/status\/1886235164457538018\" title=\"open in a new window\" target=\"_blank\"><\/p>\n<p>        Ce tweet n&rsquo;est actuellement pas disponible. Il peut \u00eatre charg\u00e9 ou a \u00e9t\u00e9 supprim\u00e9.<br \/>\n    <\/a>\n<\/p><\/blockquote>\n<blockquote class=\"twitterEmbed twitter-tweet\"><p>\n    <a rel=\"nofollow noopener\" class=\"text-gray-600\" href=\"https:\/\/twitter.com\/ayasfilms\/status\/1866914513020244405\" title=\"open in a new window\" target=\"_blank\"><\/p>\n<p>        Ce tweet n&rsquo;est actuellement pas disponible. Il peut \u00eatre charg\u00e9 ou a \u00e9t\u00e9 supprim\u00e9.<br \/>\n    <\/a>\n<\/p><\/blockquote>\n<h2 id=\"what-does-aura-farming-mean\">Que signifie \u00abl&rsquo;agriculture Aura\u00bb?<\/h2>\n<p>En argot, le mot \u00ab\u00a0Aura\u00a0\u00bb d\u00e9crit une personne myst\u00e9rieuse et cool. C&rsquo;est une chose positive. \u00ab\u00a0Aura Farming\u00a0\u00bb en revanche, est ambigu. Selon le contexte, il peut se r\u00e9f\u00e9rer \u00e0 une personne qui fait quelque chose de cool sans essayer ou \u00e0 quelqu&rsquo;un qui essaie trop fort de para\u00eetre cool. Tout est question de contexte. <\/p>\n<p>(Pour plus de d\u00e9finition d&rsquo;argot pour garder votre vocabulaire sur Fleek, consultez mon guide de la g\u00e9n\u00e9ration Z et de Gen A Argot.)<\/p>\n<h2 id=\"goth-is-back-not-that-it-ever-really-went-anywhere\">Goth est de retour (pas que \u00e7a soit vraiment all\u00e9 n&rsquo;importe o\u00f9)<\/h2>\n<p>Comme les vampires qui l&rsquo;inspirent, Goth ne meurt jamais vraiment; Il dort juste dans son cercueil jusqu&rsquo;\u00e0 ce qu&rsquo;il soit temps de revendiquer de nouvelles victimes. \u00c0 en juger par Tiktok, l&rsquo;ambiance esth\u00e9tique et sombre de la sous-culture gagne du terrain avec des jeunes; Peut-\u00eatre que c&rsquo;est bas\u00e9 sur le r\u00e9cent red\u00e9marrage de <em>Nosferatu<\/em> Ou peut-\u00eatre que c&rsquo;est juste parce que Goth correspond \u00e0 l&rsquo;\u00e9poque. <\/p>\n<p>Alors que certains marqueurs goth qui sont des v\u00eatements p\u00e9rennes &#8211; des v\u00eatements noirs, de la division Joy, trop d&rsquo;eye-liner &#8211; cette g\u00e9n\u00e9ration de l&rsquo;ambiance de cette g\u00e9n\u00e9ration est diff\u00e9rente de l&rsquo;interpr\u00e9tation de leurs grands-parents au d\u00e9but des ann\u00e9es 1980. C&rsquo;est peut-\u00eatre parce que je pense \u00e0 Amialivecore, mais les nu-goths semblent plus une pose qu&rsquo;un style de vie. Le look se penche davantage vers le th\u00e9\u00e2tre et le criard que les g\u00e9n\u00e9rations pass\u00e9es. Le goth d&rsquo;aujourd&rsquo;hui se sent plus intentionnel et conscient de soi, comme les enfants ont achet\u00e9 les v\u00eatements, ont regard\u00e9 des tutoriels de maquillage, puis ont dit: \u00ab\u00a0Maintenant, je suis un goth!\u00a0\u00bb Les vieux Goths avaient tendance \u00e0 \u00eatre des drogu\u00e9s p\u00e2les et suicidaires qui permettent aux autres les appeler \u00ab\u00a0goth\u00a0\u00bb. <\/p>\n<h2 id=\"viral-video-of-the-week-baby-at-benihana\">Vid\u00e9o virale de la semaine: b\u00e9b\u00e9 \u00e0 Benihana<\/h2>\n<p>Vous souvenez-vous de la premi\u00e8re fois que vous \u00eates all\u00e9 \u00e0 Benihana? Le b\u00e9b\u00e9 de la vid\u00e9o virale de cette semaine est trop jeune pour former des souvenirs durables de son premier voyage \u00e0 la cha\u00eene japonaise avec la pr\u00e9sentation des aliments th\u00e9\u00e2traux, mais cela fait une \u00e9norme impression de toute fa\u00e7on.<\/p>\n<blockquote class=\"tiktokEmbed tiktok-embed\" data-video-id=\"7451758478605208878\" style=\"max-width: 605px;min-width: 325px;\">\n<section><\/section>\n<\/blockquote>\n<p><script async src=\"https:\/\/platform.twitter.com\/widgets.js\" charset=\"utf-8\"><\/script><script async src=\"\/\/www.tiktok.com\/embed.js\"><\/script><\/p>\n","protected":false},"excerpt":{"rendered":"<p>Soyons philosophiques sur les raisons pour lesquelles les jeunes sont comme ils sont. Laisser tomber les choses sur votre pied et \u00e9valuer \u00e0 quel point<\/p>\n","protected":false},"author":1,"featured_media":5454,"comment_status":"","ping_status":"","sticky":false,"template":"","format":"standard","meta":{"footnotes":""},"categories":[36],"tags":[899,5576,5283,2805,29,324,461,2494,81,2006],"class_list":["post-5453","post","type-post","status-publish","format-standard","has-post-thumbnail","hentry","category-divertissement","tag-adultes","tag-amialivecore","tag-contact","tag-culture","tag-des","tag-enfants","tag-guide","tag-hors","tag-pour","tag-questce","generate-columns","tablet-grid-50","mobile-grid-100","grid-parent","grid-33"],"yoast_head":"<!-- This site is optimized with the Yoast SEO plugin v24.0 - https:\/\/yoast.com\/wordpress\/plugins\/seo\/ -->\n<title>Le guide des adultes hors de contact pour la culture des enfants: qu&#039;est-ce que \u00abAmialivecore\u00bb? | Vie Associative<\/title>\n<meta name=\"robots\" content=\"index, follow, max-snippet:-1, max-image-preview:large, max-video-preview:-1\" \/>\n<link rel=\"canonical\" href=\"https:\/\/vieassociative.be\/actualites\/le-guide-des-adultes-hors-de-contact-pour-la-culture-des-enfants-quest-ce-que-amialivecore\/\" \/>\n<meta property=\"og:locale\" content=\"fr_FR\" \/>\n<meta property=\"og:type\" content=\"article\" \/>\n<meta property=\"og:title\" content=\"Le guide des adultes hors de contact pour la culture des enfants: qu&#039;est-ce que \u00abAmialivecore\u00bb? | Vie Associative\" \/>\n<meta property=\"og:description\" content=\"Soyons philosophiques sur les raisons pour lesquelles les jeunes sont comme ils sont. Laisser tomber les choses sur votre pied et \u00e9valuer \u00e0 quel point\" \/>\n<meta property=\"og:url\" content=\"https:\/\/vieassociative.be\/actualites\/le-guide-des-adultes-hors-de-contact-pour-la-culture-des-enfants-quest-ce-que-amialivecore\/\" \/>\n<meta property=\"og:site_name\" content=\"Vie Associative\" \/>\n<meta property=\"article:published_time\" content=\"2025-02-27T05:21:50+00:00\" \/>\n<meta property=\"og:image\" content=\"https:\/\/vieassociative.be\/actualites\/wp-content\/uploads\/2024\/09\/header_backgroundk-01-e1726694325946.png\" \/>\n\t<meta property=\"og:image:width\" content=\"279\" \/>\n\t<meta property=\"og:image:height\" content=\"92\" \/>\n\t<meta property=\"og:image:type\" content=\"image\/png\" \/>\n<meta name=\"author\" content=\"Julien\" \/>\n<meta name=\"twitter:card\" content=\"summary_large_image\" \/>\n<meta name=\"twitter:label1\" content=\"\u00c9crit par\" \/>\n\t<meta name=\"twitter:data1\" content=\"Julien\" \/>\n\t<meta name=\"twitter:label2\" content=\"Dur\u00e9e de lecture est.\" \/>\n\t<meta name=\"twitter:data2\" content=\"5 minutes\" \/>\n<script type=\"application\/ld+json\" class=\"yoast-schema-graph\">{\"@context\":\"https:\/\/schema.org\",\"@graph\":[{\"@type\":\"Article\",\"@id\":\"https:\/\/vieassociative.be\/actualites\/le-guide-des-adultes-hors-de-contact-pour-la-culture-des-enfants-quest-ce-que-amialivecore\/#article\",\"isPartOf\":{\"@id\":\"https:\/\/vieassociative.be\/actualites\/le-guide-des-adultes-hors-de-contact-pour-la-culture-des-enfants-quest-ce-que-amialivecore\/\"},\"author\":{\"name\":\"Julien\",\"@id\":\"https:\/\/vieassociative.be\/actualites\/#\/schema\/person\/b87ac4f82f9d4e7b7cec7395b679edc4\"},\"headline\":\"Le guide des adultes hors de contact pour la culture des enfants: qu&rsquo;est-ce que \u00abAmialivecore\u00bb?\",\"datePublished\":\"2025-02-27T05:21:50+00:00\",\"dateModified\":\"2025-02-27T05:21:50+00:00\",\"mainEntityOfPage\":{\"@id\":\"https:\/\/vieassociative.be\/actualites\/le-guide-des-adultes-hors-de-contact-pour-la-culture-des-enfants-quest-ce-que-amialivecore\/\"},\"wordCount\":1141,\"publisher\":{\"@id\":\"https:\/\/vieassociative.be\/actualites\/#organization\"},\"image\":{\"@id\":\"https:\/\/vieassociative.be\/actualites\/le-guide-des-adultes-hors-de-contact-pour-la-culture-des-enfants-quest-ce-que-amialivecore\/#primaryimage\"},\"thumbnailUrl\":\"https:\/\/vieassociative.be\/actualites\/wp-content\/uploads\/2025\/02\/Le-guide-des-adultes-hors-de-contact-pour-la-culture.jpg\",\"keywords\":[\"adultes\",\"Amialivecore\",\"contact\",\"culture\",\"Des\",\"enfants\",\"Guide\",\"hors\",\"pour\",\"Questce\"],\"articleSection\":[\"Divertissement\"],\"inLanguage\":\"fr-BE\"},{\"@type\":\"WebPage\",\"@id\":\"https:\/\/vieassociative.be\/actualites\/le-guide-des-adultes-hors-de-contact-pour-la-culture-des-enfants-quest-ce-que-amialivecore\/\",\"url\":\"https:\/\/vieassociative.be\/actualites\/le-guide-des-adultes-hors-de-contact-pour-la-culture-des-enfants-quest-ce-que-amialivecore\/\",\"name\":\"Le guide des adultes hors de contact pour la culture des enfants: qu'est-ce que \u00abAmialivecore\u00bb? | Vie Associative\",\"isPartOf\":{\"@id\":\"https:\/\/vieassociative.be\/actualites\/#website\"},\"primaryImageOfPage\":{\"@id\":\"https:\/\/vieassociative.be\/actualites\/le-guide-des-adultes-hors-de-contact-pour-la-culture-des-enfants-quest-ce-que-amialivecore\/#primaryimage\"},\"image\":{\"@id\":\"https:\/\/vieassociative.be\/actualites\/le-guide-des-adultes-hors-de-contact-pour-la-culture-des-enfants-quest-ce-que-amialivecore\/#primaryimage\"},\"thumbnailUrl\":\"https:\/\/vieassociative.be\/actualites\/wp-content\/uploads\/2025\/02\/Le-guide-des-adultes-hors-de-contact-pour-la-culture.jpg\",\"datePublished\":\"2025-02-27T05:21:50+00:00\",\"dateModified\":\"2025-02-27T05:21:50+00:00\",\"breadcrumb\":{\"@id\":\"https:\/\/vieassociative.be\/actualites\/le-guide-des-adultes-hors-de-contact-pour-la-culture-des-enfants-quest-ce-que-amialivecore\/#breadcrumb\"},\"inLanguage\":\"fr-BE\",\"potentialAction\":[{\"@type\":\"ReadAction\",\"target\":[\"https:\/\/vieassociative.be\/actualites\/le-guide-des-adultes-hors-de-contact-pour-la-culture-des-enfants-quest-ce-que-amialivecore\/\"]}]},{\"@type\":\"ImageObject\",\"inLanguage\":\"fr-BE\",\"@id\":\"https:\/\/vieassociative.be\/actualites\/le-guide-des-adultes-hors-de-contact-pour-la-culture-des-enfants-quest-ce-que-amialivecore\/#primaryimage\",\"url\":\"https:\/\/vieassociative.be\/actualites\/wp-content\/uploads\/2025\/02\/Le-guide-des-adultes-hors-de-contact-pour-la-culture.jpg\",\"contentUrl\":\"https:\/\/vieassociative.be\/actualites\/wp-content\/uploads\/2025\/02\/Le-guide-des-adultes-hors-de-contact-pour-la-culture.jpg\",\"width\":1200,\"height\":675,\"caption\":\"Le guide des adultes hors de contact pour la culture des enfants: qu'est-ce que \u00abAmialivecore\u00bb?\"},{\"@type\":\"BreadcrumbList\",\"@id\":\"https:\/\/vieassociative.be\/actualites\/le-guide-des-adultes-hors-de-contact-pour-la-culture-des-enfants-quest-ce-que-amialivecore\/#breadcrumb\",\"itemListElement\":[{\"@type\":\"ListItem\",\"position\":1,\"name\":\"Accueil\",\"item\":\"https:\/\/vieassociative.be\/actualites\/\"},{\"@type\":\"ListItem\",\"position\":2,\"name\":\"Le guide des adultes hors de contact pour la culture des enfants: qu&rsquo;est-ce que \u00abAmialivecore\u00bb?\"}]},{\"@type\":\"WebSite\",\"@id\":\"https:\/\/vieassociative.be\/actualites\/#website\",\"url\":\"https:\/\/vieassociative.be\/actualites\/\",\"name\":\"Vie Associative\",\"description\":\"\",\"publisher\":{\"@id\":\"https:\/\/vieassociative.be\/actualites\/#organization\"},\"potentialAction\":[{\"@type\":\"SearchAction\",\"target\":{\"@type\":\"EntryPoint\",\"urlTemplate\":\"https:\/\/vieassociative.be\/actualites\/?s={search_term_string}\"},\"query-input\":{\"@type\":\"PropertyValueSpecification\",\"valueRequired\":true,\"valueName\":\"search_term_string\"}}],\"inLanguage\":\"fr-BE\"},{\"@type\":\"Organization\",\"@id\":\"https:\/\/vieassociative.be\/actualites\/#organization\",\"name\":\"Vie Associative\",\"url\":\"https:\/\/vieassociative.be\/actualites\/\",\"logo\":{\"@type\":\"ImageObject\",\"inLanguage\":\"fr-BE\",\"@id\":\"https:\/\/vieassociative.be\/actualites\/#\/schema\/logo\/image\/\",\"url\":\"https:\/\/vieassociative.be\/actualites\/wp-content\/uploads\/2024\/09\/cropped-vieassociative_favicon.ico.png\",\"contentUrl\":\"https:\/\/vieassociative.be\/actualites\/wp-content\/uploads\/2024\/09\/cropped-vieassociative_favicon.ico.png\",\"width\":512,\"height\":512,\"caption\":\"Vie Associative\"},\"image\":{\"@id\":\"https:\/\/vieassociative.be\/actualites\/#\/schema\/logo\/image\/\"}},{\"@type\":\"Person\",\"@id\":\"https:\/\/vieassociative.be\/actualites\/#\/schema\/person\/b87ac4f82f9d4e7b7cec7395b679edc4\",\"name\":\"Julien\",\"image\":{\"@type\":\"ImageObject\",\"inLanguage\":\"fr-BE\",\"@id\":\"https:\/\/vieassociative.be\/actualites\/#\/schema\/person\/image\/\",\"url\":\"https:\/\/vieassociative.be\/actualites\/wp-content\/uploads\/2024\/09\/vie-associative-1-150x150.jpg\",\"contentUrl\":\"https:\/\/vieassociative.be\/actualites\/wp-content\/uploads\/2024\/09\/vie-associative-1-150x150.jpg\",\"caption\":\"Julien\"},\"description\":\"Je suis Julien, r\u00e9dacteur pour Vie Associative. Passionn\u00e9 par le monde associatif depuis plus de 10 ans, j'ai \u00e0 c\u0153ur de partager des histoires inspirantes et de mettre en lumi\u00e8re les initiatives locales. Mon objectif est de sensibiliser et d'encourager l'engagement communautaire \u00e0 travers mes articles.\",\"sameAs\":[\"https:\/\/vieassociative.be\/\"]}]}<\/script>\n<!-- \/ Yoast SEO plugin. -->","yoast_head_json":{"title":"Le guide des adultes hors de contact pour la culture des enfants: qu'est-ce que \u00abAmialivecore\u00bb? | Vie Associative","robots":{"index":"index","follow":"follow","max-snippet":"max-snippet:-1","max-image-preview":"max-image-preview:large","max-video-preview":"max-video-preview:-1"},"canonical":"https:\/\/vieassociative.be\/actualites\/le-guide-des-adultes-hors-de-contact-pour-la-culture-des-enfants-quest-ce-que-amialivecore\/","og_locale":"fr_FR","og_type":"article","og_title":"Le guide des adultes hors de contact pour la culture des enfants: qu'est-ce que \u00abAmialivecore\u00bb? | Vie Associative","og_description":"Soyons philosophiques sur les raisons pour lesquelles les jeunes sont comme ils sont. Laisser tomber les choses sur votre pied et \u00e9valuer \u00e0 quel point","og_url":"https:\/\/vieassociative.be\/actualites\/le-guide-des-adultes-hors-de-contact-pour-la-culture-des-enfants-quest-ce-que-amialivecore\/","og_site_name":"Vie Associative","article_published_time":"2025-02-27T05:21:50+00:00","og_image":[{"width":279,"height":92,"url":"https:\/\/vieassociative.be\/actualites\/wp-content\/uploads\/2024\/09\/header_backgroundk-01-e1726694325946.png","type":"image\/png"}],"author":"Julien","twitter_card":"summary_large_image","twitter_misc":{"\u00c9crit par":"Julien","Dur\u00e9e de lecture est.":"5 minutes"},"schema":{"@context":"https:\/\/schema.org","@graph":[{"@type":"Article","@id":"https:\/\/vieassociative.be\/actualites\/le-guide-des-adultes-hors-de-contact-pour-la-culture-des-enfants-quest-ce-que-amialivecore\/#article","isPartOf":{"@id":"https:\/\/vieassociative.be\/actualites\/le-guide-des-adultes-hors-de-contact-pour-la-culture-des-enfants-quest-ce-que-amialivecore\/"},"author":{"name":"Julien","@id":"https:\/\/vieassociative.be\/actualites\/#\/schema\/person\/b87ac4f82f9d4e7b7cec7395b679edc4"},"headline":"Le guide des adultes hors de contact pour la culture des enfants: qu&rsquo;est-ce que \u00abAmialivecore\u00bb?","datePublished":"2025-02-27T05:21:50+00:00","dateModified":"2025-02-27T05:21:50+00:00","mainEntityOfPage":{"@id":"https:\/\/vieassociative.be\/actualites\/le-guide-des-adultes-hors-de-contact-pour-la-culture-des-enfants-quest-ce-que-amialivecore\/"},"wordCount":1141,"publisher":{"@id":"https:\/\/vieassociative.be\/actualites\/#organization"},"image":{"@id":"https:\/\/vieassociative.be\/actualites\/le-guide-des-adultes-hors-de-contact-pour-la-culture-des-enfants-quest-ce-que-amialivecore\/#primaryimage"},"thumbnailUrl":"https:\/\/vieassociative.be\/actualites\/wp-content\/uploads\/2025\/02\/Le-guide-des-adultes-hors-de-contact-pour-la-culture.jpg","keywords":["adultes","Amialivecore","contact","culture","Des","enfants","Guide","hors","pour","Questce"],"articleSection":["Divertissement"],"inLanguage":"fr-BE"},{"@type":"WebPage","@id":"https:\/\/vieassociative.be\/actualites\/le-guide-des-adultes-hors-de-contact-pour-la-culture-des-enfants-quest-ce-que-amialivecore\/","url":"https:\/\/vieassociative.be\/actualites\/le-guide-des-adultes-hors-de-contact-pour-la-culture-des-enfants-quest-ce-que-amialivecore\/","name":"Le guide des adultes hors de contact pour la culture des enfants: qu'est-ce que \u00abAmialivecore\u00bb? | Vie Associative","isPartOf":{"@id":"https:\/\/vieassociative.be\/actualites\/#website"},"primaryImageOfPage":{"@id":"https:\/\/vieassociative.be\/actualites\/le-guide-des-adultes-hors-de-contact-pour-la-culture-des-enfants-quest-ce-que-amialivecore\/#primaryimage"},"image":{"@id":"https:\/\/vieassociative.be\/actualites\/le-guide-des-adultes-hors-de-contact-pour-la-culture-des-enfants-quest-ce-que-amialivecore\/#primaryimage"},"thumbnailUrl":"https:\/\/vieassociative.be\/actualites\/wp-content\/uploads\/2025\/02\/Le-guide-des-adultes-hors-de-contact-pour-la-culture.jpg","datePublished":"2025-02-27T05:21:50+00:00","dateModified":"2025-02-27T05:21:50+00:00","breadcrumb":{"@id":"https:\/\/vieassociative.be\/actualites\/le-guide-des-adultes-hors-de-contact-pour-la-culture-des-enfants-quest-ce-que-amialivecore\/#breadcrumb"},"inLanguage":"fr-BE","potentialAction":[{"@type":"ReadAction","target":["https:\/\/vieassociative.be\/actualites\/le-guide-des-adultes-hors-de-contact-pour-la-culture-des-enfants-quest-ce-que-amialivecore\/"]}]},{"@type":"ImageObject","inLanguage":"fr-BE","@id":"https:\/\/vieassociative.be\/actualites\/le-guide-des-adultes-hors-de-contact-pour-la-culture-des-enfants-quest-ce-que-amialivecore\/#primaryimage","url":"https:\/\/vieassociative.be\/actualites\/wp-content\/uploads\/2025\/02\/Le-guide-des-adultes-hors-de-contact-pour-la-culture.jpg","contentUrl":"https:\/\/vieassociative.be\/actualites\/wp-content\/uploads\/2025\/02\/Le-guide-des-adultes-hors-de-contact-pour-la-culture.jpg","width":1200,"height":675,"caption":"Le guide des adultes hors de contact pour la culture des enfants: qu'est-ce que \u00abAmialivecore\u00bb?"},{"@type":"BreadcrumbList","@id":"https:\/\/vieassociative.be\/actualites\/le-guide-des-adultes-hors-de-contact-pour-la-culture-des-enfants-quest-ce-que-amialivecore\/#breadcrumb","itemListElement":[{"@type":"ListItem","position":1,"name":"Accueil","item":"https:\/\/vieassociative.be\/actualites\/"},{"@type":"ListItem","position":2,"name":"Le guide des adultes hors de contact pour la culture des enfants: qu&rsquo;est-ce que \u00abAmialivecore\u00bb?"}]},{"@type":"WebSite","@id":"https:\/\/vieassociative.be\/actualites\/#website","url":"https:\/\/vieassociative.be\/actualites\/","name":"Vie Associative","description":"","publisher":{"@id":"https:\/\/vieassociative.be\/actualites\/#organization"},"potentialAction":[{"@type":"SearchAction","target":{"@type":"EntryPoint","urlTemplate":"https:\/\/vieassociative.be\/actualites\/?s={search_term_string}"},"query-input":{"@type":"PropertyValueSpecification","valueRequired":true,"valueName":"search_term_string"}}],"inLanguage":"fr-BE"},{"@type":"Organization","@id":"https:\/\/vieassociative.be\/actualites\/#organization","name":"Vie Associative","url":"https:\/\/vieassociative.be\/actualites\/","logo":{"@type":"ImageObject","inLanguage":"fr-BE","@id":"https:\/\/vieassociative.be\/actualites\/#\/schema\/logo\/image\/","url":"https:\/\/vieassociative.be\/actualites\/wp-content\/uploads\/2024\/09\/cropped-vieassociative_favicon.ico.png","contentUrl":"https:\/\/vieassociative.be\/actualites\/wp-content\/uploads\/2024\/09\/cropped-vieassociative_favicon.ico.png","width":512,"height":512,"caption":"Vie Associative"},"image":{"@id":"https:\/\/vieassociative.be\/actualites\/#\/schema\/logo\/image\/"}},{"@type":"Person","@id":"https:\/\/vieassociative.be\/actualites\/#\/schema\/person\/b87ac4f82f9d4e7b7cec7395b679edc4","name":"Julien","image":{"@type":"ImageObject","inLanguage":"fr-BE","@id":"https:\/\/vieassociative.be\/actualites\/#\/schema\/person\/image\/","url":"https:\/\/vieassociative.be\/actualites\/wp-content\/uploads\/2024\/09\/vie-associative-1-150x150.jpg","contentUrl":"https:\/\/vieassociative.be\/actualites\/wp-content\/uploads\/2024\/09\/vie-associative-1-150x150.jpg","caption":"Julien"},"description":"Je suis Julien, r\u00e9dacteur pour Vie Associative. Passionn\u00e9 par le monde associatif depuis plus de 10 ans, j'ai \u00e0 c\u0153ur de partager des histoires inspirantes et de mettre en lumi\u00e8re les initiatives locales. Mon objectif est de sensibiliser et d'encourager l'engagement communautaire \u00e0 travers mes articles.","sameAs":["https:\/\/vieassociative.be\/"]}]}},"_links":{"self":[{"href":"https:\/\/vieassociative.be\/actualites\/wp-json\/wp\/v2\/posts\/5453"}],"collection":[{"href":"https:\/\/vieassociative.be\/actualites\/wp-json\/wp\/v2\/posts"}],"about":[{"href":"https:\/\/vieassociative.be\/actualites\/wp-json\/wp\/v2\/types\/post"}],"author":[{"embeddable":true,"href":"https:\/\/vieassociative.be\/actualites\/wp-json\/wp\/v2\/users\/1"}],"replies":[{"embeddable":true,"href":"https:\/\/vieassociative.be\/actualites\/wp-json\/wp\/v2\/comments?post=5453"}],"version-history":[{"count":0,"href":"https:\/\/vieassociative.be\/actualites\/wp-json\/wp\/v2\/posts\/5453\/revisions"}],"wp:featuredmedia":[{"embeddable":true,"href":"https:\/\/vieassociative.be\/actualites\/wp-json\/wp\/v2\/media\/5454"}],"wp:attachment":[{"href":"https:\/\/vieassociative.be\/actualites\/wp-json\/wp\/v2\/media?parent=5453"}],"wp:term":[{"taxonomy":"category","embeddable":true,"href":"https:\/\/vieassociative.be\/actualites\/wp-json\/wp\/v2\/categories?post=5453"},{"taxonomy":"post_tag","embeddable":true,"href":"https:\/\/vieassociative.be\/actualites\/wp-json\/wp\/v2\/tags?post=5453"}],"curies":[{"name":"wp","href":"https:\/\/api.w.org\/{rel}","templated":true}]}}