{"id":5449,"date":"2025-02-27T03:17:23","date_gmt":"2025-02-27T02:17:23","guid":{"rendered":"https:\/\/vieassociative.be\/actualites\/un-carnavaliste-de-veritable-coup-et-de-grain-franz-josef-vandenhirtz-est-decede-a-lage-de-80-ans\/"},"modified":"2025-02-27T03:17:23","modified_gmt":"2025-02-27T02:17:23","slug":"un-carnavaliste-de-veritable-coup-et-de-grain-franz-josef-vandenhirtz-est-decede-a-lage-de-80-ans","status":"publish","type":"post","link":"https:\/\/vieassociative.be\/actualites\/un-carnavaliste-de-veritable-coup-et-de-grain-franz-josef-vandenhirtz-est-decede-a-lage-de-80-ans\/","title":{"rendered":"\u00ab\u00a0Un carnavaliste de v\u00e9ritable coup et de grain\u00a0\u00bb: Franz-Josef Vandenhirtz est d\u00e9c\u00e9d\u00e9 \u00e0 l&rsquo;\u00e2ge de 80 ans"},"content":{"rendered":"<p><strong>Mercredi matin, le v\u00e9t\u00e9ran de l&rsquo;Eupen Franz-Josef Vandenhirtz est d\u00e9c\u00e9d\u00e9 \u00e0 l&rsquo;\u00e2ge de 80 ans.<\/strong><\/p>\n<p><span id=\"more-409120\"><\/span>Vandenhirtz \u00e9tait connu pour son engagement social et sa passion pour le carnaval. Lorsque la plume d&rsquo;or lui a \u00e9t\u00e9 d\u00e9cern\u00e9e il y a dix ans, le maire d&rsquo;Eupen d&rsquo;alors l&rsquo;a appel\u00e9 \u00ab\u00a0carnavaliste en vrais tirs et c\u00e9r\u00e9ales\u00a0\u00bb.<\/p>\n<p>En fait, les dirigeants de Vandenhirtz pendant 13 ans l&rsquo;Eupen Rosenmontagszug. \u00ab\u00a0Franz-Josef, \u00e9quip\u00e9 d&rsquo;une longue \u00e9charpe blanche et d&rsquo;une radio, a fa\u00e7onn\u00e9 le train comme le clown\u00a0\u00bb, a salu\u00e9 Klinkenberg le grand engagement de Vandenhirtz pour le carnaval dans le Weserstadt.<\/p>\n<div id=\"attachment_39702\" class=\"wp-caption alignleft\" style=\"max-width: 300px\"><img fetchpriority=\"high\" decoding=\"async\" class=\"wp-image-39702 size-medium\" src=\"https:\/\/vieassociative.be\/actualites\/wp-content\/uploads\/2025\/02\/Un-carnavaliste-de-veritable-coup-et-de-grain-Franz-Josef-Vandenhirtz.jpg\" alt=\"\" width=\"300\" height=\"198\"  ><\/p>\n<p class=\"wp-caption-text\">En mars 2014, Franz-Josef Vandenhirtz (centre) a re\u00e7u la plume d&rsquo;or. Photo: OD<\/p>\n<\/div>\n<p>Son engagement social \u00e9tait encore plus important que le carnaval pour Vandenhirtz. En 1981, il a fond\u00e9 la Lovos Association avec certains amis de l&rsquo;Eupen, toujours ancr\u00e9s au Festival tyrolean de l&rsquo;Eupener. Il a \u00e9t\u00e9 pr\u00e9sident pendant 19 ans. Le produit net du festival profite aux handicap\u00e9s de la DG. La m\u00eame ann\u00e9e, il a \u00e9galement fond\u00e9 le groupe \u00abnous pour vous\u00bb dans l&rsquo;environnement social. Avec son id\u00e9e du calendrier de l&rsquo;Avent autour du march\u00e9 Eupen, il a fa\u00e7onn\u00e9 la course \u00e0 Eupen, avec son id\u00e9e du calendrier de l&rsquo;Avent.<\/p>\n<p>Eupen est tr\u00e8s fier de son \u00ab\u00a0Franz-Jupp-in-Allen-Gassen\u00a0\u00bb, Klinkenberg a soulign\u00e9 en mars 2014 la c\u00e9r\u00e9monie de r\u00e9compense de la plume d&rsquo;or \u00e0 Vandenhirtz: \u00abIl est un bulldozer pour le social, directement et authentique. Un diesel de 30 tons de bonne humeur et un robin de poids lourd pour les personnes ayant des d\u00e9ficiences. En d\u00e9cembre 2023, Vandenhirtz a \u00e9t\u00e9 pr\u00e9sent\u00e9 pour son engagement social et social polyvalent de l&rsquo;Ordre de L\u00e9opold. (Cre)<\/p>\n","protected":false},"excerpt":{"rendered":"<p>Mercredi matin, le v\u00e9t\u00e9ran de l&rsquo;Eupen Franz-Josef Vandenhirtz est d\u00e9c\u00e9d\u00e9 \u00e0 l&rsquo;\u00e2ge de 80 ans. Vandenhirtz \u00e9tait connu pour son engagement social et sa passion<\/p>\n","protected":false},"author":1,"featured_media":5450,"comment_status":"","ping_status":"","sticky":false,"template":"","format":"standard","meta":{"footnotes":""},"categories":[298],"tags":[584,5570,418,1223,76,5572,5571,501,5573,3463],"class_list":["post-5449","post","type-post","status-publish","format-standard","has-post-thumbnail","hentry","category-belgique","tag-ans","tag-carnavaliste","tag-coup","tag-decede","tag-est","tag-franzjosef","tag-grain","tag-lage","tag-vandenhirtz","tag-veritable","generate-columns","tablet-grid-50","mobile-grid-100","grid-parent","grid-33"],"yoast_head":"<!-- This site is optimized with the Yoast SEO plugin v24.0 - https:\/\/yoast.com\/wordpress\/plugins\/seo\/ -->\n<title>&quot;Un carnavaliste de v\u00e9ritable coup et de grain&quot;: Franz-Josef Vandenhirtz est d\u00e9c\u00e9d\u00e9 \u00e0 l&#039;\u00e2ge de 80 ans | Vie Associative<\/title>\n<meta name=\"robots\" content=\"index, follow, max-snippet:-1, max-image-preview:large, max-video-preview:-1\" \/>\n<link rel=\"canonical\" href=\"https:\/\/vieassociative.be\/actualites\/un-carnavaliste-de-veritable-coup-et-de-grain-franz-josef-vandenhirtz-est-decede-a-lage-de-80-ans\/\" \/>\n<meta property=\"og:locale\" content=\"fr_FR\" \/>\n<meta property=\"og:type\" content=\"article\" \/>\n<meta property=\"og:title\" content=\"&quot;Un carnavaliste de v\u00e9ritable coup et de grain&quot;: Franz-Josef Vandenhirtz est d\u00e9c\u00e9d\u00e9 \u00e0 l&#039;\u00e2ge de 80 ans | Vie Associative\" \/>\n<meta property=\"og:description\" content=\"Mercredi matin, le v\u00e9t\u00e9ran de l&rsquo;Eupen Franz-Josef Vandenhirtz est d\u00e9c\u00e9d\u00e9 \u00e0 l&rsquo;\u00e2ge de 80 ans. Vandenhirtz \u00e9tait connu pour son engagement social et sa passion\" \/>\n<meta property=\"og:url\" content=\"https:\/\/vieassociative.be\/actualites\/un-carnavaliste-de-veritable-coup-et-de-grain-franz-josef-vandenhirtz-est-decede-a-lage-de-80-ans\/\" \/>\n<meta property=\"og:site_name\" content=\"Vie Associative\" \/>\n<meta property=\"article:published_time\" content=\"2025-02-27T02:17:23+00:00\" \/>\n<meta property=\"og:image\" content=\"https:\/\/vieassociative.be\/actualites\/wp-content\/uploads\/2024\/09\/header_backgroundk-01-e1726694325946.png\" \/>\n\t<meta property=\"og:image:width\" content=\"279\" \/>\n\t<meta property=\"og:image:height\" content=\"92\" \/>\n\t<meta property=\"og:image:type\" content=\"image\/png\" \/>\n<meta name=\"author\" content=\"Julien\" \/>\n<meta name=\"twitter:card\" content=\"summary_large_image\" \/>\n<meta name=\"twitter:label1\" content=\"\u00c9crit par\" \/>\n\t<meta name=\"twitter:data1\" content=\"Julien\" \/>\n\t<meta name=\"twitter:label2\" content=\"Dur\u00e9e de lecture est.\" \/>\n\t<meta name=\"twitter:data2\" content=\"1 minute\" \/>\n<script type=\"application\/ld+json\" class=\"yoast-schema-graph\">{\"@context\":\"https:\/\/schema.org\",\"@graph\":[{\"@type\":\"Article\",\"@id\":\"https:\/\/vieassociative.be\/actualites\/un-carnavaliste-de-veritable-coup-et-de-grain-franz-josef-vandenhirtz-est-decede-a-lage-de-80-ans\/#article\",\"isPartOf\":{\"@id\":\"https:\/\/vieassociative.be\/actualites\/un-carnavaliste-de-veritable-coup-et-de-grain-franz-josef-vandenhirtz-est-decede-a-lage-de-80-ans\/\"},\"author\":{\"name\":\"Julien\",\"@id\":\"https:\/\/vieassociative.be\/actualites\/#\/schema\/person\/b87ac4f82f9d4e7b7cec7395b679edc4\"},\"headline\":\"\u00ab\u00a0Un carnavaliste de v\u00e9ritable coup et de grain\u00a0\u00bb: Franz-Josef Vandenhirtz est d\u00e9c\u00e9d\u00e9 \u00e0 l&rsquo;\u00e2ge de 80 ans\",\"datePublished\":\"2025-02-27T02:17:23+00:00\",\"dateModified\":\"2025-02-27T02:17:23+00:00\",\"mainEntityOfPage\":{\"@id\":\"https:\/\/vieassociative.be\/actualites\/un-carnavaliste-de-veritable-coup-et-de-grain-franz-josef-vandenhirtz-est-decede-a-lage-de-80-ans\/\"},\"wordCount\":320,\"publisher\":{\"@id\":\"https:\/\/vieassociative.be\/actualites\/#organization\"},\"image\":{\"@id\":\"https:\/\/vieassociative.be\/actualites\/un-carnavaliste-de-veritable-coup-et-de-grain-franz-josef-vandenhirtz-est-decede-a-lage-de-80-ans\/#primaryimage\"},\"thumbnailUrl\":\"https:\/\/vieassociative.be\/actualites\/wp-content\/uploads\/2025\/02\/1740622643_Un-carnavaliste-de-veritable-coup-et-de-grain-Franz-Josef-Vandenhirtz.jpg\",\"keywords\":[\"ans\",\"carnavaliste\",\"coup\",\"d\u00e9c\u00e9d\u00e9\",\"est\",\"FranzJosef\",\"grain\",\"l\u00e2ge\",\"Vandenhirtz\",\"v\u00e9ritable\"],\"articleSection\":[\"Belgique\"],\"inLanguage\":\"fr-BE\"},{\"@type\":\"WebPage\",\"@id\":\"https:\/\/vieassociative.be\/actualites\/un-carnavaliste-de-veritable-coup-et-de-grain-franz-josef-vandenhirtz-est-decede-a-lage-de-80-ans\/\",\"url\":\"https:\/\/vieassociative.be\/actualites\/un-carnavaliste-de-veritable-coup-et-de-grain-franz-josef-vandenhirtz-est-decede-a-lage-de-80-ans\/\",\"name\":\"\\\"Un carnavaliste de v\u00e9ritable coup et de grain\\\": Franz-Josef Vandenhirtz est d\u00e9c\u00e9d\u00e9 \u00e0 l'\u00e2ge de 80 ans | Vie Associative\",\"isPartOf\":{\"@id\":\"https:\/\/vieassociative.be\/actualites\/#website\"},\"primaryImageOfPage\":{\"@id\":\"https:\/\/vieassociative.be\/actualites\/un-carnavaliste-de-veritable-coup-et-de-grain-franz-josef-vandenhirtz-est-decede-a-lage-de-80-ans\/#primaryimage\"},\"image\":{\"@id\":\"https:\/\/vieassociative.be\/actualites\/un-carnavaliste-de-veritable-coup-et-de-grain-franz-josef-vandenhirtz-est-decede-a-lage-de-80-ans\/#primaryimage\"},\"thumbnailUrl\":\"https:\/\/vieassociative.be\/actualites\/wp-content\/uploads\/2025\/02\/1740622643_Un-carnavaliste-de-veritable-coup-et-de-grain-Franz-Josef-Vandenhirtz.jpg\",\"datePublished\":\"2025-02-27T02:17:23+00:00\",\"dateModified\":\"2025-02-27T02:17:23+00:00\",\"breadcrumb\":{\"@id\":\"https:\/\/vieassociative.be\/actualites\/un-carnavaliste-de-veritable-coup-et-de-grain-franz-josef-vandenhirtz-est-decede-a-lage-de-80-ans\/#breadcrumb\"},\"inLanguage\":\"fr-BE\",\"potentialAction\":[{\"@type\":\"ReadAction\",\"target\":[\"https:\/\/vieassociative.be\/actualites\/un-carnavaliste-de-veritable-coup-et-de-grain-franz-josef-vandenhirtz-est-decede-a-lage-de-80-ans\/\"]}]},{\"@type\":\"ImageObject\",\"inLanguage\":\"fr-BE\",\"@id\":\"https:\/\/vieassociative.be\/actualites\/un-carnavaliste-de-veritable-coup-et-de-grain-franz-josef-vandenhirtz-est-decede-a-lage-de-80-ans\/#primaryimage\",\"url\":\"https:\/\/vieassociative.be\/actualites\/wp-content\/uploads\/2025\/02\/1740622643_Un-carnavaliste-de-veritable-coup-et-de-grain-Franz-Josef-Vandenhirtz.jpg\",\"contentUrl\":\"https:\/\/vieassociative.be\/actualites\/wp-content\/uploads\/2025\/02\/1740622643_Un-carnavaliste-de-veritable-coup-et-de-grain-Franz-Josef-Vandenhirtz.jpg\",\"width\":1149,\"height\":766,\"caption\":\"\\\"Un carnavaliste de v\u00e9ritable coup et de grain\\\": Franz-Josef Vandenhirtz est d\u00e9c\u00e9d\u00e9 \u00e0 l'\u00e2ge de 80 ans\"},{\"@type\":\"BreadcrumbList\",\"@id\":\"https:\/\/vieassociative.be\/actualites\/un-carnavaliste-de-veritable-coup-et-de-grain-franz-josef-vandenhirtz-est-decede-a-lage-de-80-ans\/#breadcrumb\",\"itemListElement\":[{\"@type\":\"ListItem\",\"position\":1,\"name\":\"Accueil\",\"item\":\"https:\/\/vieassociative.be\/actualites\/\"},{\"@type\":\"ListItem\",\"position\":2,\"name\":\"\u00ab\u00a0Un carnavaliste de v\u00e9ritable coup et de grain\u00a0\u00bb: Franz-Josef Vandenhirtz est d\u00e9c\u00e9d\u00e9 \u00e0 l&rsquo;\u00e2ge de 80 ans\"}]},{\"@type\":\"WebSite\",\"@id\":\"https:\/\/vieassociative.be\/actualites\/#website\",\"url\":\"https:\/\/vieassociative.be\/actualites\/\",\"name\":\"Vie Associative\",\"description\":\"\",\"publisher\":{\"@id\":\"https:\/\/vieassociative.be\/actualites\/#organization\"},\"potentialAction\":[{\"@type\":\"SearchAction\",\"target\":{\"@type\":\"EntryPoint\",\"urlTemplate\":\"https:\/\/vieassociative.be\/actualites\/?s={search_term_string}\"},\"query-input\":{\"@type\":\"PropertyValueSpecification\",\"valueRequired\":true,\"valueName\":\"search_term_string\"}}],\"inLanguage\":\"fr-BE\"},{\"@type\":\"Organization\",\"@id\":\"https:\/\/vieassociative.be\/actualites\/#organization\",\"name\":\"Vie Associative\",\"url\":\"https:\/\/vieassociative.be\/actualites\/\",\"logo\":{\"@type\":\"ImageObject\",\"inLanguage\":\"fr-BE\",\"@id\":\"https:\/\/vieassociative.be\/actualites\/#\/schema\/logo\/image\/\",\"url\":\"https:\/\/vieassociative.be\/actualites\/wp-content\/uploads\/2024\/09\/cropped-vieassociative_favicon.ico.png\",\"contentUrl\":\"https:\/\/vieassociative.be\/actualites\/wp-content\/uploads\/2024\/09\/cropped-vieassociative_favicon.ico.png\",\"width\":512,\"height\":512,\"caption\":\"Vie Associative\"},\"image\":{\"@id\":\"https:\/\/vieassociative.be\/actualites\/#\/schema\/logo\/image\/\"}},{\"@type\":\"Person\",\"@id\":\"https:\/\/vieassociative.be\/actualites\/#\/schema\/person\/b87ac4f82f9d4e7b7cec7395b679edc4\",\"name\":\"Julien\",\"image\":{\"@type\":\"ImageObject\",\"inLanguage\":\"fr-BE\",\"@id\":\"https:\/\/vieassociative.be\/actualites\/#\/schema\/person\/image\/\",\"url\":\"https:\/\/vieassociative.be\/actualites\/wp-content\/uploads\/2024\/09\/vie-associative-1-150x150.jpg\",\"contentUrl\":\"https:\/\/vieassociative.be\/actualites\/wp-content\/uploads\/2024\/09\/vie-associative-1-150x150.jpg\",\"caption\":\"Julien\"},\"description\":\"Je suis Julien, r\u00e9dacteur pour Vie Associative. Passionn\u00e9 par le monde associatif depuis plus de 10 ans, j'ai \u00e0 c\u0153ur de partager des histoires inspirantes et de mettre en lumi\u00e8re les initiatives locales. Mon objectif est de sensibiliser et d'encourager l'engagement communautaire \u00e0 travers mes articles.\",\"sameAs\":[\"https:\/\/vieassociative.be\/\"]}]}<\/script>\n<!-- \/ Yoast SEO plugin. -->","yoast_head_json":{"title":"\"Un carnavaliste de v\u00e9ritable coup et de grain\": Franz-Josef Vandenhirtz est d\u00e9c\u00e9d\u00e9 \u00e0 l'\u00e2ge de 80 ans | Vie Associative","robots":{"index":"index","follow":"follow","max-snippet":"max-snippet:-1","max-image-preview":"max-image-preview:large","max-video-preview":"max-video-preview:-1"},"canonical":"https:\/\/vieassociative.be\/actualites\/un-carnavaliste-de-veritable-coup-et-de-grain-franz-josef-vandenhirtz-est-decede-a-lage-de-80-ans\/","og_locale":"fr_FR","og_type":"article","og_title":"\"Un carnavaliste de v\u00e9ritable coup et de grain\": Franz-Josef Vandenhirtz est d\u00e9c\u00e9d\u00e9 \u00e0 l'\u00e2ge de 80 ans | Vie Associative","og_description":"Mercredi matin, le v\u00e9t\u00e9ran de l&rsquo;Eupen Franz-Josef Vandenhirtz est d\u00e9c\u00e9d\u00e9 \u00e0 l&rsquo;\u00e2ge de 80 ans. Vandenhirtz \u00e9tait connu pour son engagement social et sa passion","og_url":"https:\/\/vieassociative.be\/actualites\/un-carnavaliste-de-veritable-coup-et-de-grain-franz-josef-vandenhirtz-est-decede-a-lage-de-80-ans\/","og_site_name":"Vie Associative","article_published_time":"2025-02-27T02:17:23+00:00","og_image":[{"width":279,"height":92,"url":"https:\/\/vieassociative.be\/actualites\/wp-content\/uploads\/2024\/09\/header_backgroundk-01-e1726694325946.png","type":"image\/png"}],"author":"Julien","twitter_card":"summary_large_image","twitter_misc":{"\u00c9crit par":"Julien","Dur\u00e9e de lecture est.":"1 minute"},"schema":{"@context":"https:\/\/schema.org","@graph":[{"@type":"Article","@id":"https:\/\/vieassociative.be\/actualites\/un-carnavaliste-de-veritable-coup-et-de-grain-franz-josef-vandenhirtz-est-decede-a-lage-de-80-ans\/#article","isPartOf":{"@id":"https:\/\/vieassociative.be\/actualites\/un-carnavaliste-de-veritable-coup-et-de-grain-franz-josef-vandenhirtz-est-decede-a-lage-de-80-ans\/"},"author":{"name":"Julien","@id":"https:\/\/vieassociative.be\/actualites\/#\/schema\/person\/b87ac4f82f9d4e7b7cec7395b679edc4"},"headline":"\u00ab\u00a0Un carnavaliste de v\u00e9ritable coup et de grain\u00a0\u00bb: Franz-Josef Vandenhirtz est d\u00e9c\u00e9d\u00e9 \u00e0 l&rsquo;\u00e2ge de 80 ans","datePublished":"2025-02-27T02:17:23+00:00","dateModified":"2025-02-27T02:17:23+00:00","mainEntityOfPage":{"@id":"https:\/\/vieassociative.be\/actualites\/un-carnavaliste-de-veritable-coup-et-de-grain-franz-josef-vandenhirtz-est-decede-a-lage-de-80-ans\/"},"wordCount":320,"publisher":{"@id":"https:\/\/vieassociative.be\/actualites\/#organization"},"image":{"@id":"https:\/\/vieassociative.be\/actualites\/un-carnavaliste-de-veritable-coup-et-de-grain-franz-josef-vandenhirtz-est-decede-a-lage-de-80-ans\/#primaryimage"},"thumbnailUrl":"https:\/\/vieassociative.be\/actualites\/wp-content\/uploads\/2025\/02\/1740622643_Un-carnavaliste-de-veritable-coup-et-de-grain-Franz-Josef-Vandenhirtz.jpg","keywords":["ans","carnavaliste","coup","d\u00e9c\u00e9d\u00e9","est","FranzJosef","grain","l\u00e2ge","Vandenhirtz","v\u00e9ritable"],"articleSection":["Belgique"],"inLanguage":"fr-BE"},{"@type":"WebPage","@id":"https:\/\/vieassociative.be\/actualites\/un-carnavaliste-de-veritable-coup-et-de-grain-franz-josef-vandenhirtz-est-decede-a-lage-de-80-ans\/","url":"https:\/\/vieassociative.be\/actualites\/un-carnavaliste-de-veritable-coup-et-de-grain-franz-josef-vandenhirtz-est-decede-a-lage-de-80-ans\/","name":"\"Un carnavaliste de v\u00e9ritable coup et de grain\": Franz-Josef Vandenhirtz est d\u00e9c\u00e9d\u00e9 \u00e0 l'\u00e2ge de 80 ans | Vie Associative","isPartOf":{"@id":"https:\/\/vieassociative.be\/actualites\/#website"},"primaryImageOfPage":{"@id":"https:\/\/vieassociative.be\/actualites\/un-carnavaliste-de-veritable-coup-et-de-grain-franz-josef-vandenhirtz-est-decede-a-lage-de-80-ans\/#primaryimage"},"image":{"@id":"https:\/\/vieassociative.be\/actualites\/un-carnavaliste-de-veritable-coup-et-de-grain-franz-josef-vandenhirtz-est-decede-a-lage-de-80-ans\/#primaryimage"},"thumbnailUrl":"https:\/\/vieassociative.be\/actualites\/wp-content\/uploads\/2025\/02\/1740622643_Un-carnavaliste-de-veritable-coup-et-de-grain-Franz-Josef-Vandenhirtz.jpg","datePublished":"2025-02-27T02:17:23+00:00","dateModified":"2025-02-27T02:17:23+00:00","breadcrumb":{"@id":"https:\/\/vieassociative.be\/actualites\/un-carnavaliste-de-veritable-coup-et-de-grain-franz-josef-vandenhirtz-est-decede-a-lage-de-80-ans\/#breadcrumb"},"inLanguage":"fr-BE","potentialAction":[{"@type":"ReadAction","target":["https:\/\/vieassociative.be\/actualites\/un-carnavaliste-de-veritable-coup-et-de-grain-franz-josef-vandenhirtz-est-decede-a-lage-de-80-ans\/"]}]},{"@type":"ImageObject","inLanguage":"fr-BE","@id":"https:\/\/vieassociative.be\/actualites\/un-carnavaliste-de-veritable-coup-et-de-grain-franz-josef-vandenhirtz-est-decede-a-lage-de-80-ans\/#primaryimage","url":"https:\/\/vieassociative.be\/actualites\/wp-content\/uploads\/2025\/02\/1740622643_Un-carnavaliste-de-veritable-coup-et-de-grain-Franz-Josef-Vandenhirtz.jpg","contentUrl":"https:\/\/vieassociative.be\/actualites\/wp-content\/uploads\/2025\/02\/1740622643_Un-carnavaliste-de-veritable-coup-et-de-grain-Franz-Josef-Vandenhirtz.jpg","width":1149,"height":766,"caption":"\"Un carnavaliste de v\u00e9ritable coup et de grain\": Franz-Josef Vandenhirtz est d\u00e9c\u00e9d\u00e9 \u00e0 l'\u00e2ge de 80 ans"},{"@type":"BreadcrumbList","@id":"https:\/\/vieassociative.be\/actualites\/un-carnavaliste-de-veritable-coup-et-de-grain-franz-josef-vandenhirtz-est-decede-a-lage-de-80-ans\/#breadcrumb","itemListElement":[{"@type":"ListItem","position":1,"name":"Accueil","item":"https:\/\/vieassociative.be\/actualites\/"},{"@type":"ListItem","position":2,"name":"\u00ab\u00a0Un carnavaliste de v\u00e9ritable coup et de grain\u00a0\u00bb: Franz-Josef Vandenhirtz est d\u00e9c\u00e9d\u00e9 \u00e0 l&rsquo;\u00e2ge de 80 ans"}]},{"@type":"WebSite","@id":"https:\/\/vieassociative.be\/actualites\/#website","url":"https:\/\/vieassociative.be\/actualites\/","name":"Vie Associative","description":"","publisher":{"@id":"https:\/\/vieassociative.be\/actualites\/#organization"},"potentialAction":[{"@type":"SearchAction","target":{"@type":"EntryPoint","urlTemplate":"https:\/\/vieassociative.be\/actualites\/?s={search_term_string}"},"query-input":{"@type":"PropertyValueSpecification","valueRequired":true,"valueName":"search_term_string"}}],"inLanguage":"fr-BE"},{"@type":"Organization","@id":"https:\/\/vieassociative.be\/actualites\/#organization","name":"Vie Associative","url":"https:\/\/vieassociative.be\/actualites\/","logo":{"@type":"ImageObject","inLanguage":"fr-BE","@id":"https:\/\/vieassociative.be\/actualites\/#\/schema\/logo\/image\/","url":"https:\/\/vieassociative.be\/actualites\/wp-content\/uploads\/2024\/09\/cropped-vieassociative_favicon.ico.png","contentUrl":"https:\/\/vieassociative.be\/actualites\/wp-content\/uploads\/2024\/09\/cropped-vieassociative_favicon.ico.png","width":512,"height":512,"caption":"Vie Associative"},"image":{"@id":"https:\/\/vieassociative.be\/actualites\/#\/schema\/logo\/image\/"}},{"@type":"Person","@id":"https:\/\/vieassociative.be\/actualites\/#\/schema\/person\/b87ac4f82f9d4e7b7cec7395b679edc4","name":"Julien","image":{"@type":"ImageObject","inLanguage":"fr-BE","@id":"https:\/\/vieassociative.be\/actualites\/#\/schema\/person\/image\/","url":"https:\/\/vieassociative.be\/actualites\/wp-content\/uploads\/2024\/09\/vie-associative-1-150x150.jpg","contentUrl":"https:\/\/vieassociative.be\/actualites\/wp-content\/uploads\/2024\/09\/vie-associative-1-150x150.jpg","caption":"Julien"},"description":"Je suis Julien, r\u00e9dacteur pour Vie Associative. Passionn\u00e9 par le monde associatif depuis plus de 10 ans, j'ai \u00e0 c\u0153ur de partager des histoires inspirantes et de mettre en lumi\u00e8re les initiatives locales. Mon objectif est de sensibiliser et d'encourager l'engagement communautaire \u00e0 travers mes articles.","sameAs":["https:\/\/vieassociative.be\/"]}]}},"_links":{"self":[{"href":"https:\/\/vieassociative.be\/actualites\/wp-json\/wp\/v2\/posts\/5449"}],"collection":[{"href":"https:\/\/vieassociative.be\/actualites\/wp-json\/wp\/v2\/posts"}],"about":[{"href":"https:\/\/vieassociative.be\/actualites\/wp-json\/wp\/v2\/types\/post"}],"author":[{"embeddable":true,"href":"https:\/\/vieassociative.be\/actualites\/wp-json\/wp\/v2\/users\/1"}],"replies":[{"embeddable":true,"href":"https:\/\/vieassociative.be\/actualites\/wp-json\/wp\/v2\/comments?post=5449"}],"version-history":[{"count":0,"href":"https:\/\/vieassociative.be\/actualites\/wp-json\/wp\/v2\/posts\/5449\/revisions"}],"wp:featuredmedia":[{"embeddable":true,"href":"https:\/\/vieassociative.be\/actualites\/wp-json\/wp\/v2\/media\/5450"}],"wp:attachment":[{"href":"https:\/\/vieassociative.be\/actualites\/wp-json\/wp\/v2\/media?parent=5449"}],"wp:term":[{"taxonomy":"category","embeddable":true,"href":"https:\/\/vieassociative.be\/actualites\/wp-json\/wp\/v2\/categories?post=5449"},{"taxonomy":"post_tag","embeddable":true,"href":"https:\/\/vieassociative.be\/actualites\/wp-json\/wp\/v2\/tags?post=5449"}],"curies":[{"name":"wp","href":"https:\/\/api.w.org\/{rel}","templated":true}]}}