{"id":5441,"date":"2025-02-26T21:18:12","date_gmt":"2025-02-26T20:18:12","guid":{"rendered":"https:\/\/vieassociative.be\/actualites\/attention-aux-conducteurs-que-se-passe-t-il-et-quest-ce-qui-nest-pas-possible-a-eupen-les-jours-du-carnaval\/"},"modified":"2025-02-26T21:18:12","modified_gmt":"2025-02-26T20:18:12","slug":"attention-aux-conducteurs-que-se-passe-t-il-et-quest-ce-qui-nest-pas-possible-a-eupen-les-jours-du-carnaval","status":"publish","type":"post","link":"https:\/\/vieassociative.be\/actualites\/attention-aux-conducteurs-que-se-passe-t-il-et-quest-ce-qui-nest-pas-possible-a-eupen-les-jours-du-carnaval\/","title":{"rendered":"Attention aux conducteurs: que se passe-t-il et qu&rsquo;est-ce qui n&rsquo;est pas possible \u00e0 Eupen les jours du carnaval?"},"content":{"rendered":"<p><strong>En raison des d\u00e9fil\u00e9s du carnaval sur la vieille journ\u00e9e des femmes (27 f\u00e9vrier) Carnaval dimanche (02.03.), Rosenmontag (03.03.) Et Veilchendienstag (04.03.) Toute une s\u00e9rie de r\u00e8glements de la circulation, comme l&rsquo;a annonc\u00e9 mercredi la ville d&rsquo;Eupen.<\/strong><\/p>\n<p><span id=\"more-409139\"><\/span>Le Werthplatz n&rsquo;est pas disponible du dimanche 2 mars au mardi 4 mars \u00e0 9 h.<\/p>\n<p>Le parking de Bergstrasse peut \u00eatre contact\u00e9 du jeudi 27 f\u00e9vrier au vendredi 28 f\u00e9vrier \u00e0 9 h et du dimanche 2 mars, de 12 h au mardi 4 mars \u00e0 9 h seulement via Hufengasse.<\/p>\n<ul>\n<li><strong>Old Women&rsquo;s jeudi 27 f\u00e9vrier:<\/strong><\/li>\n<\/ul>\n<div id=\"attachment_93188\" class=\"wp-caption alignleft\" style=\"max-width: 300px\"><img fetchpriority=\"high\" decoding=\"async\" class=\"wp-image-93188 size-medium\" src=\"https:\/\/vieassociative.be\/actualites\/wp-content\/uploads\/2025\/02\/Attention-aux-conducteurs-que-se-passe-t-il-et-quest-ce-qui-nest.jpeg\" alt=\"\" width=\"300\" height=\"199\"  ><\/p>\n<p class=\"wp-caption-text\">Le jeudi des femmes \u00e2g\u00e9es, le Rathausplatz est ferm\u00e9 \u00e0 la circulation de 10h30 \u00e0 13h30. Photo: OD<\/p>\n<\/div>\n<p>&#8211; <strong>De 10h30 \u00e0 13h30<\/strong> La place de la mairie est ferm\u00e9e \u00e0 la circulation. Le d\u00e9tour se d\u00e9roule via N\u00f6retherstrasse et Vervierser Stra\u00dfe.<\/p>\n<p>&#8211; <strong>De 13 h \u00e0 18 h<\/strong> Les routes suivantes sont ferm\u00e9es \u00e0 la circulation: Paveestasse (sauf les r\u00e9sidents), Hufengasse de Kl\u00f6sterchen vers Marktplatz, Marktplatz, Kirchstra\u00dfe, Klosterstra\u00dfe, Bergstra\u00dfe \u00e0 Neustrasse, Kl\u00f6tzerbahn \u00e0 l&rsquo;intersection avec schulstra\u00dfe vers Gospertsstra\u00dfe.<\/p>\n<p>&#8211; <strong>Jusqu&rsquo;\u00e0 ce que la police soit approuv\u00e9e<\/strong> Les rues suivantes restent ferm\u00e9es: Kirchstra\u00dfe, Bergstra\u00dfe \u00e0 Neustrasse et Kl\u00f6tzerbahn (jusqu&rsquo;\u00e0 l&rsquo;intersection avec Schulstra\u00dfe vers Gospertsstra\u00dfe).<\/p>\n<ul>\n<li><strong>Carnaval Dimanche 02.03.:<\/strong><\/li>\n<\/ul>\n<p>&#8211; <strong>De 12 h \u00e0 16 h<\/strong> Le trafic \u00e0 Bellmer est interdit: entre l&rsquo;intersection avec Haagenstra\u00dfe et le pont Langesthal.<\/p>\n<p>&#8211; <strong>De 13 h \u00e0 minuit<\/strong> Le trafic est interdit dans les rues suivantes: Kirchstra\u00dfe, Kl\u00f6tzerbahn \u00e0 l&rsquo;intersection Schulstra\u00dfe (vers Gospertsstra\u00dfe) et Bergstra\u00dfe \u00e0 l&rsquo;intersection avec Neustrasse.<\/p>\n<p>Pendant ce temps dans le <strong>Neustrasse<\/strong> ainsi que dans le <strong>Upper Bergstrasse<\/strong> Seul le trafic local permet le niveau des barri\u00e8res et l&rsquo;entr\u00e9e du parking de Bergstra\u00dfe n&rsquo;est possible que via Hufengasse.<\/p>\n<ul>\n<li><strong>Rose lundi 3 mars:<\/strong><\/li>\n<\/ul>\n<p>&#8211; <strong>De 9h30 \u00e0 minuit<\/strong> Le trafic est interdit dans les rues suivantes: Kirchstra\u00dfe, Kl\u00f6tzerbahn, Gospertsstra\u00dfe et Bergstra\u00dfe \u00e0 l&rsquo;intersection avec Neustrasse.<br \/>\nPendant ce temps, seul le trafic local est autoris\u00e9 dans Neustrasse et Oberen Bergstrasse au niveau des barri\u00e8res.<\/p>\n<div id=\"attachment_239260\" class=\"wp-caption alignleft\" style=\"max-width: 300px\"><img decoding=\"async\" class=\"wp-image-239260 size-medium\" src=\"https:\/\/vieassociative.be\/actualites\/wp-content\/uploads\/2025\/02\/1740601092_379_Attention-aux-conducteurs-que-se-passe-t-il-et-quest-ce-qui-nest.jpeg\" alt=\"\" width=\"300\" height=\"200\"  ><\/p>\n<p class=\"wp-caption-text\">Vieilles femmes \u00e0 l&rsquo;Eupener Kl\u00f6tzerbahn dans l&rsquo;apr\u00e8s-midi du 20 f\u00e9vrier 2020. Photo: OD<\/p>\n<\/div>\n<p>&#8211; <strong>De 13 h \u00e0 17 h<\/strong> est interdit \u00e0 tous les trafics de la femme de Bellmer, dans la Haagenstra\u00dfe sup\u00e9rieure, la Lower Rottergasse et Monschauer Stra\u00dfe.<\/p>\n<p>Pendant ce temps, seul le trafic local est autoris\u00e9 au niveau des barri\u00e8res dans les rues suivantes: H\u00fctte, G\u00fclcherstra\u00dfe, Binsterweg, Obere Rottergasse, Langesthal.<\/p>\n<p>Les v\u00e9hicules provenant de G\u00fclcherstrasse ne peuvent les laisser que pendant la pause du Rosenmontagszug en direction de Schilsweg \/ Hotel Bosten.<\/p>\n<p>&#8211; <strong>De 16 h \u00e0 22 h<\/strong> Tout trafic est interdit sur la valeur de la valeur. Pendant ce temps, seul le trafic local est autoris\u00e9 au niveau des barri\u00e8res dans les rues suivantes: Hookstrasse, Kaperberg et Nispert.<\/p>\n<p>\u00c0 la suite de la fermeture de la Werthplatz, l&rsquo;ensemble du trafic, provenant d&rsquo;Aachener Stra\u00dfe, est d\u00e9tourn\u00e9 via le chemin du culot.<\/p>\n<ul>\n<li><strong>VEILCHENDIENSTAG, 04.03.:<\/strong><\/li>\n<\/ul>\n<p>&#8211; <strong>Entre 16 h et 19 h<\/strong> Tout trafic est interdit \u00e0 Weimser Stra\u00dfe, entre le trafic du district de vache sur Hochstra\u00dfe et Aachener Stra\u00dfe.<br \/>\nPendant ce temps, seul le trafic local de Hochstra\u00dfe est autoris\u00e9 \u00e0 l&rsquo;entr\u00e9e du parking Panneshof.<\/p>\n<p>Les v\u00e9hicules avec un poids maximal autoris\u00e9 de plus de 3,5 tonnes suivent la signalisation distincte.<\/p>\n","protected":false},"excerpt":{"rendered":"<p>En raison des d\u00e9fil\u00e9s du carnaval sur la vieille journ\u00e9e des femmes (27 f\u00e9vrier) Carnaval dimanche (02.03.), Rosenmontag (03.03.) Et Veilchendienstag (04.03.) Toute une s\u00e9rie<\/p>\n","protected":false},"author":1,"featured_media":5442,"comment_status":"","ping_status":"","sticky":false,"template":"","format":"standard","meta":{"footnotes":""},"categories":[298],"tags":[5065,289,3049,4360,2329,937,14,1082,126,5566,2006,99],"class_list":["post-5441","post","type-post","status-publish","format-standard","has-post-thumbnail","hentry","category-belgique","tag-attention","tag-aux","tag-carnaval","tag-conducteurs","tag-eupen","tag-jours","tag-les","tag-nest","tag-pas","tag-passetil","tag-questce","tag-qui","generate-columns","tablet-grid-50","mobile-grid-100","grid-parent","grid-33"],"yoast_head":"<!-- This site is optimized with the Yoast SEO plugin v24.0 - https:\/\/yoast.com\/wordpress\/plugins\/seo\/ -->\n<title>Attention aux conducteurs: que se passe-t-il et qu&#039;est-ce qui n&#039;est pas possible \u00e0 Eupen les jours du carnaval? | Vie Associative<\/title>\n<meta name=\"robots\" content=\"index, follow, max-snippet:-1, max-image-preview:large, max-video-preview:-1\" \/>\n<link rel=\"canonical\" href=\"https:\/\/vieassociative.be\/actualites\/attention-aux-conducteurs-que-se-passe-t-il-et-quest-ce-qui-nest-pas-possible-a-eupen-les-jours-du-carnaval\/\" \/>\n<meta property=\"og:locale\" content=\"fr_FR\" \/>\n<meta property=\"og:type\" content=\"article\" \/>\n<meta property=\"og:title\" content=\"Attention aux conducteurs: que se passe-t-il et qu&#039;est-ce qui n&#039;est pas possible \u00e0 Eupen les jours du carnaval? | Vie Associative\" \/>\n<meta property=\"og:description\" content=\"En raison des d\u00e9fil\u00e9s du carnaval sur la vieille journ\u00e9e des femmes (27 f\u00e9vrier) Carnaval dimanche (02.03.), Rosenmontag (03.03.) Et Veilchendienstag (04.03.) Toute une s\u00e9rie\" \/>\n<meta property=\"og:url\" content=\"https:\/\/vieassociative.be\/actualites\/attention-aux-conducteurs-que-se-passe-t-il-et-quest-ce-qui-nest-pas-possible-a-eupen-les-jours-du-carnaval\/\" \/>\n<meta property=\"og:site_name\" content=\"Vie Associative\" \/>\n<meta property=\"article:published_time\" content=\"2025-02-26T20:18:12+00:00\" \/>\n<meta property=\"og:image\" content=\"https:\/\/vieassociative.be\/actualites\/wp-content\/uploads\/2024\/09\/header_backgroundk-01-e1726694325946.png\" \/>\n\t<meta property=\"og:image:width\" content=\"279\" \/>\n\t<meta property=\"og:image:height\" content=\"92\" \/>\n\t<meta property=\"og:image:type\" content=\"image\/png\" \/>\n<meta name=\"author\" content=\"Julien\" \/>\n<meta name=\"twitter:card\" content=\"summary_large_image\" \/>\n<meta name=\"twitter:label1\" content=\"\u00c9crit par\" \/>\n\t<meta name=\"twitter:data1\" content=\"Julien\" \/>\n\t<meta name=\"twitter:label2\" content=\"Dur\u00e9e de lecture est.\" \/>\n\t<meta name=\"twitter:data2\" content=\"3 minutes\" \/>\n<script type=\"application\/ld+json\" class=\"yoast-schema-graph\">{\"@context\":\"https:\/\/schema.org\",\"@graph\":[{\"@type\":\"Article\",\"@id\":\"https:\/\/vieassociative.be\/actualites\/attention-aux-conducteurs-que-se-passe-t-il-et-quest-ce-qui-nest-pas-possible-a-eupen-les-jours-du-carnaval\/#article\",\"isPartOf\":{\"@id\":\"https:\/\/vieassociative.be\/actualites\/attention-aux-conducteurs-que-se-passe-t-il-et-quest-ce-qui-nest-pas-possible-a-eupen-les-jours-du-carnaval\/\"},\"author\":{\"name\":\"Julien\",\"@id\":\"https:\/\/vieassociative.be\/actualites\/#\/schema\/person\/b87ac4f82f9d4e7b7cec7395b679edc4\"},\"headline\":\"Attention aux conducteurs: que se passe-t-il et qu&rsquo;est-ce qui n&rsquo;est pas possible \u00e0 Eupen les jours du carnaval?\",\"datePublished\":\"2025-02-26T20:18:12+00:00\",\"dateModified\":\"2025-02-26T20:18:12+00:00\",\"mainEntityOfPage\":{\"@id\":\"https:\/\/vieassociative.be\/actualites\/attention-aux-conducteurs-que-se-passe-t-il-et-quest-ce-qui-nest-pas-possible-a-eupen-les-jours-du-carnaval\/\"},\"wordCount\":574,\"publisher\":{\"@id\":\"https:\/\/vieassociative.be\/actualites\/#organization\"},\"image\":{\"@id\":\"https:\/\/vieassociative.be\/actualites\/attention-aux-conducteurs-que-se-passe-t-il-et-quest-ce-qui-nest-pas-possible-a-eupen-les-jours-du-carnaval\/#primaryimage\"},\"thumbnailUrl\":\"https:\/\/vieassociative.be\/actualites\/wp-content\/uploads\/2025\/02\/Attention-aux-conducteurs-que-se-passe-t-il-et-quest-ce-qui-nest.jpg\",\"keywords\":[\"Attention\",\"aux\",\"carnaval\",\"conducteurs\",\"Eupen\",\"jours\",\"Les\",\"nest\",\"pas\",\"passetil\",\"Questce\",\"qui\"],\"articleSection\":[\"Belgique\"],\"inLanguage\":\"fr-BE\"},{\"@type\":\"WebPage\",\"@id\":\"https:\/\/vieassociative.be\/actualites\/attention-aux-conducteurs-que-se-passe-t-il-et-quest-ce-qui-nest-pas-possible-a-eupen-les-jours-du-carnaval\/\",\"url\":\"https:\/\/vieassociative.be\/actualites\/attention-aux-conducteurs-que-se-passe-t-il-et-quest-ce-qui-nest-pas-possible-a-eupen-les-jours-du-carnaval\/\",\"name\":\"Attention aux conducteurs: que se passe-t-il et qu'est-ce qui n'est pas possible \u00e0 Eupen les jours du carnaval? | Vie Associative\",\"isPartOf\":{\"@id\":\"https:\/\/vieassociative.be\/actualites\/#website\"},\"primaryImageOfPage\":{\"@id\":\"https:\/\/vieassociative.be\/actualites\/attention-aux-conducteurs-que-se-passe-t-il-et-quest-ce-qui-nest-pas-possible-a-eupen-les-jours-du-carnaval\/#primaryimage\"},\"image\":{\"@id\":\"https:\/\/vieassociative.be\/actualites\/attention-aux-conducteurs-que-se-passe-t-il-et-quest-ce-qui-nest-pas-possible-a-eupen-les-jours-du-carnaval\/#primaryimage\"},\"thumbnailUrl\":\"https:\/\/vieassociative.be\/actualites\/wp-content\/uploads\/2025\/02\/Attention-aux-conducteurs-que-se-passe-t-il-et-quest-ce-qui-nest.jpg\",\"datePublished\":\"2025-02-26T20:18:12+00:00\",\"dateModified\":\"2025-02-26T20:18:12+00:00\",\"breadcrumb\":{\"@id\":\"https:\/\/vieassociative.be\/actualites\/attention-aux-conducteurs-que-se-passe-t-il-et-quest-ce-qui-nest-pas-possible-a-eupen-les-jours-du-carnaval\/#breadcrumb\"},\"inLanguage\":\"fr-BE\",\"potentialAction\":[{\"@type\":\"ReadAction\",\"target\":[\"https:\/\/vieassociative.be\/actualites\/attention-aux-conducteurs-que-se-passe-t-il-et-quest-ce-qui-nest-pas-possible-a-eupen-les-jours-du-carnaval\/\"]}]},{\"@type\":\"ImageObject\",\"inLanguage\":\"fr-BE\",\"@id\":\"https:\/\/vieassociative.be\/actualites\/attention-aux-conducteurs-que-se-passe-t-il-et-quest-ce-qui-nest-pas-possible-a-eupen-les-jours-du-carnaval\/#primaryimage\",\"url\":\"https:\/\/vieassociative.be\/actualites\/wp-content\/uploads\/2025\/02\/Attention-aux-conducteurs-que-se-passe-t-il-et-quest-ce-qui-nest.jpg\",\"contentUrl\":\"https:\/\/vieassociative.be\/actualites\/wp-content\/uploads\/2025\/02\/Attention-aux-conducteurs-que-se-passe-t-il-et-quest-ce-qui-nest.jpg\",\"width\":1200,\"height\":800,\"caption\":\"Attention aux conducteurs: que se passe-t-il et qu'est-ce qui n'est pas possible \u00e0 Eupen les jours du carnaval?\"},{\"@type\":\"BreadcrumbList\",\"@id\":\"https:\/\/vieassociative.be\/actualites\/attention-aux-conducteurs-que-se-passe-t-il-et-quest-ce-qui-nest-pas-possible-a-eupen-les-jours-du-carnaval\/#breadcrumb\",\"itemListElement\":[{\"@type\":\"ListItem\",\"position\":1,\"name\":\"Accueil\",\"item\":\"https:\/\/vieassociative.be\/actualites\/\"},{\"@type\":\"ListItem\",\"position\":2,\"name\":\"Attention aux conducteurs: que se passe-t-il et qu&rsquo;est-ce qui n&rsquo;est pas possible \u00e0 Eupen les jours du carnaval?\"}]},{\"@type\":\"WebSite\",\"@id\":\"https:\/\/vieassociative.be\/actualites\/#website\",\"url\":\"https:\/\/vieassociative.be\/actualites\/\",\"name\":\"Vie Associative\",\"description\":\"\",\"publisher\":{\"@id\":\"https:\/\/vieassociative.be\/actualites\/#organization\"},\"potentialAction\":[{\"@type\":\"SearchAction\",\"target\":{\"@type\":\"EntryPoint\",\"urlTemplate\":\"https:\/\/vieassociative.be\/actualites\/?s={search_term_string}\"},\"query-input\":{\"@type\":\"PropertyValueSpecification\",\"valueRequired\":true,\"valueName\":\"search_term_string\"}}],\"inLanguage\":\"fr-BE\"},{\"@type\":\"Organization\",\"@id\":\"https:\/\/vieassociative.be\/actualites\/#organization\",\"name\":\"Vie Associative\",\"url\":\"https:\/\/vieassociative.be\/actualites\/\",\"logo\":{\"@type\":\"ImageObject\",\"inLanguage\":\"fr-BE\",\"@id\":\"https:\/\/vieassociative.be\/actualites\/#\/schema\/logo\/image\/\",\"url\":\"https:\/\/vieassociative.be\/actualites\/wp-content\/uploads\/2024\/09\/cropped-vieassociative_favicon.ico.png\",\"contentUrl\":\"https:\/\/vieassociative.be\/actualites\/wp-content\/uploads\/2024\/09\/cropped-vieassociative_favicon.ico.png\",\"width\":512,\"height\":512,\"caption\":\"Vie Associative\"},\"image\":{\"@id\":\"https:\/\/vieassociative.be\/actualites\/#\/schema\/logo\/image\/\"}},{\"@type\":\"Person\",\"@id\":\"https:\/\/vieassociative.be\/actualites\/#\/schema\/person\/b87ac4f82f9d4e7b7cec7395b679edc4\",\"name\":\"Julien\",\"image\":{\"@type\":\"ImageObject\",\"inLanguage\":\"fr-BE\",\"@id\":\"https:\/\/vieassociative.be\/actualites\/#\/schema\/person\/image\/\",\"url\":\"https:\/\/vieassociative.be\/actualites\/wp-content\/uploads\/2024\/09\/vie-associative-1-150x150.jpg\",\"contentUrl\":\"https:\/\/vieassociative.be\/actualites\/wp-content\/uploads\/2024\/09\/vie-associative-1-150x150.jpg\",\"caption\":\"Julien\"},\"description\":\"Je suis Julien, r\u00e9dacteur pour Vie Associative. Passionn\u00e9 par le monde associatif depuis plus de 10 ans, j'ai \u00e0 c\u0153ur de partager des histoires inspirantes et de mettre en lumi\u00e8re les initiatives locales. Mon objectif est de sensibiliser et d'encourager l'engagement communautaire \u00e0 travers mes articles.\",\"sameAs\":[\"https:\/\/vieassociative.be\/\"]}]}<\/script>\n<!-- \/ Yoast SEO plugin. -->","yoast_head_json":{"title":"Attention aux conducteurs: que se passe-t-il et qu'est-ce qui n'est pas possible \u00e0 Eupen les jours du carnaval? | Vie Associative","robots":{"index":"index","follow":"follow","max-snippet":"max-snippet:-1","max-image-preview":"max-image-preview:large","max-video-preview":"max-video-preview:-1"},"canonical":"https:\/\/vieassociative.be\/actualites\/attention-aux-conducteurs-que-se-passe-t-il-et-quest-ce-qui-nest-pas-possible-a-eupen-les-jours-du-carnaval\/","og_locale":"fr_FR","og_type":"article","og_title":"Attention aux conducteurs: que se passe-t-il et qu'est-ce qui n'est pas possible \u00e0 Eupen les jours du carnaval? | Vie Associative","og_description":"En raison des d\u00e9fil\u00e9s du carnaval sur la vieille journ\u00e9e des femmes (27 f\u00e9vrier) Carnaval dimanche (02.03.), Rosenmontag (03.03.) Et Veilchendienstag (04.03.) Toute une s\u00e9rie","og_url":"https:\/\/vieassociative.be\/actualites\/attention-aux-conducteurs-que-se-passe-t-il-et-quest-ce-qui-nest-pas-possible-a-eupen-les-jours-du-carnaval\/","og_site_name":"Vie Associative","article_published_time":"2025-02-26T20:18:12+00:00","og_image":[{"width":279,"height":92,"url":"https:\/\/vieassociative.be\/actualites\/wp-content\/uploads\/2024\/09\/header_backgroundk-01-e1726694325946.png","type":"image\/png"}],"author":"Julien","twitter_card":"summary_large_image","twitter_misc":{"\u00c9crit par":"Julien","Dur\u00e9e de lecture est.":"3 minutes"},"schema":{"@context":"https:\/\/schema.org","@graph":[{"@type":"Article","@id":"https:\/\/vieassociative.be\/actualites\/attention-aux-conducteurs-que-se-passe-t-il-et-quest-ce-qui-nest-pas-possible-a-eupen-les-jours-du-carnaval\/#article","isPartOf":{"@id":"https:\/\/vieassociative.be\/actualites\/attention-aux-conducteurs-que-se-passe-t-il-et-quest-ce-qui-nest-pas-possible-a-eupen-les-jours-du-carnaval\/"},"author":{"name":"Julien","@id":"https:\/\/vieassociative.be\/actualites\/#\/schema\/person\/b87ac4f82f9d4e7b7cec7395b679edc4"},"headline":"Attention aux conducteurs: que se passe-t-il et qu&rsquo;est-ce qui n&rsquo;est pas possible \u00e0 Eupen les jours du carnaval?","datePublished":"2025-02-26T20:18:12+00:00","dateModified":"2025-02-26T20:18:12+00:00","mainEntityOfPage":{"@id":"https:\/\/vieassociative.be\/actualites\/attention-aux-conducteurs-que-se-passe-t-il-et-quest-ce-qui-nest-pas-possible-a-eupen-les-jours-du-carnaval\/"},"wordCount":574,"publisher":{"@id":"https:\/\/vieassociative.be\/actualites\/#organization"},"image":{"@id":"https:\/\/vieassociative.be\/actualites\/attention-aux-conducteurs-que-se-passe-t-il-et-quest-ce-qui-nest-pas-possible-a-eupen-les-jours-du-carnaval\/#primaryimage"},"thumbnailUrl":"https:\/\/vieassociative.be\/actualites\/wp-content\/uploads\/2025\/02\/Attention-aux-conducteurs-que-se-passe-t-il-et-quest-ce-qui-nest.jpg","keywords":["Attention","aux","carnaval","conducteurs","Eupen","jours","Les","nest","pas","passetil","Questce","qui"],"articleSection":["Belgique"],"inLanguage":"fr-BE"},{"@type":"WebPage","@id":"https:\/\/vieassociative.be\/actualites\/attention-aux-conducteurs-que-se-passe-t-il-et-quest-ce-qui-nest-pas-possible-a-eupen-les-jours-du-carnaval\/","url":"https:\/\/vieassociative.be\/actualites\/attention-aux-conducteurs-que-se-passe-t-il-et-quest-ce-qui-nest-pas-possible-a-eupen-les-jours-du-carnaval\/","name":"Attention aux conducteurs: que se passe-t-il et qu'est-ce qui n'est pas possible \u00e0 Eupen les jours du carnaval? | Vie Associative","isPartOf":{"@id":"https:\/\/vieassociative.be\/actualites\/#website"},"primaryImageOfPage":{"@id":"https:\/\/vieassociative.be\/actualites\/attention-aux-conducteurs-que-se-passe-t-il-et-quest-ce-qui-nest-pas-possible-a-eupen-les-jours-du-carnaval\/#primaryimage"},"image":{"@id":"https:\/\/vieassociative.be\/actualites\/attention-aux-conducteurs-que-se-passe-t-il-et-quest-ce-qui-nest-pas-possible-a-eupen-les-jours-du-carnaval\/#primaryimage"},"thumbnailUrl":"https:\/\/vieassociative.be\/actualites\/wp-content\/uploads\/2025\/02\/Attention-aux-conducteurs-que-se-passe-t-il-et-quest-ce-qui-nest.jpg","datePublished":"2025-02-26T20:18:12+00:00","dateModified":"2025-02-26T20:18:12+00:00","breadcrumb":{"@id":"https:\/\/vieassociative.be\/actualites\/attention-aux-conducteurs-que-se-passe-t-il-et-quest-ce-qui-nest-pas-possible-a-eupen-les-jours-du-carnaval\/#breadcrumb"},"inLanguage":"fr-BE","potentialAction":[{"@type":"ReadAction","target":["https:\/\/vieassociative.be\/actualites\/attention-aux-conducteurs-que-se-passe-t-il-et-quest-ce-qui-nest-pas-possible-a-eupen-les-jours-du-carnaval\/"]}]},{"@type":"ImageObject","inLanguage":"fr-BE","@id":"https:\/\/vieassociative.be\/actualites\/attention-aux-conducteurs-que-se-passe-t-il-et-quest-ce-qui-nest-pas-possible-a-eupen-les-jours-du-carnaval\/#primaryimage","url":"https:\/\/vieassociative.be\/actualites\/wp-content\/uploads\/2025\/02\/Attention-aux-conducteurs-que-se-passe-t-il-et-quest-ce-qui-nest.jpg","contentUrl":"https:\/\/vieassociative.be\/actualites\/wp-content\/uploads\/2025\/02\/Attention-aux-conducteurs-que-se-passe-t-il-et-quest-ce-qui-nest.jpg","width":1200,"height":800,"caption":"Attention aux conducteurs: que se passe-t-il et qu'est-ce qui n'est pas possible \u00e0 Eupen les jours du carnaval?"},{"@type":"BreadcrumbList","@id":"https:\/\/vieassociative.be\/actualites\/attention-aux-conducteurs-que-se-passe-t-il-et-quest-ce-qui-nest-pas-possible-a-eupen-les-jours-du-carnaval\/#breadcrumb","itemListElement":[{"@type":"ListItem","position":1,"name":"Accueil","item":"https:\/\/vieassociative.be\/actualites\/"},{"@type":"ListItem","position":2,"name":"Attention aux conducteurs: que se passe-t-il et qu&rsquo;est-ce qui n&rsquo;est pas possible \u00e0 Eupen les jours du carnaval?"}]},{"@type":"WebSite","@id":"https:\/\/vieassociative.be\/actualites\/#website","url":"https:\/\/vieassociative.be\/actualites\/","name":"Vie Associative","description":"","publisher":{"@id":"https:\/\/vieassociative.be\/actualites\/#organization"},"potentialAction":[{"@type":"SearchAction","target":{"@type":"EntryPoint","urlTemplate":"https:\/\/vieassociative.be\/actualites\/?s={search_term_string}"},"query-input":{"@type":"PropertyValueSpecification","valueRequired":true,"valueName":"search_term_string"}}],"inLanguage":"fr-BE"},{"@type":"Organization","@id":"https:\/\/vieassociative.be\/actualites\/#organization","name":"Vie Associative","url":"https:\/\/vieassociative.be\/actualites\/","logo":{"@type":"ImageObject","inLanguage":"fr-BE","@id":"https:\/\/vieassociative.be\/actualites\/#\/schema\/logo\/image\/","url":"https:\/\/vieassociative.be\/actualites\/wp-content\/uploads\/2024\/09\/cropped-vieassociative_favicon.ico.png","contentUrl":"https:\/\/vieassociative.be\/actualites\/wp-content\/uploads\/2024\/09\/cropped-vieassociative_favicon.ico.png","width":512,"height":512,"caption":"Vie Associative"},"image":{"@id":"https:\/\/vieassociative.be\/actualites\/#\/schema\/logo\/image\/"}},{"@type":"Person","@id":"https:\/\/vieassociative.be\/actualites\/#\/schema\/person\/b87ac4f82f9d4e7b7cec7395b679edc4","name":"Julien","image":{"@type":"ImageObject","inLanguage":"fr-BE","@id":"https:\/\/vieassociative.be\/actualites\/#\/schema\/person\/image\/","url":"https:\/\/vieassociative.be\/actualites\/wp-content\/uploads\/2024\/09\/vie-associative-1-150x150.jpg","contentUrl":"https:\/\/vieassociative.be\/actualites\/wp-content\/uploads\/2024\/09\/vie-associative-1-150x150.jpg","caption":"Julien"},"description":"Je suis Julien, r\u00e9dacteur pour Vie Associative. Passionn\u00e9 par le monde associatif depuis plus de 10 ans, j'ai \u00e0 c\u0153ur de partager des histoires inspirantes et de mettre en lumi\u00e8re les initiatives locales. Mon objectif est de sensibiliser et d'encourager l'engagement communautaire \u00e0 travers mes articles.","sameAs":["https:\/\/vieassociative.be\/"]}]}},"_links":{"self":[{"href":"https:\/\/vieassociative.be\/actualites\/wp-json\/wp\/v2\/posts\/5441"}],"collection":[{"href":"https:\/\/vieassociative.be\/actualites\/wp-json\/wp\/v2\/posts"}],"about":[{"href":"https:\/\/vieassociative.be\/actualites\/wp-json\/wp\/v2\/types\/post"}],"author":[{"embeddable":true,"href":"https:\/\/vieassociative.be\/actualites\/wp-json\/wp\/v2\/users\/1"}],"replies":[{"embeddable":true,"href":"https:\/\/vieassociative.be\/actualites\/wp-json\/wp\/v2\/comments?post=5441"}],"version-history":[{"count":0,"href":"https:\/\/vieassociative.be\/actualites\/wp-json\/wp\/v2\/posts\/5441\/revisions"}],"wp:featuredmedia":[{"embeddable":true,"href":"https:\/\/vieassociative.be\/actualites\/wp-json\/wp\/v2\/media\/5442"}],"wp:attachment":[{"href":"https:\/\/vieassociative.be\/actualites\/wp-json\/wp\/v2\/media?parent=5441"}],"wp:term":[{"taxonomy":"category","embeddable":true,"href":"https:\/\/vieassociative.be\/actualites\/wp-json\/wp\/v2\/categories?post=5441"},{"taxonomy":"post_tag","embeddable":true,"href":"https:\/\/vieassociative.be\/actualites\/wp-json\/wp\/v2\/tags?post=5441"}],"curies":[{"name":"wp","href":"https:\/\/api.w.org\/{rel}","templated":true}]}}