{"id":5435,"date":"2025-02-26T15:17:46","date_gmt":"2025-02-26T14:17:46","guid":{"rendered":"https:\/\/vieassociative.be\/actualites\/les-etats-unis-et-lukraine-conviennent-un-accord-de-matieres-premieres-selenskyj-la-signe-a-trump-vendredi\/"},"modified":"2025-02-26T15:17:46","modified_gmt":"2025-02-26T14:17:46","slug":"les-etats-unis-et-lukraine-conviennent-un-accord-de-matieres-premieres-selenskyj-la-signe-a-trump-vendredi","status":"publish","type":"post","link":"https:\/\/vieassociative.be\/actualites\/les-etats-unis-et-lukraine-conviennent-un-accord-de-matieres-premieres-selenskyj-la-signe-a-trump-vendredi\/","title":{"rendered":"Les \u00c9tats-Unis et l&rsquo;Ukraine conviennent un accord de mati\u00e8res premi\u00e8res &#8211; Selenskyj l&rsquo;a sign\u00e9 \u00e0 Trump vendredi"},"content":{"rendered":"<p><strong>Le pr\u00e9sident Trump exige des mati\u00e8res premi\u00e8res de l&rsquo;Ukraine &#8211; en compensation pour le soutien de la guerre des \u00c9tats-Unis. Un accord est contest\u00e9 depuis des jours. Maintenant, il est cens\u00e9 \u00eatre pr\u00eat pour la signature.<\/strong><\/p>\n<p><span id=\"more-409087\"><\/span>Selon les m\u00e9dias, l&rsquo;accord de mati\u00e8res premi\u00e8res controvers\u00e9 entre l&rsquo;Ukraine et les \u00c9tats-Unis serait pr\u00eat \u00e0 \u00eatre signature apr\u00e8s une journ\u00e9e. Les deux parties se sont donc convenues des d\u00e9tails d&rsquo;un contrat.<\/p>\n<p>Jusqu&rsquo;\u00e0 pr\u00e9sent, il n&rsquo;y a pas de confirmation officielle. La signature devrait d\u00e9j\u00e0 avoir lieu ce vendredi: alors le pr\u00e9sident ukrainien Wolodymyr Selenskyj se rendra \u00e0 Washington, comme l&rsquo;a annonc\u00e9 Donald Trump am\u00e9ricain. \u00ab\u00a0J&rsquo;entends qu&rsquo;il veut venir vendredi, c&rsquo;est certainement bien pour moi s&rsquo;il le veut\u00a0\u00bb, a d\u00e9clar\u00e9 Trump \u00e0 la Maison Blanche.<\/p>\n<div id=\"attachment_409091\" class=\"wp-caption alignleft\" style=\"max-width: 300px\"><img fetchpriority=\"high\" decoding=\"async\" class=\"wp-image-409091 size-medium\" src=\"https:\/\/vieassociative.be\/actualites\/wp-content\/uploads\/2025\/02\/Les-Etats-Unis-et-lUkraine-conviennent-un-accord-de-matieres-premieres.jpg\" alt=\"\" width=\"300\" height=\"200\"><\/p>\n<p class=\"wp-caption-text\">24.02.2025, \u00c9tats-Unis, Washington: le pr\u00e9sident am\u00e9ricain Donald Trump (R) et le pr\u00e9sident de la France Emmanuel Macron participent \u00e0 une conf\u00e9rence de presse conjointe dans la salle est de la Maison Blanche. Photo: Ludovic Marin \/ Pool AFP \/ AP \/ DPA<\/p>\n<\/div>\n<p>Une partie des pourparlers devrait \u00eatre un accord sur l&rsquo;acc\u00e8s des \u00c9tats-Unis aux min\u00e9raux stock\u00e9s en Ukraine, y compris les terres rares. L&rsquo;accord a \u00e9t\u00e9 lutt\u00e9 depuis des semaines. Trump a d\u00e9clar\u00e9 que Selenskyj voulait signer personnellement le document avec lui.<\/p>\n<p>Trump n&rsquo;a donn\u00e9 aucun d\u00e9tail d&rsquo;un \u00e9ventuel accord. Les m\u00e9dias avaient pr\u00e9c\u00e9demment signal\u00e9 que l&rsquo;Ukraine et les \u00c9tats-Unis s&rsquo;\u00e9taient content\u00e9s d&rsquo;un cadre.<\/p>\n<p><strong>&#8211; Trump avait pr\u00e9c\u00e9demment appel\u00e9 Selenskyj \u00ab\u00a0dictateur\u00a0\u00bb:<\/strong> Auparavant, Selenskyj avait retard\u00e9 la signature selon Washington, donc le ministre am\u00e9ricain des Finances Scott Bessen a d\u00fb retourner d&rsquo;Ukraine. Trump a ensuite dirig\u00e9 des jurons publics contre le pr\u00e9sident ukrainien, le d\u00e9crivant comme un \u00ab\u00a0dictateur\u00a0\u00bb, entre autres (voir des articles ailleurs).<\/p>\n<p>L&rsquo;exploitation des mati\u00e8res premi\u00e8res en Ukraine est consid\u00e9r\u00e9e comme strat\u00e9giquement significative et \u00e9conomiquement lucrative. Les experts soulignent que l&rsquo;Ukraine aura \u00e9galement besoin de terres rares et d&rsquo;autres mati\u00e8res premi\u00e8res pour sa propre reconstruction. Une grande partie des ressources est \u00e9galement situ\u00e9e dans les zones ukrainiennes occup\u00e9es par la Russie.<\/p>\n<p>Le portail Internet de \u00ab\u00a0Ukrajinska Prawda\u00a0\u00bb \u00e0 Kiev a indiqu\u00e9 qu&rsquo;il y avait un nouvel accord sur l&rsquo;acc\u00e8s aux \u00c9tats-Unis aux mati\u00e8res premi\u00e8res en Ukraine &#8211; presque en compensation pour l&rsquo;aide de la d\u00e9fense que les \u00c9tats-Unis ont fait par la Russie au cours des trois derni\u00e8res ann\u00e9es . Le support est donc con\u00e7u pour r\u00e9diger un contrat.<\/p>\n<p>En plus des terres rares qui sont importantes pour les produits de haute technologie, les \u00c9tats-Unis et l&rsquo;acc\u00e8s au gaz sont concern\u00e9s.<\/p>\n<p>Le British \u00abFinancial Times\u00bb a \u00e9galement rendu compte d&rsquo;un accord des deux c\u00f4t\u00e9s. Selon les rapports, il n&rsquo;y avait plus aucune question de garanties de s\u00e9curit\u00e9 aux \u00c9tats-Unis, qui avait r\u00e9cemment \u00e9t\u00e9 promue par l&rsquo;\u00c9tat ukrainien.<\/p>\n<p>Il y a eu des arguments violents pour l&rsquo;accord au cours des derniers jours parce que le pr\u00e9sident ukrainien Selenskyj a initialement refus\u00e9 de signer. Non seulement en Ukraine, mais aussi dans les pays europ\u00e9ens, l&rsquo;indignation s&rsquo;est r\u00e9pandue que Trump a apparemment abus\u00e9 de la p\u00e9nurie de guerre du grand pays \u00e0 l&rsquo;\u00e9chelle comme une opportunit\u00e9 pour un accord lucratif,<\/p>\n<div id=\"attachment_409093\" class=\"wp-caption alignleft\" style=\"max-width: 300px\"><img decoding=\"async\" class=\"wp-image-409093 size-medium\" src=\"https:\/\/vieassociative.be\/actualites\/wp-content\/uploads\/2025\/02\/1740579466_253_Les-Etats-Unis-et-lUkraine-conviennent-un-accord-de-matieres-premieres.jpg\" alt=\"\" width=\"300\" height=\"200\"><\/p>\n<p class=\"wp-caption-text\">12.02.2025, Ukraine, Kirowohrad: Un camion transporte une charge dans une mod\u00e9ration ilm\u00e9nique dans une gorge dans la r\u00e9gion de Kirowohrad. Photo: Efrem Lukatsky \/ AP \/ DPA<\/p>\n<\/div>\n<p><strong>&#8211; Les \u00c9tats-Unis et l&rsquo;Ukraine font des fonds ensemble:<\/strong> Selon les rapports, les \u00c9tats-Unis ne re\u00e7oivent pas de contr\u00f4le total sur un fonds d&rsquo;investissement pr\u00e9vu pour la reconstruction, dans lequel les revenus de l&rsquo;extraction des ressources min\u00e9rales devraient circuler. Selon les rapports, le fonds doit \u00eatre g\u00e9r\u00e9 ensemble par les \u00c9tats-Unis et l&rsquo;Ukraine. Selon cela, 50% des revenus provenant des ventes de mati\u00e8res premi\u00e8res et des ports et autres infrastructures qui sont importants pour la manipulation des flux de tr\u00e9sors terrestres.<\/p>\n<p>Comme le \u00ab\u00a0Ukrajinska Prawda\u00a0\u00bb, le \u00ab\u00a0Financial Times\u00a0\u00bb a \u00e9galement indiqu\u00e9 que les fonds ne devraient pas couler autant d&rsquo;argent de l&rsquo;Ukraine jusqu&rsquo;\u00e0 ce que la somme de 500 milliards de dollars ait \u00e9t\u00e9 atteinte au d\u00e9but de cette somme dans la salle. Selon les deux m\u00e9dias, Washington s&rsquo;est dirig\u00e9 ici et a pris une distance des exigences les plus difficiles que le ressentiment de Selenskyj avait caus\u00e9.<\/p>\n<p><strong>&#8211; Pas de rendez-vous pour la signature jusqu&rsquo;\u00e0 pr\u00e9sent:<\/strong> La Banque mondiale, bas\u00e9e \u00e0 Washington, estime le co\u00fbt de la reconstruction en Ukraine \u00e0 au moins 524 milliards de dollars (environ 506 milliards d&rsquo;euros) au cours des dix prochaines ann\u00e9es.<\/p>\n<p>Selon les m\u00e9dias, le fonds vise \u00e0 financer des projets en Ukraine. Il a \u00e9t\u00e9 d\u00e9tach\u00e9 des revenus des ventes de mati\u00e8res premi\u00e8res qui coulent d\u00e9j\u00e0 dans le budget de l&rsquo;\u00c9tat. L&rsquo;accord ne devrait pas non plus contredire d&rsquo;autres accords internationaux en Ukraine &#8211; par exemple avec l&rsquo;UE. Le \u00abFinancial Times\u00bb a indiqu\u00e9 que Selenskyj signerait l&rsquo;accord avec Trump &#8211; Trump s&rsquo;est \u00e9galement exprim\u00e9.<\/p>\n<p>L&rsquo;exploitation des mati\u00e8res premi\u00e8res en Ukraine est consid\u00e9r\u00e9e comme strat\u00e9giquement significative et \u00e9conomiquement lucrative. Le pays peut tr\u00e8s bien utiliser la survenue de terres rares et d&rsquo;autres mati\u00e8res premi\u00e8res pour la reconstruction. Une grande partie des ressources r\u00e9side dans les r\u00e9gions du pays occup\u00e9es par la Russie.<\/p>\n<div id=\"attachment_409094\" class=\"wp-caption alignleft\" style=\"max-width: 300px\"><img decoding=\"async\" class=\"wp-image-409094 size-medium\" src=\"https:\/\/vieassociative.be\/actualites\/wp-content\/uploads\/2025\/02\/1740579466_469_Les-Etats-Unis-et-lUkraine-conviennent-un-accord-de-matieres-premieres.jpg\" alt=\"\" width=\"300\" height=\"200\"><\/p>\n<p class=\"wp-caption-text\">17\/04\/2024, Ukraine, Tschernihiw: Les pompiers se tiennent devant un b\u00e2timent qui a \u00e9t\u00e9 partiellement d\u00e9truit par des attaques russes. Photo: Francisco Seco \/ AP \/ DPA<\/p>\n<\/div>\n<p><strong>&#8211; Selenskyj merci Macron pour le soutien:<\/strong> Dans son message vid\u00e9o du soir, Selenskyj n&rsquo;a pas dit un mot sur l&rsquo;accord pr\u00e9sum\u00e9 avec les \u00c9tats-Unis. Apr\u00e8s les \u00e9v\u00e9nements du troisi\u00e8me anniversaire du d\u00e9but de la guerre, il a remerci\u00e9 les Alli\u00e9s pour leur aide. Les partenaires internationaux ont non seulement poursuivi leur soutien \u00e0 l&rsquo;Ukraine, mais ils ont \u00e9galement voulu les \u00e9tendre. \u00ab\u00a0Cela nous aidera \u00e0 atteindre la paix encore plus rapidement &#8211; une paix honn\u00eate qui garantit qu&rsquo;il n&rsquo;y aura plus jamais d&rsquo;agression\u00a0\u00bb, a \u00e9crit Selenskyj sur le X.<\/p>\n<p>Il a \u00e9galement remerci\u00e9 le pr\u00e9sident fran\u00e7ais Emmanuel Macron, qui avait demand\u00e9 un soutien am\u00e9ricain \u00e0 l&rsquo;Ukraine \u00e0 la Maison Blanche lors d&rsquo;une r\u00e9union avec Trump. \u00ab\u00a0L&rsquo;Ukraine voit combien la France fait pour notre avenir ensemble\u00a0\u00bb, a d\u00e9clar\u00e9 Selenskyj apr\u00e8s un appel t\u00e9l\u00e9phonique avec Macron, dans lequel le Fran\u00e7ais l&rsquo;a inform\u00e9 du contenu de la conversation avec Trump.<\/p>\n<p><strong>&#8211; Macron informe l&rsquo;UE des r\u00e9unions avec Trump:<\/strong> Mercredi, Macron souhaite \u00e9galement informer les pays de l&rsquo;UE des pays de l&rsquo;UE par vid\u00e9o sur ses r\u00e9cents pourparlers avec Trump. La commutation devrait servir principalement \u00e0 pr\u00e9parer le sommet sp\u00e9cial de l&rsquo;UE jeudi la semaine prochaine. Lors de la r\u00e9union, les chefs d&rsquo;\u00c9tat et le gouvernement conseilleront comment r\u00e9agir au changement radical de la politique am\u00e9ricaine en Ukraine.<\/p>\n<p>Trump a re\u00e7u Macron lundi en tant que premier chef d&rsquo;\u00c9tat europ\u00e9en depuis le d\u00e9but de son deuxi\u00e8me mandat \u00e0 la Maison Blanche. Le Fran\u00e7ais a exhort\u00e9, entre autres, au fait que les discussions r\u00e9centes sur les repr\u00e9sentants am\u00e9ricains et russes sont davantage impliqu\u00e9es dans les n\u00e9gociations. (DPA)<\/p>\n<p><em><strong>Sur le sujet, voir \u00e9galement l&rsquo;article suivant sur OD:<\/strong><\/em><\/p>\n<div class=\"responsive-embed widescreen\">\n<blockquote class=\"wp-embedded-content\" data-secret=\"qCcdMYa4mS\">\n<p>Trump nomme s\u00e9rieusement Selenskyj un dictateur: la prochaine attaque verbale contre le pr\u00e9sident de l&rsquo;Ukraine<\/p>\n<\/blockquote>\n<p><iframe loading=\"lazy\" class=\"wp-embedded-content\" sandbox=\"allow-scripts\" security=\"restricted\" style=\"position: absolute; visibility: hidden;\" title=\"\u201eTrump nennt Selenskyj allen Ernstes einen Diktator: N\u00e4chster Verbalangriff auf Pr\u00e4sidenten der Ukraine\u201c \u2014 Ostbelgien Direkt\" src=\"https:\/\/ostbelgiendirekt.be\/about:blank\" data-secret=\"qCcdMYa4mS\" width=\"500\" height=\"282\" frameborder=\"0\" marginwidth=\"0\" marginheight=\"0\" scrolling=\"no\" data-rocket-lazyload=\"fitvidscompatible\" data-lazy-src=\"https:\/\/ostbelgiendirekt.be\/krisengipfel-in-paris-408425\/embed#?secret=Ibull0C1kg#?secret=qCcdMYa4mS\"><\/iframe><noscript><iframe class=\"wp-embedded-content\" sandbox=\"allow-scripts\" security=\"restricted\" style=\"position: absolute; visibility: hidden;\" title=\"\u201eTrump nennt Selenskyj allen Ernstes einen Diktator: N\u00e4chster Verbalangriff auf Pr\u00e4sidenten der Ukraine\u201c \u2014 Ostbelgien Direkt\" src=\"https:\/\/ostbelgiendirekt.be\/krisengipfel-in-paris-408425\/embed#?secret=Ibull0C1kg#?secret=qCcdMYa4mS\" data-secret=\"qCcdMYa4mS\" width=\"500\" height=\"282\" frameborder=\"0\" marginwidth=\"0\" marginheight=\"0\" scrolling=\"no\"><\/iframe><\/noscript><\/p>\n<\/div>\n","protected":false},"excerpt":{"rendered":"<p>Le pr\u00e9sident Trump exige des mati\u00e8res premi\u00e8res de l&rsquo;Ukraine &#8211; en compensation pour le soutien de la guerre des \u00c9tats-Unis. Un accord est contest\u00e9 depuis<\/p>\n","protected":false},"author":1,"featured_media":5436,"comment_status":"","ping_status":"","sticky":false,"template":"","format":"standard","meta":{"footnotes":""},"categories":[298],"tags":[1628,5561,290,14,3403,5562,597,5563,5203,2425,252],"class_list":["post-5435","post","type-post","status-publish","format-standard","has-post-thumbnail","hentry","category-belgique","tag-accord","tag-conviennent","tag-etatsunis","tag-les","tag-lukraine","tag-matieres","tag-premieres","tag-selenskyj","tag-signe","tag-trump","tag-vendredi","generate-columns","tablet-grid-50","mobile-grid-100","grid-parent","grid-33"],"yoast_head":"<!-- This site is optimized with the Yoast SEO plugin v24.0 - https:\/\/yoast.com\/wordpress\/plugins\/seo\/ -->\n<title>Les \u00c9tats-Unis et l&#039;Ukraine conviennent un accord de mati\u00e8res premi\u00e8res - Selenskyj l&#039;a sign\u00e9 \u00e0 Trump vendredi | Vie Associative<\/title>\n<meta name=\"robots\" content=\"index, follow, max-snippet:-1, max-image-preview:large, max-video-preview:-1\" \/>\n<link rel=\"canonical\" href=\"https:\/\/vieassociative.be\/actualites\/les-etats-unis-et-lukraine-conviennent-un-accord-de-matieres-premieres-selenskyj-la-signe-a-trump-vendredi\/\" \/>\n<meta property=\"og:locale\" content=\"fr_FR\" \/>\n<meta property=\"og:type\" content=\"article\" \/>\n<meta property=\"og:title\" content=\"Les \u00c9tats-Unis et l&#039;Ukraine conviennent un accord de mati\u00e8res premi\u00e8res - Selenskyj l&#039;a sign\u00e9 \u00e0 Trump vendredi | Vie Associative\" \/>\n<meta property=\"og:description\" content=\"Le pr\u00e9sident Trump exige des mati\u00e8res premi\u00e8res de l&rsquo;Ukraine &#8211; en compensation pour le soutien de la guerre des \u00c9tats-Unis. Un accord est contest\u00e9 depuis\" \/>\n<meta property=\"og:url\" content=\"https:\/\/vieassociative.be\/actualites\/les-etats-unis-et-lukraine-conviennent-un-accord-de-matieres-premieres-selenskyj-la-signe-a-trump-vendredi\/\" \/>\n<meta property=\"og:site_name\" content=\"Vie Associative\" \/>\n<meta property=\"article:published_time\" content=\"2025-02-26T14:17:46+00:00\" \/>\n<meta property=\"og:image\" content=\"https:\/\/vieassociative.be\/actualites\/wp-content\/uploads\/2024\/09\/header_backgroundk-01-e1726694325946.png\" \/>\n\t<meta property=\"og:image:width\" content=\"279\" \/>\n\t<meta property=\"og:image:height\" content=\"92\" \/>\n\t<meta property=\"og:image:type\" content=\"image\/png\" \/>\n<meta name=\"author\" content=\"Julien\" \/>\n<meta name=\"twitter:card\" content=\"summary_large_image\" \/>\n<meta name=\"twitter:label1\" content=\"\u00c9crit par\" \/>\n\t<meta name=\"twitter:data1\" content=\"Julien\" \/>\n\t<meta name=\"twitter:label2\" content=\"Dur\u00e9e de lecture est.\" \/>\n\t<meta name=\"twitter:data2\" content=\"6 minutes\" \/>\n<script type=\"application\/ld+json\" class=\"yoast-schema-graph\">{\"@context\":\"https:\/\/schema.org\",\"@graph\":[{\"@type\":\"Article\",\"@id\":\"https:\/\/vieassociative.be\/actualites\/les-etats-unis-et-lukraine-conviennent-un-accord-de-matieres-premieres-selenskyj-la-signe-a-trump-vendredi\/#article\",\"isPartOf\":{\"@id\":\"https:\/\/vieassociative.be\/actualites\/les-etats-unis-et-lukraine-conviennent-un-accord-de-matieres-premieres-selenskyj-la-signe-a-trump-vendredi\/\"},\"author\":{\"name\":\"Julien\",\"@id\":\"https:\/\/vieassociative.be\/actualites\/#\/schema\/person\/b87ac4f82f9d4e7b7cec7395b679edc4\"},\"headline\":\"Les \u00c9tats-Unis et l&rsquo;Ukraine conviennent un accord de mati\u00e8res premi\u00e8res &#8211; Selenskyj l&rsquo;a sign\u00e9 \u00e0 Trump vendredi\",\"datePublished\":\"2025-02-26T14:17:46+00:00\",\"dateModified\":\"2025-02-26T14:17:46+00:00\",\"mainEntityOfPage\":{\"@id\":\"https:\/\/vieassociative.be\/actualites\/les-etats-unis-et-lukraine-conviennent-un-accord-de-matieres-premieres-selenskyj-la-signe-a-trump-vendredi\/\"},\"wordCount\":1328,\"publisher\":{\"@id\":\"https:\/\/vieassociative.be\/actualites\/#organization\"},\"image\":{\"@id\":\"https:\/\/vieassociative.be\/actualites\/les-etats-unis-et-lukraine-conviennent-un-accord-de-matieres-premieres-selenskyj-la-signe-a-trump-vendredi\/#primaryimage\"},\"thumbnailUrl\":\"https:\/\/vieassociative.be\/actualites\/wp-content\/uploads\/2025\/02\/1740579467_Les-Etats-Unis-et-lUkraine-conviennent-un-accord-de-matieres-premieres.jpg\",\"keywords\":[\"accord\",\"conviennent\",\"\u00c9tatsUnis\",\"Les\",\"lUkraine\",\"mati\u00e8res\",\"premi\u00e8res\",\"Selenskyj\",\"sign\u00e9\",\"Trump\",\"vendredi\"],\"articleSection\":[\"Belgique\"],\"inLanguage\":\"fr-BE\"},{\"@type\":\"WebPage\",\"@id\":\"https:\/\/vieassociative.be\/actualites\/les-etats-unis-et-lukraine-conviennent-un-accord-de-matieres-premieres-selenskyj-la-signe-a-trump-vendredi\/\",\"url\":\"https:\/\/vieassociative.be\/actualites\/les-etats-unis-et-lukraine-conviennent-un-accord-de-matieres-premieres-selenskyj-la-signe-a-trump-vendredi\/\",\"name\":\"Les \u00c9tats-Unis et l'Ukraine conviennent un accord de mati\u00e8res premi\u00e8res - Selenskyj l'a sign\u00e9 \u00e0 Trump vendredi | Vie Associative\",\"isPartOf\":{\"@id\":\"https:\/\/vieassociative.be\/actualites\/#website\"},\"primaryImageOfPage\":{\"@id\":\"https:\/\/vieassociative.be\/actualites\/les-etats-unis-et-lukraine-conviennent-un-accord-de-matieres-premieres-selenskyj-la-signe-a-trump-vendredi\/#primaryimage\"},\"image\":{\"@id\":\"https:\/\/vieassociative.be\/actualites\/les-etats-unis-et-lukraine-conviennent-un-accord-de-matieres-premieres-selenskyj-la-signe-a-trump-vendredi\/#primaryimage\"},\"thumbnailUrl\":\"https:\/\/vieassociative.be\/actualites\/wp-content\/uploads\/2025\/02\/1740579467_Les-Etats-Unis-et-lUkraine-conviennent-un-accord-de-matieres-premieres.jpg\",\"datePublished\":\"2025-02-26T14:17:46+00:00\",\"dateModified\":\"2025-02-26T14:17:46+00:00\",\"breadcrumb\":{\"@id\":\"https:\/\/vieassociative.be\/actualites\/les-etats-unis-et-lukraine-conviennent-un-accord-de-matieres-premieres-selenskyj-la-signe-a-trump-vendredi\/#breadcrumb\"},\"inLanguage\":\"fr-BE\",\"potentialAction\":[{\"@type\":\"ReadAction\",\"target\":[\"https:\/\/vieassociative.be\/actualites\/les-etats-unis-et-lukraine-conviennent-un-accord-de-matieres-premieres-selenskyj-la-signe-a-trump-vendredi\/\"]}]},{\"@type\":\"ImageObject\",\"inLanguage\":\"fr-BE\",\"@id\":\"https:\/\/vieassociative.be\/actualites\/les-etats-unis-et-lukraine-conviennent-un-accord-de-matieres-premieres-selenskyj-la-signe-a-trump-vendredi\/#primaryimage\",\"url\":\"https:\/\/vieassociative.be\/actualites\/wp-content\/uploads\/2025\/02\/1740579467_Les-Etats-Unis-et-lUkraine-conviennent-un-accord-de-matieres-premieres.jpg\",\"contentUrl\":\"https:\/\/vieassociative.be\/actualites\/wp-content\/uploads\/2025\/02\/1740579467_Les-Etats-Unis-et-lUkraine-conviennent-un-accord-de-matieres-premieres.jpg\",\"width\":1200,\"height\":802,\"caption\":\"Les \u00c9tats-Unis et l'Ukraine conviennent un accord de mati\u00e8res premi\u00e8res - Selenskyj l'a sign\u00e9 \u00e0 Trump vendredi\"},{\"@type\":\"BreadcrumbList\",\"@id\":\"https:\/\/vieassociative.be\/actualites\/les-etats-unis-et-lukraine-conviennent-un-accord-de-matieres-premieres-selenskyj-la-signe-a-trump-vendredi\/#breadcrumb\",\"itemListElement\":[{\"@type\":\"ListItem\",\"position\":1,\"name\":\"Accueil\",\"item\":\"https:\/\/vieassociative.be\/actualites\/\"},{\"@type\":\"ListItem\",\"position\":2,\"name\":\"Les \u00c9tats-Unis et l&rsquo;Ukraine conviennent un accord de mati\u00e8res premi\u00e8res &#8211; Selenskyj l&rsquo;a sign\u00e9 \u00e0 Trump vendredi\"}]},{\"@type\":\"WebSite\",\"@id\":\"https:\/\/vieassociative.be\/actualites\/#website\",\"url\":\"https:\/\/vieassociative.be\/actualites\/\",\"name\":\"Vie Associative\",\"description\":\"\",\"publisher\":{\"@id\":\"https:\/\/vieassociative.be\/actualites\/#organization\"},\"potentialAction\":[{\"@type\":\"SearchAction\",\"target\":{\"@type\":\"EntryPoint\",\"urlTemplate\":\"https:\/\/vieassociative.be\/actualites\/?s={search_term_string}\"},\"query-input\":{\"@type\":\"PropertyValueSpecification\",\"valueRequired\":true,\"valueName\":\"search_term_string\"}}],\"inLanguage\":\"fr-BE\"},{\"@type\":\"Organization\",\"@id\":\"https:\/\/vieassociative.be\/actualites\/#organization\",\"name\":\"Vie Associative\",\"url\":\"https:\/\/vieassociative.be\/actualites\/\",\"logo\":{\"@type\":\"ImageObject\",\"inLanguage\":\"fr-BE\",\"@id\":\"https:\/\/vieassociative.be\/actualites\/#\/schema\/logo\/image\/\",\"url\":\"https:\/\/vieassociative.be\/actualites\/wp-content\/uploads\/2024\/09\/cropped-vieassociative_favicon.ico.png\",\"contentUrl\":\"https:\/\/vieassociative.be\/actualites\/wp-content\/uploads\/2024\/09\/cropped-vieassociative_favicon.ico.png\",\"width\":512,\"height\":512,\"caption\":\"Vie Associative\"},\"image\":{\"@id\":\"https:\/\/vieassociative.be\/actualites\/#\/schema\/logo\/image\/\"}},{\"@type\":\"Person\",\"@id\":\"https:\/\/vieassociative.be\/actualites\/#\/schema\/person\/b87ac4f82f9d4e7b7cec7395b679edc4\",\"name\":\"Julien\",\"image\":{\"@type\":\"ImageObject\",\"inLanguage\":\"fr-BE\",\"@id\":\"https:\/\/vieassociative.be\/actualites\/#\/schema\/person\/image\/\",\"url\":\"https:\/\/vieassociative.be\/actualites\/wp-content\/uploads\/2024\/09\/vie-associative-1-150x150.jpg\",\"contentUrl\":\"https:\/\/vieassociative.be\/actualites\/wp-content\/uploads\/2024\/09\/vie-associative-1-150x150.jpg\",\"caption\":\"Julien\"},\"description\":\"Je suis Julien, r\u00e9dacteur pour Vie Associative. Passionn\u00e9 par le monde associatif depuis plus de 10 ans, j'ai \u00e0 c\u0153ur de partager des histoires inspirantes et de mettre en lumi\u00e8re les initiatives locales. Mon objectif est de sensibiliser et d'encourager l'engagement communautaire \u00e0 travers mes articles.\",\"sameAs\":[\"https:\/\/vieassociative.be\/\"]}]}<\/script>\n<!-- \/ Yoast SEO plugin. -->","yoast_head_json":{"title":"Les \u00c9tats-Unis et l'Ukraine conviennent un accord de mati\u00e8res premi\u00e8res - Selenskyj l'a sign\u00e9 \u00e0 Trump vendredi | Vie Associative","robots":{"index":"index","follow":"follow","max-snippet":"max-snippet:-1","max-image-preview":"max-image-preview:large","max-video-preview":"max-video-preview:-1"},"canonical":"https:\/\/vieassociative.be\/actualites\/les-etats-unis-et-lukraine-conviennent-un-accord-de-matieres-premieres-selenskyj-la-signe-a-trump-vendredi\/","og_locale":"fr_FR","og_type":"article","og_title":"Les \u00c9tats-Unis et l'Ukraine conviennent un accord de mati\u00e8res premi\u00e8res - Selenskyj l'a sign\u00e9 \u00e0 Trump vendredi | Vie Associative","og_description":"Le pr\u00e9sident Trump exige des mati\u00e8res premi\u00e8res de l&rsquo;Ukraine &#8211; en compensation pour le soutien de la guerre des \u00c9tats-Unis. Un accord est contest\u00e9 depuis","og_url":"https:\/\/vieassociative.be\/actualites\/les-etats-unis-et-lukraine-conviennent-un-accord-de-matieres-premieres-selenskyj-la-signe-a-trump-vendredi\/","og_site_name":"Vie Associative","article_published_time":"2025-02-26T14:17:46+00:00","og_image":[{"width":279,"height":92,"url":"https:\/\/vieassociative.be\/actualites\/wp-content\/uploads\/2024\/09\/header_backgroundk-01-e1726694325946.png","type":"image\/png"}],"author":"Julien","twitter_card":"summary_large_image","twitter_misc":{"\u00c9crit par":"Julien","Dur\u00e9e de lecture est.":"6 minutes"},"schema":{"@context":"https:\/\/schema.org","@graph":[{"@type":"Article","@id":"https:\/\/vieassociative.be\/actualites\/les-etats-unis-et-lukraine-conviennent-un-accord-de-matieres-premieres-selenskyj-la-signe-a-trump-vendredi\/#article","isPartOf":{"@id":"https:\/\/vieassociative.be\/actualites\/les-etats-unis-et-lukraine-conviennent-un-accord-de-matieres-premieres-selenskyj-la-signe-a-trump-vendredi\/"},"author":{"name":"Julien","@id":"https:\/\/vieassociative.be\/actualites\/#\/schema\/person\/b87ac4f82f9d4e7b7cec7395b679edc4"},"headline":"Les \u00c9tats-Unis et l&rsquo;Ukraine conviennent un accord de mati\u00e8res premi\u00e8res &#8211; Selenskyj l&rsquo;a sign\u00e9 \u00e0 Trump vendredi","datePublished":"2025-02-26T14:17:46+00:00","dateModified":"2025-02-26T14:17:46+00:00","mainEntityOfPage":{"@id":"https:\/\/vieassociative.be\/actualites\/les-etats-unis-et-lukraine-conviennent-un-accord-de-matieres-premieres-selenskyj-la-signe-a-trump-vendredi\/"},"wordCount":1328,"publisher":{"@id":"https:\/\/vieassociative.be\/actualites\/#organization"},"image":{"@id":"https:\/\/vieassociative.be\/actualites\/les-etats-unis-et-lukraine-conviennent-un-accord-de-matieres-premieres-selenskyj-la-signe-a-trump-vendredi\/#primaryimage"},"thumbnailUrl":"https:\/\/vieassociative.be\/actualites\/wp-content\/uploads\/2025\/02\/1740579467_Les-Etats-Unis-et-lUkraine-conviennent-un-accord-de-matieres-premieres.jpg","keywords":["accord","conviennent","\u00c9tatsUnis","Les","lUkraine","mati\u00e8res","premi\u00e8res","Selenskyj","sign\u00e9","Trump","vendredi"],"articleSection":["Belgique"],"inLanguage":"fr-BE"},{"@type":"WebPage","@id":"https:\/\/vieassociative.be\/actualites\/les-etats-unis-et-lukraine-conviennent-un-accord-de-matieres-premieres-selenskyj-la-signe-a-trump-vendredi\/","url":"https:\/\/vieassociative.be\/actualites\/les-etats-unis-et-lukraine-conviennent-un-accord-de-matieres-premieres-selenskyj-la-signe-a-trump-vendredi\/","name":"Les \u00c9tats-Unis et l'Ukraine conviennent un accord de mati\u00e8res premi\u00e8res - Selenskyj l'a sign\u00e9 \u00e0 Trump vendredi | Vie Associative","isPartOf":{"@id":"https:\/\/vieassociative.be\/actualites\/#website"},"primaryImageOfPage":{"@id":"https:\/\/vieassociative.be\/actualites\/les-etats-unis-et-lukraine-conviennent-un-accord-de-matieres-premieres-selenskyj-la-signe-a-trump-vendredi\/#primaryimage"},"image":{"@id":"https:\/\/vieassociative.be\/actualites\/les-etats-unis-et-lukraine-conviennent-un-accord-de-matieres-premieres-selenskyj-la-signe-a-trump-vendredi\/#primaryimage"},"thumbnailUrl":"https:\/\/vieassociative.be\/actualites\/wp-content\/uploads\/2025\/02\/1740579467_Les-Etats-Unis-et-lUkraine-conviennent-un-accord-de-matieres-premieres.jpg","datePublished":"2025-02-26T14:17:46+00:00","dateModified":"2025-02-26T14:17:46+00:00","breadcrumb":{"@id":"https:\/\/vieassociative.be\/actualites\/les-etats-unis-et-lukraine-conviennent-un-accord-de-matieres-premieres-selenskyj-la-signe-a-trump-vendredi\/#breadcrumb"},"inLanguage":"fr-BE","potentialAction":[{"@type":"ReadAction","target":["https:\/\/vieassociative.be\/actualites\/les-etats-unis-et-lukraine-conviennent-un-accord-de-matieres-premieres-selenskyj-la-signe-a-trump-vendredi\/"]}]},{"@type":"ImageObject","inLanguage":"fr-BE","@id":"https:\/\/vieassociative.be\/actualites\/les-etats-unis-et-lukraine-conviennent-un-accord-de-matieres-premieres-selenskyj-la-signe-a-trump-vendredi\/#primaryimage","url":"https:\/\/vieassociative.be\/actualites\/wp-content\/uploads\/2025\/02\/1740579467_Les-Etats-Unis-et-lUkraine-conviennent-un-accord-de-matieres-premieres.jpg","contentUrl":"https:\/\/vieassociative.be\/actualites\/wp-content\/uploads\/2025\/02\/1740579467_Les-Etats-Unis-et-lUkraine-conviennent-un-accord-de-matieres-premieres.jpg","width":1200,"height":802,"caption":"Les \u00c9tats-Unis et l'Ukraine conviennent un accord de mati\u00e8res premi\u00e8res - Selenskyj l'a sign\u00e9 \u00e0 Trump vendredi"},{"@type":"BreadcrumbList","@id":"https:\/\/vieassociative.be\/actualites\/les-etats-unis-et-lukraine-conviennent-un-accord-de-matieres-premieres-selenskyj-la-signe-a-trump-vendredi\/#breadcrumb","itemListElement":[{"@type":"ListItem","position":1,"name":"Accueil","item":"https:\/\/vieassociative.be\/actualites\/"},{"@type":"ListItem","position":2,"name":"Les \u00c9tats-Unis et l&rsquo;Ukraine conviennent un accord de mati\u00e8res premi\u00e8res &#8211; Selenskyj l&rsquo;a sign\u00e9 \u00e0 Trump vendredi"}]},{"@type":"WebSite","@id":"https:\/\/vieassociative.be\/actualites\/#website","url":"https:\/\/vieassociative.be\/actualites\/","name":"Vie Associative","description":"","publisher":{"@id":"https:\/\/vieassociative.be\/actualites\/#organization"},"potentialAction":[{"@type":"SearchAction","target":{"@type":"EntryPoint","urlTemplate":"https:\/\/vieassociative.be\/actualites\/?s={search_term_string}"},"query-input":{"@type":"PropertyValueSpecification","valueRequired":true,"valueName":"search_term_string"}}],"inLanguage":"fr-BE"},{"@type":"Organization","@id":"https:\/\/vieassociative.be\/actualites\/#organization","name":"Vie Associative","url":"https:\/\/vieassociative.be\/actualites\/","logo":{"@type":"ImageObject","inLanguage":"fr-BE","@id":"https:\/\/vieassociative.be\/actualites\/#\/schema\/logo\/image\/","url":"https:\/\/vieassociative.be\/actualites\/wp-content\/uploads\/2024\/09\/cropped-vieassociative_favicon.ico.png","contentUrl":"https:\/\/vieassociative.be\/actualites\/wp-content\/uploads\/2024\/09\/cropped-vieassociative_favicon.ico.png","width":512,"height":512,"caption":"Vie Associative"},"image":{"@id":"https:\/\/vieassociative.be\/actualites\/#\/schema\/logo\/image\/"}},{"@type":"Person","@id":"https:\/\/vieassociative.be\/actualites\/#\/schema\/person\/b87ac4f82f9d4e7b7cec7395b679edc4","name":"Julien","image":{"@type":"ImageObject","inLanguage":"fr-BE","@id":"https:\/\/vieassociative.be\/actualites\/#\/schema\/person\/image\/","url":"https:\/\/vieassociative.be\/actualites\/wp-content\/uploads\/2024\/09\/vie-associative-1-150x150.jpg","contentUrl":"https:\/\/vieassociative.be\/actualites\/wp-content\/uploads\/2024\/09\/vie-associative-1-150x150.jpg","caption":"Julien"},"description":"Je suis Julien, r\u00e9dacteur pour Vie Associative. Passionn\u00e9 par le monde associatif depuis plus de 10 ans, j'ai \u00e0 c\u0153ur de partager des histoires inspirantes et de mettre en lumi\u00e8re les initiatives locales. Mon objectif est de sensibiliser et d'encourager l'engagement communautaire \u00e0 travers mes articles.","sameAs":["https:\/\/vieassociative.be\/"]}]}},"_links":{"self":[{"href":"https:\/\/vieassociative.be\/actualites\/wp-json\/wp\/v2\/posts\/5435"}],"collection":[{"href":"https:\/\/vieassociative.be\/actualites\/wp-json\/wp\/v2\/posts"}],"about":[{"href":"https:\/\/vieassociative.be\/actualites\/wp-json\/wp\/v2\/types\/post"}],"author":[{"embeddable":true,"href":"https:\/\/vieassociative.be\/actualites\/wp-json\/wp\/v2\/users\/1"}],"replies":[{"embeddable":true,"href":"https:\/\/vieassociative.be\/actualites\/wp-json\/wp\/v2\/comments?post=5435"}],"version-history":[{"count":0,"href":"https:\/\/vieassociative.be\/actualites\/wp-json\/wp\/v2\/posts\/5435\/revisions"}],"wp:featuredmedia":[{"embeddable":true,"href":"https:\/\/vieassociative.be\/actualites\/wp-json\/wp\/v2\/media\/5436"}],"wp:attachment":[{"href":"https:\/\/vieassociative.be\/actualites\/wp-json\/wp\/v2\/media?parent=5435"}],"wp:term":[{"taxonomy":"category","embeddable":true,"href":"https:\/\/vieassociative.be\/actualites\/wp-json\/wp\/v2\/categories?post=5435"},{"taxonomy":"post_tag","embeddable":true,"href":"https:\/\/vieassociative.be\/actualites\/wp-json\/wp\/v2\/tags?post=5435"}],"curies":[{"name":"wp","href":"https:\/\/api.w.org\/{rel}","templated":true}]}}