{"id":5428,"date":"2025-02-26T09:17:46","date_gmt":"2025-02-26T08:17:46","guid":{"rendered":"https:\/\/vieassociative.be\/actualites\/carnaval-dans-le-brf-sturm-dans-les-mairies-et-se-deplace-en-direct-a-la-television-et-dans-le-flux-video\/"},"modified":"2025-02-26T09:17:46","modified_gmt":"2025-02-26T08:17:46","slug":"carnaval-dans-le-brf-sturm-dans-les-mairies-et-se-deplace-en-direct-a-la-television-et-dans-le-flux-video","status":"publish","type":"post","link":"https:\/\/vieassociative.be\/actualites\/carnaval-dans-le-brf-sturm-dans-les-mairies-et-se-deplace-en-direct-a-la-television-et-dans-le-flux-video\/","title":{"rendered":"Carnaval dans le BRF: Sturm dans les mairies et se d\u00e9place en direct \u00e0 la t\u00e9l\u00e9vision et dans le flux vid\u00e9o"},"content":{"rendered":"<p><strong>Ostbelgium hors du bord et du groupe et le BRF est l\u00e0 en direct: de Altweiber \u00e0 Veilchendienstag, il y a de grandes parties du programme dans le signe du carnaval oriental belge.<\/strong><\/p>\n<p><span id=\"more-409033\"><\/span>Les journalistes BRF rapportent l&rsquo;agitation dans la r\u00e9gion pour la premi\u00e8re fois vivent \u00e9galement dans l&rsquo;image en mouvement. De plus, il y a beaucoup de musique de carnaval, de nombreuses interviews et des images d&rsquo;humeur ainsi que la cinqui\u00e8me saison de \u00ab\u00a0Doheem is Carnival\u00a0\u00bb. Un regard passionnant sur les archives BRF arr\u00eate de l&rsquo;offre du programme de carnaval.<\/p>\n<p>De Weiberfastnacht, le Jecken prend le contr\u00f4le du sceptre dans le BRF. Les deux vagues radio BRF1 et BRF2 sont interconnect\u00e9es \u00e0 une vraie vague de carnaval sur les vieilles femmes, Tulip Sunday et Rosenmontag:<\/p>\n<div id=\"attachment_123192\" class=\"wp-caption alignleft\" style=\"max-width: 300px\"><img fetchpriority=\"high\" decoding=\"async\" class=\"wp-image-123192 size-medium\" src=\"https:\/\/vieassociative.be\/actualites\/wp-content\/uploads\/2025\/02\/Carnaval-dans-le-BRF-Sturm-dans-les-mairies-et-se.jpg\" alt=\"\" width=\"300\" height=\"199\"  ><\/p>\n<p class=\"wp-caption-text\">Heike Hebeggen (\u00e0 droite) en tant que pr\u00e9sentateur BRF sur un rapport sur la moto lors du d\u00e9placement des vieilles femmes \u00e0 Eupen le 23 f\u00e9vrier 2017. Photo: OD<\/p>\n<\/div>\n<p>\u2022 <strong>\u00ab\u00a0Au Wiever\u00a0\u00bb et M\u00f6hnen:<\/strong> Les \u00abAu Wiever\u00bb et M\u00f6hnen de la terre d&rsquo;Eupener et d&rsquo;Eifel \u00e0 Altweiber (27 f\u00e9vrier) donnent traditionnellement le signal de d\u00e9part du carnaval de la rue \u00e0 partir de 6 heures du matin \u00e0 la radio BRF. Les journalistes du BRF rapportent en direct de tous les bastions de l&rsquo;Est de la Belge toute la journ\u00e9e et font rapport sur les cl\u00e9s des mairies et l&rsquo;agitation.<\/p>\n<p>La tour de la mairie peut \u00eatre exp\u00e9riment\u00e9e en direct \u00e0 la t\u00e9l\u00e9vision BRF pour la premi\u00e8re fois et en tant que flux vid\u00e9o sur BRF.be: de 11 h \u00e0 13 h, le BRF envoie une diffusion en direct avec des superpositions d&rsquo;Eupen, St. Vith et Kelmis.<\/p>\n<p>La BRF Radio House est traditionnellement dirig\u00e9e par Altweiber: de nombreux artistes r\u00e9gionaux visitent le studio et assurent la meilleure atmosph\u00e8re. Les plus belles photos des mouvements sont disponibles \u00e0 partir de 17 h 45 dans le \u00ab\u00a0Blickpunkt Special\u00a0\u00bb sur BRF Television, dans la biblioth\u00e8que BRF Media et sur Auvio.<\/p>\n<p>\u2022 Suis <strong>Carnaval Vendredi 28 f\u00e9vrier)<\/strong> Visitez le carnaval Prince de Raeren et Kelmis le BRF. Le programme peut \u00eatre entendu de 16 h \u00e0 18 h Il mod\u00e8re le patron du programme BRF Olivier Krickel.<\/p>\n<p>\u2022 Suis <strong>Tulpen dimanche (2 mars)<\/strong> Est tout de la Belgique de l&rsquo;Est hors du bord. \u00c0 partir de 13 heures, les rapports en direct de Raeren, Deidenberg et St. Vith sont au programme.<\/p>\n<p>\u2022 Suis <strong>Rose lundi 3 mars)<\/strong> Une interview est diffus\u00e9e avec l&rsquo;Eupen Prince \u00e0 partir de 9 heures. Les entretiens avec les tollit\u00e9s d&rsquo;Eifel sont envoy\u00e9es entre 10 h et 12 h (Mod\u00e9ration: le r\u00e9dacteur en chef de BRF Stephan Pesch). \u00c0 partir de midi, les journalistes BRF rapportent en direct des d\u00e9fil\u00e9s d&rsquo;Eupen, Kelmis et B\u00fctgenbach.<\/p>\n<div id=\"attachment_409039\" class=\"wp-caption alignleft\" style=\"max-width: 300px\"><img decoding=\"async\" class=\"wp-image-409039 size-medium\" src=\"https:\/\/vieassociative.be\/actualites\/wp-content\/uploads\/2025\/02\/1740557866_649_Carnaval-dans-le-BRF-Sturm-dans-les-mairies-et-se.jpg\" alt=\"\" width=\"300\" height=\"200\"  ><\/p>\n<p class=\"wp-caption-text\">Mod\u00e9rateur Patrick Knops. Photo: Olivier Krickel \/ BRF<\/p>\n<\/div>\n<p>\u2022 Suis <strong>VEILCHENDIENSTAG (4 mars)<\/strong> \u00c0 partir de 17 h 45, sur la t\u00e9l\u00e9vision BRF, il y a des photos des d\u00e9fil\u00e9s de St. Vith, Deieidenberg, Raere, Kelmis, Eupen et B\u00fctgenbach. Ceux-ci peuvent \u00e9galement \u00eatre vus dans la biblioth\u00e8que BRF Media et sur Auvio.<\/p>\n<p>Encore plus d&rsquo;offre sur Brf.be. Toutes les photos, les photos et les contributions en mouvement du carnaval de la rue orientale se trouvent sur le portail en ligne Brf.be.<\/p>\n<p>Le BRF ouvre \u00e0 nouveau ses archives audio sur le net et sur BRF2: le r\u00e9alisateur BRF Alain Kiebs revient sur le carnaval de saal belge oriental dans de rares enregistrements de son de 1956 \u00e0 1992. Vous pouvez entendre des discours et des chansons faits \u00e0 la main des temps pass\u00e9s. Les deux \u00e9pisodes se d\u00e9roulent sur Carnival Vendredi 28 f\u00e9vrier) \u00e0 10 h et sur Carnival samedi (1er mars) \u00e0 11 h sur BRF2 et comme podcast sur BRF.B.<\/p>\n<p>Si vous ne pouvez pas en avoir assez de carnaval, vous devriez activer BRF2 les grands jours: le deuxi\u00e8me \u00e9mission radio du BRF Carnival Music joue sur Altweiber, Tulpens Sunday, Rose Monday et Veilchendienstag.<\/p>\n<p><em><strong>Sur le sujet, voir \u00e9galement l&rsquo;article suivant sur OD:<\/strong><\/em><\/p>\n<div class=\"responsive-embed widescreen\">\n<blockquote class=\"wp-embedded-content\" data-secret=\"wzysJuOjNM\">\n<p>La p\u00e9riode de carnaval sauvage m\u00e8ne \u00e0 l&rsquo;affaire: le mercredi des cendres, le mariage peut \u00e9galement \u00eatre termin\u00e9<\/p>\n<\/blockquote>\n<p><iframe loading=\"lazy\" class=\"wp-embedded-content\" sandbox=\"allow-scripts\" security=\"restricted\" style=\"position: absolute; visibility: hidden;\" title=\"\u201eDie wilde Karnevalszeit verleitet zum Seitensprung: Am Aschermittwoch ist vielleicht auch die Ehe vorbei\u201c \u2014 Ostbelgien Direkt\" src=\"https:\/\/ostbelgiendirekt.be\/about:blank\" data-secret=\"wzysJuOjNM\" width=\"500\" height=\"282\" frameborder=\"0\" marginwidth=\"0\" marginheight=\"0\" scrolling=\"no\" data-rocket-lazyload=\"fitvidscompatible\" data-lazy-src=\"https:\/\/ostbelgiendirekt.be\/karneval-seitensprung-409055\/embed#?secret=lfU1BOuZPZ#?secret=wzysJuOjNM\"><\/iframe><noscript><iframe class=\"wp-embedded-content\" sandbox=\"allow-scripts\" security=\"restricted\" style=\"position: absolute; visibility: hidden;\" title=\"\u201eDie wilde Karnevalszeit verleitet zum Seitensprung: Am Aschermittwoch ist vielleicht auch die Ehe vorbei\u201c \u2014 Ostbelgien Direkt\" src=\"https:\/\/ostbelgiendirekt.be\/karneval-seitensprung-409055\/embed#?secret=lfU1BOuZPZ#?secret=wzysJuOjNM\" data-secret=\"wzysJuOjNM\" width=\"500\" height=\"282\" frameborder=\"0\" marginwidth=\"0\" marginheight=\"0\" scrolling=\"no\"><\/iframe><\/noscript><\/p>\n<\/div>\n","protected":false},"excerpt":{"rendered":"<p>Ostbelgium hors du bord et du groupe et le BRF est l\u00e0 en direct: de Altweiber \u00e0 Veilchendienstag, il y a de grandes parties du<\/p>\n","protected":false},"author":1,"featured_media":5429,"comment_status":"","ping_status":"","sticky":false,"template":"","format":"standard","meta":{"footnotes":""},"categories":[298],"tags":[3600,3049,166,5558,3308,34,14,5557,5556,1316,1204],"class_list":["post-5428","post","type-post","status-publish","format-standard","has-post-thumbnail","hentry","category-belgique","tag-brf","tag-carnaval","tag-dans","tag-deplace","tag-direct","tag-flux","tag-les","tag-mairies","tag-sturm","tag-television","tag-video","generate-columns","tablet-grid-50","mobile-grid-100","grid-parent","grid-33"],"yoast_head":"<!-- This site is optimized with the Yoast SEO plugin v24.0 - https:\/\/yoast.com\/wordpress\/plugins\/seo\/ -->\n<title>Carnaval dans le BRF: Sturm dans les mairies et se d\u00e9place en direct \u00e0 la t\u00e9l\u00e9vision et dans le flux vid\u00e9o | Vie Associative<\/title>\n<meta name=\"robots\" content=\"index, follow, max-snippet:-1, max-image-preview:large, max-video-preview:-1\" \/>\n<link rel=\"canonical\" href=\"https:\/\/vieassociative.be\/actualites\/carnaval-dans-le-brf-sturm-dans-les-mairies-et-se-deplace-en-direct-a-la-television-et-dans-le-flux-video\/\" \/>\n<meta property=\"og:locale\" content=\"fr_FR\" \/>\n<meta property=\"og:type\" content=\"article\" \/>\n<meta property=\"og:title\" content=\"Carnaval dans le BRF: Sturm dans les mairies et se d\u00e9place en direct \u00e0 la t\u00e9l\u00e9vision et dans le flux vid\u00e9o | Vie Associative\" \/>\n<meta property=\"og:description\" content=\"Ostbelgium hors du bord et du groupe et le BRF est l\u00e0 en direct: de Altweiber \u00e0 Veilchendienstag, il y a de grandes parties du\" \/>\n<meta property=\"og:url\" content=\"https:\/\/vieassociative.be\/actualites\/carnaval-dans-le-brf-sturm-dans-les-mairies-et-se-deplace-en-direct-a-la-television-et-dans-le-flux-video\/\" \/>\n<meta property=\"og:site_name\" content=\"Vie Associative\" \/>\n<meta property=\"article:published_time\" content=\"2025-02-26T08:17:46+00:00\" \/>\n<meta property=\"og:image\" content=\"https:\/\/vieassociative.be\/actualites\/wp-content\/uploads\/2024\/09\/header_backgroundk-01-e1726694325946.png\" \/>\n\t<meta property=\"og:image:width\" content=\"279\" \/>\n\t<meta property=\"og:image:height\" content=\"92\" \/>\n\t<meta property=\"og:image:type\" content=\"image\/png\" \/>\n<meta name=\"author\" content=\"Julien\" \/>\n<meta name=\"twitter:card\" content=\"summary_large_image\" \/>\n<meta name=\"twitter:label1\" content=\"\u00c9crit par\" \/>\n\t<meta name=\"twitter:data1\" content=\"Julien\" \/>\n\t<meta name=\"twitter:label2\" content=\"Dur\u00e9e de lecture est.\" \/>\n\t<meta name=\"twitter:data2\" content=\"3 minutes\" \/>\n<script type=\"application\/ld+json\" class=\"yoast-schema-graph\">{\"@context\":\"https:\/\/schema.org\",\"@graph\":[{\"@type\":\"Article\",\"@id\":\"https:\/\/vieassociative.be\/actualites\/carnaval-dans-le-brf-sturm-dans-les-mairies-et-se-deplace-en-direct-a-la-television-et-dans-le-flux-video\/#article\",\"isPartOf\":{\"@id\":\"https:\/\/vieassociative.be\/actualites\/carnaval-dans-le-brf-sturm-dans-les-mairies-et-se-deplace-en-direct-a-la-television-et-dans-le-flux-video\/\"},\"author\":{\"name\":\"Julien\",\"@id\":\"https:\/\/vieassociative.be\/actualites\/#\/schema\/person\/b87ac4f82f9d4e7b7cec7395b679edc4\"},\"headline\":\"Carnaval dans le BRF: Sturm dans les mairies et se d\u00e9place en direct \u00e0 la t\u00e9l\u00e9vision et dans le flux vid\u00e9o\",\"datePublished\":\"2025-02-26T08:17:46+00:00\",\"dateModified\":\"2025-02-26T08:17:46+00:00\",\"mainEntityOfPage\":{\"@id\":\"https:\/\/vieassociative.be\/actualites\/carnaval-dans-le-brf-sturm-dans-les-mairies-et-se-deplace-en-direct-a-la-television-et-dans-le-flux-video\/\"},\"wordCount\":714,\"publisher\":{\"@id\":\"https:\/\/vieassociative.be\/actualites\/#organization\"},\"image\":{\"@id\":\"https:\/\/vieassociative.be\/actualites\/carnaval-dans-le-brf-sturm-dans-les-mairies-et-se-deplace-en-direct-a-la-television-et-dans-le-flux-video\/#primaryimage\"},\"thumbnailUrl\":\"https:\/\/vieassociative.be\/actualites\/wp-content\/uploads\/2025\/02\/1740557866_Carnaval-dans-le-BRF-Sturm-dans-les-mairies-et-se.jpg\",\"keywords\":[\"BRF\",\"carnaval\",\"dans\",\"d\u00e9place\",\"direct\",\"flux\",\"Les\",\"mairies\",\"Sturm\",\"t\u00e9l\u00e9vision\",\"vid\u00e9o\"],\"articleSection\":[\"Belgique\"],\"inLanguage\":\"fr-BE\"},{\"@type\":\"WebPage\",\"@id\":\"https:\/\/vieassociative.be\/actualites\/carnaval-dans-le-brf-sturm-dans-les-mairies-et-se-deplace-en-direct-a-la-television-et-dans-le-flux-video\/\",\"url\":\"https:\/\/vieassociative.be\/actualites\/carnaval-dans-le-brf-sturm-dans-les-mairies-et-se-deplace-en-direct-a-la-television-et-dans-le-flux-video\/\",\"name\":\"Carnaval dans le BRF: Sturm dans les mairies et se d\u00e9place en direct \u00e0 la t\u00e9l\u00e9vision et dans le flux vid\u00e9o | Vie Associative\",\"isPartOf\":{\"@id\":\"https:\/\/vieassociative.be\/actualites\/#website\"},\"primaryImageOfPage\":{\"@id\":\"https:\/\/vieassociative.be\/actualites\/carnaval-dans-le-brf-sturm-dans-les-mairies-et-se-deplace-en-direct-a-la-television-et-dans-le-flux-video\/#primaryimage\"},\"image\":{\"@id\":\"https:\/\/vieassociative.be\/actualites\/carnaval-dans-le-brf-sturm-dans-les-mairies-et-se-deplace-en-direct-a-la-television-et-dans-le-flux-video\/#primaryimage\"},\"thumbnailUrl\":\"https:\/\/vieassociative.be\/actualites\/wp-content\/uploads\/2025\/02\/1740557866_Carnaval-dans-le-BRF-Sturm-dans-les-mairies-et-se.jpg\",\"datePublished\":\"2025-02-26T08:17:46+00:00\",\"dateModified\":\"2025-02-26T08:17:46+00:00\",\"breadcrumb\":{\"@id\":\"https:\/\/vieassociative.be\/actualites\/carnaval-dans-le-brf-sturm-dans-les-mairies-et-se-deplace-en-direct-a-la-television-et-dans-le-flux-video\/#breadcrumb\"},\"inLanguage\":\"fr-BE\",\"potentialAction\":[{\"@type\":\"ReadAction\",\"target\":[\"https:\/\/vieassociative.be\/actualites\/carnaval-dans-le-brf-sturm-dans-les-mairies-et-se-deplace-en-direct-a-la-television-et-dans-le-flux-video\/\"]}]},{\"@type\":\"ImageObject\",\"inLanguage\":\"fr-BE\",\"@id\":\"https:\/\/vieassociative.be\/actualites\/carnaval-dans-le-brf-sturm-dans-les-mairies-et-se-deplace-en-direct-a-la-television-et-dans-le-flux-video\/#primaryimage\",\"url\":\"https:\/\/vieassociative.be\/actualites\/wp-content\/uploads\/2025\/02\/1740557866_Carnaval-dans-le-BRF-Sturm-dans-les-mairies-et-se.jpg\",\"contentUrl\":\"https:\/\/vieassociative.be\/actualites\/wp-content\/uploads\/2025\/02\/1740557866_Carnaval-dans-le-BRF-Sturm-dans-les-mairies-et-se.jpg\",\"width\":2560,\"height\":1547,\"caption\":\"Carnaval dans le BRF: Sturm dans les mairies et se d\u00e9place en direct \u00e0 la t\u00e9l\u00e9vision et dans le flux vid\u00e9o\"},{\"@type\":\"BreadcrumbList\",\"@id\":\"https:\/\/vieassociative.be\/actualites\/carnaval-dans-le-brf-sturm-dans-les-mairies-et-se-deplace-en-direct-a-la-television-et-dans-le-flux-video\/#breadcrumb\",\"itemListElement\":[{\"@type\":\"ListItem\",\"position\":1,\"name\":\"Accueil\",\"item\":\"https:\/\/vieassociative.be\/actualites\/\"},{\"@type\":\"ListItem\",\"position\":2,\"name\":\"Carnaval dans le BRF: Sturm dans les mairies et se d\u00e9place en direct \u00e0 la t\u00e9l\u00e9vision et dans le flux vid\u00e9o\"}]},{\"@type\":\"WebSite\",\"@id\":\"https:\/\/vieassociative.be\/actualites\/#website\",\"url\":\"https:\/\/vieassociative.be\/actualites\/\",\"name\":\"Vie Associative\",\"description\":\"\",\"publisher\":{\"@id\":\"https:\/\/vieassociative.be\/actualites\/#organization\"},\"potentialAction\":[{\"@type\":\"SearchAction\",\"target\":{\"@type\":\"EntryPoint\",\"urlTemplate\":\"https:\/\/vieassociative.be\/actualites\/?s={search_term_string}\"},\"query-input\":{\"@type\":\"PropertyValueSpecification\",\"valueRequired\":true,\"valueName\":\"search_term_string\"}}],\"inLanguage\":\"fr-BE\"},{\"@type\":\"Organization\",\"@id\":\"https:\/\/vieassociative.be\/actualites\/#organization\",\"name\":\"Vie Associative\",\"url\":\"https:\/\/vieassociative.be\/actualites\/\",\"logo\":{\"@type\":\"ImageObject\",\"inLanguage\":\"fr-BE\",\"@id\":\"https:\/\/vieassociative.be\/actualites\/#\/schema\/logo\/image\/\",\"url\":\"https:\/\/vieassociative.be\/actualites\/wp-content\/uploads\/2024\/09\/cropped-vieassociative_favicon.ico.png\",\"contentUrl\":\"https:\/\/vieassociative.be\/actualites\/wp-content\/uploads\/2024\/09\/cropped-vieassociative_favicon.ico.png\",\"width\":512,\"height\":512,\"caption\":\"Vie Associative\"},\"image\":{\"@id\":\"https:\/\/vieassociative.be\/actualites\/#\/schema\/logo\/image\/\"}},{\"@type\":\"Person\",\"@id\":\"https:\/\/vieassociative.be\/actualites\/#\/schema\/person\/b87ac4f82f9d4e7b7cec7395b679edc4\",\"name\":\"Julien\",\"image\":{\"@type\":\"ImageObject\",\"inLanguage\":\"fr-BE\",\"@id\":\"https:\/\/vieassociative.be\/actualites\/#\/schema\/person\/image\/\",\"url\":\"https:\/\/vieassociative.be\/actualites\/wp-content\/uploads\/2024\/09\/vie-associative-1-150x150.jpg\",\"contentUrl\":\"https:\/\/vieassociative.be\/actualites\/wp-content\/uploads\/2024\/09\/vie-associative-1-150x150.jpg\",\"caption\":\"Julien\"},\"description\":\"Je suis Julien, r\u00e9dacteur pour Vie Associative. Passionn\u00e9 par le monde associatif depuis plus de 10 ans, j'ai \u00e0 c\u0153ur de partager des histoires inspirantes et de mettre en lumi\u00e8re les initiatives locales. Mon objectif est de sensibiliser et d'encourager l'engagement communautaire \u00e0 travers mes articles.\",\"sameAs\":[\"https:\/\/vieassociative.be\/\"]}]}<\/script>\n<!-- \/ Yoast SEO plugin. -->","yoast_head_json":{"title":"Carnaval dans le BRF: Sturm dans les mairies et se d\u00e9place en direct \u00e0 la t\u00e9l\u00e9vision et dans le flux vid\u00e9o | Vie Associative","robots":{"index":"index","follow":"follow","max-snippet":"max-snippet:-1","max-image-preview":"max-image-preview:large","max-video-preview":"max-video-preview:-1"},"canonical":"https:\/\/vieassociative.be\/actualites\/carnaval-dans-le-brf-sturm-dans-les-mairies-et-se-deplace-en-direct-a-la-television-et-dans-le-flux-video\/","og_locale":"fr_FR","og_type":"article","og_title":"Carnaval dans le BRF: Sturm dans les mairies et se d\u00e9place en direct \u00e0 la t\u00e9l\u00e9vision et dans le flux vid\u00e9o | Vie Associative","og_description":"Ostbelgium hors du bord et du groupe et le BRF est l\u00e0 en direct: de Altweiber \u00e0 Veilchendienstag, il y a de grandes parties du","og_url":"https:\/\/vieassociative.be\/actualites\/carnaval-dans-le-brf-sturm-dans-les-mairies-et-se-deplace-en-direct-a-la-television-et-dans-le-flux-video\/","og_site_name":"Vie Associative","article_published_time":"2025-02-26T08:17:46+00:00","og_image":[{"width":279,"height":92,"url":"https:\/\/vieassociative.be\/actualites\/wp-content\/uploads\/2024\/09\/header_backgroundk-01-e1726694325946.png","type":"image\/png"}],"author":"Julien","twitter_card":"summary_large_image","twitter_misc":{"\u00c9crit par":"Julien","Dur\u00e9e de lecture est.":"3 minutes"},"schema":{"@context":"https:\/\/schema.org","@graph":[{"@type":"Article","@id":"https:\/\/vieassociative.be\/actualites\/carnaval-dans-le-brf-sturm-dans-les-mairies-et-se-deplace-en-direct-a-la-television-et-dans-le-flux-video\/#article","isPartOf":{"@id":"https:\/\/vieassociative.be\/actualites\/carnaval-dans-le-brf-sturm-dans-les-mairies-et-se-deplace-en-direct-a-la-television-et-dans-le-flux-video\/"},"author":{"name":"Julien","@id":"https:\/\/vieassociative.be\/actualites\/#\/schema\/person\/b87ac4f82f9d4e7b7cec7395b679edc4"},"headline":"Carnaval dans le BRF: Sturm dans les mairies et se d\u00e9place en direct \u00e0 la t\u00e9l\u00e9vision et dans le flux vid\u00e9o","datePublished":"2025-02-26T08:17:46+00:00","dateModified":"2025-02-26T08:17:46+00:00","mainEntityOfPage":{"@id":"https:\/\/vieassociative.be\/actualites\/carnaval-dans-le-brf-sturm-dans-les-mairies-et-se-deplace-en-direct-a-la-television-et-dans-le-flux-video\/"},"wordCount":714,"publisher":{"@id":"https:\/\/vieassociative.be\/actualites\/#organization"},"image":{"@id":"https:\/\/vieassociative.be\/actualites\/carnaval-dans-le-brf-sturm-dans-les-mairies-et-se-deplace-en-direct-a-la-television-et-dans-le-flux-video\/#primaryimage"},"thumbnailUrl":"https:\/\/vieassociative.be\/actualites\/wp-content\/uploads\/2025\/02\/1740557866_Carnaval-dans-le-BRF-Sturm-dans-les-mairies-et-se.jpg","keywords":["BRF","carnaval","dans","d\u00e9place","direct","flux","Les","mairies","Sturm","t\u00e9l\u00e9vision","vid\u00e9o"],"articleSection":["Belgique"],"inLanguage":"fr-BE"},{"@type":"WebPage","@id":"https:\/\/vieassociative.be\/actualites\/carnaval-dans-le-brf-sturm-dans-les-mairies-et-se-deplace-en-direct-a-la-television-et-dans-le-flux-video\/","url":"https:\/\/vieassociative.be\/actualites\/carnaval-dans-le-brf-sturm-dans-les-mairies-et-se-deplace-en-direct-a-la-television-et-dans-le-flux-video\/","name":"Carnaval dans le BRF: Sturm dans les mairies et se d\u00e9place en direct \u00e0 la t\u00e9l\u00e9vision et dans le flux vid\u00e9o | Vie Associative","isPartOf":{"@id":"https:\/\/vieassociative.be\/actualites\/#website"},"primaryImageOfPage":{"@id":"https:\/\/vieassociative.be\/actualites\/carnaval-dans-le-brf-sturm-dans-les-mairies-et-se-deplace-en-direct-a-la-television-et-dans-le-flux-video\/#primaryimage"},"image":{"@id":"https:\/\/vieassociative.be\/actualites\/carnaval-dans-le-brf-sturm-dans-les-mairies-et-se-deplace-en-direct-a-la-television-et-dans-le-flux-video\/#primaryimage"},"thumbnailUrl":"https:\/\/vieassociative.be\/actualites\/wp-content\/uploads\/2025\/02\/1740557866_Carnaval-dans-le-BRF-Sturm-dans-les-mairies-et-se.jpg","datePublished":"2025-02-26T08:17:46+00:00","dateModified":"2025-02-26T08:17:46+00:00","breadcrumb":{"@id":"https:\/\/vieassociative.be\/actualites\/carnaval-dans-le-brf-sturm-dans-les-mairies-et-se-deplace-en-direct-a-la-television-et-dans-le-flux-video\/#breadcrumb"},"inLanguage":"fr-BE","potentialAction":[{"@type":"ReadAction","target":["https:\/\/vieassociative.be\/actualites\/carnaval-dans-le-brf-sturm-dans-les-mairies-et-se-deplace-en-direct-a-la-television-et-dans-le-flux-video\/"]}]},{"@type":"ImageObject","inLanguage":"fr-BE","@id":"https:\/\/vieassociative.be\/actualites\/carnaval-dans-le-brf-sturm-dans-les-mairies-et-se-deplace-en-direct-a-la-television-et-dans-le-flux-video\/#primaryimage","url":"https:\/\/vieassociative.be\/actualites\/wp-content\/uploads\/2025\/02\/1740557866_Carnaval-dans-le-BRF-Sturm-dans-les-mairies-et-se.jpg","contentUrl":"https:\/\/vieassociative.be\/actualites\/wp-content\/uploads\/2025\/02\/1740557866_Carnaval-dans-le-BRF-Sturm-dans-les-mairies-et-se.jpg","width":2560,"height":1547,"caption":"Carnaval dans le BRF: Sturm dans les mairies et se d\u00e9place en direct \u00e0 la t\u00e9l\u00e9vision et dans le flux vid\u00e9o"},{"@type":"BreadcrumbList","@id":"https:\/\/vieassociative.be\/actualites\/carnaval-dans-le-brf-sturm-dans-les-mairies-et-se-deplace-en-direct-a-la-television-et-dans-le-flux-video\/#breadcrumb","itemListElement":[{"@type":"ListItem","position":1,"name":"Accueil","item":"https:\/\/vieassociative.be\/actualites\/"},{"@type":"ListItem","position":2,"name":"Carnaval dans le BRF: Sturm dans les mairies et se d\u00e9place en direct \u00e0 la t\u00e9l\u00e9vision et dans le flux vid\u00e9o"}]},{"@type":"WebSite","@id":"https:\/\/vieassociative.be\/actualites\/#website","url":"https:\/\/vieassociative.be\/actualites\/","name":"Vie Associative","description":"","publisher":{"@id":"https:\/\/vieassociative.be\/actualites\/#organization"},"potentialAction":[{"@type":"SearchAction","target":{"@type":"EntryPoint","urlTemplate":"https:\/\/vieassociative.be\/actualites\/?s={search_term_string}"},"query-input":{"@type":"PropertyValueSpecification","valueRequired":true,"valueName":"search_term_string"}}],"inLanguage":"fr-BE"},{"@type":"Organization","@id":"https:\/\/vieassociative.be\/actualites\/#organization","name":"Vie Associative","url":"https:\/\/vieassociative.be\/actualites\/","logo":{"@type":"ImageObject","inLanguage":"fr-BE","@id":"https:\/\/vieassociative.be\/actualites\/#\/schema\/logo\/image\/","url":"https:\/\/vieassociative.be\/actualites\/wp-content\/uploads\/2024\/09\/cropped-vieassociative_favicon.ico.png","contentUrl":"https:\/\/vieassociative.be\/actualites\/wp-content\/uploads\/2024\/09\/cropped-vieassociative_favicon.ico.png","width":512,"height":512,"caption":"Vie Associative"},"image":{"@id":"https:\/\/vieassociative.be\/actualites\/#\/schema\/logo\/image\/"}},{"@type":"Person","@id":"https:\/\/vieassociative.be\/actualites\/#\/schema\/person\/b87ac4f82f9d4e7b7cec7395b679edc4","name":"Julien","image":{"@type":"ImageObject","inLanguage":"fr-BE","@id":"https:\/\/vieassociative.be\/actualites\/#\/schema\/person\/image\/","url":"https:\/\/vieassociative.be\/actualites\/wp-content\/uploads\/2024\/09\/vie-associative-1-150x150.jpg","contentUrl":"https:\/\/vieassociative.be\/actualites\/wp-content\/uploads\/2024\/09\/vie-associative-1-150x150.jpg","caption":"Julien"},"description":"Je suis Julien, r\u00e9dacteur pour Vie Associative. Passionn\u00e9 par le monde associatif depuis plus de 10 ans, j'ai \u00e0 c\u0153ur de partager des histoires inspirantes et de mettre en lumi\u00e8re les initiatives locales. Mon objectif est de sensibiliser et d'encourager l'engagement communautaire \u00e0 travers mes articles.","sameAs":["https:\/\/vieassociative.be\/"]}]}},"_links":{"self":[{"href":"https:\/\/vieassociative.be\/actualites\/wp-json\/wp\/v2\/posts\/5428"}],"collection":[{"href":"https:\/\/vieassociative.be\/actualites\/wp-json\/wp\/v2\/posts"}],"about":[{"href":"https:\/\/vieassociative.be\/actualites\/wp-json\/wp\/v2\/types\/post"}],"author":[{"embeddable":true,"href":"https:\/\/vieassociative.be\/actualites\/wp-json\/wp\/v2\/users\/1"}],"replies":[{"embeddable":true,"href":"https:\/\/vieassociative.be\/actualites\/wp-json\/wp\/v2\/comments?post=5428"}],"version-history":[{"count":0,"href":"https:\/\/vieassociative.be\/actualites\/wp-json\/wp\/v2\/posts\/5428\/revisions"}],"wp:featuredmedia":[{"embeddable":true,"href":"https:\/\/vieassociative.be\/actualites\/wp-json\/wp\/v2\/media\/5429"}],"wp:attachment":[{"href":"https:\/\/vieassociative.be\/actualites\/wp-json\/wp\/v2\/media?parent=5428"}],"wp:term":[{"taxonomy":"category","embeddable":true,"href":"https:\/\/vieassociative.be\/actualites\/wp-json\/wp\/v2\/categories?post=5428"},{"taxonomy":"post_tag","embeddable":true,"href":"https:\/\/vieassociative.be\/actualites\/wp-json\/wp\/v2\/tags?post=5428"}],"curies":[{"name":"wp","href":"https:\/\/api.w.org\/{rel}","templated":true}]}}