{"id":5426,"date":"2025-02-26T08:22:01","date_gmt":"2025-02-26T07:22:01","guid":{"rendered":"https:\/\/vieassociative.be\/actualites\/le-google-pixel-9-pro-xl-est-deja-de-300\/"},"modified":"2025-02-26T08:22:01","modified_gmt":"2025-02-26T07:22:01","slug":"le-google-pixel-9-pro-xl-est-deja-de-300","status":"publish","type":"post","link":"https:\/\/vieassociative.be\/actualites\/le-google-pixel-9-pro-xl-est-deja-de-300\/","title":{"rendered":"Le Google Pixel 9 Pro XL est d\u00e9j\u00e0 de 300 $"},"content":{"rendered":"<div class=\"mt-4 leading-6 md:mb-8\">Le plus grand \u00e9cran que la gamme Pixel 9 offre obtient sa plus grande remise \u00e0 ce jour.<\/div>\n<p><\/p>\n<p>Le Pixel 9 Pro est le mod\u00e8le le plus r\u00e9cent et le plus haut de gamme de la gamme Pixel. Il a \u00e9t\u00e9 publi\u00e9 en ao\u00fbt 2024, et d\u00e9j\u00e0 le Google Pixel 9 de 128 Go d\u00e9verrouill\u00e9 est actualis\u00e9 \u00e0 <strong>799 $<\/strong> (en baisse de 1 099 $). C&rsquo;est le prix le plus bas qu&rsquo;il a encore atteint sur Amazon, selon les outils de suivi des prix. <\/p>\n<div class=\"pogoClear mb-12 mt-10 rounded-md border-2 border-gray-100 py-7 shadow-xl md:py-6\">\n<div class=\"flex flex-wrap justify-between px-7 text-black no-underline md:flex-nowrap md:px-8\">\n<div class=\"order-1 mx-auto flex flex-col justify-center md:order-2 md:ml-4 md:w-full md:grow\">\n<div class=\"block cursor-pointer text-center font-akshar text-2xl font-medium leading-7 text-brand-green duration-200 ease-in-out hover:text-brand-green-700 md:text-left md:text-xl md:leading-6\">Google Pixel 9 Pro XL\n                <\/div>\n<div class=\"mt-4 hidden md:flex md:justify-between\">\n<div class=\"self-end\">\n<div class=\"mb-0 h-11 md:flex md:flex-col md:justify-center\">\n<div class=\" font-sans leading-4 text-black\">\n<div class=\"flex flex-wrap items-center justify-center gap-x-1 md:justify-start\">\n        <span class=\"font-bold\"><\/p>\n<p>            799,00 $<br \/>\n                            <span class=\"font-medium\">\u00e0 Amazon<\/span><br \/>\n                    <\/span>\n            <\/div>\n<div class=\"flex items-center justify-center gap-x-1 font-bold md:justify-start\">\n            <span class=\"text-sm line-through\">1 099,00 $<\/span><br \/>\n            <span class=\"text-sm text-brand-green\">\u00c9conomisez 300,00 $<\/span>\n        <\/div>\n<\/p><\/div>\n<\/p><\/div>\n<\/p><\/div>\n<div class=\"w-44 self-end\">\n                            <button class=\"flex justify-center items-center w-full bg-brand-green text-white text-base font-sans font-medium rounded-md hover:bg-brand-green-700 hover:cursor-pointer md:text-sm h-11\"><\/p>\n<p>    Conclure un accord<br \/>\n<\/button>\n                        <\/div>\n<\/p><\/div>\n<\/p><\/div>\n<div class=\"order-2 mt-5 h-auto w-full md:order-1 md:mt-0 md:hidden\">\n<div class=\"flex aspect-video items-center justify-center\">\n                                            <img decoding=\"async\" class=\"m-0 max-h-full max-w-full rounded-md\" src=\"https:\/\/vieassociative.be\/actualites\/wp-content\/uploads\/2025\/02\/Le-Google-Pixel-9-Pro-XL-est-deja-de-300.png\" alt=\"Google Pixel 9 Pro XL\" width=\"auto\" height=\"auto\" loading=\"lazy\">\n                                    <\/div>\n<\/p><\/div>\n<div class=\"order-2 ml-2 hidden w-32 shrink-0 items-center md:order-1 md:ml-0 md:flex\">\n<div class=\"flex aspect-video items-center justify-center\">\n                                            <img decoding=\"async\" class=\"m-0 max-h-full max-w-full rounded-md\" src=\"https:\/\/vieassociative.be\/actualites\/wp-content\/uploads\/2025\/02\/Le-Google-Pixel-9-Pro-XL-est-deja-de-300.png\" alt=\"Google Pixel 9 Pro XL\" width=\"auto\" height=\"auto\" loading=\"lazy\">\n                                    <\/div>\n<\/p><\/div>\n<div class=\"order-3 flex grow flex-wrap md:hidden md:grow-0\">\n<div class=\"mt-4 w-full\">\n                        <button class=\"flex justify-center items-center w-full bg-brand-green text-white text-base font-sans font-medium rounded-md hover:bg-brand-green-700 hover:cursor-pointer md:text-sm h-11\"><\/p>\n<p>    Conclure un accord<br \/>\n<\/button>\n                    <\/div>\n<div class=\"mx-2 mt-4 w-full\">\n<div class=\" font-sans leading-4 text-black\">\n<div class=\"flex flex-wrap items-center justify-center gap-x-1 md:justify-start\">\n        <span class=\"font-bold\"><\/p>\n<p>            799,00 $<br \/>\n                            <span class=\"font-medium\">\u00e0 Amazon<\/span><br \/>\n                    <\/span>\n            <\/div>\n<div class=\"flex items-center justify-center gap-x-1 font-bold md:justify-start\">\n            <span class=\"text-sm line-through\">1 099,00 $<\/span><br \/>\n            <span class=\"text-sm text-brand-green\">\u00c9conomisez 300,00 $<\/span>\n        <\/div>\n<\/p><\/div>\n<\/p><\/div>\n<\/p><\/div>\n<\/p><\/div>\n<\/div>\n<p>Ce pixel 9 Pro XL est livr\u00e9 avec 16 Go de RAM, 128 Go de stockage de m\u00e9moire, un taux de rafra\u00eechissement de 120 Hz et le syst\u00e8me d&rsquo;exploitation Android 14. Comme Michelle Ehrhardt l&rsquo;a expliqu\u00e9 dans l&rsquo;examen de Vie Associative sur le Pixel 9 Pro, le mat\u00e9riel du t\u00e9l\u00e9phone est le meilleur Google a produit, mais ses fonctionnalit\u00e9s d&rsquo;IA ne sont pas encore tout \u00e0 fait l\u00e0. La version XL est plus grande que la taille PRO r\u00e9guli\u00e8re, mais plus petite que les versions XL pr\u00e9c\u00e9dentes \u00e0 6,4 par 3,0 par 0,3 pouces.<\/p>\n<p>Si vous avez le Pixel 8 Pro, vous ne remarquerez peut-\u00eatre pas une \u00e9norme diff\u00e9rence. Cependant, si vous passez \u00e0 partir d&rsquo;un t\u00e9l\u00e9phone plus ancien ou en passant \u00e0 partir d&rsquo;un t\u00e9l\u00e9phone non pixel, le 9 Pro XL a beaucoup \u00e0 aimer, surtout si vous priorisez les bonnes cam\u00e9ras.<\/p>\n<p>L&rsquo;un des meilleurs aspects des t\u00e9l\u00e9phones Pixels est leur futur: ils ont tendance \u00e0 recevoir un soutien continu pendant de nombreuses ann\u00e9es. Mon pixel 6a obtient toujours toutes les mises \u00e0 jour et les tonnes de fonctionnalit\u00e9s de l&rsquo;IA qui font que le t\u00e9l\u00e9phone se sent frais plusieurs ann\u00e9es plus tard. Avec le Pixel 9 Pro XL, vous obtiendrez un t\u00e9l\u00e9phone de qualit\u00e9 qui recevra des mises \u00e0 jour logicielles pendant un certain temps (jusqu&rsquo;\u00e0 sept ans). <\/p>\n","protected":false},"excerpt":{"rendered":"<p>Le plus grand \u00e9cran que la gamme Pixel 9 offre obtient sa plus grande remise \u00e0 ce jour. Le Pixel 9 Pro est le mod\u00e8le<\/p>\n","protected":false},"author":1,"featured_media":5427,"comment_status":"","ping_status":"","sticky":false,"template":"","format":"standard","meta":{"footnotes":""},"categories":[13],"tags":[1936,76,968,1278,630],"class_list":["post-5426","post","type-post","status-publish","format-standard","has-post-thumbnail","hentry","category-technologie","tag-deja","tag-est","tag-google","tag-pixel","tag-pro","generate-columns","tablet-grid-50","mobile-grid-100","grid-parent","grid-33"],"yoast_head":"<!-- This site is optimized with the Yoast SEO plugin v24.0 - https:\/\/yoast.com\/wordpress\/plugins\/seo\/ -->\n<title>Le Google Pixel 9 Pro XL est d\u00e9j\u00e0 de 300 $ | Vie Associative<\/title>\n<meta name=\"robots\" content=\"index, follow, max-snippet:-1, max-image-preview:large, max-video-preview:-1\" \/>\n<link rel=\"canonical\" href=\"https:\/\/vieassociative.be\/actualites\/le-google-pixel-9-pro-xl-est-deja-de-300\/\" \/>\n<meta property=\"og:locale\" content=\"fr_FR\" \/>\n<meta property=\"og:type\" content=\"article\" \/>\n<meta property=\"og:title\" content=\"Le Google Pixel 9 Pro XL est d\u00e9j\u00e0 de 300 $ | Vie Associative\" \/>\n<meta property=\"og:description\" content=\"Le plus grand \u00e9cran que la gamme Pixel 9 offre obtient sa plus grande remise \u00e0 ce jour. Le Pixel 9 Pro est le mod\u00e8le\" \/>\n<meta property=\"og:url\" content=\"https:\/\/vieassociative.be\/actualites\/le-google-pixel-9-pro-xl-est-deja-de-300\/\" \/>\n<meta property=\"og:site_name\" content=\"Vie Associative\" \/>\n<meta property=\"article:published_time\" content=\"2025-02-26T07:22:01+00:00\" \/>\n<meta property=\"og:image\" content=\"https:\/\/vieassociative.be\/actualites\/wp-content\/uploads\/2025\/02\/Le-Google-Pixel-9-Pro-XL-est-deja-de-300.png\" \/>\n<meta name=\"author\" content=\"Julien\" \/>\n<meta name=\"twitter:card\" content=\"summary_large_image\" \/>\n<meta name=\"twitter:label1\" content=\"\u00c9crit par\" \/>\n\t<meta name=\"twitter:data1\" content=\"Julien\" \/>\n\t<meta name=\"twitter:label2\" content=\"Dur\u00e9e de lecture est.\" \/>\n\t<meta name=\"twitter:data2\" content=\"2 minutes\" \/>\n<script type=\"application\/ld+json\" class=\"yoast-schema-graph\">{\"@context\":\"https:\/\/schema.org\",\"@graph\":[{\"@type\":\"Article\",\"@id\":\"https:\/\/vieassociative.be\/actualites\/le-google-pixel-9-pro-xl-est-deja-de-300\/#article\",\"isPartOf\":{\"@id\":\"https:\/\/vieassociative.be\/actualites\/le-google-pixel-9-pro-xl-est-deja-de-300\/\"},\"author\":{\"name\":\"Julien\",\"@id\":\"https:\/\/vieassociative.be\/actualites\/#\/schema\/person\/b87ac4f82f9d4e7b7cec7395b679edc4\"},\"headline\":\"Le Google Pixel 9 Pro XL est d\u00e9j\u00e0 de 300 $\",\"datePublished\":\"2025-02-26T07:22:01+00:00\",\"dateModified\":\"2025-02-26T07:22:01+00:00\",\"mainEntityOfPage\":{\"@id\":\"https:\/\/vieassociative.be\/actualites\/le-google-pixel-9-pro-xl-est-deja-de-300\/\"},\"wordCount\":338,\"publisher\":{\"@id\":\"https:\/\/vieassociative.be\/actualites\/#organization\"},\"image\":{\"@id\":\"https:\/\/vieassociative.be\/actualites\/le-google-pixel-9-pro-xl-est-deja-de-300\/#primaryimage\"},\"thumbnailUrl\":\"https:\/\/vieassociative.be\/actualites\/wp-content\/uploads\/2025\/02\/1740554522_Le-Google-Pixel-9-Pro-XL-est-deja-de-300.png\",\"keywords\":[\"d\u00e9j\u00e0\",\"est\",\"Google\",\"Pixel\",\"Pro\"],\"articleSection\":[\"Technologie\"],\"inLanguage\":\"fr-BE\"},{\"@type\":\"WebPage\",\"@id\":\"https:\/\/vieassociative.be\/actualites\/le-google-pixel-9-pro-xl-est-deja-de-300\/\",\"url\":\"https:\/\/vieassociative.be\/actualites\/le-google-pixel-9-pro-xl-est-deja-de-300\/\",\"name\":\"Le Google Pixel 9 Pro XL est d\u00e9j\u00e0 de 300 $ | Vie Associative\",\"isPartOf\":{\"@id\":\"https:\/\/vieassociative.be\/actualites\/#website\"},\"primaryImageOfPage\":{\"@id\":\"https:\/\/vieassociative.be\/actualites\/le-google-pixel-9-pro-xl-est-deja-de-300\/#primaryimage\"},\"image\":{\"@id\":\"https:\/\/vieassociative.be\/actualites\/le-google-pixel-9-pro-xl-est-deja-de-300\/#primaryimage\"},\"thumbnailUrl\":\"https:\/\/vieassociative.be\/actualites\/wp-content\/uploads\/2025\/02\/1740554522_Le-Google-Pixel-9-Pro-XL-est-deja-de-300.png\",\"datePublished\":\"2025-02-26T07:22:01+00:00\",\"dateModified\":\"2025-02-26T07:22:01+00:00\",\"breadcrumb\":{\"@id\":\"https:\/\/vieassociative.be\/actualites\/le-google-pixel-9-pro-xl-est-deja-de-300\/#breadcrumb\"},\"inLanguage\":\"fr-BE\",\"potentialAction\":[{\"@type\":\"ReadAction\",\"target\":[\"https:\/\/vieassociative.be\/actualites\/le-google-pixel-9-pro-xl-est-deja-de-300\/\"]}]},{\"@type\":\"ImageObject\",\"inLanguage\":\"fr-BE\",\"@id\":\"https:\/\/vieassociative.be\/actualites\/le-google-pixel-9-pro-xl-est-deja-de-300\/#primaryimage\",\"url\":\"https:\/\/vieassociative.be\/actualites\/wp-content\/uploads\/2025\/02\/1740554522_Le-Google-Pixel-9-Pro-XL-est-deja-de-300.png\",\"contentUrl\":\"https:\/\/vieassociative.be\/actualites\/wp-content\/uploads\/2025\/02\/1740554522_Le-Google-Pixel-9-Pro-XL-est-deja-de-300.png\",\"width\":1200,\"height\":675,\"caption\":\"Le Google Pixel 9 Pro XL est d\u00e9j\u00e0 de 300 $\"},{\"@type\":\"BreadcrumbList\",\"@id\":\"https:\/\/vieassociative.be\/actualites\/le-google-pixel-9-pro-xl-est-deja-de-300\/#breadcrumb\",\"itemListElement\":[{\"@type\":\"ListItem\",\"position\":1,\"name\":\"Accueil\",\"item\":\"https:\/\/vieassociative.be\/actualites\/\"},{\"@type\":\"ListItem\",\"position\":2,\"name\":\"Le Google Pixel 9 Pro XL est d\u00e9j\u00e0 de 300 $\"}]},{\"@type\":\"WebSite\",\"@id\":\"https:\/\/vieassociative.be\/actualites\/#website\",\"url\":\"https:\/\/vieassociative.be\/actualites\/\",\"name\":\"Vie Associative\",\"description\":\"\",\"publisher\":{\"@id\":\"https:\/\/vieassociative.be\/actualites\/#organization\"},\"potentialAction\":[{\"@type\":\"SearchAction\",\"target\":{\"@type\":\"EntryPoint\",\"urlTemplate\":\"https:\/\/vieassociative.be\/actualites\/?s={search_term_string}\"},\"query-input\":{\"@type\":\"PropertyValueSpecification\",\"valueRequired\":true,\"valueName\":\"search_term_string\"}}],\"inLanguage\":\"fr-BE\"},{\"@type\":\"Organization\",\"@id\":\"https:\/\/vieassociative.be\/actualites\/#organization\",\"name\":\"Vie Associative\",\"url\":\"https:\/\/vieassociative.be\/actualites\/\",\"logo\":{\"@type\":\"ImageObject\",\"inLanguage\":\"fr-BE\",\"@id\":\"https:\/\/vieassociative.be\/actualites\/#\/schema\/logo\/image\/\",\"url\":\"https:\/\/vieassociative.be\/actualites\/wp-content\/uploads\/2024\/09\/cropped-vieassociative_favicon.ico.png\",\"contentUrl\":\"https:\/\/vieassociative.be\/actualites\/wp-content\/uploads\/2024\/09\/cropped-vieassociative_favicon.ico.png\",\"width\":512,\"height\":512,\"caption\":\"Vie Associative\"},\"image\":{\"@id\":\"https:\/\/vieassociative.be\/actualites\/#\/schema\/logo\/image\/\"}},{\"@type\":\"Person\",\"@id\":\"https:\/\/vieassociative.be\/actualites\/#\/schema\/person\/b87ac4f82f9d4e7b7cec7395b679edc4\",\"name\":\"Julien\",\"image\":{\"@type\":\"ImageObject\",\"inLanguage\":\"fr-BE\",\"@id\":\"https:\/\/vieassociative.be\/actualites\/#\/schema\/person\/image\/\",\"url\":\"https:\/\/vieassociative.be\/actualites\/wp-content\/uploads\/2024\/09\/vie-associative-1-150x150.jpg\",\"contentUrl\":\"https:\/\/vieassociative.be\/actualites\/wp-content\/uploads\/2024\/09\/vie-associative-1-150x150.jpg\",\"caption\":\"Julien\"},\"description\":\"Je suis Julien, r\u00e9dacteur pour Vie Associative. Passionn\u00e9 par le monde associatif depuis plus de 10 ans, j'ai \u00e0 c\u0153ur de partager des histoires inspirantes et de mettre en lumi\u00e8re les initiatives locales. Mon objectif est de sensibiliser et d'encourager l'engagement communautaire \u00e0 travers mes articles.\",\"sameAs\":[\"https:\/\/vieassociative.be\/\"]}]}<\/script>\n<!-- \/ Yoast SEO plugin. -->","yoast_head_json":{"title":"Le Google Pixel 9 Pro XL est d\u00e9j\u00e0 de 300 $ | Vie Associative","robots":{"index":"index","follow":"follow","max-snippet":"max-snippet:-1","max-image-preview":"max-image-preview:large","max-video-preview":"max-video-preview:-1"},"canonical":"https:\/\/vieassociative.be\/actualites\/le-google-pixel-9-pro-xl-est-deja-de-300\/","og_locale":"fr_FR","og_type":"article","og_title":"Le Google Pixel 9 Pro XL est d\u00e9j\u00e0 de 300 $ | Vie Associative","og_description":"Le plus grand \u00e9cran que la gamme Pixel 9 offre obtient sa plus grande remise \u00e0 ce jour. Le Pixel 9 Pro est le mod\u00e8le","og_url":"https:\/\/vieassociative.be\/actualites\/le-google-pixel-9-pro-xl-est-deja-de-300\/","og_site_name":"Vie Associative","article_published_time":"2025-02-26T07:22:01+00:00","og_image":[{"url":"https:\/\/vieassociative.be\/actualites\/wp-content\/uploads\/2025\/02\/Le-Google-Pixel-9-Pro-XL-est-deja-de-300.png","type":"","width":"","height":""}],"author":"Julien","twitter_card":"summary_large_image","twitter_misc":{"\u00c9crit par":"Julien","Dur\u00e9e de lecture est.":"2 minutes"},"schema":{"@context":"https:\/\/schema.org","@graph":[{"@type":"Article","@id":"https:\/\/vieassociative.be\/actualites\/le-google-pixel-9-pro-xl-est-deja-de-300\/#article","isPartOf":{"@id":"https:\/\/vieassociative.be\/actualites\/le-google-pixel-9-pro-xl-est-deja-de-300\/"},"author":{"name":"Julien","@id":"https:\/\/vieassociative.be\/actualites\/#\/schema\/person\/b87ac4f82f9d4e7b7cec7395b679edc4"},"headline":"Le Google Pixel 9 Pro XL est d\u00e9j\u00e0 de 300 $","datePublished":"2025-02-26T07:22:01+00:00","dateModified":"2025-02-26T07:22:01+00:00","mainEntityOfPage":{"@id":"https:\/\/vieassociative.be\/actualites\/le-google-pixel-9-pro-xl-est-deja-de-300\/"},"wordCount":338,"publisher":{"@id":"https:\/\/vieassociative.be\/actualites\/#organization"},"image":{"@id":"https:\/\/vieassociative.be\/actualites\/le-google-pixel-9-pro-xl-est-deja-de-300\/#primaryimage"},"thumbnailUrl":"https:\/\/vieassociative.be\/actualites\/wp-content\/uploads\/2025\/02\/1740554522_Le-Google-Pixel-9-Pro-XL-est-deja-de-300.png","keywords":["d\u00e9j\u00e0","est","Google","Pixel","Pro"],"articleSection":["Technologie"],"inLanguage":"fr-BE"},{"@type":"WebPage","@id":"https:\/\/vieassociative.be\/actualites\/le-google-pixel-9-pro-xl-est-deja-de-300\/","url":"https:\/\/vieassociative.be\/actualites\/le-google-pixel-9-pro-xl-est-deja-de-300\/","name":"Le Google Pixel 9 Pro XL est d\u00e9j\u00e0 de 300 $ | Vie Associative","isPartOf":{"@id":"https:\/\/vieassociative.be\/actualites\/#website"},"primaryImageOfPage":{"@id":"https:\/\/vieassociative.be\/actualites\/le-google-pixel-9-pro-xl-est-deja-de-300\/#primaryimage"},"image":{"@id":"https:\/\/vieassociative.be\/actualites\/le-google-pixel-9-pro-xl-est-deja-de-300\/#primaryimage"},"thumbnailUrl":"https:\/\/vieassociative.be\/actualites\/wp-content\/uploads\/2025\/02\/1740554522_Le-Google-Pixel-9-Pro-XL-est-deja-de-300.png","datePublished":"2025-02-26T07:22:01+00:00","dateModified":"2025-02-26T07:22:01+00:00","breadcrumb":{"@id":"https:\/\/vieassociative.be\/actualites\/le-google-pixel-9-pro-xl-est-deja-de-300\/#breadcrumb"},"inLanguage":"fr-BE","potentialAction":[{"@type":"ReadAction","target":["https:\/\/vieassociative.be\/actualites\/le-google-pixel-9-pro-xl-est-deja-de-300\/"]}]},{"@type":"ImageObject","inLanguage":"fr-BE","@id":"https:\/\/vieassociative.be\/actualites\/le-google-pixel-9-pro-xl-est-deja-de-300\/#primaryimage","url":"https:\/\/vieassociative.be\/actualites\/wp-content\/uploads\/2025\/02\/1740554522_Le-Google-Pixel-9-Pro-XL-est-deja-de-300.png","contentUrl":"https:\/\/vieassociative.be\/actualites\/wp-content\/uploads\/2025\/02\/1740554522_Le-Google-Pixel-9-Pro-XL-est-deja-de-300.png","width":1200,"height":675,"caption":"Le Google Pixel 9 Pro XL est d\u00e9j\u00e0 de 300 $"},{"@type":"BreadcrumbList","@id":"https:\/\/vieassociative.be\/actualites\/le-google-pixel-9-pro-xl-est-deja-de-300\/#breadcrumb","itemListElement":[{"@type":"ListItem","position":1,"name":"Accueil","item":"https:\/\/vieassociative.be\/actualites\/"},{"@type":"ListItem","position":2,"name":"Le Google Pixel 9 Pro XL est d\u00e9j\u00e0 de 300 $"}]},{"@type":"WebSite","@id":"https:\/\/vieassociative.be\/actualites\/#website","url":"https:\/\/vieassociative.be\/actualites\/","name":"Vie Associative","description":"","publisher":{"@id":"https:\/\/vieassociative.be\/actualites\/#organization"},"potentialAction":[{"@type":"SearchAction","target":{"@type":"EntryPoint","urlTemplate":"https:\/\/vieassociative.be\/actualites\/?s={search_term_string}"},"query-input":{"@type":"PropertyValueSpecification","valueRequired":true,"valueName":"search_term_string"}}],"inLanguage":"fr-BE"},{"@type":"Organization","@id":"https:\/\/vieassociative.be\/actualites\/#organization","name":"Vie Associative","url":"https:\/\/vieassociative.be\/actualites\/","logo":{"@type":"ImageObject","inLanguage":"fr-BE","@id":"https:\/\/vieassociative.be\/actualites\/#\/schema\/logo\/image\/","url":"https:\/\/vieassociative.be\/actualites\/wp-content\/uploads\/2024\/09\/cropped-vieassociative_favicon.ico.png","contentUrl":"https:\/\/vieassociative.be\/actualites\/wp-content\/uploads\/2024\/09\/cropped-vieassociative_favicon.ico.png","width":512,"height":512,"caption":"Vie Associative"},"image":{"@id":"https:\/\/vieassociative.be\/actualites\/#\/schema\/logo\/image\/"}},{"@type":"Person","@id":"https:\/\/vieassociative.be\/actualites\/#\/schema\/person\/b87ac4f82f9d4e7b7cec7395b679edc4","name":"Julien","image":{"@type":"ImageObject","inLanguage":"fr-BE","@id":"https:\/\/vieassociative.be\/actualites\/#\/schema\/person\/image\/","url":"https:\/\/vieassociative.be\/actualites\/wp-content\/uploads\/2024\/09\/vie-associative-1-150x150.jpg","contentUrl":"https:\/\/vieassociative.be\/actualites\/wp-content\/uploads\/2024\/09\/vie-associative-1-150x150.jpg","caption":"Julien"},"description":"Je suis Julien, r\u00e9dacteur pour Vie Associative. Passionn\u00e9 par le monde associatif depuis plus de 10 ans, j'ai \u00e0 c\u0153ur de partager des histoires inspirantes et de mettre en lumi\u00e8re les initiatives locales. Mon objectif est de sensibiliser et d'encourager l'engagement communautaire \u00e0 travers mes articles.","sameAs":["https:\/\/vieassociative.be\/"]}]}},"_links":{"self":[{"href":"https:\/\/vieassociative.be\/actualites\/wp-json\/wp\/v2\/posts\/5426"}],"collection":[{"href":"https:\/\/vieassociative.be\/actualites\/wp-json\/wp\/v2\/posts"}],"about":[{"href":"https:\/\/vieassociative.be\/actualites\/wp-json\/wp\/v2\/types\/post"}],"author":[{"embeddable":true,"href":"https:\/\/vieassociative.be\/actualites\/wp-json\/wp\/v2\/users\/1"}],"replies":[{"embeddable":true,"href":"https:\/\/vieassociative.be\/actualites\/wp-json\/wp\/v2\/comments?post=5426"}],"version-history":[{"count":0,"href":"https:\/\/vieassociative.be\/actualites\/wp-json\/wp\/v2\/posts\/5426\/revisions"}],"wp:featuredmedia":[{"embeddable":true,"href":"https:\/\/vieassociative.be\/actualites\/wp-json\/wp\/v2\/media\/5427"}],"wp:attachment":[{"href":"https:\/\/vieassociative.be\/actualites\/wp-json\/wp\/v2\/media?parent=5426"}],"wp:term":[{"taxonomy":"category","embeddable":true,"href":"https:\/\/vieassociative.be\/actualites\/wp-json\/wp\/v2\/categories?post=5426"},{"taxonomy":"post_tag","embeddable":true,"href":"https:\/\/vieassociative.be\/actualites\/wp-json\/wp\/v2\/tags?post=5426"}],"curies":[{"name":"wp","href":"https:\/\/api.w.org\/{rel}","templated":true}]}}