{"id":5414,"date":"2025-02-25T21:17:32","date_gmt":"2025-02-25T20:17:32","guid":{"rendered":"https:\/\/vieassociative.be\/actualites\/la-prochaine-reforme-du-football-en-belgique-retour-a-la-1ere-division-a-18-equipes-et-sans-eliminatoires\/"},"modified":"2025-02-25T21:17:32","modified_gmt":"2025-02-25T20:17:32","slug":"la-prochaine-reforme-du-football-en-belgique-retour-a-la-1ere-division-a-18-equipes-et-sans-eliminatoires","status":"publish","type":"post","link":"https:\/\/vieassociative.be\/actualites\/la-prochaine-reforme-du-football-en-belgique-retour-a-la-1ere-division-a-18-equipes-et-sans-eliminatoires\/","title":{"rendered":"La prochaine r\u00e9forme du football en Belgique: Retour \u00e0 la 1\u00e8re division \u00e0 18 \u00e9quipes et sans \u00e9liminatoires?"},"content":{"rendered":"<p><strong>Le football professionnel belge est plus proche de l&rsquo;abolition des s\u00e9ries \u00e9liminatoires, qui sont en Belgique depuis 2009: la seule option qui sera coordonn\u00e9e jeudi serait un retour \u00e0 une 1\u00e8re division avec 18 \u00e9quipes et sans \u00e9liminatoires.<\/strong><\/p>\n<p><span id=\"more-409070\"><\/span>Les clubs de football professionnel se r\u00e9unissent jeudi matin pour une assembl\u00e9e g\u00e9n\u00e9rale o\u00f9 ils d\u00e9cideront du format futur des deux premi\u00e8res ligues. Alors que de nombreuses options diff\u00e9rentes ont \u00e9t\u00e9 discut\u00e9es au cours des derniers mois et ann\u00e9es, la variante la plus simple et la plus classique sera coordonn\u00e9e le jeudi: 18 clubs du D1A, 34 jours de match et pas de s\u00e9ries \u00e9liminatoires.<\/p>\n<p>Une autre option n&rsquo;est pas \u00e0 l&rsquo;ordre du jour. Le mode europ\u00e9en ou un autre syst\u00e8me avec un tour final n&rsquo;est donc pas possible. Donc, s&rsquo;il n&rsquo;y a pas la majorit\u00e9 des deux tiers requise pour un changement en mode jeu, le mode de jeu valide aujourd&rsquo;hui serait conserv\u00e9, c&rsquo;est-\u00e0-dire une 1\u00e8re division avec 16 \u00e9quipes et trois \u00e9liminatoires.<\/p>\n<p>Qu&rsquo;en est-il des 93 millions que Dazn a promis pour le prochain contrat \u00e0 droite, aura des questions? Le PDG de la ligue, Lorin Parys, a d\u00e9clar\u00e9 qu&rsquo;il avait le droit de consentir au d\u00e9tenteur des droits pour passer \u00e0 un format avec un D1 avec 18 \u00e9quipes et sans s\u00e9ries \u00e9liminatoires de la saison suivante sans que cela soit au prix promis.<\/p>\n<p>La raison pour laquelle cette seule option est uniquement coordonn\u00e9e est l&rsquo;effort pour soulager le calendrier de jeu actuellement surpeupl\u00e9. <\/p>\n<p>En cas de retour \u00e0 une ligue 18 sans \u00e9liminatoires, il doit encore \u00eatre d\u00e9termin\u00e9 comment l&rsquo;augmentation de la 1\u00e8re division doit \u00eatre r\u00e9alis\u00e9e de 16 \u00e0 18 ans. \u00c0 la fin de la saison 2024\/2025, il ne peut y avoir qu&rsquo;un seul rel\u00e9gu\u00e9 de la Jupiler Pro League et deux promoteurs de la Challenger Pro League. (Cre)<\/p>\n","protected":false},"excerpt":{"rendered":"<p>Le football professionnel belge est plus proche de l&rsquo;abolition des s\u00e9ries \u00e9liminatoires, qui sont en Belgique depuis 2009: la seule option qui sera coordonn\u00e9e jeudi<\/p>\n","protected":false},"author":1,"featured_media":5415,"comment_status":"","ping_status":"","sticky":false,"template":"","format":"standard","meta":{"footnotes":""},"categories":[298],"tags":[5549,383,2526,5033,5550,1104,773,5548,787,130],"class_list":["post-5414","post","type-post","status-publish","format-standard","has-post-thumbnail","hentry","category-belgique","tag-1ere","tag-belgique","tag-division","tag-eliminatoires","tag-equipes","tag-football","tag-prochaine","tag-reforme","tag-retour","tag-sans","generate-columns","tablet-grid-50","mobile-grid-100","grid-parent","grid-33"],"yoast_head":"<!-- This site is optimized with the Yoast SEO plugin v24.0 - https:\/\/yoast.com\/wordpress\/plugins\/seo\/ -->\n<title>La prochaine r\u00e9forme du football en Belgique: Retour \u00e0 la 1\u00e8re division \u00e0 18 \u00e9quipes et sans \u00e9liminatoires? | Vie Associative<\/title>\n<meta name=\"robots\" content=\"index, follow, max-snippet:-1, max-image-preview:large, max-video-preview:-1\" \/>\n<link rel=\"canonical\" href=\"https:\/\/vieassociative.be\/actualites\/la-prochaine-reforme-du-football-en-belgique-retour-a-la-1ere-division-a-18-equipes-et-sans-eliminatoires\/\" \/>\n<meta property=\"og:locale\" content=\"fr_FR\" \/>\n<meta property=\"og:type\" content=\"article\" \/>\n<meta property=\"og:title\" content=\"La prochaine r\u00e9forme du football en Belgique: Retour \u00e0 la 1\u00e8re division \u00e0 18 \u00e9quipes et sans \u00e9liminatoires? | Vie Associative\" \/>\n<meta property=\"og:description\" content=\"Le football professionnel belge est plus proche de l&rsquo;abolition des s\u00e9ries \u00e9liminatoires, qui sont en Belgique depuis 2009: la seule option qui sera coordonn\u00e9e jeudi\" \/>\n<meta property=\"og:url\" content=\"https:\/\/vieassociative.be\/actualites\/la-prochaine-reforme-du-football-en-belgique-retour-a-la-1ere-division-a-18-equipes-et-sans-eliminatoires\/\" \/>\n<meta property=\"og:site_name\" content=\"Vie Associative\" \/>\n<meta property=\"article:published_time\" content=\"2025-02-25T20:17:32+00:00\" \/>\n<meta property=\"og:image\" content=\"https:\/\/vieassociative.be\/actualites\/wp-content\/uploads\/2024\/09\/header_backgroundk-01-e1726694325946.png\" \/>\n\t<meta property=\"og:image:width\" content=\"279\" \/>\n\t<meta property=\"og:image:height\" content=\"92\" \/>\n\t<meta property=\"og:image:type\" content=\"image\/png\" \/>\n<meta name=\"author\" content=\"Julien\" \/>\n<meta name=\"twitter:card\" content=\"summary_large_image\" \/>\n<meta name=\"twitter:label1\" content=\"\u00c9crit par\" \/>\n\t<meta name=\"twitter:data1\" content=\"Julien\" \/>\n\t<meta name=\"twitter:label2\" content=\"Dur\u00e9e de lecture est.\" \/>\n\t<meta name=\"twitter:data2\" content=\"2 minutes\" \/>\n<script type=\"application\/ld+json\" class=\"yoast-schema-graph\">{\"@context\":\"https:\/\/schema.org\",\"@graph\":[{\"@type\":\"Article\",\"@id\":\"https:\/\/vieassociative.be\/actualites\/la-prochaine-reforme-du-football-en-belgique-retour-a-la-1ere-division-a-18-equipes-et-sans-eliminatoires\/#article\",\"isPartOf\":{\"@id\":\"https:\/\/vieassociative.be\/actualites\/la-prochaine-reforme-du-football-en-belgique-retour-a-la-1ere-division-a-18-equipes-et-sans-eliminatoires\/\"},\"author\":{\"name\":\"Julien\",\"@id\":\"https:\/\/vieassociative.be\/actualites\/#\/schema\/person\/b87ac4f82f9d4e7b7cec7395b679edc4\"},\"headline\":\"La prochaine r\u00e9forme du football en Belgique: Retour \u00e0 la 1\u00e8re division \u00e0 18 \u00e9quipes et sans \u00e9liminatoires?\",\"datePublished\":\"2025-02-25T20:17:32+00:00\",\"dateModified\":\"2025-02-25T20:17:32+00:00\",\"mainEntityOfPage\":{\"@id\":\"https:\/\/vieassociative.be\/actualites\/la-prochaine-reforme-du-football-en-belgique-retour-a-la-1ere-division-a-18-equipes-et-sans-eliminatoires\/\"},\"wordCount\":339,\"publisher\":{\"@id\":\"https:\/\/vieassociative.be\/actualites\/#organization\"},\"image\":{\"@id\":\"https:\/\/vieassociative.be\/actualites\/la-prochaine-reforme-du-football-en-belgique-retour-a-la-1ere-division-a-18-equipes-et-sans-eliminatoires\/#primaryimage\"},\"thumbnailUrl\":\"https:\/\/vieassociative.be\/actualites\/wp-content\/uploads\/2025\/02\/La-prochaine-reforme-du-football-en-Belgique-Retour-a-la.jpg\",\"keywords\":[\"1\u00e8re\",\"Belgique\",\"division\",\"\u00e9liminatoires\",\"\u00e9quipes\",\"football\",\"prochaine\",\"r\u00e9forme\",\"retour\",\"sans\"],\"articleSection\":[\"Belgique\"],\"inLanguage\":\"fr-BE\"},{\"@type\":\"WebPage\",\"@id\":\"https:\/\/vieassociative.be\/actualites\/la-prochaine-reforme-du-football-en-belgique-retour-a-la-1ere-division-a-18-equipes-et-sans-eliminatoires\/\",\"url\":\"https:\/\/vieassociative.be\/actualites\/la-prochaine-reforme-du-football-en-belgique-retour-a-la-1ere-division-a-18-equipes-et-sans-eliminatoires\/\",\"name\":\"La prochaine r\u00e9forme du football en Belgique: Retour \u00e0 la 1\u00e8re division \u00e0 18 \u00e9quipes et sans \u00e9liminatoires? | Vie Associative\",\"isPartOf\":{\"@id\":\"https:\/\/vieassociative.be\/actualites\/#website\"},\"primaryImageOfPage\":{\"@id\":\"https:\/\/vieassociative.be\/actualites\/la-prochaine-reforme-du-football-en-belgique-retour-a-la-1ere-division-a-18-equipes-et-sans-eliminatoires\/#primaryimage\"},\"image\":{\"@id\":\"https:\/\/vieassociative.be\/actualites\/la-prochaine-reforme-du-football-en-belgique-retour-a-la-1ere-division-a-18-equipes-et-sans-eliminatoires\/#primaryimage\"},\"thumbnailUrl\":\"https:\/\/vieassociative.be\/actualites\/wp-content\/uploads\/2025\/02\/La-prochaine-reforme-du-football-en-Belgique-Retour-a-la.jpg\",\"datePublished\":\"2025-02-25T20:17:32+00:00\",\"dateModified\":\"2025-02-25T20:17:32+00:00\",\"breadcrumb\":{\"@id\":\"https:\/\/vieassociative.be\/actualites\/la-prochaine-reforme-du-football-en-belgique-retour-a-la-1ere-division-a-18-equipes-et-sans-eliminatoires\/#breadcrumb\"},\"inLanguage\":\"fr-BE\",\"potentialAction\":[{\"@type\":\"ReadAction\",\"target\":[\"https:\/\/vieassociative.be\/actualites\/la-prochaine-reforme-du-football-en-belgique-retour-a-la-1ere-division-a-18-equipes-et-sans-eliminatoires\/\"]}]},{\"@type\":\"ImageObject\",\"inLanguage\":\"fr-BE\",\"@id\":\"https:\/\/vieassociative.be\/actualites\/la-prochaine-reforme-du-football-en-belgique-retour-a-la-1ere-division-a-18-equipes-et-sans-eliminatoires\/#primaryimage\",\"url\":\"https:\/\/vieassociative.be\/actualites\/wp-content\/uploads\/2025\/02\/La-prochaine-reforme-du-football-en-Belgique-Retour-a-la.jpg\",\"contentUrl\":\"https:\/\/vieassociative.be\/actualites\/wp-content\/uploads\/2025\/02\/La-prochaine-reforme-du-football-en-Belgique-Retour-a-la.jpg\",\"width\":1200,\"height\":800,\"caption\":\"La prochaine r\u00e9forme du football en Belgique: Retour \u00e0 la 1\u00e8re division \u00e0 18 \u00e9quipes et sans \u00e9liminatoires?\"},{\"@type\":\"BreadcrumbList\",\"@id\":\"https:\/\/vieassociative.be\/actualites\/la-prochaine-reforme-du-football-en-belgique-retour-a-la-1ere-division-a-18-equipes-et-sans-eliminatoires\/#breadcrumb\",\"itemListElement\":[{\"@type\":\"ListItem\",\"position\":1,\"name\":\"Accueil\",\"item\":\"https:\/\/vieassociative.be\/actualites\/\"},{\"@type\":\"ListItem\",\"position\":2,\"name\":\"La prochaine r\u00e9forme du football en Belgique: Retour \u00e0 la 1\u00e8re division \u00e0 18 \u00e9quipes et sans \u00e9liminatoires?\"}]},{\"@type\":\"WebSite\",\"@id\":\"https:\/\/vieassociative.be\/actualites\/#website\",\"url\":\"https:\/\/vieassociative.be\/actualites\/\",\"name\":\"Vie Associative\",\"description\":\"\",\"publisher\":{\"@id\":\"https:\/\/vieassociative.be\/actualites\/#organization\"},\"potentialAction\":[{\"@type\":\"SearchAction\",\"target\":{\"@type\":\"EntryPoint\",\"urlTemplate\":\"https:\/\/vieassociative.be\/actualites\/?s={search_term_string}\"},\"query-input\":{\"@type\":\"PropertyValueSpecification\",\"valueRequired\":true,\"valueName\":\"search_term_string\"}}],\"inLanguage\":\"fr-BE\"},{\"@type\":\"Organization\",\"@id\":\"https:\/\/vieassociative.be\/actualites\/#organization\",\"name\":\"Vie Associative\",\"url\":\"https:\/\/vieassociative.be\/actualites\/\",\"logo\":{\"@type\":\"ImageObject\",\"inLanguage\":\"fr-BE\",\"@id\":\"https:\/\/vieassociative.be\/actualites\/#\/schema\/logo\/image\/\",\"url\":\"https:\/\/vieassociative.be\/actualites\/wp-content\/uploads\/2024\/09\/cropped-vieassociative_favicon.ico.png\",\"contentUrl\":\"https:\/\/vieassociative.be\/actualites\/wp-content\/uploads\/2024\/09\/cropped-vieassociative_favicon.ico.png\",\"width\":512,\"height\":512,\"caption\":\"Vie Associative\"},\"image\":{\"@id\":\"https:\/\/vieassociative.be\/actualites\/#\/schema\/logo\/image\/\"}},{\"@type\":\"Person\",\"@id\":\"https:\/\/vieassociative.be\/actualites\/#\/schema\/person\/b87ac4f82f9d4e7b7cec7395b679edc4\",\"name\":\"Julien\",\"image\":{\"@type\":\"ImageObject\",\"inLanguage\":\"fr-BE\",\"@id\":\"https:\/\/vieassociative.be\/actualites\/#\/schema\/person\/image\/\",\"url\":\"https:\/\/vieassociative.be\/actualites\/wp-content\/uploads\/2024\/09\/vie-associative-1-150x150.jpg\",\"contentUrl\":\"https:\/\/vieassociative.be\/actualites\/wp-content\/uploads\/2024\/09\/vie-associative-1-150x150.jpg\",\"caption\":\"Julien\"},\"description\":\"Je suis Julien, r\u00e9dacteur pour Vie Associative. Passionn\u00e9 par le monde associatif depuis plus de 10 ans, j'ai \u00e0 c\u0153ur de partager des histoires inspirantes et de mettre en lumi\u00e8re les initiatives locales. Mon objectif est de sensibiliser et d'encourager l'engagement communautaire \u00e0 travers mes articles.\",\"sameAs\":[\"https:\/\/vieassociative.be\/\"]}]}<\/script>\n<!-- \/ Yoast SEO plugin. -->","yoast_head_json":{"title":"La prochaine r\u00e9forme du football en Belgique: Retour \u00e0 la 1\u00e8re division \u00e0 18 \u00e9quipes et sans \u00e9liminatoires? | Vie Associative","robots":{"index":"index","follow":"follow","max-snippet":"max-snippet:-1","max-image-preview":"max-image-preview:large","max-video-preview":"max-video-preview:-1"},"canonical":"https:\/\/vieassociative.be\/actualites\/la-prochaine-reforme-du-football-en-belgique-retour-a-la-1ere-division-a-18-equipes-et-sans-eliminatoires\/","og_locale":"fr_FR","og_type":"article","og_title":"La prochaine r\u00e9forme du football en Belgique: Retour \u00e0 la 1\u00e8re division \u00e0 18 \u00e9quipes et sans \u00e9liminatoires? | Vie Associative","og_description":"Le football professionnel belge est plus proche de l&rsquo;abolition des s\u00e9ries \u00e9liminatoires, qui sont en Belgique depuis 2009: la seule option qui sera coordonn\u00e9e jeudi","og_url":"https:\/\/vieassociative.be\/actualites\/la-prochaine-reforme-du-football-en-belgique-retour-a-la-1ere-division-a-18-equipes-et-sans-eliminatoires\/","og_site_name":"Vie Associative","article_published_time":"2025-02-25T20:17:32+00:00","og_image":[{"width":279,"height":92,"url":"https:\/\/vieassociative.be\/actualites\/wp-content\/uploads\/2024\/09\/header_backgroundk-01-e1726694325946.png","type":"image\/png"}],"author":"Julien","twitter_card":"summary_large_image","twitter_misc":{"\u00c9crit par":"Julien","Dur\u00e9e de lecture est.":"2 minutes"},"schema":{"@context":"https:\/\/schema.org","@graph":[{"@type":"Article","@id":"https:\/\/vieassociative.be\/actualites\/la-prochaine-reforme-du-football-en-belgique-retour-a-la-1ere-division-a-18-equipes-et-sans-eliminatoires\/#article","isPartOf":{"@id":"https:\/\/vieassociative.be\/actualites\/la-prochaine-reforme-du-football-en-belgique-retour-a-la-1ere-division-a-18-equipes-et-sans-eliminatoires\/"},"author":{"name":"Julien","@id":"https:\/\/vieassociative.be\/actualites\/#\/schema\/person\/b87ac4f82f9d4e7b7cec7395b679edc4"},"headline":"La prochaine r\u00e9forme du football en Belgique: Retour \u00e0 la 1\u00e8re division \u00e0 18 \u00e9quipes et sans \u00e9liminatoires?","datePublished":"2025-02-25T20:17:32+00:00","dateModified":"2025-02-25T20:17:32+00:00","mainEntityOfPage":{"@id":"https:\/\/vieassociative.be\/actualites\/la-prochaine-reforme-du-football-en-belgique-retour-a-la-1ere-division-a-18-equipes-et-sans-eliminatoires\/"},"wordCount":339,"publisher":{"@id":"https:\/\/vieassociative.be\/actualites\/#organization"},"image":{"@id":"https:\/\/vieassociative.be\/actualites\/la-prochaine-reforme-du-football-en-belgique-retour-a-la-1ere-division-a-18-equipes-et-sans-eliminatoires\/#primaryimage"},"thumbnailUrl":"https:\/\/vieassociative.be\/actualites\/wp-content\/uploads\/2025\/02\/La-prochaine-reforme-du-football-en-Belgique-Retour-a-la.jpg","keywords":["1\u00e8re","Belgique","division","\u00e9liminatoires","\u00e9quipes","football","prochaine","r\u00e9forme","retour","sans"],"articleSection":["Belgique"],"inLanguage":"fr-BE"},{"@type":"WebPage","@id":"https:\/\/vieassociative.be\/actualites\/la-prochaine-reforme-du-football-en-belgique-retour-a-la-1ere-division-a-18-equipes-et-sans-eliminatoires\/","url":"https:\/\/vieassociative.be\/actualites\/la-prochaine-reforme-du-football-en-belgique-retour-a-la-1ere-division-a-18-equipes-et-sans-eliminatoires\/","name":"La prochaine r\u00e9forme du football en Belgique: Retour \u00e0 la 1\u00e8re division \u00e0 18 \u00e9quipes et sans \u00e9liminatoires? | Vie Associative","isPartOf":{"@id":"https:\/\/vieassociative.be\/actualites\/#website"},"primaryImageOfPage":{"@id":"https:\/\/vieassociative.be\/actualites\/la-prochaine-reforme-du-football-en-belgique-retour-a-la-1ere-division-a-18-equipes-et-sans-eliminatoires\/#primaryimage"},"image":{"@id":"https:\/\/vieassociative.be\/actualites\/la-prochaine-reforme-du-football-en-belgique-retour-a-la-1ere-division-a-18-equipes-et-sans-eliminatoires\/#primaryimage"},"thumbnailUrl":"https:\/\/vieassociative.be\/actualites\/wp-content\/uploads\/2025\/02\/La-prochaine-reforme-du-football-en-Belgique-Retour-a-la.jpg","datePublished":"2025-02-25T20:17:32+00:00","dateModified":"2025-02-25T20:17:32+00:00","breadcrumb":{"@id":"https:\/\/vieassociative.be\/actualites\/la-prochaine-reforme-du-football-en-belgique-retour-a-la-1ere-division-a-18-equipes-et-sans-eliminatoires\/#breadcrumb"},"inLanguage":"fr-BE","potentialAction":[{"@type":"ReadAction","target":["https:\/\/vieassociative.be\/actualites\/la-prochaine-reforme-du-football-en-belgique-retour-a-la-1ere-division-a-18-equipes-et-sans-eliminatoires\/"]}]},{"@type":"ImageObject","inLanguage":"fr-BE","@id":"https:\/\/vieassociative.be\/actualites\/la-prochaine-reforme-du-football-en-belgique-retour-a-la-1ere-division-a-18-equipes-et-sans-eliminatoires\/#primaryimage","url":"https:\/\/vieassociative.be\/actualites\/wp-content\/uploads\/2025\/02\/La-prochaine-reforme-du-football-en-Belgique-Retour-a-la.jpg","contentUrl":"https:\/\/vieassociative.be\/actualites\/wp-content\/uploads\/2025\/02\/La-prochaine-reforme-du-football-en-Belgique-Retour-a-la.jpg","width":1200,"height":800,"caption":"La prochaine r\u00e9forme du football en Belgique: Retour \u00e0 la 1\u00e8re division \u00e0 18 \u00e9quipes et sans \u00e9liminatoires?"},{"@type":"BreadcrumbList","@id":"https:\/\/vieassociative.be\/actualites\/la-prochaine-reforme-du-football-en-belgique-retour-a-la-1ere-division-a-18-equipes-et-sans-eliminatoires\/#breadcrumb","itemListElement":[{"@type":"ListItem","position":1,"name":"Accueil","item":"https:\/\/vieassociative.be\/actualites\/"},{"@type":"ListItem","position":2,"name":"La prochaine r\u00e9forme du football en Belgique: Retour \u00e0 la 1\u00e8re division \u00e0 18 \u00e9quipes et sans \u00e9liminatoires?"}]},{"@type":"WebSite","@id":"https:\/\/vieassociative.be\/actualites\/#website","url":"https:\/\/vieassociative.be\/actualites\/","name":"Vie Associative","description":"","publisher":{"@id":"https:\/\/vieassociative.be\/actualites\/#organization"},"potentialAction":[{"@type":"SearchAction","target":{"@type":"EntryPoint","urlTemplate":"https:\/\/vieassociative.be\/actualites\/?s={search_term_string}"},"query-input":{"@type":"PropertyValueSpecification","valueRequired":true,"valueName":"search_term_string"}}],"inLanguage":"fr-BE"},{"@type":"Organization","@id":"https:\/\/vieassociative.be\/actualites\/#organization","name":"Vie Associative","url":"https:\/\/vieassociative.be\/actualites\/","logo":{"@type":"ImageObject","inLanguage":"fr-BE","@id":"https:\/\/vieassociative.be\/actualites\/#\/schema\/logo\/image\/","url":"https:\/\/vieassociative.be\/actualites\/wp-content\/uploads\/2024\/09\/cropped-vieassociative_favicon.ico.png","contentUrl":"https:\/\/vieassociative.be\/actualites\/wp-content\/uploads\/2024\/09\/cropped-vieassociative_favicon.ico.png","width":512,"height":512,"caption":"Vie Associative"},"image":{"@id":"https:\/\/vieassociative.be\/actualites\/#\/schema\/logo\/image\/"}},{"@type":"Person","@id":"https:\/\/vieassociative.be\/actualites\/#\/schema\/person\/b87ac4f82f9d4e7b7cec7395b679edc4","name":"Julien","image":{"@type":"ImageObject","inLanguage":"fr-BE","@id":"https:\/\/vieassociative.be\/actualites\/#\/schema\/person\/image\/","url":"https:\/\/vieassociative.be\/actualites\/wp-content\/uploads\/2024\/09\/vie-associative-1-150x150.jpg","contentUrl":"https:\/\/vieassociative.be\/actualites\/wp-content\/uploads\/2024\/09\/vie-associative-1-150x150.jpg","caption":"Julien"},"description":"Je suis Julien, r\u00e9dacteur pour Vie Associative. Passionn\u00e9 par le monde associatif depuis plus de 10 ans, j'ai \u00e0 c\u0153ur de partager des histoires inspirantes et de mettre en lumi\u00e8re les initiatives locales. Mon objectif est de sensibiliser et d'encourager l'engagement communautaire \u00e0 travers mes articles.","sameAs":["https:\/\/vieassociative.be\/"]}]}},"_links":{"self":[{"href":"https:\/\/vieassociative.be\/actualites\/wp-json\/wp\/v2\/posts\/5414"}],"collection":[{"href":"https:\/\/vieassociative.be\/actualites\/wp-json\/wp\/v2\/posts"}],"about":[{"href":"https:\/\/vieassociative.be\/actualites\/wp-json\/wp\/v2\/types\/post"}],"author":[{"embeddable":true,"href":"https:\/\/vieassociative.be\/actualites\/wp-json\/wp\/v2\/users\/1"}],"replies":[{"embeddable":true,"href":"https:\/\/vieassociative.be\/actualites\/wp-json\/wp\/v2\/comments?post=5414"}],"version-history":[{"count":0,"href":"https:\/\/vieassociative.be\/actualites\/wp-json\/wp\/v2\/posts\/5414\/revisions"}],"wp:featuredmedia":[{"embeddable":true,"href":"https:\/\/vieassociative.be\/actualites\/wp-json\/wp\/v2\/media\/5415"}],"wp:attachment":[{"href":"https:\/\/vieassociative.be\/actualites\/wp-json\/wp\/v2\/media?parent=5414"}],"wp:term":[{"taxonomy":"category","embeddable":true,"href":"https:\/\/vieassociative.be\/actualites\/wp-json\/wp\/v2\/categories?post=5414"},{"taxonomy":"post_tag","embeddable":true,"href":"https:\/\/vieassociative.be\/actualites\/wp-json\/wp\/v2\/tags?post=5414"}],"curies":[{"name":"wp","href":"https:\/\/api.w.org\/{rel}","templated":true}]}}