{"id":5406,"date":"2025-02-25T15:17:52","date_gmt":"2025-02-25T14:17:52","guid":{"rendered":"https:\/\/vieassociative.be\/actualites\/la-periode-du-carnaval-sauvage-mene-a-laffaire-le-mercredi-des-cendres-tout-est-termine-le-mariage-aussi\/"},"modified":"2025-02-25T15:17:52","modified_gmt":"2025-02-25T14:17:52","slug":"la-periode-du-carnaval-sauvage-mene-a-laffaire-le-mercredi-des-cendres-tout-est-termine-le-mariage-aussi","status":"publish","type":"post","link":"https:\/\/vieassociative.be\/actualites\/la-periode-du-carnaval-sauvage-mene-a-laffaire-le-mercredi-des-cendres-tout-est-termine-le-mariage-aussi\/","title":{"rendered":"La p\u00e9riode du carnaval sauvage m\u00e8ne \u00e0 l&rsquo;affaire: le mercredi des cendres, tout est termin\u00e9 &#8211; le mariage aussi"},"content":{"rendered":"<p><b>On avait d\u00e9j\u00e0 parl\u00e9 des dangers de trop d&rsquo;alcool dans le carnaval. Dans l&rsquo;agitation stupide, cependant, un autre danger se cache, qui parle au moins moins souvent: l&rsquo;affaire.<\/b><\/p>\n<p><span id=\"more-409055\"><\/span>Un mariage a bris\u00e9 sur le carnaval. Au cours de la 5e saison, le nombre de sauts lat\u00e9raux \u00e9clate et en aucun cas uniquement \u00e0 Cologne et D\u00fcsseldorf, mais aussi \u00e0 Eupen, Kelmis et St. Vith.<\/p>\n<p>Alcool, musique et foules exub\u00e9rantes: l&rsquo;atmosph\u00e8re du carnaval conduit certains \u00e0 tromper leur partenaire. Mais le d\u00e9guisement joue \u00e9galement un r\u00f4le.<\/p>\n<div id=\"attachment_122379\" class=\"wp-caption alignleft\" style=\"max-width: 200px\"><img fetchpriority=\"high\" decoding=\"async\" class=\"wp-image-122379 size-medium\" src=\"https:\/\/vieassociative.be\/actualites\/wp-content\/uploads\/2025\/02\/La-periode-du-carnaval-sauvage-mene-a-laffaire-le-mercredi.jpg\" width=\"200\" height=\"300\"  ><\/p>\n<p class=\"wp-caption-text\">Affaire dans le temps du carnaval: d&rsquo;abord les inhibitions tombent, puis les couvertures. Photo: Shutterstock<\/p>\n<\/div>\n<p>Beaucoup de Jeck consid\u00e8re le carnaval comme un billet gratuit pour une aventure \u00e9rotique. L&rsquo;alcool incite les gens et les carnavalistes encore plus, \u00e0 ignorer les normes comportementales applicables dans la vie quotidienne pendant au moins pendant quelques jours.<\/p>\n<p>Mais non seulement l&rsquo;alcool est responsable de l&rsquo;accumulation de sauts lat\u00e9raux pendant le temps du poisson: le d\u00e9guisement et la mascarade contribuent \u00e9galement de mani\u00e8re d\u00e9cisive.<\/p>\n<p>\u00ab\u00a0Quiconque s&rsquo;habille se glisse dans un r\u00f4le diff\u00e9rent &#8211; et se d\u00e9shabille sur le corset moral proche de la vie quotidienne\u00a0\u00bb, a cit\u00e9 le Portal Lifeline.de.<\/p>\n<p>En bref, notre seuil d&rsquo;inhibition est consid\u00e9rablement r\u00e9duit lors de la saison du carnaval. Beaucoup de ceux qui sont plut\u00f4t timides dans la vie normale en profitent pour se cacher derri\u00e8re leurs costumes et leur alcool. Les inhibitions tombent d&rsquo;abord, puis les couvertures.<\/p>\n<p>Les \u00e9trangers oublient souvent leur partenaire &#8211; ce qui peut \u00eatre co\u00fbteux par la suite: selon les statistiques, un cinqui\u00e8me de tous les sauts lat\u00e9raux entra\u00eene une s\u00e9paration du conjoint. (DPA \/ CRE)<\/p>\n","protected":false},"excerpt":{"rendered":"<p>On avait d\u00e9j\u00e0 parl\u00e9 des dangers de trop d&rsquo;alcool dans le carnaval. Dans l&rsquo;agitation stupide, cependant, un autre danger se cache, qui parle au moins<\/p>\n","protected":false},"author":1,"featured_media":5407,"comment_status":"","ping_status":"","sticky":false,"template":"","format":"standard","meta":{"footnotes":""},"categories":[298],"tags":[1350,3049,5543,29,76,5542,2039,5541,719,395,3500,3720,236],"class_list":["post-5406","post","type-post","status-publish","format-standard","has-post-thumbnail","hentry","category-belgique","tag-aussi","tag-carnaval","tag-cendres","tag-des","tag-est","tag-laffaire","tag-mariage","tag-mene","tag-mercredi","tag-periode","tag-sauvage","tag-termine","tag-tout","generate-columns","tablet-grid-50","mobile-grid-100","grid-parent","grid-33"],"yoast_head":"<!-- This site is optimized with the Yoast SEO plugin v24.0 - https:\/\/yoast.com\/wordpress\/plugins\/seo\/ -->\n<title>La p\u00e9riode du carnaval sauvage m\u00e8ne \u00e0 l&#039;affaire: le mercredi des cendres, tout est termin\u00e9 - le mariage aussi | Vie Associative<\/title>\n<meta name=\"robots\" content=\"index, follow, max-snippet:-1, max-image-preview:large, max-video-preview:-1\" \/>\n<link rel=\"canonical\" href=\"https:\/\/vieassociative.be\/actualites\/la-periode-du-carnaval-sauvage-mene-a-laffaire-le-mercredi-des-cendres-tout-est-termine-le-mariage-aussi\/\" \/>\n<meta property=\"og:locale\" content=\"fr_FR\" \/>\n<meta property=\"og:type\" content=\"article\" \/>\n<meta property=\"og:title\" content=\"La p\u00e9riode du carnaval sauvage m\u00e8ne \u00e0 l&#039;affaire: le mercredi des cendres, tout est termin\u00e9 - le mariage aussi | Vie Associative\" \/>\n<meta property=\"og:description\" content=\"On avait d\u00e9j\u00e0 parl\u00e9 des dangers de trop d&rsquo;alcool dans le carnaval. Dans l&rsquo;agitation stupide, cependant, un autre danger se cache, qui parle au moins\" \/>\n<meta property=\"og:url\" content=\"https:\/\/vieassociative.be\/actualites\/la-periode-du-carnaval-sauvage-mene-a-laffaire-le-mercredi-des-cendres-tout-est-termine-le-mariage-aussi\/\" \/>\n<meta property=\"og:site_name\" content=\"Vie Associative\" \/>\n<meta property=\"article:published_time\" content=\"2025-02-25T14:17:52+00:00\" \/>\n<meta property=\"og:image\" content=\"https:\/\/vieassociative.be\/actualites\/wp-content\/uploads\/2024\/09\/header_backgroundk-01-e1726694325946.png\" \/>\n\t<meta property=\"og:image:width\" content=\"279\" \/>\n\t<meta property=\"og:image:height\" content=\"92\" \/>\n\t<meta property=\"og:image:type\" content=\"image\/png\" \/>\n<meta name=\"author\" content=\"Julien\" \/>\n<meta name=\"twitter:card\" content=\"summary_large_image\" \/>\n<meta name=\"twitter:label1\" content=\"\u00c9crit par\" \/>\n\t<meta name=\"twitter:data1\" content=\"Julien\" \/>\n\t<meta name=\"twitter:label2\" content=\"Dur\u00e9e de lecture est.\" \/>\n\t<meta name=\"twitter:data2\" content=\"1 minute\" \/>\n<script type=\"application\/ld+json\" class=\"yoast-schema-graph\">{\"@context\":\"https:\/\/schema.org\",\"@graph\":[{\"@type\":\"Article\",\"@id\":\"https:\/\/vieassociative.be\/actualites\/la-periode-du-carnaval-sauvage-mene-a-laffaire-le-mercredi-des-cendres-tout-est-termine-le-mariage-aussi\/#article\",\"isPartOf\":{\"@id\":\"https:\/\/vieassociative.be\/actualites\/la-periode-du-carnaval-sauvage-mene-a-laffaire-le-mercredi-des-cendres-tout-est-termine-le-mariage-aussi\/\"},\"author\":{\"name\":\"Julien\",\"@id\":\"https:\/\/vieassociative.be\/actualites\/#\/schema\/person\/b87ac4f82f9d4e7b7cec7395b679edc4\"},\"headline\":\"La p\u00e9riode du carnaval sauvage m\u00e8ne \u00e0 l&rsquo;affaire: le mercredi des cendres, tout est termin\u00e9 &#8211; le mariage aussi\",\"datePublished\":\"2025-02-25T14:17:52+00:00\",\"dateModified\":\"2025-02-25T14:17:52+00:00\",\"mainEntityOfPage\":{\"@id\":\"https:\/\/vieassociative.be\/actualites\/la-periode-du-carnaval-sauvage-mene-a-laffaire-le-mercredi-des-cendres-tout-est-termine-le-mariage-aussi\/\"},\"wordCount\":319,\"publisher\":{\"@id\":\"https:\/\/vieassociative.be\/actualites\/#organization\"},\"image\":{\"@id\":\"https:\/\/vieassociative.be\/actualites\/la-periode-du-carnaval-sauvage-mene-a-laffaire-le-mercredi-des-cendres-tout-est-termine-le-mariage-aussi\/#primaryimage\"},\"thumbnailUrl\":\"https:\/\/vieassociative.be\/actualites\/wp-content\/uploads\/2025\/02\/La-periode-du-carnaval-sauvage-mene-a-laffaire-le-mercredi.jpeg\",\"keywords\":[\"aussi\",\"carnaval\",\"cendres\",\"Des\",\"est\",\"laffaire\",\"mariage\",\"m\u00e8ne\",\"mercredi\",\"p\u00e9riode\",\"sauvage\",\"termine\",\"tout\"],\"articleSection\":[\"Belgique\"],\"inLanguage\":\"fr-BE\"},{\"@type\":\"WebPage\",\"@id\":\"https:\/\/vieassociative.be\/actualites\/la-periode-du-carnaval-sauvage-mene-a-laffaire-le-mercredi-des-cendres-tout-est-termine-le-mariage-aussi\/\",\"url\":\"https:\/\/vieassociative.be\/actualites\/la-periode-du-carnaval-sauvage-mene-a-laffaire-le-mercredi-des-cendres-tout-est-termine-le-mariage-aussi\/\",\"name\":\"La p\u00e9riode du carnaval sauvage m\u00e8ne \u00e0 l'affaire: le mercredi des cendres, tout est termin\u00e9 - le mariage aussi | Vie Associative\",\"isPartOf\":{\"@id\":\"https:\/\/vieassociative.be\/actualites\/#website\"},\"primaryImageOfPage\":{\"@id\":\"https:\/\/vieassociative.be\/actualites\/la-periode-du-carnaval-sauvage-mene-a-laffaire-le-mercredi-des-cendres-tout-est-termine-le-mariage-aussi\/#primaryimage\"},\"image\":{\"@id\":\"https:\/\/vieassociative.be\/actualites\/la-periode-du-carnaval-sauvage-mene-a-laffaire-le-mercredi-des-cendres-tout-est-termine-le-mariage-aussi\/#primaryimage\"},\"thumbnailUrl\":\"https:\/\/vieassociative.be\/actualites\/wp-content\/uploads\/2025\/02\/La-periode-du-carnaval-sauvage-mene-a-laffaire-le-mercredi.jpeg\",\"datePublished\":\"2025-02-25T14:17:52+00:00\",\"dateModified\":\"2025-02-25T14:17:52+00:00\",\"breadcrumb\":{\"@id\":\"https:\/\/vieassociative.be\/actualites\/la-periode-du-carnaval-sauvage-mene-a-laffaire-le-mercredi-des-cendres-tout-est-termine-le-mariage-aussi\/#breadcrumb\"},\"inLanguage\":\"fr-BE\",\"potentialAction\":[{\"@type\":\"ReadAction\",\"target\":[\"https:\/\/vieassociative.be\/actualites\/la-periode-du-carnaval-sauvage-mene-a-laffaire-le-mercredi-des-cendres-tout-est-termine-le-mariage-aussi\/\"]}]},{\"@type\":\"ImageObject\",\"inLanguage\":\"fr-BE\",\"@id\":\"https:\/\/vieassociative.be\/actualites\/la-periode-du-carnaval-sauvage-mene-a-laffaire-le-mercredi-des-cendres-tout-est-termine-le-mariage-aussi\/#primaryimage\",\"url\":\"https:\/\/vieassociative.be\/actualites\/wp-content\/uploads\/2025\/02\/La-periode-du-carnaval-sauvage-mene-a-laffaire-le-mercredi.jpeg\",\"contentUrl\":\"https:\/\/vieassociative.be\/actualites\/wp-content\/uploads\/2025\/02\/La-periode-du-carnaval-sauvage-mene-a-laffaire-le-mercredi.jpeg\",\"width\":1000,\"height\":667,\"caption\":\"La p\u00e9riode du carnaval sauvage m\u00e8ne \u00e0 l'affaire: le mercredi des cendres, tout est termin\u00e9 - le mariage aussi\"},{\"@type\":\"BreadcrumbList\",\"@id\":\"https:\/\/vieassociative.be\/actualites\/la-periode-du-carnaval-sauvage-mene-a-laffaire-le-mercredi-des-cendres-tout-est-termine-le-mariage-aussi\/#breadcrumb\",\"itemListElement\":[{\"@type\":\"ListItem\",\"position\":1,\"name\":\"Accueil\",\"item\":\"https:\/\/vieassociative.be\/actualites\/\"},{\"@type\":\"ListItem\",\"position\":2,\"name\":\"La p\u00e9riode du carnaval sauvage m\u00e8ne \u00e0 l&rsquo;affaire: le mercredi des cendres, tout est termin\u00e9 &#8211; le mariage aussi\"}]},{\"@type\":\"WebSite\",\"@id\":\"https:\/\/vieassociative.be\/actualites\/#website\",\"url\":\"https:\/\/vieassociative.be\/actualites\/\",\"name\":\"Vie Associative\",\"description\":\"\",\"publisher\":{\"@id\":\"https:\/\/vieassociative.be\/actualites\/#organization\"},\"potentialAction\":[{\"@type\":\"SearchAction\",\"target\":{\"@type\":\"EntryPoint\",\"urlTemplate\":\"https:\/\/vieassociative.be\/actualites\/?s={search_term_string}\"},\"query-input\":{\"@type\":\"PropertyValueSpecification\",\"valueRequired\":true,\"valueName\":\"search_term_string\"}}],\"inLanguage\":\"fr-BE\"},{\"@type\":\"Organization\",\"@id\":\"https:\/\/vieassociative.be\/actualites\/#organization\",\"name\":\"Vie Associative\",\"url\":\"https:\/\/vieassociative.be\/actualites\/\",\"logo\":{\"@type\":\"ImageObject\",\"inLanguage\":\"fr-BE\",\"@id\":\"https:\/\/vieassociative.be\/actualites\/#\/schema\/logo\/image\/\",\"url\":\"https:\/\/vieassociative.be\/actualites\/wp-content\/uploads\/2024\/09\/cropped-vieassociative_favicon.ico.png\",\"contentUrl\":\"https:\/\/vieassociative.be\/actualites\/wp-content\/uploads\/2024\/09\/cropped-vieassociative_favicon.ico.png\",\"width\":512,\"height\":512,\"caption\":\"Vie Associative\"},\"image\":{\"@id\":\"https:\/\/vieassociative.be\/actualites\/#\/schema\/logo\/image\/\"}},{\"@type\":\"Person\",\"@id\":\"https:\/\/vieassociative.be\/actualites\/#\/schema\/person\/b87ac4f82f9d4e7b7cec7395b679edc4\",\"name\":\"Julien\",\"image\":{\"@type\":\"ImageObject\",\"inLanguage\":\"fr-BE\",\"@id\":\"https:\/\/vieassociative.be\/actualites\/#\/schema\/person\/image\/\",\"url\":\"https:\/\/vieassociative.be\/actualites\/wp-content\/uploads\/2024\/09\/vie-associative-1-150x150.jpg\",\"contentUrl\":\"https:\/\/vieassociative.be\/actualites\/wp-content\/uploads\/2024\/09\/vie-associative-1-150x150.jpg\",\"caption\":\"Julien\"},\"description\":\"Je suis Julien, r\u00e9dacteur pour Vie Associative. Passionn\u00e9 par le monde associatif depuis plus de 10 ans, j'ai \u00e0 c\u0153ur de partager des histoires inspirantes et de mettre en lumi\u00e8re les initiatives locales. Mon objectif est de sensibiliser et d'encourager l'engagement communautaire \u00e0 travers mes articles.\",\"sameAs\":[\"https:\/\/vieassociative.be\/\"]}]}<\/script>\n<!-- \/ Yoast SEO plugin. -->","yoast_head_json":{"title":"La p\u00e9riode du carnaval sauvage m\u00e8ne \u00e0 l'affaire: le mercredi des cendres, tout est termin\u00e9 - le mariage aussi | Vie Associative","robots":{"index":"index","follow":"follow","max-snippet":"max-snippet:-1","max-image-preview":"max-image-preview:large","max-video-preview":"max-video-preview:-1"},"canonical":"https:\/\/vieassociative.be\/actualites\/la-periode-du-carnaval-sauvage-mene-a-laffaire-le-mercredi-des-cendres-tout-est-termine-le-mariage-aussi\/","og_locale":"fr_FR","og_type":"article","og_title":"La p\u00e9riode du carnaval sauvage m\u00e8ne \u00e0 l'affaire: le mercredi des cendres, tout est termin\u00e9 - le mariage aussi | Vie Associative","og_description":"On avait d\u00e9j\u00e0 parl\u00e9 des dangers de trop d&rsquo;alcool dans le carnaval. Dans l&rsquo;agitation stupide, cependant, un autre danger se cache, qui parle au moins","og_url":"https:\/\/vieassociative.be\/actualites\/la-periode-du-carnaval-sauvage-mene-a-laffaire-le-mercredi-des-cendres-tout-est-termine-le-mariage-aussi\/","og_site_name":"Vie Associative","article_published_time":"2025-02-25T14:17:52+00:00","og_image":[{"width":279,"height":92,"url":"https:\/\/vieassociative.be\/actualites\/wp-content\/uploads\/2024\/09\/header_backgroundk-01-e1726694325946.png","type":"image\/png"}],"author":"Julien","twitter_card":"summary_large_image","twitter_misc":{"\u00c9crit par":"Julien","Dur\u00e9e de lecture est.":"1 minute"},"schema":{"@context":"https:\/\/schema.org","@graph":[{"@type":"Article","@id":"https:\/\/vieassociative.be\/actualites\/la-periode-du-carnaval-sauvage-mene-a-laffaire-le-mercredi-des-cendres-tout-est-termine-le-mariage-aussi\/#article","isPartOf":{"@id":"https:\/\/vieassociative.be\/actualites\/la-periode-du-carnaval-sauvage-mene-a-laffaire-le-mercredi-des-cendres-tout-est-termine-le-mariage-aussi\/"},"author":{"name":"Julien","@id":"https:\/\/vieassociative.be\/actualites\/#\/schema\/person\/b87ac4f82f9d4e7b7cec7395b679edc4"},"headline":"La p\u00e9riode du carnaval sauvage m\u00e8ne \u00e0 l&rsquo;affaire: le mercredi des cendres, tout est termin\u00e9 &#8211; le mariage aussi","datePublished":"2025-02-25T14:17:52+00:00","dateModified":"2025-02-25T14:17:52+00:00","mainEntityOfPage":{"@id":"https:\/\/vieassociative.be\/actualites\/la-periode-du-carnaval-sauvage-mene-a-laffaire-le-mercredi-des-cendres-tout-est-termine-le-mariage-aussi\/"},"wordCount":319,"publisher":{"@id":"https:\/\/vieassociative.be\/actualites\/#organization"},"image":{"@id":"https:\/\/vieassociative.be\/actualites\/la-periode-du-carnaval-sauvage-mene-a-laffaire-le-mercredi-des-cendres-tout-est-termine-le-mariage-aussi\/#primaryimage"},"thumbnailUrl":"https:\/\/vieassociative.be\/actualites\/wp-content\/uploads\/2025\/02\/La-periode-du-carnaval-sauvage-mene-a-laffaire-le-mercredi.jpeg","keywords":["aussi","carnaval","cendres","Des","est","laffaire","mariage","m\u00e8ne","mercredi","p\u00e9riode","sauvage","termine","tout"],"articleSection":["Belgique"],"inLanguage":"fr-BE"},{"@type":"WebPage","@id":"https:\/\/vieassociative.be\/actualites\/la-periode-du-carnaval-sauvage-mene-a-laffaire-le-mercredi-des-cendres-tout-est-termine-le-mariage-aussi\/","url":"https:\/\/vieassociative.be\/actualites\/la-periode-du-carnaval-sauvage-mene-a-laffaire-le-mercredi-des-cendres-tout-est-termine-le-mariage-aussi\/","name":"La p\u00e9riode du carnaval sauvage m\u00e8ne \u00e0 l'affaire: le mercredi des cendres, tout est termin\u00e9 - le mariage aussi | Vie Associative","isPartOf":{"@id":"https:\/\/vieassociative.be\/actualites\/#website"},"primaryImageOfPage":{"@id":"https:\/\/vieassociative.be\/actualites\/la-periode-du-carnaval-sauvage-mene-a-laffaire-le-mercredi-des-cendres-tout-est-termine-le-mariage-aussi\/#primaryimage"},"image":{"@id":"https:\/\/vieassociative.be\/actualites\/la-periode-du-carnaval-sauvage-mene-a-laffaire-le-mercredi-des-cendres-tout-est-termine-le-mariage-aussi\/#primaryimage"},"thumbnailUrl":"https:\/\/vieassociative.be\/actualites\/wp-content\/uploads\/2025\/02\/La-periode-du-carnaval-sauvage-mene-a-laffaire-le-mercredi.jpeg","datePublished":"2025-02-25T14:17:52+00:00","dateModified":"2025-02-25T14:17:52+00:00","breadcrumb":{"@id":"https:\/\/vieassociative.be\/actualites\/la-periode-du-carnaval-sauvage-mene-a-laffaire-le-mercredi-des-cendres-tout-est-termine-le-mariage-aussi\/#breadcrumb"},"inLanguage":"fr-BE","potentialAction":[{"@type":"ReadAction","target":["https:\/\/vieassociative.be\/actualites\/la-periode-du-carnaval-sauvage-mene-a-laffaire-le-mercredi-des-cendres-tout-est-termine-le-mariage-aussi\/"]}]},{"@type":"ImageObject","inLanguage":"fr-BE","@id":"https:\/\/vieassociative.be\/actualites\/la-periode-du-carnaval-sauvage-mene-a-laffaire-le-mercredi-des-cendres-tout-est-termine-le-mariage-aussi\/#primaryimage","url":"https:\/\/vieassociative.be\/actualites\/wp-content\/uploads\/2025\/02\/La-periode-du-carnaval-sauvage-mene-a-laffaire-le-mercredi.jpeg","contentUrl":"https:\/\/vieassociative.be\/actualites\/wp-content\/uploads\/2025\/02\/La-periode-du-carnaval-sauvage-mene-a-laffaire-le-mercredi.jpeg","width":1000,"height":667,"caption":"La p\u00e9riode du carnaval sauvage m\u00e8ne \u00e0 l'affaire: le mercredi des cendres, tout est termin\u00e9 - le mariage aussi"},{"@type":"BreadcrumbList","@id":"https:\/\/vieassociative.be\/actualites\/la-periode-du-carnaval-sauvage-mene-a-laffaire-le-mercredi-des-cendres-tout-est-termine-le-mariage-aussi\/#breadcrumb","itemListElement":[{"@type":"ListItem","position":1,"name":"Accueil","item":"https:\/\/vieassociative.be\/actualites\/"},{"@type":"ListItem","position":2,"name":"La p\u00e9riode du carnaval sauvage m\u00e8ne \u00e0 l&rsquo;affaire: le mercredi des cendres, tout est termin\u00e9 &#8211; le mariage aussi"}]},{"@type":"WebSite","@id":"https:\/\/vieassociative.be\/actualites\/#website","url":"https:\/\/vieassociative.be\/actualites\/","name":"Vie Associative","description":"","publisher":{"@id":"https:\/\/vieassociative.be\/actualites\/#organization"},"potentialAction":[{"@type":"SearchAction","target":{"@type":"EntryPoint","urlTemplate":"https:\/\/vieassociative.be\/actualites\/?s={search_term_string}"},"query-input":{"@type":"PropertyValueSpecification","valueRequired":true,"valueName":"search_term_string"}}],"inLanguage":"fr-BE"},{"@type":"Organization","@id":"https:\/\/vieassociative.be\/actualites\/#organization","name":"Vie Associative","url":"https:\/\/vieassociative.be\/actualites\/","logo":{"@type":"ImageObject","inLanguage":"fr-BE","@id":"https:\/\/vieassociative.be\/actualites\/#\/schema\/logo\/image\/","url":"https:\/\/vieassociative.be\/actualites\/wp-content\/uploads\/2024\/09\/cropped-vieassociative_favicon.ico.png","contentUrl":"https:\/\/vieassociative.be\/actualites\/wp-content\/uploads\/2024\/09\/cropped-vieassociative_favicon.ico.png","width":512,"height":512,"caption":"Vie Associative"},"image":{"@id":"https:\/\/vieassociative.be\/actualites\/#\/schema\/logo\/image\/"}},{"@type":"Person","@id":"https:\/\/vieassociative.be\/actualites\/#\/schema\/person\/b87ac4f82f9d4e7b7cec7395b679edc4","name":"Julien","image":{"@type":"ImageObject","inLanguage":"fr-BE","@id":"https:\/\/vieassociative.be\/actualites\/#\/schema\/person\/image\/","url":"https:\/\/vieassociative.be\/actualites\/wp-content\/uploads\/2024\/09\/vie-associative-1-150x150.jpg","contentUrl":"https:\/\/vieassociative.be\/actualites\/wp-content\/uploads\/2024\/09\/vie-associative-1-150x150.jpg","caption":"Julien"},"description":"Je suis Julien, r\u00e9dacteur pour Vie Associative. Passionn\u00e9 par le monde associatif depuis plus de 10 ans, j'ai \u00e0 c\u0153ur de partager des histoires inspirantes et de mettre en lumi\u00e8re les initiatives locales. Mon objectif est de sensibiliser et d'encourager l'engagement communautaire \u00e0 travers mes articles.","sameAs":["https:\/\/vieassociative.be\/"]}]}},"_links":{"self":[{"href":"https:\/\/vieassociative.be\/actualites\/wp-json\/wp\/v2\/posts\/5406"}],"collection":[{"href":"https:\/\/vieassociative.be\/actualites\/wp-json\/wp\/v2\/posts"}],"about":[{"href":"https:\/\/vieassociative.be\/actualites\/wp-json\/wp\/v2\/types\/post"}],"author":[{"embeddable":true,"href":"https:\/\/vieassociative.be\/actualites\/wp-json\/wp\/v2\/users\/1"}],"replies":[{"embeddable":true,"href":"https:\/\/vieassociative.be\/actualites\/wp-json\/wp\/v2\/comments?post=5406"}],"version-history":[{"count":0,"href":"https:\/\/vieassociative.be\/actualites\/wp-json\/wp\/v2\/posts\/5406\/revisions"}],"wp:featuredmedia":[{"embeddable":true,"href":"https:\/\/vieassociative.be\/actualites\/wp-json\/wp\/v2\/media\/5407"}],"wp:attachment":[{"href":"https:\/\/vieassociative.be\/actualites\/wp-json\/wp\/v2\/media?parent=5406"}],"wp:term":[{"taxonomy":"category","embeddable":true,"href":"https:\/\/vieassociative.be\/actualites\/wp-json\/wp\/v2\/categories?post=5406"},{"taxonomy":"post_tag","embeddable":true,"href":"https:\/\/vieassociative.be\/actualites\/wp-json\/wp\/v2\/tags?post=5406"}],"curies":[{"name":"wp","href":"https:\/\/api.w.org\/{rel}","templated":true}]}}