{"id":5402,"date":"2025-02-25T11:17:11","date_gmt":"2025-02-25T10:17:11","guid":{"rendered":"https:\/\/vieassociative.be\/actualites\/il-y-a-maintenant-une-archive-de-landle-officielle\/"},"modified":"2025-02-25T11:17:11","modified_gmt":"2025-02-25T10:17:11","slug":"il-y-a-maintenant-une-archive-de-landle-officielle","status":"publish","type":"post","link":"https:\/\/vieassociative.be\/actualites\/il-y-a-maintenant-une-archive-de-landle-officielle\/","title":{"rendered":"Il y a maintenant une archive de landle officielle"},"content":{"rendered":"<div class=\"mt-4 leading-6 md:mb-8\">Le NYT comprendra bient\u00f4t une archive et un bordle dans son application de jeux uniquement abonn\u00e9s.<\/div>\n<p><\/p>\n<p>Depuis que le New York Times a achet\u00e9 des losts, ils sont rest\u00e9s avec sa simplicit\u00e9 &#8211; un mot par jour, cinq lettres, c&rsquo;est tout. Il occupe une tuile dans l&rsquo;application NYT Games, contrairement aux mots crois\u00e9s et aux abeilles d&rsquo;orthographe o\u00f9 les utilisateurs peuvent faire d\u00e9filer lat\u00e9ralement pour jouer aux jeux des jours pr\u00e9c\u00e9dents. Mais maintenant, cela change: les abonn\u00e9s pourront bient\u00f4t acc\u00e9der \u00e0 une archive &#8211; plus Wordlebot arrive \u00e9galement sur l&rsquo;application de jeux.<\/p>\n<h2 id=\"there-are-free-archives-but-nyt-keeps-killing-them-off\">Il y a des archives libres, mais NYT continue de les tuer<\/h2>\n<p>Si vous vouliez jouer au-del\u00e0 de Wordles, vous pouviez aller dans cette archive de lot non officielle &#8211; mais le NYT a demand\u00e9 au Cr\u00e9ateur de l&rsquo;arr\u00eater, et ils l&rsquo;ont fait. Des discussions sur des forums comme Reddit mentionnent que d&rsquo;autres archives ont \u00e9t\u00e9 ferm\u00e9es dans le pass\u00e9.<\/p>\n<p>Jusqu&rsquo;\u00e0 pr\u00e9sent, la relecture non officielle de lands d&rsquo;archives libres est toujours en place et semble \u00eatre enti\u00e8rement fonctionnelle. Une autre archive gratuite, Archive Wordle, fonctionne mais n&rsquo;accepte pas la gamme compl\u00e8te des suppositions juridiques &#8211; il m&rsquo;a dit que mon fid\u00e8le starter, survient, n&rsquo;\u00e9tait pas un mot l\u00e9gal. <\/p>\n<h2 id=\"where-you-can-find-the-official-wordle-archive\">O\u00f9 vous pouvez trouver les archives officielles des lots<\/h2>\n<p>Le NYT dit qu&rsquo;ils \u00abd\u00e9ploient\u00bb les archives sur le mobile et le bureau, \u00e0 partir du 7 mai. Je ne le vois pas sur le site Web des jeux NYT, m\u00eame si je suis abonn\u00e9. Peut-\u00eatre que vous aurez plus de chance. <\/p>\n<p>L&rsquo;archive est cens\u00e9e se d\u00e9placer sur l&rsquo;application NYT Games dans les \u00absemaines \u00e0 venir\u00bb. Encore une fois, je ne le vois pas sur le mien, mais je vais continuer \u00e0 chercher. <\/p>\n<h2 id=\"wordlebot-is-coming-to-the-nyt-games-app\">Wordlebot arrive sur l&rsquo;application NYT Games<\/h2>\n<p>L&rsquo;autre grande annonce du NYT cette semaine a \u00e9t\u00e9 que WordleBot sera d\u00e9sormais disponible dans l&rsquo;application de jeux. Actuellement, lorsque vous r\u00e9solvez un puzzle de lot sur le Web, il y a un lien pour comparer vos performances avec WordleBot. (Comme je l&rsquo;ai d\u00e9j\u00e0 \u00e9crit, il s&rsquo;agit d&rsquo;un bot qui r\u00e9sout le puzzle avec la pr\u00e9cision de l&rsquo;ordinateur, puis vous note des comp\u00e9tences, de la chance et du nombre de suppositions que vous avez prises pour trouver la r\u00e9ponse.) <\/p>\n<p>Jusqu&rsquo;\u00e0 pr\u00e9sent, le lien Wordlebot a \u00e9t\u00e9 absent de l&rsquo;application Games, ce qui signifie que je ne prends jamais la peine d&rsquo;aller le chercher. Si le lien \u00e9tait l\u00e0, je pourrais jeter un coup d&rsquo;\u0153il apr\u00e8s avoir termin\u00e9 le puzzle de chaque jour &#8211; ce qui pourrait finalement faire de moi un meilleur solveur de lot. Encore une fois, je ne vois pas encore le bot dans mon application, mais le NYT a promis qu&rsquo;il \u00e9tait en route.<\/p>\n","protected":false},"excerpt":{"rendered":"<p>Le NYT comprendra bient\u00f4t une archive et un bordle dans son application de jeux uniquement abonn\u00e9s. Depuis que le New York Times a achet\u00e9 des<\/p>\n","protected":false},"author":1,"featured_media":5403,"comment_status":"","ping_status":"","sticky":false,"template":"","format":"standard","meta":{"footnotes":""},"categories":[36],"tags":[5538,5539,233,3253,110],"class_list":["post-5402","post","type-post","status-publish","format-standard","has-post-thumbnail","hentry","category-divertissement","tag-archive","tag-landle","tag-maintenant","tag-officielle","tag-une","generate-columns","tablet-grid-50","mobile-grid-100","grid-parent","grid-33"],"yoast_head":"<!-- This site is optimized with the Yoast SEO plugin v24.0 - https:\/\/yoast.com\/wordpress\/plugins\/seo\/ -->\n<title>Il y a maintenant une archive de landle officielle | Vie Associative<\/title>\n<meta name=\"robots\" content=\"index, follow, max-snippet:-1, max-image-preview:large, max-video-preview:-1\" \/>\n<link rel=\"canonical\" href=\"https:\/\/vieassociative.be\/actualites\/il-y-a-maintenant-une-archive-de-landle-officielle\/\" \/>\n<meta property=\"og:locale\" content=\"fr_FR\" \/>\n<meta property=\"og:type\" content=\"article\" \/>\n<meta property=\"og:title\" content=\"Il y a maintenant une archive de landle officielle | Vie Associative\" \/>\n<meta property=\"og:description\" content=\"Le NYT comprendra bient\u00f4t une archive et un bordle dans son application de jeux uniquement abonn\u00e9s. Depuis que le New York Times a achet\u00e9 des\" \/>\n<meta property=\"og:url\" content=\"https:\/\/vieassociative.be\/actualites\/il-y-a-maintenant-une-archive-de-landle-officielle\/\" \/>\n<meta property=\"og:site_name\" content=\"Vie Associative\" \/>\n<meta property=\"article:published_time\" content=\"2025-02-25T10:17:11+00:00\" \/>\n<meta property=\"og:image\" content=\"https:\/\/vieassociative.be\/actualites\/wp-content\/uploads\/2024\/09\/header_backgroundk-01-e1726694325946.png\" \/>\n\t<meta property=\"og:image:width\" content=\"279\" \/>\n\t<meta property=\"og:image:height\" content=\"92\" \/>\n\t<meta property=\"og:image:type\" content=\"image\/png\" \/>\n<meta name=\"author\" content=\"Julien\" \/>\n<meta name=\"twitter:card\" content=\"summary_large_image\" \/>\n<meta name=\"twitter:label1\" content=\"\u00c9crit par\" \/>\n\t<meta name=\"twitter:data1\" content=\"Julien\" \/>\n\t<meta name=\"twitter:label2\" content=\"Dur\u00e9e de lecture est.\" \/>\n\t<meta name=\"twitter:data2\" content=\"2 minutes\" \/>\n<script type=\"application\/ld+json\" class=\"yoast-schema-graph\">{\"@context\":\"https:\/\/schema.org\",\"@graph\":[{\"@type\":\"Article\",\"@id\":\"https:\/\/vieassociative.be\/actualites\/il-y-a-maintenant-une-archive-de-landle-officielle\/#article\",\"isPartOf\":{\"@id\":\"https:\/\/vieassociative.be\/actualites\/il-y-a-maintenant-une-archive-de-landle-officielle\/\"},\"author\":{\"name\":\"Julien\",\"@id\":\"https:\/\/vieassociative.be\/actualites\/#\/schema\/person\/b87ac4f82f9d4e7b7cec7395b679edc4\"},\"headline\":\"Il y a maintenant une archive de landle officielle\",\"datePublished\":\"2025-02-25T10:17:11+00:00\",\"dateModified\":\"2025-02-25T10:17:11+00:00\",\"mainEntityOfPage\":{\"@id\":\"https:\/\/vieassociative.be\/actualites\/il-y-a-maintenant-une-archive-de-landle-officielle\/\"},\"wordCount\":508,\"publisher\":{\"@id\":\"https:\/\/vieassociative.be\/actualites\/#organization\"},\"image\":{\"@id\":\"https:\/\/vieassociative.be\/actualites\/il-y-a-maintenant-une-archive-de-landle-officielle\/#primaryimage\"},\"thumbnailUrl\":\"https:\/\/vieassociative.be\/actualites\/wp-content\/uploads\/2025\/02\/Il-y-a-maintenant-une-archive-de-landle-officielle.jpg\",\"keywords\":[\"archive\",\"landle\",\"maintenant\",\"officielle\",\"une\"],\"articleSection\":[\"Divertissement\"],\"inLanguage\":\"fr-BE\"},{\"@type\":\"WebPage\",\"@id\":\"https:\/\/vieassociative.be\/actualites\/il-y-a-maintenant-une-archive-de-landle-officielle\/\",\"url\":\"https:\/\/vieassociative.be\/actualites\/il-y-a-maintenant-une-archive-de-landle-officielle\/\",\"name\":\"Il y a maintenant une archive de landle officielle | Vie Associative\",\"isPartOf\":{\"@id\":\"https:\/\/vieassociative.be\/actualites\/#website\"},\"primaryImageOfPage\":{\"@id\":\"https:\/\/vieassociative.be\/actualites\/il-y-a-maintenant-une-archive-de-landle-officielle\/#primaryimage\"},\"image\":{\"@id\":\"https:\/\/vieassociative.be\/actualites\/il-y-a-maintenant-une-archive-de-landle-officielle\/#primaryimage\"},\"thumbnailUrl\":\"https:\/\/vieassociative.be\/actualites\/wp-content\/uploads\/2025\/02\/Il-y-a-maintenant-une-archive-de-landle-officielle.jpg\",\"datePublished\":\"2025-02-25T10:17:11+00:00\",\"dateModified\":\"2025-02-25T10:17:11+00:00\",\"breadcrumb\":{\"@id\":\"https:\/\/vieassociative.be\/actualites\/il-y-a-maintenant-une-archive-de-landle-officielle\/#breadcrumb\"},\"inLanguage\":\"fr-BE\",\"potentialAction\":[{\"@type\":\"ReadAction\",\"target\":[\"https:\/\/vieassociative.be\/actualites\/il-y-a-maintenant-une-archive-de-landle-officielle\/\"]}]},{\"@type\":\"ImageObject\",\"inLanguage\":\"fr-BE\",\"@id\":\"https:\/\/vieassociative.be\/actualites\/il-y-a-maintenant-une-archive-de-landle-officielle\/#primaryimage\",\"url\":\"https:\/\/vieassociative.be\/actualites\/wp-content\/uploads\/2025\/02\/Il-y-a-maintenant-une-archive-de-landle-officielle.jpg\",\"contentUrl\":\"https:\/\/vieassociative.be\/actualites\/wp-content\/uploads\/2025\/02\/Il-y-a-maintenant-une-archive-de-landle-officielle.jpg\",\"width\":1200,\"height\":675,\"caption\":\"Il y a maintenant une archive de landle officielle\"},{\"@type\":\"BreadcrumbList\",\"@id\":\"https:\/\/vieassociative.be\/actualites\/il-y-a-maintenant-une-archive-de-landle-officielle\/#breadcrumb\",\"itemListElement\":[{\"@type\":\"ListItem\",\"position\":1,\"name\":\"Accueil\",\"item\":\"https:\/\/vieassociative.be\/actualites\/\"},{\"@type\":\"ListItem\",\"position\":2,\"name\":\"Il y a maintenant une archive de landle officielle\"}]},{\"@type\":\"WebSite\",\"@id\":\"https:\/\/vieassociative.be\/actualites\/#website\",\"url\":\"https:\/\/vieassociative.be\/actualites\/\",\"name\":\"Vie Associative\",\"description\":\"\",\"publisher\":{\"@id\":\"https:\/\/vieassociative.be\/actualites\/#organization\"},\"potentialAction\":[{\"@type\":\"SearchAction\",\"target\":{\"@type\":\"EntryPoint\",\"urlTemplate\":\"https:\/\/vieassociative.be\/actualites\/?s={search_term_string}\"},\"query-input\":{\"@type\":\"PropertyValueSpecification\",\"valueRequired\":true,\"valueName\":\"search_term_string\"}}],\"inLanguage\":\"fr-BE\"},{\"@type\":\"Organization\",\"@id\":\"https:\/\/vieassociative.be\/actualites\/#organization\",\"name\":\"Vie Associative\",\"url\":\"https:\/\/vieassociative.be\/actualites\/\",\"logo\":{\"@type\":\"ImageObject\",\"inLanguage\":\"fr-BE\",\"@id\":\"https:\/\/vieassociative.be\/actualites\/#\/schema\/logo\/image\/\",\"url\":\"https:\/\/vieassociative.be\/actualites\/wp-content\/uploads\/2024\/09\/cropped-vieassociative_favicon.ico.png\",\"contentUrl\":\"https:\/\/vieassociative.be\/actualites\/wp-content\/uploads\/2024\/09\/cropped-vieassociative_favicon.ico.png\",\"width\":512,\"height\":512,\"caption\":\"Vie Associative\"},\"image\":{\"@id\":\"https:\/\/vieassociative.be\/actualites\/#\/schema\/logo\/image\/\"}},{\"@type\":\"Person\",\"@id\":\"https:\/\/vieassociative.be\/actualites\/#\/schema\/person\/b87ac4f82f9d4e7b7cec7395b679edc4\",\"name\":\"Julien\",\"image\":{\"@type\":\"ImageObject\",\"inLanguage\":\"fr-BE\",\"@id\":\"https:\/\/vieassociative.be\/actualites\/#\/schema\/person\/image\/\",\"url\":\"https:\/\/vieassociative.be\/actualites\/wp-content\/uploads\/2024\/09\/vie-associative-1-150x150.jpg\",\"contentUrl\":\"https:\/\/vieassociative.be\/actualites\/wp-content\/uploads\/2024\/09\/vie-associative-1-150x150.jpg\",\"caption\":\"Julien\"},\"description\":\"Je suis Julien, r\u00e9dacteur pour Vie Associative. Passionn\u00e9 par le monde associatif depuis plus de 10 ans, j'ai \u00e0 c\u0153ur de partager des histoires inspirantes et de mettre en lumi\u00e8re les initiatives locales. Mon objectif est de sensibiliser et d'encourager l'engagement communautaire \u00e0 travers mes articles.\",\"sameAs\":[\"https:\/\/vieassociative.be\/\"]}]}<\/script>\n<!-- \/ Yoast SEO plugin. -->","yoast_head_json":{"title":"Il y a maintenant une archive de landle officielle | Vie Associative","robots":{"index":"index","follow":"follow","max-snippet":"max-snippet:-1","max-image-preview":"max-image-preview:large","max-video-preview":"max-video-preview:-1"},"canonical":"https:\/\/vieassociative.be\/actualites\/il-y-a-maintenant-une-archive-de-landle-officielle\/","og_locale":"fr_FR","og_type":"article","og_title":"Il y a maintenant une archive de landle officielle | Vie Associative","og_description":"Le NYT comprendra bient\u00f4t une archive et un bordle dans son application de jeux uniquement abonn\u00e9s. Depuis que le New York Times a achet\u00e9 des","og_url":"https:\/\/vieassociative.be\/actualites\/il-y-a-maintenant-une-archive-de-landle-officielle\/","og_site_name":"Vie Associative","article_published_time":"2025-02-25T10:17:11+00:00","og_image":[{"width":279,"height":92,"url":"https:\/\/vieassociative.be\/actualites\/wp-content\/uploads\/2024\/09\/header_backgroundk-01-e1726694325946.png","type":"image\/png"}],"author":"Julien","twitter_card":"summary_large_image","twitter_misc":{"\u00c9crit par":"Julien","Dur\u00e9e de lecture est.":"2 minutes"},"schema":{"@context":"https:\/\/schema.org","@graph":[{"@type":"Article","@id":"https:\/\/vieassociative.be\/actualites\/il-y-a-maintenant-une-archive-de-landle-officielle\/#article","isPartOf":{"@id":"https:\/\/vieassociative.be\/actualites\/il-y-a-maintenant-une-archive-de-landle-officielle\/"},"author":{"name":"Julien","@id":"https:\/\/vieassociative.be\/actualites\/#\/schema\/person\/b87ac4f82f9d4e7b7cec7395b679edc4"},"headline":"Il y a maintenant une archive de landle officielle","datePublished":"2025-02-25T10:17:11+00:00","dateModified":"2025-02-25T10:17:11+00:00","mainEntityOfPage":{"@id":"https:\/\/vieassociative.be\/actualites\/il-y-a-maintenant-une-archive-de-landle-officielle\/"},"wordCount":508,"publisher":{"@id":"https:\/\/vieassociative.be\/actualites\/#organization"},"image":{"@id":"https:\/\/vieassociative.be\/actualites\/il-y-a-maintenant-une-archive-de-landle-officielle\/#primaryimage"},"thumbnailUrl":"https:\/\/vieassociative.be\/actualites\/wp-content\/uploads\/2025\/02\/Il-y-a-maintenant-une-archive-de-landle-officielle.jpg","keywords":["archive","landle","maintenant","officielle","une"],"articleSection":["Divertissement"],"inLanguage":"fr-BE"},{"@type":"WebPage","@id":"https:\/\/vieassociative.be\/actualites\/il-y-a-maintenant-une-archive-de-landle-officielle\/","url":"https:\/\/vieassociative.be\/actualites\/il-y-a-maintenant-une-archive-de-landle-officielle\/","name":"Il y a maintenant une archive de landle officielle | Vie Associative","isPartOf":{"@id":"https:\/\/vieassociative.be\/actualites\/#website"},"primaryImageOfPage":{"@id":"https:\/\/vieassociative.be\/actualites\/il-y-a-maintenant-une-archive-de-landle-officielle\/#primaryimage"},"image":{"@id":"https:\/\/vieassociative.be\/actualites\/il-y-a-maintenant-une-archive-de-landle-officielle\/#primaryimage"},"thumbnailUrl":"https:\/\/vieassociative.be\/actualites\/wp-content\/uploads\/2025\/02\/Il-y-a-maintenant-une-archive-de-landle-officielle.jpg","datePublished":"2025-02-25T10:17:11+00:00","dateModified":"2025-02-25T10:17:11+00:00","breadcrumb":{"@id":"https:\/\/vieassociative.be\/actualites\/il-y-a-maintenant-une-archive-de-landle-officielle\/#breadcrumb"},"inLanguage":"fr-BE","potentialAction":[{"@type":"ReadAction","target":["https:\/\/vieassociative.be\/actualites\/il-y-a-maintenant-une-archive-de-landle-officielle\/"]}]},{"@type":"ImageObject","inLanguage":"fr-BE","@id":"https:\/\/vieassociative.be\/actualites\/il-y-a-maintenant-une-archive-de-landle-officielle\/#primaryimage","url":"https:\/\/vieassociative.be\/actualites\/wp-content\/uploads\/2025\/02\/Il-y-a-maintenant-une-archive-de-landle-officielle.jpg","contentUrl":"https:\/\/vieassociative.be\/actualites\/wp-content\/uploads\/2025\/02\/Il-y-a-maintenant-une-archive-de-landle-officielle.jpg","width":1200,"height":675,"caption":"Il y a maintenant une archive de landle officielle"},{"@type":"BreadcrumbList","@id":"https:\/\/vieassociative.be\/actualites\/il-y-a-maintenant-une-archive-de-landle-officielle\/#breadcrumb","itemListElement":[{"@type":"ListItem","position":1,"name":"Accueil","item":"https:\/\/vieassociative.be\/actualites\/"},{"@type":"ListItem","position":2,"name":"Il y a maintenant une archive de landle officielle"}]},{"@type":"WebSite","@id":"https:\/\/vieassociative.be\/actualites\/#website","url":"https:\/\/vieassociative.be\/actualites\/","name":"Vie Associative","description":"","publisher":{"@id":"https:\/\/vieassociative.be\/actualites\/#organization"},"potentialAction":[{"@type":"SearchAction","target":{"@type":"EntryPoint","urlTemplate":"https:\/\/vieassociative.be\/actualites\/?s={search_term_string}"},"query-input":{"@type":"PropertyValueSpecification","valueRequired":true,"valueName":"search_term_string"}}],"inLanguage":"fr-BE"},{"@type":"Organization","@id":"https:\/\/vieassociative.be\/actualites\/#organization","name":"Vie Associative","url":"https:\/\/vieassociative.be\/actualites\/","logo":{"@type":"ImageObject","inLanguage":"fr-BE","@id":"https:\/\/vieassociative.be\/actualites\/#\/schema\/logo\/image\/","url":"https:\/\/vieassociative.be\/actualites\/wp-content\/uploads\/2024\/09\/cropped-vieassociative_favicon.ico.png","contentUrl":"https:\/\/vieassociative.be\/actualites\/wp-content\/uploads\/2024\/09\/cropped-vieassociative_favicon.ico.png","width":512,"height":512,"caption":"Vie Associative"},"image":{"@id":"https:\/\/vieassociative.be\/actualites\/#\/schema\/logo\/image\/"}},{"@type":"Person","@id":"https:\/\/vieassociative.be\/actualites\/#\/schema\/person\/b87ac4f82f9d4e7b7cec7395b679edc4","name":"Julien","image":{"@type":"ImageObject","inLanguage":"fr-BE","@id":"https:\/\/vieassociative.be\/actualites\/#\/schema\/person\/image\/","url":"https:\/\/vieassociative.be\/actualites\/wp-content\/uploads\/2024\/09\/vie-associative-1-150x150.jpg","contentUrl":"https:\/\/vieassociative.be\/actualites\/wp-content\/uploads\/2024\/09\/vie-associative-1-150x150.jpg","caption":"Julien"},"description":"Je suis Julien, r\u00e9dacteur pour Vie Associative. Passionn\u00e9 par le monde associatif depuis plus de 10 ans, j'ai \u00e0 c\u0153ur de partager des histoires inspirantes et de mettre en lumi\u00e8re les initiatives locales. Mon objectif est de sensibiliser et d'encourager l'engagement communautaire \u00e0 travers mes articles.","sameAs":["https:\/\/vieassociative.be\/"]}]}},"_links":{"self":[{"href":"https:\/\/vieassociative.be\/actualites\/wp-json\/wp\/v2\/posts\/5402"}],"collection":[{"href":"https:\/\/vieassociative.be\/actualites\/wp-json\/wp\/v2\/posts"}],"about":[{"href":"https:\/\/vieassociative.be\/actualites\/wp-json\/wp\/v2\/types\/post"}],"author":[{"embeddable":true,"href":"https:\/\/vieassociative.be\/actualites\/wp-json\/wp\/v2\/users\/1"}],"replies":[{"embeddable":true,"href":"https:\/\/vieassociative.be\/actualites\/wp-json\/wp\/v2\/comments?post=5402"}],"version-history":[{"count":0,"href":"https:\/\/vieassociative.be\/actualites\/wp-json\/wp\/v2\/posts\/5402\/revisions"}],"wp:featuredmedia":[{"embeddable":true,"href":"https:\/\/vieassociative.be\/actualites\/wp-json\/wp\/v2\/media\/5403"}],"wp:attachment":[{"href":"https:\/\/vieassociative.be\/actualites\/wp-json\/wp\/v2\/media?parent=5402"}],"wp:term":[{"taxonomy":"category","embeddable":true,"href":"https:\/\/vieassociative.be\/actualites\/wp-json\/wp\/v2\/categories?post=5402"},{"taxonomy":"post_tag","embeddable":true,"href":"https:\/\/vieassociative.be\/actualites\/wp-json\/wp\/v2\/tags?post=5402"}],"curies":[{"name":"wp","href":"https:\/\/api.w.org\/{rel}","templated":true}]}}