{"id":5393,"date":"2025-02-25T02:17:24","date_gmt":"2025-02-25T01:17:24","guid":{"rendered":"https:\/\/vieassociative.be\/actualites\/jai-essaye-yope-la-nouvelle-application-de-partage-preferee-de-gen-z\/"},"modified":"2025-02-25T02:17:24","modified_gmt":"2025-02-25T01:17:24","slug":"jai-essaye-yope-la-nouvelle-application-de-partage-preferee-de-gen-z","status":"publish","type":"post","link":"https:\/\/vieassociative.be\/actualites\/jai-essaye-yope-la-nouvelle-application-de-partage-preferee-de-gen-z\/","title":{"rendered":"J&rsquo;ai essay\u00e9 Yope, la nouvelle application de partage pr\u00e9f\u00e9r\u00e9e de Gen Z"},"content":{"rendered":"<div class=\"mt-4 leading-6 md:mb-8\">Pensez-y comme un Instagram crois\u00e9 avec un chat de groupe priv\u00e9.<\/div>\n<p><\/p>\n<p>Je suis toujours en train d&rsquo;essayer une nouvelle application sociale (un visage que j&rsquo;ai fait, si clair), surtout quand il s&rsquo;agit de partager des photos. Et l&rsquo;application de partage photo tendance du moment est Yope (disponible sur iOS et Android). Lanc\u00e9 en septembre 2024, il compte actuellement 2,2 millions d&rsquo;utilisateurs actifs mensuels et 800 000 utilisateurs actifs quotidiens, dont beaucoup sont dans la d\u00e9mographie de la g\u00e9n\u00e9ration Z convoit\u00e9e par les investisseurs. <\/p>\n<p>Je ne fais pas partie de la g\u00e9n\u00e9ration Z, mais \u00e0 ce jour, je fais partie des millions de personnes qui ont utilis\u00e9 l&rsquo;application ce mois-ci. C&rsquo;est amusant et tout, mais je ne suis pas s\u00fbr que je concr\u00e9tise cette cohorte de 800 000 et plus d&rsquo;utilisateurs quotidiens. Voici pourquoi et ce que vous devez savoir sur Yope.<\/p>\n<h2 id=\"so-whats-yope\">Alors, qu&rsquo;est-ce que Yope?<\/h2>\n<p>La fa\u00e7on la plus simple de d\u00e9crire Yope est de dire que c&rsquo;est un peu comme un Instagram priv\u00e9 crois\u00e9 avec une conversation de groupe. (Je n&rsquo;ai jamais compris l&rsquo;attrait d&rsquo;avoir un compte Instagram priv\u00e9, donc je ne vois pas l&rsquo;attrait de la publication sur une application con\u00e7ue pour cacher votre contenu \u00e0 la majorit\u00e9 des utilisateurs, mais c&rsquo;est moi.) Vous pouvez cr\u00e9er et nommer des groupes , ajoutez-y des amis, puis publiez vos photos \u00e0 ces groupes. Et c&rsquo;est essentiellement \u00e7a. Les photos cr\u00e9ent un flux que quiconque dans le petit groupe peut regarder, et vous pouvez choisir de les faire appara\u00eetre sur votre \u00e9cran de verrouillage. C&rsquo;est ce sens, cela me rappelle Locket, une application que j&rsquo;ai test\u00e9e il y a trois ans <em>aussi<\/em> Envoyez vos photos sur les \u00e9crans de verrouillage de vos amis. <\/p>\n<p>Le probl\u00e8me pour moi \u00e9tait le manque d&rsquo;amis \u00e0 mettre en groupe. J&rsquo;ai synchronis\u00e9 mes contacts tout de suite, mais sur 1 500 personnes sur mon t\u00e9l\u00e9phone, exactement z\u00e9ro d&rsquo;entre eux \u00e9taient d\u00e9j\u00e0 sur l&rsquo;application, signalant que tout le battage m\u00e9diatique autour de ce qui est grand pour la g\u00e9n\u00e9ration Z pourrait \u00eatre vrai &#8211; bien que j&rsquo;ai certainement un certain Gen-Z Les cousins \u200b\u200bont enregistr\u00e9 dans mon t\u00e9l\u00e9phone, et aucun d&rsquo;entre eux ne l&rsquo;avait non plus. <\/p>\n<p>Pour mettre l&rsquo;application \u00e0 l&rsquo;\u00e9preuve, j&rsquo;ai d\u00fb envoyer mon lien de r\u00e9f\u00e9rence \u00e0 un tas de mes amis et je les ai plaid\u00e9s pour le t\u00e9l\u00e9charger, ce qu&rsquo;ils en ont assez, \u00e9tant donn\u00e9 que je les cajole dans une nouvelle application toutes les deux semaines environ tel qu&rsquo;il est. Un seul, ma charmante amie Danielle, a accept\u00e9. Cela m&rsquo;a du moins permis de cr\u00e9er mon premier groupe.<\/p>\n<p>Je l&rsquo;ai nomm\u00e9 \u00ab\u00a0Pals\u00a0\u00bb et Dani et moi avons pass\u00e9 du temps \u00e0 t\u00e9l\u00e9charger des photos sur le flux. C&rsquo;\u00e9tait cool pendant quelques minutes, mais avec seulement deux personnes, il a vieilli rapidement. Honn\u00eatement, il n&rsquo;\u00e9tait pas trop diff\u00e9rent de la fa\u00e7on dont nous utilisons Snapchat, il y a des temps: voici une photo de ce que je regarde. Il y a une photo de votre visage. Ok, voici l&rsquo;un des <em>mon<\/em> affronter. <\/p>\n<p>Vous pouvez r\u00e9pondre \u00e0 une photo sans <em>envoi<\/em> Une photo, donc le flux fonctionne \u00e9galement comme un chat de base. Vous pouvez envoyer des photos ou des photos en temps r\u00e9el \u00e0 partir de votre appareil photo, mais c&rsquo;est \u00e0 peu pr\u00e8s tout. <\/p>\n<h2 id=\"is-yope-worth-downloading\">Yope vaut-il la peine d&rsquo;\u00eatre t\u00e9l\u00e9charg\u00e9?<\/h2>\n<div class=\"eloquent-imagery-image\">\n<div class=\"flex justify-center\">\n                    <img decoding=\"async\" class=\"border border-gray-100\" src=\"https:\/\/vieassociative.be\/actualites\/wp-content\/uploads\/2025\/02\/Jai-essaye-Yope-la-nouvelle-application-de-partage-preferee-de.png\" alt=\"Yope sur iOS\" width=\"2000\" height=\"1127\" loading=\"lazy\"  >\n            <\/div>\n<\/p><\/div>\n<p>J&rsquo;ai lu beaucoup de discours au cours des derni\u00e8res ann\u00e9es sur la fa\u00e7on dont le pendule se balance d&rsquo;un d\u00e9sir culturel de publier pour les masses, et de revenir \u00e0 une contrainte pour publier et interagir avec des groupes plus soud\u00e9s. Au lieu de tweeter ou de publier sur un Instagram public, beaucoup de gens <em>faire<\/em> semblent appr\u00e9cier d&rsquo;\u00eatre dans de petites cha\u00eenes de discorde ou de t\u00e9l\u00e9gramme sp\u00e9cifiques \u00e0 l&rsquo;int\u00e9r\u00eat, rappelant une certaine mani\u00e8re d&rsquo;une \u00e8re Internet ant\u00e9rieure qui exigeait que ce soit pour rechercher des salles de chat pour trouver des personnes partageant les m\u00eames id\u00e9es. <\/p>\n<p>Personnellement, je ne suis pas un qui d\u00e9sire une exp\u00e9rience interactive en ligne plus organis\u00e9e, donc je n&rsquo;habille pas vraiment avec Yope. M\u00eame si beaucoup de mes amis l&rsquo;utilisaient, je pr\u00e9f\u00e9rerais tout voir dans un fouillis que de tamiser les flux de groupe organis\u00e9s. Mais peut-\u00eatre que cela vous semble bon.<\/p>\n<h3>Positives de Yope:<\/h3>\n<ul>\n<li>\n<p>La configuration du compte est facile<\/p>\n<\/li>\n<li>\n<p>La fonction de synchronisation des contacts est transparente (\u00e0 condition que vous ayez des contacts qui utilisent r\u00e9ellement l&rsquo;application)<\/p>\n<\/li>\n<li>\n<p>Il n&rsquo;y a pas de filtres, et il y a un risque minimal que vos photos seront vues par quiconque que vous ne voulez pas les voir, \u00e0 moins que vos amis ne soient une capture d&rsquo;\u00e9cran et de les partager (prendre une capture d&rsquo;\u00e9cran ne d\u00e9clenche pas une notification au groupe)<\/p>\n<\/li>\n<li>\n<p>La fonction de l&rsquo;\u00e9cran de verrouillage fonctionne bien et se met \u00e0 jour imm\u00e9diatement<\/p>\n<\/li>\n<li>\n<p>Le manque de fonctionnalit\u00e9s signifie qu&rsquo;il ne semble pas \u00e9crasant; Tout ce que vous pouvez faire est de publier des photos dans votre flux de groupe<\/p>\n<\/li>\n<li>\n<p>C&rsquo;est gratuit<\/p>\n<\/li>\n<\/ul>\n<h3>Les n\u00e9gatifs de Yope:<\/h3>\n<ul>\n<li>\n<p>Cela devient un peu ennuyeux si vous n&rsquo;avez pas beaucoup de gens pour partager des photos avec<\/p>\n<\/li>\n<li>\n<p>C&rsquo;est encore une autre application de partage de photos \u00e0 ajouter \u00e0 la liste de celles que vous avez d\u00e9j\u00e0, chacune incluant probablement d\u00e9j\u00e0 le m\u00eame groupe d&rsquo;amis que vous partageriez sur Yope<\/p>\n<\/li>\n<\/ul>\n<h2 id=\"the-bottom-line-nope\">La ligne du bas: non<\/h2>\n<p>Personnellement, je ne continuerai pas \u00e0 utiliser Yope, du moins pas \u00e0 la fa\u00e7on dont j&rsquo;ai utilis\u00e9 le Bereal similaire pendant un long \u00e9tirement \u00e0 l&rsquo;\u00e9t\u00e9 2022. Cela ne signifie pas qu&rsquo;il ne continuera pas \u00e0 gagner du terrain avec les utilisateurs qui veulent r\u00e9ellement une application qui M\u00e9lange Instagram avec un chat de groupe. Il semble avoir suffisamment d&rsquo;\u00e9lan pour augmenter le capital des investisseurs, ce qui pourrait entra\u00eener une visibilit\u00e9 accrue et attirer plus d&rsquo;utilisateurs. Quelqu&rsquo;un <em>toi<\/em> Le savoir pourrait m\u00eame l&rsquo;utiliser le mois prochain, m\u00eame si vous avez plus de 27 ans.<\/p>\n","protected":false},"excerpt":{"rendered":"<p>Pensez-y comme un Instagram crois\u00e9 avec un chat de groupe priv\u00e9. Je suis toujours en train d&rsquo;essayer une nouvelle application sociale (un visage que j&rsquo;ai<\/p>\n","protected":false},"author":1,"featured_media":5394,"comment_status":"","ping_status":"","sticky":false,"template":"","format":"standard","meta":{"footnotes":""},"categories":[13],"tags":[1277,2258,5089,823,491,1276,52,5533],"class_list":["post-5393","post","type-post","status-publish","format-standard","has-post-thumbnail","hentry","category-technologie","tag-application","tag-essaye","tag-gen","tag-jai","tag-nouvelle","tag-partage","tag-preferee","tag-yope","generate-columns","tablet-grid-50","mobile-grid-100","grid-parent","grid-33"],"yoast_head":"<!-- This site is optimized with the Yoast SEO plugin v24.0 - https:\/\/yoast.com\/wordpress\/plugins\/seo\/ -->\n<title>J&#039;ai essay\u00e9 Yope, la nouvelle application de partage pr\u00e9f\u00e9r\u00e9e de Gen Z | Vie Associative<\/title>\n<meta name=\"robots\" content=\"index, follow, max-snippet:-1, max-image-preview:large, max-video-preview:-1\" \/>\n<link rel=\"canonical\" href=\"https:\/\/vieassociative.be\/actualites\/jai-essaye-yope-la-nouvelle-application-de-partage-preferee-de-gen-z\/\" \/>\n<meta property=\"og:locale\" content=\"fr_FR\" \/>\n<meta property=\"og:type\" content=\"article\" \/>\n<meta property=\"og:title\" content=\"J&#039;ai essay\u00e9 Yope, la nouvelle application de partage pr\u00e9f\u00e9r\u00e9e de Gen Z | Vie Associative\" \/>\n<meta property=\"og:description\" content=\"Pensez-y comme un Instagram crois\u00e9 avec un chat de groupe priv\u00e9. Je suis toujours en train d&rsquo;essayer une nouvelle application sociale (un visage que j&rsquo;ai\" \/>\n<meta property=\"og:url\" content=\"https:\/\/vieassociative.be\/actualites\/jai-essaye-yope-la-nouvelle-application-de-partage-preferee-de-gen-z\/\" \/>\n<meta property=\"og:site_name\" content=\"Vie Associative\" \/>\n<meta property=\"article:published_time\" content=\"2025-02-25T01:17:24+00:00\" \/>\n<meta property=\"og:image\" content=\"https:\/\/vieassociative.be\/actualites\/wp-content\/uploads\/2025\/02\/Jai-essaye-Yope-la-nouvelle-application-de-partage-preferee-de.png\" \/>\n<meta name=\"author\" content=\"Julien\" \/>\n<meta name=\"twitter:card\" content=\"summary_large_image\" \/>\n<meta name=\"twitter:label1\" content=\"\u00c9crit par\" \/>\n\t<meta name=\"twitter:data1\" content=\"Julien\" \/>\n\t<meta name=\"twitter:label2\" content=\"Dur\u00e9e de lecture est.\" \/>\n\t<meta name=\"twitter:data2\" content=\"5 minutes\" \/>\n<script type=\"application\/ld+json\" class=\"yoast-schema-graph\">{\"@context\":\"https:\/\/schema.org\",\"@graph\":[{\"@type\":\"Article\",\"@id\":\"https:\/\/vieassociative.be\/actualites\/jai-essaye-yope-la-nouvelle-application-de-partage-preferee-de-gen-z\/#article\",\"isPartOf\":{\"@id\":\"https:\/\/vieassociative.be\/actualites\/jai-essaye-yope-la-nouvelle-application-de-partage-preferee-de-gen-z\/\"},\"author\":{\"name\":\"Julien\",\"@id\":\"https:\/\/vieassociative.be\/actualites\/#\/schema\/person\/b87ac4f82f9d4e7b7cec7395b679edc4\"},\"headline\":\"J&rsquo;ai essay\u00e9 Yope, la nouvelle application de partage pr\u00e9f\u00e9r\u00e9e de Gen Z\",\"datePublished\":\"2025-02-25T01:17:24+00:00\",\"dateModified\":\"2025-02-25T01:17:24+00:00\",\"mainEntityOfPage\":{\"@id\":\"https:\/\/vieassociative.be\/actualites\/jai-essaye-yope-la-nouvelle-application-de-partage-preferee-de-gen-z\/\"},\"wordCount\":1097,\"publisher\":{\"@id\":\"https:\/\/vieassociative.be\/actualites\/#organization\"},\"image\":{\"@id\":\"https:\/\/vieassociative.be\/actualites\/jai-essaye-yope-la-nouvelle-application-de-partage-preferee-de-gen-z\/#primaryimage\"},\"thumbnailUrl\":\"https:\/\/vieassociative.be\/actualites\/wp-content\/uploads\/2025\/02\/1740446245_Jai-essaye-Yope-la-nouvelle-application-de-partage-preferee-de.png\",\"keywords\":[\"application\",\"essay\u00e9\",\"Gen\",\"Jai\",\"nouvelle\",\"partag\u00e9\",\"pr\u00e9f\u00e9r\u00e9e\",\"Yope\"],\"articleSection\":[\"Technologie\"],\"inLanguage\":\"fr-BE\"},{\"@type\":\"WebPage\",\"@id\":\"https:\/\/vieassociative.be\/actualites\/jai-essaye-yope-la-nouvelle-application-de-partage-preferee-de-gen-z\/\",\"url\":\"https:\/\/vieassociative.be\/actualites\/jai-essaye-yope-la-nouvelle-application-de-partage-preferee-de-gen-z\/\",\"name\":\"J'ai essay\u00e9 Yope, la nouvelle application de partage pr\u00e9f\u00e9r\u00e9e de Gen Z | Vie Associative\",\"isPartOf\":{\"@id\":\"https:\/\/vieassociative.be\/actualites\/#website\"},\"primaryImageOfPage\":{\"@id\":\"https:\/\/vieassociative.be\/actualites\/jai-essaye-yope-la-nouvelle-application-de-partage-preferee-de-gen-z\/#primaryimage\"},\"image\":{\"@id\":\"https:\/\/vieassociative.be\/actualites\/jai-essaye-yope-la-nouvelle-application-de-partage-preferee-de-gen-z\/#primaryimage\"},\"thumbnailUrl\":\"https:\/\/vieassociative.be\/actualites\/wp-content\/uploads\/2025\/02\/1740446245_Jai-essaye-Yope-la-nouvelle-application-de-partage-preferee-de.png\",\"datePublished\":\"2025-02-25T01:17:24+00:00\",\"dateModified\":\"2025-02-25T01:17:24+00:00\",\"breadcrumb\":{\"@id\":\"https:\/\/vieassociative.be\/actualites\/jai-essaye-yope-la-nouvelle-application-de-partage-preferee-de-gen-z\/#breadcrumb\"},\"inLanguage\":\"fr-BE\",\"potentialAction\":[{\"@type\":\"ReadAction\",\"target\":[\"https:\/\/vieassociative.be\/actualites\/jai-essaye-yope-la-nouvelle-application-de-partage-preferee-de-gen-z\/\"]}]},{\"@type\":\"ImageObject\",\"inLanguage\":\"fr-BE\",\"@id\":\"https:\/\/vieassociative.be\/actualites\/jai-essaye-yope-la-nouvelle-application-de-partage-preferee-de-gen-z\/#primaryimage\",\"url\":\"https:\/\/vieassociative.be\/actualites\/wp-content\/uploads\/2025\/02\/1740446245_Jai-essaye-Yope-la-nouvelle-application-de-partage-preferee-de.png\",\"contentUrl\":\"https:\/\/vieassociative.be\/actualites\/wp-content\/uploads\/2025\/02\/1740446245_Jai-essaye-Yope-la-nouvelle-application-de-partage-preferee-de.png\",\"width\":1200,\"height\":674,\"caption\":\"J'ai essay\u00e9 Yope, la nouvelle application de partage pr\u00e9f\u00e9r\u00e9e de Gen Z\"},{\"@type\":\"BreadcrumbList\",\"@id\":\"https:\/\/vieassociative.be\/actualites\/jai-essaye-yope-la-nouvelle-application-de-partage-preferee-de-gen-z\/#breadcrumb\",\"itemListElement\":[{\"@type\":\"ListItem\",\"position\":1,\"name\":\"Accueil\",\"item\":\"https:\/\/vieassociative.be\/actualites\/\"},{\"@type\":\"ListItem\",\"position\":2,\"name\":\"J&rsquo;ai essay\u00e9 Yope, la nouvelle application de partage pr\u00e9f\u00e9r\u00e9e de Gen Z\"}]},{\"@type\":\"WebSite\",\"@id\":\"https:\/\/vieassociative.be\/actualites\/#website\",\"url\":\"https:\/\/vieassociative.be\/actualites\/\",\"name\":\"Vie Associative\",\"description\":\"\",\"publisher\":{\"@id\":\"https:\/\/vieassociative.be\/actualites\/#organization\"},\"potentialAction\":[{\"@type\":\"SearchAction\",\"target\":{\"@type\":\"EntryPoint\",\"urlTemplate\":\"https:\/\/vieassociative.be\/actualites\/?s={search_term_string}\"},\"query-input\":{\"@type\":\"PropertyValueSpecification\",\"valueRequired\":true,\"valueName\":\"search_term_string\"}}],\"inLanguage\":\"fr-BE\"},{\"@type\":\"Organization\",\"@id\":\"https:\/\/vieassociative.be\/actualites\/#organization\",\"name\":\"Vie Associative\",\"url\":\"https:\/\/vieassociative.be\/actualites\/\",\"logo\":{\"@type\":\"ImageObject\",\"inLanguage\":\"fr-BE\",\"@id\":\"https:\/\/vieassociative.be\/actualites\/#\/schema\/logo\/image\/\",\"url\":\"https:\/\/vieassociative.be\/actualites\/wp-content\/uploads\/2024\/09\/cropped-vieassociative_favicon.ico.png\",\"contentUrl\":\"https:\/\/vieassociative.be\/actualites\/wp-content\/uploads\/2024\/09\/cropped-vieassociative_favicon.ico.png\",\"width\":512,\"height\":512,\"caption\":\"Vie Associative\"},\"image\":{\"@id\":\"https:\/\/vieassociative.be\/actualites\/#\/schema\/logo\/image\/\"}},{\"@type\":\"Person\",\"@id\":\"https:\/\/vieassociative.be\/actualites\/#\/schema\/person\/b87ac4f82f9d4e7b7cec7395b679edc4\",\"name\":\"Julien\",\"image\":{\"@type\":\"ImageObject\",\"inLanguage\":\"fr-BE\",\"@id\":\"https:\/\/vieassociative.be\/actualites\/#\/schema\/person\/image\/\",\"url\":\"https:\/\/vieassociative.be\/actualites\/wp-content\/uploads\/2024\/09\/vie-associative-1-150x150.jpg\",\"contentUrl\":\"https:\/\/vieassociative.be\/actualites\/wp-content\/uploads\/2024\/09\/vie-associative-1-150x150.jpg\",\"caption\":\"Julien\"},\"description\":\"Je suis Julien, r\u00e9dacteur pour Vie Associative. Passionn\u00e9 par le monde associatif depuis plus de 10 ans, j'ai \u00e0 c\u0153ur de partager des histoires inspirantes et de mettre en lumi\u00e8re les initiatives locales. Mon objectif est de sensibiliser et d'encourager l'engagement communautaire \u00e0 travers mes articles.\",\"sameAs\":[\"https:\/\/vieassociative.be\/\"]}]}<\/script>\n<!-- \/ Yoast SEO plugin. -->","yoast_head_json":{"title":"J'ai essay\u00e9 Yope, la nouvelle application de partage pr\u00e9f\u00e9r\u00e9e de Gen Z | Vie Associative","robots":{"index":"index","follow":"follow","max-snippet":"max-snippet:-1","max-image-preview":"max-image-preview:large","max-video-preview":"max-video-preview:-1"},"canonical":"https:\/\/vieassociative.be\/actualites\/jai-essaye-yope-la-nouvelle-application-de-partage-preferee-de-gen-z\/","og_locale":"fr_FR","og_type":"article","og_title":"J'ai essay\u00e9 Yope, la nouvelle application de partage pr\u00e9f\u00e9r\u00e9e de Gen Z | Vie Associative","og_description":"Pensez-y comme un Instagram crois\u00e9 avec un chat de groupe priv\u00e9. Je suis toujours en train d&rsquo;essayer une nouvelle application sociale (un visage que j&rsquo;ai","og_url":"https:\/\/vieassociative.be\/actualites\/jai-essaye-yope-la-nouvelle-application-de-partage-preferee-de-gen-z\/","og_site_name":"Vie Associative","article_published_time":"2025-02-25T01:17:24+00:00","og_image":[{"url":"https:\/\/vieassociative.be\/actualites\/wp-content\/uploads\/2025\/02\/Jai-essaye-Yope-la-nouvelle-application-de-partage-preferee-de.png","type":"","width":"","height":""}],"author":"Julien","twitter_card":"summary_large_image","twitter_misc":{"\u00c9crit par":"Julien","Dur\u00e9e de lecture est.":"5 minutes"},"schema":{"@context":"https:\/\/schema.org","@graph":[{"@type":"Article","@id":"https:\/\/vieassociative.be\/actualites\/jai-essaye-yope-la-nouvelle-application-de-partage-preferee-de-gen-z\/#article","isPartOf":{"@id":"https:\/\/vieassociative.be\/actualites\/jai-essaye-yope-la-nouvelle-application-de-partage-preferee-de-gen-z\/"},"author":{"name":"Julien","@id":"https:\/\/vieassociative.be\/actualites\/#\/schema\/person\/b87ac4f82f9d4e7b7cec7395b679edc4"},"headline":"J&rsquo;ai essay\u00e9 Yope, la nouvelle application de partage pr\u00e9f\u00e9r\u00e9e de Gen Z","datePublished":"2025-02-25T01:17:24+00:00","dateModified":"2025-02-25T01:17:24+00:00","mainEntityOfPage":{"@id":"https:\/\/vieassociative.be\/actualites\/jai-essaye-yope-la-nouvelle-application-de-partage-preferee-de-gen-z\/"},"wordCount":1097,"publisher":{"@id":"https:\/\/vieassociative.be\/actualites\/#organization"},"image":{"@id":"https:\/\/vieassociative.be\/actualites\/jai-essaye-yope-la-nouvelle-application-de-partage-preferee-de-gen-z\/#primaryimage"},"thumbnailUrl":"https:\/\/vieassociative.be\/actualites\/wp-content\/uploads\/2025\/02\/1740446245_Jai-essaye-Yope-la-nouvelle-application-de-partage-preferee-de.png","keywords":["application","essay\u00e9","Gen","Jai","nouvelle","partag\u00e9","pr\u00e9f\u00e9r\u00e9e","Yope"],"articleSection":["Technologie"],"inLanguage":"fr-BE"},{"@type":"WebPage","@id":"https:\/\/vieassociative.be\/actualites\/jai-essaye-yope-la-nouvelle-application-de-partage-preferee-de-gen-z\/","url":"https:\/\/vieassociative.be\/actualites\/jai-essaye-yope-la-nouvelle-application-de-partage-preferee-de-gen-z\/","name":"J'ai essay\u00e9 Yope, la nouvelle application de partage pr\u00e9f\u00e9r\u00e9e de Gen Z | Vie Associative","isPartOf":{"@id":"https:\/\/vieassociative.be\/actualites\/#website"},"primaryImageOfPage":{"@id":"https:\/\/vieassociative.be\/actualites\/jai-essaye-yope-la-nouvelle-application-de-partage-preferee-de-gen-z\/#primaryimage"},"image":{"@id":"https:\/\/vieassociative.be\/actualites\/jai-essaye-yope-la-nouvelle-application-de-partage-preferee-de-gen-z\/#primaryimage"},"thumbnailUrl":"https:\/\/vieassociative.be\/actualites\/wp-content\/uploads\/2025\/02\/1740446245_Jai-essaye-Yope-la-nouvelle-application-de-partage-preferee-de.png","datePublished":"2025-02-25T01:17:24+00:00","dateModified":"2025-02-25T01:17:24+00:00","breadcrumb":{"@id":"https:\/\/vieassociative.be\/actualites\/jai-essaye-yope-la-nouvelle-application-de-partage-preferee-de-gen-z\/#breadcrumb"},"inLanguage":"fr-BE","potentialAction":[{"@type":"ReadAction","target":["https:\/\/vieassociative.be\/actualites\/jai-essaye-yope-la-nouvelle-application-de-partage-preferee-de-gen-z\/"]}]},{"@type":"ImageObject","inLanguage":"fr-BE","@id":"https:\/\/vieassociative.be\/actualites\/jai-essaye-yope-la-nouvelle-application-de-partage-preferee-de-gen-z\/#primaryimage","url":"https:\/\/vieassociative.be\/actualites\/wp-content\/uploads\/2025\/02\/1740446245_Jai-essaye-Yope-la-nouvelle-application-de-partage-preferee-de.png","contentUrl":"https:\/\/vieassociative.be\/actualites\/wp-content\/uploads\/2025\/02\/1740446245_Jai-essaye-Yope-la-nouvelle-application-de-partage-preferee-de.png","width":1200,"height":674,"caption":"J'ai essay\u00e9 Yope, la nouvelle application de partage pr\u00e9f\u00e9r\u00e9e de Gen Z"},{"@type":"BreadcrumbList","@id":"https:\/\/vieassociative.be\/actualites\/jai-essaye-yope-la-nouvelle-application-de-partage-preferee-de-gen-z\/#breadcrumb","itemListElement":[{"@type":"ListItem","position":1,"name":"Accueil","item":"https:\/\/vieassociative.be\/actualites\/"},{"@type":"ListItem","position":2,"name":"J&rsquo;ai essay\u00e9 Yope, la nouvelle application de partage pr\u00e9f\u00e9r\u00e9e de Gen Z"}]},{"@type":"WebSite","@id":"https:\/\/vieassociative.be\/actualites\/#website","url":"https:\/\/vieassociative.be\/actualites\/","name":"Vie Associative","description":"","publisher":{"@id":"https:\/\/vieassociative.be\/actualites\/#organization"},"potentialAction":[{"@type":"SearchAction","target":{"@type":"EntryPoint","urlTemplate":"https:\/\/vieassociative.be\/actualites\/?s={search_term_string}"},"query-input":{"@type":"PropertyValueSpecification","valueRequired":true,"valueName":"search_term_string"}}],"inLanguage":"fr-BE"},{"@type":"Organization","@id":"https:\/\/vieassociative.be\/actualites\/#organization","name":"Vie Associative","url":"https:\/\/vieassociative.be\/actualites\/","logo":{"@type":"ImageObject","inLanguage":"fr-BE","@id":"https:\/\/vieassociative.be\/actualites\/#\/schema\/logo\/image\/","url":"https:\/\/vieassociative.be\/actualites\/wp-content\/uploads\/2024\/09\/cropped-vieassociative_favicon.ico.png","contentUrl":"https:\/\/vieassociative.be\/actualites\/wp-content\/uploads\/2024\/09\/cropped-vieassociative_favicon.ico.png","width":512,"height":512,"caption":"Vie Associative"},"image":{"@id":"https:\/\/vieassociative.be\/actualites\/#\/schema\/logo\/image\/"}},{"@type":"Person","@id":"https:\/\/vieassociative.be\/actualites\/#\/schema\/person\/b87ac4f82f9d4e7b7cec7395b679edc4","name":"Julien","image":{"@type":"ImageObject","inLanguage":"fr-BE","@id":"https:\/\/vieassociative.be\/actualites\/#\/schema\/person\/image\/","url":"https:\/\/vieassociative.be\/actualites\/wp-content\/uploads\/2024\/09\/vie-associative-1-150x150.jpg","contentUrl":"https:\/\/vieassociative.be\/actualites\/wp-content\/uploads\/2024\/09\/vie-associative-1-150x150.jpg","caption":"Julien"},"description":"Je suis Julien, r\u00e9dacteur pour Vie Associative. Passionn\u00e9 par le monde associatif depuis plus de 10 ans, j'ai \u00e0 c\u0153ur de partager des histoires inspirantes et de mettre en lumi\u00e8re les initiatives locales. Mon objectif est de sensibiliser et d'encourager l'engagement communautaire \u00e0 travers mes articles.","sameAs":["https:\/\/vieassociative.be\/"]}]}},"_links":{"self":[{"href":"https:\/\/vieassociative.be\/actualites\/wp-json\/wp\/v2\/posts\/5393"}],"collection":[{"href":"https:\/\/vieassociative.be\/actualites\/wp-json\/wp\/v2\/posts"}],"about":[{"href":"https:\/\/vieassociative.be\/actualites\/wp-json\/wp\/v2\/types\/post"}],"author":[{"embeddable":true,"href":"https:\/\/vieassociative.be\/actualites\/wp-json\/wp\/v2\/users\/1"}],"replies":[{"embeddable":true,"href":"https:\/\/vieassociative.be\/actualites\/wp-json\/wp\/v2\/comments?post=5393"}],"version-history":[{"count":0,"href":"https:\/\/vieassociative.be\/actualites\/wp-json\/wp\/v2\/posts\/5393\/revisions"}],"wp:featuredmedia":[{"embeddable":true,"href":"https:\/\/vieassociative.be\/actualites\/wp-json\/wp\/v2\/media\/5394"}],"wp:attachment":[{"href":"https:\/\/vieassociative.be\/actualites\/wp-json\/wp\/v2\/media?parent=5393"}],"wp:term":[{"taxonomy":"category","embeddable":true,"href":"https:\/\/vieassociative.be\/actualites\/wp-json\/wp\/v2\/categories?post=5393"},{"taxonomy":"post_tag","embeddable":true,"href":"https:\/\/vieassociative.be\/actualites\/wp-json\/wp\/v2\/tags?post=5393"}],"curies":[{"name":"wp","href":"https:\/\/api.w.org\/{rel}","templated":true}]}}