{"id":5388,"date":"2025-02-24T21:17:53","date_gmt":"2025-02-24T20:17:53","guid":{"rendered":"https:\/\/vieassociative.be\/actualites\/plus-de-volume-de-donnees-a-tchamba-a-partir-du-1er-mars\/"},"modified":"2025-02-24T21:17:53","modified_gmt":"2025-02-24T20:17:53","slug":"plus-de-volume-de-donnees-a-tchamba-a-partir-du-1er-mars","status":"publish","type":"post","link":"https:\/\/vieassociative.be\/actualites\/plus-de-volume-de-donnees-a-tchamba-a-partir-du-1er-mars\/","title":{"rendered":"Plus de volume de donn\u00e9es \u00e0 Tchamba \u00e0 partir du 1er mars"},"content":{"rendered":"<p><strong>Plus de donn\u00e9es, le m\u00eame prix: l&rsquo;op\u00e9rateur mobile Tchamba Telecom annonce une am\u00e9lioration significative de ses tarifs de t\u00e9l\u00e9phonie mobile.<\/strong><\/p>\n<p><span id=\"more-409017\"><\/span>\u00c0 partir du 1er mars 2025, les abonn\u00e9s recevront une augmentation de leur volume de donn\u00e9es &#8211; sans co\u00fbts suppl\u00e9mentaires.<\/p>\n<p>Cette \u00e9volution vise \u00e0 r\u00e9pondre \u00e0 la demande des utilisateurs. Bien que plusieurs augmentations du volume de donn\u00e9es aient d\u00e9j\u00e0 \u00e9t\u00e9 r\u00e9alis\u00e9es dans le pass\u00e9, le mini tarif est rest\u00e9 limit\u00e9.<\/p>\n<p>Cette fois, Tchamba Telecom a pris en compte les attentes de ses clients et offre une augmentation significative du mini abonnement: de 2 Go \u00e0 8 Go pour seulement 9,99 \u20ac par mois.<\/p>\n<p><b>Voici les nouvelles limites de volume de donn\u00e9es:<\/b><\/p>\n<ul>\n<li>Mini: passe de 2 Go \u00e0 8 Go<\/li>\n<li>Petit: passe de 10 Go \u00e0 20 Go<\/li>\n<li>Medium: passe de 30 Go \u00e0 40 Go<\/li>\n<li>Big: passe de 70 Go \u00e0 80 Go<\/li>\n<li>Extra gros: reste illimit\u00e9<\/li>\n<\/ul>\n<p>Une autre innovation: la 5G est d\u00e9sormais disponible gratuitement pour les abonn\u00e9s au petit tarif. Jusqu&rsquo;\u00e0 pr\u00e9sent, cela n&rsquo;\u00e9tait destin\u00e9 que pour les tarifs moyens, grands et plus grands.<\/p>\n<p>Cette am\u00e9lioration devrait permettre \u00e0 davantage d&rsquo;utilisateurs de b\u00e9n\u00e9ficier d&rsquo;une connexion mobile plus rapide et plus puissante.<\/p>\n<p>Avec ces changements, Tchamba souhaite renforcer son attractivit\u00e9 sur le march\u00e9 et r\u00e9pondre aux besoins des consommateurs apr\u00e8s des solutions de plus en plus g\u00e9n\u00e9reuses.<\/p>\n<p>Tchamba<br \/>\nHerbestheur Str 321<br \/>\n4700 Eupen<br \/>\nT\u00e9l.<br \/>\nWhatsApp: +32 (0) 484 23 23 23<br \/>\nCourriel: info@tchamba.be<br \/>\nwww.tchamba.be<\/p>\n","protected":false},"excerpt":{"rendered":"<p>Plus de donn\u00e9es, le m\u00eame prix: l&rsquo;op\u00e9rateur mobile Tchamba Telecom annonce une am\u00e9lioration significative de ses tarifs de t\u00e9l\u00e9phonie mobile. \u00c0 partir du 1er mars<\/p>\n","protected":false},"author":1,"featured_media":5389,"comment_status":"","ping_status":"","sticky":false,"template":"","format":"standard","meta":{"footnotes":""},"categories":[298],"tags":[1146,154,3221,1591,3768,5529],"class_list":["post-5388","post","type-post","status-publish","format-standard","has-post-thumbnail","hentry","category-belgique","tag-1er","tag-donnees","tag-mars","tag-partir","tag-tchamba","tag-volume","generate-columns","tablet-grid-50","mobile-grid-100","grid-parent","grid-33"],"yoast_head":"<!-- This site is optimized with the Yoast SEO plugin v24.0 - https:\/\/yoast.com\/wordpress\/plugins\/seo\/ -->\n<title>Plus de volume de donn\u00e9es \u00e0 Tchamba \u00e0 partir du 1er mars | Vie Associative<\/title>\n<meta name=\"robots\" content=\"index, follow, max-snippet:-1, max-image-preview:large, max-video-preview:-1\" \/>\n<link rel=\"canonical\" href=\"https:\/\/vieassociative.be\/actualites\/plus-de-volume-de-donnees-a-tchamba-a-partir-du-1er-mars\/\" \/>\n<meta property=\"og:locale\" content=\"fr_FR\" \/>\n<meta property=\"og:type\" content=\"article\" \/>\n<meta property=\"og:title\" content=\"Plus de volume de donn\u00e9es \u00e0 Tchamba \u00e0 partir du 1er mars | Vie Associative\" \/>\n<meta property=\"og:description\" content=\"Plus de donn\u00e9es, le m\u00eame prix: l&rsquo;op\u00e9rateur mobile Tchamba Telecom annonce une am\u00e9lioration significative de ses tarifs de t\u00e9l\u00e9phonie mobile. \u00c0 partir du 1er mars\" \/>\n<meta property=\"og:url\" content=\"https:\/\/vieassociative.be\/actualites\/plus-de-volume-de-donnees-a-tchamba-a-partir-du-1er-mars\/\" \/>\n<meta property=\"og:site_name\" content=\"Vie Associative\" \/>\n<meta property=\"article:published_time\" content=\"2025-02-24T20:17:53+00:00\" \/>\n<meta property=\"og:image\" content=\"https:\/\/vieassociative.be\/actualites\/wp-content\/uploads\/2024\/09\/header_backgroundk-01-e1726694325946.png\" \/>\n\t<meta property=\"og:image:width\" content=\"279\" \/>\n\t<meta property=\"og:image:height\" content=\"92\" \/>\n\t<meta property=\"og:image:type\" content=\"image\/png\" \/>\n<meta name=\"author\" content=\"Julien\" \/>\n<meta name=\"twitter:card\" content=\"summary_large_image\" \/>\n<meta name=\"twitter:label1\" content=\"\u00c9crit par\" \/>\n\t<meta name=\"twitter:data1\" content=\"Julien\" \/>\n\t<meta name=\"twitter:label2\" content=\"Dur\u00e9e de lecture est.\" \/>\n\t<meta name=\"twitter:data2\" content=\"1 minute\" \/>\n<script type=\"application\/ld+json\" class=\"yoast-schema-graph\">{\"@context\":\"https:\/\/schema.org\",\"@graph\":[{\"@type\":\"Article\",\"@id\":\"https:\/\/vieassociative.be\/actualites\/plus-de-volume-de-donnees-a-tchamba-a-partir-du-1er-mars\/#article\",\"isPartOf\":{\"@id\":\"https:\/\/vieassociative.be\/actualites\/plus-de-volume-de-donnees-a-tchamba-a-partir-du-1er-mars\/\"},\"author\":{\"name\":\"Julien\",\"@id\":\"https:\/\/vieassociative.be\/actualites\/#\/schema\/person\/b87ac4f82f9d4e7b7cec7395b679edc4\"},\"headline\":\"Plus de volume de donn\u00e9es \u00e0 Tchamba \u00e0 partir du 1er mars\",\"datePublished\":\"2025-02-24T20:17:53+00:00\",\"dateModified\":\"2025-02-24T20:17:53+00:00\",\"mainEntityOfPage\":{\"@id\":\"https:\/\/vieassociative.be\/actualites\/plus-de-volume-de-donnees-a-tchamba-a-partir-du-1er-mars\/\"},\"wordCount\":252,\"publisher\":{\"@id\":\"https:\/\/vieassociative.be\/actualites\/#organization\"},\"image\":{\"@id\":\"https:\/\/vieassociative.be\/actualites\/plus-de-volume-de-donnees-a-tchamba-a-partir-du-1er-mars\/#primaryimage\"},\"thumbnailUrl\":\"https:\/\/vieassociative.be\/actualites\/wp-content\/uploads\/2025\/02\/Plus-de-volume-de-donnees-a-Tchamba-a-partir-du.jpg\",\"keywords\":[\"1er\",\"donn\u00e9es\",\"mars\",\"partir\",\"TCHAMBA\",\"volume\"],\"articleSection\":[\"Belgique\"],\"inLanguage\":\"fr-BE\"},{\"@type\":\"WebPage\",\"@id\":\"https:\/\/vieassociative.be\/actualites\/plus-de-volume-de-donnees-a-tchamba-a-partir-du-1er-mars\/\",\"url\":\"https:\/\/vieassociative.be\/actualites\/plus-de-volume-de-donnees-a-tchamba-a-partir-du-1er-mars\/\",\"name\":\"Plus de volume de donn\u00e9es \u00e0 Tchamba \u00e0 partir du 1er mars | Vie Associative\",\"isPartOf\":{\"@id\":\"https:\/\/vieassociative.be\/actualites\/#website\"},\"primaryImageOfPage\":{\"@id\":\"https:\/\/vieassociative.be\/actualites\/plus-de-volume-de-donnees-a-tchamba-a-partir-du-1er-mars\/#primaryimage\"},\"image\":{\"@id\":\"https:\/\/vieassociative.be\/actualites\/plus-de-volume-de-donnees-a-tchamba-a-partir-du-1er-mars\/#primaryimage\"},\"thumbnailUrl\":\"https:\/\/vieassociative.be\/actualites\/wp-content\/uploads\/2025\/02\/Plus-de-volume-de-donnees-a-Tchamba-a-partir-du.jpg\",\"datePublished\":\"2025-02-24T20:17:53+00:00\",\"dateModified\":\"2025-02-24T20:17:53+00:00\",\"breadcrumb\":{\"@id\":\"https:\/\/vieassociative.be\/actualites\/plus-de-volume-de-donnees-a-tchamba-a-partir-du-1er-mars\/#breadcrumb\"},\"inLanguage\":\"fr-BE\",\"potentialAction\":[{\"@type\":\"ReadAction\",\"target\":[\"https:\/\/vieassociative.be\/actualites\/plus-de-volume-de-donnees-a-tchamba-a-partir-du-1er-mars\/\"]}]},{\"@type\":\"ImageObject\",\"inLanguage\":\"fr-BE\",\"@id\":\"https:\/\/vieassociative.be\/actualites\/plus-de-volume-de-donnees-a-tchamba-a-partir-du-1er-mars\/#primaryimage\",\"url\":\"https:\/\/vieassociative.be\/actualites\/wp-content\/uploads\/2025\/02\/Plus-de-volume-de-donnees-a-Tchamba-a-partir-du.jpg\",\"contentUrl\":\"https:\/\/vieassociative.be\/actualites\/wp-content\/uploads\/2025\/02\/Plus-de-volume-de-donnees-a-Tchamba-a-partir-du.jpg\",\"width\":1200,\"height\":698,\"caption\":\"Plus de volume de donn\u00e9es \u00e0 Tchamba \u00e0 partir du 1er mars\"},{\"@type\":\"BreadcrumbList\",\"@id\":\"https:\/\/vieassociative.be\/actualites\/plus-de-volume-de-donnees-a-tchamba-a-partir-du-1er-mars\/#breadcrumb\",\"itemListElement\":[{\"@type\":\"ListItem\",\"position\":1,\"name\":\"Accueil\",\"item\":\"https:\/\/vieassociative.be\/actualites\/\"},{\"@type\":\"ListItem\",\"position\":2,\"name\":\"Plus de volume de donn\u00e9es \u00e0 Tchamba \u00e0 partir du 1er mars\"}]},{\"@type\":\"WebSite\",\"@id\":\"https:\/\/vieassociative.be\/actualites\/#website\",\"url\":\"https:\/\/vieassociative.be\/actualites\/\",\"name\":\"Vie Associative\",\"description\":\"\",\"publisher\":{\"@id\":\"https:\/\/vieassociative.be\/actualites\/#organization\"},\"potentialAction\":[{\"@type\":\"SearchAction\",\"target\":{\"@type\":\"EntryPoint\",\"urlTemplate\":\"https:\/\/vieassociative.be\/actualites\/?s={search_term_string}\"},\"query-input\":{\"@type\":\"PropertyValueSpecification\",\"valueRequired\":true,\"valueName\":\"search_term_string\"}}],\"inLanguage\":\"fr-BE\"},{\"@type\":\"Organization\",\"@id\":\"https:\/\/vieassociative.be\/actualites\/#organization\",\"name\":\"Vie Associative\",\"url\":\"https:\/\/vieassociative.be\/actualites\/\",\"logo\":{\"@type\":\"ImageObject\",\"inLanguage\":\"fr-BE\",\"@id\":\"https:\/\/vieassociative.be\/actualites\/#\/schema\/logo\/image\/\",\"url\":\"https:\/\/vieassociative.be\/actualites\/wp-content\/uploads\/2024\/09\/cropped-vieassociative_favicon.ico.png\",\"contentUrl\":\"https:\/\/vieassociative.be\/actualites\/wp-content\/uploads\/2024\/09\/cropped-vieassociative_favicon.ico.png\",\"width\":512,\"height\":512,\"caption\":\"Vie Associative\"},\"image\":{\"@id\":\"https:\/\/vieassociative.be\/actualites\/#\/schema\/logo\/image\/\"}},{\"@type\":\"Person\",\"@id\":\"https:\/\/vieassociative.be\/actualites\/#\/schema\/person\/b87ac4f82f9d4e7b7cec7395b679edc4\",\"name\":\"Julien\",\"image\":{\"@type\":\"ImageObject\",\"inLanguage\":\"fr-BE\",\"@id\":\"https:\/\/vieassociative.be\/actualites\/#\/schema\/person\/image\/\",\"url\":\"https:\/\/vieassociative.be\/actualites\/wp-content\/uploads\/2024\/09\/vie-associative-1-150x150.jpg\",\"contentUrl\":\"https:\/\/vieassociative.be\/actualites\/wp-content\/uploads\/2024\/09\/vie-associative-1-150x150.jpg\",\"caption\":\"Julien\"},\"description\":\"Je suis Julien, r\u00e9dacteur pour Vie Associative. Passionn\u00e9 par le monde associatif depuis plus de 10 ans, j'ai \u00e0 c\u0153ur de partager des histoires inspirantes et de mettre en lumi\u00e8re les initiatives locales. Mon objectif est de sensibiliser et d'encourager l'engagement communautaire \u00e0 travers mes articles.\",\"sameAs\":[\"https:\/\/vieassociative.be\/\"]}]}<\/script>\n<!-- \/ Yoast SEO plugin. -->","yoast_head_json":{"title":"Plus de volume de donn\u00e9es \u00e0 Tchamba \u00e0 partir du 1er mars | Vie Associative","robots":{"index":"index","follow":"follow","max-snippet":"max-snippet:-1","max-image-preview":"max-image-preview:large","max-video-preview":"max-video-preview:-1"},"canonical":"https:\/\/vieassociative.be\/actualites\/plus-de-volume-de-donnees-a-tchamba-a-partir-du-1er-mars\/","og_locale":"fr_FR","og_type":"article","og_title":"Plus de volume de donn\u00e9es \u00e0 Tchamba \u00e0 partir du 1er mars | Vie Associative","og_description":"Plus de donn\u00e9es, le m\u00eame prix: l&rsquo;op\u00e9rateur mobile Tchamba Telecom annonce une am\u00e9lioration significative de ses tarifs de t\u00e9l\u00e9phonie mobile. \u00c0 partir du 1er mars","og_url":"https:\/\/vieassociative.be\/actualites\/plus-de-volume-de-donnees-a-tchamba-a-partir-du-1er-mars\/","og_site_name":"Vie Associative","article_published_time":"2025-02-24T20:17:53+00:00","og_image":[{"width":279,"height":92,"url":"https:\/\/vieassociative.be\/actualites\/wp-content\/uploads\/2024\/09\/header_backgroundk-01-e1726694325946.png","type":"image\/png"}],"author":"Julien","twitter_card":"summary_large_image","twitter_misc":{"\u00c9crit par":"Julien","Dur\u00e9e de lecture est.":"1 minute"},"schema":{"@context":"https:\/\/schema.org","@graph":[{"@type":"Article","@id":"https:\/\/vieassociative.be\/actualites\/plus-de-volume-de-donnees-a-tchamba-a-partir-du-1er-mars\/#article","isPartOf":{"@id":"https:\/\/vieassociative.be\/actualites\/plus-de-volume-de-donnees-a-tchamba-a-partir-du-1er-mars\/"},"author":{"name":"Julien","@id":"https:\/\/vieassociative.be\/actualites\/#\/schema\/person\/b87ac4f82f9d4e7b7cec7395b679edc4"},"headline":"Plus de volume de donn\u00e9es \u00e0 Tchamba \u00e0 partir du 1er mars","datePublished":"2025-02-24T20:17:53+00:00","dateModified":"2025-02-24T20:17:53+00:00","mainEntityOfPage":{"@id":"https:\/\/vieassociative.be\/actualites\/plus-de-volume-de-donnees-a-tchamba-a-partir-du-1er-mars\/"},"wordCount":252,"publisher":{"@id":"https:\/\/vieassociative.be\/actualites\/#organization"},"image":{"@id":"https:\/\/vieassociative.be\/actualites\/plus-de-volume-de-donnees-a-tchamba-a-partir-du-1er-mars\/#primaryimage"},"thumbnailUrl":"https:\/\/vieassociative.be\/actualites\/wp-content\/uploads\/2025\/02\/Plus-de-volume-de-donnees-a-Tchamba-a-partir-du.jpg","keywords":["1er","donn\u00e9es","mars","partir","TCHAMBA","volume"],"articleSection":["Belgique"],"inLanguage":"fr-BE"},{"@type":"WebPage","@id":"https:\/\/vieassociative.be\/actualites\/plus-de-volume-de-donnees-a-tchamba-a-partir-du-1er-mars\/","url":"https:\/\/vieassociative.be\/actualites\/plus-de-volume-de-donnees-a-tchamba-a-partir-du-1er-mars\/","name":"Plus de volume de donn\u00e9es \u00e0 Tchamba \u00e0 partir du 1er mars | Vie Associative","isPartOf":{"@id":"https:\/\/vieassociative.be\/actualites\/#website"},"primaryImageOfPage":{"@id":"https:\/\/vieassociative.be\/actualites\/plus-de-volume-de-donnees-a-tchamba-a-partir-du-1er-mars\/#primaryimage"},"image":{"@id":"https:\/\/vieassociative.be\/actualites\/plus-de-volume-de-donnees-a-tchamba-a-partir-du-1er-mars\/#primaryimage"},"thumbnailUrl":"https:\/\/vieassociative.be\/actualites\/wp-content\/uploads\/2025\/02\/Plus-de-volume-de-donnees-a-Tchamba-a-partir-du.jpg","datePublished":"2025-02-24T20:17:53+00:00","dateModified":"2025-02-24T20:17:53+00:00","breadcrumb":{"@id":"https:\/\/vieassociative.be\/actualites\/plus-de-volume-de-donnees-a-tchamba-a-partir-du-1er-mars\/#breadcrumb"},"inLanguage":"fr-BE","potentialAction":[{"@type":"ReadAction","target":["https:\/\/vieassociative.be\/actualites\/plus-de-volume-de-donnees-a-tchamba-a-partir-du-1er-mars\/"]}]},{"@type":"ImageObject","inLanguage":"fr-BE","@id":"https:\/\/vieassociative.be\/actualites\/plus-de-volume-de-donnees-a-tchamba-a-partir-du-1er-mars\/#primaryimage","url":"https:\/\/vieassociative.be\/actualites\/wp-content\/uploads\/2025\/02\/Plus-de-volume-de-donnees-a-Tchamba-a-partir-du.jpg","contentUrl":"https:\/\/vieassociative.be\/actualites\/wp-content\/uploads\/2025\/02\/Plus-de-volume-de-donnees-a-Tchamba-a-partir-du.jpg","width":1200,"height":698,"caption":"Plus de volume de donn\u00e9es \u00e0 Tchamba \u00e0 partir du 1er mars"},{"@type":"BreadcrumbList","@id":"https:\/\/vieassociative.be\/actualites\/plus-de-volume-de-donnees-a-tchamba-a-partir-du-1er-mars\/#breadcrumb","itemListElement":[{"@type":"ListItem","position":1,"name":"Accueil","item":"https:\/\/vieassociative.be\/actualites\/"},{"@type":"ListItem","position":2,"name":"Plus de volume de donn\u00e9es \u00e0 Tchamba \u00e0 partir du 1er mars"}]},{"@type":"WebSite","@id":"https:\/\/vieassociative.be\/actualites\/#website","url":"https:\/\/vieassociative.be\/actualites\/","name":"Vie Associative","description":"","publisher":{"@id":"https:\/\/vieassociative.be\/actualites\/#organization"},"potentialAction":[{"@type":"SearchAction","target":{"@type":"EntryPoint","urlTemplate":"https:\/\/vieassociative.be\/actualites\/?s={search_term_string}"},"query-input":{"@type":"PropertyValueSpecification","valueRequired":true,"valueName":"search_term_string"}}],"inLanguage":"fr-BE"},{"@type":"Organization","@id":"https:\/\/vieassociative.be\/actualites\/#organization","name":"Vie Associative","url":"https:\/\/vieassociative.be\/actualites\/","logo":{"@type":"ImageObject","inLanguage":"fr-BE","@id":"https:\/\/vieassociative.be\/actualites\/#\/schema\/logo\/image\/","url":"https:\/\/vieassociative.be\/actualites\/wp-content\/uploads\/2024\/09\/cropped-vieassociative_favicon.ico.png","contentUrl":"https:\/\/vieassociative.be\/actualites\/wp-content\/uploads\/2024\/09\/cropped-vieassociative_favicon.ico.png","width":512,"height":512,"caption":"Vie Associative"},"image":{"@id":"https:\/\/vieassociative.be\/actualites\/#\/schema\/logo\/image\/"}},{"@type":"Person","@id":"https:\/\/vieassociative.be\/actualites\/#\/schema\/person\/b87ac4f82f9d4e7b7cec7395b679edc4","name":"Julien","image":{"@type":"ImageObject","inLanguage":"fr-BE","@id":"https:\/\/vieassociative.be\/actualites\/#\/schema\/person\/image\/","url":"https:\/\/vieassociative.be\/actualites\/wp-content\/uploads\/2024\/09\/vie-associative-1-150x150.jpg","contentUrl":"https:\/\/vieassociative.be\/actualites\/wp-content\/uploads\/2024\/09\/vie-associative-1-150x150.jpg","caption":"Julien"},"description":"Je suis Julien, r\u00e9dacteur pour Vie Associative. Passionn\u00e9 par le monde associatif depuis plus de 10 ans, j'ai \u00e0 c\u0153ur de partager des histoires inspirantes et de mettre en lumi\u00e8re les initiatives locales. Mon objectif est de sensibiliser et d'encourager l'engagement communautaire \u00e0 travers mes articles.","sameAs":["https:\/\/vieassociative.be\/"]}]}},"_links":{"self":[{"href":"https:\/\/vieassociative.be\/actualites\/wp-json\/wp\/v2\/posts\/5388"}],"collection":[{"href":"https:\/\/vieassociative.be\/actualites\/wp-json\/wp\/v2\/posts"}],"about":[{"href":"https:\/\/vieassociative.be\/actualites\/wp-json\/wp\/v2\/types\/post"}],"author":[{"embeddable":true,"href":"https:\/\/vieassociative.be\/actualites\/wp-json\/wp\/v2\/users\/1"}],"replies":[{"embeddable":true,"href":"https:\/\/vieassociative.be\/actualites\/wp-json\/wp\/v2\/comments?post=5388"}],"version-history":[{"count":0,"href":"https:\/\/vieassociative.be\/actualites\/wp-json\/wp\/v2\/posts\/5388\/revisions"}],"wp:featuredmedia":[{"embeddable":true,"href":"https:\/\/vieassociative.be\/actualites\/wp-json\/wp\/v2\/media\/5389"}],"wp:attachment":[{"href":"https:\/\/vieassociative.be\/actualites\/wp-json\/wp\/v2\/media?parent=5388"}],"wp:term":[{"taxonomy":"category","embeddable":true,"href":"https:\/\/vieassociative.be\/actualites\/wp-json\/wp\/v2\/categories?post=5388"},{"taxonomy":"post_tag","embeddable":true,"href":"https:\/\/vieassociative.be\/actualites\/wp-json\/wp\/v2\/tags?post=5388"}],"curies":[{"name":"wp","href":"https:\/\/api.w.org\/{rel}","templated":true}]}}