{"id":5383,"date":"2025-02-24T15:17:06","date_gmt":"2025-02-24T14:17:06","guid":{"rendered":"https:\/\/vieassociative.be\/actualites\/brawl-rapide-et-combats-cyclistes-ivres\/"},"modified":"2025-02-24T15:17:06","modified_gmt":"2025-02-24T14:17:06","slug":"brawl-rapide-et-combats-cyclistes-ivres","status":"publish","type":"post","link":"https:\/\/vieassociative.be\/actualites\/brawl-rapide-et-combats-cyclistes-ivres\/","title":{"rendered":"Brawl rapide et combats-cyclistes ivres"},"content":{"rendered":"<p><strong>La zone de police de Weser-G\u00f6hl rapporte plusieurs incidents dans son rapport \u00e0 partir du lundi 24\/02.<\/strong><\/p>\n<p><span id=\"more-408999\"><\/span><strong>&#8211; Humeur agressive au match de football en salle:<\/strong> Le 21\/02, les services de la zone de police de Weser-G\u00f6hl seront appel\u00e9s \u00e0 l&rsquo;herbesthale, Kirchstra\u00dfe, \u00e0 la salle polyvalente l\u00e0-bas. Les services de police sont inform\u00e9s \u00e0 l&rsquo;avance qu&rsquo;au cours d&rsquo;un match de football en salle, il y a eu de tels probl\u00e8mes qui ont presque \u00e9t\u00e9 montr\u00e9s dans un combat entre plusieurs personnes. On parle d&rsquo;environ 30 personnes impliqu\u00e9es.<\/p>\n<p>L&rsquo;arbitre a ensuite rompu le jeu. L&rsquo;ambiance sur place devrait \u00eatre extr\u00eamement agressive. Les protagonistes peuvent \u00eatre trouv\u00e9s sur la salle multipulaire. Une page attend devant le couloir que les autres sortent. Plusieurs personnes sont identifi\u00e9es par les services de police. L&rsquo;\u00e9quipe visiteuse quitte ensuite les places. Personne n&rsquo;est bless\u00e9.<\/p>\n<p><strong>&#8211; Cyclistes ivres:<\/strong> Le 22\/02, il y aura un accident de la circulation avec des blessures \u00e0 19h15. Ici, un cycliste (homme, 29 ans) de Kaperberg est entr\u00e9 dans ledit rond-point. <\/p>\n<p>Une femme (27 ans) va \u00e9galement au rond-point avec sa voiture de Judenstrasse. Le cycliste rejoint le c\u00f4t\u00e9 conducteur de la voiture et tombe au sol. Le service de police sur place constate que le cycliste est fortement sous l&rsquo;influence de l&rsquo;alcool et des drogues. Les deux tests sont positifs. Le cycliste est emmen\u00e9 \u00e0 l&rsquo;h\u00f4pital d&rsquo;Eupen par le service d&rsquo;urgence \u00e9merg\u00e9.<\/p>\n<p><strong>&#8211; Batchery:<\/strong> Le 23\/02, les services de la zone de police de Weser-G\u00f6hl seront appel\u00e9s deux fois au petit matin \u00e0 Eupen, \u00e0 la cabane, pour participer \u00e0 \u00ab\u00a0Ochsenalm\u00a0\u00bb. Dans les deux cas, c&rsquo;\u00e9tait un combat. Lors du deuxi\u00e8me combat, la suppos\u00e9e victime a d\u00fb \u00eatre trait\u00e9e aux urgences de l&rsquo;h\u00f4pital Eupen.<\/p>\n<p><strong>&#8211; Divers:<\/strong> Pendant le week-end, 1 conducteur a \u00e9t\u00e9 test\u00e9 positivement pour les drogues et 7 conducteurs d&rsquo;alcool au volant. Pour deux de ces conducteurs, la valeur de l&rsquo;alcool \u00e9tait si \u00e9lev\u00e9e que leur permis de conduire a \u00e9t\u00e9 imm\u00e9diatement d\u00e9plac\u00e9.<\/p>\n","protected":false},"excerpt":{"rendered":"<p>La zone de police de Weser-G\u00f6hl rapporte plusieurs incidents dans son rapport \u00e0 partir du lundi 24\/02. &#8211; Humeur agressive au match de football en<\/p>\n","protected":false},"author":1,"featured_media":1939,"comment_status":"","ping_status":"","sticky":false,"template":"","format":"standard","meta":{"footnotes":""},"categories":[298],"tags":[5525,5526,5527,1339],"class_list":["post-5383","post","type-post","status-publish","format-standard","has-post-thumbnail","hentry","category-belgique","tag-brawl","tag-combatscyclistes","tag-ivres","tag-rapide","generate-columns","tablet-grid-50","mobile-grid-100","grid-parent","grid-33"],"yoast_head":"<!-- This site is optimized with the Yoast SEO plugin v24.0 - https:\/\/yoast.com\/wordpress\/plugins\/seo\/ -->\n<title>Brawl rapide et combats-cyclistes ivres | Vie Associative<\/title>\n<meta name=\"robots\" content=\"index, follow, max-snippet:-1, max-image-preview:large, max-video-preview:-1\" \/>\n<link rel=\"canonical\" href=\"https:\/\/vieassociative.be\/actualites\/brawl-rapide-et-combats-cyclistes-ivres\/\" \/>\n<meta property=\"og:locale\" content=\"fr_FR\" \/>\n<meta property=\"og:type\" content=\"article\" \/>\n<meta property=\"og:title\" content=\"Brawl rapide et combats-cyclistes ivres | Vie Associative\" \/>\n<meta property=\"og:description\" content=\"La zone de police de Weser-G\u00f6hl rapporte plusieurs incidents dans son rapport \u00e0 partir du lundi 24\/02. &#8211; Humeur agressive au match de football en\" \/>\n<meta property=\"og:url\" content=\"https:\/\/vieassociative.be\/actualites\/brawl-rapide-et-combats-cyclistes-ivres\/\" \/>\n<meta property=\"og:site_name\" content=\"Vie Associative\" \/>\n<meta property=\"article:published_time\" content=\"2025-02-24T14:17:06+00:00\" \/>\n<meta property=\"og:image\" content=\"https:\/\/vieassociative.be\/actualites\/wp-content\/uploads\/2024\/09\/header_backgroundk-01-e1726694325946.png\" \/>\n\t<meta property=\"og:image:width\" content=\"279\" \/>\n\t<meta property=\"og:image:height\" content=\"92\" \/>\n\t<meta property=\"og:image:type\" content=\"image\/png\" \/>\n<meta name=\"author\" content=\"Julien\" \/>\n<meta name=\"twitter:card\" content=\"summary_large_image\" \/>\n<meta name=\"twitter:label1\" content=\"\u00c9crit par\" \/>\n\t<meta name=\"twitter:data1\" content=\"Julien\" \/>\n\t<meta name=\"twitter:label2\" content=\"Dur\u00e9e de lecture est.\" \/>\n\t<meta name=\"twitter:data2\" content=\"2 minutes\" \/>\n<script type=\"application\/ld+json\" class=\"yoast-schema-graph\">{\"@context\":\"https:\/\/schema.org\",\"@graph\":[{\"@type\":\"Article\",\"@id\":\"https:\/\/vieassociative.be\/actualites\/brawl-rapide-et-combats-cyclistes-ivres\/#article\",\"isPartOf\":{\"@id\":\"https:\/\/vieassociative.be\/actualites\/brawl-rapide-et-combats-cyclistes-ivres\/\"},\"author\":{\"name\":\"Julien\",\"@id\":\"https:\/\/vieassociative.be\/actualites\/#\/schema\/person\/b87ac4f82f9d4e7b7cec7395b679edc4\"},\"headline\":\"Brawl rapide et combats-cyclistes ivres\",\"datePublished\":\"2025-02-24T14:17:06+00:00\",\"dateModified\":\"2025-02-24T14:17:06+00:00\",\"mainEntityOfPage\":{\"@id\":\"https:\/\/vieassociative.be\/actualites\/brawl-rapide-et-combats-cyclistes-ivres\/\"},\"wordCount\":351,\"publisher\":{\"@id\":\"https:\/\/vieassociative.be\/actualites\/#organization\"},\"image\":{\"@id\":\"https:\/\/vieassociative.be\/actualites\/brawl-rapide-et-combats-cyclistes-ivres\/#primaryimage\"},\"thumbnailUrl\":\"https:\/\/vieassociative.be\/actualites\/wp-content\/uploads\/2024\/11\/Raeren-Le-conducteur-tombe-dans-un-micro-sommeil-a-midi.jpeg\",\"keywords\":[\"Brawl\",\"combatscyclistes\",\"ivres\",\"rapide\"],\"articleSection\":[\"Belgique\"],\"inLanguage\":\"fr-BE\"},{\"@type\":\"WebPage\",\"@id\":\"https:\/\/vieassociative.be\/actualites\/brawl-rapide-et-combats-cyclistes-ivres\/\",\"url\":\"https:\/\/vieassociative.be\/actualites\/brawl-rapide-et-combats-cyclistes-ivres\/\",\"name\":\"Brawl rapide et combats-cyclistes ivres | Vie Associative\",\"isPartOf\":{\"@id\":\"https:\/\/vieassociative.be\/actualites\/#website\"},\"primaryImageOfPage\":{\"@id\":\"https:\/\/vieassociative.be\/actualites\/brawl-rapide-et-combats-cyclistes-ivres\/#primaryimage\"},\"image\":{\"@id\":\"https:\/\/vieassociative.be\/actualites\/brawl-rapide-et-combats-cyclistes-ivres\/#primaryimage\"},\"thumbnailUrl\":\"https:\/\/vieassociative.be\/actualites\/wp-content\/uploads\/2024\/11\/Raeren-Le-conducteur-tombe-dans-un-micro-sommeil-a-midi.jpeg\",\"datePublished\":\"2025-02-24T14:17:06+00:00\",\"dateModified\":\"2025-02-24T14:17:06+00:00\",\"breadcrumb\":{\"@id\":\"https:\/\/vieassociative.be\/actualites\/brawl-rapide-et-combats-cyclistes-ivres\/#breadcrumb\"},\"inLanguage\":\"fr-BE\",\"potentialAction\":[{\"@type\":\"ReadAction\",\"target\":[\"https:\/\/vieassociative.be\/actualites\/brawl-rapide-et-combats-cyclistes-ivres\/\"]}]},{\"@type\":\"ImageObject\",\"inLanguage\":\"fr-BE\",\"@id\":\"https:\/\/vieassociative.be\/actualites\/brawl-rapide-et-combats-cyclistes-ivres\/#primaryimage\",\"url\":\"https:\/\/vieassociative.be\/actualites\/wp-content\/uploads\/2024\/11\/Raeren-Le-conducteur-tombe-dans-un-micro-sommeil-a-midi.jpeg\",\"contentUrl\":\"https:\/\/vieassociative.be\/actualites\/wp-content\/uploads\/2024\/11\/Raeren-Le-conducteur-tombe-dans-un-micro-sommeil-a-midi.jpeg\",\"width\":1200,\"height\":800,\"caption\":\"Raeren : Le conducteur tombe dans un micro-sommeil \u00e0 midi\"},{\"@type\":\"BreadcrumbList\",\"@id\":\"https:\/\/vieassociative.be\/actualites\/brawl-rapide-et-combats-cyclistes-ivres\/#breadcrumb\",\"itemListElement\":[{\"@type\":\"ListItem\",\"position\":1,\"name\":\"Accueil\",\"item\":\"https:\/\/vieassociative.be\/actualites\/\"},{\"@type\":\"ListItem\",\"position\":2,\"name\":\"Brawl rapide et combats-cyclistes ivres\"}]},{\"@type\":\"WebSite\",\"@id\":\"https:\/\/vieassociative.be\/actualites\/#website\",\"url\":\"https:\/\/vieassociative.be\/actualites\/\",\"name\":\"Vie Associative\",\"description\":\"\",\"publisher\":{\"@id\":\"https:\/\/vieassociative.be\/actualites\/#organization\"},\"potentialAction\":[{\"@type\":\"SearchAction\",\"target\":{\"@type\":\"EntryPoint\",\"urlTemplate\":\"https:\/\/vieassociative.be\/actualites\/?s={search_term_string}\"},\"query-input\":{\"@type\":\"PropertyValueSpecification\",\"valueRequired\":true,\"valueName\":\"search_term_string\"}}],\"inLanguage\":\"fr-BE\"},{\"@type\":\"Organization\",\"@id\":\"https:\/\/vieassociative.be\/actualites\/#organization\",\"name\":\"Vie Associative\",\"url\":\"https:\/\/vieassociative.be\/actualites\/\",\"logo\":{\"@type\":\"ImageObject\",\"inLanguage\":\"fr-BE\",\"@id\":\"https:\/\/vieassociative.be\/actualites\/#\/schema\/logo\/image\/\",\"url\":\"https:\/\/vieassociative.be\/actualites\/wp-content\/uploads\/2024\/09\/cropped-vieassociative_favicon.ico.png\",\"contentUrl\":\"https:\/\/vieassociative.be\/actualites\/wp-content\/uploads\/2024\/09\/cropped-vieassociative_favicon.ico.png\",\"width\":512,\"height\":512,\"caption\":\"Vie Associative\"},\"image\":{\"@id\":\"https:\/\/vieassociative.be\/actualites\/#\/schema\/logo\/image\/\"}},{\"@type\":\"Person\",\"@id\":\"https:\/\/vieassociative.be\/actualites\/#\/schema\/person\/b87ac4f82f9d4e7b7cec7395b679edc4\",\"name\":\"Julien\",\"image\":{\"@type\":\"ImageObject\",\"inLanguage\":\"fr-BE\",\"@id\":\"https:\/\/vieassociative.be\/actualites\/#\/schema\/person\/image\/\",\"url\":\"https:\/\/vieassociative.be\/actualites\/wp-content\/uploads\/2024\/09\/vie-associative-1-150x150.jpg\",\"contentUrl\":\"https:\/\/vieassociative.be\/actualites\/wp-content\/uploads\/2024\/09\/vie-associative-1-150x150.jpg\",\"caption\":\"Julien\"},\"description\":\"Je suis Julien, r\u00e9dacteur pour Vie Associative. Passionn\u00e9 par le monde associatif depuis plus de 10 ans, j'ai \u00e0 c\u0153ur de partager des histoires inspirantes et de mettre en lumi\u00e8re les initiatives locales. Mon objectif est de sensibiliser et d'encourager l'engagement communautaire \u00e0 travers mes articles.\",\"sameAs\":[\"https:\/\/vieassociative.be\/\"]}]}<\/script>\n<!-- \/ Yoast SEO plugin. -->","yoast_head_json":{"title":"Brawl rapide et combats-cyclistes ivres | Vie Associative","robots":{"index":"index","follow":"follow","max-snippet":"max-snippet:-1","max-image-preview":"max-image-preview:large","max-video-preview":"max-video-preview:-1"},"canonical":"https:\/\/vieassociative.be\/actualites\/brawl-rapide-et-combats-cyclistes-ivres\/","og_locale":"fr_FR","og_type":"article","og_title":"Brawl rapide et combats-cyclistes ivres | Vie Associative","og_description":"La zone de police de Weser-G\u00f6hl rapporte plusieurs incidents dans son rapport \u00e0 partir du lundi 24\/02. &#8211; Humeur agressive au match de football en","og_url":"https:\/\/vieassociative.be\/actualites\/brawl-rapide-et-combats-cyclistes-ivres\/","og_site_name":"Vie Associative","article_published_time":"2025-02-24T14:17:06+00:00","og_image":[{"width":279,"height":92,"url":"https:\/\/vieassociative.be\/actualites\/wp-content\/uploads\/2024\/09\/header_backgroundk-01-e1726694325946.png","type":"image\/png"}],"author":"Julien","twitter_card":"summary_large_image","twitter_misc":{"\u00c9crit par":"Julien","Dur\u00e9e de lecture est.":"2 minutes"},"schema":{"@context":"https:\/\/schema.org","@graph":[{"@type":"Article","@id":"https:\/\/vieassociative.be\/actualites\/brawl-rapide-et-combats-cyclistes-ivres\/#article","isPartOf":{"@id":"https:\/\/vieassociative.be\/actualites\/brawl-rapide-et-combats-cyclistes-ivres\/"},"author":{"name":"Julien","@id":"https:\/\/vieassociative.be\/actualites\/#\/schema\/person\/b87ac4f82f9d4e7b7cec7395b679edc4"},"headline":"Brawl rapide et combats-cyclistes ivres","datePublished":"2025-02-24T14:17:06+00:00","dateModified":"2025-02-24T14:17:06+00:00","mainEntityOfPage":{"@id":"https:\/\/vieassociative.be\/actualites\/brawl-rapide-et-combats-cyclistes-ivres\/"},"wordCount":351,"publisher":{"@id":"https:\/\/vieassociative.be\/actualites\/#organization"},"image":{"@id":"https:\/\/vieassociative.be\/actualites\/brawl-rapide-et-combats-cyclistes-ivres\/#primaryimage"},"thumbnailUrl":"https:\/\/vieassociative.be\/actualites\/wp-content\/uploads\/2024\/11\/Raeren-Le-conducteur-tombe-dans-un-micro-sommeil-a-midi.jpeg","keywords":["Brawl","combatscyclistes","ivres","rapide"],"articleSection":["Belgique"],"inLanguage":"fr-BE"},{"@type":"WebPage","@id":"https:\/\/vieassociative.be\/actualites\/brawl-rapide-et-combats-cyclistes-ivres\/","url":"https:\/\/vieassociative.be\/actualites\/brawl-rapide-et-combats-cyclistes-ivres\/","name":"Brawl rapide et combats-cyclistes ivres | Vie Associative","isPartOf":{"@id":"https:\/\/vieassociative.be\/actualites\/#website"},"primaryImageOfPage":{"@id":"https:\/\/vieassociative.be\/actualites\/brawl-rapide-et-combats-cyclistes-ivres\/#primaryimage"},"image":{"@id":"https:\/\/vieassociative.be\/actualites\/brawl-rapide-et-combats-cyclistes-ivres\/#primaryimage"},"thumbnailUrl":"https:\/\/vieassociative.be\/actualites\/wp-content\/uploads\/2024\/11\/Raeren-Le-conducteur-tombe-dans-un-micro-sommeil-a-midi.jpeg","datePublished":"2025-02-24T14:17:06+00:00","dateModified":"2025-02-24T14:17:06+00:00","breadcrumb":{"@id":"https:\/\/vieassociative.be\/actualites\/brawl-rapide-et-combats-cyclistes-ivres\/#breadcrumb"},"inLanguage":"fr-BE","potentialAction":[{"@type":"ReadAction","target":["https:\/\/vieassociative.be\/actualites\/brawl-rapide-et-combats-cyclistes-ivres\/"]}]},{"@type":"ImageObject","inLanguage":"fr-BE","@id":"https:\/\/vieassociative.be\/actualites\/brawl-rapide-et-combats-cyclistes-ivres\/#primaryimage","url":"https:\/\/vieassociative.be\/actualites\/wp-content\/uploads\/2024\/11\/Raeren-Le-conducteur-tombe-dans-un-micro-sommeil-a-midi.jpeg","contentUrl":"https:\/\/vieassociative.be\/actualites\/wp-content\/uploads\/2024\/11\/Raeren-Le-conducteur-tombe-dans-un-micro-sommeil-a-midi.jpeg","width":1200,"height":800,"caption":"Raeren : Le conducteur tombe dans un micro-sommeil \u00e0 midi"},{"@type":"BreadcrumbList","@id":"https:\/\/vieassociative.be\/actualites\/brawl-rapide-et-combats-cyclistes-ivres\/#breadcrumb","itemListElement":[{"@type":"ListItem","position":1,"name":"Accueil","item":"https:\/\/vieassociative.be\/actualites\/"},{"@type":"ListItem","position":2,"name":"Brawl rapide et combats-cyclistes ivres"}]},{"@type":"WebSite","@id":"https:\/\/vieassociative.be\/actualites\/#website","url":"https:\/\/vieassociative.be\/actualites\/","name":"Vie Associative","description":"","publisher":{"@id":"https:\/\/vieassociative.be\/actualites\/#organization"},"potentialAction":[{"@type":"SearchAction","target":{"@type":"EntryPoint","urlTemplate":"https:\/\/vieassociative.be\/actualites\/?s={search_term_string}"},"query-input":{"@type":"PropertyValueSpecification","valueRequired":true,"valueName":"search_term_string"}}],"inLanguage":"fr-BE"},{"@type":"Organization","@id":"https:\/\/vieassociative.be\/actualites\/#organization","name":"Vie Associative","url":"https:\/\/vieassociative.be\/actualites\/","logo":{"@type":"ImageObject","inLanguage":"fr-BE","@id":"https:\/\/vieassociative.be\/actualites\/#\/schema\/logo\/image\/","url":"https:\/\/vieassociative.be\/actualites\/wp-content\/uploads\/2024\/09\/cropped-vieassociative_favicon.ico.png","contentUrl":"https:\/\/vieassociative.be\/actualites\/wp-content\/uploads\/2024\/09\/cropped-vieassociative_favicon.ico.png","width":512,"height":512,"caption":"Vie Associative"},"image":{"@id":"https:\/\/vieassociative.be\/actualites\/#\/schema\/logo\/image\/"}},{"@type":"Person","@id":"https:\/\/vieassociative.be\/actualites\/#\/schema\/person\/b87ac4f82f9d4e7b7cec7395b679edc4","name":"Julien","image":{"@type":"ImageObject","inLanguage":"fr-BE","@id":"https:\/\/vieassociative.be\/actualites\/#\/schema\/person\/image\/","url":"https:\/\/vieassociative.be\/actualites\/wp-content\/uploads\/2024\/09\/vie-associative-1-150x150.jpg","contentUrl":"https:\/\/vieassociative.be\/actualites\/wp-content\/uploads\/2024\/09\/vie-associative-1-150x150.jpg","caption":"Julien"},"description":"Je suis Julien, r\u00e9dacteur pour Vie Associative. Passionn\u00e9 par le monde associatif depuis plus de 10 ans, j'ai \u00e0 c\u0153ur de partager des histoires inspirantes et de mettre en lumi\u00e8re les initiatives locales. Mon objectif est de sensibiliser et d'encourager l'engagement communautaire \u00e0 travers mes articles.","sameAs":["https:\/\/vieassociative.be\/"]}]}},"_links":{"self":[{"href":"https:\/\/vieassociative.be\/actualites\/wp-json\/wp\/v2\/posts\/5383"}],"collection":[{"href":"https:\/\/vieassociative.be\/actualites\/wp-json\/wp\/v2\/posts"}],"about":[{"href":"https:\/\/vieassociative.be\/actualites\/wp-json\/wp\/v2\/types\/post"}],"author":[{"embeddable":true,"href":"https:\/\/vieassociative.be\/actualites\/wp-json\/wp\/v2\/users\/1"}],"replies":[{"embeddable":true,"href":"https:\/\/vieassociative.be\/actualites\/wp-json\/wp\/v2\/comments?post=5383"}],"version-history":[{"count":0,"href":"https:\/\/vieassociative.be\/actualites\/wp-json\/wp\/v2\/posts\/5383\/revisions"}],"wp:featuredmedia":[{"embeddable":true,"href":"https:\/\/vieassociative.be\/actualites\/wp-json\/wp\/v2\/media\/1939"}],"wp:attachment":[{"href":"https:\/\/vieassociative.be\/actualites\/wp-json\/wp\/v2\/media?parent=5383"}],"wp:term":[{"taxonomy":"category","embeddable":true,"href":"https:\/\/vieassociative.be\/actualites\/wp-json\/wp\/v2\/categories?post=5383"},{"taxonomy":"post_tag","embeddable":true,"href":"https:\/\/vieassociative.be\/actualites\/wp-json\/wp\/v2\/tags?post=5383"}],"curies":[{"name":"wp","href":"https:\/\/api.w.org\/{rel}","templated":true}]}}