{"id":5377,"date":"2025-02-24T11:17:38","date_gmt":"2025-02-24T10:17:38","guid":{"rendered":"https:\/\/vieassociative.be\/actualites\/le-guide-des-adultes-hors-de-contact-pour-les-enfants-de-la-culture-quest-ce-que-la-fete-tiktok-rizz\/"},"modified":"2025-02-24T11:17:38","modified_gmt":"2025-02-24T10:17:38","slug":"le-guide-des-adultes-hors-de-contact-pour-les-enfants-de-la-culture-quest-ce-que-la-fete-tiktok-rizz","status":"publish","type":"post","link":"https:\/\/vieassociative.be\/actualites\/le-guide-des-adultes-hors-de-contact-pour-les-enfants-de-la-culture-quest-ce-que-la-fete-tiktok-rizz\/","title":{"rendered":"Le guide des adultes hors de contact pour les enfants de la culture: qu&rsquo;est-ce que la \u00abf\u00eate Tiktok Rizz\u00bb?"},"content":{"rendered":"<div class=\"mt-4 leading-6 md:mb-8\">Si vous vous demandez pourquoi tout le monde est obs\u00e9d\u00e9 par les adolescents dansant \u00e0 un Sweet 16, vous \u00eates venu au bon endroit.<\/div>\n<p><\/p>\n<p>La culture des jeunes est pleine de myst\u00e8res cette semaine: pourquoi quelqu&rsquo;un boirait-il de l&rsquo;avoine et de l&rsquo;eau mixte au lieu de manger un bol de farine d&rsquo;avoine? Pourquoi tout le monde se soucie-t-il de certains adolescents anonymes lors d&rsquo;une f\u00eate? Est quelqu&rsquo;un sur Tiktok Psychic? <\/p>\n<h2 id=\"what-is-oatzempic\">Qu&rsquo;est-ce que \u00abOatzempic\u00bb?<\/h2>\n<p>La tendance la plus tendance sur le Tiktok \u00e0 base de r\u00e9gime cette semaine est l&rsquo;avoine. Salu\u00e9 par certains comme la cl\u00e9 de la perte de poids rapide et de l&rsquo;obtention de ce corps de bikini que vous avez toujours voulu, le r\u00e9gime d&rsquo;avoine, m\u00e9lange essentiellement de l&rsquo;avoine avec de l&rsquo;eau et du jus de citron vert et de le boire pour le petit d\u00e9jeuner. Il a un nom accrocheur et du moment, mais ce r\u00e9gime aide-t-il r\u00e9ellement \u00e0 perdre du poids? Si vous suivez un plan de remplacement du petit d\u00e9jeuner par une suspension de l&rsquo;avoine d\u00e9go\u00fbtante qui a environ 160 calories et beaucoup de fibres, vous consommeriez moins de calories que si vous mangez du bacon, des \u0153ufs et du pain grill\u00e9. Mais comme le souligne notre propre Beth Skwarecki, \u00ab\u00a0Si vous ne mangez pas beaucoup de nourriture parce que vous \u00eates\u00a0\u00bb plein \u00ab\u00a0de manger 160 calories, vous vous retrouverez sur un r\u00e9gime malsain peu calori\u00e9.\u00a0\u00bb Et les nutritionnistes conviennent en grande partie que l&rsquo;avoine n&rsquo;est pas le genre de chose que les gens sont susceptibles de s&rsquo;en tenir \u00e0 long terme &#8211; vous feriez mieux de manger un bol de farine d&rsquo;avoine au lieu d&rsquo;\u00e9touffer un smoothie \u00e0 l&rsquo;avoine le matin.<\/p>\n<h2 id=\"viral-video-of-the-week-tiktok-rizz-partycarnival-boys\">Vid\u00e9o virale de la semaine: Tiktok Rizz Party \/ Carnival Boys<\/h2>\n<p>La vid\u00e9o virale de cette semaine, Tiktok Rizz Party, alias \u00abCarnival Boys\u00bb, d\u00e9peint un groupe d&rsquo;adolescents dansant dans \u00abCarnival\u00bb de Kanye West \u00bb\u00e0\u00ab Jillian&rsquo;s Sweet 16 \u00bb, selon l&rsquo;affiche de la vid\u00e9o. Rien d&rsquo;inhabituel ne se passe dans la vid\u00e9o. Les sujets semblent \u00eatre des enfants assez gentils qui font un truc d&rsquo;adolescent normal, mais Rizz Party est devenu extr\u00eamement viral, gagnant plus de 56 millions de vues sur Tiktok seul car il a \u00e9t\u00e9 publi\u00e9 le 10 mars. Il est devenu si viral, cela a donn\u00e9 naissance \u00e0 la nouvelle discipline acad\u00e9mique de Rizz Party Analytics. Il y en a plus de 32 000 <em>r\u00e9ponse<\/em> Des vid\u00e9os sur Tiktok, avec des gens en ligne qui se penchent sur chaque pixel sur chaque cadre comme \u00abTiktok Rizz Party\u00bb est le film Zapruder. Ils ont donn\u00e9 \u00e0 chaque personne dans la vid\u00e9o un surnom, cr\u00e9\u00e9 une trame de fond, une motivation du caract\u00e8re et des traditions, en faisant des parodies compl\u00e8tes et en la laissant influencer leur philosophie personnelle, toutes bas\u00e9es sur 17 secondes de vid\u00e9o captur\u00e9e au hasard. Jusqu&rsquo;\u00e0 pr\u00e9sent, il semble que les enfants de la vid\u00e9o eux-m\u00eames acceptent leur nouvelle renomm\u00e9e Internet avec bonne humeur, s&rsquo;appelant par leurs faux noms et jouent dans la tradition, mais il doit sucer pour les enfants qui ont \u00e9t\u00e9 consid\u00e9r\u00e9s Rizz gar\u00e7ons populaires.<\/p>\n<p>Quant \u00e0 la raison pour laquelle cette vid\u00e9o, pourquoi maintenant, cela pourrait \u00eatre n&rsquo;importe quoi. Mais je pense que toute une g\u00e9n\u00e9ration enti\u00e8re passe litt\u00e9ralement des ann\u00e9es \u00e0 l&rsquo;int\u00e9rieur au cours d&rsquo;une p\u00e9riode de formation cl\u00e9 de leur vie sociale a probablement eu un effet profond sur leur psych\u00e9 collective, et cette vid\u00e9o (avec la plupart de la culture de la jeunesse actuelle) en est une expression. Une fascination g\u00e9n\u00e9ralis\u00e9e pour un moment banal de plaisir social l\u00e9ger pourrait indiquer un d\u00e9sir de partager ce genre d&rsquo;exp\u00e9rience, m\u00eame si cela s&rsquo;exprime par une moquerie ou une ironie. (C&rsquo;est la th\u00e8se de mes recherches qui, je l&rsquo;esp\u00e8re, me feront un doctorat en Rizzology.)<\/p>\n<h2 id=\"ishowspeed-and-logan-paul-vs-the-rock-and-john-cena-wrestlemania-as-generational-battleground\">Ishowspeed et Logan Paul contre The Rock et John Cena: Wrestlemania comme champ de bataille g\u00e9n\u00e9rationnel<\/h2>\n<p>\u00c0 WrestleMania XL de ce week-end, il y a eu un moment de division g\u00e9n\u00e9rationnel clair. Si vous avez plus d&rsquo;un certain \u00e2ge, l&rsquo;\u00e9v\u00e9nement principal, un match de titre entre Roman Reigns et Cody Rhodes, a pr\u00e9sent\u00e9 les apparitions surprise les plus \u00e9tonnantes possibles: The Rock et John Cena sont tous deux apparus sur les c\u00f4t\u00e9s oppos\u00e9s. (La pr\u00e9sentation du match est si hilarante au-dessus, il faut le voir. Bottle of Blue Prime Drink et a tent\u00e9 d&rsquo;aider son compatriote Streamer Logan Paul dans son match contre Randy Orton et Kevin Owens. Apr\u00e8s avoir retir\u00e9 Paul du ring, Ishowspeed est rapidement rko&rsquo;ed sur la table des m\u00e9dias par Orton. Le moment est imm\u00e9diatement devenu viral, la moiti\u00e9 des t\u00e9l\u00e9spectateurs appr\u00e9ciant un bon rire et l&rsquo;autre moiti\u00e9 demandant: \u00ab\u00a0Ishow quoi, maintenant?\u00a0\u00bb<\/p>\n<h2 id=\"the-birth-of-conspiracy-theory-on-tiktok\">La naissance de la th\u00e9orie du complot sur Tiktok?<\/h2>\n<p>Je suis fascin\u00e9 par les raisons pour lesquelles les gens croient aux choses stupides, et les m\u00e9dias sociaux nous donnent une chance de voir comment les b\u00eatises peuvent devenir des croyances largement d\u00e9tenues en temps r\u00e9el, comme cela se produit. Il y a un poste viral sur Tiktok en ce moment, c&rsquo;est une \u00e9tude de cas dans ce qui se passe pendant les premiers jours d&rsquo;une croyance conspiratrice. Tiktoker Tristian Galindo a publi\u00e9 une vid\u00e9o cette semaine o\u00f9 il discute d&rsquo;un tiktoker qu&rsquo;il se souvient de regarder \u00e0 l&rsquo;\u00e9poque covide. Selon Galindo, ce \u00abcr\u00e9ateur manquant\u00bb a r\u00e9alis\u00e9 une s\u00e9rie de vid\u00e9os o\u00f9 il a pr\u00e9dit l&rsquo;avenir avec pr\u00e9cision, cr\u00e9ditant ses informations \u00e0 un myst\u00e9rieux groupe appel\u00e9 \u00abThe Uppers\u00bb, puis a disparu, promettant de revenir en 2029. \u00abJe vous enfant, tout, tout, tout, tout, tout, tout, tout, tout, tout, tout Cet homme a dit jusqu&rsquo;\u00e0 pr\u00e9sent \u00bb, affirme Galindo. <\/p>\n<p>M\u00eame pour la plupart des th\u00e9oriciens du complot, ce ne serait pas une preuve suffisante pour prendre au s\u00e9rieux, mais il y a des informations dans les commentaires qui semblent corroborer le conte de Galindo. D&rsquo;autres tiktokers se souviennent non seulement de l&rsquo;affiche, mais le retrouv\u00e8rent (soi-disant). Moe Othman (\u00abMothman\u00bb pour les fans de la th\u00e9orie du complot \u00e0 l&rsquo;ancienne) \u00e9tait vraiment un Tiktoker qui a cess\u00e9 de publier en 2022, et il a fait des pr\u00e9dictions sur l&rsquo;avenir, notamment en disant que Covid se propagerait aux grandes villes au d\u00e9but de la pand\u00e9mie. Si vous voulez croire, cela suffit probablement. Mais si vous \u00eates sceptique, vous pourriez en fait regarder les vid\u00e9os d&rsquo;Othman et apprendre qu&rsquo;il ne mentionne rien sur \u00ab\u00a0The Uppers\u00a0\u00bb ou toute autre chose sp\u00e9cifique Galindo \u00ab\u00a0se souvient\u00a0\u00bb. Il n&rsquo;a \u00e9galement jamais fait de pr\u00e9dictions qui se sont r\u00e9alis\u00e9es (sauf celle de la propagation de Covid, qui a \u00e9galement \u00e9t\u00e9 pr\u00e9dite par litt\u00e9ralement tous ceux qui savaient comment les virus fonctionnent. Et il s&rsquo;est m\u00eame tromp\u00e9, pr\u00e9disant que les \u00e9piceries seraient perquisitionn\u00e9es, quand vraiment tout cela C&rsquo;est arriv\u00e9, nous avons d\u00fb porter des masques.)<\/p>\n<p>Le temps nous dira si la th\u00e9orie du complot de Galindo se rattrape et rejoint des frappeurs lourds comme \u00ab\u00a0nous ne sommes pas all\u00e9s sur la lune\u00a0\u00bb et \u00ab\u00a0Pizzagate\u00a0\u00bb, mais sa vid\u00e9o a \u00e9t\u00e9 vue six millions de fois au cours de la derni\u00e8re semaine seulement, donc c&rsquo;est au moins de trouver un public. (Pour m\u00e9moire: personne ne peut voir l&rsquo;avenir parce que cela ne s&rsquo;est pas encore produit.)<\/p>\n<p><script async src=\"\/\/www.tiktok.com\/embed.js\"><\/script><\/p>\n","protected":false},"excerpt":{"rendered":"<p>Si vous vous demandez pourquoi tout le monde est obs\u00e9d\u00e9 par les adolescents dansant \u00e0 un Sweet 16, vous \u00eates venu au bon endroit. La<\/p>\n","protected":false},"author":1,"featured_media":5378,"comment_status":"","ping_status":"","sticky":false,"template":"","format":"standard","meta":{"footnotes":""},"categories":[36],"tags":[899,5283,2805,29,324,1485,461,2494,14,81,2006,5523,75],"class_list":["post-5377","post","type-post","status-publish","format-standard","has-post-thumbnail","hentry","category-divertissement","tag-adultes","tag-contact","tag-culture","tag-des","tag-enfants","tag-fete","tag-guide","tag-hors","tag-les","tag-pour","tag-questce","tag-rizz","tag-tiktok","generate-columns","tablet-grid-50","mobile-grid-100","grid-parent","grid-33"],"yoast_head":"<!-- This site is optimized with the Yoast SEO plugin v24.0 - https:\/\/yoast.com\/wordpress\/plugins\/seo\/ -->\n<title>Le guide des adultes hors de contact pour les enfants de la culture: qu&#039;est-ce que la \u00abf\u00eate Tiktok Rizz\u00bb? | Vie Associative<\/title>\n<meta name=\"robots\" content=\"index, follow, max-snippet:-1, max-image-preview:large, max-video-preview:-1\" \/>\n<link rel=\"canonical\" href=\"https:\/\/vieassociative.be\/actualites\/le-guide-des-adultes-hors-de-contact-pour-les-enfants-de-la-culture-quest-ce-que-la-fete-tiktok-rizz\/\" \/>\n<meta property=\"og:locale\" content=\"fr_FR\" \/>\n<meta property=\"og:type\" content=\"article\" \/>\n<meta property=\"og:title\" content=\"Le guide des adultes hors de contact pour les enfants de la culture: qu&#039;est-ce que la \u00abf\u00eate Tiktok Rizz\u00bb? | Vie Associative\" \/>\n<meta property=\"og:description\" content=\"Si vous vous demandez pourquoi tout le monde est obs\u00e9d\u00e9 par les adolescents dansant \u00e0 un Sweet 16, vous \u00eates venu au bon endroit. La\" \/>\n<meta property=\"og:url\" content=\"https:\/\/vieassociative.be\/actualites\/le-guide-des-adultes-hors-de-contact-pour-les-enfants-de-la-culture-quest-ce-que-la-fete-tiktok-rizz\/\" \/>\n<meta property=\"og:site_name\" content=\"Vie Associative\" \/>\n<meta property=\"article:published_time\" content=\"2025-02-24T10:17:38+00:00\" \/>\n<meta property=\"og:image\" content=\"https:\/\/vieassociative.be\/actualites\/wp-content\/uploads\/2024\/09\/header_backgroundk-01-e1726694325946.png\" \/>\n\t<meta property=\"og:image:width\" content=\"279\" \/>\n\t<meta property=\"og:image:height\" content=\"92\" \/>\n\t<meta property=\"og:image:type\" content=\"image\/png\" \/>\n<meta name=\"author\" content=\"Julien\" \/>\n<meta name=\"twitter:card\" content=\"summary_large_image\" \/>\n<meta name=\"twitter:label1\" content=\"\u00c9crit par\" \/>\n\t<meta name=\"twitter:data1\" content=\"Julien\" \/>\n\t<meta name=\"twitter:label2\" content=\"Dur\u00e9e de lecture est.\" \/>\n\t<meta name=\"twitter:data2\" content=\"6 minutes\" \/>\n<script type=\"application\/ld+json\" class=\"yoast-schema-graph\">{\"@context\":\"https:\/\/schema.org\",\"@graph\":[{\"@type\":\"Article\",\"@id\":\"https:\/\/vieassociative.be\/actualites\/le-guide-des-adultes-hors-de-contact-pour-les-enfants-de-la-culture-quest-ce-que-la-fete-tiktok-rizz\/#article\",\"isPartOf\":{\"@id\":\"https:\/\/vieassociative.be\/actualites\/le-guide-des-adultes-hors-de-contact-pour-les-enfants-de-la-culture-quest-ce-que-la-fete-tiktok-rizz\/\"},\"author\":{\"name\":\"Julien\",\"@id\":\"https:\/\/vieassociative.be\/actualites\/#\/schema\/person\/b87ac4f82f9d4e7b7cec7395b679edc4\"},\"headline\":\"Le guide des adultes hors de contact pour les enfants de la culture: qu&rsquo;est-ce que la \u00abf\u00eate Tiktok Rizz\u00bb?\",\"datePublished\":\"2025-02-24T10:17:38+00:00\",\"dateModified\":\"2025-02-24T10:17:38+00:00\",\"mainEntityOfPage\":{\"@id\":\"https:\/\/vieassociative.be\/actualites\/le-guide-des-adultes-hors-de-contact-pour-les-enfants-de-la-culture-quest-ce-que-la-fete-tiktok-rizz\/\"},\"wordCount\":1335,\"publisher\":{\"@id\":\"https:\/\/vieassociative.be\/actualites\/#organization\"},\"image\":{\"@id\":\"https:\/\/vieassociative.be\/actualites\/le-guide-des-adultes-hors-de-contact-pour-les-enfants-de-la-culture-quest-ce-que-la-fete-tiktok-rizz\/#primaryimage\"},\"thumbnailUrl\":\"https:\/\/vieassociative.be\/actualites\/wp-content\/uploads\/2025\/02\/Le-guide-des-adultes-hors-de-contact-pour-les-enfants.png\",\"keywords\":[\"adultes\",\"contact\",\"culture\",\"Des\",\"enfants\",\"f\u00eate\",\"Guide\",\"hors\",\"Les\",\"pour\",\"Questce\",\"Rizz\",\"TikTok\"],\"articleSection\":[\"Divertissement\"],\"inLanguage\":\"fr-BE\"},{\"@type\":\"WebPage\",\"@id\":\"https:\/\/vieassociative.be\/actualites\/le-guide-des-adultes-hors-de-contact-pour-les-enfants-de-la-culture-quest-ce-que-la-fete-tiktok-rizz\/\",\"url\":\"https:\/\/vieassociative.be\/actualites\/le-guide-des-adultes-hors-de-contact-pour-les-enfants-de-la-culture-quest-ce-que-la-fete-tiktok-rizz\/\",\"name\":\"Le guide des adultes hors de contact pour les enfants de la culture: qu'est-ce que la \u00abf\u00eate Tiktok Rizz\u00bb? | Vie Associative\",\"isPartOf\":{\"@id\":\"https:\/\/vieassociative.be\/actualites\/#website\"},\"primaryImageOfPage\":{\"@id\":\"https:\/\/vieassociative.be\/actualites\/le-guide-des-adultes-hors-de-contact-pour-les-enfants-de-la-culture-quest-ce-que-la-fete-tiktok-rizz\/#primaryimage\"},\"image\":{\"@id\":\"https:\/\/vieassociative.be\/actualites\/le-guide-des-adultes-hors-de-contact-pour-les-enfants-de-la-culture-quest-ce-que-la-fete-tiktok-rizz\/#primaryimage\"},\"thumbnailUrl\":\"https:\/\/vieassociative.be\/actualites\/wp-content\/uploads\/2025\/02\/Le-guide-des-adultes-hors-de-contact-pour-les-enfants.png\",\"datePublished\":\"2025-02-24T10:17:38+00:00\",\"dateModified\":\"2025-02-24T10:17:38+00:00\",\"breadcrumb\":{\"@id\":\"https:\/\/vieassociative.be\/actualites\/le-guide-des-adultes-hors-de-contact-pour-les-enfants-de-la-culture-quest-ce-que-la-fete-tiktok-rizz\/#breadcrumb\"},\"inLanguage\":\"fr-BE\",\"potentialAction\":[{\"@type\":\"ReadAction\",\"target\":[\"https:\/\/vieassociative.be\/actualites\/le-guide-des-adultes-hors-de-contact-pour-les-enfants-de-la-culture-quest-ce-que-la-fete-tiktok-rizz\/\"]}]},{\"@type\":\"ImageObject\",\"inLanguage\":\"fr-BE\",\"@id\":\"https:\/\/vieassociative.be\/actualites\/le-guide-des-adultes-hors-de-contact-pour-les-enfants-de-la-culture-quest-ce-que-la-fete-tiktok-rizz\/#primaryimage\",\"url\":\"https:\/\/vieassociative.be\/actualites\/wp-content\/uploads\/2025\/02\/Le-guide-des-adultes-hors-de-contact-pour-les-enfants.png\",\"contentUrl\":\"https:\/\/vieassociative.be\/actualites\/wp-content\/uploads\/2025\/02\/Le-guide-des-adultes-hors-de-contact-pour-les-enfants.png\",\"width\":1200,\"height\":675,\"caption\":\"Le guide des adultes hors de contact pour les enfants de la culture: qu'est-ce que la \u00abf\u00eate Tiktok Rizz\u00bb?\"},{\"@type\":\"BreadcrumbList\",\"@id\":\"https:\/\/vieassociative.be\/actualites\/le-guide-des-adultes-hors-de-contact-pour-les-enfants-de-la-culture-quest-ce-que-la-fete-tiktok-rizz\/#breadcrumb\",\"itemListElement\":[{\"@type\":\"ListItem\",\"position\":1,\"name\":\"Accueil\",\"item\":\"https:\/\/vieassociative.be\/actualites\/\"},{\"@type\":\"ListItem\",\"position\":2,\"name\":\"Le guide des adultes hors de contact pour les enfants de la culture: qu&rsquo;est-ce que la \u00abf\u00eate Tiktok Rizz\u00bb?\"}]},{\"@type\":\"WebSite\",\"@id\":\"https:\/\/vieassociative.be\/actualites\/#website\",\"url\":\"https:\/\/vieassociative.be\/actualites\/\",\"name\":\"Vie Associative\",\"description\":\"\",\"publisher\":{\"@id\":\"https:\/\/vieassociative.be\/actualites\/#organization\"},\"potentialAction\":[{\"@type\":\"SearchAction\",\"target\":{\"@type\":\"EntryPoint\",\"urlTemplate\":\"https:\/\/vieassociative.be\/actualites\/?s={search_term_string}\"},\"query-input\":{\"@type\":\"PropertyValueSpecification\",\"valueRequired\":true,\"valueName\":\"search_term_string\"}}],\"inLanguage\":\"fr-BE\"},{\"@type\":\"Organization\",\"@id\":\"https:\/\/vieassociative.be\/actualites\/#organization\",\"name\":\"Vie Associative\",\"url\":\"https:\/\/vieassociative.be\/actualites\/\",\"logo\":{\"@type\":\"ImageObject\",\"inLanguage\":\"fr-BE\",\"@id\":\"https:\/\/vieassociative.be\/actualites\/#\/schema\/logo\/image\/\",\"url\":\"https:\/\/vieassociative.be\/actualites\/wp-content\/uploads\/2024\/09\/cropped-vieassociative_favicon.ico.png\",\"contentUrl\":\"https:\/\/vieassociative.be\/actualites\/wp-content\/uploads\/2024\/09\/cropped-vieassociative_favicon.ico.png\",\"width\":512,\"height\":512,\"caption\":\"Vie Associative\"},\"image\":{\"@id\":\"https:\/\/vieassociative.be\/actualites\/#\/schema\/logo\/image\/\"}},{\"@type\":\"Person\",\"@id\":\"https:\/\/vieassociative.be\/actualites\/#\/schema\/person\/b87ac4f82f9d4e7b7cec7395b679edc4\",\"name\":\"Julien\",\"image\":{\"@type\":\"ImageObject\",\"inLanguage\":\"fr-BE\",\"@id\":\"https:\/\/vieassociative.be\/actualites\/#\/schema\/person\/image\/\",\"url\":\"https:\/\/vieassociative.be\/actualites\/wp-content\/uploads\/2024\/09\/vie-associative-1-150x150.jpg\",\"contentUrl\":\"https:\/\/vieassociative.be\/actualites\/wp-content\/uploads\/2024\/09\/vie-associative-1-150x150.jpg\",\"caption\":\"Julien\"},\"description\":\"Je suis Julien, r\u00e9dacteur pour Vie Associative. Passionn\u00e9 par le monde associatif depuis plus de 10 ans, j'ai \u00e0 c\u0153ur de partager des histoires inspirantes et de mettre en lumi\u00e8re les initiatives locales. Mon objectif est de sensibiliser et d'encourager l'engagement communautaire \u00e0 travers mes articles.\",\"sameAs\":[\"https:\/\/vieassociative.be\/\"]}]}<\/script>\n<!-- \/ Yoast SEO plugin. -->","yoast_head_json":{"title":"Le guide des adultes hors de contact pour les enfants de la culture: qu'est-ce que la \u00abf\u00eate Tiktok Rizz\u00bb? | Vie Associative","robots":{"index":"index","follow":"follow","max-snippet":"max-snippet:-1","max-image-preview":"max-image-preview:large","max-video-preview":"max-video-preview:-1"},"canonical":"https:\/\/vieassociative.be\/actualites\/le-guide-des-adultes-hors-de-contact-pour-les-enfants-de-la-culture-quest-ce-que-la-fete-tiktok-rizz\/","og_locale":"fr_FR","og_type":"article","og_title":"Le guide des adultes hors de contact pour les enfants de la culture: qu'est-ce que la \u00abf\u00eate Tiktok Rizz\u00bb? | Vie Associative","og_description":"Si vous vous demandez pourquoi tout le monde est obs\u00e9d\u00e9 par les adolescents dansant \u00e0 un Sweet 16, vous \u00eates venu au bon endroit. La","og_url":"https:\/\/vieassociative.be\/actualites\/le-guide-des-adultes-hors-de-contact-pour-les-enfants-de-la-culture-quest-ce-que-la-fete-tiktok-rizz\/","og_site_name":"Vie Associative","article_published_time":"2025-02-24T10:17:38+00:00","og_image":[{"width":279,"height":92,"url":"https:\/\/vieassociative.be\/actualites\/wp-content\/uploads\/2024\/09\/header_backgroundk-01-e1726694325946.png","type":"image\/png"}],"author":"Julien","twitter_card":"summary_large_image","twitter_misc":{"\u00c9crit par":"Julien","Dur\u00e9e de lecture est.":"6 minutes"},"schema":{"@context":"https:\/\/schema.org","@graph":[{"@type":"Article","@id":"https:\/\/vieassociative.be\/actualites\/le-guide-des-adultes-hors-de-contact-pour-les-enfants-de-la-culture-quest-ce-que-la-fete-tiktok-rizz\/#article","isPartOf":{"@id":"https:\/\/vieassociative.be\/actualites\/le-guide-des-adultes-hors-de-contact-pour-les-enfants-de-la-culture-quest-ce-que-la-fete-tiktok-rizz\/"},"author":{"name":"Julien","@id":"https:\/\/vieassociative.be\/actualites\/#\/schema\/person\/b87ac4f82f9d4e7b7cec7395b679edc4"},"headline":"Le guide des adultes hors de contact pour les enfants de la culture: qu&rsquo;est-ce que la \u00abf\u00eate Tiktok Rizz\u00bb?","datePublished":"2025-02-24T10:17:38+00:00","dateModified":"2025-02-24T10:17:38+00:00","mainEntityOfPage":{"@id":"https:\/\/vieassociative.be\/actualites\/le-guide-des-adultes-hors-de-contact-pour-les-enfants-de-la-culture-quest-ce-que-la-fete-tiktok-rizz\/"},"wordCount":1335,"publisher":{"@id":"https:\/\/vieassociative.be\/actualites\/#organization"},"image":{"@id":"https:\/\/vieassociative.be\/actualites\/le-guide-des-adultes-hors-de-contact-pour-les-enfants-de-la-culture-quest-ce-que-la-fete-tiktok-rizz\/#primaryimage"},"thumbnailUrl":"https:\/\/vieassociative.be\/actualites\/wp-content\/uploads\/2025\/02\/Le-guide-des-adultes-hors-de-contact-pour-les-enfants.png","keywords":["adultes","contact","culture","Des","enfants","f\u00eate","Guide","hors","Les","pour","Questce","Rizz","TikTok"],"articleSection":["Divertissement"],"inLanguage":"fr-BE"},{"@type":"WebPage","@id":"https:\/\/vieassociative.be\/actualites\/le-guide-des-adultes-hors-de-contact-pour-les-enfants-de-la-culture-quest-ce-que-la-fete-tiktok-rizz\/","url":"https:\/\/vieassociative.be\/actualites\/le-guide-des-adultes-hors-de-contact-pour-les-enfants-de-la-culture-quest-ce-que-la-fete-tiktok-rizz\/","name":"Le guide des adultes hors de contact pour les enfants de la culture: qu'est-ce que la \u00abf\u00eate Tiktok Rizz\u00bb? | Vie Associative","isPartOf":{"@id":"https:\/\/vieassociative.be\/actualites\/#website"},"primaryImageOfPage":{"@id":"https:\/\/vieassociative.be\/actualites\/le-guide-des-adultes-hors-de-contact-pour-les-enfants-de-la-culture-quest-ce-que-la-fete-tiktok-rizz\/#primaryimage"},"image":{"@id":"https:\/\/vieassociative.be\/actualites\/le-guide-des-adultes-hors-de-contact-pour-les-enfants-de-la-culture-quest-ce-que-la-fete-tiktok-rizz\/#primaryimage"},"thumbnailUrl":"https:\/\/vieassociative.be\/actualites\/wp-content\/uploads\/2025\/02\/Le-guide-des-adultes-hors-de-contact-pour-les-enfants.png","datePublished":"2025-02-24T10:17:38+00:00","dateModified":"2025-02-24T10:17:38+00:00","breadcrumb":{"@id":"https:\/\/vieassociative.be\/actualites\/le-guide-des-adultes-hors-de-contact-pour-les-enfants-de-la-culture-quest-ce-que-la-fete-tiktok-rizz\/#breadcrumb"},"inLanguage":"fr-BE","potentialAction":[{"@type":"ReadAction","target":["https:\/\/vieassociative.be\/actualites\/le-guide-des-adultes-hors-de-contact-pour-les-enfants-de-la-culture-quest-ce-que-la-fete-tiktok-rizz\/"]}]},{"@type":"ImageObject","inLanguage":"fr-BE","@id":"https:\/\/vieassociative.be\/actualites\/le-guide-des-adultes-hors-de-contact-pour-les-enfants-de-la-culture-quest-ce-que-la-fete-tiktok-rizz\/#primaryimage","url":"https:\/\/vieassociative.be\/actualites\/wp-content\/uploads\/2025\/02\/Le-guide-des-adultes-hors-de-contact-pour-les-enfants.png","contentUrl":"https:\/\/vieassociative.be\/actualites\/wp-content\/uploads\/2025\/02\/Le-guide-des-adultes-hors-de-contact-pour-les-enfants.png","width":1200,"height":675,"caption":"Le guide des adultes hors de contact pour les enfants de la culture: qu'est-ce que la \u00abf\u00eate Tiktok Rizz\u00bb?"},{"@type":"BreadcrumbList","@id":"https:\/\/vieassociative.be\/actualites\/le-guide-des-adultes-hors-de-contact-pour-les-enfants-de-la-culture-quest-ce-que-la-fete-tiktok-rizz\/#breadcrumb","itemListElement":[{"@type":"ListItem","position":1,"name":"Accueil","item":"https:\/\/vieassociative.be\/actualites\/"},{"@type":"ListItem","position":2,"name":"Le guide des adultes hors de contact pour les enfants de la culture: qu&rsquo;est-ce que la \u00abf\u00eate Tiktok Rizz\u00bb?"}]},{"@type":"WebSite","@id":"https:\/\/vieassociative.be\/actualites\/#website","url":"https:\/\/vieassociative.be\/actualites\/","name":"Vie Associative","description":"","publisher":{"@id":"https:\/\/vieassociative.be\/actualites\/#organization"},"potentialAction":[{"@type":"SearchAction","target":{"@type":"EntryPoint","urlTemplate":"https:\/\/vieassociative.be\/actualites\/?s={search_term_string}"},"query-input":{"@type":"PropertyValueSpecification","valueRequired":true,"valueName":"search_term_string"}}],"inLanguage":"fr-BE"},{"@type":"Organization","@id":"https:\/\/vieassociative.be\/actualites\/#organization","name":"Vie Associative","url":"https:\/\/vieassociative.be\/actualites\/","logo":{"@type":"ImageObject","inLanguage":"fr-BE","@id":"https:\/\/vieassociative.be\/actualites\/#\/schema\/logo\/image\/","url":"https:\/\/vieassociative.be\/actualites\/wp-content\/uploads\/2024\/09\/cropped-vieassociative_favicon.ico.png","contentUrl":"https:\/\/vieassociative.be\/actualites\/wp-content\/uploads\/2024\/09\/cropped-vieassociative_favicon.ico.png","width":512,"height":512,"caption":"Vie Associative"},"image":{"@id":"https:\/\/vieassociative.be\/actualites\/#\/schema\/logo\/image\/"}},{"@type":"Person","@id":"https:\/\/vieassociative.be\/actualites\/#\/schema\/person\/b87ac4f82f9d4e7b7cec7395b679edc4","name":"Julien","image":{"@type":"ImageObject","inLanguage":"fr-BE","@id":"https:\/\/vieassociative.be\/actualites\/#\/schema\/person\/image\/","url":"https:\/\/vieassociative.be\/actualites\/wp-content\/uploads\/2024\/09\/vie-associative-1-150x150.jpg","contentUrl":"https:\/\/vieassociative.be\/actualites\/wp-content\/uploads\/2024\/09\/vie-associative-1-150x150.jpg","caption":"Julien"},"description":"Je suis Julien, r\u00e9dacteur pour Vie Associative. Passionn\u00e9 par le monde associatif depuis plus de 10 ans, j'ai \u00e0 c\u0153ur de partager des histoires inspirantes et de mettre en lumi\u00e8re les initiatives locales. Mon objectif est de sensibiliser et d'encourager l'engagement communautaire \u00e0 travers mes articles.","sameAs":["https:\/\/vieassociative.be\/"]}]}},"_links":{"self":[{"href":"https:\/\/vieassociative.be\/actualites\/wp-json\/wp\/v2\/posts\/5377"}],"collection":[{"href":"https:\/\/vieassociative.be\/actualites\/wp-json\/wp\/v2\/posts"}],"about":[{"href":"https:\/\/vieassociative.be\/actualites\/wp-json\/wp\/v2\/types\/post"}],"author":[{"embeddable":true,"href":"https:\/\/vieassociative.be\/actualites\/wp-json\/wp\/v2\/users\/1"}],"replies":[{"embeddable":true,"href":"https:\/\/vieassociative.be\/actualites\/wp-json\/wp\/v2\/comments?post=5377"}],"version-history":[{"count":0,"href":"https:\/\/vieassociative.be\/actualites\/wp-json\/wp\/v2\/posts\/5377\/revisions"}],"wp:featuredmedia":[{"embeddable":true,"href":"https:\/\/vieassociative.be\/actualites\/wp-json\/wp\/v2\/media\/5378"}],"wp:attachment":[{"href":"https:\/\/vieassociative.be\/actualites\/wp-json\/wp\/v2\/media?parent=5377"}],"wp:term":[{"taxonomy":"category","embeddable":true,"href":"https:\/\/vieassociative.be\/actualites\/wp-json\/wp\/v2\/categories?post=5377"},{"taxonomy":"post_tag","embeddable":true,"href":"https:\/\/vieassociative.be\/actualites\/wp-json\/wp\/v2\/tags?post=5377"}],"curies":[{"name":"wp","href":"https:\/\/api.w.org\/{rel}","templated":true}]}}