{"id":5376,"date":"2025-02-24T09:18:05","date_gmt":"2025-02-24T08:18:05","guid":{"rendered":"https:\/\/vieassociative.be\/actualites\/apres-0-0-a-jong-genk-le-sujet-de-lascension-pour-las-eupen-a-ete-fait-aujourdhui-contre-anderlecht-ii\/"},"modified":"2025-02-24T09:18:05","modified_gmt":"2025-02-24T08:18:05","slug":"apres-0-0-a-jong-genk-le-sujet-de-lascension-pour-las-eupen-a-ete-fait-aujourdhui-contre-anderlecht-ii","status":"publish","type":"post","link":"https:\/\/vieassociative.be\/actualites\/apres-0-0-a-jong-genk-le-sujet-de-lascension-pour-las-eupen-a-ete-fait-aujourdhui-contre-anderlecht-ii\/","title":{"rendered":"Apr\u00e8s 0-0 \u00e0 Jong Genk, le sujet de l&rsquo;ascension pour l&rsquo;AS Eupen a \u00e9t\u00e9 fait &#8211; aujourd&rsquo;hui contre Anderlecht II"},"content":{"rendered":"<p><strong>Deuxi\u00e8me division de football alors qu&rsquo;Eupen accueille l&rsquo;\u00e9quipe U23 du RSC Anderlecht samedi soir au stade Kehrweg (20 h \/ Live on Dazn). Dans la premi\u00e8re \u00e9tape du stade de Bruxelles K\u00f6nig-Bau-Douin, RSC Anderlecht Futures et Eupen 2: 2 s\u00e9par\u00e9s.<\/strong><\/p>\n<p><span id=\"more-408747\"><\/span>Neuf jours de match avant la fin, car Eupen peut consid\u00e9rer le sujet de l&rsquo;ascension. L&rsquo;\u00e9cart de SK Beveren est de 12 points en 6e place, qui en tant que quatri\u00e8me et derni\u00e8re \u00e9quipe pourrait contester le tour de promotion si la phase classique du championnat s&rsquo;\u00e9tait termin\u00e9e aujourd&rsquo;hui. En plus de cela, Beveren a jou\u00e9 un jeu moins que l&rsquo;AS.<\/p>\n<div id=\"attachment_403611\" class=\"wp-caption alignleft\" style=\"max-width: 300px\"><img fetchpriority=\"high\" decoding=\"async\" class=\"wp-image-403611 size-medium\" src=\"https:\/\/vieassociative.be\/actualites\/wp-content\/uploads\/2024\/12\/1733689145_956_Defaite-23-AS-sest-embarrasse-face-a-la-derniere.jpg\" alt=\"\" width=\"300\" height=\"200\"  ><\/p>\n<p class=\"wp-caption-text\">Mersad Selimbegovic, entra\u00eeneur de l&rsquo;Eeupen. Photo: Belga<\/p>\n<\/div>\n<p>Cependant, la distance \u00e0 la seule zone de rel\u00e9gation (15e place) n&rsquo;est pas si grande. Apr\u00e8s le 0-0 \u00e0 Jong Genk il y a une semaine, il reste avec six points. \u00c0 cet \u00e9gard, le sujet de la rel\u00e9gation pour les AS n&rsquo;a pas encore \u00e9t\u00e9 fait. Le noir et blanc peut toujours parler de la chance que cette saison, il n&rsquo;y a qu&rsquo;un seul pr\u00e9pos\u00e9 dans la 1\u00e8re ligue amateur en raison de la faillite de Deinze.<\/p>\n<p>Lors du match samedi soir, comme Eupen doit continuer \u00e0 se passer de ses joueurs bless\u00e9s Isaac Nuhu, Manaf Nurudeen et Nathan Bittumazala. Les jeunes joueurs Andrea Piron ont subi un coup sur le genou dans le jeu de l&rsquo;U23 et doivent s&rsquo;arr\u00eater. Renaud Emond continue de se battre avec une blessure au genou et Scott Kennedy pourrait retourner dans l&rsquo;\u00e9quipe apr\u00e8s sa pause blessure samedi. <\/p>\n<p>Selon le site Web de l&rsquo;AS, Mersad Seimbegovi\u0107 dit \u00e0 propos des quatre nouveaux ajouts: \u00abIls ont de la qualit\u00e9, mais actuellement peu de pratique. Par cons\u00e9quent, nous devons travailler avec eux afin de ne pas prendre le risque de les perdre avec une blessure. \u00bb (Cre)<\/p>\n<p><b>Le programme restant de l&rsquo;AS Eupen dans la Challenger Pro League:<\/b><\/p>\n<ul>\n<li>22.02. Comme Eupen &#8211; Anderlecht Futures (20 h)<\/li>\n<li>28.02. Raal La Louvi\u00e9re &#8211; As Eupen (20 h)<\/li>\n<li>08.03. Comme Eupen &#8211; Francs Borains (20 h)<\/li>\n<li>15.03. KMSK DEINZE &#8211; AS EUPEN (\u00e9choue)<\/li>\n<li>30.03. Comme Eupen &#8211; Club NXT (19h15)<\/li>\n<li>04.04. Sk Beveren &#8211; comme Eupen (20 h)<\/li>\n<li>04.04. Comme Eupen &#8211; RFC SerAing (16 h)<\/li>\n<li>04.04. Patro Eisden &#8211; As Eupen (20 h)<\/li>\n<\/ul>\n<p><em><strong>Sur le sujet, voir \u00e9galement l&rsquo;article suivant sur OD:<\/strong><\/em><\/p>\n<div class=\"responsive-embed widescreen\">\n<blockquote class=\"wp-embedded-content\" data-secret=\"AImSQ8nAyd\">\n<p>La prochaine campagne de retour \u00e0 KV Kortrijk: Selon Vanderhaeghe, Storck devrait \u00e9galement aller pour la deuxi\u00e8me fois<\/p>\n<\/blockquote>\n<p><iframe loading=\"lazy\" class=\"wp-embedded-content\" sandbox=\"allow-scripts\" security=\"restricted\" style=\"position: absolute; visibility: hidden;\" title=\"\u201eDie n\u00e4chste R\u00fcckholaktion beim KV Kortrijk: Nach Vanderhaeghe soll auch Storck zum 2. Mal ran\u201c \u2014 Ostbelgien Direkt\" src=\"https:\/\/ostbelgiendirekt.be\/about:blank\" data-secret=\"AImSQ8nAyd\" width=\"500\" height=\"282\" frameborder=\"0\" marginwidth=\"0\" marginheight=\"0\" scrolling=\"no\" data-rocket-lazyload=\"fitvidscompatible\" data-lazy-src=\"https:\/\/ostbelgiendirekt.be\/storck-zurueck-408646\/embed#?secret=X42QU1FyE1#?secret=AImSQ8nAyd\"><\/iframe><noscript><iframe class=\"wp-embedded-content\" sandbox=\"allow-scripts\" security=\"restricted\" style=\"position: absolute; visibility: hidden;\" title=\"\u201eDie n\u00e4chste R\u00fcckholaktion beim KV Kortrijk: Nach Vanderhaeghe soll auch Storck zum 2. Mal ran\u201c \u2014 Ostbelgien Direkt\" src=\"https:\/\/ostbelgiendirekt.be\/storck-zurueck-408646\/embed#?secret=X42QU1FyE1#?secret=AImSQ8nAyd\" data-secret=\"AImSQ8nAyd\" width=\"500\" height=\"282\" frameborder=\"0\" marginwidth=\"0\" marginheight=\"0\" scrolling=\"no\"><\/iframe><\/noscript><\/p>\n<\/div>\n","protected":false},"excerpt":{"rendered":"<p>Deuxi\u00e8me division de football alors qu&rsquo;Eupen accueille l&rsquo;\u00e9quipe U23 du RSC Anderlecht samedi soir au stade Kehrweg (20 h \/ Live on Dazn). Dans la<\/p>\n","protected":false},"author":1,"featured_media":1966,"comment_status":"","ping_status":"","sticky":false,"template":"","format":"standard","meta":{"footnotes":""},"categories":[298],"tags":[2623,472,2330,796,217,2329,635,932,5376,2353,5522,81,526],"class_list":["post-5376","post","type-post","status-publish","format-standard","has-post-thumbnail","hentry","category-belgique","tag-anderlecht","tag-apres","tag-aujourdhui","tag-contre","tag-ete","tag-eupen","tag-fait","tag-genk","tag-jong","tag-las","tag-lascension","tag-pour","tag-sujet","generate-columns","tablet-grid-50","mobile-grid-100","grid-parent","grid-33"],"yoast_head":"<!-- This site is optimized with the Yoast SEO plugin v24.0 - https:\/\/yoast.com\/wordpress\/plugins\/seo\/ -->\n<title>Apr\u00e8s 0-0 \u00e0 Jong Genk, le sujet de l&#039;ascension pour l&#039;AS Eupen a \u00e9t\u00e9 fait - aujourd&#039;hui contre Anderlecht II | Vie Associative<\/title>\n<meta name=\"robots\" content=\"index, follow, max-snippet:-1, max-image-preview:large, max-video-preview:-1\" \/>\n<link rel=\"canonical\" href=\"https:\/\/vieassociative.be\/actualites\/apres-0-0-a-jong-genk-le-sujet-de-lascension-pour-las-eupen-a-ete-fait-aujourdhui-contre-anderlecht-ii\/\" \/>\n<meta property=\"og:locale\" content=\"fr_FR\" \/>\n<meta property=\"og:type\" content=\"article\" \/>\n<meta property=\"og:title\" content=\"Apr\u00e8s 0-0 \u00e0 Jong Genk, le sujet de l&#039;ascension pour l&#039;AS Eupen a \u00e9t\u00e9 fait - aujourd&#039;hui contre Anderlecht II | Vie Associative\" \/>\n<meta property=\"og:description\" content=\"Deuxi\u00e8me division de football alors qu&rsquo;Eupen accueille l&rsquo;\u00e9quipe U23 du RSC Anderlecht samedi soir au stade Kehrweg (20 h \/ Live on Dazn). Dans la\" \/>\n<meta property=\"og:url\" content=\"https:\/\/vieassociative.be\/actualites\/apres-0-0-a-jong-genk-le-sujet-de-lascension-pour-las-eupen-a-ete-fait-aujourdhui-contre-anderlecht-ii\/\" \/>\n<meta property=\"og:site_name\" content=\"Vie Associative\" \/>\n<meta property=\"article:published_time\" content=\"2025-02-24T08:18:05+00:00\" \/>\n<meta property=\"og:image\" content=\"https:\/\/vieassociative.be\/actualites\/wp-content\/uploads\/2024\/09\/header_backgroundk-01-e1726694325946.png\" \/>\n\t<meta property=\"og:image:width\" content=\"279\" \/>\n\t<meta property=\"og:image:height\" content=\"92\" \/>\n\t<meta property=\"og:image:type\" content=\"image\/png\" \/>\n<meta name=\"author\" content=\"Julien\" \/>\n<meta name=\"twitter:card\" content=\"summary_large_image\" \/>\n<meta name=\"twitter:label1\" content=\"\u00c9crit par\" \/>\n\t<meta name=\"twitter:data1\" content=\"Julien\" \/>\n\t<meta name=\"twitter:label2\" content=\"Dur\u00e9e de lecture est.\" \/>\n\t<meta name=\"twitter:data2\" content=\"2 minutes\" \/>\n<script type=\"application\/ld+json\" class=\"yoast-schema-graph\">{\"@context\":\"https:\/\/schema.org\",\"@graph\":[{\"@type\":\"Article\",\"@id\":\"https:\/\/vieassociative.be\/actualites\/apres-0-0-a-jong-genk-le-sujet-de-lascension-pour-las-eupen-a-ete-fait-aujourdhui-contre-anderlecht-ii\/#article\",\"isPartOf\":{\"@id\":\"https:\/\/vieassociative.be\/actualites\/apres-0-0-a-jong-genk-le-sujet-de-lascension-pour-las-eupen-a-ete-fait-aujourdhui-contre-anderlecht-ii\/\"},\"author\":{\"name\":\"Julien\",\"@id\":\"https:\/\/vieassociative.be\/actualites\/#\/schema\/person\/b87ac4f82f9d4e7b7cec7395b679edc4\"},\"headline\":\"Apr\u00e8s 0-0 \u00e0 Jong Genk, le sujet de l&rsquo;ascension pour l&rsquo;AS Eupen a \u00e9t\u00e9 fait &#8211; aujourd&rsquo;hui contre Anderlecht II\",\"datePublished\":\"2025-02-24T08:18:05+00:00\",\"dateModified\":\"2025-02-24T08:18:05+00:00\",\"mainEntityOfPage\":{\"@id\":\"https:\/\/vieassociative.be\/actualites\/apres-0-0-a-jong-genk-le-sujet-de-lascension-pour-las-eupen-a-ete-fait-aujourdhui-contre-anderlecht-ii\/\"},\"wordCount\":435,\"publisher\":{\"@id\":\"https:\/\/vieassociative.be\/actualites\/#organization\"},\"image\":{\"@id\":\"https:\/\/vieassociative.be\/actualites\/apres-0-0-a-jong-genk-le-sujet-de-lascension-pour-las-eupen-a-ete-fait-aujourdhui-contre-anderlecht-ii\/#primaryimage\"},\"thumbnailUrl\":\"https:\/\/vieassociative.be\/actualites\/wp-content\/uploads\/2024\/11\/LAS-Eupen-decoit-encore-\u2013-seulement-22-chez-les-U23.jpg\",\"keywords\":[\"Anderlecht\",\"Apr\u00e8s\",\"aujourdhui\",\"contre\",\"\u00e9t\u00e9\",\"Eupen\",\"fait\",\"Genk\",\"Jong\",\"lAS\",\"lascension\",\"pour\",\"sujet\"],\"articleSection\":[\"Belgique\"],\"inLanguage\":\"fr-BE\"},{\"@type\":\"WebPage\",\"@id\":\"https:\/\/vieassociative.be\/actualites\/apres-0-0-a-jong-genk-le-sujet-de-lascension-pour-las-eupen-a-ete-fait-aujourdhui-contre-anderlecht-ii\/\",\"url\":\"https:\/\/vieassociative.be\/actualites\/apres-0-0-a-jong-genk-le-sujet-de-lascension-pour-las-eupen-a-ete-fait-aujourdhui-contre-anderlecht-ii\/\",\"name\":\"Apr\u00e8s 0-0 \u00e0 Jong Genk, le sujet de l'ascension pour l'AS Eupen a \u00e9t\u00e9 fait - aujourd'hui contre Anderlecht II | Vie Associative\",\"isPartOf\":{\"@id\":\"https:\/\/vieassociative.be\/actualites\/#website\"},\"primaryImageOfPage\":{\"@id\":\"https:\/\/vieassociative.be\/actualites\/apres-0-0-a-jong-genk-le-sujet-de-lascension-pour-las-eupen-a-ete-fait-aujourdhui-contre-anderlecht-ii\/#primaryimage\"},\"image\":{\"@id\":\"https:\/\/vieassociative.be\/actualites\/apres-0-0-a-jong-genk-le-sujet-de-lascension-pour-las-eupen-a-ete-fait-aujourdhui-contre-anderlecht-ii\/#primaryimage\"},\"thumbnailUrl\":\"https:\/\/vieassociative.be\/actualites\/wp-content\/uploads\/2024\/11\/LAS-Eupen-decoit-encore-\u2013-seulement-22-chez-les-U23.jpg\",\"datePublished\":\"2025-02-24T08:18:05+00:00\",\"dateModified\":\"2025-02-24T08:18:05+00:00\",\"breadcrumb\":{\"@id\":\"https:\/\/vieassociative.be\/actualites\/apres-0-0-a-jong-genk-le-sujet-de-lascension-pour-las-eupen-a-ete-fait-aujourdhui-contre-anderlecht-ii\/#breadcrumb\"},\"inLanguage\":\"fr-BE\",\"potentialAction\":[{\"@type\":\"ReadAction\",\"target\":[\"https:\/\/vieassociative.be\/actualites\/apres-0-0-a-jong-genk-le-sujet-de-lascension-pour-las-eupen-a-ete-fait-aujourdhui-contre-anderlecht-ii\/\"]}]},{\"@type\":\"ImageObject\",\"inLanguage\":\"fr-BE\",\"@id\":\"https:\/\/vieassociative.be\/actualites\/apres-0-0-a-jong-genk-le-sujet-de-lascension-pour-las-eupen-a-ete-fait-aujourdhui-contre-anderlecht-ii\/#primaryimage\",\"url\":\"https:\/\/vieassociative.be\/actualites\/wp-content\/uploads\/2024\/11\/LAS-Eupen-decoit-encore-\u2013-seulement-22-chez-les-U23.jpg\",\"contentUrl\":\"https:\/\/vieassociative.be\/actualites\/wp-content\/uploads\/2024\/11\/LAS-Eupen-decoit-encore-\u2013-seulement-22-chez-les-U23.jpg\",\"width\":1200,\"height\":735,\"caption\":\"L'AS Eupen d\u00e9\u00e7oit encore \u2013 seulement 2:2 chez les U23 du RSC Anderlecht \u2013 match vide dans un stade presque vide\"},{\"@type\":\"BreadcrumbList\",\"@id\":\"https:\/\/vieassociative.be\/actualites\/apres-0-0-a-jong-genk-le-sujet-de-lascension-pour-las-eupen-a-ete-fait-aujourdhui-contre-anderlecht-ii\/#breadcrumb\",\"itemListElement\":[{\"@type\":\"ListItem\",\"position\":1,\"name\":\"Accueil\",\"item\":\"https:\/\/vieassociative.be\/actualites\/\"},{\"@type\":\"ListItem\",\"position\":2,\"name\":\"Apr\u00e8s 0-0 \u00e0 Jong Genk, le sujet de l&rsquo;ascension pour l&rsquo;AS Eupen a \u00e9t\u00e9 fait &#8211; aujourd&rsquo;hui contre Anderlecht II\"}]},{\"@type\":\"WebSite\",\"@id\":\"https:\/\/vieassociative.be\/actualites\/#website\",\"url\":\"https:\/\/vieassociative.be\/actualites\/\",\"name\":\"Vie Associative\",\"description\":\"\",\"publisher\":{\"@id\":\"https:\/\/vieassociative.be\/actualites\/#organization\"},\"potentialAction\":[{\"@type\":\"SearchAction\",\"target\":{\"@type\":\"EntryPoint\",\"urlTemplate\":\"https:\/\/vieassociative.be\/actualites\/?s={search_term_string}\"},\"query-input\":{\"@type\":\"PropertyValueSpecification\",\"valueRequired\":true,\"valueName\":\"search_term_string\"}}],\"inLanguage\":\"fr-BE\"},{\"@type\":\"Organization\",\"@id\":\"https:\/\/vieassociative.be\/actualites\/#organization\",\"name\":\"Vie Associative\",\"url\":\"https:\/\/vieassociative.be\/actualites\/\",\"logo\":{\"@type\":\"ImageObject\",\"inLanguage\":\"fr-BE\",\"@id\":\"https:\/\/vieassociative.be\/actualites\/#\/schema\/logo\/image\/\",\"url\":\"https:\/\/vieassociative.be\/actualites\/wp-content\/uploads\/2024\/09\/cropped-vieassociative_favicon.ico.png\",\"contentUrl\":\"https:\/\/vieassociative.be\/actualites\/wp-content\/uploads\/2024\/09\/cropped-vieassociative_favicon.ico.png\",\"width\":512,\"height\":512,\"caption\":\"Vie Associative\"},\"image\":{\"@id\":\"https:\/\/vieassociative.be\/actualites\/#\/schema\/logo\/image\/\"}},{\"@type\":\"Person\",\"@id\":\"https:\/\/vieassociative.be\/actualites\/#\/schema\/person\/b87ac4f82f9d4e7b7cec7395b679edc4\",\"name\":\"Julien\",\"image\":{\"@type\":\"ImageObject\",\"inLanguage\":\"fr-BE\",\"@id\":\"https:\/\/vieassociative.be\/actualites\/#\/schema\/person\/image\/\",\"url\":\"https:\/\/vieassociative.be\/actualites\/wp-content\/uploads\/2024\/09\/vie-associative-1-150x150.jpg\",\"contentUrl\":\"https:\/\/vieassociative.be\/actualites\/wp-content\/uploads\/2024\/09\/vie-associative-1-150x150.jpg\",\"caption\":\"Julien\"},\"description\":\"Je suis Julien, r\u00e9dacteur pour Vie Associative. Passionn\u00e9 par le monde associatif depuis plus de 10 ans, j'ai \u00e0 c\u0153ur de partager des histoires inspirantes et de mettre en lumi\u00e8re les initiatives locales. Mon objectif est de sensibiliser et d'encourager l'engagement communautaire \u00e0 travers mes articles.\",\"sameAs\":[\"https:\/\/vieassociative.be\/\"]}]}<\/script>\n<!-- \/ Yoast SEO plugin. -->","yoast_head_json":{"title":"Apr\u00e8s 0-0 \u00e0 Jong Genk, le sujet de l'ascension pour l'AS Eupen a \u00e9t\u00e9 fait - aujourd'hui contre Anderlecht II | Vie Associative","robots":{"index":"index","follow":"follow","max-snippet":"max-snippet:-1","max-image-preview":"max-image-preview:large","max-video-preview":"max-video-preview:-1"},"canonical":"https:\/\/vieassociative.be\/actualites\/apres-0-0-a-jong-genk-le-sujet-de-lascension-pour-las-eupen-a-ete-fait-aujourdhui-contre-anderlecht-ii\/","og_locale":"fr_FR","og_type":"article","og_title":"Apr\u00e8s 0-0 \u00e0 Jong Genk, le sujet de l'ascension pour l'AS Eupen a \u00e9t\u00e9 fait - aujourd'hui contre Anderlecht II | Vie Associative","og_description":"Deuxi\u00e8me division de football alors qu&rsquo;Eupen accueille l&rsquo;\u00e9quipe U23 du RSC Anderlecht samedi soir au stade Kehrweg (20 h \/ Live on Dazn). Dans la","og_url":"https:\/\/vieassociative.be\/actualites\/apres-0-0-a-jong-genk-le-sujet-de-lascension-pour-las-eupen-a-ete-fait-aujourdhui-contre-anderlecht-ii\/","og_site_name":"Vie Associative","article_published_time":"2025-02-24T08:18:05+00:00","og_image":[{"width":279,"height":92,"url":"https:\/\/vieassociative.be\/actualites\/wp-content\/uploads\/2024\/09\/header_backgroundk-01-e1726694325946.png","type":"image\/png"}],"author":"Julien","twitter_card":"summary_large_image","twitter_misc":{"\u00c9crit par":"Julien","Dur\u00e9e de lecture est.":"2 minutes"},"schema":{"@context":"https:\/\/schema.org","@graph":[{"@type":"Article","@id":"https:\/\/vieassociative.be\/actualites\/apres-0-0-a-jong-genk-le-sujet-de-lascension-pour-las-eupen-a-ete-fait-aujourdhui-contre-anderlecht-ii\/#article","isPartOf":{"@id":"https:\/\/vieassociative.be\/actualites\/apres-0-0-a-jong-genk-le-sujet-de-lascension-pour-las-eupen-a-ete-fait-aujourdhui-contre-anderlecht-ii\/"},"author":{"name":"Julien","@id":"https:\/\/vieassociative.be\/actualites\/#\/schema\/person\/b87ac4f82f9d4e7b7cec7395b679edc4"},"headline":"Apr\u00e8s 0-0 \u00e0 Jong Genk, le sujet de l&rsquo;ascension pour l&rsquo;AS Eupen a \u00e9t\u00e9 fait &#8211; aujourd&rsquo;hui contre Anderlecht II","datePublished":"2025-02-24T08:18:05+00:00","dateModified":"2025-02-24T08:18:05+00:00","mainEntityOfPage":{"@id":"https:\/\/vieassociative.be\/actualites\/apres-0-0-a-jong-genk-le-sujet-de-lascension-pour-las-eupen-a-ete-fait-aujourdhui-contre-anderlecht-ii\/"},"wordCount":435,"publisher":{"@id":"https:\/\/vieassociative.be\/actualites\/#organization"},"image":{"@id":"https:\/\/vieassociative.be\/actualites\/apres-0-0-a-jong-genk-le-sujet-de-lascension-pour-las-eupen-a-ete-fait-aujourdhui-contre-anderlecht-ii\/#primaryimage"},"thumbnailUrl":"https:\/\/vieassociative.be\/actualites\/wp-content\/uploads\/2024\/11\/LAS-Eupen-decoit-encore-\u2013-seulement-22-chez-les-U23.jpg","keywords":["Anderlecht","Apr\u00e8s","aujourdhui","contre","\u00e9t\u00e9","Eupen","fait","Genk","Jong","lAS","lascension","pour","sujet"],"articleSection":["Belgique"],"inLanguage":"fr-BE"},{"@type":"WebPage","@id":"https:\/\/vieassociative.be\/actualites\/apres-0-0-a-jong-genk-le-sujet-de-lascension-pour-las-eupen-a-ete-fait-aujourdhui-contre-anderlecht-ii\/","url":"https:\/\/vieassociative.be\/actualites\/apres-0-0-a-jong-genk-le-sujet-de-lascension-pour-las-eupen-a-ete-fait-aujourdhui-contre-anderlecht-ii\/","name":"Apr\u00e8s 0-0 \u00e0 Jong Genk, le sujet de l'ascension pour l'AS Eupen a \u00e9t\u00e9 fait - aujourd'hui contre Anderlecht II | Vie Associative","isPartOf":{"@id":"https:\/\/vieassociative.be\/actualites\/#website"},"primaryImageOfPage":{"@id":"https:\/\/vieassociative.be\/actualites\/apres-0-0-a-jong-genk-le-sujet-de-lascension-pour-las-eupen-a-ete-fait-aujourdhui-contre-anderlecht-ii\/#primaryimage"},"image":{"@id":"https:\/\/vieassociative.be\/actualites\/apres-0-0-a-jong-genk-le-sujet-de-lascension-pour-las-eupen-a-ete-fait-aujourdhui-contre-anderlecht-ii\/#primaryimage"},"thumbnailUrl":"https:\/\/vieassociative.be\/actualites\/wp-content\/uploads\/2024\/11\/LAS-Eupen-decoit-encore-\u2013-seulement-22-chez-les-U23.jpg","datePublished":"2025-02-24T08:18:05+00:00","dateModified":"2025-02-24T08:18:05+00:00","breadcrumb":{"@id":"https:\/\/vieassociative.be\/actualites\/apres-0-0-a-jong-genk-le-sujet-de-lascension-pour-las-eupen-a-ete-fait-aujourdhui-contre-anderlecht-ii\/#breadcrumb"},"inLanguage":"fr-BE","potentialAction":[{"@type":"ReadAction","target":["https:\/\/vieassociative.be\/actualites\/apres-0-0-a-jong-genk-le-sujet-de-lascension-pour-las-eupen-a-ete-fait-aujourdhui-contre-anderlecht-ii\/"]}]},{"@type":"ImageObject","inLanguage":"fr-BE","@id":"https:\/\/vieassociative.be\/actualites\/apres-0-0-a-jong-genk-le-sujet-de-lascension-pour-las-eupen-a-ete-fait-aujourdhui-contre-anderlecht-ii\/#primaryimage","url":"https:\/\/vieassociative.be\/actualites\/wp-content\/uploads\/2024\/11\/LAS-Eupen-decoit-encore-\u2013-seulement-22-chez-les-U23.jpg","contentUrl":"https:\/\/vieassociative.be\/actualites\/wp-content\/uploads\/2024\/11\/LAS-Eupen-decoit-encore-\u2013-seulement-22-chez-les-U23.jpg","width":1200,"height":735,"caption":"L'AS Eupen d\u00e9\u00e7oit encore \u2013 seulement 2:2 chez les U23 du RSC Anderlecht \u2013 match vide dans un stade presque vide"},{"@type":"BreadcrumbList","@id":"https:\/\/vieassociative.be\/actualites\/apres-0-0-a-jong-genk-le-sujet-de-lascension-pour-las-eupen-a-ete-fait-aujourdhui-contre-anderlecht-ii\/#breadcrumb","itemListElement":[{"@type":"ListItem","position":1,"name":"Accueil","item":"https:\/\/vieassociative.be\/actualites\/"},{"@type":"ListItem","position":2,"name":"Apr\u00e8s 0-0 \u00e0 Jong Genk, le sujet de l&rsquo;ascension pour l&rsquo;AS Eupen a \u00e9t\u00e9 fait &#8211; aujourd&rsquo;hui contre Anderlecht II"}]},{"@type":"WebSite","@id":"https:\/\/vieassociative.be\/actualites\/#website","url":"https:\/\/vieassociative.be\/actualites\/","name":"Vie Associative","description":"","publisher":{"@id":"https:\/\/vieassociative.be\/actualites\/#organization"},"potentialAction":[{"@type":"SearchAction","target":{"@type":"EntryPoint","urlTemplate":"https:\/\/vieassociative.be\/actualites\/?s={search_term_string}"},"query-input":{"@type":"PropertyValueSpecification","valueRequired":true,"valueName":"search_term_string"}}],"inLanguage":"fr-BE"},{"@type":"Organization","@id":"https:\/\/vieassociative.be\/actualites\/#organization","name":"Vie Associative","url":"https:\/\/vieassociative.be\/actualites\/","logo":{"@type":"ImageObject","inLanguage":"fr-BE","@id":"https:\/\/vieassociative.be\/actualites\/#\/schema\/logo\/image\/","url":"https:\/\/vieassociative.be\/actualites\/wp-content\/uploads\/2024\/09\/cropped-vieassociative_favicon.ico.png","contentUrl":"https:\/\/vieassociative.be\/actualites\/wp-content\/uploads\/2024\/09\/cropped-vieassociative_favicon.ico.png","width":512,"height":512,"caption":"Vie Associative"},"image":{"@id":"https:\/\/vieassociative.be\/actualites\/#\/schema\/logo\/image\/"}},{"@type":"Person","@id":"https:\/\/vieassociative.be\/actualites\/#\/schema\/person\/b87ac4f82f9d4e7b7cec7395b679edc4","name":"Julien","image":{"@type":"ImageObject","inLanguage":"fr-BE","@id":"https:\/\/vieassociative.be\/actualites\/#\/schema\/person\/image\/","url":"https:\/\/vieassociative.be\/actualites\/wp-content\/uploads\/2024\/09\/vie-associative-1-150x150.jpg","contentUrl":"https:\/\/vieassociative.be\/actualites\/wp-content\/uploads\/2024\/09\/vie-associative-1-150x150.jpg","caption":"Julien"},"description":"Je suis Julien, r\u00e9dacteur pour Vie Associative. Passionn\u00e9 par le monde associatif depuis plus de 10 ans, j'ai \u00e0 c\u0153ur de partager des histoires inspirantes et de mettre en lumi\u00e8re les initiatives locales. Mon objectif est de sensibiliser et d'encourager l'engagement communautaire \u00e0 travers mes articles.","sameAs":["https:\/\/vieassociative.be\/"]}]}},"_links":{"self":[{"href":"https:\/\/vieassociative.be\/actualites\/wp-json\/wp\/v2\/posts\/5376"}],"collection":[{"href":"https:\/\/vieassociative.be\/actualites\/wp-json\/wp\/v2\/posts"}],"about":[{"href":"https:\/\/vieassociative.be\/actualites\/wp-json\/wp\/v2\/types\/post"}],"author":[{"embeddable":true,"href":"https:\/\/vieassociative.be\/actualites\/wp-json\/wp\/v2\/users\/1"}],"replies":[{"embeddable":true,"href":"https:\/\/vieassociative.be\/actualites\/wp-json\/wp\/v2\/comments?post=5376"}],"version-history":[{"count":0,"href":"https:\/\/vieassociative.be\/actualites\/wp-json\/wp\/v2\/posts\/5376\/revisions"}],"wp:featuredmedia":[{"embeddable":true,"href":"https:\/\/vieassociative.be\/actualites\/wp-json\/wp\/v2\/media\/1966"}],"wp:attachment":[{"href":"https:\/\/vieassociative.be\/actualites\/wp-json\/wp\/v2\/media?parent=5376"}],"wp:term":[{"taxonomy":"category","embeddable":true,"href":"https:\/\/vieassociative.be\/actualites\/wp-json\/wp\/v2\/categories?post=5376"},{"taxonomy":"post_tag","embeddable":true,"href":"https:\/\/vieassociative.be\/actualites\/wp-json\/wp\/v2\/tags?post=5376"}],"curies":[{"name":"wp","href":"https:\/\/api.w.org\/{rel}","templated":true}]}}