{"id":5374,"date":"2025-02-24T08:17:07","date_gmt":"2025-02-24T07:17:07","guid":{"rendered":"https:\/\/vieassociative.be\/actualites\/cette-sonnette-video-clignotante-est-a-son-prix-le-plus-bas-de-tous-les-temps\/"},"modified":"2025-02-24T08:17:07","modified_gmt":"2025-02-24T07:17:07","slug":"cette-sonnette-video-clignotante-est-a-son-prix-le-plus-bas-de-tous-les-temps","status":"publish","type":"post","link":"https:\/\/vieassociative.be\/actualites\/cette-sonnette-video-clignotante-est-a-son-prix-le-plus-bas-de-tous-les-temps\/","title":{"rendered":"Cette sonnette vid\u00e9o clignotante est \u00e0 son prix le plus bas de tous les temps"},"content":{"rendered":"<div class=\"mt-4 leading-6 md:mb-8\">Si vous \u00eates dans l&rsquo;\u00e9cosyst\u00e8me Alexa et que vous avez juste besoin d&rsquo;une surveillance vid\u00e9o de base, il s&rsquo;agit d&rsquo;une affaire solide pour un mod\u00e8le r\u00e9nov\u00e9.<\/div>\n<p><\/p>\n<p>Si vous cherchez une sonnette intelligente pour le budget et que cela ne vous d\u00e9range pas d&#8217;emprunter la voie d&rsquo;occasion, cette sonnette vid\u00e9o (comme la nouvelle) clignotement est maintenant de 27,99 $ (contre 44,99 $) &#8211; son prix le plus bas \u00e0 ce jour, selon Price Trackers. Les membres de Prime obtiennent la livraison gratuite, tandis que les acheteurs non prisons doivent atteindre le seuil minimum de 35 $ pour la livraison gratuite. <\/p>\n<div class=\"pogoClear mb-12 mt-10 rounded-md border-2 border-gray-100 py-7 shadow-xl md:py-6\">\n<div class=\"flex flex-wrap justify-between px-7 text-black no-underline md:flex-nowrap md:px-8\">\n<div class=\"order-1 mx-auto flex flex-col justify-center md:order-2 md:ml-4 md:w-full md:grow\">\n<div class=\"block cursor-pointer text-center font-akshar text-2xl font-medium leading-7 text-brand-green duration-200 ease-in-out hover:text-brand-green-700 md:text-left md:text-xl md:leading-6\">Connette de porte vid\u00e9o clignotante comme-nouveau\n                <\/div>\n<div class=\"mt-4 hidden md:flex md:justify-between\">\n<div class=\"self-end\">\n<div class=\"mb-0 h-11 md:flex md:flex-col md:justify-center\">\n<div class=\" font-sans leading-4 text-black\">\n<div class=\"flex flex-wrap items-center justify-center gap-x-1 md:justify-start\">\n        <span class=\"font-bold\"><\/p>\n<p>            27,99 $<br \/>\n                            <span class=\"font-medium\">\u00e0 Amazon<\/span><br \/>\n                    <\/span><br \/>\n                    <img decoding=\"async\" class=\"mt-0 h-(15px)\" src=\"https:\/\/vieassociative.be\/actualites\/wp-content\/uploads\/2025\/02\/Cette-sonnette-video-clignotante-est-a-son-prix-le-plus.svg.svg+xml\" title=\"Amazon Prime\" alt=\"Amazon Prime\">\n            <\/div>\n<div class=\"flex items-center justify-center gap-x-1 font-bold md:justify-start\">\n            <span class=\"text-sm line-through\">44,99 $<\/span><br \/>\n            <span class=\"text-sm text-brand-green\">\u00c9conomisez 17,00 $<\/span>\n        <\/div>\n<\/p><\/div>\n<\/p><\/div>\n<\/p><\/div>\n<div class=\"w-44 self-end\">\n                            <button class=\"flex justify-center items-center w-full bg-brand-green text-white text-base font-sans font-medium rounded-md hover:bg-brand-green-700 hover:cursor-pointer md:text-sm h-11\"><\/p>\n<p>    Conclure un accord<br \/>\n<\/button>\n                        <\/div>\n<\/p><\/div>\n<\/p><\/div>\n<div class=\"order-2 mt-5 h-auto w-full md:order-1 md:mt-0 md:hidden\">\n<div class=\"flex aspect-video items-center justify-center\">\n                                            <img decoding=\"async\" class=\"m-0 max-h-full max-w-full rounded-md\" src=\"https:\/\/vieassociative.be\/actualites\/wp-content\/uploads\/2025\/02\/Cette-sonnette-video-clignotante-est-a-son-prix-le-plus.jpg\" alt=\"Connettes de porte vid\u00e9o Blink (mod\u00e8le le plus r\u00e9cent), audio bidirectionnelle, vid\u00e9o HD, mouvement de mouvement et application de carillon, et Alexa activ\u00e9 - c\u00e2bl\u00e9 ou sans fil (blanc)\" width=\"auto\" height=\"auto\" loading=\"lazy\">\n                                    <\/div>\n<\/p><\/div>\n<div class=\"order-2 ml-2 hidden w-32 shrink-0 items-center md:order-1 md:ml-0 md:flex\">\n<div class=\"flex aspect-video items-center justify-center\">\n                                            <img decoding=\"async\" class=\"m-0 max-h-full max-w-full rounded-md\" src=\"https:\/\/vieassociative.be\/actualites\/wp-content\/uploads\/2025\/02\/Cette-sonnette-video-clignotante-est-a-son-prix-le-plus.jpg\" alt=\"Connettes de porte vid\u00e9o Blink (mod\u00e8le le plus r\u00e9cent), audio bidirectionnelle, vid\u00e9o HD, mouvement de mouvement et application de carillon, et Alexa activ\u00e9 - c\u00e2bl\u00e9 ou sans fil (blanc)\" width=\"auto\" height=\"auto\" loading=\"lazy\">\n                                    <\/div>\n<\/p><\/div>\n<div class=\"order-3 flex grow flex-wrap md:hidden md:grow-0\">\n<div class=\"mt-4 w-full\">\n                        <button class=\"flex justify-center items-center w-full bg-brand-green text-white text-base font-sans font-medium rounded-md hover:bg-brand-green-700 hover:cursor-pointer md:text-sm h-11\"><\/p>\n<p>    Conclure un accord<br \/>\n<\/button>\n                    <\/div>\n<div class=\"mx-2 mt-4 w-full\">\n<div class=\" font-sans leading-4 text-black\">\n<div class=\"flex flex-wrap items-center justify-center gap-x-1 md:justify-start\">\n        <span class=\"font-bold\"><\/p>\n<p>            27,99 $<br \/>\n                            <span class=\"font-medium\">\u00e0 Amazon<\/span><br \/>\n                    <\/span><br \/>\n                    <img decoding=\"async\" class=\"mt-0 h-(15px)\" src=\"https:\/\/vieassociative.be\/actualites\/wp-content\/uploads\/2025\/02\/Cette-sonnette-video-clignotante-est-a-son-prix-le-plus.svg.svg+xml\" title=\"Amazon Prime\" alt=\"Amazon Prime\">\n            <\/div>\n<div class=\"flex items-center justify-center gap-x-1 font-bold md:justify-start\">\n            <span class=\"text-sm line-through\">44,99 $<\/span><br \/>\n            <span class=\"text-sm text-brand-green\">\u00c9conomisez 17,00 $<\/span>\n        <\/div>\n<\/p><\/div>\n<\/p><\/div>\n<\/p><\/div>\n<\/p><\/div>\n<\/div>\n<p>Cette balise \u00ab\u00a0comme la nouvelle\u00a0\u00bb signifie que cet appareil a \u00e9t\u00e9 r\u00e9nov\u00e9, test\u00e9 et certifi\u00e9 pour fonctionner comme une unit\u00e9 fra\u00eeche hors du case. Et pour soutenir cela, il est livr\u00e9 avec la m\u00eame garantie limit\u00e9e d&rsquo;un an qu&rsquo;une toute nouvelle garantie (vous ne lancez donc pas les d\u00e9s sur la fiabilit\u00e9).<\/p>\n<p>Disponible en noir ou blanc, la sonnette vid\u00e9o se connecte via le WiFi 2,4 GHz et propose des configurations c\u00e2bl\u00e9es (16-24 VAC) et sans fil (AA aliment\u00e9es par batterie), avec des clignotants r\u00e9clamant jusqu&rsquo;\u00e0 deux ans de dur\u00e9e de vie de la batterie &#8211; bien que les performances r\u00e9elles varient en fonction des param\u00e8tres et de l&rsquo;utilisation. Son champ de vision horizontal de 135 \u00b0 et 80 \u00b0 vertical donne une couverture d\u00e9cente (bien qu&rsquo;elle ne soit pas la plus large) avec une qualit\u00e9 vid\u00e9o HD 1080p et une vision nocturne infrarouge pour une surveillance apr\u00e8s le noir. Il s&rsquo;int\u00e8gre \u00e9galement bien avec les appareils d&rsquo;exposition Echo pour les flux en direct, vous permet de discuter avec les visiteurs via l&rsquo;audio bidirectionnel et prend en charge les routines Alexa personnalis\u00e9es. Cela dit, cela ne fonctionne pas avec Google Assistant, Apple Homekit ou IFTTT, qui pourrait sembler limitant, note cette revue PCMAG.<\/p>\n<p>Comme la plupart des sonnettes intelligentes budg\u00e9taires, le stockage cloud n\u00e9cessite des abonnements. Vous obtenez un essai gratuit de 30 jours, mais apr\u00e8s cela, un plan de base de 3 $ par mois est n\u00e9cessaire pour \u00e9conomiser et partager des enregistrements d\u00e9clench\u00e9s par le mouvement et conserver l&rsquo;historique vid\u00e9o (jusqu&rsquo;\u00e0 60 jours) pour une seule cam\u00e9ra. Si vous avez plusieurs cam\u00e9ras, le plan Plus (10 $ \/ mois) couvre des appareils illimit\u00e9s. Si vous ne souhaitez pas g\u00e9rer les abonnements, il existe une option pour le stockage local, mais vous aurez besoin du module Sync 2 et d&rsquo;un lecteur USB (jusqu&rsquo;\u00e0 256 Go), qui sont vendus s\u00e9par\u00e9ment. Sans abonnement ni hub, vous pouvez toujours utiliser Live View et Audio bidirectionnel, mais uniquement en r\u00e9ponse \u00e0 un \u00e9v\u00e9nement de presse de porte ou de mouvement &#8211; aucun acc\u00e8s \u00e0 la demande \u00e0 des images enregistr\u00e9es (donc si vous manquez un \u00e9v\u00e9nement, il n&rsquo;y a aucun moyen de V\u00e9rifiez ce qui s&rsquo;est pass\u00e9). \u00c0 28 $, c&rsquo;est un achat facile, mais si vous voulez des fonctionnalit\u00e9s compl\u00e8tes, vous pourriez finir par d\u00e9penser plus de ligne. Une nouvelle sonnette de porte vid\u00e9o clignotante + le module de synchronisation 2 co\u00fbte 69,99 $.<\/p>\n","protected":false},"excerpt":{"rendered":"<p>Si vous \u00eates dans l&rsquo;\u00e9cosyst\u00e8me Alexa et que vous avez juste besoin d&rsquo;une surveillance vid\u00e9o de base, il s&rsquo;agit d&rsquo;une affaire solide pour un mod\u00e8le<\/p>\n","protected":false},"author":1,"featured_media":5375,"comment_status":"","ping_status":"","sticky":false,"template":"","format":"standard","meta":{"footnotes":""},"categories":[13],"tags":[700,206,5521,76,14,1399,800,5520,790,546,1204],"class_list":["post-5374","post","type-post","status-publish","format-standard","has-post-thumbnail","hentry","category-technologie","tag-bas","tag-cette","tag-clignotante","tag-est","tag-les","tag-prix","tag-son","tag-sonnette","tag-temps","tag-tous","tag-video","generate-columns","tablet-grid-50","mobile-grid-100","grid-parent","grid-33"],"yoast_head":"<!-- This site is optimized with the Yoast SEO plugin v24.0 - https:\/\/yoast.com\/wordpress\/plugins\/seo\/ -->\n<title>Cette sonnette vid\u00e9o clignotante est \u00e0 son prix le plus bas de tous les temps | Vie Associative<\/title>\n<meta name=\"robots\" content=\"index, follow, max-snippet:-1, max-image-preview:large, max-video-preview:-1\" \/>\n<link rel=\"canonical\" href=\"https:\/\/vieassociative.be\/actualites\/cette-sonnette-video-clignotante-est-a-son-prix-le-plus-bas-de-tous-les-temps\/\" \/>\n<meta property=\"og:locale\" content=\"fr_FR\" \/>\n<meta property=\"og:type\" content=\"article\" \/>\n<meta property=\"og:title\" content=\"Cette sonnette vid\u00e9o clignotante est \u00e0 son prix le plus bas de tous les temps | Vie Associative\" \/>\n<meta property=\"og:description\" content=\"Si vous \u00eates dans l&rsquo;\u00e9cosyst\u00e8me Alexa et que vous avez juste besoin d&rsquo;une surveillance vid\u00e9o de base, il s&rsquo;agit d&rsquo;une affaire solide pour un mod\u00e8le\" \/>\n<meta property=\"og:url\" content=\"https:\/\/vieassociative.be\/actualites\/cette-sonnette-video-clignotante-est-a-son-prix-le-plus-bas-de-tous-les-temps\/\" \/>\n<meta property=\"og:site_name\" content=\"Vie Associative\" \/>\n<meta property=\"article:published_time\" content=\"2025-02-24T07:17:07+00:00\" \/>\n<meta property=\"og:image\" content=\"https:\/\/vieassociative.be\/actualites\/wp-content\/uploads\/2025\/02\/Cette-sonnette-video-clignotante-est-a-son-prix-le-plus.svg.svg+xml\" \/>\n<meta name=\"author\" content=\"Julien\" \/>\n<meta name=\"twitter:card\" content=\"summary_large_image\" \/>\n<meta name=\"twitter:label1\" content=\"\u00c9crit par\" \/>\n\t<meta name=\"twitter:data1\" content=\"Julien\" \/>\n\t<meta name=\"twitter:label2\" content=\"Dur\u00e9e de lecture est.\" \/>\n\t<meta name=\"twitter:data2\" content=\"3 minutes\" \/>\n<script type=\"application\/ld+json\" class=\"yoast-schema-graph\">{\"@context\":\"https:\/\/schema.org\",\"@graph\":[{\"@type\":\"Article\",\"@id\":\"https:\/\/vieassociative.be\/actualites\/cette-sonnette-video-clignotante-est-a-son-prix-le-plus-bas-de-tous-les-temps\/#article\",\"isPartOf\":{\"@id\":\"https:\/\/vieassociative.be\/actualites\/cette-sonnette-video-clignotante-est-a-son-prix-le-plus-bas-de-tous-les-temps\/\"},\"author\":{\"name\":\"Julien\",\"@id\":\"https:\/\/vieassociative.be\/actualites\/#\/schema\/person\/b87ac4f82f9d4e7b7cec7395b679edc4\"},\"headline\":\"Cette sonnette vid\u00e9o clignotante est \u00e0 son prix le plus bas de tous les temps\",\"datePublished\":\"2025-02-24T07:17:07+00:00\",\"dateModified\":\"2025-02-24T07:17:07+00:00\",\"mainEntityOfPage\":{\"@id\":\"https:\/\/vieassociative.be\/actualites\/cette-sonnette-video-clignotante-est-a-son-prix-le-plus-bas-de-tous-les-temps\/\"},\"wordCount\":568,\"publisher\":{\"@id\":\"https:\/\/vieassociative.be\/actualites\/#organization\"},\"image\":{\"@id\":\"https:\/\/vieassociative.be\/actualites\/cette-sonnette-video-clignotante-est-a-son-prix-le-plus-bas-de-tous-les-temps\/#primaryimage\"},\"thumbnailUrl\":\"https:\/\/vieassociative.be\/actualites\/wp-content\/uploads\/2025\/02\/Cette-sonnette-video-clignotante-est-a-son-prix-le-plus.png\",\"keywords\":[\"bas\",\"cette\",\"clignotante\",\"est\",\"Les\",\"prix\",\"son\",\"sonnette\",\"temps\",\"tous\",\"vid\u00e9o\"],\"articleSection\":[\"Technologie\"],\"inLanguage\":\"fr-BE\"},{\"@type\":\"WebPage\",\"@id\":\"https:\/\/vieassociative.be\/actualites\/cette-sonnette-video-clignotante-est-a-son-prix-le-plus-bas-de-tous-les-temps\/\",\"url\":\"https:\/\/vieassociative.be\/actualites\/cette-sonnette-video-clignotante-est-a-son-prix-le-plus-bas-de-tous-les-temps\/\",\"name\":\"Cette sonnette vid\u00e9o clignotante est \u00e0 son prix le plus bas de tous les temps | Vie Associative\",\"isPartOf\":{\"@id\":\"https:\/\/vieassociative.be\/actualites\/#website\"},\"primaryImageOfPage\":{\"@id\":\"https:\/\/vieassociative.be\/actualites\/cette-sonnette-video-clignotante-est-a-son-prix-le-plus-bas-de-tous-les-temps\/#primaryimage\"},\"image\":{\"@id\":\"https:\/\/vieassociative.be\/actualites\/cette-sonnette-video-clignotante-est-a-son-prix-le-plus-bas-de-tous-les-temps\/#primaryimage\"},\"thumbnailUrl\":\"https:\/\/vieassociative.be\/actualites\/wp-content\/uploads\/2025\/02\/Cette-sonnette-video-clignotante-est-a-son-prix-le-plus.png\",\"datePublished\":\"2025-02-24T07:17:07+00:00\",\"dateModified\":\"2025-02-24T07:17:07+00:00\",\"breadcrumb\":{\"@id\":\"https:\/\/vieassociative.be\/actualites\/cette-sonnette-video-clignotante-est-a-son-prix-le-plus-bas-de-tous-les-temps\/#breadcrumb\"},\"inLanguage\":\"fr-BE\",\"potentialAction\":[{\"@type\":\"ReadAction\",\"target\":[\"https:\/\/vieassociative.be\/actualites\/cette-sonnette-video-clignotante-est-a-son-prix-le-plus-bas-de-tous-les-temps\/\"]}]},{\"@type\":\"ImageObject\",\"inLanguage\":\"fr-BE\",\"@id\":\"https:\/\/vieassociative.be\/actualites\/cette-sonnette-video-clignotante-est-a-son-prix-le-plus-bas-de-tous-les-temps\/#primaryimage\",\"url\":\"https:\/\/vieassociative.be\/actualites\/wp-content\/uploads\/2025\/02\/Cette-sonnette-video-clignotante-est-a-son-prix-le-plus.png\",\"contentUrl\":\"https:\/\/vieassociative.be\/actualites\/wp-content\/uploads\/2025\/02\/Cette-sonnette-video-clignotante-est-a-son-prix-le-plus.png\",\"width\":1200,\"height\":675,\"caption\":\"Cette sonnette vid\u00e9o clignotante est \u00e0 son prix le plus bas de tous les temps\"},{\"@type\":\"BreadcrumbList\",\"@id\":\"https:\/\/vieassociative.be\/actualites\/cette-sonnette-video-clignotante-est-a-son-prix-le-plus-bas-de-tous-les-temps\/#breadcrumb\",\"itemListElement\":[{\"@type\":\"ListItem\",\"position\":1,\"name\":\"Accueil\",\"item\":\"https:\/\/vieassociative.be\/actualites\/\"},{\"@type\":\"ListItem\",\"position\":2,\"name\":\"Cette sonnette vid\u00e9o clignotante est \u00e0 son prix le plus bas de tous les temps\"}]},{\"@type\":\"WebSite\",\"@id\":\"https:\/\/vieassociative.be\/actualites\/#website\",\"url\":\"https:\/\/vieassociative.be\/actualites\/\",\"name\":\"Vie Associative\",\"description\":\"\",\"publisher\":{\"@id\":\"https:\/\/vieassociative.be\/actualites\/#organization\"},\"potentialAction\":[{\"@type\":\"SearchAction\",\"target\":{\"@type\":\"EntryPoint\",\"urlTemplate\":\"https:\/\/vieassociative.be\/actualites\/?s={search_term_string}\"},\"query-input\":{\"@type\":\"PropertyValueSpecification\",\"valueRequired\":true,\"valueName\":\"search_term_string\"}}],\"inLanguage\":\"fr-BE\"},{\"@type\":\"Organization\",\"@id\":\"https:\/\/vieassociative.be\/actualites\/#organization\",\"name\":\"Vie Associative\",\"url\":\"https:\/\/vieassociative.be\/actualites\/\",\"logo\":{\"@type\":\"ImageObject\",\"inLanguage\":\"fr-BE\",\"@id\":\"https:\/\/vieassociative.be\/actualites\/#\/schema\/logo\/image\/\",\"url\":\"https:\/\/vieassociative.be\/actualites\/wp-content\/uploads\/2024\/09\/cropped-vieassociative_favicon.ico.png\",\"contentUrl\":\"https:\/\/vieassociative.be\/actualites\/wp-content\/uploads\/2024\/09\/cropped-vieassociative_favicon.ico.png\",\"width\":512,\"height\":512,\"caption\":\"Vie Associative\"},\"image\":{\"@id\":\"https:\/\/vieassociative.be\/actualites\/#\/schema\/logo\/image\/\"}},{\"@type\":\"Person\",\"@id\":\"https:\/\/vieassociative.be\/actualites\/#\/schema\/person\/b87ac4f82f9d4e7b7cec7395b679edc4\",\"name\":\"Julien\",\"image\":{\"@type\":\"ImageObject\",\"inLanguage\":\"fr-BE\",\"@id\":\"https:\/\/vieassociative.be\/actualites\/#\/schema\/person\/image\/\",\"url\":\"https:\/\/vieassociative.be\/actualites\/wp-content\/uploads\/2024\/09\/vie-associative-1-150x150.jpg\",\"contentUrl\":\"https:\/\/vieassociative.be\/actualites\/wp-content\/uploads\/2024\/09\/vie-associative-1-150x150.jpg\",\"caption\":\"Julien\"},\"description\":\"Je suis Julien, r\u00e9dacteur pour Vie Associative. Passionn\u00e9 par le monde associatif depuis plus de 10 ans, j'ai \u00e0 c\u0153ur de partager des histoires inspirantes et de mettre en lumi\u00e8re les initiatives locales. Mon objectif est de sensibiliser et d'encourager l'engagement communautaire \u00e0 travers mes articles.\",\"sameAs\":[\"https:\/\/vieassociative.be\/\"]}]}<\/script>\n<!-- \/ Yoast SEO plugin. -->","yoast_head_json":{"title":"Cette sonnette vid\u00e9o clignotante est \u00e0 son prix le plus bas de tous les temps | Vie Associative","robots":{"index":"index","follow":"follow","max-snippet":"max-snippet:-1","max-image-preview":"max-image-preview:large","max-video-preview":"max-video-preview:-1"},"canonical":"https:\/\/vieassociative.be\/actualites\/cette-sonnette-video-clignotante-est-a-son-prix-le-plus-bas-de-tous-les-temps\/","og_locale":"fr_FR","og_type":"article","og_title":"Cette sonnette vid\u00e9o clignotante est \u00e0 son prix le plus bas de tous les temps | Vie Associative","og_description":"Si vous \u00eates dans l&rsquo;\u00e9cosyst\u00e8me Alexa et que vous avez juste besoin d&rsquo;une surveillance vid\u00e9o de base, il s&rsquo;agit d&rsquo;une affaire solide pour un mod\u00e8le","og_url":"https:\/\/vieassociative.be\/actualites\/cette-sonnette-video-clignotante-est-a-son-prix-le-plus-bas-de-tous-les-temps\/","og_site_name":"Vie Associative","article_published_time":"2025-02-24T07:17:07+00:00","og_image":[{"url":"https:\/\/vieassociative.be\/actualites\/wp-content\/uploads\/2025\/02\/Cette-sonnette-video-clignotante-est-a-son-prix-le-plus.svg.svg+xml","type":"","width":"","height":""}],"author":"Julien","twitter_card":"summary_large_image","twitter_misc":{"\u00c9crit par":"Julien","Dur\u00e9e de lecture est.":"3 minutes"},"schema":{"@context":"https:\/\/schema.org","@graph":[{"@type":"Article","@id":"https:\/\/vieassociative.be\/actualites\/cette-sonnette-video-clignotante-est-a-son-prix-le-plus-bas-de-tous-les-temps\/#article","isPartOf":{"@id":"https:\/\/vieassociative.be\/actualites\/cette-sonnette-video-clignotante-est-a-son-prix-le-plus-bas-de-tous-les-temps\/"},"author":{"name":"Julien","@id":"https:\/\/vieassociative.be\/actualites\/#\/schema\/person\/b87ac4f82f9d4e7b7cec7395b679edc4"},"headline":"Cette sonnette vid\u00e9o clignotante est \u00e0 son prix le plus bas de tous les temps","datePublished":"2025-02-24T07:17:07+00:00","dateModified":"2025-02-24T07:17:07+00:00","mainEntityOfPage":{"@id":"https:\/\/vieassociative.be\/actualites\/cette-sonnette-video-clignotante-est-a-son-prix-le-plus-bas-de-tous-les-temps\/"},"wordCount":568,"publisher":{"@id":"https:\/\/vieassociative.be\/actualites\/#organization"},"image":{"@id":"https:\/\/vieassociative.be\/actualites\/cette-sonnette-video-clignotante-est-a-son-prix-le-plus-bas-de-tous-les-temps\/#primaryimage"},"thumbnailUrl":"https:\/\/vieassociative.be\/actualites\/wp-content\/uploads\/2025\/02\/Cette-sonnette-video-clignotante-est-a-son-prix-le-plus.png","keywords":["bas","cette","clignotante","est","Les","prix","son","sonnette","temps","tous","vid\u00e9o"],"articleSection":["Technologie"],"inLanguage":"fr-BE"},{"@type":"WebPage","@id":"https:\/\/vieassociative.be\/actualites\/cette-sonnette-video-clignotante-est-a-son-prix-le-plus-bas-de-tous-les-temps\/","url":"https:\/\/vieassociative.be\/actualites\/cette-sonnette-video-clignotante-est-a-son-prix-le-plus-bas-de-tous-les-temps\/","name":"Cette sonnette vid\u00e9o clignotante est \u00e0 son prix le plus bas de tous les temps | Vie Associative","isPartOf":{"@id":"https:\/\/vieassociative.be\/actualites\/#website"},"primaryImageOfPage":{"@id":"https:\/\/vieassociative.be\/actualites\/cette-sonnette-video-clignotante-est-a-son-prix-le-plus-bas-de-tous-les-temps\/#primaryimage"},"image":{"@id":"https:\/\/vieassociative.be\/actualites\/cette-sonnette-video-clignotante-est-a-son-prix-le-plus-bas-de-tous-les-temps\/#primaryimage"},"thumbnailUrl":"https:\/\/vieassociative.be\/actualites\/wp-content\/uploads\/2025\/02\/Cette-sonnette-video-clignotante-est-a-son-prix-le-plus.png","datePublished":"2025-02-24T07:17:07+00:00","dateModified":"2025-02-24T07:17:07+00:00","breadcrumb":{"@id":"https:\/\/vieassociative.be\/actualites\/cette-sonnette-video-clignotante-est-a-son-prix-le-plus-bas-de-tous-les-temps\/#breadcrumb"},"inLanguage":"fr-BE","potentialAction":[{"@type":"ReadAction","target":["https:\/\/vieassociative.be\/actualites\/cette-sonnette-video-clignotante-est-a-son-prix-le-plus-bas-de-tous-les-temps\/"]}]},{"@type":"ImageObject","inLanguage":"fr-BE","@id":"https:\/\/vieassociative.be\/actualites\/cette-sonnette-video-clignotante-est-a-son-prix-le-plus-bas-de-tous-les-temps\/#primaryimage","url":"https:\/\/vieassociative.be\/actualites\/wp-content\/uploads\/2025\/02\/Cette-sonnette-video-clignotante-est-a-son-prix-le-plus.png","contentUrl":"https:\/\/vieassociative.be\/actualites\/wp-content\/uploads\/2025\/02\/Cette-sonnette-video-clignotante-est-a-son-prix-le-plus.png","width":1200,"height":675,"caption":"Cette sonnette vid\u00e9o clignotante est \u00e0 son prix le plus bas de tous les temps"},{"@type":"BreadcrumbList","@id":"https:\/\/vieassociative.be\/actualites\/cette-sonnette-video-clignotante-est-a-son-prix-le-plus-bas-de-tous-les-temps\/#breadcrumb","itemListElement":[{"@type":"ListItem","position":1,"name":"Accueil","item":"https:\/\/vieassociative.be\/actualites\/"},{"@type":"ListItem","position":2,"name":"Cette sonnette vid\u00e9o clignotante est \u00e0 son prix le plus bas de tous les temps"}]},{"@type":"WebSite","@id":"https:\/\/vieassociative.be\/actualites\/#website","url":"https:\/\/vieassociative.be\/actualites\/","name":"Vie Associative","description":"","publisher":{"@id":"https:\/\/vieassociative.be\/actualites\/#organization"},"potentialAction":[{"@type":"SearchAction","target":{"@type":"EntryPoint","urlTemplate":"https:\/\/vieassociative.be\/actualites\/?s={search_term_string}"},"query-input":{"@type":"PropertyValueSpecification","valueRequired":true,"valueName":"search_term_string"}}],"inLanguage":"fr-BE"},{"@type":"Organization","@id":"https:\/\/vieassociative.be\/actualites\/#organization","name":"Vie Associative","url":"https:\/\/vieassociative.be\/actualites\/","logo":{"@type":"ImageObject","inLanguage":"fr-BE","@id":"https:\/\/vieassociative.be\/actualites\/#\/schema\/logo\/image\/","url":"https:\/\/vieassociative.be\/actualites\/wp-content\/uploads\/2024\/09\/cropped-vieassociative_favicon.ico.png","contentUrl":"https:\/\/vieassociative.be\/actualites\/wp-content\/uploads\/2024\/09\/cropped-vieassociative_favicon.ico.png","width":512,"height":512,"caption":"Vie Associative"},"image":{"@id":"https:\/\/vieassociative.be\/actualites\/#\/schema\/logo\/image\/"}},{"@type":"Person","@id":"https:\/\/vieassociative.be\/actualites\/#\/schema\/person\/b87ac4f82f9d4e7b7cec7395b679edc4","name":"Julien","image":{"@type":"ImageObject","inLanguage":"fr-BE","@id":"https:\/\/vieassociative.be\/actualites\/#\/schema\/person\/image\/","url":"https:\/\/vieassociative.be\/actualites\/wp-content\/uploads\/2024\/09\/vie-associative-1-150x150.jpg","contentUrl":"https:\/\/vieassociative.be\/actualites\/wp-content\/uploads\/2024\/09\/vie-associative-1-150x150.jpg","caption":"Julien"},"description":"Je suis Julien, r\u00e9dacteur pour Vie Associative. Passionn\u00e9 par le monde associatif depuis plus de 10 ans, j'ai \u00e0 c\u0153ur de partager des histoires inspirantes et de mettre en lumi\u00e8re les initiatives locales. Mon objectif est de sensibiliser et d'encourager l'engagement communautaire \u00e0 travers mes articles.","sameAs":["https:\/\/vieassociative.be\/"]}]}},"_links":{"self":[{"href":"https:\/\/vieassociative.be\/actualites\/wp-json\/wp\/v2\/posts\/5374"}],"collection":[{"href":"https:\/\/vieassociative.be\/actualites\/wp-json\/wp\/v2\/posts"}],"about":[{"href":"https:\/\/vieassociative.be\/actualites\/wp-json\/wp\/v2\/types\/post"}],"author":[{"embeddable":true,"href":"https:\/\/vieassociative.be\/actualites\/wp-json\/wp\/v2\/users\/1"}],"replies":[{"embeddable":true,"href":"https:\/\/vieassociative.be\/actualites\/wp-json\/wp\/v2\/comments?post=5374"}],"version-history":[{"count":0,"href":"https:\/\/vieassociative.be\/actualites\/wp-json\/wp\/v2\/posts\/5374\/revisions"}],"wp:featuredmedia":[{"embeddable":true,"href":"https:\/\/vieassociative.be\/actualites\/wp-json\/wp\/v2\/media\/5375"}],"wp:attachment":[{"href":"https:\/\/vieassociative.be\/actualites\/wp-json\/wp\/v2\/media?parent=5374"}],"wp:term":[{"taxonomy":"category","embeddable":true,"href":"https:\/\/vieassociative.be\/actualites\/wp-json\/wp\/v2\/categories?post=5374"},{"taxonomy":"post_tag","embeddable":true,"href":"https:\/\/vieassociative.be\/actualites\/wp-json\/wp\/v2\/tags?post=5374"}],"curies":[{"name":"wp","href":"https:\/\/api.w.org\/{rel}","templated":true}]}}