{"id":5368,"date":"2025-02-24T03:17:22","date_gmt":"2025-02-24T02:17:22","guid":{"rendered":"https:\/\/vieassociative.be\/actualites\/zone-de-police-weser-gohl-accorde-des-conseils-pour-la-cinquieme-saison\/"},"modified":"2025-02-24T03:17:22","modified_gmt":"2025-02-24T02:17:22","slug":"zone-de-police-weser-gohl-accorde-des-conseils-pour-la-cinquieme-saison","status":"publish","type":"post","link":"https:\/\/vieassociative.be\/actualites\/zone-de-police-weser-gohl-accorde-des-conseils-pour-la-cinquieme-saison\/","title":{"rendered":"Zone de police Weser-G\u00f6hl accorde des conseils pour la cinqui\u00e8me saison"},"content":{"rendered":"<p><strong>La cinqui\u00e8me saison approche de son point culminant et de nombreux fans du carnaval &#8211; jeunes ou vieux &#8211; attendent avec impatience la grande finale de la saison.<\/strong><\/p>\n<p><span id=\"more-408858\"><\/span>Le carnaval n&rsquo;est pas seulement une exp\u00e9rience sp\u00e9ciale pour les jeunes que vous souhaitez appr\u00e9cier au maximum. Cependant, l&rsquo;effet de l&rsquo;alcool est souvent sous-estim\u00e9 dans ce groupe d&rsquo;\u00e2ge &#8211; avec des cons\u00e9quences d\u00e9sagr\u00e9ables ou m\u00eame dangereuses.<\/p>\n<p>La zone de police de Weser-G\u00f6hl appelle donc en particulier les adultes, que les parents, les tuteurs l\u00e9gaux ou les organisateurs soient conscients de leur responsabilit\u00e9.<\/p>\n<div id=\"attachment_37299\" class=\"wp-caption alignleft\" style=\"max-width: 300px\"><img fetchpriority=\"high\" decoding=\"async\" class=\"wp-image-37299 size-medium\" src=\"https:\/\/vieassociative.be\/actualites\/wp-content\/uploads\/2025\/02\/Zone-de-police-Weser-Gohl-accorde-des-conseils-pour-la-cinquieme.jpg\" alt=\"\" width=\"300\" height=\"200\"  ><\/p>\n<p class=\"wp-caption-text\">Photo: Shutterstock<\/p>\n<\/div>\n<p><b>&#8211; Tout d&rsquo;abord, des r\u00e8gles claires pour les jeunes et les tuteurs l\u00e9gaux sont n\u00e9cessaires: <\/b>Une interdiction stricte de l&rsquo;alcool s&rsquo;applique aux jeunes de moins de 16 ans. \u00c0 partir de 16 ans, la bi\u00e8re, le vin et le vin contenant des boissons m\u00e9lang\u00e9es sont autoris\u00e9es. Les boissons alcoolis\u00e9es \u00e0 haute \u00e9preuve ne peuvent \u00eatre consomm\u00e9es que \u00e0 l&rsquo;\u00e2ge de 18 ans. La police recommande de discuter de ce sujet avec les jeunes \u00e0 un stade pr\u00e9coce.<\/p>\n<p>Il existe \u00e9galement des r\u00e9glementations pour la danse et les \u00e9v\u00e9nements du soir: les enfants et les adolescents de moins de 16 ans ne sont autoris\u00e9s qu&rsquo;\u00e0 participer \u00e0 l&rsquo;accompagnement d&rsquo;un tuteur l\u00e9gal. Assurez-vous que vous savez toujours o\u00f9 est votre enfant, avec qui il c\u00e9l\u00e8bre et comment il rentre \u00e0 la maison en toute s\u00e9curit\u00e9.<\/p>\n<p><strong>&#8211; Carnaval et trafic routier:<\/strong> Il y a \u00e9galement une prudence particuli\u00e8re dans la circulation routi\u00e8re. Beaucoup de gens sont \u00e0 pied et \u00e0 l&rsquo;alcool au volant est un grand danger pour tous les usagers de la route afin d&rsquo;assurer la s\u00e9curit\u00e9 pendant les jours de carnaval &#8211; des vieilles femmes du mercredi des cendres &#8211; la police effectuera de plus en plus d&rsquo;alcool et de contr\u00f4le de la circulation.<\/p>\n<p><strong>-Les \u00e9rarqu\u00e9es \u00ab\u00a0112 be\u00a0\u00bb:<\/strong> La police souligne \u00e9galement les avantages de l&rsquo;application d&rsquo;urgence \u00ab\u00a0112 be\u00a0\u00bb. Cela permet aux utilisateurs de contacter la police, les services d&rsquo;urgence ou les pompiers facilement et sans d\u00e9tours. L&rsquo;application peut \u00eatre d&rsquo;une grande aide, en particulier pendant les jours de carnaval, car il a une d\u00e9termination automatique de localisation. \u00ab\u00a0La zone de police de Weser-G\u00f6hl souhaite \u00e0 tous les jecken en Belgique de l&rsquo;Est une saison de carnaval heureuse et s\u00fbre\u00a0\u00bb, indique un communiqu\u00e9 de presse de la zone de police de Weser-G\u00f6hl. (Cre)<\/p>\n","protected":false},"excerpt":{"rendered":"<p>La cinqui\u00e8me saison approche de son point culminant et de nombreux fans du carnaval &#8211; jeunes ou vieux &#8211; attendent avec impatience la grande finale<\/p>\n","protected":false},"author":1,"featured_media":5369,"comment_status":"","ping_status":"","sticky":false,"template":"","format":"standard","meta":{"footnotes":""},"categories":[298],"tags":[2754,5514,725,29,2741,81,690,5023,4291],"class_list":["post-5368","post","type-post","status-publish","format-standard","has-post-thumbnail","hentry","category-belgique","tag-accorde","tag-cinquieme","tag-conseils","tag-des","tag-police","tag-pour","tag-saison","tag-wesergohl","tag-zone","generate-columns","tablet-grid-50","mobile-grid-100","grid-parent","grid-33"],"yoast_head":"<!-- This site is optimized with the Yoast SEO plugin v24.0 - https:\/\/yoast.com\/wordpress\/plugins\/seo\/ -->\n<title>Zone de police Weser-G\u00f6hl accorde des conseils pour la cinqui\u00e8me saison | Vie Associative<\/title>\n<meta name=\"robots\" content=\"index, follow, max-snippet:-1, max-image-preview:large, max-video-preview:-1\" \/>\n<link rel=\"canonical\" href=\"https:\/\/vieassociative.be\/actualites\/zone-de-police-weser-gohl-accorde-des-conseils-pour-la-cinquieme-saison\/\" \/>\n<meta property=\"og:locale\" content=\"fr_FR\" \/>\n<meta property=\"og:type\" content=\"article\" \/>\n<meta property=\"og:title\" content=\"Zone de police Weser-G\u00f6hl accorde des conseils pour la cinqui\u00e8me saison | Vie Associative\" \/>\n<meta property=\"og:description\" content=\"La cinqui\u00e8me saison approche de son point culminant et de nombreux fans du carnaval &#8211; jeunes ou vieux &#8211; attendent avec impatience la grande finale\" \/>\n<meta property=\"og:url\" content=\"https:\/\/vieassociative.be\/actualites\/zone-de-police-weser-gohl-accorde-des-conseils-pour-la-cinquieme-saison\/\" \/>\n<meta property=\"og:site_name\" content=\"Vie Associative\" \/>\n<meta property=\"article:published_time\" content=\"2025-02-24T02:17:22+00:00\" \/>\n<meta property=\"og:image\" content=\"https:\/\/vieassociative.be\/actualites\/wp-content\/uploads\/2024\/09\/header_backgroundk-01-e1726694325946.png\" \/>\n\t<meta property=\"og:image:width\" content=\"279\" \/>\n\t<meta property=\"og:image:height\" content=\"92\" \/>\n\t<meta property=\"og:image:type\" content=\"image\/png\" \/>\n<meta name=\"author\" content=\"Julien\" \/>\n<meta name=\"twitter:card\" content=\"summary_large_image\" \/>\n<meta name=\"twitter:label1\" content=\"\u00c9crit par\" \/>\n\t<meta name=\"twitter:data1\" content=\"Julien\" \/>\n\t<meta name=\"twitter:label2\" content=\"Dur\u00e9e de lecture est.\" \/>\n\t<meta name=\"twitter:data2\" content=\"2 minutes\" \/>\n<script type=\"application\/ld+json\" class=\"yoast-schema-graph\">{\"@context\":\"https:\/\/schema.org\",\"@graph\":[{\"@type\":\"Article\",\"@id\":\"https:\/\/vieassociative.be\/actualites\/zone-de-police-weser-gohl-accorde-des-conseils-pour-la-cinquieme-saison\/#article\",\"isPartOf\":{\"@id\":\"https:\/\/vieassociative.be\/actualites\/zone-de-police-weser-gohl-accorde-des-conseils-pour-la-cinquieme-saison\/\"},\"author\":{\"name\":\"Julien\",\"@id\":\"https:\/\/vieassociative.be\/actualites\/#\/schema\/person\/b87ac4f82f9d4e7b7cec7395b679edc4\"},\"headline\":\"Zone de police Weser-G\u00f6hl accorde des conseils pour la cinqui\u00e8me saison\",\"datePublished\":\"2025-02-24T02:17:22+00:00\",\"dateModified\":\"2025-02-24T02:17:22+00:00\",\"mainEntityOfPage\":{\"@id\":\"https:\/\/vieassociative.be\/actualites\/zone-de-police-weser-gohl-accorde-des-conseils-pour-la-cinquieme-saison\/\"},\"wordCount\":438,\"publisher\":{\"@id\":\"https:\/\/vieassociative.be\/actualites\/#organization\"},\"image\":{\"@id\":\"https:\/\/vieassociative.be\/actualites\/zone-de-police-weser-gohl-accorde-des-conseils-pour-la-cinquieme-saison\/#primaryimage\"},\"thumbnailUrl\":\"https:\/\/vieassociative.be\/actualites\/wp-content\/uploads\/2025\/02\/Zone-de-police-Weser-Gohl-accorde-des-conseils-pour-la-cinquieme.jpeg\",\"keywords\":[\"accorde\",\"cinqui\u00e8me\",\"Conseils\",\"Des\",\"police\",\"pour\",\"Saison\",\"WeserG\u00f6hl\",\"zone\"],\"articleSection\":[\"Belgique\"],\"inLanguage\":\"fr-BE\"},{\"@type\":\"WebPage\",\"@id\":\"https:\/\/vieassociative.be\/actualites\/zone-de-police-weser-gohl-accorde-des-conseils-pour-la-cinquieme-saison\/\",\"url\":\"https:\/\/vieassociative.be\/actualites\/zone-de-police-weser-gohl-accorde-des-conseils-pour-la-cinquieme-saison\/\",\"name\":\"Zone de police Weser-G\u00f6hl accorde des conseils pour la cinqui\u00e8me saison | Vie Associative\",\"isPartOf\":{\"@id\":\"https:\/\/vieassociative.be\/actualites\/#website\"},\"primaryImageOfPage\":{\"@id\":\"https:\/\/vieassociative.be\/actualites\/zone-de-police-weser-gohl-accorde-des-conseils-pour-la-cinquieme-saison\/#primaryimage\"},\"image\":{\"@id\":\"https:\/\/vieassociative.be\/actualites\/zone-de-police-weser-gohl-accorde-des-conseils-pour-la-cinquieme-saison\/#primaryimage\"},\"thumbnailUrl\":\"https:\/\/vieassociative.be\/actualites\/wp-content\/uploads\/2025\/02\/Zone-de-police-Weser-Gohl-accorde-des-conseils-pour-la-cinquieme.jpeg\",\"datePublished\":\"2025-02-24T02:17:22+00:00\",\"dateModified\":\"2025-02-24T02:17:22+00:00\",\"breadcrumb\":{\"@id\":\"https:\/\/vieassociative.be\/actualites\/zone-de-police-weser-gohl-accorde-des-conseils-pour-la-cinquieme-saison\/#breadcrumb\"},\"inLanguage\":\"fr-BE\",\"potentialAction\":[{\"@type\":\"ReadAction\",\"target\":[\"https:\/\/vieassociative.be\/actualites\/zone-de-police-weser-gohl-accorde-des-conseils-pour-la-cinquieme-saison\/\"]}]},{\"@type\":\"ImageObject\",\"inLanguage\":\"fr-BE\",\"@id\":\"https:\/\/vieassociative.be\/actualites\/zone-de-police-weser-gohl-accorde-des-conseils-pour-la-cinquieme-saison\/#primaryimage\",\"url\":\"https:\/\/vieassociative.be\/actualites\/wp-content\/uploads\/2025\/02\/Zone-de-police-Weser-Gohl-accorde-des-conseils-pour-la-cinquieme.jpeg\",\"contentUrl\":\"https:\/\/vieassociative.be\/actualites\/wp-content\/uploads\/2025\/02\/Zone-de-police-Weser-Gohl-accorde-des-conseils-pour-la-cinquieme.jpeg\",\"width\":1200,\"height\":800,\"caption\":\"Zone de police Weser-G\u00f6hl accorde des conseils pour la cinqui\u00e8me saison\"},{\"@type\":\"BreadcrumbList\",\"@id\":\"https:\/\/vieassociative.be\/actualites\/zone-de-police-weser-gohl-accorde-des-conseils-pour-la-cinquieme-saison\/#breadcrumb\",\"itemListElement\":[{\"@type\":\"ListItem\",\"position\":1,\"name\":\"Accueil\",\"item\":\"https:\/\/vieassociative.be\/actualites\/\"},{\"@type\":\"ListItem\",\"position\":2,\"name\":\"Zone de police Weser-G\u00f6hl accorde des conseils pour la cinqui\u00e8me saison\"}]},{\"@type\":\"WebSite\",\"@id\":\"https:\/\/vieassociative.be\/actualites\/#website\",\"url\":\"https:\/\/vieassociative.be\/actualites\/\",\"name\":\"Vie Associative\",\"description\":\"\",\"publisher\":{\"@id\":\"https:\/\/vieassociative.be\/actualites\/#organization\"},\"potentialAction\":[{\"@type\":\"SearchAction\",\"target\":{\"@type\":\"EntryPoint\",\"urlTemplate\":\"https:\/\/vieassociative.be\/actualites\/?s={search_term_string}\"},\"query-input\":{\"@type\":\"PropertyValueSpecification\",\"valueRequired\":true,\"valueName\":\"search_term_string\"}}],\"inLanguage\":\"fr-BE\"},{\"@type\":\"Organization\",\"@id\":\"https:\/\/vieassociative.be\/actualites\/#organization\",\"name\":\"Vie Associative\",\"url\":\"https:\/\/vieassociative.be\/actualites\/\",\"logo\":{\"@type\":\"ImageObject\",\"inLanguage\":\"fr-BE\",\"@id\":\"https:\/\/vieassociative.be\/actualites\/#\/schema\/logo\/image\/\",\"url\":\"https:\/\/vieassociative.be\/actualites\/wp-content\/uploads\/2024\/09\/cropped-vieassociative_favicon.ico.png\",\"contentUrl\":\"https:\/\/vieassociative.be\/actualites\/wp-content\/uploads\/2024\/09\/cropped-vieassociative_favicon.ico.png\",\"width\":512,\"height\":512,\"caption\":\"Vie Associative\"},\"image\":{\"@id\":\"https:\/\/vieassociative.be\/actualites\/#\/schema\/logo\/image\/\"}},{\"@type\":\"Person\",\"@id\":\"https:\/\/vieassociative.be\/actualites\/#\/schema\/person\/b87ac4f82f9d4e7b7cec7395b679edc4\",\"name\":\"Julien\",\"image\":{\"@type\":\"ImageObject\",\"inLanguage\":\"fr-BE\",\"@id\":\"https:\/\/vieassociative.be\/actualites\/#\/schema\/person\/image\/\",\"url\":\"https:\/\/vieassociative.be\/actualites\/wp-content\/uploads\/2024\/09\/vie-associative-1-150x150.jpg\",\"contentUrl\":\"https:\/\/vieassociative.be\/actualites\/wp-content\/uploads\/2024\/09\/vie-associative-1-150x150.jpg\",\"caption\":\"Julien\"},\"description\":\"Je suis Julien, r\u00e9dacteur pour Vie Associative. Passionn\u00e9 par le monde associatif depuis plus de 10 ans, j'ai \u00e0 c\u0153ur de partager des histoires inspirantes et de mettre en lumi\u00e8re les initiatives locales. Mon objectif est de sensibiliser et d'encourager l'engagement communautaire \u00e0 travers mes articles.\",\"sameAs\":[\"https:\/\/vieassociative.be\/\"]}]}<\/script>\n<!-- \/ Yoast SEO plugin. -->","yoast_head_json":{"title":"Zone de police Weser-G\u00f6hl accorde des conseils pour la cinqui\u00e8me saison | Vie Associative","robots":{"index":"index","follow":"follow","max-snippet":"max-snippet:-1","max-image-preview":"max-image-preview:large","max-video-preview":"max-video-preview:-1"},"canonical":"https:\/\/vieassociative.be\/actualites\/zone-de-police-weser-gohl-accorde-des-conseils-pour-la-cinquieme-saison\/","og_locale":"fr_FR","og_type":"article","og_title":"Zone de police Weser-G\u00f6hl accorde des conseils pour la cinqui\u00e8me saison | Vie Associative","og_description":"La cinqui\u00e8me saison approche de son point culminant et de nombreux fans du carnaval &#8211; jeunes ou vieux &#8211; attendent avec impatience la grande finale","og_url":"https:\/\/vieassociative.be\/actualites\/zone-de-police-weser-gohl-accorde-des-conseils-pour-la-cinquieme-saison\/","og_site_name":"Vie Associative","article_published_time":"2025-02-24T02:17:22+00:00","og_image":[{"width":279,"height":92,"url":"https:\/\/vieassociative.be\/actualites\/wp-content\/uploads\/2024\/09\/header_backgroundk-01-e1726694325946.png","type":"image\/png"}],"author":"Julien","twitter_card":"summary_large_image","twitter_misc":{"\u00c9crit par":"Julien","Dur\u00e9e de lecture est.":"2 minutes"},"schema":{"@context":"https:\/\/schema.org","@graph":[{"@type":"Article","@id":"https:\/\/vieassociative.be\/actualites\/zone-de-police-weser-gohl-accorde-des-conseils-pour-la-cinquieme-saison\/#article","isPartOf":{"@id":"https:\/\/vieassociative.be\/actualites\/zone-de-police-weser-gohl-accorde-des-conseils-pour-la-cinquieme-saison\/"},"author":{"name":"Julien","@id":"https:\/\/vieassociative.be\/actualites\/#\/schema\/person\/b87ac4f82f9d4e7b7cec7395b679edc4"},"headline":"Zone de police Weser-G\u00f6hl accorde des conseils pour la cinqui\u00e8me saison","datePublished":"2025-02-24T02:17:22+00:00","dateModified":"2025-02-24T02:17:22+00:00","mainEntityOfPage":{"@id":"https:\/\/vieassociative.be\/actualites\/zone-de-police-weser-gohl-accorde-des-conseils-pour-la-cinquieme-saison\/"},"wordCount":438,"publisher":{"@id":"https:\/\/vieassociative.be\/actualites\/#organization"},"image":{"@id":"https:\/\/vieassociative.be\/actualites\/zone-de-police-weser-gohl-accorde-des-conseils-pour-la-cinquieme-saison\/#primaryimage"},"thumbnailUrl":"https:\/\/vieassociative.be\/actualites\/wp-content\/uploads\/2025\/02\/Zone-de-police-Weser-Gohl-accorde-des-conseils-pour-la-cinquieme.jpeg","keywords":["accorde","cinqui\u00e8me","Conseils","Des","police","pour","Saison","WeserG\u00f6hl","zone"],"articleSection":["Belgique"],"inLanguage":"fr-BE"},{"@type":"WebPage","@id":"https:\/\/vieassociative.be\/actualites\/zone-de-police-weser-gohl-accorde-des-conseils-pour-la-cinquieme-saison\/","url":"https:\/\/vieassociative.be\/actualites\/zone-de-police-weser-gohl-accorde-des-conseils-pour-la-cinquieme-saison\/","name":"Zone de police Weser-G\u00f6hl accorde des conseils pour la cinqui\u00e8me saison | Vie Associative","isPartOf":{"@id":"https:\/\/vieassociative.be\/actualites\/#website"},"primaryImageOfPage":{"@id":"https:\/\/vieassociative.be\/actualites\/zone-de-police-weser-gohl-accorde-des-conseils-pour-la-cinquieme-saison\/#primaryimage"},"image":{"@id":"https:\/\/vieassociative.be\/actualites\/zone-de-police-weser-gohl-accorde-des-conseils-pour-la-cinquieme-saison\/#primaryimage"},"thumbnailUrl":"https:\/\/vieassociative.be\/actualites\/wp-content\/uploads\/2025\/02\/Zone-de-police-Weser-Gohl-accorde-des-conseils-pour-la-cinquieme.jpeg","datePublished":"2025-02-24T02:17:22+00:00","dateModified":"2025-02-24T02:17:22+00:00","breadcrumb":{"@id":"https:\/\/vieassociative.be\/actualites\/zone-de-police-weser-gohl-accorde-des-conseils-pour-la-cinquieme-saison\/#breadcrumb"},"inLanguage":"fr-BE","potentialAction":[{"@type":"ReadAction","target":["https:\/\/vieassociative.be\/actualites\/zone-de-police-weser-gohl-accorde-des-conseils-pour-la-cinquieme-saison\/"]}]},{"@type":"ImageObject","inLanguage":"fr-BE","@id":"https:\/\/vieassociative.be\/actualites\/zone-de-police-weser-gohl-accorde-des-conseils-pour-la-cinquieme-saison\/#primaryimage","url":"https:\/\/vieassociative.be\/actualites\/wp-content\/uploads\/2025\/02\/Zone-de-police-Weser-Gohl-accorde-des-conseils-pour-la-cinquieme.jpeg","contentUrl":"https:\/\/vieassociative.be\/actualites\/wp-content\/uploads\/2025\/02\/Zone-de-police-Weser-Gohl-accorde-des-conseils-pour-la-cinquieme.jpeg","width":1200,"height":800,"caption":"Zone de police Weser-G\u00f6hl accorde des conseils pour la cinqui\u00e8me saison"},{"@type":"BreadcrumbList","@id":"https:\/\/vieassociative.be\/actualites\/zone-de-police-weser-gohl-accorde-des-conseils-pour-la-cinquieme-saison\/#breadcrumb","itemListElement":[{"@type":"ListItem","position":1,"name":"Accueil","item":"https:\/\/vieassociative.be\/actualites\/"},{"@type":"ListItem","position":2,"name":"Zone de police Weser-G\u00f6hl accorde des conseils pour la cinqui\u00e8me saison"}]},{"@type":"WebSite","@id":"https:\/\/vieassociative.be\/actualites\/#website","url":"https:\/\/vieassociative.be\/actualites\/","name":"Vie Associative","description":"","publisher":{"@id":"https:\/\/vieassociative.be\/actualites\/#organization"},"potentialAction":[{"@type":"SearchAction","target":{"@type":"EntryPoint","urlTemplate":"https:\/\/vieassociative.be\/actualites\/?s={search_term_string}"},"query-input":{"@type":"PropertyValueSpecification","valueRequired":true,"valueName":"search_term_string"}}],"inLanguage":"fr-BE"},{"@type":"Organization","@id":"https:\/\/vieassociative.be\/actualites\/#organization","name":"Vie Associative","url":"https:\/\/vieassociative.be\/actualites\/","logo":{"@type":"ImageObject","inLanguage":"fr-BE","@id":"https:\/\/vieassociative.be\/actualites\/#\/schema\/logo\/image\/","url":"https:\/\/vieassociative.be\/actualites\/wp-content\/uploads\/2024\/09\/cropped-vieassociative_favicon.ico.png","contentUrl":"https:\/\/vieassociative.be\/actualites\/wp-content\/uploads\/2024\/09\/cropped-vieassociative_favicon.ico.png","width":512,"height":512,"caption":"Vie Associative"},"image":{"@id":"https:\/\/vieassociative.be\/actualites\/#\/schema\/logo\/image\/"}},{"@type":"Person","@id":"https:\/\/vieassociative.be\/actualites\/#\/schema\/person\/b87ac4f82f9d4e7b7cec7395b679edc4","name":"Julien","image":{"@type":"ImageObject","inLanguage":"fr-BE","@id":"https:\/\/vieassociative.be\/actualites\/#\/schema\/person\/image\/","url":"https:\/\/vieassociative.be\/actualites\/wp-content\/uploads\/2024\/09\/vie-associative-1-150x150.jpg","contentUrl":"https:\/\/vieassociative.be\/actualites\/wp-content\/uploads\/2024\/09\/vie-associative-1-150x150.jpg","caption":"Julien"},"description":"Je suis Julien, r\u00e9dacteur pour Vie Associative. Passionn\u00e9 par le monde associatif depuis plus de 10 ans, j'ai \u00e0 c\u0153ur de partager des histoires inspirantes et de mettre en lumi\u00e8re les initiatives locales. Mon objectif est de sensibiliser et d'encourager l'engagement communautaire \u00e0 travers mes articles.","sameAs":["https:\/\/vieassociative.be\/"]}]}},"_links":{"self":[{"href":"https:\/\/vieassociative.be\/actualites\/wp-json\/wp\/v2\/posts\/5368"}],"collection":[{"href":"https:\/\/vieassociative.be\/actualites\/wp-json\/wp\/v2\/posts"}],"about":[{"href":"https:\/\/vieassociative.be\/actualites\/wp-json\/wp\/v2\/types\/post"}],"author":[{"embeddable":true,"href":"https:\/\/vieassociative.be\/actualites\/wp-json\/wp\/v2\/users\/1"}],"replies":[{"embeddable":true,"href":"https:\/\/vieassociative.be\/actualites\/wp-json\/wp\/v2\/comments?post=5368"}],"version-history":[{"count":0,"href":"https:\/\/vieassociative.be\/actualites\/wp-json\/wp\/v2\/posts\/5368\/revisions"}],"wp:featuredmedia":[{"embeddable":true,"href":"https:\/\/vieassociative.be\/actualites\/wp-json\/wp\/v2\/media\/5369"}],"wp:attachment":[{"href":"https:\/\/vieassociative.be\/actualites\/wp-json\/wp\/v2\/media?parent=5368"}],"wp:term":[{"taxonomy":"category","embeddable":true,"href":"https:\/\/vieassociative.be\/actualites\/wp-json\/wp\/v2\/categories?post=5368"},{"taxonomy":"post_tag","embeddable":true,"href":"https:\/\/vieassociative.be\/actualites\/wp-json\/wp\/v2\/tags?post=5368"}],"curies":[{"name":"wp","href":"https:\/\/api.w.org\/{rel}","templated":true}]}}