{"id":5361,"date":"2025-02-23T21:17:30","date_gmt":"2025-02-23T20:17:30","guid":{"rendered":"https:\/\/vieassociative.be\/actualites\/merz-et-cdu-csu-remportent-les-elections-de-bundestag\/"},"modified":"2025-02-23T21:17:30","modified_gmt":"2025-02-23T20:17:30","slug":"merz-et-cdu-csu-remportent-les-elections-de-bundestag","status":"publish","type":"post","link":"https:\/\/vieassociative.be\/actualites\/merz-et-cdu-csu-remportent-les-elections-de-bundestag\/","title":{"rendered":"Merz et CDU \/ CSU remportent les \u00e9lections de Bundestag"},"content":{"rendered":"<p><strong>MISE \u00c0 JOUR &#8211; Les d\u00e9mocrates chr\u00e9tiens (CDU \/ CSU) du chef de l&rsquo;opposition Friedrich Merz ont remport\u00e9 les \u00e9lections de Bundestag en Allemagne, selon les comptes de t\u00e9l\u00e9vision \u00e9lev\u00e9s des cha\u00eenes de t\u00e9l\u00e9vision. Cependant, le syndicat doit d\u00e9sormais annoncer les perdants \u00e9lectoraux.<\/strong><\/p>\n<p><span id=\"more-408831\"><\/span>Les sociaux-d\u00e9mocrates du chancelier Olaf Scholz (SPD) ont repris leur pire r\u00e9sultat de toutes les \u00e9lections de Bundestag. La deuxi\u00e8me force la plus forte est devenue la bonne populiste AFD, ce qui a presque doubl\u00e9 sa proportion de voix.<\/p>\n<p>Selon les projections, la CDU \/ CSU a 28,5 \u00e0 28,6% des voix (2021: 24,2%). Ceci est votre r\u00e9sultat \u00e0 deux plats dans l&rsquo;histoire de la R\u00e9publique f\u00e9d\u00e9rale. L&rsquo;AFD a remport\u00e9 20,1 \u00e0 20,4% (2021: 10,4). Le SPD est tomb\u00e9 \u00e0 16,3% (2021: 25,7). Les verts du vice-chancelier Robert Habeck se sont d\u00e9t\u00e9rior\u00e9s de 12,2 \u00e0 12,3% (2021: 14,7).<\/p>\n<div id=\"attachment_408881\" class=\"wp-caption alignleft\" style=\"max-width: 300px\"><img fetchpriority=\"high\" decoding=\"async\" class=\"wp-image-408881 size-medium\" src=\"https:\/\/vieassociative.be\/actualites\/wp-content\/uploads\/2025\/02\/Merz-et-CDU-CSU-remportent-les-elections-de-Bundestag.jpg\" alt=\"\" width=\"300\" height=\"200\"><\/p>\n<p class=\"wp-caption-text\">23.02.2025, Berlin: Alice Weidel, pr\u00e9sidente f\u00e9d\u00e9rale et candidat chancelier de l&rsquo;AFD, et Tino Chrupalla, pr\u00e9sident f\u00e9d\u00e9ral de l&rsquo;AFD, r\u00e9agit \u00e0 la partie \u00e9lectorale de l&rsquo;AFD au bureau f\u00e9d\u00e9ral de l&rsquo;AFD. Photo: S\u00f6ren Stache \/ DPA Pool \/ DPA<\/p>\n<\/div>\n<p>Le FDP, qui avait co-r\u00e9gul\u00e9 dans la coalition \u00ab\u00a0AMPEL\u00a0\u00bb de Scholz jusqu&rsquo;en novembre, a \u00e9chou\u00e9 avec 4,7 \u00e0 4,8% (2021: 11,4) en raison de l&rsquo;obstacle \u00e0 5% pour la r\u00e9installation dans le Bundestag. La gauche a remport\u00e9 8,5 \u00e0 8,9% (2021: 4,9) et est donc \u00e0 nouveau repr\u00e9sent\u00e9e dans le Bundestag. L&rsquo;Alliance nouvellement fond\u00e9e Sahra Wagenknecht (BSW), une division de gauche, pourrait \u00e9chouer avec 4,9 \u00e0 5,0% au prix de cinq pour cent.<\/p>\n<p><b>&#8211; Formation du gouvernement difficile: <\/b>Selon ARD et ZDF, le taux de participation se situait entre 83 et 84%, plus que plus de la r\u00e9unification allemande en 1990.<\/p>\n<p>Selon les calculs ARD, le CDU \/ CSU 209 siten, l&rsquo;AFD 149, le SPD 119, les Greens 90, le gauche 62 et le parti de la minorit\u00e9 danoise (SSW). La clause de blocage ne s&rsquo;applique pas \u00e0 ce dernier.<\/p>\n<p>\u00ab\u00a0Nous, la CDU et le CSU, le syndicat, avons remport\u00e9 les \u00e9lections de Bundestag en 2025\u00a0\u00bb, a d\u00e9clar\u00e9 Merz. Scholz a admis la d\u00e9faite. \u00ab\u00a0Il s&rsquo;agit d&rsquo;un r\u00e9sultat \u00e9lectoral amer pour le Parti social-d\u00e9mocrate\u00a0\u00bb, a-t-il d\u00e9clar\u00e9. Il \u00e9tait lui-m\u00eame responsable de ce r\u00e9sultat. \u00ab\u00a0F\u00e9licitations pour le r\u00e9sultat des \u00e9lections\u00a0\u00bb, a d\u00e9clar\u00e9 le chancelier \u00e0 l&rsquo;adresse de son challenger.<\/p>\n<p>L&rsquo;AFD a c\u00e9l\u00e9br\u00e9 sa deuxi\u00e8me place lors des \u00e9lections de Bundestag en Allemagne comme \u00ab\u00a0historiques\u00a0\u00bb. \u00ab\u00a0Nous voulions faire de moiti\u00e9 de moiti\u00e9, l&rsquo;inverse s&rsquo;est produit\u00a0\u00bb, a d\u00e9clar\u00e9 le patron et candidat \u00e0 la chanceli\u00e8re Alice Weidel lors d&rsquo;une partie \u00e9lectorale \u00e0 Berlin. Il y a quelques ann\u00e9es, Merz avait annonc\u00e9 qu&rsquo;il voulait faire de moiti\u00e9 de moiti\u00e9 de l&rsquo;AFD lorsqu&rsquo;il a demand\u00e9 la pr\u00e9sidence de la CDU. Le patron du FDP, Christian Lindner, a annonc\u00e9 son retrait de la direction du parti si le FDP ne le fait pas r\u00e9ellement.<\/p>\n<p>L&rsquo;\u00e9lection pr\u00e9vue \u00e0 l&rsquo;origine pour septembre avait \u00e9t\u00e9 avanc\u00e9e apr\u00e8s que la coalition \u00ab\u00a0Fight\u00a0\u00bb a interrompu le diff\u00e9rend sur le budget en novembre. Depuis lors, Scholz a dirig\u00e9 un gouvernement minoritaire du SPD et des Verts.<\/p>\n<div id=\"attachment_408880\" class=\"wp-caption alignleft\" style=\"max-width: 300px\"><img decoding=\"async\" class=\"wp-image-408880 size-medium\" src=\"https:\/\/vieassociative.be\/actualites\/wp-content\/uploads\/2025\/02\/1740341850_907_Merz-et-CDU-CSU-remportent-les-elections-de-Bundestag.jpg\" alt=\"\" width=\"300\" height=\"200\"><\/p>\n<p class=\"wp-caption-text\">23.02.2025, Berlin: Lars Klingbeil, pr\u00e9sident du SPD, chancelier Olaf Scholz (SPD) et son \u00e9pouse Britta Ernst, ainsi que Saskia Esken (SPD), pr\u00e9sidente du SPD (LR) sont sur sc\u00e8ne au SPD Election Party Dans Willy-Brandt-Haus. Photo: Jan Woitas \/ DPA<\/p>\n<\/div>\n<p>La formation d&rsquo;un nouveau gouvernement allemand pourrait \u00eatre difficile. Une coalition du CDU \/ CSU et du SPD aurait une l\u00e9g\u00e8re majorit\u00e9, mais les diff\u00e9rences programmatiques entre les deux forces sont consid\u00e9rables. L&rsquo;AFD, qui est class\u00e9 comme extr\u00e9miste \u00e0 droite, est \u00e9limin\u00e9 en tant que partenaire de coalition pour toutes les autres parties.<\/p>\n<p><b>&#8211; Parlement plus petit: <\/b>Le nouveau Bundestag doit se r\u00e9unir aux derniers jours apr\u00e8s les \u00e9lections &#8211; jusqu&rsquo;au 25 mars. La d\u00e9cision concernant le futur gouvernement ne sera probablement prise que des semaines ou m\u00eame des mois plus tard. Jusque-l\u00e0, le gouvernement pr\u00e9c\u00e9dent restera en fonction. Le nouveau Bundestag sera consid\u00e9rablement plus mince en raison d&rsquo;une r\u00e9forme du droit de vote. Le nombre de d\u00e9put\u00e9s \u00e9tait limit\u00e9 \u00e0 630 &#8211; c&rsquo;est un bon 100 moins que vers le haut.<\/p>\n<p><b>&#8211; La campagne \u00e9lectorale a contourn\u00e9 la migration et la faiblesse \u00e9conomique: <\/b>La courte campagne \u00e9lectorale hivernale a r\u00e9cemment \u00e9t\u00e9 caract\u00e9ris\u00e9e par le d\u00e9bat sur une limitation de la migration. Les attaques \u00e0 Magdeburg, Aschaffenburg et Munich, dans lesquelles plusieurs personnes ont \u00e9t\u00e9 tu\u00e9es et beaucoup de bless\u00e9s, ont \u00e9t\u00e9 des d\u00e9clencheurs en b\u00e9ton pour la r\u00e9f\u00e9rence du th\u00e8me constant.<\/p>\n<p>Le deuxi\u00e8me sujet principal \u00e9tait l&rsquo;\u00e9conomie affaiblie. Merz a annonc\u00e9 des r\u00e9ductions d&rsquo;imp\u00f4t et des changements radicaux \u00e0 la citoyennet\u00e9 &#8211; aides d&rsquo;\u00c9tat aux ch\u00f4meurs \u00e0 long terme &#8211; le SPD souhaite faciliter les investissements gouvernementaux en r\u00e9formant le freinage de la dette.<\/p>\n<p>Au cours des 76 ann\u00e9es qui ont suivi la fonderie de la R\u00e9publique f\u00e9d\u00e9rale d&rsquo;Allemagne, la CDU a fourni le chancelier depuis 51 ans. Le FDP, qui faisait partie de nombreux gouvernements f\u00e9d\u00e9raux depuis 1949, avait jusqu&rsquo;\u00e0 pr\u00e9sent vol\u00e9 du Bundestag en 2013, mais avait \u00e9t\u00e9 revenu lors des \u00e9lections suivantes. (DPA)<\/p>\n","protected":false},"excerpt":{"rendered":"<p>MISE \u00c0 JOUR &#8211; Les d\u00e9mocrates chr\u00e9tiens (CDU \/ CSU) du chef de l&rsquo;opposition Friedrich Merz ont remport\u00e9 les \u00e9lections de Bundestag en Allemagne, selon<\/p>\n","protected":false},"author":1,"featured_media":5362,"comment_status":"","ping_status":"","sticky":false,"template":"","format":"standard","meta":{"footnotes":""},"categories":[298],"tags":[4063,5509,5510,2569,14,4061,5511],"class_list":["post-5361","post","type-post","status-publish","format-standard","has-post-thumbnail","hentry","category-belgique","tag-bundestag","tag-cdu","tag-csu","tag-elections","tag-les","tag-merz","tag-remportent","generate-columns","tablet-grid-50","mobile-grid-100","grid-parent","grid-33"],"yoast_head":"<!-- This site is optimized with the Yoast SEO plugin v24.0 - https:\/\/yoast.com\/wordpress\/plugins\/seo\/ -->\n<title>Merz et CDU \/ CSU remportent les \u00e9lections de Bundestag | Vie Associative<\/title>\n<meta name=\"robots\" content=\"index, follow, max-snippet:-1, max-image-preview:large, max-video-preview:-1\" \/>\n<link rel=\"canonical\" href=\"https:\/\/vieassociative.be\/actualites\/merz-et-cdu-csu-remportent-les-elections-de-bundestag\/\" \/>\n<meta property=\"og:locale\" content=\"fr_FR\" \/>\n<meta property=\"og:type\" content=\"article\" \/>\n<meta property=\"og:title\" content=\"Merz et CDU \/ CSU remportent les \u00e9lections de Bundestag | Vie Associative\" \/>\n<meta property=\"og:description\" content=\"MISE \u00c0 JOUR &#8211; Les d\u00e9mocrates chr\u00e9tiens (CDU \/ CSU) du chef de l&rsquo;opposition Friedrich Merz ont remport\u00e9 les \u00e9lections de Bundestag en Allemagne, selon\" \/>\n<meta property=\"og:url\" content=\"https:\/\/vieassociative.be\/actualites\/merz-et-cdu-csu-remportent-les-elections-de-bundestag\/\" \/>\n<meta property=\"og:site_name\" content=\"Vie Associative\" \/>\n<meta property=\"article:published_time\" content=\"2025-02-23T20:17:30+00:00\" \/>\n<meta property=\"og:image\" content=\"https:\/\/vieassociative.be\/actualites\/wp-content\/uploads\/2024\/09\/header_backgroundk-01-e1726694325946.png\" \/>\n\t<meta property=\"og:image:width\" content=\"279\" \/>\n\t<meta property=\"og:image:height\" content=\"92\" \/>\n\t<meta property=\"og:image:type\" content=\"image\/png\" \/>\n<meta name=\"author\" content=\"Julien\" \/>\n<meta name=\"twitter:card\" content=\"summary_large_image\" \/>\n<meta name=\"twitter:label1\" content=\"\u00c9crit par\" \/>\n\t<meta name=\"twitter:data1\" content=\"Julien\" \/>\n\t<meta name=\"twitter:label2\" content=\"Dur\u00e9e de lecture est.\" \/>\n\t<meta name=\"twitter:data2\" content=\"4 minutes\" \/>\n<script type=\"application\/ld+json\" class=\"yoast-schema-graph\">{\"@context\":\"https:\/\/schema.org\",\"@graph\":[{\"@type\":\"Article\",\"@id\":\"https:\/\/vieassociative.be\/actualites\/merz-et-cdu-csu-remportent-les-elections-de-bundestag\/#article\",\"isPartOf\":{\"@id\":\"https:\/\/vieassociative.be\/actualites\/merz-et-cdu-csu-remportent-les-elections-de-bundestag\/\"},\"author\":{\"name\":\"Julien\",\"@id\":\"https:\/\/vieassociative.be\/actualites\/#\/schema\/person\/b87ac4f82f9d4e7b7cec7395b679edc4\"},\"headline\":\"Merz et CDU \/ CSU remportent les \u00e9lections de Bundestag\",\"datePublished\":\"2025-02-23T20:17:30+00:00\",\"dateModified\":\"2025-02-23T20:17:30+00:00\",\"mainEntityOfPage\":{\"@id\":\"https:\/\/vieassociative.be\/actualites\/merz-et-cdu-csu-remportent-les-elections-de-bundestag\/\"},\"wordCount\":896,\"publisher\":{\"@id\":\"https:\/\/vieassociative.be\/actualites\/#organization\"},\"image\":{\"@id\":\"https:\/\/vieassociative.be\/actualites\/merz-et-cdu-csu-remportent-les-elections-de-bundestag\/#primaryimage\"},\"thumbnailUrl\":\"https:\/\/vieassociative.be\/actualites\/wp-content\/uploads\/2025\/02\/1740341851_Merz-et-CDU-CSU-remportent-les-elections-de-Bundestag.jpg\",\"keywords\":[\"Bundestag\",\"CDU\",\"CSU\",\"\u00e9lections\",\"Les\",\"Merz\",\"remportent\"],\"articleSection\":[\"Belgique\"],\"inLanguage\":\"fr-BE\"},{\"@type\":\"WebPage\",\"@id\":\"https:\/\/vieassociative.be\/actualites\/merz-et-cdu-csu-remportent-les-elections-de-bundestag\/\",\"url\":\"https:\/\/vieassociative.be\/actualites\/merz-et-cdu-csu-remportent-les-elections-de-bundestag\/\",\"name\":\"Merz et CDU \/ CSU remportent les \u00e9lections de Bundestag | Vie Associative\",\"isPartOf\":{\"@id\":\"https:\/\/vieassociative.be\/actualites\/#website\"},\"primaryImageOfPage\":{\"@id\":\"https:\/\/vieassociative.be\/actualites\/merz-et-cdu-csu-remportent-les-elections-de-bundestag\/#primaryimage\"},\"image\":{\"@id\":\"https:\/\/vieassociative.be\/actualites\/merz-et-cdu-csu-remportent-les-elections-de-bundestag\/#primaryimage\"},\"thumbnailUrl\":\"https:\/\/vieassociative.be\/actualites\/wp-content\/uploads\/2025\/02\/1740341851_Merz-et-CDU-CSU-remportent-les-elections-de-Bundestag.jpg\",\"datePublished\":\"2025-02-23T20:17:30+00:00\",\"dateModified\":\"2025-02-23T20:17:30+00:00\",\"breadcrumb\":{\"@id\":\"https:\/\/vieassociative.be\/actualites\/merz-et-cdu-csu-remportent-les-elections-de-bundestag\/#breadcrumb\"},\"inLanguage\":\"fr-BE\",\"potentialAction\":[{\"@type\":\"ReadAction\",\"target\":[\"https:\/\/vieassociative.be\/actualites\/merz-et-cdu-csu-remportent-les-elections-de-bundestag\/\"]}]},{\"@type\":\"ImageObject\",\"inLanguage\":\"fr-BE\",\"@id\":\"https:\/\/vieassociative.be\/actualites\/merz-et-cdu-csu-remportent-les-elections-de-bundestag\/#primaryimage\",\"url\":\"https:\/\/vieassociative.be\/actualites\/wp-content\/uploads\/2025\/02\/1740341851_Merz-et-CDU-CSU-remportent-les-elections-de-Bundestag.jpg\",\"contentUrl\":\"https:\/\/vieassociative.be\/actualites\/wp-content\/uploads\/2025\/02\/1740341851_Merz-et-CDU-CSU-remportent-les-elections-de-Bundestag.jpg\",\"width\":1200,\"height\":800,\"caption\":\"Merz et CDU \/ CSU remportent les \u00e9lections de Bundestag\"},{\"@type\":\"BreadcrumbList\",\"@id\":\"https:\/\/vieassociative.be\/actualites\/merz-et-cdu-csu-remportent-les-elections-de-bundestag\/#breadcrumb\",\"itemListElement\":[{\"@type\":\"ListItem\",\"position\":1,\"name\":\"Accueil\",\"item\":\"https:\/\/vieassociative.be\/actualites\/\"},{\"@type\":\"ListItem\",\"position\":2,\"name\":\"Merz et CDU \/ CSU remportent les \u00e9lections de Bundestag\"}]},{\"@type\":\"WebSite\",\"@id\":\"https:\/\/vieassociative.be\/actualites\/#website\",\"url\":\"https:\/\/vieassociative.be\/actualites\/\",\"name\":\"Vie Associative\",\"description\":\"\",\"publisher\":{\"@id\":\"https:\/\/vieassociative.be\/actualites\/#organization\"},\"potentialAction\":[{\"@type\":\"SearchAction\",\"target\":{\"@type\":\"EntryPoint\",\"urlTemplate\":\"https:\/\/vieassociative.be\/actualites\/?s={search_term_string}\"},\"query-input\":{\"@type\":\"PropertyValueSpecification\",\"valueRequired\":true,\"valueName\":\"search_term_string\"}}],\"inLanguage\":\"fr-BE\"},{\"@type\":\"Organization\",\"@id\":\"https:\/\/vieassociative.be\/actualites\/#organization\",\"name\":\"Vie Associative\",\"url\":\"https:\/\/vieassociative.be\/actualites\/\",\"logo\":{\"@type\":\"ImageObject\",\"inLanguage\":\"fr-BE\",\"@id\":\"https:\/\/vieassociative.be\/actualites\/#\/schema\/logo\/image\/\",\"url\":\"https:\/\/vieassociative.be\/actualites\/wp-content\/uploads\/2024\/09\/cropped-vieassociative_favicon.ico.png\",\"contentUrl\":\"https:\/\/vieassociative.be\/actualites\/wp-content\/uploads\/2024\/09\/cropped-vieassociative_favicon.ico.png\",\"width\":512,\"height\":512,\"caption\":\"Vie Associative\"},\"image\":{\"@id\":\"https:\/\/vieassociative.be\/actualites\/#\/schema\/logo\/image\/\"}},{\"@type\":\"Person\",\"@id\":\"https:\/\/vieassociative.be\/actualites\/#\/schema\/person\/b87ac4f82f9d4e7b7cec7395b679edc4\",\"name\":\"Julien\",\"image\":{\"@type\":\"ImageObject\",\"inLanguage\":\"fr-BE\",\"@id\":\"https:\/\/vieassociative.be\/actualites\/#\/schema\/person\/image\/\",\"url\":\"https:\/\/vieassociative.be\/actualites\/wp-content\/uploads\/2024\/09\/vie-associative-1-150x150.jpg\",\"contentUrl\":\"https:\/\/vieassociative.be\/actualites\/wp-content\/uploads\/2024\/09\/vie-associative-1-150x150.jpg\",\"caption\":\"Julien\"},\"description\":\"Je suis Julien, r\u00e9dacteur pour Vie Associative. Passionn\u00e9 par le monde associatif depuis plus de 10 ans, j'ai \u00e0 c\u0153ur de partager des histoires inspirantes et de mettre en lumi\u00e8re les initiatives locales. Mon objectif est de sensibiliser et d'encourager l'engagement communautaire \u00e0 travers mes articles.\",\"sameAs\":[\"https:\/\/vieassociative.be\/\"]}]}<\/script>\n<!-- \/ Yoast SEO plugin. -->","yoast_head_json":{"title":"Merz et CDU \/ CSU remportent les \u00e9lections de Bundestag | Vie Associative","robots":{"index":"index","follow":"follow","max-snippet":"max-snippet:-1","max-image-preview":"max-image-preview:large","max-video-preview":"max-video-preview:-1"},"canonical":"https:\/\/vieassociative.be\/actualites\/merz-et-cdu-csu-remportent-les-elections-de-bundestag\/","og_locale":"fr_FR","og_type":"article","og_title":"Merz et CDU \/ CSU remportent les \u00e9lections de Bundestag | Vie Associative","og_description":"MISE \u00c0 JOUR &#8211; Les d\u00e9mocrates chr\u00e9tiens (CDU \/ CSU) du chef de l&rsquo;opposition Friedrich Merz ont remport\u00e9 les \u00e9lections de Bundestag en Allemagne, selon","og_url":"https:\/\/vieassociative.be\/actualites\/merz-et-cdu-csu-remportent-les-elections-de-bundestag\/","og_site_name":"Vie Associative","article_published_time":"2025-02-23T20:17:30+00:00","og_image":[{"width":279,"height":92,"url":"https:\/\/vieassociative.be\/actualites\/wp-content\/uploads\/2024\/09\/header_backgroundk-01-e1726694325946.png","type":"image\/png"}],"author":"Julien","twitter_card":"summary_large_image","twitter_misc":{"\u00c9crit par":"Julien","Dur\u00e9e de lecture est.":"4 minutes"},"schema":{"@context":"https:\/\/schema.org","@graph":[{"@type":"Article","@id":"https:\/\/vieassociative.be\/actualites\/merz-et-cdu-csu-remportent-les-elections-de-bundestag\/#article","isPartOf":{"@id":"https:\/\/vieassociative.be\/actualites\/merz-et-cdu-csu-remportent-les-elections-de-bundestag\/"},"author":{"name":"Julien","@id":"https:\/\/vieassociative.be\/actualites\/#\/schema\/person\/b87ac4f82f9d4e7b7cec7395b679edc4"},"headline":"Merz et CDU \/ CSU remportent les \u00e9lections de Bundestag","datePublished":"2025-02-23T20:17:30+00:00","dateModified":"2025-02-23T20:17:30+00:00","mainEntityOfPage":{"@id":"https:\/\/vieassociative.be\/actualites\/merz-et-cdu-csu-remportent-les-elections-de-bundestag\/"},"wordCount":896,"publisher":{"@id":"https:\/\/vieassociative.be\/actualites\/#organization"},"image":{"@id":"https:\/\/vieassociative.be\/actualites\/merz-et-cdu-csu-remportent-les-elections-de-bundestag\/#primaryimage"},"thumbnailUrl":"https:\/\/vieassociative.be\/actualites\/wp-content\/uploads\/2025\/02\/1740341851_Merz-et-CDU-CSU-remportent-les-elections-de-Bundestag.jpg","keywords":["Bundestag","CDU","CSU","\u00e9lections","Les","Merz","remportent"],"articleSection":["Belgique"],"inLanguage":"fr-BE"},{"@type":"WebPage","@id":"https:\/\/vieassociative.be\/actualites\/merz-et-cdu-csu-remportent-les-elections-de-bundestag\/","url":"https:\/\/vieassociative.be\/actualites\/merz-et-cdu-csu-remportent-les-elections-de-bundestag\/","name":"Merz et CDU \/ CSU remportent les \u00e9lections de Bundestag | Vie Associative","isPartOf":{"@id":"https:\/\/vieassociative.be\/actualites\/#website"},"primaryImageOfPage":{"@id":"https:\/\/vieassociative.be\/actualites\/merz-et-cdu-csu-remportent-les-elections-de-bundestag\/#primaryimage"},"image":{"@id":"https:\/\/vieassociative.be\/actualites\/merz-et-cdu-csu-remportent-les-elections-de-bundestag\/#primaryimage"},"thumbnailUrl":"https:\/\/vieassociative.be\/actualites\/wp-content\/uploads\/2025\/02\/1740341851_Merz-et-CDU-CSU-remportent-les-elections-de-Bundestag.jpg","datePublished":"2025-02-23T20:17:30+00:00","dateModified":"2025-02-23T20:17:30+00:00","breadcrumb":{"@id":"https:\/\/vieassociative.be\/actualites\/merz-et-cdu-csu-remportent-les-elections-de-bundestag\/#breadcrumb"},"inLanguage":"fr-BE","potentialAction":[{"@type":"ReadAction","target":["https:\/\/vieassociative.be\/actualites\/merz-et-cdu-csu-remportent-les-elections-de-bundestag\/"]}]},{"@type":"ImageObject","inLanguage":"fr-BE","@id":"https:\/\/vieassociative.be\/actualites\/merz-et-cdu-csu-remportent-les-elections-de-bundestag\/#primaryimage","url":"https:\/\/vieassociative.be\/actualites\/wp-content\/uploads\/2025\/02\/1740341851_Merz-et-CDU-CSU-remportent-les-elections-de-Bundestag.jpg","contentUrl":"https:\/\/vieassociative.be\/actualites\/wp-content\/uploads\/2025\/02\/1740341851_Merz-et-CDU-CSU-remportent-les-elections-de-Bundestag.jpg","width":1200,"height":800,"caption":"Merz et CDU \/ CSU remportent les \u00e9lections de Bundestag"},{"@type":"BreadcrumbList","@id":"https:\/\/vieassociative.be\/actualites\/merz-et-cdu-csu-remportent-les-elections-de-bundestag\/#breadcrumb","itemListElement":[{"@type":"ListItem","position":1,"name":"Accueil","item":"https:\/\/vieassociative.be\/actualites\/"},{"@type":"ListItem","position":2,"name":"Merz et CDU \/ CSU remportent les \u00e9lections de Bundestag"}]},{"@type":"WebSite","@id":"https:\/\/vieassociative.be\/actualites\/#website","url":"https:\/\/vieassociative.be\/actualites\/","name":"Vie Associative","description":"","publisher":{"@id":"https:\/\/vieassociative.be\/actualites\/#organization"},"potentialAction":[{"@type":"SearchAction","target":{"@type":"EntryPoint","urlTemplate":"https:\/\/vieassociative.be\/actualites\/?s={search_term_string}"},"query-input":{"@type":"PropertyValueSpecification","valueRequired":true,"valueName":"search_term_string"}}],"inLanguage":"fr-BE"},{"@type":"Organization","@id":"https:\/\/vieassociative.be\/actualites\/#organization","name":"Vie Associative","url":"https:\/\/vieassociative.be\/actualites\/","logo":{"@type":"ImageObject","inLanguage":"fr-BE","@id":"https:\/\/vieassociative.be\/actualites\/#\/schema\/logo\/image\/","url":"https:\/\/vieassociative.be\/actualites\/wp-content\/uploads\/2024\/09\/cropped-vieassociative_favicon.ico.png","contentUrl":"https:\/\/vieassociative.be\/actualites\/wp-content\/uploads\/2024\/09\/cropped-vieassociative_favicon.ico.png","width":512,"height":512,"caption":"Vie Associative"},"image":{"@id":"https:\/\/vieassociative.be\/actualites\/#\/schema\/logo\/image\/"}},{"@type":"Person","@id":"https:\/\/vieassociative.be\/actualites\/#\/schema\/person\/b87ac4f82f9d4e7b7cec7395b679edc4","name":"Julien","image":{"@type":"ImageObject","inLanguage":"fr-BE","@id":"https:\/\/vieassociative.be\/actualites\/#\/schema\/person\/image\/","url":"https:\/\/vieassociative.be\/actualites\/wp-content\/uploads\/2024\/09\/vie-associative-1-150x150.jpg","contentUrl":"https:\/\/vieassociative.be\/actualites\/wp-content\/uploads\/2024\/09\/vie-associative-1-150x150.jpg","caption":"Julien"},"description":"Je suis Julien, r\u00e9dacteur pour Vie Associative. Passionn\u00e9 par le monde associatif depuis plus de 10 ans, j'ai \u00e0 c\u0153ur de partager des histoires inspirantes et de mettre en lumi\u00e8re les initiatives locales. Mon objectif est de sensibiliser et d'encourager l'engagement communautaire \u00e0 travers mes articles.","sameAs":["https:\/\/vieassociative.be\/"]}]}},"_links":{"self":[{"href":"https:\/\/vieassociative.be\/actualites\/wp-json\/wp\/v2\/posts\/5361"}],"collection":[{"href":"https:\/\/vieassociative.be\/actualites\/wp-json\/wp\/v2\/posts"}],"about":[{"href":"https:\/\/vieassociative.be\/actualites\/wp-json\/wp\/v2\/types\/post"}],"author":[{"embeddable":true,"href":"https:\/\/vieassociative.be\/actualites\/wp-json\/wp\/v2\/users\/1"}],"replies":[{"embeddable":true,"href":"https:\/\/vieassociative.be\/actualites\/wp-json\/wp\/v2\/comments?post=5361"}],"version-history":[{"count":0,"href":"https:\/\/vieassociative.be\/actualites\/wp-json\/wp\/v2\/posts\/5361\/revisions"}],"wp:featuredmedia":[{"embeddable":true,"href":"https:\/\/vieassociative.be\/actualites\/wp-json\/wp\/v2\/media\/5362"}],"wp:attachment":[{"href":"https:\/\/vieassociative.be\/actualites\/wp-json\/wp\/v2\/media?parent=5361"}],"wp:term":[{"taxonomy":"category","embeddable":true,"href":"https:\/\/vieassociative.be\/actualites\/wp-json\/wp\/v2\/categories?post=5361"},{"taxonomy":"post_tag","embeddable":true,"href":"https:\/\/vieassociative.be\/actualites\/wp-json\/wp\/v2\/tags?post=5361"}],"curies":[{"name":"wp","href":"https:\/\/api.w.org\/{rel}","templated":true}]}}