{"id":5359,"date":"2025-02-23T20:17:49","date_gmt":"2025-02-23T19:17:49","guid":{"rendered":"https:\/\/vieassociative.be\/actualites\/jai-teste-grok-3-et-cela-ne-vaut-pas-la-hausse-des-prix\/"},"modified":"2025-02-23T20:17:49","modified_gmt":"2025-02-23T19:17:49","slug":"jai-teste-grok-3-et-cela-ne-vaut-pas-la-hausse-des-prix","status":"publish","type":"post","link":"https:\/\/vieassociative.be\/actualites\/jai-teste-grok-3-et-cela-ne-vaut-pas-la-hausse-des-prix\/","title":{"rendered":"J&rsquo;ai test\u00e9 Grok 3, et cela ne vaut pas la hausse des prix"},"content":{"rendered":"<div class=\"mt-4 leading-6 md:mb-8\">Vous pouvez en obtenir beaucoup plus pour moins.<\/div>\n<p><\/p>\n<p>Plus t\u00f4t cette semaine, XAI a publi\u00e9 Grok 3, l&rsquo;IA la plus avanc\u00e9e de l&rsquo;entreprise, avec un mod\u00e8le de raisonnement et une fonctionnalit\u00e9 DeepSearch. La soci\u00e9t\u00e9 affirme qu&rsquo;il s&rsquo;agit de \u00ab\u00a0l&rsquo;IA la plus intelligente du monde\u00a0\u00bb, et Elon lui-m\u00eame dit que cela \u00ab\u00a0surpasse tout ce qui a \u00e9t\u00e9 publi\u00e9\u00a0\u00bb jusqu&rsquo;\u00e0 pr\u00e9sent. Mais est-ce vraiment le musk \u00ab\u00a0au maximum de la v\u00e9rit\u00e9\u00a0\u00bb.<\/p>\n<p>Eh bien, pour le g\u00e2ter pour vous, non. Pas encore. Ce qui est dommage, car Grok est co\u00fbteux &#8211; au-del\u00e0 d&rsquo;un essai gratuit limit\u00e9, il n\u00e9cessite soit un abonnement \u00e0 40 $ \/ mois X +, contre 22 $ gr\u00e2ce au nouveau mod\u00e8le, soit \u00e0 un abonnement Supergrok de 30 $ \/ mois.<\/p>\n<p>\u00c0 la fois de mes tests ainsi que des exp\u00e9riences d&rsquo;experts, j&rsquo;ai du mal \u00e0 croire que l&rsquo;IA \u00ab\u00a0bas\u00e9e\u00a0\u00bb vaut ce co\u00fbt. Il n&rsquo;y a pas de mod\u00e8le de raisonnement r\u00e9volutionnaire ou r\u00e9volutionnaire que nous n&rsquo;avons pas d\u00e9j\u00e0 vu auparavant ici. Grok 3 hallucine \u00e9galement p\u00e9riodiquement, comme tout autre mod\u00e8le d&rsquo;IA, mais cela ne veut pas dire que cela ne s&rsquo;est pas am\u00e9lior\u00e9.<\/p>\n<p>Dans les propres tests de r\u00e9f\u00e9rence de X, Grok 3 bat essentiellement tous les mod\u00e8les sauf le prochain mod\u00e8le O3 d&rsquo;Openai. Mais du point de vue de l&rsquo;utilisateur, une application AI va bien au-del\u00e0 des rep\u00e8res. <\/p>\n<p>Un bon chatbot d&rsquo;IA est un produit mature et bien \u00e9quilibr\u00e9. Apr\u00e8s avoir d\u00e9pens\u00e9 mon propre argent pour tester cela, je n&rsquo;ai tout simplement pas l&rsquo;impression de l&rsquo;obtenir ici, surtout lorsque la comp\u00e9tition propose des produits similaires ou m\u00eame meilleurs pour beaucoup moins.<\/p>\n<h2 id=\"grok-3-has-technically-caught-up\">Grok 3 a techniquement rattrap\u00e9<\/h2>\n<p>Il est pr\u00e9f\u00e9rable de laisser de c\u00f4t\u00e9 les affirmations bizarres d&rsquo;Elon lors de l&rsquo;\u00e9valuation de Grok 3. Le voyant objectivement, il est impressionnant que Grok 3 ait rattrap\u00e9 d&rsquo;\u00eatre \u00e0 la fronti\u00e8re du pouvoir de l&rsquo;IA, et \u00e9tonnamment rapidement (Grok 2 n&rsquo;a jamais \u00e9t\u00e9 dans les grandes ligues).<\/p>\n<p>Grok 3 a \u00e9t\u00e9 form\u00e9 \u00e0 l&rsquo;aide de 200 000 GPU NVIDIA H100 et utilise plus de 10 fois le calcul comme Grok 2. Tout ce pouvoir signifie gains. Grok 3 est maintenant assez rapide et tr\u00e8s utilisable pour les t\u00e2ches quotidiennes r\u00e9guli\u00e8res. Les r\u00e9ponses r\u00e9guli\u00e8res sont rapides, bien que la fonctionnalit\u00e9 de r\u00e9flexion (qui donne des r\u00e9ponses l\u00e9g\u00e8rement plus d\u00e9taill\u00e9es) prend r\u00e9guli\u00e8rement environ 2 minutes pour revenir avec une r\u00e9ponse, alors soyez pr\u00eat \u00e0 attendre.<\/p>\n<p>De plus, il peut faire des recherches approfondies en utilisant des sources Web et dispose \u00e9galement d&rsquo;un mod\u00e8le de raisonnement sp\u00e9cifique. Cela signifie qu&rsquo;il peut cracher de longs rapports et d\u00e9composer les invites en processus \u00e9tape par \u00e9tape afin qu&rsquo;il puisse se corriger. Le mod\u00e8le O3 d&rsquo;Openai, qui se sortira en entier bient\u00f4t, d\u00e9passe toujours Grok 3 dans les r\u00e9f\u00e9rences, mais c&rsquo;est une am\u00e9lioration significative par rapport \u00e0 son pr\u00e9d\u00e9cesseur.<\/p>\n<blockquote class=\"twitterEmbed twitter-tweet\"><p>\n    <a rel=\"nofollow noopener\" class=\"text-gray-600\" href=\"https:\/\/twitter.com\/12exyz\/status\/1891723056931827959\" title=\"open in a new window\" target=\"_blank\"><\/p>\n<p>        Ce tweet n&rsquo;est actuellement pas disponible. Il peut \u00eatre charg\u00e9 ou a \u00e9t\u00e9 supprim\u00e9.<br \/>\n    <\/a>\n<\/p><\/blockquote>\n<p>Mais alors que les graphiques disent que Grok 3 est cens\u00e9 surpasser le chatppt, les gemini et le sonnet dans des t\u00e2ches lourdes de calcul li\u00e9es aux math\u00e9matiques, aux sciences et au codage, les rapports initiaux des experts n&rsquo;encouragent pas exactement la confiance.<\/p>\n<p>Par exemple, x utilisateur, PDG de l&rsquo;IA et Youtuber Theo Browne a compar\u00e9 les r\u00e9ponses \u00e0 un d\u00e9fi de codage entre Grok 3, O3-Mini et Claude 3.5 Sonnet, et Grok 3 a mis en \u0153uvre assez mis\u00e9rablement, en ne fonctionnant pas sans bugs pendant plus de quelques secondes .<\/p>\n<blockquote class=\"twitterEmbed twitter-tweet\"><p>\n    <a rel=\"nofollow noopener\" class=\"text-gray-600\" href=\"https:\/\/twitter.com\/theo\/status\/1891736803796832298\" title=\"open in a new window\" target=\"_blank\"><\/p>\n<p>        Ce tweet n&rsquo;est actuellement pas disponible. Il peut \u00eatre charg\u00e9 ou a \u00e9t\u00e9 supprim\u00e9.<br \/>\n    <\/a>\n<\/p><\/blockquote>\n<p>Andrej Karpathy, auparavant directeur de l&rsquo;IA \u00e0 Tesla, a d\u00e9clar\u00e9 \u00e0 l&rsquo;inverse que Grok 3 avait assez bien fonctionn\u00e9 dans ses tests, mais que ses comp\u00e9tences se trouvaient quelque part entre Deepseek R1 et O1-Pro d&rsquo;Openai. Certainement pas la t\u00eate de classe, et rien que vous ne pouvez pas d\u00e9j\u00e0 faire avec les outils existants.<\/p>\n<p>Mais un test, m\u00eame quelques-uns d&rsquo;entre eux, ne peut pas vraiment d\u00e9terminer comment un mod\u00e8le d&rsquo;IA fonctionne. J&rsquo;ai eu de la chance moi-m\u00eame, mais surtout pour des t\u00e2ches plus l\u00e9g\u00e8res. Il peut \u00eatre utile lors de la recherche de quel nouveau purificateur d&rsquo;air acheter, par exemple, ou lorsqu&rsquo;il apprend avec d\u00e9sinvolture un nouveau sujet. Mais ce n&rsquo;est pas exactement quelque chose pour lequel je suis pr\u00eat \u00e0 ouvrir mon portefeuille.<\/p>\n<h2 id=\"grok-isnt-based-its-actually-quite-boring\">Grok n&rsquo;est pas \u00ab\u00a0bas\u00e9\u00a0\u00bb, c&rsquo;est en fait assez ennuyeux<\/h2>\n<p>Avant le lancement de Grok 3, Musk a fait un gros probl\u00e8me sur la fa\u00e7on dont il est \u00ab\u00a0bas\u00e9\u00a0\u00bb. Si vous ne savez pas ce que signifie ce que signifie (chanceux), c&rsquo;est un terme d&rsquo;argot pour, essentiellement, partager votre opinion sans \u00e9gard pour les autres. \u00c0 titre d&rsquo;exemple, Musk a partag\u00e9 une capture d&rsquo;\u00e9cran montrant une r\u00e9ponse provocante de Grok o\u00f9 elle a appel\u00e9 la publication technologique les informations \u00ab\u00a0poubelles\u00a0\u00bb, entre autres insultes. <\/p>\n<blockquote class=\"twitterEmbed twitter-tweet\"><p>\n    <a rel=\"nofollow noopener\" class=\"text-gray-600\" href=\"https:\/\/twitter.com\/elonmusk\/status\/1891112681538523215\" title=\"open in a new window\" target=\"_blank\"><\/p>\n<p>        Ce tweet n&rsquo;est actuellement pas disponible. Il peut \u00eatre charg\u00e9 ou a \u00e9t\u00e9 supprim\u00e9.<br \/>\n    <\/a>\n<\/p><\/blockquote>\n<p>Mais quand j&rsquo;ai pos\u00e9 la m\u00eame question, il est revenu avec une r\u00e9ponse nuanc\u00e9e et \u00e9quilibr\u00e9e, sans appeler les informations pour une grande partie de quoi que ce soit. La seule critique que cela a eu \u00e9tait que le site Web \u00ab\u00a0peut parfois ressentir un peu de niche ou trop centr\u00e9 sur la Silicon Valley\u00a0\u00bb et \u00ab\u00a0en termes de biais, il penche pragmatique plut\u00f4t qu&rsquo;id\u00e9ologique\u00a0\u00bb. C&rsquo;est une prise assez timide, si vous me demandez.<\/p>\n<div class=\"eloquent-imagery-image\">\n<div class=\"flex justify-center\">\n                    <img decoding=\"async\" class=\"border border-gray-100\" src=\"https:\/\/vieassociative.be\/actualites\/wp-content\/uploads\/2025\/02\/Jai-teste-Grok-3-et-cela-ne-vaut-pas-la.png\" alt=\"R\u00e9ponse Grok pour l'information.\" width=\"2000\" height=\"1064\" loading=\"lazy\"  >\n            <\/div>\n<\/p><\/div>\n<p>J&rsquo;ai obtenu des r\u00e9sultats similaires dans d&rsquo;autres tests. Grok ne prendrait pas de c\u00f4t\u00e9 dans le proc\u00e8s Justin Baldoni contre Blake Lively. Et quand j&rsquo;ai pos\u00e9 une question politique comme \u00ab\u00a0Pourquoi Kamala Harris a-t-elle perdu l&rsquo;\u00e9lection pr\u00e9sidentielle am\u00e9ricaine\u00a0\u00bb, j&rsquo;ai obtenu une r\u00e9ponse tout aussi mod\u00e9r\u00e9e, citant des \u00ab\u00a0frustrations \u00e9conomiques\u00a0\u00bb. Les rapports d&rsquo;Axios correspondent \u00e9galement \u00e0 ce que j&rsquo;ai trouv\u00e9. <\/p>\n<div class=\"eloquent-imagery-image\">\n<div class=\"flex justify-center\">\n                    <img decoding=\"async\" class=\"border border-gray-100\" src=\"https:\/\/vieassociative.be\/actualites\/wp-content\/uploads\/2025\/02\/1740338269_375_Jai-teste-Grok-3-et-cela-ne-vaut-pas-la.png\" alt=\"R\u00e9ponse de Grok dans Justin Baldoni vs Blake Lively Saga.\" width=\"2000\" height=\"921\" loading=\"lazy\"  >\n            <\/div>\n<\/p><\/div>\n<p>Peut-\u00eatre que Grok r\u00e9compense les excentricit\u00e9s d&rsquo;Elon est une bonne chose, mais ce n&rsquo;est certainement pas ce que son ma\u00eetre dit est.<\/p>\n<h2 id=\"how-deep-is-your-search\">Quelle est la profondeur de votre recherche?<\/h2>\n<div class=\"eloquent-imagery-image\">\n<div class=\"flex justify-center\">\n                    <img decoding=\"async\" class=\"border border-gray-100\" src=\"https:\/\/vieassociative.be\/actualites\/wp-content\/uploads\/2025\/02\/1740338269_176_Jai-teste-Grok-3-et-cela-ne-vaut-pas-la.png\" alt=\"Test de recherche en profondeur dans Grok 3.\" width=\"2000\" height=\"1357\" loading=\"lazy\"  >\n            <\/div>\n<\/p><\/div>\n<p>En ce qui concerne DeepSearch, l&rsquo;outil de g\u00e9n\u00e9ration de rapport de Grok fonctionne de la m\u00eame mani\u00e8re que la fonctionnalit\u00e9 de recherche approfondie, principalement gratuite de perplexity. En tant qu&rsquo;humble journaliste technologique, c&rsquo;est quelque chose que j&rsquo;ai pu me tester. J&rsquo;ai dirig\u00e9 deux requ\u00eates, une pour un voyage que ma famille pr\u00e9voit pour la fin de l&rsquo;ann\u00e9e, et une pour un v\u00e9lo hybride urbain. <\/p>\n<div class=\"eloquent-imagery-image\">\n<div class=\"flex justify-center\">\n                    <img decoding=\"async\" class=\"border border-gray-100\" src=\"https:\/\/vieassociative.be\/actualites\/wp-content\/uploads\/2025\/02\/1740338269_788_Jai-teste-Grok-3-et-cela-ne-vaut-pas-la.png\" alt=\"Invite \u00e0 Grok pour la planification des voyages.\" width=\"2000\" height=\"1051\" loading=\"lazy\"  >\n            <\/div>\n<\/p><\/div>\n<p>Dans les deux cas, Perplexity Ai a fait un peu mieux que Grok sur la plupart des t\u00e2ches. Avec la question de voyage, j&rsquo;ai obtenu essentiellement le m\u00eame itin\u00e9raire des deux produits, mais Perplexity Ai a fait un meilleur travail \u00e0 la mise en forme. <\/p>\n<div class=\"eloquent-imagery-image\">\n<div class=\"flex justify-center\">\n                    <img decoding=\"async\" class=\"border border-gray-100\" src=\"https:\/\/vieassociative.be\/actualites\/wp-content\/uploads\/2025\/02\/1740338269_712_Jai-teste-Grok-3-et-cela-ne-vaut-pas-la.png\" alt=\"Planification des voyages dans la perplexit\u00e9.\" width=\"2000\" height=\"1553\" loading=\"lazy\"  >\n            <\/div>\n<\/p><\/div>\n<p>Grok est all\u00e9 au-del\u00e0 de la recommandation d&rsquo;autres options dans le sud de l&rsquo;Inde, ce que la perplexit\u00e9 vient de fournir des questions de suivi. Donc, je dois lui donner des accessoires l\u00e0-bas.<\/p>\n<div class=\"eloquent-imagery-image\">\n<div class=\"flex justify-center\">\n                    <img decoding=\"async\" class=\"border border-gray-100\" src=\"https:\/\/vieassociative.be\/actualites\/wp-content\/uploads\/2025\/02\/1740338269_307_Jai-teste-Grok-3-et-cela-ne-vaut-pas-la.png\" alt=\"Planification des voyages \u00e0 Grok.\" width=\"2000\" height=\"1261\" loading=\"lazy\"  >\n            <\/div>\n<\/p><\/div>\n<p>En ce qui concerne les recherches sur le shopping, cependant, Grok a foir\u00e9 la recommandation du produit sup\u00e9rieur. Le produit qu&rsquo;il a sugg\u00e9r\u00e9 n&rsquo;est tout simplement pas disponible en Inde, o\u00f9 j&rsquo;habite, et les autres options ne veulent tout simplement pas que je cherchais. <\/p>\n<div class=\"eloquent-imagery-image\">\n<div class=\"flex justify-center\">\n                    <img decoding=\"async\" class=\"border border-gray-100\" src=\"https:\/\/vieassociative.be\/actualites\/wp-content\/uploads\/2025\/02\/1740338269_953_Jai-teste-Grok-3-et-cela-ne-vaut-pas-la.png\" alt=\"Tableau de comparaison dans Grok.\" width=\"2000\" height=\"1334\" loading=\"lazy\"  >\n            <\/div>\n<\/p><\/div>\n<p>Perplexity IA, en attendant, m&rsquo;a surpris avec son premier choix, quelque chose que je ne savais pas \u00e0 ce sujet qui v\u00e9rifie la plupart de mes bo\u00eetes. Ses autres options \u00e9taient \u00e9galement int\u00e9ressantes, et il n&rsquo;incluait rien qui n&rsquo;est pas disponible en Inde. Grok et Perplexity ont fait un bon travail pour expliquer ce que je devrais rechercher lors de l&rsquo;achat d&rsquo;un v\u00e9lo urbain, donc des points \u00e9gaux l\u00e0-bas, mais ce dernier \u00e9tait juste beaucoup plus utilisable.<\/p>\n<div class=\"eloquent-imagery-image\">\n<div class=\"flex justify-center\">\n                    <img decoding=\"async\" class=\"border border-gray-100\" src=\"https:\/\/vieassociative.be\/actualites\/wp-content\/uploads\/2025\/02\/1740338269_74_Jai-teste-Grok-3-et-cela-ne-vaut-pas-la.png\" alt=\"Options de produit dans Perplexity AI.\" width=\"2000\" height=\"1831\" loading=\"lazy\"  >\n            <\/div>\n<\/p><\/div>\n<p>Sur la base de mes tests, j&rsquo;ai l&rsquo;impression que la perplexit\u00e9 AI a toujours un avantage sur Grok 3 en ce qui concerne les recherches approfondies qui sont r\u00e9ellement utiles \u00e0 la personne moyenne. Qu&rsquo;il s&rsquo;agisse d&rsquo;un voyage, d&rsquo;une recherche de shopping ou d&rsquo;une compr\u00e9hension des nouvelles ou des concepts, la perplexit\u00e9 fait un travail plus nuanc\u00e9. En ce qui concerne la vitesse pure, Grok est plus rapide et n&rsquo;a pas peur de fournir des liens dans le texte lui-m\u00eame, mais dans la perplexit\u00e9, cliquer sur le texte li\u00e9 se d\u00e9veloppe en fait sur le sujet dans le rapport. <\/p>\n<p>Perplexity a \u00e9galement plus d&rsquo;options d&rsquo;exportation. Vous pouvez t\u00e9l\u00e9charger votre rapport en tant que PDF, dans Markdown ou cr\u00e9er une page partageable (voici mon rapport pour la recherche sur le cycle urbain si vous \u00eates int\u00e9ress\u00e9). Dans Grok, tout ce que vous pouvez faire est de copier le texte. <\/p>\n<p>Qu&rsquo;est-ce que tout cela signifie? Eh bien, bien que Grok soit certainement utilisable, il est un peu d\u00e9cevant de voir que son offre payante ne parvient pas \u00e0 suivre une alternative gratuite. C&rsquo;est quelque chose que je pense que je continue de tomber ici.<\/p>\n<h2 id=\"grok-3-isnt-worth-the-price-of-admission\">Grok 3 ne vaut pas le prix d&rsquo;entr\u00e9e<\/h2>\n<p>\u00c0 l&rsquo;heure actuelle, nous sommes au milieu du cycle de battage m\u00e9diatique de Grok 3. Grok 3 lui-m\u00eame s&rsquo;am\u00e9liore tous les jours, mais comme les choses se trouvent, il n&rsquo;est pas n\u00e9cessaire que vous manquiez et annulez vos abonnements Chatgpt Plus ou Perplexity Pro. \u00c0 bien des \u00e9gards, Grok est bon, mais pas <em>que<\/em> bien.<\/p>\n<p>Si vous le souhaitez, vous pouvez essayer temporairement Grok 3 gratuitement, car X permet un acc\u00e8s gratuit limit\u00e9 jusqu&rsquo;\u00e0 ce que ses serveurs ne puissent pas g\u00e9rer la charge. Quand cette p\u00e9riode se terminera? Qui sait. Selon le compte X de Musk, il ne sera gratuit que pour un \u00ab\u00a0court laps de temps\u00a0\u00bb.<\/p>\n<p>De plus, \u00e0 part les performances du mod\u00e8le, Grok 3 manque \u00e9galement certaines des caract\u00e9ristiques d&rsquo;une application AI plus \u00e9tablie. Il n&rsquo;y a pas de mode vocal, et tout ce \u00e0 quoi vous avez acc\u00e8s en ce moment est le mod\u00e8le complet Grok 3. Le plus rapide Grok 3 Mini est encore \u00e0 lib\u00e9rer, et il n&rsquo;y a pas non plus API pour Grok 3.<\/p>\n<p>Lorsque vous consid\u00e9rez le prix de l&rsquo;acc\u00e8s complet, Grok 3 est encore moins logique. 40 $ par mois pour le plan X Premium + est le double de la norme de l&rsquo;industrie de 20 $ pour Gemini Advanced, Chatgpt Plus et Perplexity Pro. Et une fois cette p\u00e9riode d&rsquo;essai gratuite termin\u00e9e, le plan X-Premium + co\u00fbteux sera le seul moyen d&rsquo;acc\u00e9der \u00e0 Grok 3 jusqu&rsquo;\u00e0 ce que l&rsquo;abonnement de Supergrok \u00e0 30 $ soit mis en ligne pour tout le monde (le plan Supergrok ne vous donne qu&rsquo;un acc\u00e8s \u00e0 Grok 3, mais aucune de la prime X fonctionnalit\u00e9s).<\/p>\n<p>Et en l&rsquo;\u00e9tat, vous n&rsquo;obtenez pas vraiment le double de l&rsquo;argent. En fait, dans de nombreux cas, vous pouvez obtenir en utilisant un mod\u00e8le gratuit comme Deepseek R1 \u00e0 la place (cependant, vous pourriez avoir une meilleure exp\u00e9rience de l&rsquo;utiliser via une application tierce). <\/p>\n<p><script async src=\"https:\/\/platform.twitter.com\/widgets.js\" charset=\"utf-8\"><\/script><\/p>\n","protected":false},"excerpt":{"rendered":"<p>Vous pouvez en obtenir beaucoup plus pour moins. Plus t\u00f4t cette semaine, XAI a publi\u00e9 Grok 3, l&rsquo;IA la plus avanc\u00e9e de l&rsquo;entreprise, avec un<\/p>\n","protected":false},"author":1,"featured_media":5360,"comment_status":"","ping_status":"","sticky":false,"template":"","format":"standard","meta":{"footnotes":""},"categories":[13],"tags":[1610,29,4699,5508,823,126,1399,824,522],"class_list":["post-5359","post","type-post","status-publish","format-standard","has-post-thumbnail","hentry","category-technologie","tag-cela","tag-des","tag-grok","tag-hausse","tag-jai","tag-pas","tag-prix","tag-teste","tag-vaut","generate-columns","tablet-grid-50","mobile-grid-100","grid-parent","grid-33"],"yoast_head":"<!-- This site is optimized with the Yoast SEO plugin v24.0 - https:\/\/yoast.com\/wordpress\/plugins\/seo\/ -->\n<title>J&#039;ai test\u00e9 Grok 3, et cela ne vaut pas la hausse des prix | Vie Associative<\/title>\n<meta name=\"robots\" content=\"index, follow, max-snippet:-1, max-image-preview:large, max-video-preview:-1\" \/>\n<link rel=\"canonical\" href=\"https:\/\/vieassociative.be\/actualites\/jai-teste-grok-3-et-cela-ne-vaut-pas-la-hausse-des-prix\/\" \/>\n<meta property=\"og:locale\" content=\"fr_FR\" \/>\n<meta property=\"og:type\" content=\"article\" \/>\n<meta property=\"og:title\" content=\"J&#039;ai test\u00e9 Grok 3, et cela ne vaut pas la hausse des prix | Vie Associative\" \/>\n<meta property=\"og:description\" content=\"Vous pouvez en obtenir beaucoup plus pour moins. Plus t\u00f4t cette semaine, XAI a publi\u00e9 Grok 3, l&rsquo;IA la plus avanc\u00e9e de l&rsquo;entreprise, avec un\" \/>\n<meta property=\"og:url\" content=\"https:\/\/vieassociative.be\/actualites\/jai-teste-grok-3-et-cela-ne-vaut-pas-la-hausse-des-prix\/\" \/>\n<meta property=\"og:site_name\" content=\"Vie Associative\" \/>\n<meta property=\"article:published_time\" content=\"2025-02-23T19:17:49+00:00\" \/>\n<meta property=\"og:image\" content=\"https:\/\/vieassociative.be\/actualites\/wp-content\/uploads\/2025\/02\/Jai-teste-Grok-3-et-cela-ne-vaut-pas-la.png\" \/>\n<meta name=\"author\" content=\"Julien\" \/>\n<meta name=\"twitter:card\" content=\"summary_large_image\" \/>\n<meta name=\"twitter:label1\" content=\"\u00c9crit par\" \/>\n\t<meta name=\"twitter:data1\" content=\"Julien\" \/>\n\t<meta name=\"twitter:label2\" content=\"Dur\u00e9e de lecture est.\" \/>\n\t<meta name=\"twitter:data2\" content=\"9 minutes\" \/>\n<script type=\"application\/ld+json\" class=\"yoast-schema-graph\">{\"@context\":\"https:\/\/schema.org\",\"@graph\":[{\"@type\":\"Article\",\"@id\":\"https:\/\/vieassociative.be\/actualites\/jai-teste-grok-3-et-cela-ne-vaut-pas-la-hausse-des-prix\/#article\",\"isPartOf\":{\"@id\":\"https:\/\/vieassociative.be\/actualites\/jai-teste-grok-3-et-cela-ne-vaut-pas-la-hausse-des-prix\/\"},\"author\":{\"name\":\"Julien\",\"@id\":\"https:\/\/vieassociative.be\/actualites\/#\/schema\/person\/b87ac4f82f9d4e7b7cec7395b679edc4\"},\"headline\":\"J&rsquo;ai test\u00e9 Grok 3, et cela ne vaut pas la hausse des prix\",\"datePublished\":\"2025-02-23T19:17:49+00:00\",\"dateModified\":\"2025-02-23T19:17:49+00:00\",\"mainEntityOfPage\":{\"@id\":\"https:\/\/vieassociative.be\/actualites\/jai-teste-grok-3-et-cela-ne-vaut-pas-la-hausse-des-prix\/\"},\"wordCount\":1944,\"publisher\":{\"@id\":\"https:\/\/vieassociative.be\/actualites\/#organization\"},\"image\":{\"@id\":\"https:\/\/vieassociative.be\/actualites\/jai-teste-grok-3-et-cela-ne-vaut-pas-la-hausse-des-prix\/#primaryimage\"},\"thumbnailUrl\":\"https:\/\/vieassociative.be\/actualites\/wp-content\/uploads\/2025\/02\/1740338270_Jai-teste-Grok-3-et-cela-ne-vaut-pas-la.png\",\"keywords\":[\"cela\",\"Des\",\"Grok\",\"hausse\",\"Jai\",\"pas\",\"prix\",\"test\u00e9\",\"vaut\"],\"articleSection\":[\"Technologie\"],\"inLanguage\":\"fr-BE\"},{\"@type\":\"WebPage\",\"@id\":\"https:\/\/vieassociative.be\/actualites\/jai-teste-grok-3-et-cela-ne-vaut-pas-la-hausse-des-prix\/\",\"url\":\"https:\/\/vieassociative.be\/actualites\/jai-teste-grok-3-et-cela-ne-vaut-pas-la-hausse-des-prix\/\",\"name\":\"J'ai test\u00e9 Grok 3, et cela ne vaut pas la hausse des prix | Vie Associative\",\"isPartOf\":{\"@id\":\"https:\/\/vieassociative.be\/actualites\/#website\"},\"primaryImageOfPage\":{\"@id\":\"https:\/\/vieassociative.be\/actualites\/jai-teste-grok-3-et-cela-ne-vaut-pas-la-hausse-des-prix\/#primaryimage\"},\"image\":{\"@id\":\"https:\/\/vieassociative.be\/actualites\/jai-teste-grok-3-et-cela-ne-vaut-pas-la-hausse-des-prix\/#primaryimage\"},\"thumbnailUrl\":\"https:\/\/vieassociative.be\/actualites\/wp-content\/uploads\/2025\/02\/1740338270_Jai-teste-Grok-3-et-cela-ne-vaut-pas-la.png\",\"datePublished\":\"2025-02-23T19:17:49+00:00\",\"dateModified\":\"2025-02-23T19:17:49+00:00\",\"breadcrumb\":{\"@id\":\"https:\/\/vieassociative.be\/actualites\/jai-teste-grok-3-et-cela-ne-vaut-pas-la-hausse-des-prix\/#breadcrumb\"},\"inLanguage\":\"fr-BE\",\"potentialAction\":[{\"@type\":\"ReadAction\",\"target\":[\"https:\/\/vieassociative.be\/actualites\/jai-teste-grok-3-et-cela-ne-vaut-pas-la-hausse-des-prix\/\"]}]},{\"@type\":\"ImageObject\",\"inLanguage\":\"fr-BE\",\"@id\":\"https:\/\/vieassociative.be\/actualites\/jai-teste-grok-3-et-cela-ne-vaut-pas-la-hausse-des-prix\/#primaryimage\",\"url\":\"https:\/\/vieassociative.be\/actualites\/wp-content\/uploads\/2025\/02\/1740338270_Jai-teste-Grok-3-et-cela-ne-vaut-pas-la.png\",\"contentUrl\":\"https:\/\/vieassociative.be\/actualites\/wp-content\/uploads\/2025\/02\/1740338270_Jai-teste-Grok-3-et-cela-ne-vaut-pas-la.png\",\"width\":1200,\"height\":675,\"caption\":\"J'ai test\u00e9 Grok 3, et cela ne vaut pas la hausse des prix\"},{\"@type\":\"BreadcrumbList\",\"@id\":\"https:\/\/vieassociative.be\/actualites\/jai-teste-grok-3-et-cela-ne-vaut-pas-la-hausse-des-prix\/#breadcrumb\",\"itemListElement\":[{\"@type\":\"ListItem\",\"position\":1,\"name\":\"Accueil\",\"item\":\"https:\/\/vieassociative.be\/actualites\/\"},{\"@type\":\"ListItem\",\"position\":2,\"name\":\"J&rsquo;ai test\u00e9 Grok 3, et cela ne vaut pas la hausse des prix\"}]},{\"@type\":\"WebSite\",\"@id\":\"https:\/\/vieassociative.be\/actualites\/#website\",\"url\":\"https:\/\/vieassociative.be\/actualites\/\",\"name\":\"Vie Associative\",\"description\":\"\",\"publisher\":{\"@id\":\"https:\/\/vieassociative.be\/actualites\/#organization\"},\"potentialAction\":[{\"@type\":\"SearchAction\",\"target\":{\"@type\":\"EntryPoint\",\"urlTemplate\":\"https:\/\/vieassociative.be\/actualites\/?s={search_term_string}\"},\"query-input\":{\"@type\":\"PropertyValueSpecification\",\"valueRequired\":true,\"valueName\":\"search_term_string\"}}],\"inLanguage\":\"fr-BE\"},{\"@type\":\"Organization\",\"@id\":\"https:\/\/vieassociative.be\/actualites\/#organization\",\"name\":\"Vie Associative\",\"url\":\"https:\/\/vieassociative.be\/actualites\/\",\"logo\":{\"@type\":\"ImageObject\",\"inLanguage\":\"fr-BE\",\"@id\":\"https:\/\/vieassociative.be\/actualites\/#\/schema\/logo\/image\/\",\"url\":\"https:\/\/vieassociative.be\/actualites\/wp-content\/uploads\/2024\/09\/cropped-vieassociative_favicon.ico.png\",\"contentUrl\":\"https:\/\/vieassociative.be\/actualites\/wp-content\/uploads\/2024\/09\/cropped-vieassociative_favicon.ico.png\",\"width\":512,\"height\":512,\"caption\":\"Vie Associative\"},\"image\":{\"@id\":\"https:\/\/vieassociative.be\/actualites\/#\/schema\/logo\/image\/\"}},{\"@type\":\"Person\",\"@id\":\"https:\/\/vieassociative.be\/actualites\/#\/schema\/person\/b87ac4f82f9d4e7b7cec7395b679edc4\",\"name\":\"Julien\",\"image\":{\"@type\":\"ImageObject\",\"inLanguage\":\"fr-BE\",\"@id\":\"https:\/\/vieassociative.be\/actualites\/#\/schema\/person\/image\/\",\"url\":\"https:\/\/vieassociative.be\/actualites\/wp-content\/uploads\/2024\/09\/vie-associative-1-150x150.jpg\",\"contentUrl\":\"https:\/\/vieassociative.be\/actualites\/wp-content\/uploads\/2024\/09\/vie-associative-1-150x150.jpg\",\"caption\":\"Julien\"},\"description\":\"Je suis Julien, r\u00e9dacteur pour Vie Associative. Passionn\u00e9 par le monde associatif depuis plus de 10 ans, j'ai \u00e0 c\u0153ur de partager des histoires inspirantes et de mettre en lumi\u00e8re les initiatives locales. Mon objectif est de sensibiliser et d'encourager l'engagement communautaire \u00e0 travers mes articles.\",\"sameAs\":[\"https:\/\/vieassociative.be\/\"]}]}<\/script>\n<!-- \/ Yoast SEO plugin. -->","yoast_head_json":{"title":"J'ai test\u00e9 Grok 3, et cela ne vaut pas la hausse des prix | Vie Associative","robots":{"index":"index","follow":"follow","max-snippet":"max-snippet:-1","max-image-preview":"max-image-preview:large","max-video-preview":"max-video-preview:-1"},"canonical":"https:\/\/vieassociative.be\/actualites\/jai-teste-grok-3-et-cela-ne-vaut-pas-la-hausse-des-prix\/","og_locale":"fr_FR","og_type":"article","og_title":"J'ai test\u00e9 Grok 3, et cela ne vaut pas la hausse des prix | Vie Associative","og_description":"Vous pouvez en obtenir beaucoup plus pour moins. Plus t\u00f4t cette semaine, XAI a publi\u00e9 Grok 3, l&rsquo;IA la plus avanc\u00e9e de l&rsquo;entreprise, avec un","og_url":"https:\/\/vieassociative.be\/actualites\/jai-teste-grok-3-et-cela-ne-vaut-pas-la-hausse-des-prix\/","og_site_name":"Vie Associative","article_published_time":"2025-02-23T19:17:49+00:00","og_image":[{"url":"https:\/\/vieassociative.be\/actualites\/wp-content\/uploads\/2025\/02\/Jai-teste-Grok-3-et-cela-ne-vaut-pas-la.png","type":"","width":"","height":""}],"author":"Julien","twitter_card":"summary_large_image","twitter_misc":{"\u00c9crit par":"Julien","Dur\u00e9e de lecture est.":"9 minutes"},"schema":{"@context":"https:\/\/schema.org","@graph":[{"@type":"Article","@id":"https:\/\/vieassociative.be\/actualites\/jai-teste-grok-3-et-cela-ne-vaut-pas-la-hausse-des-prix\/#article","isPartOf":{"@id":"https:\/\/vieassociative.be\/actualites\/jai-teste-grok-3-et-cela-ne-vaut-pas-la-hausse-des-prix\/"},"author":{"name":"Julien","@id":"https:\/\/vieassociative.be\/actualites\/#\/schema\/person\/b87ac4f82f9d4e7b7cec7395b679edc4"},"headline":"J&rsquo;ai test\u00e9 Grok 3, et cela ne vaut pas la hausse des prix","datePublished":"2025-02-23T19:17:49+00:00","dateModified":"2025-02-23T19:17:49+00:00","mainEntityOfPage":{"@id":"https:\/\/vieassociative.be\/actualites\/jai-teste-grok-3-et-cela-ne-vaut-pas-la-hausse-des-prix\/"},"wordCount":1944,"publisher":{"@id":"https:\/\/vieassociative.be\/actualites\/#organization"},"image":{"@id":"https:\/\/vieassociative.be\/actualites\/jai-teste-grok-3-et-cela-ne-vaut-pas-la-hausse-des-prix\/#primaryimage"},"thumbnailUrl":"https:\/\/vieassociative.be\/actualites\/wp-content\/uploads\/2025\/02\/1740338270_Jai-teste-Grok-3-et-cela-ne-vaut-pas-la.png","keywords":["cela","Des","Grok","hausse","Jai","pas","prix","test\u00e9","vaut"],"articleSection":["Technologie"],"inLanguage":"fr-BE"},{"@type":"WebPage","@id":"https:\/\/vieassociative.be\/actualites\/jai-teste-grok-3-et-cela-ne-vaut-pas-la-hausse-des-prix\/","url":"https:\/\/vieassociative.be\/actualites\/jai-teste-grok-3-et-cela-ne-vaut-pas-la-hausse-des-prix\/","name":"J'ai test\u00e9 Grok 3, et cela ne vaut pas la hausse des prix | Vie Associative","isPartOf":{"@id":"https:\/\/vieassociative.be\/actualites\/#website"},"primaryImageOfPage":{"@id":"https:\/\/vieassociative.be\/actualites\/jai-teste-grok-3-et-cela-ne-vaut-pas-la-hausse-des-prix\/#primaryimage"},"image":{"@id":"https:\/\/vieassociative.be\/actualites\/jai-teste-grok-3-et-cela-ne-vaut-pas-la-hausse-des-prix\/#primaryimage"},"thumbnailUrl":"https:\/\/vieassociative.be\/actualites\/wp-content\/uploads\/2025\/02\/1740338270_Jai-teste-Grok-3-et-cela-ne-vaut-pas-la.png","datePublished":"2025-02-23T19:17:49+00:00","dateModified":"2025-02-23T19:17:49+00:00","breadcrumb":{"@id":"https:\/\/vieassociative.be\/actualites\/jai-teste-grok-3-et-cela-ne-vaut-pas-la-hausse-des-prix\/#breadcrumb"},"inLanguage":"fr-BE","potentialAction":[{"@type":"ReadAction","target":["https:\/\/vieassociative.be\/actualites\/jai-teste-grok-3-et-cela-ne-vaut-pas-la-hausse-des-prix\/"]}]},{"@type":"ImageObject","inLanguage":"fr-BE","@id":"https:\/\/vieassociative.be\/actualites\/jai-teste-grok-3-et-cela-ne-vaut-pas-la-hausse-des-prix\/#primaryimage","url":"https:\/\/vieassociative.be\/actualites\/wp-content\/uploads\/2025\/02\/1740338270_Jai-teste-Grok-3-et-cela-ne-vaut-pas-la.png","contentUrl":"https:\/\/vieassociative.be\/actualites\/wp-content\/uploads\/2025\/02\/1740338270_Jai-teste-Grok-3-et-cela-ne-vaut-pas-la.png","width":1200,"height":675,"caption":"J'ai test\u00e9 Grok 3, et cela ne vaut pas la hausse des prix"},{"@type":"BreadcrumbList","@id":"https:\/\/vieassociative.be\/actualites\/jai-teste-grok-3-et-cela-ne-vaut-pas-la-hausse-des-prix\/#breadcrumb","itemListElement":[{"@type":"ListItem","position":1,"name":"Accueil","item":"https:\/\/vieassociative.be\/actualites\/"},{"@type":"ListItem","position":2,"name":"J&rsquo;ai test\u00e9 Grok 3, et cela ne vaut pas la hausse des prix"}]},{"@type":"WebSite","@id":"https:\/\/vieassociative.be\/actualites\/#website","url":"https:\/\/vieassociative.be\/actualites\/","name":"Vie Associative","description":"","publisher":{"@id":"https:\/\/vieassociative.be\/actualites\/#organization"},"potentialAction":[{"@type":"SearchAction","target":{"@type":"EntryPoint","urlTemplate":"https:\/\/vieassociative.be\/actualites\/?s={search_term_string}"},"query-input":{"@type":"PropertyValueSpecification","valueRequired":true,"valueName":"search_term_string"}}],"inLanguage":"fr-BE"},{"@type":"Organization","@id":"https:\/\/vieassociative.be\/actualites\/#organization","name":"Vie Associative","url":"https:\/\/vieassociative.be\/actualites\/","logo":{"@type":"ImageObject","inLanguage":"fr-BE","@id":"https:\/\/vieassociative.be\/actualites\/#\/schema\/logo\/image\/","url":"https:\/\/vieassociative.be\/actualites\/wp-content\/uploads\/2024\/09\/cropped-vieassociative_favicon.ico.png","contentUrl":"https:\/\/vieassociative.be\/actualites\/wp-content\/uploads\/2024\/09\/cropped-vieassociative_favicon.ico.png","width":512,"height":512,"caption":"Vie Associative"},"image":{"@id":"https:\/\/vieassociative.be\/actualites\/#\/schema\/logo\/image\/"}},{"@type":"Person","@id":"https:\/\/vieassociative.be\/actualites\/#\/schema\/person\/b87ac4f82f9d4e7b7cec7395b679edc4","name":"Julien","image":{"@type":"ImageObject","inLanguage":"fr-BE","@id":"https:\/\/vieassociative.be\/actualites\/#\/schema\/person\/image\/","url":"https:\/\/vieassociative.be\/actualites\/wp-content\/uploads\/2024\/09\/vie-associative-1-150x150.jpg","contentUrl":"https:\/\/vieassociative.be\/actualites\/wp-content\/uploads\/2024\/09\/vie-associative-1-150x150.jpg","caption":"Julien"},"description":"Je suis Julien, r\u00e9dacteur pour Vie Associative. Passionn\u00e9 par le monde associatif depuis plus de 10 ans, j'ai \u00e0 c\u0153ur de partager des histoires inspirantes et de mettre en lumi\u00e8re les initiatives locales. Mon objectif est de sensibiliser et d'encourager l'engagement communautaire \u00e0 travers mes articles.","sameAs":["https:\/\/vieassociative.be\/"]}]}},"_links":{"self":[{"href":"https:\/\/vieassociative.be\/actualites\/wp-json\/wp\/v2\/posts\/5359"}],"collection":[{"href":"https:\/\/vieassociative.be\/actualites\/wp-json\/wp\/v2\/posts"}],"about":[{"href":"https:\/\/vieassociative.be\/actualites\/wp-json\/wp\/v2\/types\/post"}],"author":[{"embeddable":true,"href":"https:\/\/vieassociative.be\/actualites\/wp-json\/wp\/v2\/users\/1"}],"replies":[{"embeddable":true,"href":"https:\/\/vieassociative.be\/actualites\/wp-json\/wp\/v2\/comments?post=5359"}],"version-history":[{"count":0,"href":"https:\/\/vieassociative.be\/actualites\/wp-json\/wp\/v2\/posts\/5359\/revisions"}],"wp:featuredmedia":[{"embeddable":true,"href":"https:\/\/vieassociative.be\/actualites\/wp-json\/wp\/v2\/media\/5360"}],"wp:attachment":[{"href":"https:\/\/vieassociative.be\/actualites\/wp-json\/wp\/v2\/media?parent=5359"}],"wp:term":[{"taxonomy":"category","embeddable":true,"href":"https:\/\/vieassociative.be\/actualites\/wp-json\/wp\/v2\/categories?post=5359"},{"taxonomy":"post_tag","embeddable":true,"href":"https:\/\/vieassociative.be\/actualites\/wp-json\/wp\/v2\/tags?post=5359"}],"curies":[{"name":"wp","href":"https:\/\/api.w.org\/{rel}","templated":true}]}}