{"id":5355,"date":"2025-02-23T17:17:53","date_gmt":"2025-02-23T16:17:53","guid":{"rendered":"https:\/\/vieassociative.be\/actualites\/le-guide-des-adultes-hors-contact-sur-la-culture-des-enfants-les-memes-de-la-generation-alpha\/"},"modified":"2025-02-23T17:17:53","modified_gmt":"2025-02-23T16:17:53","slug":"le-guide-des-adultes-hors-contact-sur-la-culture-des-enfants-les-memes-de-la-generation-alpha","status":"publish","type":"post","link":"https:\/\/vieassociative.be\/actualites\/le-guide-des-adultes-hors-contact-sur-la-culture-des-enfants-les-memes-de-la-generation-alpha\/","title":{"rendered":"Le guide des adultes hors contact sur la culture des enfants: les m\u00e8mes de la g\u00e9n\u00e9ration Alpha"},"content":{"rendered":"<div class=\"mt-4 leading-6 md:mb-8\">J&rsquo;ai pass\u00e9 plusieurs heures \u00e0 regarder les m\u00e8mes de la g\u00e9n\u00e9ration A. Ce n&rsquo;\u00e9tait pas bon.<\/div>\n<p><\/p>\n<p>Cette semaine, nous parlons de conflit g\u00e9n\u00e9rationnel! La g\u00e9n\u00e9ration Z et les mill\u00e9niaux se disputent Eminem (en quelque sorte), un YouTuber a \u00e9t\u00e9 \u00e9lu au Parlement europ\u00e9en, et l&rsquo;industrie du jeu continue de refaire des jeux pour les papas. La seule chose sur laquelle nous pouvons tous nous convenir, c&rsquo;est que Generation Alpha consomme des m\u00e8mes d\u00e9rangeants. <\/p>\n<h2 id=\"beyond-skibidi-toilet-the-nonsense-memes-of-generation-alpha\">Au-del\u00e0 des toilettes de skibidi: les m\u00e8mes non-sens de la g\u00e9n\u00e9ration alpha<\/h2>\n<p>La g\u00e9n\u00e9ration alpha &#8211; les enfants entre un et 10 ans &#8211; sont trop jeunes pour avoir une identit\u00e9 g\u00e9n\u00e9rationnelle pleinement form\u00e9e, mais la popularit\u00e9 croissante des m\u00e8mes de la g\u00e9n\u00e9ration A donne une id\u00e9e de ce qu&rsquo;ils sont, et tout est absurde. L\u00e0 o\u00f9 les g\u00e9n\u00e9rations plus \u00e2g\u00e9es (comme les 16 ans) pourraient graviter vers l&rsquo;art destin\u00e9 \u00e0 exprimer quelque chose, la g\u00e9n\u00e9ration A semble amoureuse de consommer, de r\u00e9pandre et de cr\u00e9er un insignifiant.<\/p>\n<p>L&rsquo;exemple le plus connu de la charabia Gen A est les toilettes de Skibidi, une s\u00e9rie de dessins anim\u00e9s YouTube avec des centaines de millions de vues de la g\u00e9n\u00e9ration A. Skibidi r\u00e9siste aux tentatives d&rsquo;explication. Mais Skibidi est <em>ancien<\/em>&#8211; sur un an &#8211; et les m\u00e8mes plus r\u00e9cents sont encore plus imp\u00e9n\u00e9rables. <\/p>\n<p>Il y a Ee-Ei, une courte vid\u00e9o d&rsquo;un morceau de viande chantant \u00ab\u00a0Vacation\u00a0\u00bb de Dirty Heads avec les paroles traduites en \u00ab\u00a0\u00a0\u00bb E E EI, IMON Vagayxon, Evrizingou Dei, Cus Ailov Mawackupaxien. \u00a0\u00bb Bien que la vid\u00e9o originale ait \u00e9t\u00e9 retir\u00e9e de Tiktok, les r\u00e9ponses et les remixes de la foule Gen-A espaces. Ils sont vides de sens, mais plus de 11 000 vid\u00e9os utilisant la chanson ont \u00e9t\u00e9 publi\u00e9es uniquement sur Tiktok, y compris des vid\u00e9os comme celle qui ressemble \u00e0 un film exp\u00e9rimental d&rsquo;avant-garde, sauf qu&rsquo;il a \u00e9t\u00e9 vu 1,7 million de fois, ce qui n&rsquo;est jamais arriv\u00e9 \u00e0 un v\u00e9ritable Film d&rsquo;avant-garde.<\/p>\n<p>Le roi actuel des b\u00eatises est Tiktoker Razi, qui a pr\u00e8s de huit millions de followers sur un compte qui n&rsquo;est que des vid\u00e9os de couvertures en charamph\u00e9trie de chansons populaires. Leur vid\u00e9o GEGAGEDIGEDAGEDAGO (une couverture de \u00ab\u00a0Cotton Eye Joe\u00a0\u00bb) a plus de 30 millions de pi\u00e8ces \u00e0 elle seule, et a abouti \u00e0 trois milliards d&rsquo;\u00e9coute de la piste originale, et de nombreuses vid\u00e9os, comme cette p\u00e9pite de poulet de Roblox chantant la chanson.<\/p>\n<p>Ma r\u00e9flexion initiale sur ces m\u00e8mes a \u00e9t\u00e9: \u00abQuel est le probl\u00e8me? Tout le monde aime les bruits dr\u00f4les \u00bb, mais j&rsquo;ai pass\u00e9 plusieurs heures \u00e0 regarder des vid\u00e9os Gen Alpha Gibberish aujourd&rsquo;hui, et j&rsquo;avais l&rsquo;impression d&rsquo;\u00eatre t\u00e9moin de l&rsquo;inconscient collectif de l&rsquo;humanit\u00e9. La pourriture du cerveau est un terme trop doux: c&rsquo;est ce que vous verriez sur votre moniteur juste avant qu&rsquo;un \u00e9tat d&rsquo;erreur de terminal ne soit atteint et l&rsquo;ensemble du mainframe est dur. Je ne suis g\u00e9n\u00e9ralement pas dans le \u00ab\u00a0qu&rsquo;en est-il du <em>enfants<\/em>? \u00ab\u00a0Camp, mais la pens\u00e9e d&rsquo;un enfant de cinq ans passe chaque jour \u00e0 consommer ceci est plus d\u00e9primant. J&rsquo;esp\u00e8re que je ressens cela parce que je suis vieux et que je ne comprends pas.<\/p>\n<h2 id=\"is-gen-z-cancelling-eminem\">Gen Z annule-t-il Eminem?<\/h2>\n<div class=\"mx-auto mt-8 w-full max-w-4xl\">\n<div id=\"video-container-22tVWwmTie8\"><\/div>\n<\/div>\n<p>Le rappeur \/ NFT-Aficionado Eminem a publi\u00e9 une nouvelle vid\u00e9o dans laquelle son auto-voyage pass\u00e9 par le temps et confronte le monde en 2024. Dans la vid\u00e9o, Eminem trouve le monde actuel qui manque. <\/p>\n<p>La chanson est la derni\u00e8re salve d&rsquo;une guerre imaginaire de longue date entre Gen Z et les mill\u00e9niaux sur le rappeur. De nombreux mill\u00e9niaux semblent penser que la g\u00e9n\u00e9ration Z essaie de les annuler pour ses prises controvers\u00e9es. J&rsquo;ai interrog\u00e9 mon fils adolescent \u00e0 ce sujet et il a dit: \u00ab\u00a0Personne n&rsquo;essaie d&rsquo;annuler Eminem; nous pensons simplement qu&rsquo;il est ringard.\u00a0\u00bb <\/p>\n<p>Il a raison. M\u00eame un Gen Xer comme moi peut voir qu&rsquo;Eminem est ringard comme l&rsquo;enfer. Je ne peux penser qu&rsquo;\u00e0 une chose que Corni\u00e8re qu&rsquo;Eminem: les mill\u00e9niaux parlent de la fa\u00e7on dont la g\u00e9n\u00e9ration Z annule Eminem.<\/p>\n<div class=\"mx-auto mt-8 w-full max-w-4xl\">\n<div id=\"video-container-Js79zqy1Czs\"><\/div>\n<\/div>\n<h2 id=\"what-do-glizzy-and-fax-no-printer-mean\">Que signifie \u00ab\u00a0glizzy\u00a0\u00bb et \u00ab\u00a0fax, pas d&rsquo;imprimante\u00a0\u00bb?<\/h2>\n<p>Le jargon en constante \u00e9volution des jeunes a crach\u00e9 ces deux nouveaux mots d&rsquo;argot int\u00e9ressants:<\/p>\n<p><strong>Glizzy: <\/strong>Glizzy signifie hot-dog. Le mot \u00e9tait \u00e0 l&rsquo;origine l&rsquo;argot pour \u00abpistolet\u00bb ou \u00abglock\u00bb, mais il semble avoir chang\u00e9 de sens. La th\u00e9orie est que le magazine \u00e9tendu pour un Glock ressemble \u00e0 un hot-dog, d&rsquo;o\u00f9 Glizzy = Hot Dog. (Bat \u00ab\u00a0Weiner\u00a0\u00bb de toute fa\u00e7on.)<\/p>\n<p><strong>Fax, pas d&rsquo;imprimante<\/strong>: C&rsquo;est une fa\u00e7on color\u00e9e de dire: \u00abJe dis la v\u00e9rit\u00e9.\u00bb Parce que les \u00abfaits\u00bb et \u00abfax\u00bb sont prononc\u00e9s de la m\u00eame mani\u00e8re, vous pourriez dire \u00abfax, pas d&rsquo;imprimante\u00bb au lieu de \u00abfaits, pas de plafond\u00bb.<\/p>\n<h2 id=\"youtuber-elected-to-european-parliament\">YouTuber \u00e9lu au Parlement europ\u00e9en<\/h2>\n<p>Fidias Panayiotou compte 2,6 millions de followers sur sa cha\u00eene YouTube o\u00f9 il publie des vid\u00e9os de choses comme passer 10 jours enterr\u00e9 vivant. Le dernier coup de 24 ans se d\u00e9roulait pour le Parlement de l&rsquo;Union europ\u00e9enne en tant qu&rsquo;ind\u00e9pendamment de Chypre. Il dit qu&rsquo;il n&rsquo;essayait pas de gagner les \u00e9lections et ne sait pas comment fonctionne m\u00eame le Parlement, mais Panayiotou a re\u00e7u pr\u00e8s de 20% des voix, suffisamment pour remporter le bureau.<\/p>\n<p>\u00ab\u00a0Cela signifie peut-\u00eatre que le monde a atteint un moment o\u00f9 commence un nouveau chapitre du Livre de la d\u00e9mocratie\u00a0\u00bb, a d\u00e9clar\u00e9 Panayiotou.<\/p>\n<p>Que ce soit vrai ou non, Panayiotou n&rsquo;est pas le premier candidat \u00e0 la blague \u00e0 remporter un si\u00e8ge au Parlement de l&rsquo;UE. Cet honneur va \u00e0 Di Partie (\u00abThe Party\u00bb), un parti politique satirique fond\u00e9 par les \u00e9diteurs du magazine d&rsquo;humour allemand <em>Titanesque<\/em>. Die Partie, dont les slogans incluent \u00ab\u00a0\u00a0\u00bb L&rsquo;\u00e9ducation commence par &lsquo;E&rsquo; \u00ab\u00a0et\u00a0\u00bb A Unicorn for Everybody \u00ab\u00a0, a remport\u00e9 son premier si\u00e8ge du Parlement en 2014 et a pris un deuxi\u00e8me si\u00e8ge cette ann\u00e9e. <\/p>\n<h2 id=\"what-is-a-hot-rodent-boyfriend\">Qu&rsquo;est-ce qu&rsquo;un \u00ab\u00a0petit ami \u00e0 hot rongeurs?\u00a0\u00bb<\/h2>\n<p>Les mecs qui se demandent ce que les femmes recherchent vraiment pourraient \u00eatre surpris par le nouveau type de gars que les femmes disent qu&rsquo;ils veulent. La tendance est les hommes \u00abhot rongeurs\u00bb &#8211; des gar\u00e7ons qui ressemblent \u00e0 des souris, des rats, des campagnols et \/ ou des chinchillas, \u00e0 la fois physiquement et spirituellement. Les exemples de culture pop souvent mentionn\u00e9s incluent Timothee Chalamet, Jeremy Allen White, Barry Keoghan et Matty Healy. Les deux hommes de rongeurs d&rsquo;origine, cependant, sont les acteurs Mike Faist et Josh O&rsquo;Connor, les stars de <em>Challengeurs<\/em>. Comme le souligne le message ci-dessous de l&rsquo;utilisateur X \/ Twitter, Francesca Fedele, ils ressemblent \u00e0 de petites souris mignonnes. <\/p>\n<div class=\"eloquent-imagery-image\">\n<div class=\"flex justify-center\">\n                    <img decoding=\"async\" class=\"border border-gray-100\" src=\"https:\/\/vieassociative.be\/actualites\/wp-content\/uploads\/2025\/02\/1740327473_851_Le-guide-des-adultes-hors-contact-sur-la-culture-des.png\" alt=\"Tweet de rongeur \u00e0 hot\" width=\"2000\" height=\"1465\" loading=\"lazy\"  >\n            <\/div>\n<\/p><\/div>\n<p>\u00c0 partir de ce poste, tout le genre des hommes de rongeurs a progressivement pris forme. Les hommes de rongeurs sont, d&rsquo;une mani\u00e8re g\u00e9n\u00e9rale, plus svelte que muscl\u00e9s, avec des visages angulaires, et une certaine attractivit\u00e9 non conventionnelle. En ce qui concerne la personnalit\u00e9, les hommes de rongeurs se penchent vers la sensibilit\u00e9, l&rsquo;esprit et l&rsquo;intelligence au lieu de la brawn. Contrairement \u00e0 des petits amis golden golden fid\u00e8les mais fumeurs, les gar\u00e7ons de hot rongeurs sont bons pour trouver le fromage, peu importe o\u00f9 il se trouve dans le labyrinthe. <\/p>\n<h2 id=\"viral-video-of-the-week-this-game-is-eggcellent\">Vid\u00e9o virale de la semaine: ce jeu est \u0153uf<\/h2>\n<div class=\"mx-auto mt-8 w-full max-w-4xl\">\n<div id=\"video-container--FjpTBdXwE8\"><\/div>\n<\/div>\n<p>Cette semaine, Microsoft a diffus\u00e9 sa vitrine annuelle des jeux Xbox, o\u00f9 elle a d\u00e9taill\u00e9 les jeux qu&rsquo;ils vendront pour No\u00ebl. Randers pour <em>Call of Duty: Black Ops 6<\/em><em>Dragon Age: The Veilguard<\/em><em>Doom: les \u00e2ges sombres<\/em>et d&rsquo;autres ont tous \u00e9t\u00e9 r\u00e9v\u00e9l\u00e9s. <\/p>\n<p>Ce sont des jeux pour les papas des gens. Le premier destin est sorti il \u200b\u200by a 30 ans, et la franchise Call of Duty est assez ancienne pour \u00eatre fan d&rsquo;Eminem. Alors je suis all\u00e9 chercher le genre de jeux <em>sont<\/em> enthousiasm\u00e9 par. Il s&rsquo;av\u00e8re qu&rsquo;ils aiment les jeux sur les poulets. <\/p>\n<p>La cha\u00eene YouTube SMII7Y a publi\u00e9 une vid\u00e9o de Let&rsquo;s Play d&rsquo;un jeu appel\u00e9 Eggstraction, \u00ab\u00a0le jeu o\u00f9 vous jouez en tant que poulet et essayez de voler des \u0153ufs dor\u00e9s \u00e0 un fermier\u00a0\u00bb, et plus d&rsquo;un million de personnes l&rsquo;ont vu lors de sa premi\u00e8re demi-journ\u00e9e en ligne. Bien s\u00fbr, plus de gens ont cliqu\u00e9 sur la bande-annonce de la morue, mais jouer au jeu de poulet semble que ce serait environ 1 000 fois plus amusant que les pistolets X-Treme et les tripes d&rsquo;un autre putain de jeu Call of Duty. <\/p>\n<p><script async src=\"\/\/www.tiktok.com\/embed.js\"><\/script><\/p>\n","protected":false},"excerpt":{"rendered":"<p>J&rsquo;ai pass\u00e9 plusieurs heures \u00e0 regarder les m\u00e8mes de la g\u00e9n\u00e9ration A. Ce n&rsquo;\u00e9tait pas bon. Cette semaine, nous parlons de conflit g\u00e9n\u00e9rationnel! La g\u00e9n\u00e9ration<\/p>\n","protected":false},"author":1,"featured_media":5356,"comment_status":"","ping_status":"","sticky":false,"template":"","format":"standard","meta":{"footnotes":""},"categories":[36],"tags":[899,2749,5283,2805,29,324,2328,461,2494,14,5507,33],"class_list":["post-5355","post","type-post","status-publish","format-standard","has-post-thumbnail","hentry","category-divertissement","tag-adultes","tag-alpha","tag-contact","tag-culture","tag-des","tag-enfants","tag-generation","tag-guide","tag-hors","tag-les","tag-memes","tag-sur","generate-columns","tablet-grid-50","mobile-grid-100","grid-parent","grid-33"],"yoast_head":"<!-- This site is optimized with the Yoast SEO plugin v24.0 - https:\/\/yoast.com\/wordpress\/plugins\/seo\/ -->\n<title>Le guide des adultes hors contact sur la culture des enfants: les m\u00e8mes de la g\u00e9n\u00e9ration Alpha | Vie Associative<\/title>\n<meta name=\"robots\" content=\"index, follow, max-snippet:-1, max-image-preview:large, max-video-preview:-1\" \/>\n<link rel=\"canonical\" href=\"https:\/\/vieassociative.be\/actualites\/le-guide-des-adultes-hors-contact-sur-la-culture-des-enfants-les-memes-de-la-generation-alpha\/\" \/>\n<meta property=\"og:locale\" content=\"fr_FR\" \/>\n<meta property=\"og:type\" content=\"article\" \/>\n<meta property=\"og:title\" content=\"Le guide des adultes hors contact sur la culture des enfants: les m\u00e8mes de la g\u00e9n\u00e9ration Alpha | Vie Associative\" \/>\n<meta property=\"og:description\" content=\"J&rsquo;ai pass\u00e9 plusieurs heures \u00e0 regarder les m\u00e8mes de la g\u00e9n\u00e9ration A. Ce n&rsquo;\u00e9tait pas bon. Cette semaine, nous parlons de conflit g\u00e9n\u00e9rationnel! La g\u00e9n\u00e9ration\" \/>\n<meta property=\"og:url\" content=\"https:\/\/vieassociative.be\/actualites\/le-guide-des-adultes-hors-contact-sur-la-culture-des-enfants-les-memes-de-la-generation-alpha\/\" \/>\n<meta property=\"og:site_name\" content=\"Vie Associative\" \/>\n<meta property=\"article:published_time\" content=\"2025-02-23T16:17:53+00:00\" \/>\n<meta property=\"og:image\" content=\"https:\/\/vieassociative.be\/actualites\/wp-content\/uploads\/2025\/02\/1740327473_851_Le-guide-des-adultes-hors-contact-sur-la-culture-des.png\" \/>\n<meta name=\"author\" content=\"Julien\" \/>\n<meta name=\"twitter:card\" content=\"summary_large_image\" \/>\n<meta name=\"twitter:label1\" content=\"\u00c9crit par\" \/>\n\t<meta name=\"twitter:data1\" content=\"Julien\" \/>\n\t<meta name=\"twitter:label2\" content=\"Dur\u00e9e de lecture est.\" \/>\n\t<meta name=\"twitter:data2\" content=\"7 minutes\" \/>\n<script type=\"application\/ld+json\" class=\"yoast-schema-graph\">{\"@context\":\"https:\/\/schema.org\",\"@graph\":[{\"@type\":\"Article\",\"@id\":\"https:\/\/vieassociative.be\/actualites\/le-guide-des-adultes-hors-contact-sur-la-culture-des-enfants-les-memes-de-la-generation-alpha\/#article\",\"isPartOf\":{\"@id\":\"https:\/\/vieassociative.be\/actualites\/le-guide-des-adultes-hors-contact-sur-la-culture-des-enfants-les-memes-de-la-generation-alpha\/\"},\"author\":{\"name\":\"Julien\",\"@id\":\"https:\/\/vieassociative.be\/actualites\/#\/schema\/person\/b87ac4f82f9d4e7b7cec7395b679edc4\"},\"headline\":\"Le guide des adultes hors contact sur la culture des enfants: les m\u00e8mes de la g\u00e9n\u00e9ration Alpha\",\"datePublished\":\"2025-02-23T16:17:53+00:00\",\"dateModified\":\"2025-02-23T16:17:53+00:00\",\"mainEntityOfPage\":{\"@id\":\"https:\/\/vieassociative.be\/actualites\/le-guide-des-adultes-hors-contact-sur-la-culture-des-enfants-les-memes-de-la-generation-alpha\/\"},\"wordCount\":1520,\"publisher\":{\"@id\":\"https:\/\/vieassociative.be\/actualites\/#organization\"},\"image\":{\"@id\":\"https:\/\/vieassociative.be\/actualites\/le-guide-des-adultes-hors-contact-sur-la-culture-des-enfants-les-memes-de-la-generation-alpha\/#primaryimage\"},\"thumbnailUrl\":\"https:\/\/vieassociative.be\/actualites\/wp-content\/uploads\/2025\/02\/1740327475_Le-guide-des-adultes-hors-contact-sur-la-culture-des.png\",\"keywords\":[\"adultes\",\"Alpha\",\"contact\",\"culture\",\"Des\",\"enfants\",\"g\u00e9n\u00e9ration\",\"Guide\",\"hors\",\"Les\",\"m\u00e8mes\",\"sur\"],\"articleSection\":[\"Divertissement\"],\"inLanguage\":\"fr-BE\"},{\"@type\":\"WebPage\",\"@id\":\"https:\/\/vieassociative.be\/actualites\/le-guide-des-adultes-hors-contact-sur-la-culture-des-enfants-les-memes-de-la-generation-alpha\/\",\"url\":\"https:\/\/vieassociative.be\/actualites\/le-guide-des-adultes-hors-contact-sur-la-culture-des-enfants-les-memes-de-la-generation-alpha\/\",\"name\":\"Le guide des adultes hors contact sur la culture des enfants: les m\u00e8mes de la g\u00e9n\u00e9ration Alpha | Vie Associative\",\"isPartOf\":{\"@id\":\"https:\/\/vieassociative.be\/actualites\/#website\"},\"primaryImageOfPage\":{\"@id\":\"https:\/\/vieassociative.be\/actualites\/le-guide-des-adultes-hors-contact-sur-la-culture-des-enfants-les-memes-de-la-generation-alpha\/#primaryimage\"},\"image\":{\"@id\":\"https:\/\/vieassociative.be\/actualites\/le-guide-des-adultes-hors-contact-sur-la-culture-des-enfants-les-memes-de-la-generation-alpha\/#primaryimage\"},\"thumbnailUrl\":\"https:\/\/vieassociative.be\/actualites\/wp-content\/uploads\/2025\/02\/1740327475_Le-guide-des-adultes-hors-contact-sur-la-culture-des.png\",\"datePublished\":\"2025-02-23T16:17:53+00:00\",\"dateModified\":\"2025-02-23T16:17:53+00:00\",\"breadcrumb\":{\"@id\":\"https:\/\/vieassociative.be\/actualites\/le-guide-des-adultes-hors-contact-sur-la-culture-des-enfants-les-memes-de-la-generation-alpha\/#breadcrumb\"},\"inLanguage\":\"fr-BE\",\"potentialAction\":[{\"@type\":\"ReadAction\",\"target\":[\"https:\/\/vieassociative.be\/actualites\/le-guide-des-adultes-hors-contact-sur-la-culture-des-enfants-les-memes-de-la-generation-alpha\/\"]}]},{\"@type\":\"ImageObject\",\"inLanguage\":\"fr-BE\",\"@id\":\"https:\/\/vieassociative.be\/actualites\/le-guide-des-adultes-hors-contact-sur-la-culture-des-enfants-les-memes-de-la-generation-alpha\/#primaryimage\",\"url\":\"https:\/\/vieassociative.be\/actualites\/wp-content\/uploads\/2025\/02\/1740327475_Le-guide-des-adultes-hors-contact-sur-la-culture-des.png\",\"contentUrl\":\"https:\/\/vieassociative.be\/actualites\/wp-content\/uploads\/2025\/02\/1740327475_Le-guide-des-adultes-hors-contact-sur-la-culture-des.png\",\"width\":1200,\"height\":675,\"caption\":\"Le guide des adultes hors contact sur la culture des enfants: les m\u00e8mes de la g\u00e9n\u00e9ration Alpha\"},{\"@type\":\"BreadcrumbList\",\"@id\":\"https:\/\/vieassociative.be\/actualites\/le-guide-des-adultes-hors-contact-sur-la-culture-des-enfants-les-memes-de-la-generation-alpha\/#breadcrumb\",\"itemListElement\":[{\"@type\":\"ListItem\",\"position\":1,\"name\":\"Accueil\",\"item\":\"https:\/\/vieassociative.be\/actualites\/\"},{\"@type\":\"ListItem\",\"position\":2,\"name\":\"Le guide des adultes hors contact sur la culture des enfants: les m\u00e8mes de la g\u00e9n\u00e9ration Alpha\"}]},{\"@type\":\"WebSite\",\"@id\":\"https:\/\/vieassociative.be\/actualites\/#website\",\"url\":\"https:\/\/vieassociative.be\/actualites\/\",\"name\":\"Vie Associative\",\"description\":\"\",\"publisher\":{\"@id\":\"https:\/\/vieassociative.be\/actualites\/#organization\"},\"potentialAction\":[{\"@type\":\"SearchAction\",\"target\":{\"@type\":\"EntryPoint\",\"urlTemplate\":\"https:\/\/vieassociative.be\/actualites\/?s={search_term_string}\"},\"query-input\":{\"@type\":\"PropertyValueSpecification\",\"valueRequired\":true,\"valueName\":\"search_term_string\"}}],\"inLanguage\":\"fr-BE\"},{\"@type\":\"Organization\",\"@id\":\"https:\/\/vieassociative.be\/actualites\/#organization\",\"name\":\"Vie Associative\",\"url\":\"https:\/\/vieassociative.be\/actualites\/\",\"logo\":{\"@type\":\"ImageObject\",\"inLanguage\":\"fr-BE\",\"@id\":\"https:\/\/vieassociative.be\/actualites\/#\/schema\/logo\/image\/\",\"url\":\"https:\/\/vieassociative.be\/actualites\/wp-content\/uploads\/2024\/09\/cropped-vieassociative_favicon.ico.png\",\"contentUrl\":\"https:\/\/vieassociative.be\/actualites\/wp-content\/uploads\/2024\/09\/cropped-vieassociative_favicon.ico.png\",\"width\":512,\"height\":512,\"caption\":\"Vie Associative\"},\"image\":{\"@id\":\"https:\/\/vieassociative.be\/actualites\/#\/schema\/logo\/image\/\"}},{\"@type\":\"Person\",\"@id\":\"https:\/\/vieassociative.be\/actualites\/#\/schema\/person\/b87ac4f82f9d4e7b7cec7395b679edc4\",\"name\":\"Julien\",\"image\":{\"@type\":\"ImageObject\",\"inLanguage\":\"fr-BE\",\"@id\":\"https:\/\/vieassociative.be\/actualites\/#\/schema\/person\/image\/\",\"url\":\"https:\/\/vieassociative.be\/actualites\/wp-content\/uploads\/2024\/09\/vie-associative-1-150x150.jpg\",\"contentUrl\":\"https:\/\/vieassociative.be\/actualites\/wp-content\/uploads\/2024\/09\/vie-associative-1-150x150.jpg\",\"caption\":\"Julien\"},\"description\":\"Je suis Julien, r\u00e9dacteur pour Vie Associative. Passionn\u00e9 par le monde associatif depuis plus de 10 ans, j'ai \u00e0 c\u0153ur de partager des histoires inspirantes et de mettre en lumi\u00e8re les initiatives locales. Mon objectif est de sensibiliser et d'encourager l'engagement communautaire \u00e0 travers mes articles.\",\"sameAs\":[\"https:\/\/vieassociative.be\/\"]}]}<\/script>\n<!-- \/ Yoast SEO plugin. -->","yoast_head_json":{"title":"Le guide des adultes hors contact sur la culture des enfants: les m\u00e8mes de la g\u00e9n\u00e9ration Alpha | Vie Associative","robots":{"index":"index","follow":"follow","max-snippet":"max-snippet:-1","max-image-preview":"max-image-preview:large","max-video-preview":"max-video-preview:-1"},"canonical":"https:\/\/vieassociative.be\/actualites\/le-guide-des-adultes-hors-contact-sur-la-culture-des-enfants-les-memes-de-la-generation-alpha\/","og_locale":"fr_FR","og_type":"article","og_title":"Le guide des adultes hors contact sur la culture des enfants: les m\u00e8mes de la g\u00e9n\u00e9ration Alpha | Vie Associative","og_description":"J&rsquo;ai pass\u00e9 plusieurs heures \u00e0 regarder les m\u00e8mes de la g\u00e9n\u00e9ration A. Ce n&rsquo;\u00e9tait pas bon. Cette semaine, nous parlons de conflit g\u00e9n\u00e9rationnel! La g\u00e9n\u00e9ration","og_url":"https:\/\/vieassociative.be\/actualites\/le-guide-des-adultes-hors-contact-sur-la-culture-des-enfants-les-memes-de-la-generation-alpha\/","og_site_name":"Vie Associative","article_published_time":"2025-02-23T16:17:53+00:00","og_image":[{"url":"https:\/\/vieassociative.be\/actualites\/wp-content\/uploads\/2025\/02\/1740327473_851_Le-guide-des-adultes-hors-contact-sur-la-culture-des.png","type":"","width":"","height":""}],"author":"Julien","twitter_card":"summary_large_image","twitter_misc":{"\u00c9crit par":"Julien","Dur\u00e9e de lecture est.":"7 minutes"},"schema":{"@context":"https:\/\/schema.org","@graph":[{"@type":"Article","@id":"https:\/\/vieassociative.be\/actualites\/le-guide-des-adultes-hors-contact-sur-la-culture-des-enfants-les-memes-de-la-generation-alpha\/#article","isPartOf":{"@id":"https:\/\/vieassociative.be\/actualites\/le-guide-des-adultes-hors-contact-sur-la-culture-des-enfants-les-memes-de-la-generation-alpha\/"},"author":{"name":"Julien","@id":"https:\/\/vieassociative.be\/actualites\/#\/schema\/person\/b87ac4f82f9d4e7b7cec7395b679edc4"},"headline":"Le guide des adultes hors contact sur la culture des enfants: les m\u00e8mes de la g\u00e9n\u00e9ration Alpha","datePublished":"2025-02-23T16:17:53+00:00","dateModified":"2025-02-23T16:17:53+00:00","mainEntityOfPage":{"@id":"https:\/\/vieassociative.be\/actualites\/le-guide-des-adultes-hors-contact-sur-la-culture-des-enfants-les-memes-de-la-generation-alpha\/"},"wordCount":1520,"publisher":{"@id":"https:\/\/vieassociative.be\/actualites\/#organization"},"image":{"@id":"https:\/\/vieassociative.be\/actualites\/le-guide-des-adultes-hors-contact-sur-la-culture-des-enfants-les-memes-de-la-generation-alpha\/#primaryimage"},"thumbnailUrl":"https:\/\/vieassociative.be\/actualites\/wp-content\/uploads\/2025\/02\/1740327475_Le-guide-des-adultes-hors-contact-sur-la-culture-des.png","keywords":["adultes","Alpha","contact","culture","Des","enfants","g\u00e9n\u00e9ration","Guide","hors","Les","m\u00e8mes","sur"],"articleSection":["Divertissement"],"inLanguage":"fr-BE"},{"@type":"WebPage","@id":"https:\/\/vieassociative.be\/actualites\/le-guide-des-adultes-hors-contact-sur-la-culture-des-enfants-les-memes-de-la-generation-alpha\/","url":"https:\/\/vieassociative.be\/actualites\/le-guide-des-adultes-hors-contact-sur-la-culture-des-enfants-les-memes-de-la-generation-alpha\/","name":"Le guide des adultes hors contact sur la culture des enfants: les m\u00e8mes de la g\u00e9n\u00e9ration Alpha | Vie Associative","isPartOf":{"@id":"https:\/\/vieassociative.be\/actualites\/#website"},"primaryImageOfPage":{"@id":"https:\/\/vieassociative.be\/actualites\/le-guide-des-adultes-hors-contact-sur-la-culture-des-enfants-les-memes-de-la-generation-alpha\/#primaryimage"},"image":{"@id":"https:\/\/vieassociative.be\/actualites\/le-guide-des-adultes-hors-contact-sur-la-culture-des-enfants-les-memes-de-la-generation-alpha\/#primaryimage"},"thumbnailUrl":"https:\/\/vieassociative.be\/actualites\/wp-content\/uploads\/2025\/02\/1740327475_Le-guide-des-adultes-hors-contact-sur-la-culture-des.png","datePublished":"2025-02-23T16:17:53+00:00","dateModified":"2025-02-23T16:17:53+00:00","breadcrumb":{"@id":"https:\/\/vieassociative.be\/actualites\/le-guide-des-adultes-hors-contact-sur-la-culture-des-enfants-les-memes-de-la-generation-alpha\/#breadcrumb"},"inLanguage":"fr-BE","potentialAction":[{"@type":"ReadAction","target":["https:\/\/vieassociative.be\/actualites\/le-guide-des-adultes-hors-contact-sur-la-culture-des-enfants-les-memes-de-la-generation-alpha\/"]}]},{"@type":"ImageObject","inLanguage":"fr-BE","@id":"https:\/\/vieassociative.be\/actualites\/le-guide-des-adultes-hors-contact-sur-la-culture-des-enfants-les-memes-de-la-generation-alpha\/#primaryimage","url":"https:\/\/vieassociative.be\/actualites\/wp-content\/uploads\/2025\/02\/1740327475_Le-guide-des-adultes-hors-contact-sur-la-culture-des.png","contentUrl":"https:\/\/vieassociative.be\/actualites\/wp-content\/uploads\/2025\/02\/1740327475_Le-guide-des-adultes-hors-contact-sur-la-culture-des.png","width":1200,"height":675,"caption":"Le guide des adultes hors contact sur la culture des enfants: les m\u00e8mes de la g\u00e9n\u00e9ration Alpha"},{"@type":"BreadcrumbList","@id":"https:\/\/vieassociative.be\/actualites\/le-guide-des-adultes-hors-contact-sur-la-culture-des-enfants-les-memes-de-la-generation-alpha\/#breadcrumb","itemListElement":[{"@type":"ListItem","position":1,"name":"Accueil","item":"https:\/\/vieassociative.be\/actualites\/"},{"@type":"ListItem","position":2,"name":"Le guide des adultes hors contact sur la culture des enfants: les m\u00e8mes de la g\u00e9n\u00e9ration Alpha"}]},{"@type":"WebSite","@id":"https:\/\/vieassociative.be\/actualites\/#website","url":"https:\/\/vieassociative.be\/actualites\/","name":"Vie Associative","description":"","publisher":{"@id":"https:\/\/vieassociative.be\/actualites\/#organization"},"potentialAction":[{"@type":"SearchAction","target":{"@type":"EntryPoint","urlTemplate":"https:\/\/vieassociative.be\/actualites\/?s={search_term_string}"},"query-input":{"@type":"PropertyValueSpecification","valueRequired":true,"valueName":"search_term_string"}}],"inLanguage":"fr-BE"},{"@type":"Organization","@id":"https:\/\/vieassociative.be\/actualites\/#organization","name":"Vie Associative","url":"https:\/\/vieassociative.be\/actualites\/","logo":{"@type":"ImageObject","inLanguage":"fr-BE","@id":"https:\/\/vieassociative.be\/actualites\/#\/schema\/logo\/image\/","url":"https:\/\/vieassociative.be\/actualites\/wp-content\/uploads\/2024\/09\/cropped-vieassociative_favicon.ico.png","contentUrl":"https:\/\/vieassociative.be\/actualites\/wp-content\/uploads\/2024\/09\/cropped-vieassociative_favicon.ico.png","width":512,"height":512,"caption":"Vie Associative"},"image":{"@id":"https:\/\/vieassociative.be\/actualites\/#\/schema\/logo\/image\/"}},{"@type":"Person","@id":"https:\/\/vieassociative.be\/actualites\/#\/schema\/person\/b87ac4f82f9d4e7b7cec7395b679edc4","name":"Julien","image":{"@type":"ImageObject","inLanguage":"fr-BE","@id":"https:\/\/vieassociative.be\/actualites\/#\/schema\/person\/image\/","url":"https:\/\/vieassociative.be\/actualites\/wp-content\/uploads\/2024\/09\/vie-associative-1-150x150.jpg","contentUrl":"https:\/\/vieassociative.be\/actualites\/wp-content\/uploads\/2024\/09\/vie-associative-1-150x150.jpg","caption":"Julien"},"description":"Je suis Julien, r\u00e9dacteur pour Vie Associative. Passionn\u00e9 par le monde associatif depuis plus de 10 ans, j'ai \u00e0 c\u0153ur de partager des histoires inspirantes et de mettre en lumi\u00e8re les initiatives locales. Mon objectif est de sensibiliser et d'encourager l'engagement communautaire \u00e0 travers mes articles.","sameAs":["https:\/\/vieassociative.be\/"]}]}},"_links":{"self":[{"href":"https:\/\/vieassociative.be\/actualites\/wp-json\/wp\/v2\/posts\/5355"}],"collection":[{"href":"https:\/\/vieassociative.be\/actualites\/wp-json\/wp\/v2\/posts"}],"about":[{"href":"https:\/\/vieassociative.be\/actualites\/wp-json\/wp\/v2\/types\/post"}],"author":[{"embeddable":true,"href":"https:\/\/vieassociative.be\/actualites\/wp-json\/wp\/v2\/users\/1"}],"replies":[{"embeddable":true,"href":"https:\/\/vieassociative.be\/actualites\/wp-json\/wp\/v2\/comments?post=5355"}],"version-history":[{"count":0,"href":"https:\/\/vieassociative.be\/actualites\/wp-json\/wp\/v2\/posts\/5355\/revisions"}],"wp:featuredmedia":[{"embeddable":true,"href":"https:\/\/vieassociative.be\/actualites\/wp-json\/wp\/v2\/media\/5356"}],"wp:attachment":[{"href":"https:\/\/vieassociative.be\/actualites\/wp-json\/wp\/v2\/media?parent=5355"}],"wp:term":[{"taxonomy":"category","embeddable":true,"href":"https:\/\/vieassociative.be\/actualites\/wp-json\/wp\/v2\/categories?post=5355"},{"taxonomy":"post_tag","embeddable":true,"href":"https:\/\/vieassociative.be\/actualites\/wp-json\/wp\/v2\/tags?post=5355"}],"curies":[{"name":"wp","href":"https:\/\/api.w.org\/{rel}","templated":true}]}}