{"id":5347,"date":"2025-02-23T09:17:23","date_gmt":"2025-02-23T08:17:23","guid":{"rendered":"https:\/\/vieassociative.be\/actualites\/le-hamas-sort-six-autres-otages-israeliens\/"},"modified":"2025-02-23T09:17:23","modified_gmt":"2025-02-23T08:17:23","slug":"le-hamas-sort-six-autres-otages-israeliens","status":"publish","type":"post","link":"https:\/\/vieassociative.be\/actualites\/le-hamas-sort-six-autres-otages-israeliens\/","title":{"rendered":"Le Hamas sort six autres otages isra\u00e9liens"},"content":{"rendered":"<p><strong>Le Hamas a remis six otages suppl\u00e9mentaires \u00e0 des repr\u00e9sentants de la Croix-Rouge dans la bande de Gaza. La lib\u00e9ration des Isra\u00e9liens a eu lieu dans trois endroits diff\u00e9rents dans la bande c\u00f4ti\u00e8re scell\u00e9e et \u00e9tait en partie visible \u00e0 la t\u00e9l\u00e9vision en Isra\u00ebl et dans le monde arabe.<\/strong><\/p>\n<p><span id=\"more-408769\"><\/span>Les six otages ont \u00e9t\u00e9 publi\u00e9s dans le cadre d&rsquo;un accord avec Isra\u00ebl, dans lequel le cessez-le-feu a \u00e9galement \u00e9t\u00e9 convenu. Des parents des six hommes ont r\u00e9agi ont d\u00e9m\u00e9nag\u00e9 et avec de grands applaudissements \u00e0 la lib\u00e9ration.<\/p>\n<p>Le Hamas a initialement remis le Geisel \u00e0 long terme, Avera Mengistu \u00e0 Rafah au sud de la bande de Gaza et la vall\u00e9e de Schoham, qui a \u00e9t\u00e9 expuls\u00e9e en octobre 2023, remise. Par la suite, les jeunes hommes Omer Schem-Tov, Omer Wenkert et Elija Cohen, qui ont \u00e9galement \u00e9t\u00e9 kidnapp\u00e9s d&rsquo;Isra\u00ebl il y a 16 mois, ont \u00e9t\u00e9 remis \u00e0 l&rsquo;ICRK dans le district de r\u00e9fugi\u00e9s. Hisham al-Sajid avait atteint la bande de Gaza il y a pr\u00e8s de dix ans et y a \u00e9t\u00e9 d\u00e9tenu depuis.<\/p>\n<div id=\"attachment_408776\" class=\"wp-caption alignnone\" style=\"max-width: 300px\"><img fetchpriority=\"high\" decoding=\"async\" class=\"size-medium wp-image-408776\" src=\"https:\/\/vieassociative.be\/actualites\/wp-content\/uploads\/2025\/02\/Le-Hamas-sort-six-autres-otages-israeliens.jpg\" alt=\"\" width=\"300\" height=\"200\"><\/p>\n<p class=\"wp-caption-text\">22\/02\/2025, Palestiniens, Rafah: La vall\u00e9e de Geisel isra\u00e9lienne Schoham (M) est escort\u00e9e par des membres \u00e0 capuche et arm\u00e9s de l&rsquo;organisation terroriste du Hamas \u00e0 Rafah dans les bandes de Gaza du sud avant d&rsquo;\u00eatre remises \u00e0 la Croix-Rouge avec le deuxi\u00e8me Geisel, A. Mengistu. Photo: Jehad alshrafi \/ AP \/ DPA<\/p>\n<\/div>\n<p>Le dernier et le sixi\u00e8me otage a \u00e9t\u00e9 remis sans diffusion t\u00e9l\u00e9vis\u00e9e dans la ville de Gaza. Les islamistes s&rsquo;\u00e9taient abstenus de le faire parce que le Geisel \u00e0 long terme Hisham al-Sajid \u00e9tait un arabe isra\u00e9lien, a rapport\u00e9 le diffuseur arabe Al-Jasira.<\/p>\n<p>En retour, selon les informations palestiniennes, Isra\u00ebl doit lib\u00e9rer un total d&rsquo;environ 600 Palestiniens d\u00e9tenus dans le cadre d&rsquo;un accord de cessez-le-feu. Parmi eux, il y a 50 avec des \u00eatres \u00e0 vie<\/p>\n<p><strong>&#8211; Le cadavre f\u00e9minin est celui de Schiri Bibas:<\/strong> Entre-temps, un cadavre des femmes remis vendredi soir a \u00e9t\u00e9 identifi\u00e9. Le kibboutz nir oz a confirm\u00e9 dans la matin\u00e9e que c&rsquo;\u00e9tait le corps du Geisel Schiri Bibas retard\u00e9. Les restes de la femme allemande-isra\u00e9lienne auraient d\u00fb \u00eatre remis \u00e0 Isra\u00ebl avec ceux de ses deux petits fils jeudi. Dans le cercueil que le Hamas avait donn\u00e9 la Croix-Rouge le jour, cependant, il y avait le corps d&rsquo;une autre femme inconnue. L&rsquo;organisation terroriste a admis une \u00e9ventuelle erreur. L&rsquo;\u00e9change &#8211; qu&rsquo;il soit sciemment ou accidentellement &#8211; a d\u00e9clench\u00e9 une grande indignation en Isra\u00ebl.<\/p>\n<p>D\u00e9j\u00e0 dans la nuit de vendredi, l&rsquo;arm\u00e9e isra\u00e9lienne a confirm\u00e9 la mort des enfants de Schiri Ariel et Kfir Bibas. Ils ont \u00e9t\u00e9 brutalement assassin\u00e9s par les ravisseurs en novembre 2023. Selon le Hamas, ils ont \u00e9t\u00e9 tu\u00e9s lors d&rsquo;un raid a\u00e9rien isra\u00e9lien. Isra\u00ebl le nie avec v\u00e9h\u00e9mence.<\/p>\n<div id=\"attachment_408779\" class=\"wp-caption alignleft\" style=\"max-width: 300px\"><img decoding=\"async\" class=\"wp-image-408779 size-medium\" src=\"https:\/\/vieassociative.be\/actualites\/wp-content\/uploads\/2025\/02\/1740298643_119_Le-Hamas-sort-six-autres-otages-israeliens.jpg\" alt=\"\" width=\"300\" height=\"200\"><\/p>\n<p class=\"wp-caption-text\">22\/02\/2025, Isra\u00ebl, -: Les gens agitent lorsqu&rsquo;un h\u00e9licopt\u00e8re militaire isra\u00e9lien avec un otage lib\u00e9r\u00e9 de la bande de Gaza \u00e0 bord se l\u00e8ve d&rsquo;une base militaire dans le sud d&rsquo;Isra\u00ebl. Un total de six autres otages dans la bande de Gaza ce jour-l\u00e0 devraient \u00eatre lib\u00e9r\u00e9s de l&rsquo;organisation terroriste Hamas et remis \u00e0 la Croix-Rouge internationale. Photo: Maya Alluzzo \/ AP \/ DPA<\/p>\n<\/div>\n<p><strong>-Hamas Stages Repandiver en otage:<\/strong> L&rsquo;apparition \u00e0 la sabot et \u00e0 arm\u00e9 du Hamas en uniformes a mis \u00e0 nouveau le transfert des hommes \u00e0 Rafah et Nuseirat avec des spectateurs, de la musique forte et des drapeaux palestiniens. Les otages ont \u00e9t\u00e9 montr\u00e9s sur les \u00e9tapes. Ils \u00e9taient visibles de leurs gardes arm\u00e9s et cagoul\u00e9s, pour sourire et agiter la foule en attente. Un repr\u00e9sentant du Comit\u00e9 international de la Croix-Rouge (IKRK) a d\u00fb signer des documents de r\u00e9ception sur les \u00e9tapes des deux endroits.<\/p>\n<p><em><strong>&#8211; L&rsquo;homme aurait \u00e9t\u00e9 encha\u00een\u00e9 en otage pendant son ensemble:<\/strong> <\/em>Les terroristes palestiniens ont kidnapp\u00e9 Schem-Tov, Wenkert et Cohen du NOVA Music Festival dans le d\u00e9sert du Negev. Le partenaire de Cohen a surv\u00e9cu au massacre selon le forum des familles d&rsquo;otages en se cachant sous Corpse. Cohen aurait \u00e9t\u00e9 encha\u00een\u00e9 en otage tout au long de son tout, comme les m\u00e9dias isra\u00e9liens ont rapport\u00e9 des rapports des otages r\u00e9cemment publi\u00e9s.<\/p>\n<p>Schoham, qui est \u00e9galement citoyen autrichien, a \u00e9t\u00e9 kidnapp\u00e9 avec sa femme, deux enfants et d&rsquo;autres parents. Les femmes et les enfants ont \u00e9t\u00e9 lib\u00e9r\u00e9s en novembre 2023 dans le cadre d&rsquo;un accord entre Isra\u00ebl et le Hamas.<\/p>\n<p>Al-Sajid est un arabe isra\u00e9lien qui a travers\u00e9 la fronti\u00e8re dans la bande de Gaza 2015 par lui-m\u00eame. Il en va de m\u00eame pour Mengistu n\u00e9 en \u00c9thiopie, qui est sous la violence du Hamas depuis 2014. Le Hamas avait publi\u00e9 des enregistrements des deux en captivit\u00e9, en 2022 Al-Sajid a \u00e9t\u00e9 montr\u00e9 dans un lit avec un masque \u00e0 oxyg\u00e8ne. Cela a provoqu\u00e9 l&rsquo;horreur en Isra\u00ebl.<\/p>\n<p>Depuis le d\u00e9but du cessez-le-feu dans la guerre de Gaza le 19 janvier, les islamistes ont publi\u00e9 25 otages en plusieurs tours. De plus, cinq Tha\u00eflandais kidnapp\u00e9s d&rsquo;Isra\u00ebl ont \u00e9t\u00e9 lib\u00e9r\u00e9s quel que soit l&rsquo;accord.<\/p>\n<\/p>\n<div id=\"attachment_408780\" class=\"wp-caption alignleft\" style=\"max-width: 300px\"><img decoding=\"async\" class=\"wp-image-408780 size-medium\" src=\"https:\/\/vieassociative.be\/actualites\/wp-content\/uploads\/2025\/02\/1740298643_608_Le-Hamas-sort-six-autres-otages-israeliens.jpg\" alt=\"\" width=\"300\" height=\"200\"><\/p>\n<p class=\"wp-caption-text\">22\/02\/2025, r\u00e9gions palestiniennes, NuserAt: The isra\u00e9lien Geisel Omer Schem-Tov-Tov entre les membres \u00e0 capuche et les membres arm\u00e9s de l&rsquo;organisation terroriste Hamas sur une sc\u00e8ne \u00e0 Nuseirira dans la bande de Gaza centrale avant d&rsquo;\u00eatre remise \u00e0 la Croix-Rouge internationale (Ikrk ). Photo: Jehad alshrafi \/ AP \/ DPA<\/p>\n<\/div>\n<p><strong>&#8211; La premi\u00e8re phase de l&rsquo;accord devrait officiellement se terminer par une semaine:<\/strong><br \/>\n L&rsquo;accord multi-\u00e9tages entre Isra\u00ebl et le Hamas stipule que lors des premiers otages de la phase 33, dont huit morts, sont lib\u00e9r\u00e9s en \u00e9change de 1 904 prisonniers palestiniens. Selon le Hamas, quatre cadavres doivent \u00eatre remis la semaine prochaine. Cela conclut l&rsquo;\u00e9change d&rsquo;otages contre les d\u00e9tenus de la premi\u00e8re phase. La premi\u00e8re phase devrait se terminer officiellement dans une semaine.<\/p>\n<p>Jusqu&rsquo;\u00e0 pr\u00e9sent, les deux parties en guerre, contrairement aux personnes pr\u00e9vues, n&rsquo;ont pas encore men\u00e9 de n\u00e9gociations s\u00e9rieuses sur la deuxi\u00e8me phase de l&rsquo;accord. Il n&rsquo;est pas certain que cela se produira. Cela devrait conduire \u00e0 une fin finale de la guerre et \u00e0 la lib\u00e9ration des otages restants.<\/p>\n<p>Le Hamas a confirm\u00e9 qu&rsquo;elle \u00e9tait int\u00e9ress\u00e9e par un accord sur une deuxi\u00e8me phase et un \u00e9change complet des otages restants contre des prisonniers palestiniens. Les conditions sont un cessez-le-feu permanent et un retrait complet des troupes isra\u00e9liennes de la bande de Gaza. Cependant, Isra\u00ebl insiste sur l&rsquo;objectif de guerre d&rsquo;une destruction compl\u00e8te du Hamas. Plus de 60 otages sont enregistr\u00e9s dans la bande de Gaza, environ la moiti\u00e9 n&rsquo;est plus en vie selon les informations isra\u00e9liennes.<\/p>\n<p>La guerre a \u00e9t\u00e9 d\u00e9clench\u00e9e par l&rsquo;attaque par le Hamas et d&rsquo;autres groupes extr\u00e9mistes sur Isra\u00ebl le 7 octobre 2023, dans lesquels environ 1 200 personnes ont \u00e9t\u00e9 tu\u00e9es et plus de 250 Isra\u00e9liens ont \u00e9t\u00e9 tra\u00een\u00e9s dans la bande de Gaza. Depuis lors, selon l&rsquo;autorit\u00e9 sanitaire contr\u00f4l\u00e9e par le Hamas, plus de 48 300 personnes ont \u00e9t\u00e9 tu\u00e9es, dont de nombreuses femmes et mineurs. (DPA)<\/p>\n","protected":false},"excerpt":{"rendered":"<p>Le Hamas a remis six otages suppl\u00e9mentaires \u00e0 des repr\u00e9sentants de la Croix-Rouge dans la bande de Gaza. La lib\u00e9ration des Isra\u00e9liens a eu lieu<\/p>\n","protected":false},"author":1,"featured_media":5348,"comment_status":"","ping_status":"","sticky":false,"template":"","format":"standard","meta":{"footnotes":""},"categories":[298],"tags":[276,4944,2963,4757,5503],"class_list":["post-5347","post","type-post","status-publish","format-standard","has-post-thumbnail","hentry","category-belgique","tag-autres","tag-hamas","tag-israeliens","tag-otages","tag-sort","generate-columns","tablet-grid-50","mobile-grid-100","grid-parent","grid-33"],"yoast_head":"<!-- This site is optimized with the Yoast SEO plugin v24.0 - https:\/\/yoast.com\/wordpress\/plugins\/seo\/ -->\n<title>Le Hamas sort six autres otages isra\u00e9liens | Vie Associative<\/title>\n<meta name=\"robots\" content=\"index, follow, max-snippet:-1, max-image-preview:large, max-video-preview:-1\" \/>\n<link rel=\"canonical\" href=\"https:\/\/vieassociative.be\/actualites\/le-hamas-sort-six-autres-otages-israeliens\/\" \/>\n<meta property=\"og:locale\" content=\"fr_FR\" \/>\n<meta property=\"og:type\" content=\"article\" \/>\n<meta property=\"og:title\" content=\"Le Hamas sort six autres otages isra\u00e9liens | Vie Associative\" \/>\n<meta property=\"og:description\" content=\"Le Hamas a remis six otages suppl\u00e9mentaires \u00e0 des repr\u00e9sentants de la Croix-Rouge dans la bande de Gaza. La lib\u00e9ration des Isra\u00e9liens a eu lieu\" \/>\n<meta property=\"og:url\" content=\"https:\/\/vieassociative.be\/actualites\/le-hamas-sort-six-autres-otages-israeliens\/\" \/>\n<meta property=\"og:site_name\" content=\"Vie Associative\" \/>\n<meta property=\"article:published_time\" content=\"2025-02-23T08:17:23+00:00\" \/>\n<meta property=\"og:image\" content=\"https:\/\/vieassociative.be\/actualites\/wp-content\/uploads\/2024\/09\/header_backgroundk-01-e1726694325946.png\" \/>\n\t<meta property=\"og:image:width\" content=\"279\" \/>\n\t<meta property=\"og:image:height\" content=\"92\" \/>\n\t<meta property=\"og:image:type\" content=\"image\/png\" \/>\n<meta name=\"author\" content=\"Julien\" \/>\n<meta name=\"twitter:card\" content=\"summary_large_image\" \/>\n<meta name=\"twitter:label1\" content=\"\u00c9crit par\" \/>\n\t<meta name=\"twitter:data1\" content=\"Julien\" \/>\n\t<meta name=\"twitter:label2\" content=\"Dur\u00e9e de lecture est.\" \/>\n\t<meta name=\"twitter:data2\" content=\"6 minutes\" \/>\n<script type=\"application\/ld+json\" class=\"yoast-schema-graph\">{\"@context\":\"https:\/\/schema.org\",\"@graph\":[{\"@type\":\"Article\",\"@id\":\"https:\/\/vieassociative.be\/actualites\/le-hamas-sort-six-autres-otages-israeliens\/#article\",\"isPartOf\":{\"@id\":\"https:\/\/vieassociative.be\/actualites\/le-hamas-sort-six-autres-otages-israeliens\/\"},\"author\":{\"name\":\"Julien\",\"@id\":\"https:\/\/vieassociative.be\/actualites\/#\/schema\/person\/b87ac4f82f9d4e7b7cec7395b679edc4\"},\"headline\":\"Le Hamas sort six autres otages isra\u00e9liens\",\"datePublished\":\"2025-02-23T08:17:23+00:00\",\"dateModified\":\"2025-02-23T08:17:23+00:00\",\"mainEntityOfPage\":{\"@id\":\"https:\/\/vieassociative.be\/actualites\/le-hamas-sort-six-autres-otages-israeliens\/\"},\"wordCount\":1252,\"publisher\":{\"@id\":\"https:\/\/vieassociative.be\/actualites\/#organization\"},\"image\":{\"@id\":\"https:\/\/vieassociative.be\/actualites\/le-hamas-sort-six-autres-otages-israeliens\/#primaryimage\"},\"thumbnailUrl\":\"https:\/\/vieassociative.be\/actualites\/wp-content\/uploads\/2025\/02\/1740298644_Le-Hamas-sort-six-autres-otages-israeliens.jpg\",\"keywords\":[\"autres\",\"Hamas\",\"isra\u00e9liens\",\"otages\",\"sort\"],\"articleSection\":[\"Belgique\"],\"inLanguage\":\"fr-BE\"},{\"@type\":\"WebPage\",\"@id\":\"https:\/\/vieassociative.be\/actualites\/le-hamas-sort-six-autres-otages-israeliens\/\",\"url\":\"https:\/\/vieassociative.be\/actualites\/le-hamas-sort-six-autres-otages-israeliens\/\",\"name\":\"Le Hamas sort six autres otages isra\u00e9liens | Vie Associative\",\"isPartOf\":{\"@id\":\"https:\/\/vieassociative.be\/actualites\/#website\"},\"primaryImageOfPage\":{\"@id\":\"https:\/\/vieassociative.be\/actualites\/le-hamas-sort-six-autres-otages-israeliens\/#primaryimage\"},\"image\":{\"@id\":\"https:\/\/vieassociative.be\/actualites\/le-hamas-sort-six-autres-otages-israeliens\/#primaryimage\"},\"thumbnailUrl\":\"https:\/\/vieassociative.be\/actualites\/wp-content\/uploads\/2025\/02\/1740298644_Le-Hamas-sort-six-autres-otages-israeliens.jpg\",\"datePublished\":\"2025-02-23T08:17:23+00:00\",\"dateModified\":\"2025-02-23T08:17:23+00:00\",\"breadcrumb\":{\"@id\":\"https:\/\/vieassociative.be\/actualites\/le-hamas-sort-six-autres-otages-israeliens\/#breadcrumb\"},\"inLanguage\":\"fr-BE\",\"potentialAction\":[{\"@type\":\"ReadAction\",\"target\":[\"https:\/\/vieassociative.be\/actualites\/le-hamas-sort-six-autres-otages-israeliens\/\"]}]},{\"@type\":\"ImageObject\",\"inLanguage\":\"fr-BE\",\"@id\":\"https:\/\/vieassociative.be\/actualites\/le-hamas-sort-six-autres-otages-israeliens\/#primaryimage\",\"url\":\"https:\/\/vieassociative.be\/actualites\/wp-content\/uploads\/2025\/02\/1740298644_Le-Hamas-sort-six-autres-otages-israeliens.jpg\",\"contentUrl\":\"https:\/\/vieassociative.be\/actualites\/wp-content\/uploads\/2025\/02\/1740298644_Le-Hamas-sort-six-autres-otages-israeliens.jpg\",\"width\":1200,\"height\":800,\"caption\":\"Le Hamas sort six autres otages isra\u00e9liens\"},{\"@type\":\"BreadcrumbList\",\"@id\":\"https:\/\/vieassociative.be\/actualites\/le-hamas-sort-six-autres-otages-israeliens\/#breadcrumb\",\"itemListElement\":[{\"@type\":\"ListItem\",\"position\":1,\"name\":\"Accueil\",\"item\":\"https:\/\/vieassociative.be\/actualites\/\"},{\"@type\":\"ListItem\",\"position\":2,\"name\":\"Le Hamas sort six autres otages isra\u00e9liens\"}]},{\"@type\":\"WebSite\",\"@id\":\"https:\/\/vieassociative.be\/actualites\/#website\",\"url\":\"https:\/\/vieassociative.be\/actualites\/\",\"name\":\"Vie Associative\",\"description\":\"\",\"publisher\":{\"@id\":\"https:\/\/vieassociative.be\/actualites\/#organization\"},\"potentialAction\":[{\"@type\":\"SearchAction\",\"target\":{\"@type\":\"EntryPoint\",\"urlTemplate\":\"https:\/\/vieassociative.be\/actualites\/?s={search_term_string}\"},\"query-input\":{\"@type\":\"PropertyValueSpecification\",\"valueRequired\":true,\"valueName\":\"search_term_string\"}}],\"inLanguage\":\"fr-BE\"},{\"@type\":\"Organization\",\"@id\":\"https:\/\/vieassociative.be\/actualites\/#organization\",\"name\":\"Vie Associative\",\"url\":\"https:\/\/vieassociative.be\/actualites\/\",\"logo\":{\"@type\":\"ImageObject\",\"inLanguage\":\"fr-BE\",\"@id\":\"https:\/\/vieassociative.be\/actualites\/#\/schema\/logo\/image\/\",\"url\":\"https:\/\/vieassociative.be\/actualites\/wp-content\/uploads\/2024\/09\/cropped-vieassociative_favicon.ico.png\",\"contentUrl\":\"https:\/\/vieassociative.be\/actualites\/wp-content\/uploads\/2024\/09\/cropped-vieassociative_favicon.ico.png\",\"width\":512,\"height\":512,\"caption\":\"Vie Associative\"},\"image\":{\"@id\":\"https:\/\/vieassociative.be\/actualites\/#\/schema\/logo\/image\/\"}},{\"@type\":\"Person\",\"@id\":\"https:\/\/vieassociative.be\/actualites\/#\/schema\/person\/b87ac4f82f9d4e7b7cec7395b679edc4\",\"name\":\"Julien\",\"image\":{\"@type\":\"ImageObject\",\"inLanguage\":\"fr-BE\",\"@id\":\"https:\/\/vieassociative.be\/actualites\/#\/schema\/person\/image\/\",\"url\":\"https:\/\/vieassociative.be\/actualites\/wp-content\/uploads\/2024\/09\/vie-associative-1-150x150.jpg\",\"contentUrl\":\"https:\/\/vieassociative.be\/actualites\/wp-content\/uploads\/2024\/09\/vie-associative-1-150x150.jpg\",\"caption\":\"Julien\"},\"description\":\"Je suis Julien, r\u00e9dacteur pour Vie Associative. Passionn\u00e9 par le monde associatif depuis plus de 10 ans, j'ai \u00e0 c\u0153ur de partager des histoires inspirantes et de mettre en lumi\u00e8re les initiatives locales. Mon objectif est de sensibiliser et d'encourager l'engagement communautaire \u00e0 travers mes articles.\",\"sameAs\":[\"https:\/\/vieassociative.be\/\"]}]}<\/script>\n<!-- \/ Yoast SEO plugin. -->","yoast_head_json":{"title":"Le Hamas sort six autres otages isra\u00e9liens | Vie Associative","robots":{"index":"index","follow":"follow","max-snippet":"max-snippet:-1","max-image-preview":"max-image-preview:large","max-video-preview":"max-video-preview:-1"},"canonical":"https:\/\/vieassociative.be\/actualites\/le-hamas-sort-six-autres-otages-israeliens\/","og_locale":"fr_FR","og_type":"article","og_title":"Le Hamas sort six autres otages isra\u00e9liens | Vie Associative","og_description":"Le Hamas a remis six otages suppl\u00e9mentaires \u00e0 des repr\u00e9sentants de la Croix-Rouge dans la bande de Gaza. La lib\u00e9ration des Isra\u00e9liens a eu lieu","og_url":"https:\/\/vieassociative.be\/actualites\/le-hamas-sort-six-autres-otages-israeliens\/","og_site_name":"Vie Associative","article_published_time":"2025-02-23T08:17:23+00:00","og_image":[{"width":279,"height":92,"url":"https:\/\/vieassociative.be\/actualites\/wp-content\/uploads\/2024\/09\/header_backgroundk-01-e1726694325946.png","type":"image\/png"}],"author":"Julien","twitter_card":"summary_large_image","twitter_misc":{"\u00c9crit par":"Julien","Dur\u00e9e de lecture est.":"6 minutes"},"schema":{"@context":"https:\/\/schema.org","@graph":[{"@type":"Article","@id":"https:\/\/vieassociative.be\/actualites\/le-hamas-sort-six-autres-otages-israeliens\/#article","isPartOf":{"@id":"https:\/\/vieassociative.be\/actualites\/le-hamas-sort-six-autres-otages-israeliens\/"},"author":{"name":"Julien","@id":"https:\/\/vieassociative.be\/actualites\/#\/schema\/person\/b87ac4f82f9d4e7b7cec7395b679edc4"},"headline":"Le Hamas sort six autres otages isra\u00e9liens","datePublished":"2025-02-23T08:17:23+00:00","dateModified":"2025-02-23T08:17:23+00:00","mainEntityOfPage":{"@id":"https:\/\/vieassociative.be\/actualites\/le-hamas-sort-six-autres-otages-israeliens\/"},"wordCount":1252,"publisher":{"@id":"https:\/\/vieassociative.be\/actualites\/#organization"},"image":{"@id":"https:\/\/vieassociative.be\/actualites\/le-hamas-sort-six-autres-otages-israeliens\/#primaryimage"},"thumbnailUrl":"https:\/\/vieassociative.be\/actualites\/wp-content\/uploads\/2025\/02\/1740298644_Le-Hamas-sort-six-autres-otages-israeliens.jpg","keywords":["autres","Hamas","isra\u00e9liens","otages","sort"],"articleSection":["Belgique"],"inLanguage":"fr-BE"},{"@type":"WebPage","@id":"https:\/\/vieassociative.be\/actualites\/le-hamas-sort-six-autres-otages-israeliens\/","url":"https:\/\/vieassociative.be\/actualites\/le-hamas-sort-six-autres-otages-israeliens\/","name":"Le Hamas sort six autres otages isra\u00e9liens | Vie Associative","isPartOf":{"@id":"https:\/\/vieassociative.be\/actualites\/#website"},"primaryImageOfPage":{"@id":"https:\/\/vieassociative.be\/actualites\/le-hamas-sort-six-autres-otages-israeliens\/#primaryimage"},"image":{"@id":"https:\/\/vieassociative.be\/actualites\/le-hamas-sort-six-autres-otages-israeliens\/#primaryimage"},"thumbnailUrl":"https:\/\/vieassociative.be\/actualites\/wp-content\/uploads\/2025\/02\/1740298644_Le-Hamas-sort-six-autres-otages-israeliens.jpg","datePublished":"2025-02-23T08:17:23+00:00","dateModified":"2025-02-23T08:17:23+00:00","breadcrumb":{"@id":"https:\/\/vieassociative.be\/actualites\/le-hamas-sort-six-autres-otages-israeliens\/#breadcrumb"},"inLanguage":"fr-BE","potentialAction":[{"@type":"ReadAction","target":["https:\/\/vieassociative.be\/actualites\/le-hamas-sort-six-autres-otages-israeliens\/"]}]},{"@type":"ImageObject","inLanguage":"fr-BE","@id":"https:\/\/vieassociative.be\/actualites\/le-hamas-sort-six-autres-otages-israeliens\/#primaryimage","url":"https:\/\/vieassociative.be\/actualites\/wp-content\/uploads\/2025\/02\/1740298644_Le-Hamas-sort-six-autres-otages-israeliens.jpg","contentUrl":"https:\/\/vieassociative.be\/actualites\/wp-content\/uploads\/2025\/02\/1740298644_Le-Hamas-sort-six-autres-otages-israeliens.jpg","width":1200,"height":800,"caption":"Le Hamas sort six autres otages isra\u00e9liens"},{"@type":"BreadcrumbList","@id":"https:\/\/vieassociative.be\/actualites\/le-hamas-sort-six-autres-otages-israeliens\/#breadcrumb","itemListElement":[{"@type":"ListItem","position":1,"name":"Accueil","item":"https:\/\/vieassociative.be\/actualites\/"},{"@type":"ListItem","position":2,"name":"Le Hamas sort six autres otages isra\u00e9liens"}]},{"@type":"WebSite","@id":"https:\/\/vieassociative.be\/actualites\/#website","url":"https:\/\/vieassociative.be\/actualites\/","name":"Vie Associative","description":"","publisher":{"@id":"https:\/\/vieassociative.be\/actualites\/#organization"},"potentialAction":[{"@type":"SearchAction","target":{"@type":"EntryPoint","urlTemplate":"https:\/\/vieassociative.be\/actualites\/?s={search_term_string}"},"query-input":{"@type":"PropertyValueSpecification","valueRequired":true,"valueName":"search_term_string"}}],"inLanguage":"fr-BE"},{"@type":"Organization","@id":"https:\/\/vieassociative.be\/actualites\/#organization","name":"Vie Associative","url":"https:\/\/vieassociative.be\/actualites\/","logo":{"@type":"ImageObject","inLanguage":"fr-BE","@id":"https:\/\/vieassociative.be\/actualites\/#\/schema\/logo\/image\/","url":"https:\/\/vieassociative.be\/actualites\/wp-content\/uploads\/2024\/09\/cropped-vieassociative_favicon.ico.png","contentUrl":"https:\/\/vieassociative.be\/actualites\/wp-content\/uploads\/2024\/09\/cropped-vieassociative_favicon.ico.png","width":512,"height":512,"caption":"Vie Associative"},"image":{"@id":"https:\/\/vieassociative.be\/actualites\/#\/schema\/logo\/image\/"}},{"@type":"Person","@id":"https:\/\/vieassociative.be\/actualites\/#\/schema\/person\/b87ac4f82f9d4e7b7cec7395b679edc4","name":"Julien","image":{"@type":"ImageObject","inLanguage":"fr-BE","@id":"https:\/\/vieassociative.be\/actualites\/#\/schema\/person\/image\/","url":"https:\/\/vieassociative.be\/actualites\/wp-content\/uploads\/2024\/09\/vie-associative-1-150x150.jpg","contentUrl":"https:\/\/vieassociative.be\/actualites\/wp-content\/uploads\/2024\/09\/vie-associative-1-150x150.jpg","caption":"Julien"},"description":"Je suis Julien, r\u00e9dacteur pour Vie Associative. Passionn\u00e9 par le monde associatif depuis plus de 10 ans, j'ai \u00e0 c\u0153ur de partager des histoires inspirantes et de mettre en lumi\u00e8re les initiatives locales. Mon objectif est de sensibiliser et d'encourager l'engagement communautaire \u00e0 travers mes articles.","sameAs":["https:\/\/vieassociative.be\/"]}]}},"_links":{"self":[{"href":"https:\/\/vieassociative.be\/actualites\/wp-json\/wp\/v2\/posts\/5347"}],"collection":[{"href":"https:\/\/vieassociative.be\/actualites\/wp-json\/wp\/v2\/posts"}],"about":[{"href":"https:\/\/vieassociative.be\/actualites\/wp-json\/wp\/v2\/types\/post"}],"author":[{"embeddable":true,"href":"https:\/\/vieassociative.be\/actualites\/wp-json\/wp\/v2\/users\/1"}],"replies":[{"embeddable":true,"href":"https:\/\/vieassociative.be\/actualites\/wp-json\/wp\/v2\/comments?post=5347"}],"version-history":[{"count":0,"href":"https:\/\/vieassociative.be\/actualites\/wp-json\/wp\/v2\/posts\/5347\/revisions"}],"wp:featuredmedia":[{"embeddable":true,"href":"https:\/\/vieassociative.be\/actualites\/wp-json\/wp\/v2\/media\/5348"}],"wp:attachment":[{"href":"https:\/\/vieassociative.be\/actualites\/wp-json\/wp\/v2\/media?parent=5347"}],"wp:term":[{"taxonomy":"category","embeddable":true,"href":"https:\/\/vieassociative.be\/actualites\/wp-json\/wp\/v2\/categories?post=5347"},{"taxonomy":"post_tag","embeddable":true,"href":"https:\/\/vieassociative.be\/actualites\/wp-json\/wp\/v2\/tags?post=5347"}],"curies":[{"name":"wp","href":"https:\/\/api.w.org\/{rel}","templated":true}]}}