{"id":5342,"date":"2025-02-23T06:17:08","date_gmt":"2025-02-23T05:17:08","guid":{"rendered":"https:\/\/vieassociative.be\/actualites\/six-facons-faciles-et-bon-marche-de-mettre-a-niveau-votre-escalier\/"},"modified":"2025-02-23T06:17:08","modified_gmt":"2025-02-23T05:17:08","slug":"six-facons-faciles-et-bon-marche-de-mettre-a-niveau-votre-escalier","status":"publish","type":"post","link":"https:\/\/vieassociative.be\/actualites\/six-facons-faciles-et-bon-marche-de-mettre-a-niveau-votre-escalier\/","title":{"rendered":"Six fa\u00e7ons faciles et bon march\u00e9 de mettre \u00e0 niveau votre escalier"},"content":{"rendered":"<div class=\"mt-4 leading-6 md:mb-8\">Rendre ces anciens escaliers alt\u00e9r\u00e9s \u00e0 nouveau spectaculaires.<\/div>\n<p><\/p>\n<p>Beaucoup d&rsquo;entre nous ont des escaliers dans notre maison qui pourraient utiliser un peu de cure de jouvence, soit \u00e0 cause de l&rsquo;usure avec le temps, soit parce qu&rsquo;ils sont basiques de qualit\u00e9 constante et n&rsquo;avaient pas beaucoup de style pour commencer. Si vous ne voulez pas d\u00e9penser beaucoup d&rsquo;argent \u00e0 moderniser un espace destin\u00e9 \u00e0 vous amener d&rsquo;un \u00e9tage \u00e0 un autre, cependant, il existe des moyens de jazz vos escaliers existants sans d\u00e9penser beaucoup. <\/p>\n<p>Si vous pensez soudainement que vos escaliers ennuyeux ont besoin d&rsquo;une brillance, voici quelques fa\u00e7ons d&rsquo;y parvenir sans nettoyer votre compte bancaire.<\/p>\n<h2 id=\"paint\">Peinture<\/h2>\n<p>La peinture est toujours la mise \u00e0 niveau la plus simple et la moins ch\u00e8re que vous puissiez faire, et cela s&rsquo;applique \u00e9galement \u00e0 vos escaliers. Vous pouvez facilement peindre les contre-l&rsquo;\u00e9cran une couleur contrast\u00e9e audacieuse qui transformera m\u00eame les escaliers les plus basiques en un \u00e9l\u00e9ment de conception. Vous pouvez \u00e9galement prendre un gallon de peinture au sol et transformer les marches. Faire les deux vous permet de cr\u00e9er un look classique en noir et blanc ou de faire preuve de cr\u00e9ativit\u00e9 avec une palette qui compl\u00e8te le reste de la conception de la maison.<\/p>\n<p>Et n&rsquo;oubliez pas la balustrade, les balustrades et le poste de Newel &#8211; les donner une nouvelle couche de peinture brillante est une transformation instantan\u00e9e qui ne casse pas la banque.<\/p>\n<h2 id=\"wallpaper-or-tile\">Papier peint ou carreau<\/h2>\n<p>Vos \u00e9l\u00e9vateurs offrent une opportunit\u00e9 de conception incroyable &#8211; ce sont essentiellement de minuscules toiles que vous pouvez vous habiller de diff\u00e9rentes mani\u00e8res. L&rsquo;application du papier peint \u00e0 vos contre-l&rsquo;\u00e9cran peut donner \u00e0 vos escaliers un coup de poing de couleur et de motif qui les fera \u00e9clater, et vous pouvez probablement faire tout l&rsquo;escalier avec un seul rouleau de papier &#8211; ou acheter des pi\u00e8ces de papier de contact con\u00e7ues juste \u00e0 cet effet. Si vous avez des restes de carreaux d&rsquo;un autre projet ou d&rsquo;une ligne sur une tuile bon march\u00e9, vous pouvez \u00e9galement carreler vos contre-monnaie comme vous \u00eates en carrelage, leur donnant instantan\u00e9ment un look fini et \u00e9l\u00e9gant.<\/p>\n<p>Vous n&rsquo;\u00eates pas non plus limit\u00e9 aux \u00e9l\u00e9vateurs. Vous pouvez vous peindre le mur, soit le couvrant compl\u00e8tement, soit cr\u00e9er un effet de \u00abplanche de jupe\u00bb qui d\u00e9crit la mont\u00e9e des marches le long du mur. Le simple fait d&rsquo;apporter de la couleur et du design dans l&rsquo;espace classera vos escaliers.<\/p>\n<h2 id=\"trim\">Garniture<\/h2>\n<p>Les supports d&rsquo;escalier sont des pi\u00e8ces de garniture qui sont attach\u00e9es \u00e0 l&rsquo;ext\u00e9rieur des escaliers, ajoutant de la dimension et du design \u00e0 la partie de vos escaliers que les gens regardent lorsqu&rsquo;ils ne marchent pas activement dessus. Ils sont assez faciles \u00e0 installer (vous pouvez utiliser la colle de construction si vous n&rsquo;\u00eates pas \u00e0 l&rsquo;aise avec un pistolet \u00e0 clous ou le mart\u00e8lement dans des ongles de garniture) et am\u00e9liorer instantan\u00e9ment l&rsquo;apparence de l&rsquo;escalier.<\/p>\n<p>Vous pouvez \u00e9galement ajouter des garnitures \u00e0 la paroi de l&rsquo;escalier sans \u00e9clabousser. Si vous \u00eates un charpentier d\u00e9cent, vous pouvez cr\u00e9er et installer une planche de jupe le long du mur, en ajoutant une dimension et une profondeur \u00e0 votre conception d&rsquo;escalier. Alternativement (et beaucoup plus facilement), vous pouvez saisir des garnitures murales en b\u00e2ton et cr\u00e9er un design sur le mur pour accentuer les escaliers.<\/p>\n<h2 id=\"lighting\">\u00c9clairage<\/h2>\n<p>L&rsquo;\u00e9clairage peut \u00eatre un \u00e9l\u00e9ment dramatique dans n&rsquo;importe quel espace, mais il est tr\u00e8s dramatique dans les escaliers, en particulier la nuit. L&rsquo;ajout de feux de b\u00e2ton simples au mur pr\u00e8s des marches augmente non seulement la s\u00e9curit\u00e9, il ajoute un \u00e9l\u00e9ment artistique et les bandes LED rechargeables sous la l\u00e8vre des marches transforment vos escaliers ennuyeux en point focal.<\/p>\n<p>Les \u00e9l\u00e9ments cl\u00e9s \u00e0 consid\u00e9rer lors du choix des lumi\u00e8res sont la luminosit\u00e9 et la chaleur des lumi\u00e8res &#8211; vous voulez qu&rsquo;elles soient suffisamment lumineuses pour augmenter la visibilit\u00e9, mais pas si brillante qu&rsquo;elles distrayaient. Le niveau de chaleur doit \u00eatre adapt\u00e9 autant que possible \u00e0 la palette des autres caract\u00e9ristiques de conception de votre maison. Cela pourrait n\u00e9cessiter un peu d&rsquo;exp\u00e9rimentation avant d&rsquo;atterrir sur la combinaison parfaite.<\/p>\n<h2 id=\"runners\">Coureurs<\/h2>\n<p>Si vos escaliers sont <em>bien<\/em> Mais pourrait utiliser un petit coup de pouce de style (et peut-\u00eatre un coup de pouce de s\u00e9curit\u00e9), l&rsquo;ajout d&rsquo;un coureur de tapis au centre est un projet facile qui ajoute une touche de couleur et de conception tout en augmentant la poign\u00e9e. L&rsquo;installation d&rsquo;un coureur est un travail de bricolage assez simple qui ne devrait pas prendre plus de quelques heures, mais vous pouvez simplifier la t\u00e2che en utilisant plut\u00f4t des marches de tapis \u00e0 la place &#8211; pas aussi dramatiques, mais ils ajoutent toujours de la dimension et de la s\u00e9curit\u00e9 \u00e0 vos escaliers .<\/p>\n<p>Si vous allez avec un coureur complet, vous pouvez ajouter assez facilement les tiges d&rsquo;escalier pour une touche de conception suppl\u00e9mentaire. Les tiges d&rsquo;escalier sont une touche classique qui aide \u00e9galement \u00e0 maintenir votre coureur en place afin qu&rsquo;il ne glisse pas et ne tire pas avec le temps, ce qui peut \u00eatre \u00e0 la fois un probl\u00e8me de s\u00e9curit\u00e9 et moche que diable.<\/p>\n<h2 id=\"tread-caps\">Casquettes<\/h2>\n<p>Vous pouvez jazz up Builder-Basic States sans les arracher ou les poncer et les tacher en utilisant des capuchons de bande de roulement. Ce sont de minces facettes qui glissent sur vos marches existantes, cachant instantan\u00e9ment des d\u00e9fauts et modifiant l&rsquo;ensemble et la sensation de vos escaliers. Il s&rsquo;agit d&rsquo;un travail de bricolage assez facile, mais vous devrez couper les bouchons pour s&rsquo;adapter \u00e0 vos escaliers.<\/p>\n<p><script async src=\"\/\/www.tiktok.com\/embed.js\"><\/script><\/p>\n","protected":false},"excerpt":{"rendered":"<p>Rendre ces anciens escaliers alt\u00e9r\u00e9s \u00e0 nouveau spectaculaires. Beaucoup d&rsquo;entre nous ont des escaliers dans notre maison qui pourraient utiliser un peu de cure de<\/p>\n","protected":false},"author":1,"featured_media":5343,"comment_status":"","ping_status":"","sticky":false,"template":"","format":"standard","meta":{"footnotes":""},"categories":[40],"tags":[1036,5500,912,119,1523,1182,3540,8],"class_list":["post-5342","post","type-post","status-publish","format-standard","has-post-thumbnail","hentry","category-maison","tag-bon","tag-escalier","tag-faciles","tag-facons","tag-marche","tag-mettre","tag-niveau","tag-votre","generate-columns","tablet-grid-50","mobile-grid-100","grid-parent","grid-33"],"yoast_head":"<!-- This site is optimized with the Yoast SEO plugin v24.0 - https:\/\/yoast.com\/wordpress\/plugins\/seo\/ -->\n<title>Six fa\u00e7ons faciles et bon march\u00e9 de mettre \u00e0 niveau votre escalier | Vie Associative<\/title>\n<meta name=\"robots\" content=\"index, follow, max-snippet:-1, max-image-preview:large, max-video-preview:-1\" \/>\n<link rel=\"canonical\" href=\"https:\/\/vieassociative.be\/actualites\/six-facons-faciles-et-bon-marche-de-mettre-a-niveau-votre-escalier\/\" \/>\n<meta property=\"og:locale\" content=\"fr_FR\" \/>\n<meta property=\"og:type\" content=\"article\" \/>\n<meta property=\"og:title\" content=\"Six fa\u00e7ons faciles et bon march\u00e9 de mettre \u00e0 niveau votre escalier | Vie Associative\" \/>\n<meta property=\"og:description\" content=\"Rendre ces anciens escaliers alt\u00e9r\u00e9s \u00e0 nouveau spectaculaires. Beaucoup d&rsquo;entre nous ont des escaliers dans notre maison qui pourraient utiliser un peu de cure de\" \/>\n<meta property=\"og:url\" content=\"https:\/\/vieassociative.be\/actualites\/six-facons-faciles-et-bon-marche-de-mettre-a-niveau-votre-escalier\/\" \/>\n<meta property=\"og:site_name\" content=\"Vie Associative\" \/>\n<meta property=\"article:published_time\" content=\"2025-02-23T05:17:08+00:00\" \/>\n<meta property=\"og:image\" content=\"https:\/\/vieassociative.be\/actualites\/wp-content\/uploads\/2024\/09\/header_backgroundk-01-e1726694325946.png\" \/>\n\t<meta property=\"og:image:width\" content=\"279\" \/>\n\t<meta property=\"og:image:height\" content=\"92\" \/>\n\t<meta property=\"og:image:type\" content=\"image\/png\" \/>\n<meta name=\"author\" content=\"Julien\" \/>\n<meta name=\"twitter:card\" content=\"summary_large_image\" \/>\n<meta name=\"twitter:label1\" content=\"\u00c9crit par\" \/>\n\t<meta name=\"twitter:data1\" content=\"Julien\" \/>\n\t<meta name=\"twitter:label2\" content=\"Dur\u00e9e de lecture est.\" \/>\n\t<meta name=\"twitter:data2\" content=\"5 minutes\" \/>\n<script type=\"application\/ld+json\" class=\"yoast-schema-graph\">{\"@context\":\"https:\/\/schema.org\",\"@graph\":[{\"@type\":\"Article\",\"@id\":\"https:\/\/vieassociative.be\/actualites\/six-facons-faciles-et-bon-marche-de-mettre-a-niveau-votre-escalier\/#article\",\"isPartOf\":{\"@id\":\"https:\/\/vieassociative.be\/actualites\/six-facons-faciles-et-bon-marche-de-mettre-a-niveau-votre-escalier\/\"},\"author\":{\"name\":\"Julien\",\"@id\":\"https:\/\/vieassociative.be\/actualites\/#\/schema\/person\/b87ac4f82f9d4e7b7cec7395b679edc4\"},\"headline\":\"Six fa\u00e7ons faciles et bon march\u00e9 de mettre \u00e0 niveau votre escalier\",\"datePublished\":\"2025-02-23T05:17:08+00:00\",\"dateModified\":\"2025-02-23T05:17:08+00:00\",\"mainEntityOfPage\":{\"@id\":\"https:\/\/vieassociative.be\/actualites\/six-facons-faciles-et-bon-marche-de-mettre-a-niveau-votre-escalier\/\"},\"wordCount\":1002,\"publisher\":{\"@id\":\"https:\/\/vieassociative.be\/actualites\/#organization\"},\"image\":{\"@id\":\"https:\/\/vieassociative.be\/actualites\/six-facons-faciles-et-bon-marche-de-mettre-a-niveau-votre-escalier\/#primaryimage\"},\"thumbnailUrl\":\"https:\/\/vieassociative.be\/actualites\/wp-content\/uploads\/2025\/02\/Six-facons-faciles-et-bon-marche-de-mettre-a-niveau.png\",\"keywords\":[\"bon\",\"escalier\",\"faciles\",\"fa\u00e7ons\",\"march\u00e9\",\"mettre\",\"niveau\",\"votre\"],\"articleSection\":[\"Maison\"],\"inLanguage\":\"fr-BE\"},{\"@type\":\"WebPage\",\"@id\":\"https:\/\/vieassociative.be\/actualites\/six-facons-faciles-et-bon-marche-de-mettre-a-niveau-votre-escalier\/\",\"url\":\"https:\/\/vieassociative.be\/actualites\/six-facons-faciles-et-bon-marche-de-mettre-a-niveau-votre-escalier\/\",\"name\":\"Six fa\u00e7ons faciles et bon march\u00e9 de mettre \u00e0 niveau votre escalier | Vie Associative\",\"isPartOf\":{\"@id\":\"https:\/\/vieassociative.be\/actualites\/#website\"},\"primaryImageOfPage\":{\"@id\":\"https:\/\/vieassociative.be\/actualites\/six-facons-faciles-et-bon-marche-de-mettre-a-niveau-votre-escalier\/#primaryimage\"},\"image\":{\"@id\":\"https:\/\/vieassociative.be\/actualites\/six-facons-faciles-et-bon-marche-de-mettre-a-niveau-votre-escalier\/#primaryimage\"},\"thumbnailUrl\":\"https:\/\/vieassociative.be\/actualites\/wp-content\/uploads\/2025\/02\/Six-facons-faciles-et-bon-marche-de-mettre-a-niveau.png\",\"datePublished\":\"2025-02-23T05:17:08+00:00\",\"dateModified\":\"2025-02-23T05:17:08+00:00\",\"breadcrumb\":{\"@id\":\"https:\/\/vieassociative.be\/actualites\/six-facons-faciles-et-bon-marche-de-mettre-a-niveau-votre-escalier\/#breadcrumb\"},\"inLanguage\":\"fr-BE\",\"potentialAction\":[{\"@type\":\"ReadAction\",\"target\":[\"https:\/\/vieassociative.be\/actualites\/six-facons-faciles-et-bon-marche-de-mettre-a-niveau-votre-escalier\/\"]}]},{\"@type\":\"ImageObject\",\"inLanguage\":\"fr-BE\",\"@id\":\"https:\/\/vieassociative.be\/actualites\/six-facons-faciles-et-bon-marche-de-mettre-a-niveau-votre-escalier\/#primaryimage\",\"url\":\"https:\/\/vieassociative.be\/actualites\/wp-content\/uploads\/2025\/02\/Six-facons-faciles-et-bon-marche-de-mettre-a-niveau.png\",\"contentUrl\":\"https:\/\/vieassociative.be\/actualites\/wp-content\/uploads\/2025\/02\/Six-facons-faciles-et-bon-marche-de-mettre-a-niveau.png\",\"width\":1200,\"height\":675,\"caption\":\"Six fa\u00e7ons faciles et bon march\u00e9 de mettre \u00e0 niveau votre escalier\"},{\"@type\":\"BreadcrumbList\",\"@id\":\"https:\/\/vieassociative.be\/actualites\/six-facons-faciles-et-bon-marche-de-mettre-a-niveau-votre-escalier\/#breadcrumb\",\"itemListElement\":[{\"@type\":\"ListItem\",\"position\":1,\"name\":\"Accueil\",\"item\":\"https:\/\/vieassociative.be\/actualites\/\"},{\"@type\":\"ListItem\",\"position\":2,\"name\":\"Six fa\u00e7ons faciles et bon march\u00e9 de mettre \u00e0 niveau votre escalier\"}]},{\"@type\":\"WebSite\",\"@id\":\"https:\/\/vieassociative.be\/actualites\/#website\",\"url\":\"https:\/\/vieassociative.be\/actualites\/\",\"name\":\"Vie Associative\",\"description\":\"\",\"publisher\":{\"@id\":\"https:\/\/vieassociative.be\/actualites\/#organization\"},\"potentialAction\":[{\"@type\":\"SearchAction\",\"target\":{\"@type\":\"EntryPoint\",\"urlTemplate\":\"https:\/\/vieassociative.be\/actualites\/?s={search_term_string}\"},\"query-input\":{\"@type\":\"PropertyValueSpecification\",\"valueRequired\":true,\"valueName\":\"search_term_string\"}}],\"inLanguage\":\"fr-BE\"},{\"@type\":\"Organization\",\"@id\":\"https:\/\/vieassociative.be\/actualites\/#organization\",\"name\":\"Vie Associative\",\"url\":\"https:\/\/vieassociative.be\/actualites\/\",\"logo\":{\"@type\":\"ImageObject\",\"inLanguage\":\"fr-BE\",\"@id\":\"https:\/\/vieassociative.be\/actualites\/#\/schema\/logo\/image\/\",\"url\":\"https:\/\/vieassociative.be\/actualites\/wp-content\/uploads\/2024\/09\/cropped-vieassociative_favicon.ico.png\",\"contentUrl\":\"https:\/\/vieassociative.be\/actualites\/wp-content\/uploads\/2024\/09\/cropped-vieassociative_favicon.ico.png\",\"width\":512,\"height\":512,\"caption\":\"Vie Associative\"},\"image\":{\"@id\":\"https:\/\/vieassociative.be\/actualites\/#\/schema\/logo\/image\/\"}},{\"@type\":\"Person\",\"@id\":\"https:\/\/vieassociative.be\/actualites\/#\/schema\/person\/b87ac4f82f9d4e7b7cec7395b679edc4\",\"name\":\"Julien\",\"image\":{\"@type\":\"ImageObject\",\"inLanguage\":\"fr-BE\",\"@id\":\"https:\/\/vieassociative.be\/actualites\/#\/schema\/person\/image\/\",\"url\":\"https:\/\/vieassociative.be\/actualites\/wp-content\/uploads\/2024\/09\/vie-associative-1-150x150.jpg\",\"contentUrl\":\"https:\/\/vieassociative.be\/actualites\/wp-content\/uploads\/2024\/09\/vie-associative-1-150x150.jpg\",\"caption\":\"Julien\"},\"description\":\"Je suis Julien, r\u00e9dacteur pour Vie Associative. Passionn\u00e9 par le monde associatif depuis plus de 10 ans, j'ai \u00e0 c\u0153ur de partager des histoires inspirantes et de mettre en lumi\u00e8re les initiatives locales. Mon objectif est de sensibiliser et d'encourager l'engagement communautaire \u00e0 travers mes articles.\",\"sameAs\":[\"https:\/\/vieassociative.be\/\"]}]}<\/script>\n<!-- \/ Yoast SEO plugin. -->","yoast_head_json":{"title":"Six fa\u00e7ons faciles et bon march\u00e9 de mettre \u00e0 niveau votre escalier | Vie Associative","robots":{"index":"index","follow":"follow","max-snippet":"max-snippet:-1","max-image-preview":"max-image-preview:large","max-video-preview":"max-video-preview:-1"},"canonical":"https:\/\/vieassociative.be\/actualites\/six-facons-faciles-et-bon-marche-de-mettre-a-niveau-votre-escalier\/","og_locale":"fr_FR","og_type":"article","og_title":"Six fa\u00e7ons faciles et bon march\u00e9 de mettre \u00e0 niveau votre escalier | Vie Associative","og_description":"Rendre ces anciens escaliers alt\u00e9r\u00e9s \u00e0 nouveau spectaculaires. Beaucoup d&rsquo;entre nous ont des escaliers dans notre maison qui pourraient utiliser un peu de cure de","og_url":"https:\/\/vieassociative.be\/actualites\/six-facons-faciles-et-bon-marche-de-mettre-a-niveau-votre-escalier\/","og_site_name":"Vie Associative","article_published_time":"2025-02-23T05:17:08+00:00","og_image":[{"width":279,"height":92,"url":"https:\/\/vieassociative.be\/actualites\/wp-content\/uploads\/2024\/09\/header_backgroundk-01-e1726694325946.png","type":"image\/png"}],"author":"Julien","twitter_card":"summary_large_image","twitter_misc":{"\u00c9crit par":"Julien","Dur\u00e9e de lecture est.":"5 minutes"},"schema":{"@context":"https:\/\/schema.org","@graph":[{"@type":"Article","@id":"https:\/\/vieassociative.be\/actualites\/six-facons-faciles-et-bon-marche-de-mettre-a-niveau-votre-escalier\/#article","isPartOf":{"@id":"https:\/\/vieassociative.be\/actualites\/six-facons-faciles-et-bon-marche-de-mettre-a-niveau-votre-escalier\/"},"author":{"name":"Julien","@id":"https:\/\/vieassociative.be\/actualites\/#\/schema\/person\/b87ac4f82f9d4e7b7cec7395b679edc4"},"headline":"Six fa\u00e7ons faciles et bon march\u00e9 de mettre \u00e0 niveau votre escalier","datePublished":"2025-02-23T05:17:08+00:00","dateModified":"2025-02-23T05:17:08+00:00","mainEntityOfPage":{"@id":"https:\/\/vieassociative.be\/actualites\/six-facons-faciles-et-bon-marche-de-mettre-a-niveau-votre-escalier\/"},"wordCount":1002,"publisher":{"@id":"https:\/\/vieassociative.be\/actualites\/#organization"},"image":{"@id":"https:\/\/vieassociative.be\/actualites\/six-facons-faciles-et-bon-marche-de-mettre-a-niveau-votre-escalier\/#primaryimage"},"thumbnailUrl":"https:\/\/vieassociative.be\/actualites\/wp-content\/uploads\/2025\/02\/Six-facons-faciles-et-bon-marche-de-mettre-a-niveau.png","keywords":["bon","escalier","faciles","fa\u00e7ons","march\u00e9","mettre","niveau","votre"],"articleSection":["Maison"],"inLanguage":"fr-BE"},{"@type":"WebPage","@id":"https:\/\/vieassociative.be\/actualites\/six-facons-faciles-et-bon-marche-de-mettre-a-niveau-votre-escalier\/","url":"https:\/\/vieassociative.be\/actualites\/six-facons-faciles-et-bon-marche-de-mettre-a-niveau-votre-escalier\/","name":"Six fa\u00e7ons faciles et bon march\u00e9 de mettre \u00e0 niveau votre escalier | Vie Associative","isPartOf":{"@id":"https:\/\/vieassociative.be\/actualites\/#website"},"primaryImageOfPage":{"@id":"https:\/\/vieassociative.be\/actualites\/six-facons-faciles-et-bon-marche-de-mettre-a-niveau-votre-escalier\/#primaryimage"},"image":{"@id":"https:\/\/vieassociative.be\/actualites\/six-facons-faciles-et-bon-marche-de-mettre-a-niveau-votre-escalier\/#primaryimage"},"thumbnailUrl":"https:\/\/vieassociative.be\/actualites\/wp-content\/uploads\/2025\/02\/Six-facons-faciles-et-bon-marche-de-mettre-a-niveau.png","datePublished":"2025-02-23T05:17:08+00:00","dateModified":"2025-02-23T05:17:08+00:00","breadcrumb":{"@id":"https:\/\/vieassociative.be\/actualites\/six-facons-faciles-et-bon-marche-de-mettre-a-niveau-votre-escalier\/#breadcrumb"},"inLanguage":"fr-BE","potentialAction":[{"@type":"ReadAction","target":["https:\/\/vieassociative.be\/actualites\/six-facons-faciles-et-bon-marche-de-mettre-a-niveau-votre-escalier\/"]}]},{"@type":"ImageObject","inLanguage":"fr-BE","@id":"https:\/\/vieassociative.be\/actualites\/six-facons-faciles-et-bon-marche-de-mettre-a-niveau-votre-escalier\/#primaryimage","url":"https:\/\/vieassociative.be\/actualites\/wp-content\/uploads\/2025\/02\/Six-facons-faciles-et-bon-marche-de-mettre-a-niveau.png","contentUrl":"https:\/\/vieassociative.be\/actualites\/wp-content\/uploads\/2025\/02\/Six-facons-faciles-et-bon-marche-de-mettre-a-niveau.png","width":1200,"height":675,"caption":"Six fa\u00e7ons faciles et bon march\u00e9 de mettre \u00e0 niveau votre escalier"},{"@type":"BreadcrumbList","@id":"https:\/\/vieassociative.be\/actualites\/six-facons-faciles-et-bon-marche-de-mettre-a-niveau-votre-escalier\/#breadcrumb","itemListElement":[{"@type":"ListItem","position":1,"name":"Accueil","item":"https:\/\/vieassociative.be\/actualites\/"},{"@type":"ListItem","position":2,"name":"Six fa\u00e7ons faciles et bon march\u00e9 de mettre \u00e0 niveau votre escalier"}]},{"@type":"WebSite","@id":"https:\/\/vieassociative.be\/actualites\/#website","url":"https:\/\/vieassociative.be\/actualites\/","name":"Vie Associative","description":"","publisher":{"@id":"https:\/\/vieassociative.be\/actualites\/#organization"},"potentialAction":[{"@type":"SearchAction","target":{"@type":"EntryPoint","urlTemplate":"https:\/\/vieassociative.be\/actualites\/?s={search_term_string}"},"query-input":{"@type":"PropertyValueSpecification","valueRequired":true,"valueName":"search_term_string"}}],"inLanguage":"fr-BE"},{"@type":"Organization","@id":"https:\/\/vieassociative.be\/actualites\/#organization","name":"Vie Associative","url":"https:\/\/vieassociative.be\/actualites\/","logo":{"@type":"ImageObject","inLanguage":"fr-BE","@id":"https:\/\/vieassociative.be\/actualites\/#\/schema\/logo\/image\/","url":"https:\/\/vieassociative.be\/actualites\/wp-content\/uploads\/2024\/09\/cropped-vieassociative_favicon.ico.png","contentUrl":"https:\/\/vieassociative.be\/actualites\/wp-content\/uploads\/2024\/09\/cropped-vieassociative_favicon.ico.png","width":512,"height":512,"caption":"Vie Associative"},"image":{"@id":"https:\/\/vieassociative.be\/actualites\/#\/schema\/logo\/image\/"}},{"@type":"Person","@id":"https:\/\/vieassociative.be\/actualites\/#\/schema\/person\/b87ac4f82f9d4e7b7cec7395b679edc4","name":"Julien","image":{"@type":"ImageObject","inLanguage":"fr-BE","@id":"https:\/\/vieassociative.be\/actualites\/#\/schema\/person\/image\/","url":"https:\/\/vieassociative.be\/actualites\/wp-content\/uploads\/2024\/09\/vie-associative-1-150x150.jpg","contentUrl":"https:\/\/vieassociative.be\/actualites\/wp-content\/uploads\/2024\/09\/vie-associative-1-150x150.jpg","caption":"Julien"},"description":"Je suis Julien, r\u00e9dacteur pour Vie Associative. Passionn\u00e9 par le monde associatif depuis plus de 10 ans, j'ai \u00e0 c\u0153ur de partager des histoires inspirantes et de mettre en lumi\u00e8re les initiatives locales. Mon objectif est de sensibiliser et d'encourager l'engagement communautaire \u00e0 travers mes articles.","sameAs":["https:\/\/vieassociative.be\/"]}]}},"_links":{"self":[{"href":"https:\/\/vieassociative.be\/actualites\/wp-json\/wp\/v2\/posts\/5342"}],"collection":[{"href":"https:\/\/vieassociative.be\/actualites\/wp-json\/wp\/v2\/posts"}],"about":[{"href":"https:\/\/vieassociative.be\/actualites\/wp-json\/wp\/v2\/types\/post"}],"author":[{"embeddable":true,"href":"https:\/\/vieassociative.be\/actualites\/wp-json\/wp\/v2\/users\/1"}],"replies":[{"embeddable":true,"href":"https:\/\/vieassociative.be\/actualites\/wp-json\/wp\/v2\/comments?post=5342"}],"version-history":[{"count":0,"href":"https:\/\/vieassociative.be\/actualites\/wp-json\/wp\/v2\/posts\/5342\/revisions"}],"wp:featuredmedia":[{"embeddable":true,"href":"https:\/\/vieassociative.be\/actualites\/wp-json\/wp\/v2\/media\/5343"}],"wp:attachment":[{"href":"https:\/\/vieassociative.be\/actualites\/wp-json\/wp\/v2\/media?parent=5342"}],"wp:term":[{"taxonomy":"category","embeddable":true,"href":"https:\/\/vieassociative.be\/actualites\/wp-json\/wp\/v2\/categories?post=5342"},{"taxonomy":"post_tag","embeddable":true,"href":"https:\/\/vieassociative.be\/actualites\/wp-json\/wp\/v2\/tags?post=5342"}],"curies":[{"name":"wp","href":"https:\/\/api.w.org\/{rel}","templated":true}]}}