{"id":5338,"date":"2025-02-23T03:17:41","date_gmt":"2025-02-23T02:17:41","guid":{"rendered":"https:\/\/vieassociative.be\/actualites\/jan-gorenc-premier-accident-de-raven-puis-sauveur-dans-le-2-2-de-las-eupen-contre-le-u23-du-rsc-anderlecht\/"},"modified":"2025-02-23T03:17:41","modified_gmt":"2025-02-23T02:17:41","slug":"jan-gorenc-premier-accident-de-raven-puis-sauveur-dans-le-2-2-de-las-eupen-contre-le-u23-du-rsc-anderlecht","status":"publish","type":"post","link":"https:\/\/vieassociative.be\/actualites\/jan-gorenc-premier-accident-de-raven-puis-sauveur-dans-le-2-2-de-las-eupen-contre-le-u23-du-rsc-anderlecht\/","title":{"rendered":"Jan Gorenc Premier accident de Raven puis Sauveur dans le 2-2 de l&rsquo;As Eupen contre le U23 du RSC Anderlecht"},"content":{"rendered":"<p><strong>L&rsquo;As Eupen a jou\u00e9 2-2 samedi contre l&rsquo;U23 du RSC Anderlecht. Le d\u00e9fenseur Jan Gorenc n&rsquo;\u00e9tait que la rave de l&rsquo;accident lorsque le Slov\u00e8ne est tomb\u00e9 \u00e0 la 38e minute le ballon dans son propre but \u00e0 0: 1, mais a marqu\u00e9 le but \u00e0 la 88e minute.<\/strong><\/p>\n<p><span id=\"more-408794\"><\/span>Il semble que de moins en moins de spectateurs trouvent leur chemin vers le stade Kehrweg du match \u00e0 domicile au match \u00e0 domicile. Les quatre nouveaux ajouts de l&rsquo;AS ont commenc\u00e9 le jeu sur le banc. Selon l&rsquo;entra\u00eeneur Mersad Seimbegovic, vous manquez toujours de la forme physique n\u00e9cessaire.<\/p>\n<p>L&rsquo;Eupen commence \u00e0 onze: Renner-Van Genecht, Gorenc, Paeshuyse, Alloh-Keita, D\u00e9om, Pantovic, Caliskan-Charles-Cook, Gedikli.<\/p>\n<\/p>\n<div id=\"attachment_401490\" class=\"wp-caption alignleft\" style=\"max-width: 300px\"><img fetchpriority=\"high\" decoding=\"async\" class=\"wp-image-401490 size-medium\" src=\"https:\/\/vieassociative.be\/actualites\/wp-content\/uploads\/2024\/11\/Desespere-lAS-Eupen-perd-04-alors-quil-est-en-inferiorite.jpg\" alt=\"\" width=\"300\" height=\"200\"  ><\/p>\n<p class=\"wp-caption-text\">Alors que le d\u00e9fenseur Jan Gorenc a falsifi\u00e9 le ballon d&rsquo;Enzo Sternal dans son propre r\u00e9seau \u00e0 0: 1. Dans la phase finale, cependant, il a marqu\u00e9 le but \u00e0 2-2. Photo: Belga<\/p>\n<\/div>\n<p>Au RSC Anderlecht, Marco Kanna n&rsquo;\u00e9tait qu&rsquo;un joueur bien connu dans la formation initiale. Le joueur de 22 ans fait partie de l&rsquo;\u00e9quipe de la premi\u00e8re \u00e9quipe des champions record.<\/p>\n<p>Soit dit en passant, m\u00eame le pr\u00e9sident du club du champion record, Wouter Vandenhaute, est venu \u00e0 Eupen pour voir son U23 contre la rel\u00e9gation de la premi\u00e8re division en action.<\/p>\n<p>Au cours de la premi\u00e8re demi-heure, il n&rsquo;y avait pas de sc\u00e8ne de porte \u00e0 mentionner. Ce n&rsquo;est qu&rsquo;\u00e0 la 31e minute qu&rsquo;il y avait quelque chose comme un danger avant un coup avec un tir d&rsquo;Ure, que le gardien AS pouvait facilement parier. <\/p>\n<p>Mais \u00e0 la 37e minute, c&rsquo;est arriv\u00e9, parce que les invit\u00e9s d&rsquo;Anderlecht ont pris les devants de Sternal en t\u00eate de son d\u00e9fenseur Gorenc dans son propre but.<\/p>\n<p>Malgr\u00e9 la premi\u00e8re moiti\u00e9 tr\u00e8s faible de l&rsquo;\u00e9quipe d&rsquo;Eupen, l&rsquo;entra\u00eeneur Selimbegovic n&rsquo;a pas chang\u00e9 au d\u00e9but du deuxi\u00e8me tour. Les quatre nouveaux ajouts sont rest\u00e9s sur le banc pour le moment. Avec Majeed Ashimeru, un nom bien connu de la premi\u00e8re \u00e9quipe des \u00abViolets\u00bb a \u00e9t\u00e9 remplac\u00e9 par Anderlecht.<\/p>\n<div id=\"attachment_400721\" class=\"wp-caption alignnone\" style=\"max-width: 300px\"><img decoding=\"async\" class=\"size-medium wp-image-400721\" src=\"https:\/\/vieassociative.be\/actualites\/wp-content\/uploads\/2024\/10\/LAS-Eupen-resiste-pendant-une-heure-face-au-champion-en.jpg\" alt=\"\" width=\"300\" height=\"200\"  ><\/p>\n<p class=\"wp-caption-text\">L&rsquo;attaquant d&rsquo;Eupen, Emerehan Gedikli, a donn\u00e9 une grande chance en seconde p\u00e9riode. Photo: Belga<\/p>\n<\/div>\n<p>Il \u00e9tait d&rsquo;autant plus surprenant que \u00e0 la 47e minute par un tir de la rotation du d\u00e9som, l&rsquo;\u00e9galisation a \u00e9t\u00e9 faite 1: 1. L&rsquo;\u00e9OME s&rsquo;est r\u00e9compens\u00e9 pour sa forte performance combative en premi\u00e8re mi-temps, dans laquelle il \u00e9tait probablement le seul Eupener qui savait comment convaincre, 1-1.<\/p>\n<p>\u00c0 la 55e minute, Gedikli aurait d\u00fb donner la t\u00eate apr\u00e8s un flanc parfait de Caliskan Eupen, mais l&rsquo;attaquant en tant qu&rsquo;attaquant a chass\u00e9 le ballon dans les nuages. Eupen a d\u00e9cern\u00e9 une autre grande chance \u00e0 la 66e minute lorsque les deux ont substitu\u00e9 Wedingo et Ejike n&rsquo;ont pas pu accueillir le ballon dans le but d&rsquo;Anderlecht. <\/p>\n<p>Dans tous les cas, l&rsquo;AS \u00e9tait significativement meilleur au premier tour, m\u00eame si les invit\u00e9s d&rsquo;Anderlecht ont continu\u00e9 \u00e0 jouer en avant et \u00e0 donner un danger.<\/p>\n<p>\u00c0 la 72e minute, un troisi\u00e8me nouvel ajout a \u00e9t\u00e9 remplac\u00e9 par Hendrickx. L&rsquo;ancien joueur de Charleroi et Deinze est venu pour Pantovic, qui avait auparavant vu Yellow pour une hirondelle.<\/p>\n<p>\u00c0 la 78e minute, cependant, c&rsquo;est un URE qui a amen\u00e9 les invit\u00e9s 1-2.<\/p>\n<p>\u00c0 la 85e minute, comme Emond et Pattynama pour Keita et Alloh. \u00c0 la 88e minute, l&rsquo;As a atteint l&rsquo;\u00e9galisation m\u00e9rit\u00e9e par Gorenc, qui avait malheureusement d\u00e9vi\u00e9 le ballon dans son propre objectif pour 0: 1. Avec Emond, le Slov\u00e8ne a saisi le ballon apr\u00e8s un d\u00e9fil\u00e9 du gardien d&rsquo;Anderlecht peu de temps avant la ligne de but et l&rsquo;a balay\u00e9 dans le filet \u00e0 2-2. Gorenc a \u00e9t\u00e9 initialement officiellement jou\u00e9 comme marqueur. La rencontre s&rsquo;est donc termin\u00e9e comme la premi\u00e8re \u00e9tape.<\/p>\n<p>En raison de la victoire tardive, comme nous a emp\u00each\u00e9 une autre d\u00e9faite et \u00e9largi son avance sur Jong Genk et la seule zone de rel\u00e9gation \u00e0 7 points. Le vendredi prochain \u00e0 20 h.<\/p>\n","protected":false},"excerpt":{"rendered":"<p>L&rsquo;As Eupen a jou\u00e9 2-2 samedi contre l&rsquo;U23 du RSC Anderlecht. Le d\u00e9fenseur Jan Gorenc n&rsquo;\u00e9tait que la rave de l&rsquo;accident lorsque le Slov\u00e8ne est<\/p>\n","protected":false},"author":1,"featured_media":5339,"comment_status":"","ping_status":"","sticky":false,"template":"","format":"standard","meta":{"footnotes":""},"categories":[298],"tags":[3013,2623,796,166,2329,5492,5491,2353,443,402,5493,2622,5494,2621],"class_list":["post-5338","post","type-post","status-publish","format-standard","has-post-thumbnail","hentry","category-belgique","tag-accident","tag-anderlecht","tag-contre","tag-dans","tag-eupen","tag-gorenc","tag-jan","tag-las","tag-premier","tag-puis","tag-raven","tag-rsc","tag-sauveur","tag-u23","generate-columns","tablet-grid-50","mobile-grid-100","grid-parent","grid-33"],"yoast_head":"<!-- This site is optimized with the Yoast SEO plugin v24.0 - https:\/\/yoast.com\/wordpress\/plugins\/seo\/ -->\n<title>Jan Gorenc Premier accident de Raven puis Sauveur dans le 2-2 de l&#039;As Eupen contre le U23 du RSC Anderlecht | Vie Associative<\/title>\n<meta name=\"robots\" content=\"index, follow, max-snippet:-1, max-image-preview:large, max-video-preview:-1\" \/>\n<link rel=\"canonical\" href=\"https:\/\/vieassociative.be\/actualites\/jan-gorenc-premier-accident-de-raven-puis-sauveur-dans-le-2-2-de-las-eupen-contre-le-u23-du-rsc-anderlecht\/\" \/>\n<meta property=\"og:locale\" content=\"fr_FR\" \/>\n<meta property=\"og:type\" content=\"article\" \/>\n<meta property=\"og:title\" content=\"Jan Gorenc Premier accident de Raven puis Sauveur dans le 2-2 de l&#039;As Eupen contre le U23 du RSC Anderlecht | Vie Associative\" \/>\n<meta property=\"og:description\" content=\"L&rsquo;As Eupen a jou\u00e9 2-2 samedi contre l&rsquo;U23 du RSC Anderlecht. Le d\u00e9fenseur Jan Gorenc n&rsquo;\u00e9tait que la rave de l&rsquo;accident lorsque le Slov\u00e8ne est\" \/>\n<meta property=\"og:url\" content=\"https:\/\/vieassociative.be\/actualites\/jan-gorenc-premier-accident-de-raven-puis-sauveur-dans-le-2-2-de-las-eupen-contre-le-u23-du-rsc-anderlecht\/\" \/>\n<meta property=\"og:site_name\" content=\"Vie Associative\" \/>\n<meta property=\"article:published_time\" content=\"2025-02-23T02:17:41+00:00\" \/>\n<meta property=\"og:image\" content=\"https:\/\/vieassociative.be\/actualites\/wp-content\/uploads\/2024\/09\/header_backgroundk-01-e1726694325946.png\" \/>\n\t<meta property=\"og:image:width\" content=\"279\" \/>\n\t<meta property=\"og:image:height\" content=\"92\" \/>\n\t<meta property=\"og:image:type\" content=\"image\/png\" \/>\n<meta name=\"author\" content=\"Julien\" \/>\n<meta name=\"twitter:card\" content=\"summary_large_image\" \/>\n<meta name=\"twitter:label1\" content=\"\u00c9crit par\" \/>\n\t<meta name=\"twitter:data1\" content=\"Julien\" \/>\n\t<meta name=\"twitter:label2\" content=\"Dur\u00e9e de lecture est.\" \/>\n\t<meta name=\"twitter:data2\" content=\"3 minutes\" \/>\n<script type=\"application\/ld+json\" class=\"yoast-schema-graph\">{\"@context\":\"https:\/\/schema.org\",\"@graph\":[{\"@type\":\"Article\",\"@id\":\"https:\/\/vieassociative.be\/actualites\/jan-gorenc-premier-accident-de-raven-puis-sauveur-dans-le-2-2-de-las-eupen-contre-le-u23-du-rsc-anderlecht\/#article\",\"isPartOf\":{\"@id\":\"https:\/\/vieassociative.be\/actualites\/jan-gorenc-premier-accident-de-raven-puis-sauveur-dans-le-2-2-de-las-eupen-contre-le-u23-du-rsc-anderlecht\/\"},\"author\":{\"name\":\"Julien\",\"@id\":\"https:\/\/vieassociative.be\/actualites\/#\/schema\/person\/b87ac4f82f9d4e7b7cec7395b679edc4\"},\"headline\":\"Jan Gorenc Premier accident de Raven puis Sauveur dans le 2-2 de l&rsquo;As Eupen contre le U23 du RSC Anderlecht\",\"datePublished\":\"2025-02-23T02:17:41+00:00\",\"dateModified\":\"2025-02-23T02:17:41+00:00\",\"mainEntityOfPage\":{\"@id\":\"https:\/\/vieassociative.be\/actualites\/jan-gorenc-premier-accident-de-raven-puis-sauveur-dans-le-2-2-de-las-eupen-contre-le-u23-du-rsc-anderlecht\/\"},\"wordCount\":708,\"publisher\":{\"@id\":\"https:\/\/vieassociative.be\/actualites\/#organization\"},\"image\":{\"@id\":\"https:\/\/vieassociative.be\/actualites\/jan-gorenc-premier-accident-de-raven-puis-sauveur-dans-le-2-2-de-las-eupen-contre-le-u23-du-rsc-anderlecht\/#primaryimage\"},\"thumbnailUrl\":\"https:\/\/vieassociative.be\/actualites\/wp-content\/uploads\/2025\/02\/Jan-Gorenc-Premier-accident-de-Raven-puis-Sauveur-dans-le.jpg\",\"keywords\":[\"accident\",\"Anderlecht\",\"contre\",\"dans\",\"Eupen\",\"Gorenc\",\"Jan\",\"lAS\",\"premier\",\"puis\",\"Raven\",\"RSC\",\"Sauveur\",\"U23\"],\"articleSection\":[\"Belgique\"],\"inLanguage\":\"fr-BE\"},{\"@type\":\"WebPage\",\"@id\":\"https:\/\/vieassociative.be\/actualites\/jan-gorenc-premier-accident-de-raven-puis-sauveur-dans-le-2-2-de-las-eupen-contre-le-u23-du-rsc-anderlecht\/\",\"url\":\"https:\/\/vieassociative.be\/actualites\/jan-gorenc-premier-accident-de-raven-puis-sauveur-dans-le-2-2-de-las-eupen-contre-le-u23-du-rsc-anderlecht\/\",\"name\":\"Jan Gorenc Premier accident de Raven puis Sauveur dans le 2-2 de l'As Eupen contre le U23 du RSC Anderlecht | Vie Associative\",\"isPartOf\":{\"@id\":\"https:\/\/vieassociative.be\/actualites\/#website\"},\"primaryImageOfPage\":{\"@id\":\"https:\/\/vieassociative.be\/actualites\/jan-gorenc-premier-accident-de-raven-puis-sauveur-dans-le-2-2-de-las-eupen-contre-le-u23-du-rsc-anderlecht\/#primaryimage\"},\"image\":{\"@id\":\"https:\/\/vieassociative.be\/actualites\/jan-gorenc-premier-accident-de-raven-puis-sauveur-dans-le-2-2-de-las-eupen-contre-le-u23-du-rsc-anderlecht\/#primaryimage\"},\"thumbnailUrl\":\"https:\/\/vieassociative.be\/actualites\/wp-content\/uploads\/2025\/02\/Jan-Gorenc-Premier-accident-de-Raven-puis-Sauveur-dans-le.jpg\",\"datePublished\":\"2025-02-23T02:17:41+00:00\",\"dateModified\":\"2025-02-23T02:17:41+00:00\",\"breadcrumb\":{\"@id\":\"https:\/\/vieassociative.be\/actualites\/jan-gorenc-premier-accident-de-raven-puis-sauveur-dans-le-2-2-de-las-eupen-contre-le-u23-du-rsc-anderlecht\/#breadcrumb\"},\"inLanguage\":\"fr-BE\",\"potentialAction\":[{\"@type\":\"ReadAction\",\"target\":[\"https:\/\/vieassociative.be\/actualites\/jan-gorenc-premier-accident-de-raven-puis-sauveur-dans-le-2-2-de-las-eupen-contre-le-u23-du-rsc-anderlecht\/\"]}]},{\"@type\":\"ImageObject\",\"inLanguage\":\"fr-BE\",\"@id\":\"https:\/\/vieassociative.be\/actualites\/jan-gorenc-premier-accident-de-raven-puis-sauveur-dans-le-2-2-de-las-eupen-contre-le-u23-du-rsc-anderlecht\/#primaryimage\",\"url\":\"https:\/\/vieassociative.be\/actualites\/wp-content\/uploads\/2025\/02\/Jan-Gorenc-Premier-accident-de-Raven-puis-Sauveur-dans-le.jpg\",\"contentUrl\":\"https:\/\/vieassociative.be\/actualites\/wp-content\/uploads\/2025\/02\/Jan-Gorenc-Premier-accident-de-Raven-puis-Sauveur-dans-le.jpg\",\"width\":1200,\"height\":806,\"caption\":\"Jan Gorenc Premier accident de Raven puis Sauveur dans le 2-2 de l'As Eupen contre le U23 du RSC Anderlecht\"},{\"@type\":\"BreadcrumbList\",\"@id\":\"https:\/\/vieassociative.be\/actualites\/jan-gorenc-premier-accident-de-raven-puis-sauveur-dans-le-2-2-de-las-eupen-contre-le-u23-du-rsc-anderlecht\/#breadcrumb\",\"itemListElement\":[{\"@type\":\"ListItem\",\"position\":1,\"name\":\"Accueil\",\"item\":\"https:\/\/vieassociative.be\/actualites\/\"},{\"@type\":\"ListItem\",\"position\":2,\"name\":\"Jan Gorenc Premier accident de Raven puis Sauveur dans le 2-2 de l&rsquo;As Eupen contre le U23 du RSC Anderlecht\"}]},{\"@type\":\"WebSite\",\"@id\":\"https:\/\/vieassociative.be\/actualites\/#website\",\"url\":\"https:\/\/vieassociative.be\/actualites\/\",\"name\":\"Vie Associative\",\"description\":\"\",\"publisher\":{\"@id\":\"https:\/\/vieassociative.be\/actualites\/#organization\"},\"potentialAction\":[{\"@type\":\"SearchAction\",\"target\":{\"@type\":\"EntryPoint\",\"urlTemplate\":\"https:\/\/vieassociative.be\/actualites\/?s={search_term_string}\"},\"query-input\":{\"@type\":\"PropertyValueSpecification\",\"valueRequired\":true,\"valueName\":\"search_term_string\"}}],\"inLanguage\":\"fr-BE\"},{\"@type\":\"Organization\",\"@id\":\"https:\/\/vieassociative.be\/actualites\/#organization\",\"name\":\"Vie Associative\",\"url\":\"https:\/\/vieassociative.be\/actualites\/\",\"logo\":{\"@type\":\"ImageObject\",\"inLanguage\":\"fr-BE\",\"@id\":\"https:\/\/vieassociative.be\/actualites\/#\/schema\/logo\/image\/\",\"url\":\"https:\/\/vieassociative.be\/actualites\/wp-content\/uploads\/2024\/09\/cropped-vieassociative_favicon.ico.png\",\"contentUrl\":\"https:\/\/vieassociative.be\/actualites\/wp-content\/uploads\/2024\/09\/cropped-vieassociative_favicon.ico.png\",\"width\":512,\"height\":512,\"caption\":\"Vie Associative\"},\"image\":{\"@id\":\"https:\/\/vieassociative.be\/actualites\/#\/schema\/logo\/image\/\"}},{\"@type\":\"Person\",\"@id\":\"https:\/\/vieassociative.be\/actualites\/#\/schema\/person\/b87ac4f82f9d4e7b7cec7395b679edc4\",\"name\":\"Julien\",\"image\":{\"@type\":\"ImageObject\",\"inLanguage\":\"fr-BE\",\"@id\":\"https:\/\/vieassociative.be\/actualites\/#\/schema\/person\/image\/\",\"url\":\"https:\/\/vieassociative.be\/actualites\/wp-content\/uploads\/2024\/09\/vie-associative-1-150x150.jpg\",\"contentUrl\":\"https:\/\/vieassociative.be\/actualites\/wp-content\/uploads\/2024\/09\/vie-associative-1-150x150.jpg\",\"caption\":\"Julien\"},\"description\":\"Je suis Julien, r\u00e9dacteur pour Vie Associative. Passionn\u00e9 par le monde associatif depuis plus de 10 ans, j'ai \u00e0 c\u0153ur de partager des histoires inspirantes et de mettre en lumi\u00e8re les initiatives locales. Mon objectif est de sensibiliser et d'encourager l'engagement communautaire \u00e0 travers mes articles.\",\"sameAs\":[\"https:\/\/vieassociative.be\/\"]}]}<\/script>\n<!-- \/ Yoast SEO plugin. -->","yoast_head_json":{"title":"Jan Gorenc Premier accident de Raven puis Sauveur dans le 2-2 de l'As Eupen contre le U23 du RSC Anderlecht | Vie Associative","robots":{"index":"index","follow":"follow","max-snippet":"max-snippet:-1","max-image-preview":"max-image-preview:large","max-video-preview":"max-video-preview:-1"},"canonical":"https:\/\/vieassociative.be\/actualites\/jan-gorenc-premier-accident-de-raven-puis-sauveur-dans-le-2-2-de-las-eupen-contre-le-u23-du-rsc-anderlecht\/","og_locale":"fr_FR","og_type":"article","og_title":"Jan Gorenc Premier accident de Raven puis Sauveur dans le 2-2 de l'As Eupen contre le U23 du RSC Anderlecht | Vie Associative","og_description":"L&rsquo;As Eupen a jou\u00e9 2-2 samedi contre l&rsquo;U23 du RSC Anderlecht. Le d\u00e9fenseur Jan Gorenc n&rsquo;\u00e9tait que la rave de l&rsquo;accident lorsque le Slov\u00e8ne est","og_url":"https:\/\/vieassociative.be\/actualites\/jan-gorenc-premier-accident-de-raven-puis-sauveur-dans-le-2-2-de-las-eupen-contre-le-u23-du-rsc-anderlecht\/","og_site_name":"Vie Associative","article_published_time":"2025-02-23T02:17:41+00:00","og_image":[{"width":279,"height":92,"url":"https:\/\/vieassociative.be\/actualites\/wp-content\/uploads\/2024\/09\/header_backgroundk-01-e1726694325946.png","type":"image\/png"}],"author":"Julien","twitter_card":"summary_large_image","twitter_misc":{"\u00c9crit par":"Julien","Dur\u00e9e de lecture est.":"3 minutes"},"schema":{"@context":"https:\/\/schema.org","@graph":[{"@type":"Article","@id":"https:\/\/vieassociative.be\/actualites\/jan-gorenc-premier-accident-de-raven-puis-sauveur-dans-le-2-2-de-las-eupen-contre-le-u23-du-rsc-anderlecht\/#article","isPartOf":{"@id":"https:\/\/vieassociative.be\/actualites\/jan-gorenc-premier-accident-de-raven-puis-sauveur-dans-le-2-2-de-las-eupen-contre-le-u23-du-rsc-anderlecht\/"},"author":{"name":"Julien","@id":"https:\/\/vieassociative.be\/actualites\/#\/schema\/person\/b87ac4f82f9d4e7b7cec7395b679edc4"},"headline":"Jan Gorenc Premier accident de Raven puis Sauveur dans le 2-2 de l&rsquo;As Eupen contre le U23 du RSC Anderlecht","datePublished":"2025-02-23T02:17:41+00:00","dateModified":"2025-02-23T02:17:41+00:00","mainEntityOfPage":{"@id":"https:\/\/vieassociative.be\/actualites\/jan-gorenc-premier-accident-de-raven-puis-sauveur-dans-le-2-2-de-las-eupen-contre-le-u23-du-rsc-anderlecht\/"},"wordCount":708,"publisher":{"@id":"https:\/\/vieassociative.be\/actualites\/#organization"},"image":{"@id":"https:\/\/vieassociative.be\/actualites\/jan-gorenc-premier-accident-de-raven-puis-sauveur-dans-le-2-2-de-las-eupen-contre-le-u23-du-rsc-anderlecht\/#primaryimage"},"thumbnailUrl":"https:\/\/vieassociative.be\/actualites\/wp-content\/uploads\/2025\/02\/Jan-Gorenc-Premier-accident-de-Raven-puis-Sauveur-dans-le.jpg","keywords":["accident","Anderlecht","contre","dans","Eupen","Gorenc","Jan","lAS","premier","puis","Raven","RSC","Sauveur","U23"],"articleSection":["Belgique"],"inLanguage":"fr-BE"},{"@type":"WebPage","@id":"https:\/\/vieassociative.be\/actualites\/jan-gorenc-premier-accident-de-raven-puis-sauveur-dans-le-2-2-de-las-eupen-contre-le-u23-du-rsc-anderlecht\/","url":"https:\/\/vieassociative.be\/actualites\/jan-gorenc-premier-accident-de-raven-puis-sauveur-dans-le-2-2-de-las-eupen-contre-le-u23-du-rsc-anderlecht\/","name":"Jan Gorenc Premier accident de Raven puis Sauveur dans le 2-2 de l'As Eupen contre le U23 du RSC Anderlecht | Vie Associative","isPartOf":{"@id":"https:\/\/vieassociative.be\/actualites\/#website"},"primaryImageOfPage":{"@id":"https:\/\/vieassociative.be\/actualites\/jan-gorenc-premier-accident-de-raven-puis-sauveur-dans-le-2-2-de-las-eupen-contre-le-u23-du-rsc-anderlecht\/#primaryimage"},"image":{"@id":"https:\/\/vieassociative.be\/actualites\/jan-gorenc-premier-accident-de-raven-puis-sauveur-dans-le-2-2-de-las-eupen-contre-le-u23-du-rsc-anderlecht\/#primaryimage"},"thumbnailUrl":"https:\/\/vieassociative.be\/actualites\/wp-content\/uploads\/2025\/02\/Jan-Gorenc-Premier-accident-de-Raven-puis-Sauveur-dans-le.jpg","datePublished":"2025-02-23T02:17:41+00:00","dateModified":"2025-02-23T02:17:41+00:00","breadcrumb":{"@id":"https:\/\/vieassociative.be\/actualites\/jan-gorenc-premier-accident-de-raven-puis-sauveur-dans-le-2-2-de-las-eupen-contre-le-u23-du-rsc-anderlecht\/#breadcrumb"},"inLanguage":"fr-BE","potentialAction":[{"@type":"ReadAction","target":["https:\/\/vieassociative.be\/actualites\/jan-gorenc-premier-accident-de-raven-puis-sauveur-dans-le-2-2-de-las-eupen-contre-le-u23-du-rsc-anderlecht\/"]}]},{"@type":"ImageObject","inLanguage":"fr-BE","@id":"https:\/\/vieassociative.be\/actualites\/jan-gorenc-premier-accident-de-raven-puis-sauveur-dans-le-2-2-de-las-eupen-contre-le-u23-du-rsc-anderlecht\/#primaryimage","url":"https:\/\/vieassociative.be\/actualites\/wp-content\/uploads\/2025\/02\/Jan-Gorenc-Premier-accident-de-Raven-puis-Sauveur-dans-le.jpg","contentUrl":"https:\/\/vieassociative.be\/actualites\/wp-content\/uploads\/2025\/02\/Jan-Gorenc-Premier-accident-de-Raven-puis-Sauveur-dans-le.jpg","width":1200,"height":806,"caption":"Jan Gorenc Premier accident de Raven puis Sauveur dans le 2-2 de l'As Eupen contre le U23 du RSC Anderlecht"},{"@type":"BreadcrumbList","@id":"https:\/\/vieassociative.be\/actualites\/jan-gorenc-premier-accident-de-raven-puis-sauveur-dans-le-2-2-de-las-eupen-contre-le-u23-du-rsc-anderlecht\/#breadcrumb","itemListElement":[{"@type":"ListItem","position":1,"name":"Accueil","item":"https:\/\/vieassociative.be\/actualites\/"},{"@type":"ListItem","position":2,"name":"Jan Gorenc Premier accident de Raven puis Sauveur dans le 2-2 de l&rsquo;As Eupen contre le U23 du RSC Anderlecht"}]},{"@type":"WebSite","@id":"https:\/\/vieassociative.be\/actualites\/#website","url":"https:\/\/vieassociative.be\/actualites\/","name":"Vie Associative","description":"","publisher":{"@id":"https:\/\/vieassociative.be\/actualites\/#organization"},"potentialAction":[{"@type":"SearchAction","target":{"@type":"EntryPoint","urlTemplate":"https:\/\/vieassociative.be\/actualites\/?s={search_term_string}"},"query-input":{"@type":"PropertyValueSpecification","valueRequired":true,"valueName":"search_term_string"}}],"inLanguage":"fr-BE"},{"@type":"Organization","@id":"https:\/\/vieassociative.be\/actualites\/#organization","name":"Vie Associative","url":"https:\/\/vieassociative.be\/actualites\/","logo":{"@type":"ImageObject","inLanguage":"fr-BE","@id":"https:\/\/vieassociative.be\/actualites\/#\/schema\/logo\/image\/","url":"https:\/\/vieassociative.be\/actualites\/wp-content\/uploads\/2024\/09\/cropped-vieassociative_favicon.ico.png","contentUrl":"https:\/\/vieassociative.be\/actualites\/wp-content\/uploads\/2024\/09\/cropped-vieassociative_favicon.ico.png","width":512,"height":512,"caption":"Vie Associative"},"image":{"@id":"https:\/\/vieassociative.be\/actualites\/#\/schema\/logo\/image\/"}},{"@type":"Person","@id":"https:\/\/vieassociative.be\/actualites\/#\/schema\/person\/b87ac4f82f9d4e7b7cec7395b679edc4","name":"Julien","image":{"@type":"ImageObject","inLanguage":"fr-BE","@id":"https:\/\/vieassociative.be\/actualites\/#\/schema\/person\/image\/","url":"https:\/\/vieassociative.be\/actualites\/wp-content\/uploads\/2024\/09\/vie-associative-1-150x150.jpg","contentUrl":"https:\/\/vieassociative.be\/actualites\/wp-content\/uploads\/2024\/09\/vie-associative-1-150x150.jpg","caption":"Julien"},"description":"Je suis Julien, r\u00e9dacteur pour Vie Associative. Passionn\u00e9 par le monde associatif depuis plus de 10 ans, j'ai \u00e0 c\u0153ur de partager des histoires inspirantes et de mettre en lumi\u00e8re les initiatives locales. Mon objectif est de sensibiliser et d'encourager l'engagement communautaire \u00e0 travers mes articles.","sameAs":["https:\/\/vieassociative.be\/"]}]}},"_links":{"self":[{"href":"https:\/\/vieassociative.be\/actualites\/wp-json\/wp\/v2\/posts\/5338"}],"collection":[{"href":"https:\/\/vieassociative.be\/actualites\/wp-json\/wp\/v2\/posts"}],"about":[{"href":"https:\/\/vieassociative.be\/actualites\/wp-json\/wp\/v2\/types\/post"}],"author":[{"embeddable":true,"href":"https:\/\/vieassociative.be\/actualites\/wp-json\/wp\/v2\/users\/1"}],"replies":[{"embeddable":true,"href":"https:\/\/vieassociative.be\/actualites\/wp-json\/wp\/v2\/comments?post=5338"}],"version-history":[{"count":0,"href":"https:\/\/vieassociative.be\/actualites\/wp-json\/wp\/v2\/posts\/5338\/revisions"}],"wp:featuredmedia":[{"embeddable":true,"href":"https:\/\/vieassociative.be\/actualites\/wp-json\/wp\/v2\/media\/5339"}],"wp:attachment":[{"href":"https:\/\/vieassociative.be\/actualites\/wp-json\/wp\/v2\/media?parent=5338"}],"wp:term":[{"taxonomy":"category","embeddable":true,"href":"https:\/\/vieassociative.be\/actualites\/wp-json\/wp\/v2\/categories?post=5338"},{"taxonomy":"post_tag","embeddable":true,"href":"https:\/\/vieassociative.be\/actualites\/wp-json\/wp\/v2\/tags?post=5338"}],"curies":[{"name":"wp","href":"https:\/\/api.w.org\/{rel}","templated":true}]}}