{"id":5332,"date":"2025-02-22T23:17:52","date_gmt":"2025-02-22T22:17:52","guid":{"rendered":"https:\/\/vieassociative.be\/actualites\/le-guide-des-adultes-hors-contact-de-la-culture-des-enfants-rot-du-cerveau\/"},"modified":"2025-02-22T23:17:52","modified_gmt":"2025-02-22T22:17:52","slug":"le-guide-des-adultes-hors-contact-de-la-culture-des-enfants-rot-du-cerveau","status":"publish","type":"post","link":"https:\/\/vieassociative.be\/actualites\/le-guide-des-adultes-hors-contact-de-la-culture-des-enfants-rot-du-cerveau\/","title":{"rendered":"Le guide des adultes hors contact de la culture des enfants: \u00abRot du cerveau\u00bb"},"content":{"rendered":"<div class=\"mt-4 leading-6 md:mb-8\">Trois questions que les enfants posent cette semaine: \u00ab\u00a0Avez-vous la pourriture du cerveau?\u00a0\u00bb \u00ab\u00a0Voulez-vous rembourser ma dette avec des clics tiktok?\u00a0\u00bb et \u00ab\u00a0Qui veut aller aux Four Seasons Orlando?\u00a0\u00bb<\/div>\n<p><\/p>\n<p>Les jeunes sont partout sur la carte cette semaine. Du c\u00f4t\u00e9 n\u00e9gatif: beaucoup d&rsquo;enfants se donnent une pourriture du cerveau. D&rsquo;autres tombent dans les sch\u00e9mas Internet \u00abSuivez le train\u00bb s\u00e9culaires. Du c\u00f4t\u00e9 positif, certains enfants font de la bonne musique, et m\u00eame les petits b\u00e9b\u00e9s aident leurs familles \u00e0 faire des voyages gratuits dans des stations ch\u00e8res en \u00e9tant adorables. <\/p>\n<h2 id=\"what-is-brain-rot\">Qu&rsquo;est-ce que la \u00abpourriture du cerveau?\u00bb<\/h2>\n<p>L&rsquo;utilisation de l&rsquo;expression \u00abpourriture du cerveau\u00bb (ou \u00abcerveau\u00bb) d\u00e9colle chez les jeunes. Voici ce que cela signifie: \u00ab\u00a0Rot du cerveau\u00a0\u00bb est un terme d&rsquo;argot d\u00e9sobligeant qui d\u00e9crit le stupide qui vient cens\u00e9 passer trop de temps en ligne. Il est subtilement diff\u00e9rent d&rsquo;une phrase comme \u00ab\u00a0chroniquement en ligne\u00a0\u00bb car elle d\u00e9crit passer du temps en ligne d&rsquo;une mani\u00e8re sp\u00e9cifique: consommer autant de m\u00e8mes et de slogans que vous devenez incapable de communiquer avec les autres. Il est souvent utilis\u00e9 comme une fa\u00e7on de dire \u00ab\u00a0vous \u00eates si loin \u00e0 l&rsquo;int\u00e9rieur de votre propre bulle que vous ne r\u00e9alisez pas \u00e0 quel point vous \u00eates bizarre.\u00a0\u00bb <\/p>\n<p>Assez simple, non? Mais au niveau de la m\u00e9ta, la \u00ab\u00a0pourriture du cerveau\u00a0\u00bb a \u00e9galement d\u00e9crit la cr\u00e9ation et la publication de m\u00e8mes intentionnellement d\u00e9nu\u00e9s de sens qui \u00e9voquent le sentiment que les gens re\u00e7oivent de ne pas comprendre le contenu ray\u00e9 du cerveau. Ou peut-\u00eatre que c&rsquo;est pour inciter les gens \u00e0 penser qu&rsquo;il y a un sens qu&rsquo;ils ne comprennent pas. Par exemple, ce m\u00e8me avec une photo de Donald Trump \u00e9tiquet\u00e9 \u00ab\u00a0N * GGAS m&rsquo;appelle\u00a0\u00bb le sandwich \u00ab\u00a0\u00a0\u00bb accompagn\u00e9 d&rsquo;un clip de Bryan Cranston dans un quatuor de salon de coiffure dansant sur <em>Saturday Night Live<\/em> Situ\u00e9 sur une bande originale de guitare plaintive. C&rsquo;est un peu comme un art contemporain des ann\u00e9es 1990: il a une forme identifiable qui est traditionnellement utilis\u00e9e pour commenter la condition humaine d&rsquo;une mani\u00e8re ou d&rsquo;une autre, et il a des \u00e9l\u00e9ments qui <em>sembler<\/em> Comme s&rsquo;ils pouvaient \u00ab\u00a0dire quelque chose\u00a0\u00bb, mais il a \u00e9t\u00e9 d\u00e9lib\u00e9r\u00e9ment cr\u00e9\u00e9 pour rien dire &#8211; toute interpr\u00e9tation qui s&rsquo;\u00e9tend au-del\u00e0 de la chose elle-m\u00eame vient de vous, pas de l&rsquo;art \/ m\u00e8me. (Au moins, je <em>pense<\/em> C&rsquo;est ce qui se passe ici.)<\/p>\n<p>Si ce n&rsquo;est pas suffisant pour la pourriture du cerveau pour vous, vous pouvez creuser dans la section des commentaires sur le m\u00e8me Trump \/ Cranston. Il regorge de milliers de commentaires d&rsquo;argot Internet non s\u00e9quentiels comme \u00ab\u00a0Sigma!\u00a0\u00bb \u00ab\u00a0Je me suis dirig\u00e9e vers \u00e7a\u00a0\u00bb et \u00ab\u00a0ch\u00e9rie, j&rsquo;ai envelopp\u00e9 les enfants.\u00a0\u00bb Les commentateurs (je pense?) Semblent se moquer des gens avec une pourriture du cerveau, mais en savoir assez sur toutes ces conneries pour se soucier de commenter indique un niveau encore plus profond de pourriture du cerveau. C&rsquo;est comme une de ces blagues o\u00f9 presque personne ne comprend la punchline, et si vous le faites, la blague est sur vous. <\/p>\n<h2 id=\"tiktokers-doomed-campaign-to-pay-off-each-others-debts-with-clicks\">Campagne condamn\u00e9e de Tiktokers pour rembourser les dettes les uns et les autres avec des clics<\/h2>\n<p>Un mouvement augmente sur Tiktok o\u00f9 les cr\u00e9ateurs essaient de s&rsquo;entraider les uns les autres \u00e0 payer des clics, des likes et des commentaires. Le programme de r\u00e9compense de contenu de Tiktok exige que les comptes aient au moins 10 000 abonn\u00e9s et versent soi-disant environ 1 $ pour 10 000 vues, donc les Tiktokers essaient de r\u00e9pondre aux exigences en publiant des vid\u00e9os avec l&rsquo;expression \u00ab\u00a0nous payons les dettes de l&rsquo;autre\u00a0\u00bb et une description de la quantit\u00e9 L&rsquo;argent dont ils ont besoin et pourquoi. Il y a pr\u00e8s de 16 millions de messages en utilisant le hashtag \u00abpayer les dettes de l&rsquo;autre\u00bb. Malheureusement, aucune de ces personnes n&rsquo;est susceptible de faire payer leurs dettes. <\/p>\n<p>Essayer d&rsquo;obtenir suffisamment de personnes pour regarder votre contenu, donc cela se transforme en argent n&rsquo;est pas nouveau sur Internet. C&rsquo;est un peu ce que tout le monde a toujours fait. Mais \u00ab\u00a0Suivez-moi et je vous suivrai\u00a0\u00bb ou \u00ab\u00a0Suivre le train\u00a0\u00bb a \u00e9t\u00e9 essay\u00e9 sur Twitter, Instagram, YouTube et toute autre plate-forme qui donne de l&rsquo;argent en fonction de l&rsquo;engagement, et n&rsquo;a jamais r\u00e9ussi. <\/p>\n<p>Bien que cela semble \u00eatre une bonne id\u00e9e, Tiktok (je suppose) <em>vouloir<\/em> \u00eatre d\u00e9pass\u00e9 de vid\u00e9os de personnes qui supplie les suit; Ce n&rsquo;est pas un contenu convaincant comme cette vid\u00e9o de fraises recouvertes de chocolat, et les abonn\u00e9s qui vous suivent, donc vous les suivez, ne vous engagera pas avec votre contenu d&rsquo;une mani\u00e8re que Tiktok aime. L&rsquo;algorithme de Tiktok s&rsquo;ajustera. Le mot \u00ab\u00a0suivez\u00a0\u00bb ou \u00ab\u00a0s&rsquo;il vous pla\u00eet suivez\u00a0\u00bb n&rsquo;est pas utilis\u00e9 dans ces vid\u00e9os car cela sera d\u00e9j\u00e0 en accord avec votre contenu, et ajustera l&rsquo;algorithme aux vid\u00e9os en quarantaine qui disent \u00ab\u00a0nous payons les dettes de l&rsquo;autre\u00a0\u00bb ou une phrase similaire a probablement d\u00e9j\u00e0 d\u00e9j\u00e0 arriv\u00e9. Dans le style classique de la pyramide, les seules personnes qui <em>pourrait<\/em> Voir un gain sont les comptes qui l&rsquo;ont fait en premier. Comme cette vid\u00e9o o\u00f9 Tiktoker Isaiah Snyder dit qu&rsquo;il pourrait sauver sa maison d&rsquo;enfance s&rsquo;il obtient 400 millions de vues. Il a d\u00e9j\u00e0 10 000 000 de vues &#8211; un salaire de 10 000 $. Les retardataires sont cependant condamn\u00e9s, et apprendront la le\u00e7on am\u00e8re qu&rsquo;il n&rsquo;y a pas de sch\u00e9mas riches riches riches en compte; Il n&rsquo;y a que des sch\u00e9mas de grenaill-rich. <\/p>\n<h2 id=\"irish-middle-school-children-release-the-song-of-the-summer\">Les enfants du coll\u00e8ge irlandais sortent la chanson de l&rsquo;\u00e9t\u00e9<\/h2>\n<div class=\"mx-auto mt-8 w-full max-w-4xl\">\n<div id=\"video-container-ZgtL1pWdbYA\"><\/div>\n<\/div>\n<p>Vous savez qui n&rsquo;a pas \u00e0 mendier des suites et des opinions? Membres de l&rsquo;\u00e9quipage de Kabin et de l&rsquo;\u00e9quipe de Lisdoonvarna. Ce groupe d&rsquo;artistes irlandais \u00e2g\u00e9s de 9 \u00e0 14 ans a r\u00e9cemment sorti \u00ab\u00a0The Spark\u00a0\u00bb, un banger d&rsquo;une piste de batterie et de basse qui devient virale sur X, Tiktok, Instagram, YouTube et partout ailleurs. La vid\u00e9o a \u00e9t\u00e9 cr\u00e9\u00e9e par Rhyme Island, une \u00ab\u00a0initiative de rap pour les jeunes\u00a0\u00bb pour promouvoir <em>Cruinni\u00fa na n\u00f3g,<\/em> La journ\u00e9e de cr\u00e9ativit\u00e9 de l&rsquo;Europe pour les jeunes, mais vous n&rsquo;avez pas \u00e0 l&rsquo;\u00e9couter parce que c&rsquo;est \u00ab\u00a0pour une bonne cause\u00a0\u00bb et vous n&rsquo;avez pas \u00e0 le qualifier en disant \u00ab\u00a0c&rsquo;est une bonne chanson, pour une chanson faite par les enfants. \u00a0\u00bb C&rsquo;est une confiture l\u00e9gitime. Ou peut-\u00eatre que je suis fou. Mais encore, il capture quelque chose d&rsquo;essentiel dans l&rsquo;\u00e9nergie et l&rsquo;intr\u00e9pidit\u00e9 de la jeunesse et m&rsquo;a fait bober la t\u00eate et me sentir heureux pendant quelques minutes. Ces accents sont les <em>meilleur<\/em>. <\/p>\n<h2 id=\"viral-video-of-the-week-fully-conscious-baby\">Vid\u00e9o virale de la semaine: b\u00e9b\u00e9 pleinement conscient<\/h2>\n<p>Le premier b\u00e9b\u00e9 \u00e0 devenir viral sur Internet \u00e9tait Dancing Baby, un morceau de CGI qui est devenu un m\u00e8me mondial en 1996, avant que le mot \u00ab\u00a0m\u00e8me\u00a0\u00bb ne soit largement utilis\u00e9. Le nouveau b\u00e9b\u00e9 viral est \u00ab\u00a0Baby pleinement conscient\u00a0\u00bb, star d&rsquo;une vid\u00e9o Tiktok \u00e9trangement convaincante de huit secondes. Dans ce document, la tante du b\u00e9b\u00e9, le tiktoker Stefanie O&rsquo;Brien, demande \u00e0 ses ni\u00e8ces: \u00ab\u00a0Qui veut aller aux Four Seasons Orlando?\u00a0\u00bb Un b\u00e9b\u00e9 pleinement conscient semble consid\u00e9rer la question pendant un moment, puis l\u00e8ve sa petite main et dit \u00ab\u00a0moi!\u00a0\u00bb D&rsquo;une mani\u00e8re qui semble beaucoup trop avanc\u00e9e pour son \u00e2ge. La vid\u00e9o a accumul\u00e9 des dizaines de millions de vues, inspir\u00e9 des tonnes de vid\u00e9os de r\u00e9ponse o\u00f9 les utilisateurs ont rempli les pens\u00e9es de b\u00e9b\u00e9 pleinement conscient, et se sont g\u00e9n\u00e9ralement g\u00e9n\u00e9ralement ravis tout le monde. Plus important encore, le Four Seasons Orlando a donn\u00e9 \u00e0 cette famille (sans aucun doute d\u00e9j\u00e0 riche) un voyage dans leur complexe. Tout le monde semblait passer un bon moment. <\/p>\n<p><script async src=\"\/\/www.instagram.com\/embed.js\"><\/script><script async src=\"\/\/www.tiktok.com\/embed.js\"><\/script><\/p>\n","protected":false},"excerpt":{"rendered":"<p>Trois questions que les enfants posent cette semaine: \u00ab\u00a0Avez-vous la pourriture du cerveau?\u00a0\u00bb \u00ab\u00a0Voulez-vous rembourser ma dette avec des clics tiktok?\u00a0\u00bb et \u00ab\u00a0Qui veut aller<\/p>\n","protected":false},"author":1,"featured_media":5333,"comment_status":"","ping_status":"","sticky":false,"template":"","format":"standard","meta":{"footnotes":""},"categories":[36],"tags":[899,3712,5283,2805,29,324,461,2494,5484],"class_list":["post-5332","post","type-post","status-publish","format-standard","has-post-thumbnail","hentry","category-divertissement","tag-adultes","tag-cerveau","tag-contact","tag-culture","tag-des","tag-enfants","tag-guide","tag-hors","tag-rot","generate-columns","tablet-grid-50","mobile-grid-100","grid-parent","grid-33"],"yoast_head":"<!-- This site is optimized with the Yoast SEO plugin v24.0 - https:\/\/yoast.com\/wordpress\/plugins\/seo\/ -->\n<title>Le guide des adultes hors contact de la culture des enfants: \u00abRot du cerveau\u00bb | Vie Associative<\/title>\n<meta name=\"robots\" content=\"index, follow, max-snippet:-1, max-image-preview:large, max-video-preview:-1\" \/>\n<link rel=\"canonical\" href=\"https:\/\/vieassociative.be\/actualites\/le-guide-des-adultes-hors-contact-de-la-culture-des-enfants-rot-du-cerveau\/\" \/>\n<meta property=\"og:locale\" content=\"fr_FR\" \/>\n<meta property=\"og:type\" content=\"article\" \/>\n<meta property=\"og:title\" content=\"Le guide des adultes hors contact de la culture des enfants: \u00abRot du cerveau\u00bb | Vie Associative\" \/>\n<meta property=\"og:description\" content=\"Trois questions que les enfants posent cette semaine: \u00ab\u00a0Avez-vous la pourriture du cerveau?\u00a0\u00bb \u00ab\u00a0Voulez-vous rembourser ma dette avec des clics tiktok?\u00a0\u00bb et \u00ab\u00a0Qui veut aller\" \/>\n<meta property=\"og:url\" content=\"https:\/\/vieassociative.be\/actualites\/le-guide-des-adultes-hors-contact-de-la-culture-des-enfants-rot-du-cerveau\/\" \/>\n<meta property=\"og:site_name\" content=\"Vie Associative\" \/>\n<meta property=\"article:published_time\" content=\"2025-02-22T22:17:52+00:00\" \/>\n<meta property=\"og:image\" content=\"https:\/\/vieassociative.be\/actualites\/wp-content\/uploads\/2024\/09\/header_backgroundk-01-e1726694325946.png\" \/>\n\t<meta property=\"og:image:width\" content=\"279\" \/>\n\t<meta property=\"og:image:height\" content=\"92\" \/>\n\t<meta property=\"og:image:type\" content=\"image\/png\" \/>\n<meta name=\"author\" content=\"Julien\" \/>\n<meta name=\"twitter:card\" content=\"summary_large_image\" \/>\n<meta name=\"twitter:label1\" content=\"\u00c9crit par\" \/>\n\t<meta name=\"twitter:data1\" content=\"Julien\" \/>\n\t<meta name=\"twitter:label2\" content=\"Dur\u00e9e de lecture est.\" \/>\n\t<meta name=\"twitter:data2\" content=\"7 minutes\" \/>\n<script type=\"application\/ld+json\" class=\"yoast-schema-graph\">{\"@context\":\"https:\/\/schema.org\",\"@graph\":[{\"@type\":\"Article\",\"@id\":\"https:\/\/vieassociative.be\/actualites\/le-guide-des-adultes-hors-contact-de-la-culture-des-enfants-rot-du-cerveau\/#article\",\"isPartOf\":{\"@id\":\"https:\/\/vieassociative.be\/actualites\/le-guide-des-adultes-hors-contact-de-la-culture-des-enfants-rot-du-cerveau\/\"},\"author\":{\"name\":\"Julien\",\"@id\":\"https:\/\/vieassociative.be\/actualites\/#\/schema\/person\/b87ac4f82f9d4e7b7cec7395b679edc4\"},\"headline\":\"Le guide des adultes hors contact de la culture des enfants: \u00abRot du cerveau\u00bb\",\"datePublished\":\"2025-02-22T22:17:52+00:00\",\"dateModified\":\"2025-02-22T22:17:52+00:00\",\"mainEntityOfPage\":{\"@id\":\"https:\/\/vieassociative.be\/actualites\/le-guide-des-adultes-hors-contact-de-la-culture-des-enfants-rot-du-cerveau\/\"},\"wordCount\":1391,\"publisher\":{\"@id\":\"https:\/\/vieassociative.be\/actualites\/#organization\"},\"image\":{\"@id\":\"https:\/\/vieassociative.be\/actualites\/le-guide-des-adultes-hors-contact-de-la-culture-des-enfants-rot-du-cerveau\/#primaryimage\"},\"thumbnailUrl\":\"https:\/\/vieassociative.be\/actualites\/wp-content\/uploads\/2025\/02\/Le-guide-des-adultes-hors-contact-de-la-culture-des.png\",\"keywords\":[\"adultes\",\"cerveau\",\"contact\",\"culture\",\"Des\",\"enfants\",\"Guide\",\"hors\",\"Rot\"],\"articleSection\":[\"Divertissement\"],\"inLanguage\":\"fr-BE\"},{\"@type\":\"WebPage\",\"@id\":\"https:\/\/vieassociative.be\/actualites\/le-guide-des-adultes-hors-contact-de-la-culture-des-enfants-rot-du-cerveau\/\",\"url\":\"https:\/\/vieassociative.be\/actualites\/le-guide-des-adultes-hors-contact-de-la-culture-des-enfants-rot-du-cerveau\/\",\"name\":\"Le guide des adultes hors contact de la culture des enfants: \u00abRot du cerveau\u00bb | Vie Associative\",\"isPartOf\":{\"@id\":\"https:\/\/vieassociative.be\/actualites\/#website\"},\"primaryImageOfPage\":{\"@id\":\"https:\/\/vieassociative.be\/actualites\/le-guide-des-adultes-hors-contact-de-la-culture-des-enfants-rot-du-cerveau\/#primaryimage\"},\"image\":{\"@id\":\"https:\/\/vieassociative.be\/actualites\/le-guide-des-adultes-hors-contact-de-la-culture-des-enfants-rot-du-cerveau\/#primaryimage\"},\"thumbnailUrl\":\"https:\/\/vieassociative.be\/actualites\/wp-content\/uploads\/2025\/02\/Le-guide-des-adultes-hors-contact-de-la-culture-des.png\",\"datePublished\":\"2025-02-22T22:17:52+00:00\",\"dateModified\":\"2025-02-22T22:17:52+00:00\",\"breadcrumb\":{\"@id\":\"https:\/\/vieassociative.be\/actualites\/le-guide-des-adultes-hors-contact-de-la-culture-des-enfants-rot-du-cerveau\/#breadcrumb\"},\"inLanguage\":\"fr-BE\",\"potentialAction\":[{\"@type\":\"ReadAction\",\"target\":[\"https:\/\/vieassociative.be\/actualites\/le-guide-des-adultes-hors-contact-de-la-culture-des-enfants-rot-du-cerveau\/\"]}]},{\"@type\":\"ImageObject\",\"inLanguage\":\"fr-BE\",\"@id\":\"https:\/\/vieassociative.be\/actualites\/le-guide-des-adultes-hors-contact-de-la-culture-des-enfants-rot-du-cerveau\/#primaryimage\",\"url\":\"https:\/\/vieassociative.be\/actualites\/wp-content\/uploads\/2025\/02\/Le-guide-des-adultes-hors-contact-de-la-culture-des.png\",\"contentUrl\":\"https:\/\/vieassociative.be\/actualites\/wp-content\/uploads\/2025\/02\/Le-guide-des-adultes-hors-contact-de-la-culture-des.png\",\"width\":1200,\"height\":675,\"caption\":\"Le guide des adultes hors contact de la culture des enfants: \u00abRot du cerveau\u00bb\"},{\"@type\":\"BreadcrumbList\",\"@id\":\"https:\/\/vieassociative.be\/actualites\/le-guide-des-adultes-hors-contact-de-la-culture-des-enfants-rot-du-cerveau\/#breadcrumb\",\"itemListElement\":[{\"@type\":\"ListItem\",\"position\":1,\"name\":\"Accueil\",\"item\":\"https:\/\/vieassociative.be\/actualites\/\"},{\"@type\":\"ListItem\",\"position\":2,\"name\":\"Le guide des adultes hors contact de la culture des enfants: \u00abRot du cerveau\u00bb\"}]},{\"@type\":\"WebSite\",\"@id\":\"https:\/\/vieassociative.be\/actualites\/#website\",\"url\":\"https:\/\/vieassociative.be\/actualites\/\",\"name\":\"Vie Associative\",\"description\":\"\",\"publisher\":{\"@id\":\"https:\/\/vieassociative.be\/actualites\/#organization\"},\"potentialAction\":[{\"@type\":\"SearchAction\",\"target\":{\"@type\":\"EntryPoint\",\"urlTemplate\":\"https:\/\/vieassociative.be\/actualites\/?s={search_term_string}\"},\"query-input\":{\"@type\":\"PropertyValueSpecification\",\"valueRequired\":true,\"valueName\":\"search_term_string\"}}],\"inLanguage\":\"fr-BE\"},{\"@type\":\"Organization\",\"@id\":\"https:\/\/vieassociative.be\/actualites\/#organization\",\"name\":\"Vie Associative\",\"url\":\"https:\/\/vieassociative.be\/actualites\/\",\"logo\":{\"@type\":\"ImageObject\",\"inLanguage\":\"fr-BE\",\"@id\":\"https:\/\/vieassociative.be\/actualites\/#\/schema\/logo\/image\/\",\"url\":\"https:\/\/vieassociative.be\/actualites\/wp-content\/uploads\/2024\/09\/cropped-vieassociative_favicon.ico.png\",\"contentUrl\":\"https:\/\/vieassociative.be\/actualites\/wp-content\/uploads\/2024\/09\/cropped-vieassociative_favicon.ico.png\",\"width\":512,\"height\":512,\"caption\":\"Vie Associative\"},\"image\":{\"@id\":\"https:\/\/vieassociative.be\/actualites\/#\/schema\/logo\/image\/\"}},{\"@type\":\"Person\",\"@id\":\"https:\/\/vieassociative.be\/actualites\/#\/schema\/person\/b87ac4f82f9d4e7b7cec7395b679edc4\",\"name\":\"Julien\",\"image\":{\"@type\":\"ImageObject\",\"inLanguage\":\"fr-BE\",\"@id\":\"https:\/\/vieassociative.be\/actualites\/#\/schema\/person\/image\/\",\"url\":\"https:\/\/vieassociative.be\/actualites\/wp-content\/uploads\/2024\/09\/vie-associative-1-150x150.jpg\",\"contentUrl\":\"https:\/\/vieassociative.be\/actualites\/wp-content\/uploads\/2024\/09\/vie-associative-1-150x150.jpg\",\"caption\":\"Julien\"},\"description\":\"Je suis Julien, r\u00e9dacteur pour Vie Associative. Passionn\u00e9 par le monde associatif depuis plus de 10 ans, j'ai \u00e0 c\u0153ur de partager des histoires inspirantes et de mettre en lumi\u00e8re les initiatives locales. Mon objectif est de sensibiliser et d'encourager l'engagement communautaire \u00e0 travers mes articles.\",\"sameAs\":[\"https:\/\/vieassociative.be\/\"]}]}<\/script>\n<!-- \/ Yoast SEO plugin. -->","yoast_head_json":{"title":"Le guide des adultes hors contact de la culture des enfants: \u00abRot du cerveau\u00bb | Vie Associative","robots":{"index":"index","follow":"follow","max-snippet":"max-snippet:-1","max-image-preview":"max-image-preview:large","max-video-preview":"max-video-preview:-1"},"canonical":"https:\/\/vieassociative.be\/actualites\/le-guide-des-adultes-hors-contact-de-la-culture-des-enfants-rot-du-cerveau\/","og_locale":"fr_FR","og_type":"article","og_title":"Le guide des adultes hors contact de la culture des enfants: \u00abRot du cerveau\u00bb | Vie Associative","og_description":"Trois questions que les enfants posent cette semaine: \u00ab\u00a0Avez-vous la pourriture du cerveau?\u00a0\u00bb \u00ab\u00a0Voulez-vous rembourser ma dette avec des clics tiktok?\u00a0\u00bb et \u00ab\u00a0Qui veut aller","og_url":"https:\/\/vieassociative.be\/actualites\/le-guide-des-adultes-hors-contact-de-la-culture-des-enfants-rot-du-cerveau\/","og_site_name":"Vie Associative","article_published_time":"2025-02-22T22:17:52+00:00","og_image":[{"width":279,"height":92,"url":"https:\/\/vieassociative.be\/actualites\/wp-content\/uploads\/2024\/09\/header_backgroundk-01-e1726694325946.png","type":"image\/png"}],"author":"Julien","twitter_card":"summary_large_image","twitter_misc":{"\u00c9crit par":"Julien","Dur\u00e9e de lecture est.":"7 minutes"},"schema":{"@context":"https:\/\/schema.org","@graph":[{"@type":"Article","@id":"https:\/\/vieassociative.be\/actualites\/le-guide-des-adultes-hors-contact-de-la-culture-des-enfants-rot-du-cerveau\/#article","isPartOf":{"@id":"https:\/\/vieassociative.be\/actualites\/le-guide-des-adultes-hors-contact-de-la-culture-des-enfants-rot-du-cerveau\/"},"author":{"name":"Julien","@id":"https:\/\/vieassociative.be\/actualites\/#\/schema\/person\/b87ac4f82f9d4e7b7cec7395b679edc4"},"headline":"Le guide des adultes hors contact de la culture des enfants: \u00abRot du cerveau\u00bb","datePublished":"2025-02-22T22:17:52+00:00","dateModified":"2025-02-22T22:17:52+00:00","mainEntityOfPage":{"@id":"https:\/\/vieassociative.be\/actualites\/le-guide-des-adultes-hors-contact-de-la-culture-des-enfants-rot-du-cerveau\/"},"wordCount":1391,"publisher":{"@id":"https:\/\/vieassociative.be\/actualites\/#organization"},"image":{"@id":"https:\/\/vieassociative.be\/actualites\/le-guide-des-adultes-hors-contact-de-la-culture-des-enfants-rot-du-cerveau\/#primaryimage"},"thumbnailUrl":"https:\/\/vieassociative.be\/actualites\/wp-content\/uploads\/2025\/02\/Le-guide-des-adultes-hors-contact-de-la-culture-des.png","keywords":["adultes","cerveau","contact","culture","Des","enfants","Guide","hors","Rot"],"articleSection":["Divertissement"],"inLanguage":"fr-BE"},{"@type":"WebPage","@id":"https:\/\/vieassociative.be\/actualites\/le-guide-des-adultes-hors-contact-de-la-culture-des-enfants-rot-du-cerveau\/","url":"https:\/\/vieassociative.be\/actualites\/le-guide-des-adultes-hors-contact-de-la-culture-des-enfants-rot-du-cerveau\/","name":"Le guide des adultes hors contact de la culture des enfants: \u00abRot du cerveau\u00bb | Vie Associative","isPartOf":{"@id":"https:\/\/vieassociative.be\/actualites\/#website"},"primaryImageOfPage":{"@id":"https:\/\/vieassociative.be\/actualites\/le-guide-des-adultes-hors-contact-de-la-culture-des-enfants-rot-du-cerveau\/#primaryimage"},"image":{"@id":"https:\/\/vieassociative.be\/actualites\/le-guide-des-adultes-hors-contact-de-la-culture-des-enfants-rot-du-cerveau\/#primaryimage"},"thumbnailUrl":"https:\/\/vieassociative.be\/actualites\/wp-content\/uploads\/2025\/02\/Le-guide-des-adultes-hors-contact-de-la-culture-des.png","datePublished":"2025-02-22T22:17:52+00:00","dateModified":"2025-02-22T22:17:52+00:00","breadcrumb":{"@id":"https:\/\/vieassociative.be\/actualites\/le-guide-des-adultes-hors-contact-de-la-culture-des-enfants-rot-du-cerveau\/#breadcrumb"},"inLanguage":"fr-BE","potentialAction":[{"@type":"ReadAction","target":["https:\/\/vieassociative.be\/actualites\/le-guide-des-adultes-hors-contact-de-la-culture-des-enfants-rot-du-cerveau\/"]}]},{"@type":"ImageObject","inLanguage":"fr-BE","@id":"https:\/\/vieassociative.be\/actualites\/le-guide-des-adultes-hors-contact-de-la-culture-des-enfants-rot-du-cerveau\/#primaryimage","url":"https:\/\/vieassociative.be\/actualites\/wp-content\/uploads\/2025\/02\/Le-guide-des-adultes-hors-contact-de-la-culture-des.png","contentUrl":"https:\/\/vieassociative.be\/actualites\/wp-content\/uploads\/2025\/02\/Le-guide-des-adultes-hors-contact-de-la-culture-des.png","width":1200,"height":675,"caption":"Le guide des adultes hors contact de la culture des enfants: \u00abRot du cerveau\u00bb"},{"@type":"BreadcrumbList","@id":"https:\/\/vieassociative.be\/actualites\/le-guide-des-adultes-hors-contact-de-la-culture-des-enfants-rot-du-cerveau\/#breadcrumb","itemListElement":[{"@type":"ListItem","position":1,"name":"Accueil","item":"https:\/\/vieassociative.be\/actualites\/"},{"@type":"ListItem","position":2,"name":"Le guide des adultes hors contact de la culture des enfants: \u00abRot du cerveau\u00bb"}]},{"@type":"WebSite","@id":"https:\/\/vieassociative.be\/actualites\/#website","url":"https:\/\/vieassociative.be\/actualites\/","name":"Vie Associative","description":"","publisher":{"@id":"https:\/\/vieassociative.be\/actualites\/#organization"},"potentialAction":[{"@type":"SearchAction","target":{"@type":"EntryPoint","urlTemplate":"https:\/\/vieassociative.be\/actualites\/?s={search_term_string}"},"query-input":{"@type":"PropertyValueSpecification","valueRequired":true,"valueName":"search_term_string"}}],"inLanguage":"fr-BE"},{"@type":"Organization","@id":"https:\/\/vieassociative.be\/actualites\/#organization","name":"Vie Associative","url":"https:\/\/vieassociative.be\/actualites\/","logo":{"@type":"ImageObject","inLanguage":"fr-BE","@id":"https:\/\/vieassociative.be\/actualites\/#\/schema\/logo\/image\/","url":"https:\/\/vieassociative.be\/actualites\/wp-content\/uploads\/2024\/09\/cropped-vieassociative_favicon.ico.png","contentUrl":"https:\/\/vieassociative.be\/actualites\/wp-content\/uploads\/2024\/09\/cropped-vieassociative_favicon.ico.png","width":512,"height":512,"caption":"Vie Associative"},"image":{"@id":"https:\/\/vieassociative.be\/actualites\/#\/schema\/logo\/image\/"}},{"@type":"Person","@id":"https:\/\/vieassociative.be\/actualites\/#\/schema\/person\/b87ac4f82f9d4e7b7cec7395b679edc4","name":"Julien","image":{"@type":"ImageObject","inLanguage":"fr-BE","@id":"https:\/\/vieassociative.be\/actualites\/#\/schema\/person\/image\/","url":"https:\/\/vieassociative.be\/actualites\/wp-content\/uploads\/2024\/09\/vie-associative-1-150x150.jpg","contentUrl":"https:\/\/vieassociative.be\/actualites\/wp-content\/uploads\/2024\/09\/vie-associative-1-150x150.jpg","caption":"Julien"},"description":"Je suis Julien, r\u00e9dacteur pour Vie Associative. Passionn\u00e9 par le monde associatif depuis plus de 10 ans, j'ai \u00e0 c\u0153ur de partager des histoires inspirantes et de mettre en lumi\u00e8re les initiatives locales. Mon objectif est de sensibiliser et d'encourager l'engagement communautaire \u00e0 travers mes articles.","sameAs":["https:\/\/vieassociative.be\/"]}]}},"_links":{"self":[{"href":"https:\/\/vieassociative.be\/actualites\/wp-json\/wp\/v2\/posts\/5332"}],"collection":[{"href":"https:\/\/vieassociative.be\/actualites\/wp-json\/wp\/v2\/posts"}],"about":[{"href":"https:\/\/vieassociative.be\/actualites\/wp-json\/wp\/v2\/types\/post"}],"author":[{"embeddable":true,"href":"https:\/\/vieassociative.be\/actualites\/wp-json\/wp\/v2\/users\/1"}],"replies":[{"embeddable":true,"href":"https:\/\/vieassociative.be\/actualites\/wp-json\/wp\/v2\/comments?post=5332"}],"version-history":[{"count":0,"href":"https:\/\/vieassociative.be\/actualites\/wp-json\/wp\/v2\/posts\/5332\/revisions"}],"wp:featuredmedia":[{"embeddable":true,"href":"https:\/\/vieassociative.be\/actualites\/wp-json\/wp\/v2\/media\/5333"}],"wp:attachment":[{"href":"https:\/\/vieassociative.be\/actualites\/wp-json\/wp\/v2\/media?parent=5332"}],"wp:term":[{"taxonomy":"category","embeddable":true,"href":"https:\/\/vieassociative.be\/actualites\/wp-json\/wp\/v2\/categories?post=5332"},{"taxonomy":"post_tag","embeddable":true,"href":"https:\/\/vieassociative.be\/actualites\/wp-json\/wp\/v2\/tags?post=5332"}],"curies":[{"name":"wp","href":"https:\/\/api.w.org\/{rel}","templated":true}]}}