{"id":5330,"date":"2025-02-22T21:17:40","date_gmt":"2025-02-22T20:17:40","guid":{"rendered":"https:\/\/vieassociative.be\/actualites\/compagnie-coeur-pour-le-congo-et-le-desir-de-paix-partout-dans-le-monde-et-surtout-la\/"},"modified":"2025-02-22T21:17:40","modified_gmt":"2025-02-22T20:17:40","slug":"compagnie-coeur-pour-le-congo-et-le-desir-de-paix-partout-dans-le-monde-et-surtout-la","status":"publish","type":"post","link":"https:\/\/vieassociative.be\/actualites\/compagnie-coeur-pour-le-congo-et-le-desir-de-paix-partout-dans-le-monde-et-surtout-la\/","title":{"rendered":"Compagnie: \u00ab\u00a0c\u0153ur\u00a0\u00bb pour le Congo et le d\u00e9sir de paix \u00ab\u00a0partout dans le monde et surtout l\u00e0\u00a0\u00bb"},"content":{"rendered":"<p><strong>En tant qu&rsquo;entra\u00eeneur de football, Vincent Kompany ne veut pas diffuser des messages politiques. N\u00e9anmoins, il est interrog\u00e9 sur le conflit violent dans la maison de son p\u00e8re &#8211; et un parrainage du FC Bayern.<\/strong><\/p>\n<p><span id=\"more-408784\"><\/span>Compte tenu de ses racines familiales, l&rsquo;entra\u00eeneur du Bayern Vincent Kompany tr\u00e9sors affecte soigneusement et \u00e9motionnellement l&rsquo;escalade de la violence dans l&rsquo;est de la R\u00e9publique d\u00e9mocratique du Congo.<\/p>\n<p>Son p\u00e8re politiquement engag\u00e9 est n\u00e9 au Congo et s&rsquo;est enfui en Belgique, o\u00f9 Kompany est n\u00e9e il y a 38 ans. Le pays voisin du Rwanda est impliqu\u00e9 dans le conflit actuel du Congo. Et le FC Bayern, \u00e0 son tour, y fait la publicit\u00e9 du tourisme.<\/p>\n<div id=\"attachment_254375\" class=\"wp-caption alignleft\" style=\"max-width: 300px\"><img fetchpriority=\"high\" decoding=\"async\" class=\"wp-image-254375 size-medium\" src=\"https:\/\/vieassociative.be\/actualites\/wp-content\/uploads\/2025\/02\/Compagnie-coeur-pour-le-Congo-et-le-desir-de-paix.jpeg\" alt=\"\" width=\"300\" height=\"200\"  ><\/p>\n<p class=\"wp-caption-text\">30.06.2020, Belgique, Bruxelles: Pierre Kompany, p\u00e8re de Vincent Kompany et de 2018 \u00e0 2022 maire de Ganshoren, participe \u00e0 une c\u00e9r\u00e9monie pour le 60e anniversaire de l&rsquo;ind\u00e9pendance de la Belgique. Photo: Hatim Kaghat \/ Belga \/ DPA<\/p>\n<\/div>\n<p>Kompany n&rsquo;avait comment\u00e9 sa proximit\u00e9 \u00e9motionnelle avec le Congo mardi dernier apr\u00e8s le match \u00e0 domicile de la Ligue des champions contre le Celtic Glasgow. \u00abJ&rsquo;ai parl\u00e9 \u00e0 mon c\u0153ur. J&rsquo;ai dit d&rsquo;o\u00f9 je viens. Mon p\u00e8re est n\u00e9 dans la partie orientale du Congo. Et j&rsquo;ai toujours une connexion \u00e9troite avec le Congo, donc ma grand-m\u00e8re vient. \u00ab\u00a0<\/p>\n<p>C&rsquo;est pourquoi il est tout \u00e0 fait normal pour lui de vouloir la paix, \u00ab\u00a0partout dans le monde et surtout l\u00e0-bas\u00a0\u00bb, a d\u00e9clar\u00e9 Kompany avant le Bayern du Bayern du FC contre Eintracht Francfurt.<\/p>\n<p>Interrog\u00e9 sur le partenaire parrain de Bavaria \u00ab\u00a0Visitez le Rwanda\u00a0\u00bb, le Belge a d\u00e9clar\u00e9: \u00ab\u00a0Je suis ici en tant qu&rsquo;entra\u00eeneur du Bayern Munich. Et je ne suis pas l\u00e0 pour faire des d\u00e9clarations politiques. Ceci est une conf\u00e9rence de presse sur le football. Mais mon message est toujours un pour la paix. \u00a0\u00bb Cela s&rsquo;applique \u00e0 tous les conflits dans le monde, pas seulement en R\u00e9publique d\u00e9mocratique du Congo.<\/p>\n<p>Le Conseil de s\u00e9curit\u00e9 des Nations Unies a condamn\u00e9 \u00e0 l&rsquo;unanimit\u00e9 l&rsquo;escalade de la violence \u00e0 l&rsquo;est du pays africain dans une r\u00e9solution. Le corps le plus puissant des Nations Unies a \u00e9galement critiqu\u00e9 la participation directe des troupes rwandics dans le conflit.<\/p>\n<p>Le gouvernement congolais accuse le pays voisin de l&rsquo;\u00e9quipe rebelle du M23. Les experts de l&rsquo;ONU partagent cette \u00e9valuation et assument au moins 4 000 soldats rwandics dans l&rsquo;est du Congo. (DPA)<\/p>\n","protected":false},"excerpt":{"rendered":"<p>En tant qu&rsquo;entra\u00eeneur de football, Vincent Kompany ne veut pas diffuser des messages politiques. N\u00e9anmoins, il est interrog\u00e9 sur le conflit violent dans la maison<\/p>\n","protected":false},"author":1,"featured_media":5331,"comment_status":"","ping_status":"","sticky":false,"template":"","format":"standard","meta":{"footnotes":""},"categories":[298],"tags":[4083,222,4995,166,112,1293,237,3280,5482,81,5483],"class_list":["post-5330","post","type-post","status-publish","format-standard","has-post-thumbnail","hentry","category-belgique","tag-coeur","tag-compagnie","tag-congo","tag-dans","tag-desir","tag-la","tag-monde","tag-paix","tag-partout","tag-pour","tag-surtout","generate-columns","tablet-grid-50","mobile-grid-100","grid-parent","grid-33"],"yoast_head":"<!-- This site is optimized with the Yoast SEO plugin v24.0 - https:\/\/yoast.com\/wordpress\/plugins\/seo\/ -->\n<title>Compagnie: &quot;c\u0153ur&quot; pour le Congo et le d\u00e9sir de paix &quot;partout dans le monde et surtout l\u00e0&quot; | Vie Associative<\/title>\n<meta name=\"robots\" content=\"index, follow, max-snippet:-1, max-image-preview:large, max-video-preview:-1\" \/>\n<link rel=\"canonical\" href=\"https:\/\/vieassociative.be\/actualites\/compagnie-coeur-pour-le-congo-et-le-desir-de-paix-partout-dans-le-monde-et-surtout-la\/\" \/>\n<meta property=\"og:locale\" content=\"fr_FR\" \/>\n<meta property=\"og:type\" content=\"article\" \/>\n<meta property=\"og:title\" content=\"Compagnie: &quot;c\u0153ur&quot; pour le Congo et le d\u00e9sir de paix &quot;partout dans le monde et surtout l\u00e0&quot; | Vie Associative\" \/>\n<meta property=\"og:description\" content=\"En tant qu&rsquo;entra\u00eeneur de football, Vincent Kompany ne veut pas diffuser des messages politiques. N\u00e9anmoins, il est interrog\u00e9 sur le conflit violent dans la maison\" \/>\n<meta property=\"og:url\" content=\"https:\/\/vieassociative.be\/actualites\/compagnie-coeur-pour-le-congo-et-le-desir-de-paix-partout-dans-le-monde-et-surtout-la\/\" \/>\n<meta property=\"og:site_name\" content=\"Vie Associative\" \/>\n<meta property=\"article:published_time\" content=\"2025-02-22T20:17:40+00:00\" \/>\n<meta property=\"og:image\" content=\"https:\/\/vieassociative.be\/actualites\/wp-content\/uploads\/2024\/09\/header_backgroundk-01-e1726694325946.png\" \/>\n\t<meta property=\"og:image:width\" content=\"279\" \/>\n\t<meta property=\"og:image:height\" content=\"92\" \/>\n\t<meta property=\"og:image:type\" content=\"image\/png\" \/>\n<meta name=\"author\" content=\"Julien\" \/>\n<meta name=\"twitter:card\" content=\"summary_large_image\" \/>\n<meta name=\"twitter:label1\" content=\"\u00c9crit par\" \/>\n\t<meta name=\"twitter:data1\" content=\"Julien\" \/>\n\t<meta name=\"twitter:label2\" content=\"Dur\u00e9e de lecture est.\" \/>\n\t<meta name=\"twitter:data2\" content=\"2 minutes\" \/>\n<script type=\"application\/ld+json\" class=\"yoast-schema-graph\">{\"@context\":\"https:\/\/schema.org\",\"@graph\":[{\"@type\":\"Article\",\"@id\":\"https:\/\/vieassociative.be\/actualites\/compagnie-coeur-pour-le-congo-et-le-desir-de-paix-partout-dans-le-monde-et-surtout-la\/#article\",\"isPartOf\":{\"@id\":\"https:\/\/vieassociative.be\/actualites\/compagnie-coeur-pour-le-congo-et-le-desir-de-paix-partout-dans-le-monde-et-surtout-la\/\"},\"author\":{\"name\":\"Julien\",\"@id\":\"https:\/\/vieassociative.be\/actualites\/#\/schema\/person\/b87ac4f82f9d4e7b7cec7395b679edc4\"},\"headline\":\"Compagnie: \u00ab\u00a0c\u0153ur\u00a0\u00bb pour le Congo et le d\u00e9sir de paix \u00ab\u00a0partout dans le monde et surtout l\u00e0\u00a0\u00bb\",\"datePublished\":\"2025-02-22T20:17:40+00:00\",\"dateModified\":\"2025-02-22T20:17:40+00:00\",\"mainEntityOfPage\":{\"@id\":\"https:\/\/vieassociative.be\/actualites\/compagnie-coeur-pour-le-congo-et-le-desir-de-paix-partout-dans-le-monde-et-surtout-la\/\"},\"wordCount\":432,\"publisher\":{\"@id\":\"https:\/\/vieassociative.be\/actualites\/#organization\"},\"image\":{\"@id\":\"https:\/\/vieassociative.be\/actualites\/compagnie-coeur-pour-le-congo-et-le-desir-de-paix-partout-dans-le-monde-et-surtout-la\/#primaryimage\"},\"thumbnailUrl\":\"https:\/\/vieassociative.be\/actualites\/wp-content\/uploads\/2025\/02\/Compagnie-coeur-pour-le-Congo-et-le-desir-de-paix.jpg\",\"keywords\":[\"c\u0153ur\",\"compagnie\",\"Congo\",\"dans\",\"d\u00e9sir\",\"l\u00e0\",\"monde\",\"paix\",\"partout\",\"pour\",\"surtout\"],\"articleSection\":[\"Belgique\"],\"inLanguage\":\"fr-BE\"},{\"@type\":\"WebPage\",\"@id\":\"https:\/\/vieassociative.be\/actualites\/compagnie-coeur-pour-le-congo-et-le-desir-de-paix-partout-dans-le-monde-et-surtout-la\/\",\"url\":\"https:\/\/vieassociative.be\/actualites\/compagnie-coeur-pour-le-congo-et-le-desir-de-paix-partout-dans-le-monde-et-surtout-la\/\",\"name\":\"Compagnie: \\\"c\u0153ur\\\" pour le Congo et le d\u00e9sir de paix \\\"partout dans le monde et surtout l\u00e0\\\" | Vie Associative\",\"isPartOf\":{\"@id\":\"https:\/\/vieassociative.be\/actualites\/#website\"},\"primaryImageOfPage\":{\"@id\":\"https:\/\/vieassociative.be\/actualites\/compagnie-coeur-pour-le-congo-et-le-desir-de-paix-partout-dans-le-monde-et-surtout-la\/#primaryimage\"},\"image\":{\"@id\":\"https:\/\/vieassociative.be\/actualites\/compagnie-coeur-pour-le-congo-et-le-desir-de-paix-partout-dans-le-monde-et-surtout-la\/#primaryimage\"},\"thumbnailUrl\":\"https:\/\/vieassociative.be\/actualites\/wp-content\/uploads\/2025\/02\/Compagnie-coeur-pour-le-Congo-et-le-desir-de-paix.jpg\",\"datePublished\":\"2025-02-22T20:17:40+00:00\",\"dateModified\":\"2025-02-22T20:17:40+00:00\",\"breadcrumb\":{\"@id\":\"https:\/\/vieassociative.be\/actualites\/compagnie-coeur-pour-le-congo-et-le-desir-de-paix-partout-dans-le-monde-et-surtout-la\/#breadcrumb\"},\"inLanguage\":\"fr-BE\",\"potentialAction\":[{\"@type\":\"ReadAction\",\"target\":[\"https:\/\/vieassociative.be\/actualites\/compagnie-coeur-pour-le-congo-et-le-desir-de-paix-partout-dans-le-monde-et-surtout-la\/\"]}]},{\"@type\":\"ImageObject\",\"inLanguage\":\"fr-BE\",\"@id\":\"https:\/\/vieassociative.be\/actualites\/compagnie-coeur-pour-le-congo-et-le-desir-de-paix-partout-dans-le-monde-et-surtout-la\/#primaryimage\",\"url\":\"https:\/\/vieassociative.be\/actualites\/wp-content\/uploads\/2025\/02\/Compagnie-coeur-pour-le-Congo-et-le-desir-de-paix.jpg\",\"contentUrl\":\"https:\/\/vieassociative.be\/actualites\/wp-content\/uploads\/2025\/02\/Compagnie-coeur-pour-le-Congo-et-le-desir-de-paix.jpg\",\"width\":2560,\"height\":1707,\"caption\":\"Compagnie: \\\"c\u0153ur\\\" pour le Congo et le d\u00e9sir de paix \\\"partout dans le monde et surtout l\u00e0\\\"\"},{\"@type\":\"BreadcrumbList\",\"@id\":\"https:\/\/vieassociative.be\/actualites\/compagnie-coeur-pour-le-congo-et-le-desir-de-paix-partout-dans-le-monde-et-surtout-la\/#breadcrumb\",\"itemListElement\":[{\"@type\":\"ListItem\",\"position\":1,\"name\":\"Accueil\",\"item\":\"https:\/\/vieassociative.be\/actualites\/\"},{\"@type\":\"ListItem\",\"position\":2,\"name\":\"Compagnie: \u00ab\u00a0c\u0153ur\u00a0\u00bb pour le Congo et le d\u00e9sir de paix \u00ab\u00a0partout dans le monde et surtout l\u00e0\u00a0\u00bb\"}]},{\"@type\":\"WebSite\",\"@id\":\"https:\/\/vieassociative.be\/actualites\/#website\",\"url\":\"https:\/\/vieassociative.be\/actualites\/\",\"name\":\"Vie Associative\",\"description\":\"\",\"publisher\":{\"@id\":\"https:\/\/vieassociative.be\/actualites\/#organization\"},\"potentialAction\":[{\"@type\":\"SearchAction\",\"target\":{\"@type\":\"EntryPoint\",\"urlTemplate\":\"https:\/\/vieassociative.be\/actualites\/?s={search_term_string}\"},\"query-input\":{\"@type\":\"PropertyValueSpecification\",\"valueRequired\":true,\"valueName\":\"search_term_string\"}}],\"inLanguage\":\"fr-BE\"},{\"@type\":\"Organization\",\"@id\":\"https:\/\/vieassociative.be\/actualites\/#organization\",\"name\":\"Vie Associative\",\"url\":\"https:\/\/vieassociative.be\/actualites\/\",\"logo\":{\"@type\":\"ImageObject\",\"inLanguage\":\"fr-BE\",\"@id\":\"https:\/\/vieassociative.be\/actualites\/#\/schema\/logo\/image\/\",\"url\":\"https:\/\/vieassociative.be\/actualites\/wp-content\/uploads\/2024\/09\/cropped-vieassociative_favicon.ico.png\",\"contentUrl\":\"https:\/\/vieassociative.be\/actualites\/wp-content\/uploads\/2024\/09\/cropped-vieassociative_favicon.ico.png\",\"width\":512,\"height\":512,\"caption\":\"Vie Associative\"},\"image\":{\"@id\":\"https:\/\/vieassociative.be\/actualites\/#\/schema\/logo\/image\/\"}},{\"@type\":\"Person\",\"@id\":\"https:\/\/vieassociative.be\/actualites\/#\/schema\/person\/b87ac4f82f9d4e7b7cec7395b679edc4\",\"name\":\"Julien\",\"image\":{\"@type\":\"ImageObject\",\"inLanguage\":\"fr-BE\",\"@id\":\"https:\/\/vieassociative.be\/actualites\/#\/schema\/person\/image\/\",\"url\":\"https:\/\/vieassociative.be\/actualites\/wp-content\/uploads\/2024\/09\/vie-associative-1-150x150.jpg\",\"contentUrl\":\"https:\/\/vieassociative.be\/actualites\/wp-content\/uploads\/2024\/09\/vie-associative-1-150x150.jpg\",\"caption\":\"Julien\"},\"description\":\"Je suis Julien, r\u00e9dacteur pour Vie Associative. Passionn\u00e9 par le monde associatif depuis plus de 10 ans, j'ai \u00e0 c\u0153ur de partager des histoires inspirantes et de mettre en lumi\u00e8re les initiatives locales. Mon objectif est de sensibiliser et d'encourager l'engagement communautaire \u00e0 travers mes articles.\",\"sameAs\":[\"https:\/\/vieassociative.be\/\"]}]}<\/script>\n<!-- \/ Yoast SEO plugin. -->","yoast_head_json":{"title":"Compagnie: \"c\u0153ur\" pour le Congo et le d\u00e9sir de paix \"partout dans le monde et surtout l\u00e0\" | Vie Associative","robots":{"index":"index","follow":"follow","max-snippet":"max-snippet:-1","max-image-preview":"max-image-preview:large","max-video-preview":"max-video-preview:-1"},"canonical":"https:\/\/vieassociative.be\/actualites\/compagnie-coeur-pour-le-congo-et-le-desir-de-paix-partout-dans-le-monde-et-surtout-la\/","og_locale":"fr_FR","og_type":"article","og_title":"Compagnie: \"c\u0153ur\" pour le Congo et le d\u00e9sir de paix \"partout dans le monde et surtout l\u00e0\" | Vie Associative","og_description":"En tant qu&rsquo;entra\u00eeneur de football, Vincent Kompany ne veut pas diffuser des messages politiques. N\u00e9anmoins, il est interrog\u00e9 sur le conflit violent dans la maison","og_url":"https:\/\/vieassociative.be\/actualites\/compagnie-coeur-pour-le-congo-et-le-desir-de-paix-partout-dans-le-monde-et-surtout-la\/","og_site_name":"Vie Associative","article_published_time":"2025-02-22T20:17:40+00:00","og_image":[{"width":279,"height":92,"url":"https:\/\/vieassociative.be\/actualites\/wp-content\/uploads\/2024\/09\/header_backgroundk-01-e1726694325946.png","type":"image\/png"}],"author":"Julien","twitter_card":"summary_large_image","twitter_misc":{"\u00c9crit par":"Julien","Dur\u00e9e de lecture est.":"2 minutes"},"schema":{"@context":"https:\/\/schema.org","@graph":[{"@type":"Article","@id":"https:\/\/vieassociative.be\/actualites\/compagnie-coeur-pour-le-congo-et-le-desir-de-paix-partout-dans-le-monde-et-surtout-la\/#article","isPartOf":{"@id":"https:\/\/vieassociative.be\/actualites\/compagnie-coeur-pour-le-congo-et-le-desir-de-paix-partout-dans-le-monde-et-surtout-la\/"},"author":{"name":"Julien","@id":"https:\/\/vieassociative.be\/actualites\/#\/schema\/person\/b87ac4f82f9d4e7b7cec7395b679edc4"},"headline":"Compagnie: \u00ab\u00a0c\u0153ur\u00a0\u00bb pour le Congo et le d\u00e9sir de paix \u00ab\u00a0partout dans le monde et surtout l\u00e0\u00a0\u00bb","datePublished":"2025-02-22T20:17:40+00:00","dateModified":"2025-02-22T20:17:40+00:00","mainEntityOfPage":{"@id":"https:\/\/vieassociative.be\/actualites\/compagnie-coeur-pour-le-congo-et-le-desir-de-paix-partout-dans-le-monde-et-surtout-la\/"},"wordCount":432,"publisher":{"@id":"https:\/\/vieassociative.be\/actualites\/#organization"},"image":{"@id":"https:\/\/vieassociative.be\/actualites\/compagnie-coeur-pour-le-congo-et-le-desir-de-paix-partout-dans-le-monde-et-surtout-la\/#primaryimage"},"thumbnailUrl":"https:\/\/vieassociative.be\/actualites\/wp-content\/uploads\/2025\/02\/Compagnie-coeur-pour-le-Congo-et-le-desir-de-paix.jpg","keywords":["c\u0153ur","compagnie","Congo","dans","d\u00e9sir","l\u00e0","monde","paix","partout","pour","surtout"],"articleSection":["Belgique"],"inLanguage":"fr-BE"},{"@type":"WebPage","@id":"https:\/\/vieassociative.be\/actualites\/compagnie-coeur-pour-le-congo-et-le-desir-de-paix-partout-dans-le-monde-et-surtout-la\/","url":"https:\/\/vieassociative.be\/actualites\/compagnie-coeur-pour-le-congo-et-le-desir-de-paix-partout-dans-le-monde-et-surtout-la\/","name":"Compagnie: \"c\u0153ur\" pour le Congo et le d\u00e9sir de paix \"partout dans le monde et surtout l\u00e0\" | Vie Associative","isPartOf":{"@id":"https:\/\/vieassociative.be\/actualites\/#website"},"primaryImageOfPage":{"@id":"https:\/\/vieassociative.be\/actualites\/compagnie-coeur-pour-le-congo-et-le-desir-de-paix-partout-dans-le-monde-et-surtout-la\/#primaryimage"},"image":{"@id":"https:\/\/vieassociative.be\/actualites\/compagnie-coeur-pour-le-congo-et-le-desir-de-paix-partout-dans-le-monde-et-surtout-la\/#primaryimage"},"thumbnailUrl":"https:\/\/vieassociative.be\/actualites\/wp-content\/uploads\/2025\/02\/Compagnie-coeur-pour-le-Congo-et-le-desir-de-paix.jpg","datePublished":"2025-02-22T20:17:40+00:00","dateModified":"2025-02-22T20:17:40+00:00","breadcrumb":{"@id":"https:\/\/vieassociative.be\/actualites\/compagnie-coeur-pour-le-congo-et-le-desir-de-paix-partout-dans-le-monde-et-surtout-la\/#breadcrumb"},"inLanguage":"fr-BE","potentialAction":[{"@type":"ReadAction","target":["https:\/\/vieassociative.be\/actualites\/compagnie-coeur-pour-le-congo-et-le-desir-de-paix-partout-dans-le-monde-et-surtout-la\/"]}]},{"@type":"ImageObject","inLanguage":"fr-BE","@id":"https:\/\/vieassociative.be\/actualites\/compagnie-coeur-pour-le-congo-et-le-desir-de-paix-partout-dans-le-monde-et-surtout-la\/#primaryimage","url":"https:\/\/vieassociative.be\/actualites\/wp-content\/uploads\/2025\/02\/Compagnie-coeur-pour-le-Congo-et-le-desir-de-paix.jpg","contentUrl":"https:\/\/vieassociative.be\/actualites\/wp-content\/uploads\/2025\/02\/Compagnie-coeur-pour-le-Congo-et-le-desir-de-paix.jpg","width":2560,"height":1707,"caption":"Compagnie: \"c\u0153ur\" pour le Congo et le d\u00e9sir de paix \"partout dans le monde et surtout l\u00e0\""},{"@type":"BreadcrumbList","@id":"https:\/\/vieassociative.be\/actualites\/compagnie-coeur-pour-le-congo-et-le-desir-de-paix-partout-dans-le-monde-et-surtout-la\/#breadcrumb","itemListElement":[{"@type":"ListItem","position":1,"name":"Accueil","item":"https:\/\/vieassociative.be\/actualites\/"},{"@type":"ListItem","position":2,"name":"Compagnie: \u00ab\u00a0c\u0153ur\u00a0\u00bb pour le Congo et le d\u00e9sir de paix \u00ab\u00a0partout dans le monde et surtout l\u00e0\u00a0\u00bb"}]},{"@type":"WebSite","@id":"https:\/\/vieassociative.be\/actualites\/#website","url":"https:\/\/vieassociative.be\/actualites\/","name":"Vie Associative","description":"","publisher":{"@id":"https:\/\/vieassociative.be\/actualites\/#organization"},"potentialAction":[{"@type":"SearchAction","target":{"@type":"EntryPoint","urlTemplate":"https:\/\/vieassociative.be\/actualites\/?s={search_term_string}"},"query-input":{"@type":"PropertyValueSpecification","valueRequired":true,"valueName":"search_term_string"}}],"inLanguage":"fr-BE"},{"@type":"Organization","@id":"https:\/\/vieassociative.be\/actualites\/#organization","name":"Vie Associative","url":"https:\/\/vieassociative.be\/actualites\/","logo":{"@type":"ImageObject","inLanguage":"fr-BE","@id":"https:\/\/vieassociative.be\/actualites\/#\/schema\/logo\/image\/","url":"https:\/\/vieassociative.be\/actualites\/wp-content\/uploads\/2024\/09\/cropped-vieassociative_favicon.ico.png","contentUrl":"https:\/\/vieassociative.be\/actualites\/wp-content\/uploads\/2024\/09\/cropped-vieassociative_favicon.ico.png","width":512,"height":512,"caption":"Vie Associative"},"image":{"@id":"https:\/\/vieassociative.be\/actualites\/#\/schema\/logo\/image\/"}},{"@type":"Person","@id":"https:\/\/vieassociative.be\/actualites\/#\/schema\/person\/b87ac4f82f9d4e7b7cec7395b679edc4","name":"Julien","image":{"@type":"ImageObject","inLanguage":"fr-BE","@id":"https:\/\/vieassociative.be\/actualites\/#\/schema\/person\/image\/","url":"https:\/\/vieassociative.be\/actualites\/wp-content\/uploads\/2024\/09\/vie-associative-1-150x150.jpg","contentUrl":"https:\/\/vieassociative.be\/actualites\/wp-content\/uploads\/2024\/09\/vie-associative-1-150x150.jpg","caption":"Julien"},"description":"Je suis Julien, r\u00e9dacteur pour Vie Associative. Passionn\u00e9 par le monde associatif depuis plus de 10 ans, j'ai \u00e0 c\u0153ur de partager des histoires inspirantes et de mettre en lumi\u00e8re les initiatives locales. Mon objectif est de sensibiliser et d'encourager l'engagement communautaire \u00e0 travers mes articles.","sameAs":["https:\/\/vieassociative.be\/"]}]}},"_links":{"self":[{"href":"https:\/\/vieassociative.be\/actualites\/wp-json\/wp\/v2\/posts\/5330"}],"collection":[{"href":"https:\/\/vieassociative.be\/actualites\/wp-json\/wp\/v2\/posts"}],"about":[{"href":"https:\/\/vieassociative.be\/actualites\/wp-json\/wp\/v2\/types\/post"}],"author":[{"embeddable":true,"href":"https:\/\/vieassociative.be\/actualites\/wp-json\/wp\/v2\/users\/1"}],"replies":[{"embeddable":true,"href":"https:\/\/vieassociative.be\/actualites\/wp-json\/wp\/v2\/comments?post=5330"}],"version-history":[{"count":0,"href":"https:\/\/vieassociative.be\/actualites\/wp-json\/wp\/v2\/posts\/5330\/revisions"}],"wp:featuredmedia":[{"embeddable":true,"href":"https:\/\/vieassociative.be\/actualites\/wp-json\/wp\/v2\/media\/5331"}],"wp:attachment":[{"href":"https:\/\/vieassociative.be\/actualites\/wp-json\/wp\/v2\/media?parent=5330"}],"wp:term":[{"taxonomy":"category","embeddable":true,"href":"https:\/\/vieassociative.be\/actualites\/wp-json\/wp\/v2\/categories?post=5330"},{"taxonomy":"post_tag","embeddable":true,"href":"https:\/\/vieassociative.be\/actualites\/wp-json\/wp\/v2\/tags?post=5330"}],"curies":[{"name":"wp","href":"https:\/\/api.w.org\/{rel}","templated":true}]}}