{"id":533,"date":"2024-09-26T23:17:33","date_gmt":"2024-09-26T21:17:33","guid":{"rendered":"https:\/\/vieassociative.be\/actualites\/comment-precommander-la-ps5-pro\/"},"modified":"2024-09-26T23:17:33","modified_gmt":"2024-09-26T21:17:33","slug":"comment-precommander-la-ps5-pro","status":"publish","type":"post","link":"https:\/\/vieassociative.be\/actualites\/comment-precommander-la-ps5-pro\/","title":{"rendered":"Comment pr\u00e9commander la PS5 Pro"},"content":{"rendered":"<div class=\"mt-4 leading-6 md:mb-8\">Les \u00e9ditions anniversaire sont d\u00e9j\u00e0 \u00e9puis\u00e9es.<\/div>\n<p><\/p>\n<p>Cela fait environ deux semaines que Sony a finalement d\u00e9voil\u00e9 la PS5 Pro et toutes les avanc\u00e9es en mati\u00e8re de puissance de traitement qui l&rsquo;accompagneront. Dans ce court laps de temps, la console est d\u00e9sormais disponible en pr\u00e9commande, tout comme les packs pour les \u00e9ditions Anniversaire, en supposant que Sony fasse davantage de ces derni\u00e8res. <\/p>\n<p>Malheureusement pour tous les fans de l&rsquo;esth\u00e9tique de la PSOne, les produits anniversaire de Sony sont tous actuellement \u00e9puis\u00e9s. Cela comprend le pack pour l&rsquo;\u00e9dition PS5 Pro Anniversary, le bundle pour la console PS5 Digital Edition Slim Anniversary, l&rsquo;\u00e9dition DualSense Edge Anniversary et l&rsquo;\u00e9dition anniversaire PlayStation Portal. Tous ces produits arborent un look gris fonc\u00e9 avec des boutons color\u00e9s, dans le style de la console PlayStation originale. Et tous ces produits ont d\u00e9j\u00e0 \u00e9t\u00e9 r\u00e9clam\u00e9s par des fans enthousiastes de Sony. <\/p>\n<p>Pour \u00eatre clair, ce sont tous exactement les m\u00eames produits que leurs homologues : l\u2019\u00e9dition PS5 Slim Anniversary n\u2019est pas diff\u00e9rente du mod\u00e8le standard, tandis que le contr\u00f4leur DualSense Edge de l\u2019\u00e9dition Anniversary fonctionne de la m\u00eame mani\u00e8re que le mod\u00e8le standard. Cependant, le pack console est livr\u00e9 avec des accessoires amusants, comme un c\u00e2ble de chargement qui donne l&rsquo;impression que la prise du contr\u00f4leur provient de la PSOne. Mais elle joue aux m\u00eames jeux que la PlayStation 5 standard, donc si vous ne vous souciez pas des changements esth\u00e9tiques, c&rsquo;est tout ce qui est vraiment nouveau ici.<\/p>\n<p>En attendant que Sony propose potentiellement davantage de ces produits, vous <em>peut<\/em> pr\u00e9commandez toujours la nouvelle PS5 Pro. Sony n&rsquo;a pas encore publi\u00e9 de sp\u00e9cifications officielles, mais lors de sa vid\u00e9o d&rsquo;annonce, la soci\u00e9t\u00e9 a d\u00e9clar\u00e9 que la nouvelle console dispose d&rsquo;un GPU am\u00e9lior\u00e9 qui peut ex\u00e9cuter plus de jeux en 4K 60 ips, avec plus d&rsquo;effets de lancer de rayons. Le Pro profite \u00e9galement de quelque chose appel\u00e9 PSSR (PlayStation Spectral Super Resolution), qui utilise l&rsquo;IA pour mettre \u00e0 niveau les images de vos jeux. Les titres existants optimis\u00e9s pour la console incluent <em>Alan r\u00e9veil 2<\/em>, <em>Assassin&rsquo;s Creed : Ombres<\/em>, <em>Les \u00e2mes des d\u00e9mons<\/em>, <em>Le dogme du dragon 2<\/em>, <em>Final Fantasy 7 Renaissance<\/em>, <em>Gran Turismo 7<\/em>, <em>L&rsquo;h\u00e9ritage de Poudlard<\/em>, <em>Horizon Interdit Ouest<\/em>, <em>Spider-Man 2 de Marvel<\/em>, <em>Ratchet &#038; Clank\u00a0: Faille \u00e0 part<\/em>, <em>L&rsquo;\u00e9quipage Motorfest<\/em>, <em>Le premier descendant<\/em>et <em>Le dernier d&rsquo;entre nous, partie II remasteris\u00e9<\/em>.<\/p>\n<p>Cependant, cela ne sera pas bon march\u00e9. La PS5 Pro co\u00fbte 699,99 $, soit 200 $ de plus que la PS5 Slim. Ce dernier est en fait livr\u00e9 avec un lecteur de disque et un support, des choses que vous devez acheter pour le Pro si vous souhaitez lire des supports physiques ou, vous savez, tenir la console debout. Le lecteur de disque co\u00fbte 79,99 $, tandis que le support co\u00fbte 29,99 $, vous envisagez donc 809,97 $ pour l&rsquo;ensemble de la transaction. C&rsquo;est une console ch\u00e8re. <\/p>\n<p>Si vous souhaitez jouer \u00e0 des jeux PS5 dans leur r\u00e9solution la plus \u00e9lev\u00e9e, le Pro est la solution id\u00e9ale. Pourtant, les jeux ont fi\u00e8re allure sur la PS5 standard, et vous pouvez en acheter un sans avoir \u00e0 attendre la date de sortie de la PS5 Pro, le 7 novembre.<\/p>\n","protected":false},"excerpt":{"rendered":"<p>Les \u00e9ditions anniversaire sont d\u00e9j\u00e0 \u00e9puis\u00e9es. Cela fait environ deux semaines que Sony a finalement d\u00e9voil\u00e9 la PS5 Pro et toutes les avanc\u00e9es en mati\u00e8re<\/p>\n","protected":false},"author":1,"featured_media":534,"comment_status":"","ping_status":"","sticky":false,"template":"","format":"standard","meta":{"footnotes":""},"categories":[36],"tags":[44,873,630,874],"class_list":["post-533","post","type-post","status-publish","format-standard","has-post-thumbnail","hentry","category-divertissement","tag-comment","tag-precommander","tag-pro","tag-ps5","generate-columns","tablet-grid-50","mobile-grid-100","grid-parent","grid-33"],"yoast_head":"<!-- This site is optimized with the Yoast SEO plugin v24.0 - https:\/\/yoast.com\/wordpress\/plugins\/seo\/ -->\n<title>Comment pr\u00e9commander la PS5 Pro | Vie Associative<\/title>\n<meta name=\"robots\" content=\"index, follow, max-snippet:-1, max-image-preview:large, max-video-preview:-1\" \/>\n<link rel=\"canonical\" href=\"https:\/\/vieassociative.be\/actualites\/comment-precommander-la-ps5-pro\/\" \/>\n<meta property=\"og:locale\" content=\"fr_FR\" \/>\n<meta property=\"og:type\" content=\"article\" \/>\n<meta property=\"og:title\" content=\"Comment pr\u00e9commander la PS5 Pro | Vie Associative\" \/>\n<meta property=\"og:description\" content=\"Les \u00e9ditions anniversaire sont d\u00e9j\u00e0 \u00e9puis\u00e9es. Cela fait environ deux semaines que Sony a finalement d\u00e9voil\u00e9 la PS5 Pro et toutes les avanc\u00e9es en mati\u00e8re\" \/>\n<meta property=\"og:url\" content=\"https:\/\/vieassociative.be\/actualites\/comment-precommander-la-ps5-pro\/\" \/>\n<meta property=\"og:site_name\" content=\"Vie Associative\" \/>\n<meta property=\"article:published_time\" content=\"2024-09-26T21:17:33+00:00\" \/>\n<meta property=\"og:image\" content=\"https:\/\/vieassociative.be\/actualites\/wp-content\/uploads\/2024\/09\/header_backgroundk-01-e1726694325946.png\" \/>\n\t<meta property=\"og:image:width\" content=\"279\" \/>\n\t<meta property=\"og:image:height\" content=\"92\" \/>\n\t<meta property=\"og:image:type\" content=\"image\/png\" \/>\n<meta name=\"author\" content=\"Julien\" \/>\n<meta name=\"twitter:card\" content=\"summary_large_image\" \/>\n<meta name=\"twitter:label1\" content=\"\u00c9crit par\" \/>\n\t<meta name=\"twitter:data1\" content=\"Julien\" \/>\n\t<meta name=\"twitter:label2\" content=\"Dur\u00e9e de lecture est.\" \/>\n\t<meta name=\"twitter:data2\" content=\"3 minutes\" \/>\n<script type=\"application\/ld+json\" class=\"yoast-schema-graph\">{\"@context\":\"https:\/\/schema.org\",\"@graph\":[{\"@type\":\"Article\",\"@id\":\"https:\/\/vieassociative.be\/actualites\/comment-precommander-la-ps5-pro\/#article\",\"isPartOf\":{\"@id\":\"https:\/\/vieassociative.be\/actualites\/comment-precommander-la-ps5-pro\/\"},\"author\":{\"name\":\"Julien\",\"@id\":\"https:\/\/vieassociative.be\/actualites\/#\/schema\/person\/b87ac4f82f9d4e7b7cec7395b679edc4\"},\"headline\":\"Comment pr\u00e9commander la PS5 Pro\",\"datePublished\":\"2024-09-26T21:17:33+00:00\",\"dateModified\":\"2024-09-26T21:17:33+00:00\",\"mainEntityOfPage\":{\"@id\":\"https:\/\/vieassociative.be\/actualites\/comment-precommander-la-ps5-pro\/\"},\"wordCount\":569,\"publisher\":{\"@id\":\"https:\/\/vieassociative.be\/actualites\/#organization\"},\"image\":{\"@id\":\"https:\/\/vieassociative.be\/actualites\/comment-precommander-la-ps5-pro\/#primaryimage\"},\"thumbnailUrl\":\"https:\/\/vieassociative.be\/actualites\/wp-content\/uploads\/2024\/09\/Comment-precommander-la-PS5-Pro.jpg\",\"keywords\":[\"Comment\",\"pr\u00e9commander\",\"Pro\",\"PS5\"],\"articleSection\":[\"Divertissement\"],\"inLanguage\":\"fr-BE\"},{\"@type\":\"WebPage\",\"@id\":\"https:\/\/vieassociative.be\/actualites\/comment-precommander-la-ps5-pro\/\",\"url\":\"https:\/\/vieassociative.be\/actualites\/comment-precommander-la-ps5-pro\/\",\"name\":\"Comment pr\u00e9commander la PS5 Pro | Vie Associative\",\"isPartOf\":{\"@id\":\"https:\/\/vieassociative.be\/actualites\/#website\"},\"primaryImageOfPage\":{\"@id\":\"https:\/\/vieassociative.be\/actualites\/comment-precommander-la-ps5-pro\/#primaryimage\"},\"image\":{\"@id\":\"https:\/\/vieassociative.be\/actualites\/comment-precommander-la-ps5-pro\/#primaryimage\"},\"thumbnailUrl\":\"https:\/\/vieassociative.be\/actualites\/wp-content\/uploads\/2024\/09\/Comment-precommander-la-PS5-Pro.jpg\",\"datePublished\":\"2024-09-26T21:17:33+00:00\",\"dateModified\":\"2024-09-26T21:17:33+00:00\",\"breadcrumb\":{\"@id\":\"https:\/\/vieassociative.be\/actualites\/comment-precommander-la-ps5-pro\/#breadcrumb\"},\"inLanguage\":\"fr-BE\",\"potentialAction\":[{\"@type\":\"ReadAction\",\"target\":[\"https:\/\/vieassociative.be\/actualites\/comment-precommander-la-ps5-pro\/\"]}]},{\"@type\":\"ImageObject\",\"inLanguage\":\"fr-BE\",\"@id\":\"https:\/\/vieassociative.be\/actualites\/comment-precommander-la-ps5-pro\/#primaryimage\",\"url\":\"https:\/\/vieassociative.be\/actualites\/wp-content\/uploads\/2024\/09\/Comment-precommander-la-PS5-Pro.jpg\",\"contentUrl\":\"https:\/\/vieassociative.be\/actualites\/wp-content\/uploads\/2024\/09\/Comment-precommander-la-PS5-Pro.jpg\",\"width\":1200,\"height\":675,\"caption\":\"Comment pr\u00e9commander la PS5 Pro\"},{\"@type\":\"BreadcrumbList\",\"@id\":\"https:\/\/vieassociative.be\/actualites\/comment-precommander-la-ps5-pro\/#breadcrumb\",\"itemListElement\":[{\"@type\":\"ListItem\",\"position\":1,\"name\":\"Accueil\",\"item\":\"https:\/\/vieassociative.be\/actualites\/\"},{\"@type\":\"ListItem\",\"position\":2,\"name\":\"Comment pr\u00e9commander la PS5 Pro\"}]},{\"@type\":\"WebSite\",\"@id\":\"https:\/\/vieassociative.be\/actualites\/#website\",\"url\":\"https:\/\/vieassociative.be\/actualites\/\",\"name\":\"Vie Associative\",\"description\":\"\",\"publisher\":{\"@id\":\"https:\/\/vieassociative.be\/actualites\/#organization\"},\"potentialAction\":[{\"@type\":\"SearchAction\",\"target\":{\"@type\":\"EntryPoint\",\"urlTemplate\":\"https:\/\/vieassociative.be\/actualites\/?s={search_term_string}\"},\"query-input\":{\"@type\":\"PropertyValueSpecification\",\"valueRequired\":true,\"valueName\":\"search_term_string\"}}],\"inLanguage\":\"fr-BE\"},{\"@type\":\"Organization\",\"@id\":\"https:\/\/vieassociative.be\/actualites\/#organization\",\"name\":\"Vie Associative\",\"url\":\"https:\/\/vieassociative.be\/actualites\/\",\"logo\":{\"@type\":\"ImageObject\",\"inLanguage\":\"fr-BE\",\"@id\":\"https:\/\/vieassociative.be\/actualites\/#\/schema\/logo\/image\/\",\"url\":\"https:\/\/vieassociative.be\/actualites\/wp-content\/uploads\/2024\/09\/cropped-vieassociative_favicon.ico.png\",\"contentUrl\":\"https:\/\/vieassociative.be\/actualites\/wp-content\/uploads\/2024\/09\/cropped-vieassociative_favicon.ico.png\",\"width\":512,\"height\":512,\"caption\":\"Vie Associative\"},\"image\":{\"@id\":\"https:\/\/vieassociative.be\/actualites\/#\/schema\/logo\/image\/\"}},{\"@type\":\"Person\",\"@id\":\"https:\/\/vieassociative.be\/actualites\/#\/schema\/person\/b87ac4f82f9d4e7b7cec7395b679edc4\",\"name\":\"Julien\",\"image\":{\"@type\":\"ImageObject\",\"inLanguage\":\"fr-BE\",\"@id\":\"https:\/\/vieassociative.be\/actualites\/#\/schema\/person\/image\/\",\"url\":\"https:\/\/vieassociative.be\/actualites\/wp-content\/uploads\/2024\/09\/vie-associative-1-150x150.jpg\",\"contentUrl\":\"https:\/\/vieassociative.be\/actualites\/wp-content\/uploads\/2024\/09\/vie-associative-1-150x150.jpg\",\"caption\":\"Julien\"},\"description\":\"Je suis Julien, r\u00e9dacteur pour Vie Associative. Passionn\u00e9 par le monde associatif depuis plus de 10 ans, j'ai \u00e0 c\u0153ur de partager des histoires inspirantes et de mettre en lumi\u00e8re les initiatives locales. Mon objectif est de sensibiliser et d'encourager l'engagement communautaire \u00e0 travers mes articles.\",\"sameAs\":[\"https:\/\/vieassociative.be\/\"]}]}<\/script>\n<!-- \/ Yoast SEO plugin. -->","yoast_head_json":{"title":"Comment pr\u00e9commander la PS5 Pro | Vie Associative","robots":{"index":"index","follow":"follow","max-snippet":"max-snippet:-1","max-image-preview":"max-image-preview:large","max-video-preview":"max-video-preview:-1"},"canonical":"https:\/\/vieassociative.be\/actualites\/comment-precommander-la-ps5-pro\/","og_locale":"fr_FR","og_type":"article","og_title":"Comment pr\u00e9commander la PS5 Pro | Vie Associative","og_description":"Les \u00e9ditions anniversaire sont d\u00e9j\u00e0 \u00e9puis\u00e9es. Cela fait environ deux semaines que Sony a finalement d\u00e9voil\u00e9 la PS5 Pro et toutes les avanc\u00e9es en mati\u00e8re","og_url":"https:\/\/vieassociative.be\/actualites\/comment-precommander-la-ps5-pro\/","og_site_name":"Vie Associative","article_published_time":"2024-09-26T21:17:33+00:00","og_image":[{"width":279,"height":92,"url":"https:\/\/vieassociative.be\/actualites\/wp-content\/uploads\/2024\/09\/header_backgroundk-01-e1726694325946.png","type":"image\/png"}],"author":"Julien","twitter_card":"summary_large_image","twitter_misc":{"\u00c9crit par":"Julien","Dur\u00e9e de lecture est.":"3 minutes"},"schema":{"@context":"https:\/\/schema.org","@graph":[{"@type":"Article","@id":"https:\/\/vieassociative.be\/actualites\/comment-precommander-la-ps5-pro\/#article","isPartOf":{"@id":"https:\/\/vieassociative.be\/actualites\/comment-precommander-la-ps5-pro\/"},"author":{"name":"Julien","@id":"https:\/\/vieassociative.be\/actualites\/#\/schema\/person\/b87ac4f82f9d4e7b7cec7395b679edc4"},"headline":"Comment pr\u00e9commander la PS5 Pro","datePublished":"2024-09-26T21:17:33+00:00","dateModified":"2024-09-26T21:17:33+00:00","mainEntityOfPage":{"@id":"https:\/\/vieassociative.be\/actualites\/comment-precommander-la-ps5-pro\/"},"wordCount":569,"publisher":{"@id":"https:\/\/vieassociative.be\/actualites\/#organization"},"image":{"@id":"https:\/\/vieassociative.be\/actualites\/comment-precommander-la-ps5-pro\/#primaryimage"},"thumbnailUrl":"https:\/\/vieassociative.be\/actualites\/wp-content\/uploads\/2024\/09\/Comment-precommander-la-PS5-Pro.jpg","keywords":["Comment","pr\u00e9commander","Pro","PS5"],"articleSection":["Divertissement"],"inLanguage":"fr-BE"},{"@type":"WebPage","@id":"https:\/\/vieassociative.be\/actualites\/comment-precommander-la-ps5-pro\/","url":"https:\/\/vieassociative.be\/actualites\/comment-precommander-la-ps5-pro\/","name":"Comment pr\u00e9commander la PS5 Pro | Vie Associative","isPartOf":{"@id":"https:\/\/vieassociative.be\/actualites\/#website"},"primaryImageOfPage":{"@id":"https:\/\/vieassociative.be\/actualites\/comment-precommander-la-ps5-pro\/#primaryimage"},"image":{"@id":"https:\/\/vieassociative.be\/actualites\/comment-precommander-la-ps5-pro\/#primaryimage"},"thumbnailUrl":"https:\/\/vieassociative.be\/actualites\/wp-content\/uploads\/2024\/09\/Comment-precommander-la-PS5-Pro.jpg","datePublished":"2024-09-26T21:17:33+00:00","dateModified":"2024-09-26T21:17:33+00:00","breadcrumb":{"@id":"https:\/\/vieassociative.be\/actualites\/comment-precommander-la-ps5-pro\/#breadcrumb"},"inLanguage":"fr-BE","potentialAction":[{"@type":"ReadAction","target":["https:\/\/vieassociative.be\/actualites\/comment-precommander-la-ps5-pro\/"]}]},{"@type":"ImageObject","inLanguage":"fr-BE","@id":"https:\/\/vieassociative.be\/actualites\/comment-precommander-la-ps5-pro\/#primaryimage","url":"https:\/\/vieassociative.be\/actualites\/wp-content\/uploads\/2024\/09\/Comment-precommander-la-PS5-Pro.jpg","contentUrl":"https:\/\/vieassociative.be\/actualites\/wp-content\/uploads\/2024\/09\/Comment-precommander-la-PS5-Pro.jpg","width":1200,"height":675,"caption":"Comment pr\u00e9commander la PS5 Pro"},{"@type":"BreadcrumbList","@id":"https:\/\/vieassociative.be\/actualites\/comment-precommander-la-ps5-pro\/#breadcrumb","itemListElement":[{"@type":"ListItem","position":1,"name":"Accueil","item":"https:\/\/vieassociative.be\/actualites\/"},{"@type":"ListItem","position":2,"name":"Comment pr\u00e9commander la PS5 Pro"}]},{"@type":"WebSite","@id":"https:\/\/vieassociative.be\/actualites\/#website","url":"https:\/\/vieassociative.be\/actualites\/","name":"Vie Associative","description":"","publisher":{"@id":"https:\/\/vieassociative.be\/actualites\/#organization"},"potentialAction":[{"@type":"SearchAction","target":{"@type":"EntryPoint","urlTemplate":"https:\/\/vieassociative.be\/actualites\/?s={search_term_string}"},"query-input":{"@type":"PropertyValueSpecification","valueRequired":true,"valueName":"search_term_string"}}],"inLanguage":"fr-BE"},{"@type":"Organization","@id":"https:\/\/vieassociative.be\/actualites\/#organization","name":"Vie Associative","url":"https:\/\/vieassociative.be\/actualites\/","logo":{"@type":"ImageObject","inLanguage":"fr-BE","@id":"https:\/\/vieassociative.be\/actualites\/#\/schema\/logo\/image\/","url":"https:\/\/vieassociative.be\/actualites\/wp-content\/uploads\/2024\/09\/cropped-vieassociative_favicon.ico.png","contentUrl":"https:\/\/vieassociative.be\/actualites\/wp-content\/uploads\/2024\/09\/cropped-vieassociative_favicon.ico.png","width":512,"height":512,"caption":"Vie Associative"},"image":{"@id":"https:\/\/vieassociative.be\/actualites\/#\/schema\/logo\/image\/"}},{"@type":"Person","@id":"https:\/\/vieassociative.be\/actualites\/#\/schema\/person\/b87ac4f82f9d4e7b7cec7395b679edc4","name":"Julien","image":{"@type":"ImageObject","inLanguage":"fr-BE","@id":"https:\/\/vieassociative.be\/actualites\/#\/schema\/person\/image\/","url":"https:\/\/vieassociative.be\/actualites\/wp-content\/uploads\/2024\/09\/vie-associative-1-150x150.jpg","contentUrl":"https:\/\/vieassociative.be\/actualites\/wp-content\/uploads\/2024\/09\/vie-associative-1-150x150.jpg","caption":"Julien"},"description":"Je suis Julien, r\u00e9dacteur pour Vie Associative. Passionn\u00e9 par le monde associatif depuis plus de 10 ans, j'ai \u00e0 c\u0153ur de partager des histoires inspirantes et de mettre en lumi\u00e8re les initiatives locales. Mon objectif est de sensibiliser et d'encourager l'engagement communautaire \u00e0 travers mes articles.","sameAs":["https:\/\/vieassociative.be\/"]}]}},"_links":{"self":[{"href":"https:\/\/vieassociative.be\/actualites\/wp-json\/wp\/v2\/posts\/533"}],"collection":[{"href":"https:\/\/vieassociative.be\/actualites\/wp-json\/wp\/v2\/posts"}],"about":[{"href":"https:\/\/vieassociative.be\/actualites\/wp-json\/wp\/v2\/types\/post"}],"author":[{"embeddable":true,"href":"https:\/\/vieassociative.be\/actualites\/wp-json\/wp\/v2\/users\/1"}],"replies":[{"embeddable":true,"href":"https:\/\/vieassociative.be\/actualites\/wp-json\/wp\/v2\/comments?post=533"}],"version-history":[{"count":0,"href":"https:\/\/vieassociative.be\/actualites\/wp-json\/wp\/v2\/posts\/533\/revisions"}],"wp:featuredmedia":[{"embeddable":true,"href":"https:\/\/vieassociative.be\/actualites\/wp-json\/wp\/v2\/media\/534"}],"wp:attachment":[{"href":"https:\/\/vieassociative.be\/actualites\/wp-json\/wp\/v2\/media?parent=533"}],"wp:term":[{"taxonomy":"category","embeddable":true,"href":"https:\/\/vieassociative.be\/actualites\/wp-json\/wp\/v2\/categories?post=533"},{"taxonomy":"post_tag","embeddable":true,"href":"https:\/\/vieassociative.be\/actualites\/wp-json\/wp\/v2\/tags?post=533"}],"curies":[{"name":"wp","href":"https:\/\/api.w.org\/{rel}","templated":true}]}}