{"id":5329,"date":"2025-02-22T20:17:27","date_gmt":"2025-02-22T19:17:27","guid":{"rendered":"https:\/\/vieassociative.be\/actualites\/telechargez-vos-livres-kindle-pendant-que-vous-le-pouvez-encore-2\/"},"modified":"2025-02-22T20:17:27","modified_gmt":"2025-02-22T19:17:27","slug":"telechargez-vos-livres-kindle-pendant-que-vous-le-pouvez-encore-2","status":"publish","type":"post","link":"https:\/\/vieassociative.be\/actualites\/telechargez-vos-livres-kindle-pendant-que-vous-le-pouvez-encore-2\/","title":{"rendered":"T\u00e9l\u00e9chargez vos livres Kindle pendant que vous le pouvez encore"},"content":{"rendered":"<div class=\"mt-4 leading-6 md:mb-8\">Amazon tue l&rsquo;option pour enregistrer des livres \u00e9lectroniques sur votre ordinateur.<\/div>\n<p><\/p>\n<p>Si vous \u00eates un lecteur de livres \u00e9lectroniques passionn\u00e9 ou quelqu&rsquo;un qui a une vaste biblioth\u00e8que de contenu Kindle, il est maintenant temps de sauvegarder vos livres. <\/p>\n<p>\u00c0 partir du mercredi 26 f\u00e9vrier, les lecteurs ne pourront plus t\u00e9l\u00e9charger des livres \u00e9lectroniques Kindle sur un ordinateur, o\u00f9 vous pouvez convertir le fichier de .Azw3, sp\u00e9cifique au Kindle d&rsquo;Amazon. lecteur. Une fois cette fonctionnalit\u00e9 \u00e9limin\u00e9e, les livres \u00e9lectroniques Kindle ne peuvent \u00eatre transf\u00e9r\u00e9s que sur un appareil Kindle via une connexion WiFi ou cellulaire ou accessible via l&rsquo;application Kindle ou Kindle pour Web.  <\/p>\n<p>Alors que les utilisateurs qui lisent principalement dans l&rsquo;application Kindle ou sur un appareil Kindle peuvent ne pas manquer cette fonctionnalit\u00e9, sa perte rend impossible de convertir les livres de Kindle pour \u00eatre compatibles avec d&rsquo;autres e-liseurs ou les partager. De plus, si Amazon supprime un titre que vous avez achet\u00e9 ou que vous y perdez la licence \u00e0 l&rsquo;avenir, vous n&rsquo;y aurez pas acc\u00e8s. <\/p>\n<h2 id=\"how-to-download-and-save-your-kindle-books\">Comment t\u00e9l\u00e9charger et enregistrer vos livres Kindle<\/h2>\n<p>Pour t\u00e9l\u00e9charger vos livres Kindle sur votre ordinateur maintenant, connectez-vous \u00e0 votre compte Amazon et allez \u00e0 <strong>Comptes et listes> Biblioth\u00e8que de contenu> Livre<\/strong>. Trouvez le livre que vous souhaitez t\u00e9l\u00e9charger \u00e0 partir de la liste, ouvrez le <strong>Plus d&rsquo;actions<\/strong> menu \u00e0 droite et s\u00e9lectionnez <strong>T\u00e9l\u00e9charger et transf\u00e9rer via USB<\/strong>. <\/p>\n<p>La fen\u00eatre contextuelle vous alertera sur le destin imminent du t\u00e9l\u00e9chargement USB avec le message suivant: \u00ab\u00a0\u00c0 partir du 26 f\u00e9vrier 2025, l&rsquo;option\u00a0\u00bb T\u00e9l\u00e9charger et transf\u00e9rer via USB \u00ab\u00a0ne sera plus disponible. Vous pouvez toujours envoyer des livres Kindle Vos p\u00e9riph\u00e9riques activ\u00e9s par Wi-Fi en s\u00e9lectionnant l&rsquo;option \u00abLivrer ou supprimer de l&rsquo;appareil\u00bb. \u00a0\u00bb <\/p>\n<p>Jusque-l\u00e0, vous pouvez s\u00e9lectionner votre appareil et frapper <strong>T\u00e9l\u00e9charger<\/strong>qui enregistrera le fichier sur votre ordinateur en tant que fichier .AZW3. Malheureusement, il n&rsquo;y a pas d&rsquo;option de t\u00e9l\u00e9chargement en vrac, vous devrez donc aller un par un. <\/p>\n<p>Vous pouvez ensuite transf\u00e9rer des livres sur votre Kindle en le connectant en utilisant votre cordon USB et en copie le fichier au lecteur Kindle qui appara\u00eet sur votre bureau. Alternativement, vous pouvez le convertir en d&rsquo;autres formats (comme PDF) pour lire sur d&rsquo;autres appareils via un outil comme CloudConvert. <\/p>\n","protected":false},"excerpt":{"rendered":"<p>Amazon tue l&rsquo;option pour enregistrer des livres \u00e9lectroniques sur votre ordinateur. Si vous \u00eates un lecteur de livres \u00e9lectroniques passionn\u00e9 ou quelqu&rsquo;un qui a une<\/p>\n","protected":false},"author":1,"featured_media":5307,"comment_status":"","ping_status":"","sticky":false,"template":"","format":"standard","meta":{"footnotes":""},"categories":[36],"tags":[592,2263,562,198,5,5453,27,4],"class_list":["post-5329","post","type-post","status-publish","format-standard","has-post-thumbnail","hentry","category-divertissement","tag-encore","tag-kindle","tag-livres","tag-pendant","tag-pouvez","tag-telechargez","tag-vos","tag-vous","generate-columns","tablet-grid-50","mobile-grid-100","grid-parent","grid-33"],"yoast_head":"<!-- This site is optimized with the Yoast SEO plugin v24.0 - https:\/\/yoast.com\/wordpress\/plugins\/seo\/ -->\n<title>T\u00e9l\u00e9chargez vos livres Kindle pendant que vous le pouvez encore | Vie Associative<\/title>\n<meta name=\"robots\" content=\"index, follow, max-snippet:-1, max-image-preview:large, max-video-preview:-1\" \/>\n<link rel=\"canonical\" href=\"https:\/\/vieassociative.be\/actualites\/telechargez-vos-livres-kindle-pendant-que-vous-le-pouvez-encore-2\/\" \/>\n<meta property=\"og:locale\" content=\"fr_FR\" \/>\n<meta property=\"og:type\" content=\"article\" \/>\n<meta property=\"og:title\" content=\"T\u00e9l\u00e9chargez vos livres Kindle pendant que vous le pouvez encore | Vie Associative\" \/>\n<meta property=\"og:description\" content=\"Amazon tue l&rsquo;option pour enregistrer des livres \u00e9lectroniques sur votre ordinateur. Si vous \u00eates un lecteur de livres \u00e9lectroniques passionn\u00e9 ou quelqu&rsquo;un qui a une\" \/>\n<meta property=\"og:url\" content=\"https:\/\/vieassociative.be\/actualites\/telechargez-vos-livres-kindle-pendant-que-vous-le-pouvez-encore-2\/\" \/>\n<meta property=\"og:site_name\" content=\"Vie Associative\" \/>\n<meta property=\"article:published_time\" content=\"2025-02-22T19:17:27+00:00\" \/>\n<meta property=\"og:image\" content=\"https:\/\/vieassociative.be\/actualites\/wp-content\/uploads\/2024\/09\/header_backgroundk-01-e1726694325946.png\" \/>\n\t<meta property=\"og:image:width\" content=\"279\" \/>\n\t<meta property=\"og:image:height\" content=\"92\" \/>\n\t<meta property=\"og:image:type\" content=\"image\/png\" \/>\n<meta name=\"author\" content=\"Julien\" \/>\n<meta name=\"twitter:card\" content=\"summary_large_image\" \/>\n<meta name=\"twitter:label1\" content=\"\u00c9crit par\" \/>\n\t<meta name=\"twitter:data1\" content=\"Julien\" \/>\n\t<meta name=\"twitter:label2\" content=\"Dur\u00e9e de lecture est.\" \/>\n\t<meta name=\"twitter:data2\" content=\"2 minutes\" \/>\n<script type=\"application\/ld+json\" class=\"yoast-schema-graph\">{\"@context\":\"https:\/\/schema.org\",\"@graph\":[{\"@type\":\"Article\",\"@id\":\"https:\/\/vieassociative.be\/actualites\/telechargez-vos-livres-kindle-pendant-que-vous-le-pouvez-encore-2\/#article\",\"isPartOf\":{\"@id\":\"https:\/\/vieassociative.be\/actualites\/telechargez-vos-livres-kindle-pendant-que-vous-le-pouvez-encore-2\/\"},\"author\":{\"name\":\"Julien\",\"@id\":\"https:\/\/vieassociative.be\/actualites\/#\/schema\/person\/b87ac4f82f9d4e7b7cec7395b679edc4\"},\"headline\":\"T\u00e9l\u00e9chargez vos livres Kindle pendant que vous le pouvez encore\",\"datePublished\":\"2025-02-22T19:17:27+00:00\",\"dateModified\":\"2025-02-22T19:17:27+00:00\",\"mainEntityOfPage\":{\"@id\":\"https:\/\/vieassociative.be\/actualites\/telechargez-vos-livres-kindle-pendant-que-vous-le-pouvez-encore-2\/\"},\"wordCount\":420,\"publisher\":{\"@id\":\"https:\/\/vieassociative.be\/actualites\/#organization\"},\"image\":{\"@id\":\"https:\/\/vieassociative.be\/actualites\/telechargez-vos-livres-kindle-pendant-que-vous-le-pouvez-encore-2\/#primaryimage\"},\"thumbnailUrl\":\"https:\/\/vieassociative.be\/actualites\/wp-content\/uploads\/2025\/02\/Telechargez-vos-livres-Kindle-pendant-que-vous-le-pouvez-encore.png\",\"keywords\":[\"encore\",\"Kindle\",\"livres\",\"pendant\",\"pouvez\",\"T\u00e9l\u00e9chargez\",\"vos\",\"Vous\"],\"articleSection\":[\"Divertissement\"],\"inLanguage\":\"fr-BE\"},{\"@type\":\"WebPage\",\"@id\":\"https:\/\/vieassociative.be\/actualites\/telechargez-vos-livres-kindle-pendant-que-vous-le-pouvez-encore-2\/\",\"url\":\"https:\/\/vieassociative.be\/actualites\/telechargez-vos-livres-kindle-pendant-que-vous-le-pouvez-encore-2\/\",\"name\":\"T\u00e9l\u00e9chargez vos livres Kindle pendant que vous le pouvez encore | Vie Associative\",\"isPartOf\":{\"@id\":\"https:\/\/vieassociative.be\/actualites\/#website\"},\"primaryImageOfPage\":{\"@id\":\"https:\/\/vieassociative.be\/actualites\/telechargez-vos-livres-kindle-pendant-que-vous-le-pouvez-encore-2\/#primaryimage\"},\"image\":{\"@id\":\"https:\/\/vieassociative.be\/actualites\/telechargez-vos-livres-kindle-pendant-que-vous-le-pouvez-encore-2\/#primaryimage\"},\"thumbnailUrl\":\"https:\/\/vieassociative.be\/actualites\/wp-content\/uploads\/2025\/02\/Telechargez-vos-livres-Kindle-pendant-que-vous-le-pouvez-encore.png\",\"datePublished\":\"2025-02-22T19:17:27+00:00\",\"dateModified\":\"2025-02-22T19:17:27+00:00\",\"breadcrumb\":{\"@id\":\"https:\/\/vieassociative.be\/actualites\/telechargez-vos-livres-kindle-pendant-que-vous-le-pouvez-encore-2\/#breadcrumb\"},\"inLanguage\":\"fr-BE\",\"potentialAction\":[{\"@type\":\"ReadAction\",\"target\":[\"https:\/\/vieassociative.be\/actualites\/telechargez-vos-livres-kindle-pendant-que-vous-le-pouvez-encore-2\/\"]}]},{\"@type\":\"ImageObject\",\"inLanguage\":\"fr-BE\",\"@id\":\"https:\/\/vieassociative.be\/actualites\/telechargez-vos-livres-kindle-pendant-que-vous-le-pouvez-encore-2\/#primaryimage\",\"url\":\"https:\/\/vieassociative.be\/actualites\/wp-content\/uploads\/2025\/02\/Telechargez-vos-livres-Kindle-pendant-que-vous-le-pouvez-encore.png\",\"contentUrl\":\"https:\/\/vieassociative.be\/actualites\/wp-content\/uploads\/2025\/02\/Telechargez-vos-livres-Kindle-pendant-que-vous-le-pouvez-encore.png\",\"width\":1200,\"height\":675,\"caption\":\"T\u00e9l\u00e9chargez vos livres Kindle pendant que vous le pouvez encore\"},{\"@type\":\"BreadcrumbList\",\"@id\":\"https:\/\/vieassociative.be\/actualites\/telechargez-vos-livres-kindle-pendant-que-vous-le-pouvez-encore-2\/#breadcrumb\",\"itemListElement\":[{\"@type\":\"ListItem\",\"position\":1,\"name\":\"Accueil\",\"item\":\"https:\/\/vieassociative.be\/actualites\/\"},{\"@type\":\"ListItem\",\"position\":2,\"name\":\"T\u00e9l\u00e9chargez vos livres Kindle pendant que vous le pouvez encore\"}]},{\"@type\":\"WebSite\",\"@id\":\"https:\/\/vieassociative.be\/actualites\/#website\",\"url\":\"https:\/\/vieassociative.be\/actualites\/\",\"name\":\"Vie Associative\",\"description\":\"\",\"publisher\":{\"@id\":\"https:\/\/vieassociative.be\/actualites\/#organization\"},\"potentialAction\":[{\"@type\":\"SearchAction\",\"target\":{\"@type\":\"EntryPoint\",\"urlTemplate\":\"https:\/\/vieassociative.be\/actualites\/?s={search_term_string}\"},\"query-input\":{\"@type\":\"PropertyValueSpecification\",\"valueRequired\":true,\"valueName\":\"search_term_string\"}}],\"inLanguage\":\"fr-BE\"},{\"@type\":\"Organization\",\"@id\":\"https:\/\/vieassociative.be\/actualites\/#organization\",\"name\":\"Vie Associative\",\"url\":\"https:\/\/vieassociative.be\/actualites\/\",\"logo\":{\"@type\":\"ImageObject\",\"inLanguage\":\"fr-BE\",\"@id\":\"https:\/\/vieassociative.be\/actualites\/#\/schema\/logo\/image\/\",\"url\":\"https:\/\/vieassociative.be\/actualites\/wp-content\/uploads\/2024\/09\/cropped-vieassociative_favicon.ico.png\",\"contentUrl\":\"https:\/\/vieassociative.be\/actualites\/wp-content\/uploads\/2024\/09\/cropped-vieassociative_favicon.ico.png\",\"width\":512,\"height\":512,\"caption\":\"Vie Associative\"},\"image\":{\"@id\":\"https:\/\/vieassociative.be\/actualites\/#\/schema\/logo\/image\/\"}},{\"@type\":\"Person\",\"@id\":\"https:\/\/vieassociative.be\/actualites\/#\/schema\/person\/b87ac4f82f9d4e7b7cec7395b679edc4\",\"name\":\"Julien\",\"image\":{\"@type\":\"ImageObject\",\"inLanguage\":\"fr-BE\",\"@id\":\"https:\/\/vieassociative.be\/actualites\/#\/schema\/person\/image\/\",\"url\":\"https:\/\/vieassociative.be\/actualites\/wp-content\/uploads\/2024\/09\/vie-associative-1-150x150.jpg\",\"contentUrl\":\"https:\/\/vieassociative.be\/actualites\/wp-content\/uploads\/2024\/09\/vie-associative-1-150x150.jpg\",\"caption\":\"Julien\"},\"description\":\"Je suis Julien, r\u00e9dacteur pour Vie Associative. Passionn\u00e9 par le monde associatif depuis plus de 10 ans, j'ai \u00e0 c\u0153ur de partager des histoires inspirantes et de mettre en lumi\u00e8re les initiatives locales. Mon objectif est de sensibiliser et d'encourager l'engagement communautaire \u00e0 travers mes articles.\",\"sameAs\":[\"https:\/\/vieassociative.be\/\"]}]}<\/script>\n<!-- \/ Yoast SEO plugin. -->","yoast_head_json":{"title":"T\u00e9l\u00e9chargez vos livres Kindle pendant que vous le pouvez encore | Vie Associative","robots":{"index":"index","follow":"follow","max-snippet":"max-snippet:-1","max-image-preview":"max-image-preview:large","max-video-preview":"max-video-preview:-1"},"canonical":"https:\/\/vieassociative.be\/actualites\/telechargez-vos-livres-kindle-pendant-que-vous-le-pouvez-encore-2\/","og_locale":"fr_FR","og_type":"article","og_title":"T\u00e9l\u00e9chargez vos livres Kindle pendant que vous le pouvez encore | Vie Associative","og_description":"Amazon tue l&rsquo;option pour enregistrer des livres \u00e9lectroniques sur votre ordinateur. Si vous \u00eates un lecteur de livres \u00e9lectroniques passionn\u00e9 ou quelqu&rsquo;un qui a une","og_url":"https:\/\/vieassociative.be\/actualites\/telechargez-vos-livres-kindle-pendant-que-vous-le-pouvez-encore-2\/","og_site_name":"Vie Associative","article_published_time":"2025-02-22T19:17:27+00:00","og_image":[{"width":279,"height":92,"url":"https:\/\/vieassociative.be\/actualites\/wp-content\/uploads\/2024\/09\/header_backgroundk-01-e1726694325946.png","type":"image\/png"}],"author":"Julien","twitter_card":"summary_large_image","twitter_misc":{"\u00c9crit par":"Julien","Dur\u00e9e de lecture est.":"2 minutes"},"schema":{"@context":"https:\/\/schema.org","@graph":[{"@type":"Article","@id":"https:\/\/vieassociative.be\/actualites\/telechargez-vos-livres-kindle-pendant-que-vous-le-pouvez-encore-2\/#article","isPartOf":{"@id":"https:\/\/vieassociative.be\/actualites\/telechargez-vos-livres-kindle-pendant-que-vous-le-pouvez-encore-2\/"},"author":{"name":"Julien","@id":"https:\/\/vieassociative.be\/actualites\/#\/schema\/person\/b87ac4f82f9d4e7b7cec7395b679edc4"},"headline":"T\u00e9l\u00e9chargez vos livres Kindle pendant que vous le pouvez encore","datePublished":"2025-02-22T19:17:27+00:00","dateModified":"2025-02-22T19:17:27+00:00","mainEntityOfPage":{"@id":"https:\/\/vieassociative.be\/actualites\/telechargez-vos-livres-kindle-pendant-que-vous-le-pouvez-encore-2\/"},"wordCount":420,"publisher":{"@id":"https:\/\/vieassociative.be\/actualites\/#organization"},"image":{"@id":"https:\/\/vieassociative.be\/actualites\/telechargez-vos-livres-kindle-pendant-que-vous-le-pouvez-encore-2\/#primaryimage"},"thumbnailUrl":"https:\/\/vieassociative.be\/actualites\/wp-content\/uploads\/2025\/02\/Telechargez-vos-livres-Kindle-pendant-que-vous-le-pouvez-encore.png","keywords":["encore","Kindle","livres","pendant","pouvez","T\u00e9l\u00e9chargez","vos","Vous"],"articleSection":["Divertissement"],"inLanguage":"fr-BE"},{"@type":"WebPage","@id":"https:\/\/vieassociative.be\/actualites\/telechargez-vos-livres-kindle-pendant-que-vous-le-pouvez-encore-2\/","url":"https:\/\/vieassociative.be\/actualites\/telechargez-vos-livres-kindle-pendant-que-vous-le-pouvez-encore-2\/","name":"T\u00e9l\u00e9chargez vos livres Kindle pendant que vous le pouvez encore | Vie Associative","isPartOf":{"@id":"https:\/\/vieassociative.be\/actualites\/#website"},"primaryImageOfPage":{"@id":"https:\/\/vieassociative.be\/actualites\/telechargez-vos-livres-kindle-pendant-que-vous-le-pouvez-encore-2\/#primaryimage"},"image":{"@id":"https:\/\/vieassociative.be\/actualites\/telechargez-vos-livres-kindle-pendant-que-vous-le-pouvez-encore-2\/#primaryimage"},"thumbnailUrl":"https:\/\/vieassociative.be\/actualites\/wp-content\/uploads\/2025\/02\/Telechargez-vos-livres-Kindle-pendant-que-vous-le-pouvez-encore.png","datePublished":"2025-02-22T19:17:27+00:00","dateModified":"2025-02-22T19:17:27+00:00","breadcrumb":{"@id":"https:\/\/vieassociative.be\/actualites\/telechargez-vos-livres-kindle-pendant-que-vous-le-pouvez-encore-2\/#breadcrumb"},"inLanguage":"fr-BE","potentialAction":[{"@type":"ReadAction","target":["https:\/\/vieassociative.be\/actualites\/telechargez-vos-livres-kindle-pendant-que-vous-le-pouvez-encore-2\/"]}]},{"@type":"ImageObject","inLanguage":"fr-BE","@id":"https:\/\/vieassociative.be\/actualites\/telechargez-vos-livres-kindle-pendant-que-vous-le-pouvez-encore-2\/#primaryimage","url":"https:\/\/vieassociative.be\/actualites\/wp-content\/uploads\/2025\/02\/Telechargez-vos-livres-Kindle-pendant-que-vous-le-pouvez-encore.png","contentUrl":"https:\/\/vieassociative.be\/actualites\/wp-content\/uploads\/2025\/02\/Telechargez-vos-livres-Kindle-pendant-que-vous-le-pouvez-encore.png","width":1200,"height":675,"caption":"T\u00e9l\u00e9chargez vos livres Kindle pendant que vous le pouvez encore"},{"@type":"BreadcrumbList","@id":"https:\/\/vieassociative.be\/actualites\/telechargez-vos-livres-kindle-pendant-que-vous-le-pouvez-encore-2\/#breadcrumb","itemListElement":[{"@type":"ListItem","position":1,"name":"Accueil","item":"https:\/\/vieassociative.be\/actualites\/"},{"@type":"ListItem","position":2,"name":"T\u00e9l\u00e9chargez vos livres Kindle pendant que vous le pouvez encore"}]},{"@type":"WebSite","@id":"https:\/\/vieassociative.be\/actualites\/#website","url":"https:\/\/vieassociative.be\/actualites\/","name":"Vie Associative","description":"","publisher":{"@id":"https:\/\/vieassociative.be\/actualites\/#organization"},"potentialAction":[{"@type":"SearchAction","target":{"@type":"EntryPoint","urlTemplate":"https:\/\/vieassociative.be\/actualites\/?s={search_term_string}"},"query-input":{"@type":"PropertyValueSpecification","valueRequired":true,"valueName":"search_term_string"}}],"inLanguage":"fr-BE"},{"@type":"Organization","@id":"https:\/\/vieassociative.be\/actualites\/#organization","name":"Vie Associative","url":"https:\/\/vieassociative.be\/actualites\/","logo":{"@type":"ImageObject","inLanguage":"fr-BE","@id":"https:\/\/vieassociative.be\/actualites\/#\/schema\/logo\/image\/","url":"https:\/\/vieassociative.be\/actualites\/wp-content\/uploads\/2024\/09\/cropped-vieassociative_favicon.ico.png","contentUrl":"https:\/\/vieassociative.be\/actualites\/wp-content\/uploads\/2024\/09\/cropped-vieassociative_favicon.ico.png","width":512,"height":512,"caption":"Vie Associative"},"image":{"@id":"https:\/\/vieassociative.be\/actualites\/#\/schema\/logo\/image\/"}},{"@type":"Person","@id":"https:\/\/vieassociative.be\/actualites\/#\/schema\/person\/b87ac4f82f9d4e7b7cec7395b679edc4","name":"Julien","image":{"@type":"ImageObject","inLanguage":"fr-BE","@id":"https:\/\/vieassociative.be\/actualites\/#\/schema\/person\/image\/","url":"https:\/\/vieassociative.be\/actualites\/wp-content\/uploads\/2024\/09\/vie-associative-1-150x150.jpg","contentUrl":"https:\/\/vieassociative.be\/actualites\/wp-content\/uploads\/2024\/09\/vie-associative-1-150x150.jpg","caption":"Julien"},"description":"Je suis Julien, r\u00e9dacteur pour Vie Associative. Passionn\u00e9 par le monde associatif depuis plus de 10 ans, j'ai \u00e0 c\u0153ur de partager des histoires inspirantes et de mettre en lumi\u00e8re les initiatives locales. Mon objectif est de sensibiliser et d'encourager l'engagement communautaire \u00e0 travers mes articles.","sameAs":["https:\/\/vieassociative.be\/"]}]}},"_links":{"self":[{"href":"https:\/\/vieassociative.be\/actualites\/wp-json\/wp\/v2\/posts\/5329"}],"collection":[{"href":"https:\/\/vieassociative.be\/actualites\/wp-json\/wp\/v2\/posts"}],"about":[{"href":"https:\/\/vieassociative.be\/actualites\/wp-json\/wp\/v2\/types\/post"}],"author":[{"embeddable":true,"href":"https:\/\/vieassociative.be\/actualites\/wp-json\/wp\/v2\/users\/1"}],"replies":[{"embeddable":true,"href":"https:\/\/vieassociative.be\/actualites\/wp-json\/wp\/v2\/comments?post=5329"}],"version-history":[{"count":0,"href":"https:\/\/vieassociative.be\/actualites\/wp-json\/wp\/v2\/posts\/5329\/revisions"}],"wp:featuredmedia":[{"embeddable":true,"href":"https:\/\/vieassociative.be\/actualites\/wp-json\/wp\/v2\/media\/5307"}],"wp:attachment":[{"href":"https:\/\/vieassociative.be\/actualites\/wp-json\/wp\/v2\/media?parent=5329"}],"wp:term":[{"taxonomy":"category","embeddable":true,"href":"https:\/\/vieassociative.be\/actualites\/wp-json\/wp\/v2\/categories?post=5329"},{"taxonomy":"post_tag","embeddable":true,"href":"https:\/\/vieassociative.be\/actualites\/wp-json\/wp\/v2\/tags?post=5329"}],"curies":[{"name":"wp","href":"https:\/\/api.w.org\/{rel}","templated":true}]}}