{"id":5325,"date":"2025-02-22T15:18:09","date_gmt":"2025-02-22T14:18:09","guid":{"rendered":"https:\/\/vieassociative.be\/actualites\/la-belgique-est-autorisee-a-co-infinance-plus-longue-operation-des-peuples-nucleaires\/"},"modified":"2025-02-22T15:18:09","modified_gmt":"2025-02-22T14:18:09","slug":"la-belgique-est-autorisee-a-co-infinance-plus-longue-operation-des-peuples-nucleaires","status":"publish","type":"post","link":"https:\/\/vieassociative.be\/actualites\/la-belgique-est-autorisee-a-co-infinance-plus-longue-operation-des-peuples-nucleaires\/","title":{"rendered":"La Belgique est autoris\u00e9e \u00e0 co-infinance plus longue op\u00e9ration des peuples nucl\u00e9aires"},"content":{"rendered":"<p><strong>Deux r\u00e9acteurs nucl\u00e9aires belges fonctionnent dix ans de plus que pr\u00e9vu. Le gouvernement f\u00e9d\u00e9ral a d\u00e9j\u00e0 d\u00e9cid\u00e9 cela. La Commission de l&rsquo;UE donne d\u00e9sormais le feu vert pour les plans.<\/strong><\/p>\n<p><span id=\"more-408763\"><\/span>L&rsquo;\u00c9tat belge peut fournir un soutien financier \u00e0 deux r\u00e9acteurs nucl\u00e9aires dans le pays. La Commission de l&rsquo;UE \u00e0 Bruxelles a approuv\u00e9 l&rsquo;aide, comme on peut le voir \u00e0 partir d&rsquo;un message.<\/p>\n<p>Compte tenu du souci de la s\u00e9curit\u00e9 \u00e9nerg\u00e9tique et en vue de l&rsquo;attaque russe contre l&rsquo;Ukraine, le gouvernement belge avait d\u00e9cid\u00e9 en 2022 de reporter l&rsquo;\u00e9limination nucl\u00e9aire du pays de dix ans. Un mile des deux centrales nucl\u00e9aires belges devrait rester en ligne d&rsquo;ici 2035.<\/p>\n<div id=\"attachment_408765\" class=\"wp-caption alignleft\" style=\"max-width: 300px\"><img fetchpriority=\"high\" decoding=\"async\" class=\"wp-image-408765 size-medium\" src=\"https:\/\/vieassociative.be\/actualites\/wp-content\/uploads\/2025\/02\/La-Belgique-est-autorisee-a-co-infinance-plus-longue-operation-des.jpg\" alt=\"\" width=\"300\" height=\"200\"><\/p>\n<p class=\"wp-caption-text\">26\/02\/2016, Belgique, Anvers: la vapeur augmente des tours de refroidissement de la centrale nucl\u00e9aire de Doel. Photo: Oliver Berg \/ DPA<\/p>\n<\/div>\n<p>La Commission europ\u00e9enne donne d\u00e9sormais le feu vert, entre autres, pour s&rsquo;assurer que l&rsquo;\u00c9tat garantit le revenu stable de l&rsquo;op\u00e9rateur pendant dix ans et assume la responsabilit\u00e9 des d\u00e9chets radioactifs et des \u00e9l\u00e9ments de carburant br\u00fbl\u00e9s-paiement d&rsquo;un montant forfaitaire. Il peut \u00e9galement participer \u00e0 une coentreprise nouvellement fond\u00e9e pour couvrir les d\u00e9penses d&rsquo;investissement n\u00e9cessaires.<\/p>\n<p><strong>&#8211; Trois Meilers sur sept en Belgique ne courent plus:<\/strong> La Belgique a un total de sept r\u00e9acteurs dans les deux centrales nucl\u00e9aires &#8211; cependant, trois ont d\u00e9j\u00e0 \u00e9t\u00e9 retir\u00e9s du r\u00e9seau. \u00c0 l&rsquo;origine, les deux longs r\u00e9acteurs dans les centrales Doel Power pr\u00e8s de la ville d&rsquo;Anvers et de Tiang 2025 devaient \u00eatre \u00e9teintes.<\/p>\n<p>Dans le pays voisin de l&rsquo;Allemagne, les couronnes nucl\u00e9aires belges des ann\u00e9es 1970 et 1980 fournissent \u00e0 plusieurs reprises des discussions. Par exemple, des carences ont \u00e9t\u00e9 trouv\u00e9es plusieurs fois dans des r\u00e9acteurs, tels que des pi\u00e8ces en b\u00e9ton d\u00e9labr\u00e9es. Entre autres choses, la ville d&rsquo;Aix-un (Rhin-Westphalie du Nord) et le gouvernement allemand ont exig\u00e9 \u00e0 plusieurs reprises le d\u00e9classement dans le pass\u00e9.<\/p>\n<p><strong>&#8211; Le nouveau gouvernement veut \u00e9tendre davantage:<\/strong> Selon l&rsquo;accord de coalition, le nouveau gouvernement belge du Premier ministre Bart De Wever veut continuer \u00e0 compter sur l&rsquo;\u00e9nergie nucl\u00e9aire. L&rsquo;alliance de cinq partis (N-VA, MR, Vooruit, CD&#038;V et Les Engages) est en fonction depuis d\u00e9but f\u00e9vrier. Le gouvernement souhaite mettre un programme ambitieux pour relancer l&rsquo;industrie nucl\u00e9aire en Belgique et construire de nouveaux r\u00e9acteurs nucl\u00e9aires, selon l&rsquo;accord de coalition. \u00c0 court terme, les capacit\u00e9s existantes devraient \u00eatre prolong\u00e9es et investies dans la construction de nouvelles capacit\u00e9s \u00e0 long terme. (DPA \/ CRE)<\/p>\n","protected":false},"excerpt":{"rendered":"<p>Deux r\u00e9acteurs nucl\u00e9aires belges fonctionnent dix ans de plus que pr\u00e9vu. Le gouvernement f\u00e9d\u00e9ral a d\u00e9j\u00e0 d\u00e9cid\u00e9 cela. La Commission de l&rsquo;UE donne d\u00e9sormais le<\/p>\n","protected":false},"author":1,"featured_media":5326,"comment_status":"","ping_status":"","sticky":false,"template":"","format":"standard","meta":{"footnotes":""},"categories":[298],"tags":[5475,383,5476,29,76,1868,5479,5477,5478],"class_list":["post-5325","post","type-post","status-publish","format-standard","has-post-thumbnail","hentry","category-belgique","tag-autorisee","tag-belgique","tag-coinfinance","tag-des","tag-est","tag-longue","tag-nucleaires","tag-operation","tag-peuples","generate-columns","tablet-grid-50","mobile-grid-100","grid-parent","grid-33"],"yoast_head":"<!-- This site is optimized with the Yoast SEO plugin v24.0 - https:\/\/yoast.com\/wordpress\/plugins\/seo\/ -->\n<title>La Belgique est autoris\u00e9e \u00e0 co-infinance plus longue op\u00e9ration des peuples nucl\u00e9aires | Vie Associative<\/title>\n<meta name=\"robots\" content=\"index, follow, max-snippet:-1, max-image-preview:large, max-video-preview:-1\" \/>\n<link rel=\"canonical\" href=\"https:\/\/vieassociative.be\/actualites\/la-belgique-est-autorisee-a-co-infinance-plus-longue-operation-des-peuples-nucleaires\/\" \/>\n<meta property=\"og:locale\" content=\"fr_FR\" \/>\n<meta property=\"og:type\" content=\"article\" \/>\n<meta property=\"og:title\" content=\"La Belgique est autoris\u00e9e \u00e0 co-infinance plus longue op\u00e9ration des peuples nucl\u00e9aires | Vie Associative\" \/>\n<meta property=\"og:description\" content=\"Deux r\u00e9acteurs nucl\u00e9aires belges fonctionnent dix ans de plus que pr\u00e9vu. Le gouvernement f\u00e9d\u00e9ral a d\u00e9j\u00e0 d\u00e9cid\u00e9 cela. La Commission de l&rsquo;UE donne d\u00e9sormais le\" \/>\n<meta property=\"og:url\" content=\"https:\/\/vieassociative.be\/actualites\/la-belgique-est-autorisee-a-co-infinance-plus-longue-operation-des-peuples-nucleaires\/\" \/>\n<meta property=\"og:site_name\" content=\"Vie Associative\" \/>\n<meta property=\"article:published_time\" content=\"2025-02-22T14:18:09+00:00\" \/>\n<meta property=\"og:image\" content=\"https:\/\/vieassociative.be\/actualites\/wp-content\/uploads\/2024\/09\/header_backgroundk-01-e1726694325946.png\" \/>\n\t<meta property=\"og:image:width\" content=\"279\" \/>\n\t<meta property=\"og:image:height\" content=\"92\" \/>\n\t<meta property=\"og:image:type\" content=\"image\/png\" \/>\n<meta name=\"author\" content=\"Julien\" \/>\n<meta name=\"twitter:card\" content=\"summary_large_image\" \/>\n<meta name=\"twitter:label1\" content=\"\u00c9crit par\" \/>\n\t<meta name=\"twitter:data1\" content=\"Julien\" \/>\n\t<meta name=\"twitter:label2\" content=\"Dur\u00e9e de lecture est.\" \/>\n\t<meta name=\"twitter:data2\" content=\"2 minutes\" \/>\n<script type=\"application\/ld+json\" class=\"yoast-schema-graph\">{\"@context\":\"https:\/\/schema.org\",\"@graph\":[{\"@type\":\"Article\",\"@id\":\"https:\/\/vieassociative.be\/actualites\/la-belgique-est-autorisee-a-co-infinance-plus-longue-operation-des-peuples-nucleaires\/#article\",\"isPartOf\":{\"@id\":\"https:\/\/vieassociative.be\/actualites\/la-belgique-est-autorisee-a-co-infinance-plus-longue-operation-des-peuples-nucleaires\/\"},\"author\":{\"name\":\"Julien\",\"@id\":\"https:\/\/vieassociative.be\/actualites\/#\/schema\/person\/b87ac4f82f9d4e7b7cec7395b679edc4\"},\"headline\":\"La Belgique est autoris\u00e9e \u00e0 co-infinance plus longue op\u00e9ration des peuples nucl\u00e9aires\",\"datePublished\":\"2025-02-22T14:18:09+00:00\",\"dateModified\":\"2025-02-22T14:18:09+00:00\",\"mainEntityOfPage\":{\"@id\":\"https:\/\/vieassociative.be\/actualites\/la-belgique-est-autorisee-a-co-infinance-plus-longue-operation-des-peuples-nucleaires\/\"},\"wordCount\":462,\"publisher\":{\"@id\":\"https:\/\/vieassociative.be\/actualites\/#organization\"},\"image\":{\"@id\":\"https:\/\/vieassociative.be\/actualites\/la-belgique-est-autorisee-a-co-infinance-plus-longue-operation-des-peuples-nucleaires\/#primaryimage\"},\"thumbnailUrl\":\"https:\/\/vieassociative.be\/actualites\/wp-content\/uploads\/2025\/02\/1740233889_La-Belgique-est-autorisee-a-co-infinance-plus-longue-operation-des.jpg\",\"keywords\":[\"autoris\u00e9e\",\"Belgique\",\"coinfinance\",\"Des\",\"est\",\"longue\",\"nucl\u00e9aires\",\"op\u00e9ration\",\"peuples\"],\"articleSection\":[\"Belgique\"],\"inLanguage\":\"fr-BE\"},{\"@type\":\"WebPage\",\"@id\":\"https:\/\/vieassociative.be\/actualites\/la-belgique-est-autorisee-a-co-infinance-plus-longue-operation-des-peuples-nucleaires\/\",\"url\":\"https:\/\/vieassociative.be\/actualites\/la-belgique-est-autorisee-a-co-infinance-plus-longue-operation-des-peuples-nucleaires\/\",\"name\":\"La Belgique est autoris\u00e9e \u00e0 co-infinance plus longue op\u00e9ration des peuples nucl\u00e9aires | Vie Associative\",\"isPartOf\":{\"@id\":\"https:\/\/vieassociative.be\/actualites\/#website\"},\"primaryImageOfPage\":{\"@id\":\"https:\/\/vieassociative.be\/actualites\/la-belgique-est-autorisee-a-co-infinance-plus-longue-operation-des-peuples-nucleaires\/#primaryimage\"},\"image\":{\"@id\":\"https:\/\/vieassociative.be\/actualites\/la-belgique-est-autorisee-a-co-infinance-plus-longue-operation-des-peuples-nucleaires\/#primaryimage\"},\"thumbnailUrl\":\"https:\/\/vieassociative.be\/actualites\/wp-content\/uploads\/2025\/02\/1740233889_La-Belgique-est-autorisee-a-co-infinance-plus-longue-operation-des.jpg\",\"datePublished\":\"2025-02-22T14:18:09+00:00\",\"dateModified\":\"2025-02-22T14:18:09+00:00\",\"breadcrumb\":{\"@id\":\"https:\/\/vieassociative.be\/actualites\/la-belgique-est-autorisee-a-co-infinance-plus-longue-operation-des-peuples-nucleaires\/#breadcrumb\"},\"inLanguage\":\"fr-BE\",\"potentialAction\":[{\"@type\":\"ReadAction\",\"target\":[\"https:\/\/vieassociative.be\/actualites\/la-belgique-est-autorisee-a-co-infinance-plus-longue-operation-des-peuples-nucleaires\/\"]}]},{\"@type\":\"ImageObject\",\"inLanguage\":\"fr-BE\",\"@id\":\"https:\/\/vieassociative.be\/actualites\/la-belgique-est-autorisee-a-co-infinance-plus-longue-operation-des-peuples-nucleaires\/#primaryimage\",\"url\":\"https:\/\/vieassociative.be\/actualites\/wp-content\/uploads\/2025\/02\/1740233889_La-Belgique-est-autorisee-a-co-infinance-plus-longue-operation-des.jpg\",\"contentUrl\":\"https:\/\/vieassociative.be\/actualites\/wp-content\/uploads\/2025\/02\/1740233889_La-Belgique-est-autorisee-a-co-infinance-plus-longue-operation-des.jpg\",\"width\":1200,\"height\":819,\"caption\":\"La Belgique est autoris\u00e9e \u00e0 co-infinance plus longue op\u00e9ration des peuples nucl\u00e9aires\"},{\"@type\":\"BreadcrumbList\",\"@id\":\"https:\/\/vieassociative.be\/actualites\/la-belgique-est-autorisee-a-co-infinance-plus-longue-operation-des-peuples-nucleaires\/#breadcrumb\",\"itemListElement\":[{\"@type\":\"ListItem\",\"position\":1,\"name\":\"Accueil\",\"item\":\"https:\/\/vieassociative.be\/actualites\/\"},{\"@type\":\"ListItem\",\"position\":2,\"name\":\"La Belgique est autoris\u00e9e \u00e0 co-infinance plus longue op\u00e9ration des peuples nucl\u00e9aires\"}]},{\"@type\":\"WebSite\",\"@id\":\"https:\/\/vieassociative.be\/actualites\/#website\",\"url\":\"https:\/\/vieassociative.be\/actualites\/\",\"name\":\"Vie Associative\",\"description\":\"\",\"publisher\":{\"@id\":\"https:\/\/vieassociative.be\/actualites\/#organization\"},\"potentialAction\":[{\"@type\":\"SearchAction\",\"target\":{\"@type\":\"EntryPoint\",\"urlTemplate\":\"https:\/\/vieassociative.be\/actualites\/?s={search_term_string}\"},\"query-input\":{\"@type\":\"PropertyValueSpecification\",\"valueRequired\":true,\"valueName\":\"search_term_string\"}}],\"inLanguage\":\"fr-BE\"},{\"@type\":\"Organization\",\"@id\":\"https:\/\/vieassociative.be\/actualites\/#organization\",\"name\":\"Vie Associative\",\"url\":\"https:\/\/vieassociative.be\/actualites\/\",\"logo\":{\"@type\":\"ImageObject\",\"inLanguage\":\"fr-BE\",\"@id\":\"https:\/\/vieassociative.be\/actualites\/#\/schema\/logo\/image\/\",\"url\":\"https:\/\/vieassociative.be\/actualites\/wp-content\/uploads\/2024\/09\/cropped-vieassociative_favicon.ico.png\",\"contentUrl\":\"https:\/\/vieassociative.be\/actualites\/wp-content\/uploads\/2024\/09\/cropped-vieassociative_favicon.ico.png\",\"width\":512,\"height\":512,\"caption\":\"Vie Associative\"},\"image\":{\"@id\":\"https:\/\/vieassociative.be\/actualites\/#\/schema\/logo\/image\/\"}},{\"@type\":\"Person\",\"@id\":\"https:\/\/vieassociative.be\/actualites\/#\/schema\/person\/b87ac4f82f9d4e7b7cec7395b679edc4\",\"name\":\"Julien\",\"image\":{\"@type\":\"ImageObject\",\"inLanguage\":\"fr-BE\",\"@id\":\"https:\/\/vieassociative.be\/actualites\/#\/schema\/person\/image\/\",\"url\":\"https:\/\/vieassociative.be\/actualites\/wp-content\/uploads\/2024\/09\/vie-associative-1-150x150.jpg\",\"contentUrl\":\"https:\/\/vieassociative.be\/actualites\/wp-content\/uploads\/2024\/09\/vie-associative-1-150x150.jpg\",\"caption\":\"Julien\"},\"description\":\"Je suis Julien, r\u00e9dacteur pour Vie Associative. Passionn\u00e9 par le monde associatif depuis plus de 10 ans, j'ai \u00e0 c\u0153ur de partager des histoires inspirantes et de mettre en lumi\u00e8re les initiatives locales. Mon objectif est de sensibiliser et d'encourager l'engagement communautaire \u00e0 travers mes articles.\",\"sameAs\":[\"https:\/\/vieassociative.be\/\"]}]}<\/script>\n<!-- \/ Yoast SEO plugin. -->","yoast_head_json":{"title":"La Belgique est autoris\u00e9e \u00e0 co-infinance plus longue op\u00e9ration des peuples nucl\u00e9aires | Vie Associative","robots":{"index":"index","follow":"follow","max-snippet":"max-snippet:-1","max-image-preview":"max-image-preview:large","max-video-preview":"max-video-preview:-1"},"canonical":"https:\/\/vieassociative.be\/actualites\/la-belgique-est-autorisee-a-co-infinance-plus-longue-operation-des-peuples-nucleaires\/","og_locale":"fr_FR","og_type":"article","og_title":"La Belgique est autoris\u00e9e \u00e0 co-infinance plus longue op\u00e9ration des peuples nucl\u00e9aires | Vie Associative","og_description":"Deux r\u00e9acteurs nucl\u00e9aires belges fonctionnent dix ans de plus que pr\u00e9vu. Le gouvernement f\u00e9d\u00e9ral a d\u00e9j\u00e0 d\u00e9cid\u00e9 cela. La Commission de l&rsquo;UE donne d\u00e9sormais le","og_url":"https:\/\/vieassociative.be\/actualites\/la-belgique-est-autorisee-a-co-infinance-plus-longue-operation-des-peuples-nucleaires\/","og_site_name":"Vie Associative","article_published_time":"2025-02-22T14:18:09+00:00","og_image":[{"width":279,"height":92,"url":"https:\/\/vieassociative.be\/actualites\/wp-content\/uploads\/2024\/09\/header_backgroundk-01-e1726694325946.png","type":"image\/png"}],"author":"Julien","twitter_card":"summary_large_image","twitter_misc":{"\u00c9crit par":"Julien","Dur\u00e9e de lecture est.":"2 minutes"},"schema":{"@context":"https:\/\/schema.org","@graph":[{"@type":"Article","@id":"https:\/\/vieassociative.be\/actualites\/la-belgique-est-autorisee-a-co-infinance-plus-longue-operation-des-peuples-nucleaires\/#article","isPartOf":{"@id":"https:\/\/vieassociative.be\/actualites\/la-belgique-est-autorisee-a-co-infinance-plus-longue-operation-des-peuples-nucleaires\/"},"author":{"name":"Julien","@id":"https:\/\/vieassociative.be\/actualites\/#\/schema\/person\/b87ac4f82f9d4e7b7cec7395b679edc4"},"headline":"La Belgique est autoris\u00e9e \u00e0 co-infinance plus longue op\u00e9ration des peuples nucl\u00e9aires","datePublished":"2025-02-22T14:18:09+00:00","dateModified":"2025-02-22T14:18:09+00:00","mainEntityOfPage":{"@id":"https:\/\/vieassociative.be\/actualites\/la-belgique-est-autorisee-a-co-infinance-plus-longue-operation-des-peuples-nucleaires\/"},"wordCount":462,"publisher":{"@id":"https:\/\/vieassociative.be\/actualites\/#organization"},"image":{"@id":"https:\/\/vieassociative.be\/actualites\/la-belgique-est-autorisee-a-co-infinance-plus-longue-operation-des-peuples-nucleaires\/#primaryimage"},"thumbnailUrl":"https:\/\/vieassociative.be\/actualites\/wp-content\/uploads\/2025\/02\/1740233889_La-Belgique-est-autorisee-a-co-infinance-plus-longue-operation-des.jpg","keywords":["autoris\u00e9e","Belgique","coinfinance","Des","est","longue","nucl\u00e9aires","op\u00e9ration","peuples"],"articleSection":["Belgique"],"inLanguage":"fr-BE"},{"@type":"WebPage","@id":"https:\/\/vieassociative.be\/actualites\/la-belgique-est-autorisee-a-co-infinance-plus-longue-operation-des-peuples-nucleaires\/","url":"https:\/\/vieassociative.be\/actualites\/la-belgique-est-autorisee-a-co-infinance-plus-longue-operation-des-peuples-nucleaires\/","name":"La Belgique est autoris\u00e9e \u00e0 co-infinance plus longue op\u00e9ration des peuples nucl\u00e9aires | Vie Associative","isPartOf":{"@id":"https:\/\/vieassociative.be\/actualites\/#website"},"primaryImageOfPage":{"@id":"https:\/\/vieassociative.be\/actualites\/la-belgique-est-autorisee-a-co-infinance-plus-longue-operation-des-peuples-nucleaires\/#primaryimage"},"image":{"@id":"https:\/\/vieassociative.be\/actualites\/la-belgique-est-autorisee-a-co-infinance-plus-longue-operation-des-peuples-nucleaires\/#primaryimage"},"thumbnailUrl":"https:\/\/vieassociative.be\/actualites\/wp-content\/uploads\/2025\/02\/1740233889_La-Belgique-est-autorisee-a-co-infinance-plus-longue-operation-des.jpg","datePublished":"2025-02-22T14:18:09+00:00","dateModified":"2025-02-22T14:18:09+00:00","breadcrumb":{"@id":"https:\/\/vieassociative.be\/actualites\/la-belgique-est-autorisee-a-co-infinance-plus-longue-operation-des-peuples-nucleaires\/#breadcrumb"},"inLanguage":"fr-BE","potentialAction":[{"@type":"ReadAction","target":["https:\/\/vieassociative.be\/actualites\/la-belgique-est-autorisee-a-co-infinance-plus-longue-operation-des-peuples-nucleaires\/"]}]},{"@type":"ImageObject","inLanguage":"fr-BE","@id":"https:\/\/vieassociative.be\/actualites\/la-belgique-est-autorisee-a-co-infinance-plus-longue-operation-des-peuples-nucleaires\/#primaryimage","url":"https:\/\/vieassociative.be\/actualites\/wp-content\/uploads\/2025\/02\/1740233889_La-Belgique-est-autorisee-a-co-infinance-plus-longue-operation-des.jpg","contentUrl":"https:\/\/vieassociative.be\/actualites\/wp-content\/uploads\/2025\/02\/1740233889_La-Belgique-est-autorisee-a-co-infinance-plus-longue-operation-des.jpg","width":1200,"height":819,"caption":"La Belgique est autoris\u00e9e \u00e0 co-infinance plus longue op\u00e9ration des peuples nucl\u00e9aires"},{"@type":"BreadcrumbList","@id":"https:\/\/vieassociative.be\/actualites\/la-belgique-est-autorisee-a-co-infinance-plus-longue-operation-des-peuples-nucleaires\/#breadcrumb","itemListElement":[{"@type":"ListItem","position":1,"name":"Accueil","item":"https:\/\/vieassociative.be\/actualites\/"},{"@type":"ListItem","position":2,"name":"La Belgique est autoris\u00e9e \u00e0 co-infinance plus longue op\u00e9ration des peuples nucl\u00e9aires"}]},{"@type":"WebSite","@id":"https:\/\/vieassociative.be\/actualites\/#website","url":"https:\/\/vieassociative.be\/actualites\/","name":"Vie Associative","description":"","publisher":{"@id":"https:\/\/vieassociative.be\/actualites\/#organization"},"potentialAction":[{"@type":"SearchAction","target":{"@type":"EntryPoint","urlTemplate":"https:\/\/vieassociative.be\/actualites\/?s={search_term_string}"},"query-input":{"@type":"PropertyValueSpecification","valueRequired":true,"valueName":"search_term_string"}}],"inLanguage":"fr-BE"},{"@type":"Organization","@id":"https:\/\/vieassociative.be\/actualites\/#organization","name":"Vie Associative","url":"https:\/\/vieassociative.be\/actualites\/","logo":{"@type":"ImageObject","inLanguage":"fr-BE","@id":"https:\/\/vieassociative.be\/actualites\/#\/schema\/logo\/image\/","url":"https:\/\/vieassociative.be\/actualites\/wp-content\/uploads\/2024\/09\/cropped-vieassociative_favicon.ico.png","contentUrl":"https:\/\/vieassociative.be\/actualites\/wp-content\/uploads\/2024\/09\/cropped-vieassociative_favicon.ico.png","width":512,"height":512,"caption":"Vie Associative"},"image":{"@id":"https:\/\/vieassociative.be\/actualites\/#\/schema\/logo\/image\/"}},{"@type":"Person","@id":"https:\/\/vieassociative.be\/actualites\/#\/schema\/person\/b87ac4f82f9d4e7b7cec7395b679edc4","name":"Julien","image":{"@type":"ImageObject","inLanguage":"fr-BE","@id":"https:\/\/vieassociative.be\/actualites\/#\/schema\/person\/image\/","url":"https:\/\/vieassociative.be\/actualites\/wp-content\/uploads\/2024\/09\/vie-associative-1-150x150.jpg","contentUrl":"https:\/\/vieassociative.be\/actualites\/wp-content\/uploads\/2024\/09\/vie-associative-1-150x150.jpg","caption":"Julien"},"description":"Je suis Julien, r\u00e9dacteur pour Vie Associative. Passionn\u00e9 par le monde associatif depuis plus de 10 ans, j'ai \u00e0 c\u0153ur de partager des histoires inspirantes et de mettre en lumi\u00e8re les initiatives locales. Mon objectif est de sensibiliser et d'encourager l'engagement communautaire \u00e0 travers mes articles.","sameAs":["https:\/\/vieassociative.be\/"]}]}},"_links":{"self":[{"href":"https:\/\/vieassociative.be\/actualites\/wp-json\/wp\/v2\/posts\/5325"}],"collection":[{"href":"https:\/\/vieassociative.be\/actualites\/wp-json\/wp\/v2\/posts"}],"about":[{"href":"https:\/\/vieassociative.be\/actualites\/wp-json\/wp\/v2\/types\/post"}],"author":[{"embeddable":true,"href":"https:\/\/vieassociative.be\/actualites\/wp-json\/wp\/v2\/users\/1"}],"replies":[{"embeddable":true,"href":"https:\/\/vieassociative.be\/actualites\/wp-json\/wp\/v2\/comments?post=5325"}],"version-history":[{"count":0,"href":"https:\/\/vieassociative.be\/actualites\/wp-json\/wp\/v2\/posts\/5325\/revisions"}],"wp:featuredmedia":[{"embeddable":true,"href":"https:\/\/vieassociative.be\/actualites\/wp-json\/wp\/v2\/media\/5326"}],"wp:attachment":[{"href":"https:\/\/vieassociative.be\/actualites\/wp-json\/wp\/v2\/media?parent=5325"}],"wp:term":[{"taxonomy":"category","embeddable":true,"href":"https:\/\/vieassociative.be\/actualites\/wp-json\/wp\/v2\/categories?post=5325"},{"taxonomy":"post_tag","embeddable":true,"href":"https:\/\/vieassociative.be\/actualites\/wp-json\/wp\/v2\/tags?post=5325"}],"curies":[{"name":"wp","href":"https:\/\/api.w.org\/{rel}","templated":true}]}}