{"id":5321,"date":"2025-02-22T13:17:12","date_gmt":"2025-02-22T12:17:12","guid":{"rendered":"https:\/\/vieassociative.be\/actualites\/lecho-show-15-est-de-100-de-rabais-en-ce-moment\/"},"modified":"2025-02-22T13:17:12","modified_gmt":"2025-02-22T12:17:12","slug":"lecho-show-15-est-de-100-de-rabais-en-ce-moment","status":"publish","type":"post","link":"https:\/\/vieassociative.be\/actualites\/lecho-show-15-est-de-100-de-rabais-en-ce-moment\/","title":{"rendered":"L&rsquo;Echo Show 15 est de 100 $ de rabais en ce moment"},"content":{"rendered":"<div class=\"mt-4 leading-6 md:mb-8\">Le Smart Hub pour votre mur qui se double d&rsquo;un Fire TV est \u00e0 son prix le plus bas \u00e0 ce jour.<\/div>\n<p><\/p>\n<p>Il existe de nombreuses options de nos jours pour que les produits intelligents gardent nos vies organis\u00e9es, comme le calendrier Skylight et l&rsquo;affichage du foyer, mais ils ont souvent un prix \u00e9lev\u00e9 et avec des frais d&rsquo;abonnement. Si vous recherchez une option d&rsquo;affichage intelligente moins ch\u00e8re qui est sans abonnement, consid\u00e9rez le 2021 Amazon Echo Show 15, qui est <strong>179,99 $<\/strong> (\u00e0 l&rsquo;origine 279,99 $) sur Woot, son prix le plus bas \u00e0 ce jour, selon les outils de suivi des prix. <\/p>\n<p>L&rsquo;appareil lui-m\u00eame est nouveau, mais il vient sans t\u00e9l\u00e9commande, mais il n&rsquo;est pas compl\u00e8tement n\u00e9cessaire, car c&rsquo;est un \u00e9cran tactile. (N&rsquo;oubliez pas que Woot n&rsquo;envoie que les 48 \u00c9tats contigus aux \u00c9tats-Unis si vous avez Amazon Prime, vous obtenez la livraison gratuite; sinon, ce sera 6 $ \u00e0 exp\u00e9dier.)<\/p>\n<div class=\"pogoClear mb-12 mt-10 rounded-md border-2 border-gray-100 py-7 shadow-xl md:py-6\">\n<div class=\"flex flex-wrap justify-between px-7 text-black no-underline md:flex-nowrap md:px-8\">\n<div class=\"order-1 mx-auto flex flex-col justify-center md:order-2 md:ml-4 md:w-full md:grow\">\n<div class=\"block cursor-pointer text-center font-akshar text-2xl font-medium leading-7 text-brand-green duration-200 ease-in-out hover:text-brand-green-700 md:text-left md:text-xl md:leading-6\">Echo Show 15\n                <\/div>\n<div class=\"mt-4 hidden md:flex md:justify-between\">\n<div class=\"self-end\">\n<div class=\"mb-0 h-11 md:flex md:flex-col md:justify-center\">\n<div class=\" font-sans leading-4 text-black\">\n<div class=\"flex flex-wrap items-center justify-center gap-x-1 md:justify-start\">\n        <span class=\"font-bold\"><\/p>\n<p>            179,99 $<br \/>\n                            <span class=\"font-medium\">\u00e0 Woot<\/span><br \/>\n                    <\/span>\n            <\/div>\n<div class=\"flex items-center justify-center gap-x-1 font-bold md:justify-start\">\n            <span class=\"text-sm line-through\">279,99 $<\/span><br \/>\n            <span class=\"text-sm text-brand-green\">\u00c9conomisez 100,00 $<\/span>\n        <\/div>\n<\/p><\/div>\n<\/p><\/div>\n<\/p><\/div>\n<div class=\"w-44 self-end\">\n                            <button class=\"flex justify-center items-center w-full bg-brand-green text-white text-base font-sans font-medium rounded-md hover:bg-brand-green-700 hover:cursor-pointer md:text-sm h-11\"><\/p>\n<p>    Conclure un accord<br \/>\n<\/button>\n                        <\/div>\n<\/p><\/div>\n<\/p><\/div>\n<div class=\"order-2 mt-5 h-auto w-full md:order-1 md:mt-0 md:hidden\">\n<div class=\"flex aspect-video items-center justify-center\">\n                                            <img decoding=\"async\" class=\"m-0 max-h-full max-w-full rounded-md\" src=\"https:\/\/vieassociative.be\/actualites\/wp-content\/uploads\/2025\/02\/LEcho-Show-15-est-de-100-de-rabais-en.jpg\" alt=\"Echo Show 15\" width=\"auto\" height=\"auto\" loading=\"lazy\">\n                                    <\/div>\n<\/p><\/div>\n<div class=\"order-2 ml-2 hidden w-32 shrink-0 items-center md:order-1 md:ml-0 md:flex\">\n<div class=\"flex aspect-video items-center justify-center\">\n                                            <img decoding=\"async\" class=\"m-0 max-h-full max-w-full rounded-md\" src=\"https:\/\/vieassociative.be\/actualites\/wp-content\/uploads\/2025\/02\/LEcho-Show-15-est-de-100-de-rabais-en.jpg\" alt=\"Echo Show 15\" width=\"auto\" height=\"auto\" loading=\"lazy\">\n                                    <\/div>\n<\/p><\/div>\n<div class=\"order-3 flex grow flex-wrap md:hidden md:grow-0\">\n<div class=\"mt-4 w-full\">\n                        <button class=\"flex justify-center items-center w-full bg-brand-green text-white text-base font-sans font-medium rounded-md hover:bg-brand-green-700 hover:cursor-pointer md:text-sm h-11\"><\/p>\n<p>    Conclure un accord<br \/>\n<\/button>\n                    <\/div>\n<div class=\"mx-2 mt-4 w-full\">\n<div class=\" font-sans leading-4 text-black\">\n<div class=\"flex flex-wrap items-center justify-center gap-x-1 md:justify-start\">\n        <span class=\"font-bold\"><\/p>\n<p>            179,99 $<br \/>\n                            <span class=\"font-medium\">\u00e0 Woot<\/span><br \/>\n                    <\/span>\n            <\/div>\n<div class=\"flex items-center justify-center gap-x-1 font-bold md:justify-start\">\n            <span class=\"text-sm line-through\">279,99 $<\/span><br \/>\n            <span class=\"text-sm text-brand-green\">\u00c9conomisez 100,00 $<\/span>\n        <\/div>\n<\/p><\/div>\n<\/p><\/div>\n<\/p><\/div>\n<\/p><\/div>\n<\/div>\n<p>L&rsquo;Echo Show 15 est un \u00e9cran intelligent qui peut monter sur votre mur, et comme le nom implique, c&rsquo;est un \u00e9cran de 15 pouces. Il fonctionne comme un haut-parleur Smart Alexa mais avec un \u00e9cran tactile de 1 920 par 1080 pixels. Si vous ne cherchez pas \u00e0 le monter, il y a un support que vous pouvez acheter s\u00e9par\u00e9ment. <\/p>\n<p>L&rsquo;affichage utilise l&rsquo;ID visuel pour scanner votre visage avec l&rsquo;appareil photo 5MP frontal pour vous montrer des calendriers, rappels, listes de t\u00e2ches et recommandations personnalis\u00e9es \u00e0 tous ceux de votre m\u00e9nage qui cr\u00e9ent un compte. <\/p>\n<div class=\"mx-auto mt-8 w-full max-w-4xl\">\n<div id=\"video-container-2mDHzfYmqRc\"><\/div>\n<\/div>\n<p>La cam\u00e9ra et l&rsquo;audio de l&rsquo;\u00e9mission 15 sont d\u00e9cevants, selon la \u00ab\u00a0bonne\u00a0\u00bb revue de PCMAG. Vous pouvez l&rsquo;utiliser pour afficher des photos lorsqu&rsquo;ils ne sont pas utilis\u00e9s, ou des utilisations plus pratiques comme montrer la m\u00e9t\u00e9o, les calendriers ou n&rsquo;importe quel widget que vous pensez que vous utiliseriez le plus. <\/p>\n<p>Il y a de meilleurs \u00e9crans intelligents non mont\u00e9s d&rsquo;Amazon, mais ils ont un prix plus \u00e9lev\u00e9. Sachez \u00e9galement qu&rsquo;Amazon organisera un \u00e9v\u00e9nement majeur le 26 f\u00e9vrier o\u00f9 il devrait annoncer de nouveaux appareils Amazon et une Alexa am\u00e9lior\u00e9e. Mais si vous voulez qu&rsquo;un \u00e9cran intelligent monte sur votre mur \u00e0 un prix bas, c&rsquo;est toujours une bonne affaire.<\/p>\n","protected":false},"excerpt":{"rendered":"<p>Le Smart Hub pour votre mur qui se double d&rsquo;un Fire TV est \u00e0 son prix le plus bas \u00e0 ce jour. Il existe de<\/p>\n","protected":false},"author":1,"featured_media":5322,"comment_status":"","ping_status":"","sticky":false,"template":"","format":"standard","meta":{"footnotes":""},"categories":[13],"tags":[76,5471,1429,5472,972],"class_list":["post-5321","post","type-post","status-publish","format-standard","has-post-thumbnail","hentry","category-technologie","tag-est","tag-lecho","tag-moment","tag-rabais","tag-show","generate-columns","tablet-grid-50","mobile-grid-100","grid-parent","grid-33"],"yoast_head":"<!-- This site is optimized with the Yoast SEO plugin v24.0 - https:\/\/yoast.com\/wordpress\/plugins\/seo\/ -->\n<title>L&#039;Echo Show 15 est de 100 $ de rabais en ce moment | Vie Associative<\/title>\n<meta name=\"robots\" content=\"index, follow, max-snippet:-1, max-image-preview:large, max-video-preview:-1\" \/>\n<link rel=\"canonical\" href=\"https:\/\/vieassociative.be\/actualites\/lecho-show-15-est-de-100-de-rabais-en-ce-moment\/\" \/>\n<meta property=\"og:locale\" content=\"fr_FR\" \/>\n<meta property=\"og:type\" content=\"article\" \/>\n<meta property=\"og:title\" content=\"L&#039;Echo Show 15 est de 100 $ de rabais en ce moment | Vie Associative\" \/>\n<meta property=\"og:description\" content=\"Le Smart Hub pour votre mur qui se double d&rsquo;un Fire TV est \u00e0 son prix le plus bas \u00e0 ce jour. Il existe de\" \/>\n<meta property=\"og:url\" content=\"https:\/\/vieassociative.be\/actualites\/lecho-show-15-est-de-100-de-rabais-en-ce-moment\/\" \/>\n<meta property=\"og:site_name\" content=\"Vie Associative\" \/>\n<meta property=\"article:published_time\" content=\"2025-02-22T12:17:12+00:00\" \/>\n<meta property=\"og:image\" content=\"https:\/\/vieassociative.be\/actualites\/wp-content\/uploads\/2025\/02\/LEcho-Show-15-est-de-100-de-rabais-en.jpg\" \/>\n<meta name=\"author\" content=\"Julien\" \/>\n<meta name=\"twitter:card\" content=\"summary_large_image\" \/>\n<meta name=\"twitter:label1\" content=\"\u00c9crit par\" \/>\n\t<meta name=\"twitter:data1\" content=\"Julien\" \/>\n\t<meta name=\"twitter:label2\" content=\"Dur\u00e9e de lecture est.\" \/>\n\t<meta name=\"twitter:data2\" content=\"2 minutes\" \/>\n<script type=\"application\/ld+json\" class=\"yoast-schema-graph\">{\"@context\":\"https:\/\/schema.org\",\"@graph\":[{\"@type\":\"Article\",\"@id\":\"https:\/\/vieassociative.be\/actualites\/lecho-show-15-est-de-100-de-rabais-en-ce-moment\/#article\",\"isPartOf\":{\"@id\":\"https:\/\/vieassociative.be\/actualites\/lecho-show-15-est-de-100-de-rabais-en-ce-moment\/\"},\"author\":{\"name\":\"Julien\",\"@id\":\"https:\/\/vieassociative.be\/actualites\/#\/schema\/person\/b87ac4f82f9d4e7b7cec7395b679edc4\"},\"headline\":\"L&rsquo;Echo Show 15 est de 100 $ de rabais en ce moment\",\"datePublished\":\"2025-02-22T12:17:12+00:00\",\"dateModified\":\"2025-02-22T12:17:12+00:00\",\"mainEntityOfPage\":{\"@id\":\"https:\/\/vieassociative.be\/actualites\/lecho-show-15-est-de-100-de-rabais-en-ce-moment\/\"},\"wordCount\":404,\"publisher\":{\"@id\":\"https:\/\/vieassociative.be\/actualites\/#organization\"},\"image\":{\"@id\":\"https:\/\/vieassociative.be\/actualites\/lecho-show-15-est-de-100-de-rabais-en-ce-moment\/#primaryimage\"},\"thumbnailUrl\":\"https:\/\/vieassociative.be\/actualites\/wp-content\/uploads\/2025\/02\/LEcho-Show-15-est-de-100-de-rabais-en.png\",\"keywords\":[\"est\",\"LEcho\",\"moment\",\"rabais\",\"Show\"],\"articleSection\":[\"Technologie\"],\"inLanguage\":\"fr-BE\"},{\"@type\":\"WebPage\",\"@id\":\"https:\/\/vieassociative.be\/actualites\/lecho-show-15-est-de-100-de-rabais-en-ce-moment\/\",\"url\":\"https:\/\/vieassociative.be\/actualites\/lecho-show-15-est-de-100-de-rabais-en-ce-moment\/\",\"name\":\"L'Echo Show 15 est de 100 $ de rabais en ce moment | Vie Associative\",\"isPartOf\":{\"@id\":\"https:\/\/vieassociative.be\/actualites\/#website\"},\"primaryImageOfPage\":{\"@id\":\"https:\/\/vieassociative.be\/actualites\/lecho-show-15-est-de-100-de-rabais-en-ce-moment\/#primaryimage\"},\"image\":{\"@id\":\"https:\/\/vieassociative.be\/actualites\/lecho-show-15-est-de-100-de-rabais-en-ce-moment\/#primaryimage\"},\"thumbnailUrl\":\"https:\/\/vieassociative.be\/actualites\/wp-content\/uploads\/2025\/02\/LEcho-Show-15-est-de-100-de-rabais-en.png\",\"datePublished\":\"2025-02-22T12:17:12+00:00\",\"dateModified\":\"2025-02-22T12:17:12+00:00\",\"breadcrumb\":{\"@id\":\"https:\/\/vieassociative.be\/actualites\/lecho-show-15-est-de-100-de-rabais-en-ce-moment\/#breadcrumb\"},\"inLanguage\":\"fr-BE\",\"potentialAction\":[{\"@type\":\"ReadAction\",\"target\":[\"https:\/\/vieassociative.be\/actualites\/lecho-show-15-est-de-100-de-rabais-en-ce-moment\/\"]}]},{\"@type\":\"ImageObject\",\"inLanguage\":\"fr-BE\",\"@id\":\"https:\/\/vieassociative.be\/actualites\/lecho-show-15-est-de-100-de-rabais-en-ce-moment\/#primaryimage\",\"url\":\"https:\/\/vieassociative.be\/actualites\/wp-content\/uploads\/2025\/02\/LEcho-Show-15-est-de-100-de-rabais-en.png\",\"contentUrl\":\"https:\/\/vieassociative.be\/actualites\/wp-content\/uploads\/2025\/02\/LEcho-Show-15-est-de-100-de-rabais-en.png\",\"width\":1200,\"height\":675,\"caption\":\"L'Echo Show 15 est de 100 $ de rabais en ce moment\"},{\"@type\":\"BreadcrumbList\",\"@id\":\"https:\/\/vieassociative.be\/actualites\/lecho-show-15-est-de-100-de-rabais-en-ce-moment\/#breadcrumb\",\"itemListElement\":[{\"@type\":\"ListItem\",\"position\":1,\"name\":\"Accueil\",\"item\":\"https:\/\/vieassociative.be\/actualites\/\"},{\"@type\":\"ListItem\",\"position\":2,\"name\":\"L&rsquo;Echo Show 15 est de 100 $ de rabais en ce moment\"}]},{\"@type\":\"WebSite\",\"@id\":\"https:\/\/vieassociative.be\/actualites\/#website\",\"url\":\"https:\/\/vieassociative.be\/actualites\/\",\"name\":\"Vie Associative\",\"description\":\"\",\"publisher\":{\"@id\":\"https:\/\/vieassociative.be\/actualites\/#organization\"},\"potentialAction\":[{\"@type\":\"SearchAction\",\"target\":{\"@type\":\"EntryPoint\",\"urlTemplate\":\"https:\/\/vieassociative.be\/actualites\/?s={search_term_string}\"},\"query-input\":{\"@type\":\"PropertyValueSpecification\",\"valueRequired\":true,\"valueName\":\"search_term_string\"}}],\"inLanguage\":\"fr-BE\"},{\"@type\":\"Organization\",\"@id\":\"https:\/\/vieassociative.be\/actualites\/#organization\",\"name\":\"Vie Associative\",\"url\":\"https:\/\/vieassociative.be\/actualites\/\",\"logo\":{\"@type\":\"ImageObject\",\"inLanguage\":\"fr-BE\",\"@id\":\"https:\/\/vieassociative.be\/actualites\/#\/schema\/logo\/image\/\",\"url\":\"https:\/\/vieassociative.be\/actualites\/wp-content\/uploads\/2024\/09\/cropped-vieassociative_favicon.ico.png\",\"contentUrl\":\"https:\/\/vieassociative.be\/actualites\/wp-content\/uploads\/2024\/09\/cropped-vieassociative_favicon.ico.png\",\"width\":512,\"height\":512,\"caption\":\"Vie Associative\"},\"image\":{\"@id\":\"https:\/\/vieassociative.be\/actualites\/#\/schema\/logo\/image\/\"}},{\"@type\":\"Person\",\"@id\":\"https:\/\/vieassociative.be\/actualites\/#\/schema\/person\/b87ac4f82f9d4e7b7cec7395b679edc4\",\"name\":\"Julien\",\"image\":{\"@type\":\"ImageObject\",\"inLanguage\":\"fr-BE\",\"@id\":\"https:\/\/vieassociative.be\/actualites\/#\/schema\/person\/image\/\",\"url\":\"https:\/\/vieassociative.be\/actualites\/wp-content\/uploads\/2024\/09\/vie-associative-1-150x150.jpg\",\"contentUrl\":\"https:\/\/vieassociative.be\/actualites\/wp-content\/uploads\/2024\/09\/vie-associative-1-150x150.jpg\",\"caption\":\"Julien\"},\"description\":\"Je suis Julien, r\u00e9dacteur pour Vie Associative. Passionn\u00e9 par le monde associatif depuis plus de 10 ans, j'ai \u00e0 c\u0153ur de partager des histoires inspirantes et de mettre en lumi\u00e8re les initiatives locales. Mon objectif est de sensibiliser et d'encourager l'engagement communautaire \u00e0 travers mes articles.\",\"sameAs\":[\"https:\/\/vieassociative.be\/\"]}]}<\/script>\n<!-- \/ Yoast SEO plugin. -->","yoast_head_json":{"title":"L'Echo Show 15 est de 100 $ de rabais en ce moment | Vie Associative","robots":{"index":"index","follow":"follow","max-snippet":"max-snippet:-1","max-image-preview":"max-image-preview:large","max-video-preview":"max-video-preview:-1"},"canonical":"https:\/\/vieassociative.be\/actualites\/lecho-show-15-est-de-100-de-rabais-en-ce-moment\/","og_locale":"fr_FR","og_type":"article","og_title":"L'Echo Show 15 est de 100 $ de rabais en ce moment | Vie Associative","og_description":"Le Smart Hub pour votre mur qui se double d&rsquo;un Fire TV est \u00e0 son prix le plus bas \u00e0 ce jour. Il existe de","og_url":"https:\/\/vieassociative.be\/actualites\/lecho-show-15-est-de-100-de-rabais-en-ce-moment\/","og_site_name":"Vie Associative","article_published_time":"2025-02-22T12:17:12+00:00","og_image":[{"url":"https:\/\/vieassociative.be\/actualites\/wp-content\/uploads\/2025\/02\/LEcho-Show-15-est-de-100-de-rabais-en.jpg","type":"","width":"","height":""}],"author":"Julien","twitter_card":"summary_large_image","twitter_misc":{"\u00c9crit par":"Julien","Dur\u00e9e de lecture est.":"2 minutes"},"schema":{"@context":"https:\/\/schema.org","@graph":[{"@type":"Article","@id":"https:\/\/vieassociative.be\/actualites\/lecho-show-15-est-de-100-de-rabais-en-ce-moment\/#article","isPartOf":{"@id":"https:\/\/vieassociative.be\/actualites\/lecho-show-15-est-de-100-de-rabais-en-ce-moment\/"},"author":{"name":"Julien","@id":"https:\/\/vieassociative.be\/actualites\/#\/schema\/person\/b87ac4f82f9d4e7b7cec7395b679edc4"},"headline":"L&rsquo;Echo Show 15 est de 100 $ de rabais en ce moment","datePublished":"2025-02-22T12:17:12+00:00","dateModified":"2025-02-22T12:17:12+00:00","mainEntityOfPage":{"@id":"https:\/\/vieassociative.be\/actualites\/lecho-show-15-est-de-100-de-rabais-en-ce-moment\/"},"wordCount":404,"publisher":{"@id":"https:\/\/vieassociative.be\/actualites\/#organization"},"image":{"@id":"https:\/\/vieassociative.be\/actualites\/lecho-show-15-est-de-100-de-rabais-en-ce-moment\/#primaryimage"},"thumbnailUrl":"https:\/\/vieassociative.be\/actualites\/wp-content\/uploads\/2025\/02\/LEcho-Show-15-est-de-100-de-rabais-en.png","keywords":["est","LEcho","moment","rabais","Show"],"articleSection":["Technologie"],"inLanguage":"fr-BE"},{"@type":"WebPage","@id":"https:\/\/vieassociative.be\/actualites\/lecho-show-15-est-de-100-de-rabais-en-ce-moment\/","url":"https:\/\/vieassociative.be\/actualites\/lecho-show-15-est-de-100-de-rabais-en-ce-moment\/","name":"L'Echo Show 15 est de 100 $ de rabais en ce moment | Vie Associative","isPartOf":{"@id":"https:\/\/vieassociative.be\/actualites\/#website"},"primaryImageOfPage":{"@id":"https:\/\/vieassociative.be\/actualites\/lecho-show-15-est-de-100-de-rabais-en-ce-moment\/#primaryimage"},"image":{"@id":"https:\/\/vieassociative.be\/actualites\/lecho-show-15-est-de-100-de-rabais-en-ce-moment\/#primaryimage"},"thumbnailUrl":"https:\/\/vieassociative.be\/actualites\/wp-content\/uploads\/2025\/02\/LEcho-Show-15-est-de-100-de-rabais-en.png","datePublished":"2025-02-22T12:17:12+00:00","dateModified":"2025-02-22T12:17:12+00:00","breadcrumb":{"@id":"https:\/\/vieassociative.be\/actualites\/lecho-show-15-est-de-100-de-rabais-en-ce-moment\/#breadcrumb"},"inLanguage":"fr-BE","potentialAction":[{"@type":"ReadAction","target":["https:\/\/vieassociative.be\/actualites\/lecho-show-15-est-de-100-de-rabais-en-ce-moment\/"]}]},{"@type":"ImageObject","inLanguage":"fr-BE","@id":"https:\/\/vieassociative.be\/actualites\/lecho-show-15-est-de-100-de-rabais-en-ce-moment\/#primaryimage","url":"https:\/\/vieassociative.be\/actualites\/wp-content\/uploads\/2025\/02\/LEcho-Show-15-est-de-100-de-rabais-en.png","contentUrl":"https:\/\/vieassociative.be\/actualites\/wp-content\/uploads\/2025\/02\/LEcho-Show-15-est-de-100-de-rabais-en.png","width":1200,"height":675,"caption":"L'Echo Show 15 est de 100 $ de rabais en ce moment"},{"@type":"BreadcrumbList","@id":"https:\/\/vieassociative.be\/actualites\/lecho-show-15-est-de-100-de-rabais-en-ce-moment\/#breadcrumb","itemListElement":[{"@type":"ListItem","position":1,"name":"Accueil","item":"https:\/\/vieassociative.be\/actualites\/"},{"@type":"ListItem","position":2,"name":"L&rsquo;Echo Show 15 est de 100 $ de rabais en ce moment"}]},{"@type":"WebSite","@id":"https:\/\/vieassociative.be\/actualites\/#website","url":"https:\/\/vieassociative.be\/actualites\/","name":"Vie Associative","description":"","publisher":{"@id":"https:\/\/vieassociative.be\/actualites\/#organization"},"potentialAction":[{"@type":"SearchAction","target":{"@type":"EntryPoint","urlTemplate":"https:\/\/vieassociative.be\/actualites\/?s={search_term_string}"},"query-input":{"@type":"PropertyValueSpecification","valueRequired":true,"valueName":"search_term_string"}}],"inLanguage":"fr-BE"},{"@type":"Organization","@id":"https:\/\/vieassociative.be\/actualites\/#organization","name":"Vie Associative","url":"https:\/\/vieassociative.be\/actualites\/","logo":{"@type":"ImageObject","inLanguage":"fr-BE","@id":"https:\/\/vieassociative.be\/actualites\/#\/schema\/logo\/image\/","url":"https:\/\/vieassociative.be\/actualites\/wp-content\/uploads\/2024\/09\/cropped-vieassociative_favicon.ico.png","contentUrl":"https:\/\/vieassociative.be\/actualites\/wp-content\/uploads\/2024\/09\/cropped-vieassociative_favicon.ico.png","width":512,"height":512,"caption":"Vie Associative"},"image":{"@id":"https:\/\/vieassociative.be\/actualites\/#\/schema\/logo\/image\/"}},{"@type":"Person","@id":"https:\/\/vieassociative.be\/actualites\/#\/schema\/person\/b87ac4f82f9d4e7b7cec7395b679edc4","name":"Julien","image":{"@type":"ImageObject","inLanguage":"fr-BE","@id":"https:\/\/vieassociative.be\/actualites\/#\/schema\/person\/image\/","url":"https:\/\/vieassociative.be\/actualites\/wp-content\/uploads\/2024\/09\/vie-associative-1-150x150.jpg","contentUrl":"https:\/\/vieassociative.be\/actualites\/wp-content\/uploads\/2024\/09\/vie-associative-1-150x150.jpg","caption":"Julien"},"description":"Je suis Julien, r\u00e9dacteur pour Vie Associative. Passionn\u00e9 par le monde associatif depuis plus de 10 ans, j'ai \u00e0 c\u0153ur de partager des histoires inspirantes et de mettre en lumi\u00e8re les initiatives locales. Mon objectif est de sensibiliser et d'encourager l'engagement communautaire \u00e0 travers mes articles.","sameAs":["https:\/\/vieassociative.be\/"]}]}},"_links":{"self":[{"href":"https:\/\/vieassociative.be\/actualites\/wp-json\/wp\/v2\/posts\/5321"}],"collection":[{"href":"https:\/\/vieassociative.be\/actualites\/wp-json\/wp\/v2\/posts"}],"about":[{"href":"https:\/\/vieassociative.be\/actualites\/wp-json\/wp\/v2\/types\/post"}],"author":[{"embeddable":true,"href":"https:\/\/vieassociative.be\/actualites\/wp-json\/wp\/v2\/users\/1"}],"replies":[{"embeddable":true,"href":"https:\/\/vieassociative.be\/actualites\/wp-json\/wp\/v2\/comments?post=5321"}],"version-history":[{"count":0,"href":"https:\/\/vieassociative.be\/actualites\/wp-json\/wp\/v2\/posts\/5321\/revisions"}],"wp:featuredmedia":[{"embeddable":true,"href":"https:\/\/vieassociative.be\/actualites\/wp-json\/wp\/v2\/media\/5322"}],"wp:attachment":[{"href":"https:\/\/vieassociative.be\/actualites\/wp-json\/wp\/v2\/media?parent=5321"}],"wp:term":[{"taxonomy":"category","embeddable":true,"href":"https:\/\/vieassociative.be\/actualites\/wp-json\/wp\/v2\/categories?post=5321"},{"taxonomy":"post_tag","embeddable":true,"href":"https:\/\/vieassociative.be\/actualites\/wp-json\/wp\/v2\/tags?post=5321"}],"curies":[{"name":"wp","href":"https:\/\/api.w.org\/{rel}","templated":true}]}}