{"id":5315,"date":"2025-02-22T09:17:31","date_gmt":"2025-02-22T08:17:31","guid":{"rendered":"https:\/\/vieassociative.be\/actualites\/kracher-en-ligue-des-champions-fc-bruges-contre-aston-villa-ainsi-que-la-baviere-bayer-et-real-atletico\/"},"modified":"2025-02-22T09:17:31","modified_gmt":"2025-02-22T08:17:31","slug":"kracher-en-ligue-des-champions-fc-bruges-contre-aston-villa-ainsi-que-la-baviere-bayer-et-real-atletico","status":"publish","type":"post","link":"https:\/\/vieassociative.be\/actualites\/kracher-en-ligue-des-champions-fc-bruges-contre-aston-villa-ainsi-que-la-baviere-bayer-et-real-atletico\/","title":{"rendered":"Kracher en Ligue des champions: FC Bruges contre Aston Villa ainsi que la Bavi\u00e8re &#8211; Bayer et Real &#8211; Atl\u00e9tico"},"content":{"rendered":"<p><strong>MISE \u00c0 JOUR &#8211; La manche de 16 de la Ligue des champions a \u00e9t\u00e9 tir\u00e9e vendredi. Le FC Bruges ne traite pas avec OSC Lille, mais encore une fois avec Aston Villa. Il y a aussi deux duels internes: un purement allemand entre le Bayern Munich et Bayer Leverkusen et un espagnol entre le Real Madrid et l&rsquo;Atl\u00e9tico Madrid.<\/strong><\/p>\n<p><span id=\"more-408678\"><\/span>En Ligue des champions, il y a un sommet de football allemand entre les champions record du Bayern Munich et le ma\u00eetre Bayer Leverkusen.<\/p>\n<div id=\"attachment_408290\" class=\"wp-caption alignleft\" style=\"max-width: 300px\"><img fetchpriority=\"high\" decoding=\"async\" class=\"wp-image-408290 size-medium\" src=\"https:\/\/vieassociative.be\/actualites\/wp-content\/uploads\/2025\/02\/Kracher-en-Ligue-des-champions-FC-Bruges-contre-Aston-Villa.jpg\" alt=\"\" width=\"300\" height=\"200\"  ><\/p>\n<p class=\"wp-caption-text\">03.12.2024, Bavaria, Munich: l&rsquo;entra\u00eeneur Vincent Kompany (L) de Munich et l&rsquo;entra\u00eeneur Xabi Alonso von Leverkusen sont ensemble avant le match. Photo: Sven Hoppe \/ DPA<\/p>\n<\/div>\n<p>Les deux clubs de Bundesliga se rencontrent en huiti\u00e8mes de finale sur 4\/5. et 11.\/12. Marcher les uns sur les autres. Ils rivalisent les uns contre les autres pour les quatri\u00e8me et cinqui\u00e8me fois cette saison apr\u00e8s deux duels de ligue et un match de coupe. Le Borussia Dortmund fait face \u00e0 OSC Lille de France lors de la ronde des 16 derniers, comme l&rsquo;a montr\u00e9 le tirage de l&rsquo;Union europ\u00e9enne de football UEFA.<\/p>\n<p>La premi\u00e8re \u00e9tape se d\u00e9roule \u00e0 Munich parce que le Bayern a coup\u00e9 moins dans la phase du groupe et a d\u00fb prendre le d\u00e9tour via les s\u00e9ries \u00e9liminatoires. La d\u00e9cision est ensuite prise \u00e0 Leverkusen une semaine plus tard. Les deux duels de Bundesliga se sont termin\u00e9s par un match nul. Bayer a gagn\u00e9 1-0 \u00e0 Munich en Coupe DFB et a \u00e9t\u00e9 un grand favori depuis.<\/p>\n<p><em><strong>La s\u00e9rie de 16 de la Ligue des champions en un coup d&rsquo;\u0153il:<\/strong><\/em><\/p>\n<ul>\n<li>FC Bruges &#8211; Aston Villa<\/li>\n<li>Real Madrid &#8211; Atl\u00e9tico Madrid<\/li>\n<li>Dortmund &#8211; Lille<\/li>\n<li>Bayer Leverkusen &#8211; Bayern Munich<\/li>\n<li>Arsenal &#8211; psv eindhoven<\/li>\n<li>Inter Milan &#8211; Feyenoord<\/li>\n<li>Paris SG &#8211; Liverpool<\/li>\n<li>Barcelone &#8211; Benfica<\/li>\n<\/ul>\n","protected":false},"excerpt":{"rendered":"<p>MISE \u00c0 JOUR &#8211; La manche de 16 de la Ligue des champions a \u00e9t\u00e9 tir\u00e9e vendredi. Le FC Bruges ne traite pas avec OSC<\/p>\n","protected":false},"author":1,"featured_media":5316,"comment_status":"","ping_status":"","sticky":false,"template":"","format":"standard","meta":{"footnotes":""},"categories":[298],"tags":[1145,5464,5466,5359,2821,2851,2818,796,29,5463,2817,369,5465],"class_list":["post-5315","post","type-post","status-publish","format-standard","has-post-thumbnail","hentry","category-belgique","tag-ainsi","tag-aston","tag-atletico","tag-baviere","tag-bayer","tag-bruges","tag-champions","tag-contre","tag-des","tag-kracher","tag-ligue","tag-real","tag-villa","generate-columns","tablet-grid-50","mobile-grid-100","grid-parent","grid-33"],"yoast_head":"<!-- This site is optimized with the Yoast SEO plugin v24.0 - https:\/\/yoast.com\/wordpress\/plugins\/seo\/ -->\n<title>Kracher en Ligue des champions: FC Bruges contre Aston Villa ainsi que la Bavi\u00e8re - Bayer et Real - Atl\u00e9tico | Vie Associative<\/title>\n<meta name=\"robots\" content=\"index, follow, max-snippet:-1, max-image-preview:large, max-video-preview:-1\" \/>\n<link rel=\"canonical\" href=\"https:\/\/vieassociative.be\/actualites\/kracher-en-ligue-des-champions-fc-bruges-contre-aston-villa-ainsi-que-la-baviere-bayer-et-real-atletico\/\" \/>\n<meta property=\"og:locale\" content=\"fr_FR\" \/>\n<meta property=\"og:type\" content=\"article\" \/>\n<meta property=\"og:title\" content=\"Kracher en Ligue des champions: FC Bruges contre Aston Villa ainsi que la Bavi\u00e8re - Bayer et Real - Atl\u00e9tico | Vie Associative\" \/>\n<meta property=\"og:description\" content=\"MISE \u00c0 JOUR &#8211; La manche de 16 de la Ligue des champions a \u00e9t\u00e9 tir\u00e9e vendredi. Le FC Bruges ne traite pas avec OSC\" \/>\n<meta property=\"og:url\" content=\"https:\/\/vieassociative.be\/actualites\/kracher-en-ligue-des-champions-fc-bruges-contre-aston-villa-ainsi-que-la-baviere-bayer-et-real-atletico\/\" \/>\n<meta property=\"og:site_name\" content=\"Vie Associative\" \/>\n<meta property=\"article:published_time\" content=\"2025-02-22T08:17:31+00:00\" \/>\n<meta property=\"og:image\" content=\"https:\/\/vieassociative.be\/actualites\/wp-content\/uploads\/2024\/09\/header_backgroundk-01-e1726694325946.png\" \/>\n\t<meta property=\"og:image:width\" content=\"279\" \/>\n\t<meta property=\"og:image:height\" content=\"92\" \/>\n\t<meta property=\"og:image:type\" content=\"image\/png\" \/>\n<meta name=\"author\" content=\"Julien\" \/>\n<meta name=\"twitter:card\" content=\"summary_large_image\" \/>\n<meta name=\"twitter:label1\" content=\"\u00c9crit par\" \/>\n\t<meta name=\"twitter:data1\" content=\"Julien\" \/>\n\t<meta name=\"twitter:label2\" content=\"Dur\u00e9e de lecture est.\" \/>\n\t<meta name=\"twitter:data2\" content=\"2 minutes\" \/>\n<script type=\"application\/ld+json\" class=\"yoast-schema-graph\">{\"@context\":\"https:\/\/schema.org\",\"@graph\":[{\"@type\":\"Article\",\"@id\":\"https:\/\/vieassociative.be\/actualites\/kracher-en-ligue-des-champions-fc-bruges-contre-aston-villa-ainsi-que-la-baviere-bayer-et-real-atletico\/#article\",\"isPartOf\":{\"@id\":\"https:\/\/vieassociative.be\/actualites\/kracher-en-ligue-des-champions-fc-bruges-contre-aston-villa-ainsi-que-la-baviere-bayer-et-real-atletico\/\"},\"author\":{\"name\":\"Julien\",\"@id\":\"https:\/\/vieassociative.be\/actualites\/#\/schema\/person\/b87ac4f82f9d4e7b7cec7395b679edc4\"},\"headline\":\"Kracher en Ligue des champions: FC Bruges contre Aston Villa ainsi que la Bavi\u00e8re &#8211; Bayer et Real &#8211; Atl\u00e9tico\",\"datePublished\":\"2025-02-22T08:17:31+00:00\",\"dateModified\":\"2025-02-22T08:17:31+00:00\",\"mainEntityOfPage\":{\"@id\":\"https:\/\/vieassociative.be\/actualites\/kracher-en-ligue-des-champions-fc-bruges-contre-aston-villa-ainsi-que-la-baviere-bayer-et-real-atletico\/\"},\"wordCount\":331,\"publisher\":{\"@id\":\"https:\/\/vieassociative.be\/actualites\/#organization\"},\"image\":{\"@id\":\"https:\/\/vieassociative.be\/actualites\/kracher-en-ligue-des-champions-fc-bruges-contre-aston-villa-ainsi-que-la-baviere-bayer-et-real-atletico\/#primaryimage\"},\"thumbnailUrl\":\"https:\/\/vieassociative.be\/actualites\/wp-content\/uploads\/2025\/02\/1740212251_Kracher-en-Ligue-des-champions-FC-Bruges-contre-Aston-Villa.jpg\",\"keywords\":[\"ainsi\",\"Aston\",\"Atl\u00e9tico\",\"Bavi\u00e8re\",\"Bayer\",\"Bruges\",\"Champions\",\"contre\",\"Des\",\"Kracher\",\"Ligue\",\"Real\",\"Villa\"],\"articleSection\":[\"Belgique\"],\"inLanguage\":\"fr-BE\"},{\"@type\":\"WebPage\",\"@id\":\"https:\/\/vieassociative.be\/actualites\/kracher-en-ligue-des-champions-fc-bruges-contre-aston-villa-ainsi-que-la-baviere-bayer-et-real-atletico\/\",\"url\":\"https:\/\/vieassociative.be\/actualites\/kracher-en-ligue-des-champions-fc-bruges-contre-aston-villa-ainsi-que-la-baviere-bayer-et-real-atletico\/\",\"name\":\"Kracher en Ligue des champions: FC Bruges contre Aston Villa ainsi que la Bavi\u00e8re - Bayer et Real - Atl\u00e9tico | Vie Associative\",\"isPartOf\":{\"@id\":\"https:\/\/vieassociative.be\/actualites\/#website\"},\"primaryImageOfPage\":{\"@id\":\"https:\/\/vieassociative.be\/actualites\/kracher-en-ligue-des-champions-fc-bruges-contre-aston-villa-ainsi-que-la-baviere-bayer-et-real-atletico\/#primaryimage\"},\"image\":{\"@id\":\"https:\/\/vieassociative.be\/actualites\/kracher-en-ligue-des-champions-fc-bruges-contre-aston-villa-ainsi-que-la-baviere-bayer-et-real-atletico\/#primaryimage\"},\"thumbnailUrl\":\"https:\/\/vieassociative.be\/actualites\/wp-content\/uploads\/2025\/02\/1740212251_Kracher-en-Ligue-des-champions-FC-Bruges-contre-Aston-Villa.jpg\",\"datePublished\":\"2025-02-22T08:17:31+00:00\",\"dateModified\":\"2025-02-22T08:17:31+00:00\",\"breadcrumb\":{\"@id\":\"https:\/\/vieassociative.be\/actualites\/kracher-en-ligue-des-champions-fc-bruges-contre-aston-villa-ainsi-que-la-baviere-bayer-et-real-atletico\/#breadcrumb\"},\"inLanguage\":\"fr-BE\",\"potentialAction\":[{\"@type\":\"ReadAction\",\"target\":[\"https:\/\/vieassociative.be\/actualites\/kracher-en-ligue-des-champions-fc-bruges-contre-aston-villa-ainsi-que-la-baviere-bayer-et-real-atletico\/\"]}]},{\"@type\":\"ImageObject\",\"inLanguage\":\"fr-BE\",\"@id\":\"https:\/\/vieassociative.be\/actualites\/kracher-en-ligue-des-champions-fc-bruges-contre-aston-villa-ainsi-que-la-baviere-bayer-et-real-atletico\/#primaryimage\",\"url\":\"https:\/\/vieassociative.be\/actualites\/wp-content\/uploads\/2025\/02\/1740212251_Kracher-en-Ligue-des-champions-FC-Bruges-contre-Aston-Villa.jpg\",\"contentUrl\":\"https:\/\/vieassociative.be\/actualites\/wp-content\/uploads\/2025\/02\/1740212251_Kracher-en-Ligue-des-champions-FC-Bruges-contre-Aston-Villa.jpg\",\"width\":1200,\"height\":800,\"caption\":\"Kracher en Ligue des champions: FC Bruges contre Aston Villa ainsi que la Bavi\u00e8re - Bayer et Real - Atl\u00e9tico\"},{\"@type\":\"BreadcrumbList\",\"@id\":\"https:\/\/vieassociative.be\/actualites\/kracher-en-ligue-des-champions-fc-bruges-contre-aston-villa-ainsi-que-la-baviere-bayer-et-real-atletico\/#breadcrumb\",\"itemListElement\":[{\"@type\":\"ListItem\",\"position\":1,\"name\":\"Accueil\",\"item\":\"https:\/\/vieassociative.be\/actualites\/\"},{\"@type\":\"ListItem\",\"position\":2,\"name\":\"Kracher en Ligue des champions: FC Bruges contre Aston Villa ainsi que la Bavi\u00e8re &#8211; Bayer et Real &#8211; Atl\u00e9tico\"}]},{\"@type\":\"WebSite\",\"@id\":\"https:\/\/vieassociative.be\/actualites\/#website\",\"url\":\"https:\/\/vieassociative.be\/actualites\/\",\"name\":\"Vie Associative\",\"description\":\"\",\"publisher\":{\"@id\":\"https:\/\/vieassociative.be\/actualites\/#organization\"},\"potentialAction\":[{\"@type\":\"SearchAction\",\"target\":{\"@type\":\"EntryPoint\",\"urlTemplate\":\"https:\/\/vieassociative.be\/actualites\/?s={search_term_string}\"},\"query-input\":{\"@type\":\"PropertyValueSpecification\",\"valueRequired\":true,\"valueName\":\"search_term_string\"}}],\"inLanguage\":\"fr-BE\"},{\"@type\":\"Organization\",\"@id\":\"https:\/\/vieassociative.be\/actualites\/#organization\",\"name\":\"Vie Associative\",\"url\":\"https:\/\/vieassociative.be\/actualites\/\",\"logo\":{\"@type\":\"ImageObject\",\"inLanguage\":\"fr-BE\",\"@id\":\"https:\/\/vieassociative.be\/actualites\/#\/schema\/logo\/image\/\",\"url\":\"https:\/\/vieassociative.be\/actualites\/wp-content\/uploads\/2024\/09\/cropped-vieassociative_favicon.ico.png\",\"contentUrl\":\"https:\/\/vieassociative.be\/actualites\/wp-content\/uploads\/2024\/09\/cropped-vieassociative_favicon.ico.png\",\"width\":512,\"height\":512,\"caption\":\"Vie Associative\"},\"image\":{\"@id\":\"https:\/\/vieassociative.be\/actualites\/#\/schema\/logo\/image\/\"}},{\"@type\":\"Person\",\"@id\":\"https:\/\/vieassociative.be\/actualites\/#\/schema\/person\/b87ac4f82f9d4e7b7cec7395b679edc4\",\"name\":\"Julien\",\"image\":{\"@type\":\"ImageObject\",\"inLanguage\":\"fr-BE\",\"@id\":\"https:\/\/vieassociative.be\/actualites\/#\/schema\/person\/image\/\",\"url\":\"https:\/\/vieassociative.be\/actualites\/wp-content\/uploads\/2024\/09\/vie-associative-1-150x150.jpg\",\"contentUrl\":\"https:\/\/vieassociative.be\/actualites\/wp-content\/uploads\/2024\/09\/vie-associative-1-150x150.jpg\",\"caption\":\"Julien\"},\"description\":\"Je suis Julien, r\u00e9dacteur pour Vie Associative. Passionn\u00e9 par le monde associatif depuis plus de 10 ans, j'ai \u00e0 c\u0153ur de partager des histoires inspirantes et de mettre en lumi\u00e8re les initiatives locales. Mon objectif est de sensibiliser et d'encourager l'engagement communautaire \u00e0 travers mes articles.\",\"sameAs\":[\"https:\/\/vieassociative.be\/\"]}]}<\/script>\n<!-- \/ Yoast SEO plugin. -->","yoast_head_json":{"title":"Kracher en Ligue des champions: FC Bruges contre Aston Villa ainsi que la Bavi\u00e8re - Bayer et Real - Atl\u00e9tico | Vie Associative","robots":{"index":"index","follow":"follow","max-snippet":"max-snippet:-1","max-image-preview":"max-image-preview:large","max-video-preview":"max-video-preview:-1"},"canonical":"https:\/\/vieassociative.be\/actualites\/kracher-en-ligue-des-champions-fc-bruges-contre-aston-villa-ainsi-que-la-baviere-bayer-et-real-atletico\/","og_locale":"fr_FR","og_type":"article","og_title":"Kracher en Ligue des champions: FC Bruges contre Aston Villa ainsi que la Bavi\u00e8re - Bayer et Real - Atl\u00e9tico | Vie Associative","og_description":"MISE \u00c0 JOUR &#8211; La manche de 16 de la Ligue des champions a \u00e9t\u00e9 tir\u00e9e vendredi. Le FC Bruges ne traite pas avec OSC","og_url":"https:\/\/vieassociative.be\/actualites\/kracher-en-ligue-des-champions-fc-bruges-contre-aston-villa-ainsi-que-la-baviere-bayer-et-real-atletico\/","og_site_name":"Vie Associative","article_published_time":"2025-02-22T08:17:31+00:00","og_image":[{"width":279,"height":92,"url":"https:\/\/vieassociative.be\/actualites\/wp-content\/uploads\/2024\/09\/header_backgroundk-01-e1726694325946.png","type":"image\/png"}],"author":"Julien","twitter_card":"summary_large_image","twitter_misc":{"\u00c9crit par":"Julien","Dur\u00e9e de lecture est.":"2 minutes"},"schema":{"@context":"https:\/\/schema.org","@graph":[{"@type":"Article","@id":"https:\/\/vieassociative.be\/actualites\/kracher-en-ligue-des-champions-fc-bruges-contre-aston-villa-ainsi-que-la-baviere-bayer-et-real-atletico\/#article","isPartOf":{"@id":"https:\/\/vieassociative.be\/actualites\/kracher-en-ligue-des-champions-fc-bruges-contre-aston-villa-ainsi-que-la-baviere-bayer-et-real-atletico\/"},"author":{"name":"Julien","@id":"https:\/\/vieassociative.be\/actualites\/#\/schema\/person\/b87ac4f82f9d4e7b7cec7395b679edc4"},"headline":"Kracher en Ligue des champions: FC Bruges contre Aston Villa ainsi que la Bavi\u00e8re &#8211; Bayer et Real &#8211; Atl\u00e9tico","datePublished":"2025-02-22T08:17:31+00:00","dateModified":"2025-02-22T08:17:31+00:00","mainEntityOfPage":{"@id":"https:\/\/vieassociative.be\/actualites\/kracher-en-ligue-des-champions-fc-bruges-contre-aston-villa-ainsi-que-la-baviere-bayer-et-real-atletico\/"},"wordCount":331,"publisher":{"@id":"https:\/\/vieassociative.be\/actualites\/#organization"},"image":{"@id":"https:\/\/vieassociative.be\/actualites\/kracher-en-ligue-des-champions-fc-bruges-contre-aston-villa-ainsi-que-la-baviere-bayer-et-real-atletico\/#primaryimage"},"thumbnailUrl":"https:\/\/vieassociative.be\/actualites\/wp-content\/uploads\/2025\/02\/1740212251_Kracher-en-Ligue-des-champions-FC-Bruges-contre-Aston-Villa.jpg","keywords":["ainsi","Aston","Atl\u00e9tico","Bavi\u00e8re","Bayer","Bruges","Champions","contre","Des","Kracher","Ligue","Real","Villa"],"articleSection":["Belgique"],"inLanguage":"fr-BE"},{"@type":"WebPage","@id":"https:\/\/vieassociative.be\/actualites\/kracher-en-ligue-des-champions-fc-bruges-contre-aston-villa-ainsi-que-la-baviere-bayer-et-real-atletico\/","url":"https:\/\/vieassociative.be\/actualites\/kracher-en-ligue-des-champions-fc-bruges-contre-aston-villa-ainsi-que-la-baviere-bayer-et-real-atletico\/","name":"Kracher en Ligue des champions: FC Bruges contre Aston Villa ainsi que la Bavi\u00e8re - Bayer et Real - Atl\u00e9tico | Vie Associative","isPartOf":{"@id":"https:\/\/vieassociative.be\/actualites\/#website"},"primaryImageOfPage":{"@id":"https:\/\/vieassociative.be\/actualites\/kracher-en-ligue-des-champions-fc-bruges-contre-aston-villa-ainsi-que-la-baviere-bayer-et-real-atletico\/#primaryimage"},"image":{"@id":"https:\/\/vieassociative.be\/actualites\/kracher-en-ligue-des-champions-fc-bruges-contre-aston-villa-ainsi-que-la-baviere-bayer-et-real-atletico\/#primaryimage"},"thumbnailUrl":"https:\/\/vieassociative.be\/actualites\/wp-content\/uploads\/2025\/02\/1740212251_Kracher-en-Ligue-des-champions-FC-Bruges-contre-Aston-Villa.jpg","datePublished":"2025-02-22T08:17:31+00:00","dateModified":"2025-02-22T08:17:31+00:00","breadcrumb":{"@id":"https:\/\/vieassociative.be\/actualites\/kracher-en-ligue-des-champions-fc-bruges-contre-aston-villa-ainsi-que-la-baviere-bayer-et-real-atletico\/#breadcrumb"},"inLanguage":"fr-BE","potentialAction":[{"@type":"ReadAction","target":["https:\/\/vieassociative.be\/actualites\/kracher-en-ligue-des-champions-fc-bruges-contre-aston-villa-ainsi-que-la-baviere-bayer-et-real-atletico\/"]}]},{"@type":"ImageObject","inLanguage":"fr-BE","@id":"https:\/\/vieassociative.be\/actualites\/kracher-en-ligue-des-champions-fc-bruges-contre-aston-villa-ainsi-que-la-baviere-bayer-et-real-atletico\/#primaryimage","url":"https:\/\/vieassociative.be\/actualites\/wp-content\/uploads\/2025\/02\/1740212251_Kracher-en-Ligue-des-champions-FC-Bruges-contre-Aston-Villa.jpg","contentUrl":"https:\/\/vieassociative.be\/actualites\/wp-content\/uploads\/2025\/02\/1740212251_Kracher-en-Ligue-des-champions-FC-Bruges-contre-Aston-Villa.jpg","width":1200,"height":800,"caption":"Kracher en Ligue des champions: FC Bruges contre Aston Villa ainsi que la Bavi\u00e8re - Bayer et Real - Atl\u00e9tico"},{"@type":"BreadcrumbList","@id":"https:\/\/vieassociative.be\/actualites\/kracher-en-ligue-des-champions-fc-bruges-contre-aston-villa-ainsi-que-la-baviere-bayer-et-real-atletico\/#breadcrumb","itemListElement":[{"@type":"ListItem","position":1,"name":"Accueil","item":"https:\/\/vieassociative.be\/actualites\/"},{"@type":"ListItem","position":2,"name":"Kracher en Ligue des champions: FC Bruges contre Aston Villa ainsi que la Bavi\u00e8re &#8211; Bayer et Real &#8211; Atl\u00e9tico"}]},{"@type":"WebSite","@id":"https:\/\/vieassociative.be\/actualites\/#website","url":"https:\/\/vieassociative.be\/actualites\/","name":"Vie Associative","description":"","publisher":{"@id":"https:\/\/vieassociative.be\/actualites\/#organization"},"potentialAction":[{"@type":"SearchAction","target":{"@type":"EntryPoint","urlTemplate":"https:\/\/vieassociative.be\/actualites\/?s={search_term_string}"},"query-input":{"@type":"PropertyValueSpecification","valueRequired":true,"valueName":"search_term_string"}}],"inLanguage":"fr-BE"},{"@type":"Organization","@id":"https:\/\/vieassociative.be\/actualites\/#organization","name":"Vie Associative","url":"https:\/\/vieassociative.be\/actualites\/","logo":{"@type":"ImageObject","inLanguage":"fr-BE","@id":"https:\/\/vieassociative.be\/actualites\/#\/schema\/logo\/image\/","url":"https:\/\/vieassociative.be\/actualites\/wp-content\/uploads\/2024\/09\/cropped-vieassociative_favicon.ico.png","contentUrl":"https:\/\/vieassociative.be\/actualites\/wp-content\/uploads\/2024\/09\/cropped-vieassociative_favicon.ico.png","width":512,"height":512,"caption":"Vie Associative"},"image":{"@id":"https:\/\/vieassociative.be\/actualites\/#\/schema\/logo\/image\/"}},{"@type":"Person","@id":"https:\/\/vieassociative.be\/actualites\/#\/schema\/person\/b87ac4f82f9d4e7b7cec7395b679edc4","name":"Julien","image":{"@type":"ImageObject","inLanguage":"fr-BE","@id":"https:\/\/vieassociative.be\/actualites\/#\/schema\/person\/image\/","url":"https:\/\/vieassociative.be\/actualites\/wp-content\/uploads\/2024\/09\/vie-associative-1-150x150.jpg","contentUrl":"https:\/\/vieassociative.be\/actualites\/wp-content\/uploads\/2024\/09\/vie-associative-1-150x150.jpg","caption":"Julien"},"description":"Je suis Julien, r\u00e9dacteur pour Vie Associative. Passionn\u00e9 par le monde associatif depuis plus de 10 ans, j'ai \u00e0 c\u0153ur de partager des histoires inspirantes et de mettre en lumi\u00e8re les initiatives locales. Mon objectif est de sensibiliser et d'encourager l'engagement communautaire \u00e0 travers mes articles.","sameAs":["https:\/\/vieassociative.be\/"]}]}},"_links":{"self":[{"href":"https:\/\/vieassociative.be\/actualites\/wp-json\/wp\/v2\/posts\/5315"}],"collection":[{"href":"https:\/\/vieassociative.be\/actualites\/wp-json\/wp\/v2\/posts"}],"about":[{"href":"https:\/\/vieassociative.be\/actualites\/wp-json\/wp\/v2\/types\/post"}],"author":[{"embeddable":true,"href":"https:\/\/vieassociative.be\/actualites\/wp-json\/wp\/v2\/users\/1"}],"replies":[{"embeddable":true,"href":"https:\/\/vieassociative.be\/actualites\/wp-json\/wp\/v2\/comments?post=5315"}],"version-history":[{"count":0,"href":"https:\/\/vieassociative.be\/actualites\/wp-json\/wp\/v2\/posts\/5315\/revisions"}],"wp:featuredmedia":[{"embeddable":true,"href":"https:\/\/vieassociative.be\/actualites\/wp-json\/wp\/v2\/media\/5316"}],"wp:attachment":[{"href":"https:\/\/vieassociative.be\/actualites\/wp-json\/wp\/v2\/media?parent=5315"}],"wp:term":[{"taxonomy":"category","embeddable":true,"href":"https:\/\/vieassociative.be\/actualites\/wp-json\/wp\/v2\/categories?post=5315"},{"taxonomy":"post_tag","embeddable":true,"href":"https:\/\/vieassociative.be\/actualites\/wp-json\/wp\/v2\/tags?post=5315"}],"curies":[{"name":"wp","href":"https:\/\/api.w.org\/{rel}","templated":true}]}}