{"id":5310,"date":"2025-02-22T03:18:29","date_gmt":"2025-02-22T02:18:29","guid":{"rendered":"https:\/\/vieassociative.be\/actualites\/lautomobiliste-serait-apres-une-bouteille-de-vodka-a-walhorn-dans-une-courbe-droite-a-droite\/"},"modified":"2025-02-22T03:18:29","modified_gmt":"2025-02-22T02:18:29","slug":"lautomobiliste-serait-apres-une-bouteille-de-vodka-a-walhorn-dans-une-courbe-droite-a-droite","status":"publish","type":"post","link":"https:\/\/vieassociative.be\/actualites\/lautomobiliste-serait-apres-une-bouteille-de-vodka-a-walhorn-dans-une-courbe-droite-a-droite\/","title":{"rendered":"L&rsquo;automobiliste serait apr\u00e8s une bouteille de vodka \u00e0 Walhorn dans une courbe droite \u00e0 droite"},"content":{"rendered":"<p><strong>La zone de police de Weser-G\u00f6hl rapporte le vendredi 21\/02.<\/strong><\/p>\n<p><span id=\"more-408693\"><\/span>Le 20\/02, les services de la zone de police de Weser-G\u00f6hl seront appel\u00e9s \u00e0 Walhorn \u00e0 Hochstra\u00dfe \u00e0 12 h 04, car un accident de la circulation avec des blessures y a eu lieu.<\/p>\n<p>Ici, une femme (53 ans) a conduit la rue principale d&rsquo;Hergenrath. Dans une courbe droite, elle conduit tout droit et dans le foss\u00e9 oppos\u00e9. Sur place, la police constate que la femme est fortement ivre. Elle-m\u00eame indique qu&rsquo;elle a pris une bouteille de vodka.<\/p>\n<p>Le permis de conduire de la femme est emm\u00e9nag\u00e9 imm\u00e9diatement. \u00c9tant donn\u00e9 que la femme a des blessures mineures, l&rsquo;ambulance appel\u00e9e est amen\u00e9e \u00e0 l&rsquo;h\u00f4pital d&rsquo;Eupen pour d&rsquo;autres soins. La voiture anile doit \u00eatre remorqu\u00e9e.<\/p>\n","protected":false},"excerpt":{"rendered":"<p>La zone de police de Weser-G\u00f6hl rapporte le vendredi 21\/02. Le 20\/02, les services de la zone de police de Weser-G\u00f6hl seront appel\u00e9s \u00e0 Walhorn<\/p>\n","protected":false},"author":1,"featured_media":1939,"comment_status":"","ping_status":"","sticky":false,"template":"","format":"standard","meta":{"footnotes":""},"categories":[298],"tags":[472,1533,196,166,2319,5455,5456,110,5457,5458],"class_list":["post-5310","post","type-post","status-publish","format-standard","has-post-thumbnail","hentry","category-belgique","tag-apres","tag-bouteille","tag-courbe","tag-dans","tag-droite","tag-lautomobiliste","tag-serait","tag-une","tag-vodka","tag-walhorn","generate-columns","tablet-grid-50","mobile-grid-100","grid-parent","grid-33"],"yoast_head":"<!-- This site is optimized with the Yoast SEO plugin v24.0 - https:\/\/yoast.com\/wordpress\/plugins\/seo\/ -->\n<title>L&#039;automobiliste serait apr\u00e8s une bouteille de vodka \u00e0 Walhorn dans une courbe droite \u00e0 droite | Vie Associative<\/title>\n<meta name=\"robots\" content=\"index, follow, max-snippet:-1, max-image-preview:large, max-video-preview:-1\" \/>\n<link rel=\"canonical\" href=\"https:\/\/vieassociative.be\/actualites\/lautomobiliste-serait-apres-une-bouteille-de-vodka-a-walhorn-dans-une-courbe-droite-a-droite\/\" \/>\n<meta property=\"og:locale\" content=\"fr_FR\" \/>\n<meta property=\"og:type\" content=\"article\" \/>\n<meta property=\"og:title\" content=\"L&#039;automobiliste serait apr\u00e8s une bouteille de vodka \u00e0 Walhorn dans une courbe droite \u00e0 droite | Vie Associative\" \/>\n<meta property=\"og:description\" content=\"La zone de police de Weser-G\u00f6hl rapporte le vendredi 21\/02. Le 20\/02, les services de la zone de police de Weser-G\u00f6hl seront appel\u00e9s \u00e0 Walhorn\" \/>\n<meta property=\"og:url\" content=\"https:\/\/vieassociative.be\/actualites\/lautomobiliste-serait-apres-une-bouteille-de-vodka-a-walhorn-dans-une-courbe-droite-a-droite\/\" \/>\n<meta property=\"og:site_name\" content=\"Vie Associative\" \/>\n<meta property=\"article:published_time\" content=\"2025-02-22T02:18:29+00:00\" \/>\n<meta property=\"og:image\" content=\"https:\/\/vieassociative.be\/actualites\/wp-content\/uploads\/2024\/09\/header_backgroundk-01-e1726694325946.png\" \/>\n\t<meta property=\"og:image:width\" content=\"279\" \/>\n\t<meta property=\"og:image:height\" content=\"92\" \/>\n\t<meta property=\"og:image:type\" content=\"image\/png\" \/>\n<meta name=\"author\" content=\"Julien\" \/>\n<meta name=\"twitter:card\" content=\"summary_large_image\" \/>\n<meta name=\"twitter:label1\" content=\"\u00c9crit par\" \/>\n\t<meta name=\"twitter:data1\" content=\"Julien\" \/>\n\t<meta name=\"twitter:label2\" content=\"Dur\u00e9e de lecture est.\" \/>\n\t<meta name=\"twitter:data2\" content=\"1 minute\" \/>\n<script type=\"application\/ld+json\" class=\"yoast-schema-graph\">{\"@context\":\"https:\/\/schema.org\",\"@graph\":[{\"@type\":\"Article\",\"@id\":\"https:\/\/vieassociative.be\/actualites\/lautomobiliste-serait-apres-une-bouteille-de-vodka-a-walhorn-dans-une-courbe-droite-a-droite\/#article\",\"isPartOf\":{\"@id\":\"https:\/\/vieassociative.be\/actualites\/lautomobiliste-serait-apres-une-bouteille-de-vodka-a-walhorn-dans-une-courbe-droite-a-droite\/\"},\"author\":{\"name\":\"Julien\",\"@id\":\"https:\/\/vieassociative.be\/actualites\/#\/schema\/person\/b87ac4f82f9d4e7b7cec7395b679edc4\"},\"headline\":\"L&rsquo;automobiliste serait apr\u00e8s une bouteille de vodka \u00e0 Walhorn dans une courbe droite \u00e0 droite\",\"datePublished\":\"2025-02-22T02:18:29+00:00\",\"dateModified\":\"2025-02-22T02:18:29+00:00\",\"mainEntityOfPage\":{\"@id\":\"https:\/\/vieassociative.be\/actualites\/lautomobiliste-serait-apres-une-bouteille-de-vodka-a-walhorn-dans-une-courbe-droite-a-droite\/\"},\"wordCount\":146,\"publisher\":{\"@id\":\"https:\/\/vieassociative.be\/actualites\/#organization\"},\"image\":{\"@id\":\"https:\/\/vieassociative.be\/actualites\/lautomobiliste-serait-apres-une-bouteille-de-vodka-a-walhorn-dans-une-courbe-droite-a-droite\/#primaryimage\"},\"thumbnailUrl\":\"https:\/\/vieassociative.be\/actualites\/wp-content\/uploads\/2024\/11\/Raeren-Le-conducteur-tombe-dans-un-micro-sommeil-a-midi.jpeg\",\"keywords\":[\"Apr\u00e8s\",\"bouteille\",\"courbe\",\"dans\",\"droite\",\"Lautomobiliste\",\"serait\",\"une\",\"vodka\",\"Walhorn\"],\"articleSection\":[\"Belgique\"],\"inLanguage\":\"fr-BE\"},{\"@type\":\"WebPage\",\"@id\":\"https:\/\/vieassociative.be\/actualites\/lautomobiliste-serait-apres-une-bouteille-de-vodka-a-walhorn-dans-une-courbe-droite-a-droite\/\",\"url\":\"https:\/\/vieassociative.be\/actualites\/lautomobiliste-serait-apres-une-bouteille-de-vodka-a-walhorn-dans-une-courbe-droite-a-droite\/\",\"name\":\"L'automobiliste serait apr\u00e8s une bouteille de vodka \u00e0 Walhorn dans une courbe droite \u00e0 droite | Vie Associative\",\"isPartOf\":{\"@id\":\"https:\/\/vieassociative.be\/actualites\/#website\"},\"primaryImageOfPage\":{\"@id\":\"https:\/\/vieassociative.be\/actualites\/lautomobiliste-serait-apres-une-bouteille-de-vodka-a-walhorn-dans-une-courbe-droite-a-droite\/#primaryimage\"},\"image\":{\"@id\":\"https:\/\/vieassociative.be\/actualites\/lautomobiliste-serait-apres-une-bouteille-de-vodka-a-walhorn-dans-une-courbe-droite-a-droite\/#primaryimage\"},\"thumbnailUrl\":\"https:\/\/vieassociative.be\/actualites\/wp-content\/uploads\/2024\/11\/Raeren-Le-conducteur-tombe-dans-un-micro-sommeil-a-midi.jpeg\",\"datePublished\":\"2025-02-22T02:18:29+00:00\",\"dateModified\":\"2025-02-22T02:18:29+00:00\",\"breadcrumb\":{\"@id\":\"https:\/\/vieassociative.be\/actualites\/lautomobiliste-serait-apres-une-bouteille-de-vodka-a-walhorn-dans-une-courbe-droite-a-droite\/#breadcrumb\"},\"inLanguage\":\"fr-BE\",\"potentialAction\":[{\"@type\":\"ReadAction\",\"target\":[\"https:\/\/vieassociative.be\/actualites\/lautomobiliste-serait-apres-une-bouteille-de-vodka-a-walhorn-dans-une-courbe-droite-a-droite\/\"]}]},{\"@type\":\"ImageObject\",\"inLanguage\":\"fr-BE\",\"@id\":\"https:\/\/vieassociative.be\/actualites\/lautomobiliste-serait-apres-une-bouteille-de-vodka-a-walhorn-dans-une-courbe-droite-a-droite\/#primaryimage\",\"url\":\"https:\/\/vieassociative.be\/actualites\/wp-content\/uploads\/2024\/11\/Raeren-Le-conducteur-tombe-dans-un-micro-sommeil-a-midi.jpeg\",\"contentUrl\":\"https:\/\/vieassociative.be\/actualites\/wp-content\/uploads\/2024\/11\/Raeren-Le-conducteur-tombe-dans-un-micro-sommeil-a-midi.jpeg\",\"width\":1200,\"height\":800,\"caption\":\"Raeren : Le conducteur tombe dans un micro-sommeil \u00e0 midi\"},{\"@type\":\"BreadcrumbList\",\"@id\":\"https:\/\/vieassociative.be\/actualites\/lautomobiliste-serait-apres-une-bouteille-de-vodka-a-walhorn-dans-une-courbe-droite-a-droite\/#breadcrumb\",\"itemListElement\":[{\"@type\":\"ListItem\",\"position\":1,\"name\":\"Accueil\",\"item\":\"https:\/\/vieassociative.be\/actualites\/\"},{\"@type\":\"ListItem\",\"position\":2,\"name\":\"L&rsquo;automobiliste serait apr\u00e8s une bouteille de vodka \u00e0 Walhorn dans une courbe droite \u00e0 droite\"}]},{\"@type\":\"WebSite\",\"@id\":\"https:\/\/vieassociative.be\/actualites\/#website\",\"url\":\"https:\/\/vieassociative.be\/actualites\/\",\"name\":\"Vie Associative\",\"description\":\"\",\"publisher\":{\"@id\":\"https:\/\/vieassociative.be\/actualites\/#organization\"},\"potentialAction\":[{\"@type\":\"SearchAction\",\"target\":{\"@type\":\"EntryPoint\",\"urlTemplate\":\"https:\/\/vieassociative.be\/actualites\/?s={search_term_string}\"},\"query-input\":{\"@type\":\"PropertyValueSpecification\",\"valueRequired\":true,\"valueName\":\"search_term_string\"}}],\"inLanguage\":\"fr-BE\"},{\"@type\":\"Organization\",\"@id\":\"https:\/\/vieassociative.be\/actualites\/#organization\",\"name\":\"Vie Associative\",\"url\":\"https:\/\/vieassociative.be\/actualites\/\",\"logo\":{\"@type\":\"ImageObject\",\"inLanguage\":\"fr-BE\",\"@id\":\"https:\/\/vieassociative.be\/actualites\/#\/schema\/logo\/image\/\",\"url\":\"https:\/\/vieassociative.be\/actualites\/wp-content\/uploads\/2024\/09\/cropped-vieassociative_favicon.ico.png\",\"contentUrl\":\"https:\/\/vieassociative.be\/actualites\/wp-content\/uploads\/2024\/09\/cropped-vieassociative_favicon.ico.png\",\"width\":512,\"height\":512,\"caption\":\"Vie Associative\"},\"image\":{\"@id\":\"https:\/\/vieassociative.be\/actualites\/#\/schema\/logo\/image\/\"}},{\"@type\":\"Person\",\"@id\":\"https:\/\/vieassociative.be\/actualites\/#\/schema\/person\/b87ac4f82f9d4e7b7cec7395b679edc4\",\"name\":\"Julien\",\"image\":{\"@type\":\"ImageObject\",\"inLanguage\":\"fr-BE\",\"@id\":\"https:\/\/vieassociative.be\/actualites\/#\/schema\/person\/image\/\",\"url\":\"https:\/\/vieassociative.be\/actualites\/wp-content\/uploads\/2024\/09\/vie-associative-1-150x150.jpg\",\"contentUrl\":\"https:\/\/vieassociative.be\/actualites\/wp-content\/uploads\/2024\/09\/vie-associative-1-150x150.jpg\",\"caption\":\"Julien\"},\"description\":\"Je suis Julien, r\u00e9dacteur pour Vie Associative. Passionn\u00e9 par le monde associatif depuis plus de 10 ans, j'ai \u00e0 c\u0153ur de partager des histoires inspirantes et de mettre en lumi\u00e8re les initiatives locales. Mon objectif est de sensibiliser et d'encourager l'engagement communautaire \u00e0 travers mes articles.\",\"sameAs\":[\"https:\/\/vieassociative.be\/\"]}]}<\/script>\n<!-- \/ Yoast SEO plugin. -->","yoast_head_json":{"title":"L'automobiliste serait apr\u00e8s une bouteille de vodka \u00e0 Walhorn dans une courbe droite \u00e0 droite | Vie Associative","robots":{"index":"index","follow":"follow","max-snippet":"max-snippet:-1","max-image-preview":"max-image-preview:large","max-video-preview":"max-video-preview:-1"},"canonical":"https:\/\/vieassociative.be\/actualites\/lautomobiliste-serait-apres-une-bouteille-de-vodka-a-walhorn-dans-une-courbe-droite-a-droite\/","og_locale":"fr_FR","og_type":"article","og_title":"L'automobiliste serait apr\u00e8s une bouteille de vodka \u00e0 Walhorn dans une courbe droite \u00e0 droite | Vie Associative","og_description":"La zone de police de Weser-G\u00f6hl rapporte le vendredi 21\/02. Le 20\/02, les services de la zone de police de Weser-G\u00f6hl seront appel\u00e9s \u00e0 Walhorn","og_url":"https:\/\/vieassociative.be\/actualites\/lautomobiliste-serait-apres-une-bouteille-de-vodka-a-walhorn-dans-une-courbe-droite-a-droite\/","og_site_name":"Vie Associative","article_published_time":"2025-02-22T02:18:29+00:00","og_image":[{"width":279,"height":92,"url":"https:\/\/vieassociative.be\/actualites\/wp-content\/uploads\/2024\/09\/header_backgroundk-01-e1726694325946.png","type":"image\/png"}],"author":"Julien","twitter_card":"summary_large_image","twitter_misc":{"\u00c9crit par":"Julien","Dur\u00e9e de lecture est.":"1 minute"},"schema":{"@context":"https:\/\/schema.org","@graph":[{"@type":"Article","@id":"https:\/\/vieassociative.be\/actualites\/lautomobiliste-serait-apres-une-bouteille-de-vodka-a-walhorn-dans-une-courbe-droite-a-droite\/#article","isPartOf":{"@id":"https:\/\/vieassociative.be\/actualites\/lautomobiliste-serait-apres-une-bouteille-de-vodka-a-walhorn-dans-une-courbe-droite-a-droite\/"},"author":{"name":"Julien","@id":"https:\/\/vieassociative.be\/actualites\/#\/schema\/person\/b87ac4f82f9d4e7b7cec7395b679edc4"},"headline":"L&rsquo;automobiliste serait apr\u00e8s une bouteille de vodka \u00e0 Walhorn dans une courbe droite \u00e0 droite","datePublished":"2025-02-22T02:18:29+00:00","dateModified":"2025-02-22T02:18:29+00:00","mainEntityOfPage":{"@id":"https:\/\/vieassociative.be\/actualites\/lautomobiliste-serait-apres-une-bouteille-de-vodka-a-walhorn-dans-une-courbe-droite-a-droite\/"},"wordCount":146,"publisher":{"@id":"https:\/\/vieassociative.be\/actualites\/#organization"},"image":{"@id":"https:\/\/vieassociative.be\/actualites\/lautomobiliste-serait-apres-une-bouteille-de-vodka-a-walhorn-dans-une-courbe-droite-a-droite\/#primaryimage"},"thumbnailUrl":"https:\/\/vieassociative.be\/actualites\/wp-content\/uploads\/2024\/11\/Raeren-Le-conducteur-tombe-dans-un-micro-sommeil-a-midi.jpeg","keywords":["Apr\u00e8s","bouteille","courbe","dans","droite","Lautomobiliste","serait","une","vodka","Walhorn"],"articleSection":["Belgique"],"inLanguage":"fr-BE"},{"@type":"WebPage","@id":"https:\/\/vieassociative.be\/actualites\/lautomobiliste-serait-apres-une-bouteille-de-vodka-a-walhorn-dans-une-courbe-droite-a-droite\/","url":"https:\/\/vieassociative.be\/actualites\/lautomobiliste-serait-apres-une-bouteille-de-vodka-a-walhorn-dans-une-courbe-droite-a-droite\/","name":"L'automobiliste serait apr\u00e8s une bouteille de vodka \u00e0 Walhorn dans une courbe droite \u00e0 droite | Vie Associative","isPartOf":{"@id":"https:\/\/vieassociative.be\/actualites\/#website"},"primaryImageOfPage":{"@id":"https:\/\/vieassociative.be\/actualites\/lautomobiliste-serait-apres-une-bouteille-de-vodka-a-walhorn-dans-une-courbe-droite-a-droite\/#primaryimage"},"image":{"@id":"https:\/\/vieassociative.be\/actualites\/lautomobiliste-serait-apres-une-bouteille-de-vodka-a-walhorn-dans-une-courbe-droite-a-droite\/#primaryimage"},"thumbnailUrl":"https:\/\/vieassociative.be\/actualites\/wp-content\/uploads\/2024\/11\/Raeren-Le-conducteur-tombe-dans-un-micro-sommeil-a-midi.jpeg","datePublished":"2025-02-22T02:18:29+00:00","dateModified":"2025-02-22T02:18:29+00:00","breadcrumb":{"@id":"https:\/\/vieassociative.be\/actualites\/lautomobiliste-serait-apres-une-bouteille-de-vodka-a-walhorn-dans-une-courbe-droite-a-droite\/#breadcrumb"},"inLanguage":"fr-BE","potentialAction":[{"@type":"ReadAction","target":["https:\/\/vieassociative.be\/actualites\/lautomobiliste-serait-apres-une-bouteille-de-vodka-a-walhorn-dans-une-courbe-droite-a-droite\/"]}]},{"@type":"ImageObject","inLanguage":"fr-BE","@id":"https:\/\/vieassociative.be\/actualites\/lautomobiliste-serait-apres-une-bouteille-de-vodka-a-walhorn-dans-une-courbe-droite-a-droite\/#primaryimage","url":"https:\/\/vieassociative.be\/actualites\/wp-content\/uploads\/2024\/11\/Raeren-Le-conducteur-tombe-dans-un-micro-sommeil-a-midi.jpeg","contentUrl":"https:\/\/vieassociative.be\/actualites\/wp-content\/uploads\/2024\/11\/Raeren-Le-conducteur-tombe-dans-un-micro-sommeil-a-midi.jpeg","width":1200,"height":800,"caption":"Raeren : Le conducteur tombe dans un micro-sommeil \u00e0 midi"},{"@type":"BreadcrumbList","@id":"https:\/\/vieassociative.be\/actualites\/lautomobiliste-serait-apres-une-bouteille-de-vodka-a-walhorn-dans-une-courbe-droite-a-droite\/#breadcrumb","itemListElement":[{"@type":"ListItem","position":1,"name":"Accueil","item":"https:\/\/vieassociative.be\/actualites\/"},{"@type":"ListItem","position":2,"name":"L&rsquo;automobiliste serait apr\u00e8s une bouteille de vodka \u00e0 Walhorn dans une courbe droite \u00e0 droite"}]},{"@type":"WebSite","@id":"https:\/\/vieassociative.be\/actualites\/#website","url":"https:\/\/vieassociative.be\/actualites\/","name":"Vie Associative","description":"","publisher":{"@id":"https:\/\/vieassociative.be\/actualites\/#organization"},"potentialAction":[{"@type":"SearchAction","target":{"@type":"EntryPoint","urlTemplate":"https:\/\/vieassociative.be\/actualites\/?s={search_term_string}"},"query-input":{"@type":"PropertyValueSpecification","valueRequired":true,"valueName":"search_term_string"}}],"inLanguage":"fr-BE"},{"@type":"Organization","@id":"https:\/\/vieassociative.be\/actualites\/#organization","name":"Vie Associative","url":"https:\/\/vieassociative.be\/actualites\/","logo":{"@type":"ImageObject","inLanguage":"fr-BE","@id":"https:\/\/vieassociative.be\/actualites\/#\/schema\/logo\/image\/","url":"https:\/\/vieassociative.be\/actualites\/wp-content\/uploads\/2024\/09\/cropped-vieassociative_favicon.ico.png","contentUrl":"https:\/\/vieassociative.be\/actualites\/wp-content\/uploads\/2024\/09\/cropped-vieassociative_favicon.ico.png","width":512,"height":512,"caption":"Vie Associative"},"image":{"@id":"https:\/\/vieassociative.be\/actualites\/#\/schema\/logo\/image\/"}},{"@type":"Person","@id":"https:\/\/vieassociative.be\/actualites\/#\/schema\/person\/b87ac4f82f9d4e7b7cec7395b679edc4","name":"Julien","image":{"@type":"ImageObject","inLanguage":"fr-BE","@id":"https:\/\/vieassociative.be\/actualites\/#\/schema\/person\/image\/","url":"https:\/\/vieassociative.be\/actualites\/wp-content\/uploads\/2024\/09\/vie-associative-1-150x150.jpg","contentUrl":"https:\/\/vieassociative.be\/actualites\/wp-content\/uploads\/2024\/09\/vie-associative-1-150x150.jpg","caption":"Julien"},"description":"Je suis Julien, r\u00e9dacteur pour Vie Associative. Passionn\u00e9 par le monde associatif depuis plus de 10 ans, j'ai \u00e0 c\u0153ur de partager des histoires inspirantes et de mettre en lumi\u00e8re les initiatives locales. Mon objectif est de sensibiliser et d'encourager l'engagement communautaire \u00e0 travers mes articles.","sameAs":["https:\/\/vieassociative.be\/"]}]}},"_links":{"self":[{"href":"https:\/\/vieassociative.be\/actualites\/wp-json\/wp\/v2\/posts\/5310"}],"collection":[{"href":"https:\/\/vieassociative.be\/actualites\/wp-json\/wp\/v2\/posts"}],"about":[{"href":"https:\/\/vieassociative.be\/actualites\/wp-json\/wp\/v2\/types\/post"}],"author":[{"embeddable":true,"href":"https:\/\/vieassociative.be\/actualites\/wp-json\/wp\/v2\/users\/1"}],"replies":[{"embeddable":true,"href":"https:\/\/vieassociative.be\/actualites\/wp-json\/wp\/v2\/comments?post=5310"}],"version-history":[{"count":0,"href":"https:\/\/vieassociative.be\/actualites\/wp-json\/wp\/v2\/posts\/5310\/revisions"}],"wp:featuredmedia":[{"embeddable":true,"href":"https:\/\/vieassociative.be\/actualites\/wp-json\/wp\/v2\/media\/1939"}],"wp:attachment":[{"href":"https:\/\/vieassociative.be\/actualites\/wp-json\/wp\/v2\/media?parent=5310"}],"wp:term":[{"taxonomy":"category","embeddable":true,"href":"https:\/\/vieassociative.be\/actualites\/wp-json\/wp\/v2\/categories?post=5310"},{"taxonomy":"post_tag","embeddable":true,"href":"https:\/\/vieassociative.be\/actualites\/wp-json\/wp\/v2\/tags?post=5310"}],"curies":[{"name":"wp","href":"https:\/\/api.w.org\/{rel}","templated":true}]}}