{"id":5304,"date":"2025-02-21T23:17:42","date_gmt":"2025-02-21T22:17:42","guid":{"rendered":"https:\/\/vieassociative.be\/actualites\/les-meilleurs-episodes-de-podcast-de-2023\/"},"modified":"2025-02-21T23:17:42","modified_gmt":"2025-02-21T22:17:42","slug":"les-meilleurs-episodes-de-podcast-de-2023","status":"publish","type":"post","link":"https:\/\/vieassociative.be\/actualites\/les-meilleurs-episodes-de-podcast-de-2023\/","title":{"rendered":"Les meilleurs \u00e9pisodes de podcast de 2023"},"content":{"rendered":"<div class=\"mt-4 leading-6 md:mb-8\">Les meilleurs \u00e9pisodes de podcasts qui ont chut\u00e9 en 2023, de \u00abRecherche Engine\u00bb, \u00abRing Decoder\u00bb, \u00abThe Grawlix sauve le monde\u00bb, et plus encore.<\/div>\n<p><\/p>\n<p>J&rsquo;ai d\u00e9j\u00e0 \u00e9crit sur les meilleurs nouveaux podcasts de 2023, et souvent dans ces \u00e9missions, il y avait des \u00e9pisodes particuli\u00e8rement grands qui se sont d\u00e9marqu\u00e9s des autres. (Le premier \u00e9pisode de <em>Tu n&rsquo;as pas dit rien<\/em> a \u00e9t\u00e9 l&rsquo;un des meilleurs \u00e9pisodes de tout ce que j&rsquo;ai entendu depuis un certain temps.) Mais dans d&rsquo;autres \u00e9missions, il y a eu des \u00e9pisodes hors concours qui se d\u00e9rouleront dans l&rsquo;histoire comme certains des meilleurs pi\u00e8ces d&rsquo;audio jamais cr\u00e9\u00e9es &#8211; ou du moins des \u00e9pisodes qui sont Il vaut la peine de revisiter encore et encore. <\/p>\n<hr>\n<h2 id=\"the-grawlix-saves-the-world-the-mystery-of-the-missing-purse\"><em>Le Grawlix sauve le monde<\/em>: \u00ab\u00a0Le myst\u00e8re du sac manquant\u00a0\u00bb<\/h2>\n<div class=\"eloquent-imagery-image\">\n<div class=\"flex justify-center\">\n                    <img decoding=\"async\" class=\"border border-gray-100\" src=\"https:\/\/vieassociative.be\/actualites\/wp-content\/uploads\/2025\/02\/Les-meilleurs-episodes-de-podcast-de-2023.png\" alt=\"Le Grawlix sauve le logo du podcast mondial\" width=\"748\" height=\"750\" loading=\"lazy\"  >\n            <\/div>\n<\/p><\/div>\n<p>Chaque \u00e9pisode de <em>Le Grawlix sauve le monde<\/em> est divis\u00e9 en segments: Premi\u00e8rement, les com\u00e9diens Adam Cayton-Holland, Ben Roy et Andrew Orvedahl s&rsquo;attaquent mutuellement les uns les autres. Enfin, ils se rendent compte pour d\u00e9clarer si le d\u00e9fi fait ou non le monde est un meilleur endroit. Sur \u00ab\u00a0The Mystery of the Missing Purse\u00a0\u00bb, le producteur Ron apporte un sac \u00e0 main battu qu&rsquo;il a trouv\u00e9 dans sa cour et tout le monde essaie de retrouver la personne qui le poss\u00e9dait. Entendre parler de ce que les gars pensent \u00eatre arriv\u00e9 au sac est hilarant, mais ils trouvent en fait son propri\u00e9taire pour obtenir la vraie histoire. Parfois, faire un effort suppl\u00e9mentaire pour un seul \u00e9pisode de podcast n&rsquo;en vaut pas la peine. Cette fois, c&rsquo;\u00e9tait. <\/p>\n<hr>\n<h2 id=\"lights-out-dead-ends\"><em>Extinction des feux<\/em>: \u00ab\u00a0Deadd-uds\u00a0\u00bb<\/h2>\n<div class=\"eloquent-imagery-image\">\n<div class=\"flex justify-center\">\n                    <img decoding=\"async\" class=\"border border-gray-100\" src=\"https:\/\/vieassociative.be\/actualites\/wp-content\/uploads\/2025\/02\/1740176250_829_Les-meilleurs-episodes-de-podcast-de-2023.png\" alt=\"Light Out Podcast Logo\" width=\"748\" height=\"750\" loading=\"lazy\"  >\n            <\/div>\n<\/p><\/div>\n<p>Sur <em>Extinction des feux<\/em>Talia Augustidis (c\u00e9l\u00e8bre pour sa brillante liste de tout pour les opportunit\u00e9s audio, la newsletter All Hear et sa troisi\u00e8me victoire de la c\u00f4te pour le meilleur court documentaire) a produit \u00ab\u00a0Deaddding\u00a0\u00bb, un projet sur lequel elle travaille pendant presque toute sa vie. La m\u00e8re de Talia est d\u00e9c\u00e9d\u00e9e tragiquement quand elle avait trois ans &#8211; elle \u00e9tait ivre et est tomb\u00e9e d&rsquo;une falaise. Talia sort de vieilles cassettes de son enfance qui documentait la courte vie de sa m\u00e8re, y compris un clip obs\u00e9dant de sa m\u00e8re l&rsquo;avertissant de \u00abne pas s&rsquo;approcher trop pr\u00e8s du bord\u00bb (de quoi?) Pour cr\u00e9er une bande sonore onirique de souvenirs et de moments. C&rsquo;est, comme le dit Talia, une conversation avec un fant\u00f4me. \u00c0 la fin, elle revisite l&rsquo;endroit o\u00f9 sa m\u00e8re est d\u00e9c\u00e9d\u00e9e avec son p\u00e8re et sa s\u0153ur et essaie de capturer, avec l&rsquo;audio, ce qui s&rsquo;est pass\u00e9, ce qui aurait \u00e9t\u00e9 un moyen \u00e9motionnel de couronner ce projet. Au lieu de cela, quelque chose se passe qui est tragique ou absolument parfait. Je pense que c&rsquo;est parfait. La pi\u00e8ce enti\u00e8re est. <\/p>\n<hr>\n<h2 id=\"search-engine-why-dont-we-eat-people\"><em>Moteur de recherche<\/em>: \u00ab\u00a0Pourquoi ne mangeons-nous pas des gens?\u00a0\u00bb<\/h2>\n<div class=\"eloquent-imagery-image\">\n<div class=\"flex justify-center\">\n                    <img decoding=\"async\" class=\"border border-gray-100\" src=\"https:\/\/vieassociative.be\/actualites\/wp-content\/uploads\/2025\/02\/1740176251_920_Les-meilleurs-episodes-de-podcast-de-2023.png\" alt=\"Logo du podcast des moteurs de recherche\" width=\"748\" height=\"750\" loading=\"lazy\"  >\n            <\/div>\n<\/p><\/div>\n<p>Sur <em>Moteur de recherche<\/em>\u00e9pisode \u00ab\u00a0Pourquoi ne mange pas les gens?,\u00a0\u00bb PJ Vogt (de <em>R\u00e9pondre \u00e0 tous<\/em>) passe un \u00e9pisode \u00e0 r\u00e9pondre \u00e0 une tr\u00e8s bonne question d&rsquo;un enfant de 4 ans nomm\u00e9 Otto: pourquoi ne mange-t-il pas des gens? Il s&rsquo;agit d&rsquo;un \u00e9pisode tr\u00e8s recherch\u00e9 rempli d&rsquo;histoire, d&rsquo;un myst\u00e8re et m\u00eame d&rsquo;une recette. De plus, l&rsquo;adorable voix d&rsquo;un enfant de 4 ans qui utilise \u00e0 tort le mot \u00ab\u00a0Snowmans\u00a0\u00bb pour le pluriel de Snowman. C&rsquo;est largement un \u00e9pisode sur les choses taboues, et la chose \u00e0 propos des choses taboues est que g\u00e9n\u00e9ralement nous n&rsquo;irons m\u00eame pas l\u00e0-bas, pas m\u00eame en parler. Ici, PJ le fait, et je pense que nous d\u00e9couvrons que notre r\u00e9pulsion du cannibalisme est l&rsquo;une de ces choses qui a de moins en moins de sens, plus nous y pensons. Est-ce que manger de la chair humaine est la pire chose que nous puissions faire, ou le plus intime? Si cet \u00e9pisode ne vous rend pas un peu moins anti-cannibaliste, je serais surpris. <\/p>\n<hr>\n<h2 id=\"drifting-off-with-joe-pera-christmas-tree-lit\"><em>D\u00e9river avec Joe Pera<\/em>: \u00ab\u00a0Arbre de No\u00ebl allum\u00e9\u00a0\u00bb<\/h2>\n<div class=\"eloquent-imagery-image\">\n<div class=\"flex justify-center\">\n                    <img decoding=\"async\" class=\"border border-gray-100\" src=\"https:\/\/vieassociative.be\/actualites\/wp-content\/uploads\/2025\/02\/1740176252_764_Les-meilleurs-episodes-de-podcast-de-2023.png\" alt=\"D\u00e9terminer avec le logo du podcast Joe Pera\" width=\"747\" height=\"750\" loading=\"lazy\"  >\n            <\/div>\n<\/p><\/div>\n<p><strong><em>D\u00e9river avec Joe Pera<\/em><\/strong>  est un podcast apaisant destin\u00e9 \u00e0 vous aider \u00e0 vous endormir, et l&rsquo;\u00e9pisode \u00ab\u00a0Christmas Tree a allum\u00e9\u00a0\u00bb m&rsquo;a calm\u00e9 au maximum. Joe parle de trouver la paix en regardant un arbre de No\u00ebl, \u00e9clair\u00e9 dans l&rsquo;obscurit\u00e9, tandis que tout le monde dort, mais j&rsquo;\u00e9tais trop amoureux du son immersif et de la narration de Joe, qui ressemble \u00e0 un massage, pour m&rsquo;endormir. Cet \u00e9pisode incarne le confort; L&rsquo;\u00e9couter, j&rsquo;avais l&rsquo;impression de regarder un arbre de No\u00ebl allum\u00e9 dans l&rsquo;obscurit\u00e9 pendant que tout le monde dort, quelque chose que Joe dit est un th\u00e8me de sa vie. (Il nous demande de consid\u00e9rer les th\u00e8mes de notre vie, et je veux voler le sien.) Whitmer Thomas raconte \u00e0 Joe une histoire qui a l&rsquo;impression qu&rsquo;elle a \u00e9t\u00e9 tir\u00e9e de <em>Une histoire de No\u00ebl<\/em>et Joe fait alors une lecture parfaite et magnifique de <em>Le sapin<\/em> par Hans Christian Andersen pour un segment qui m&rsquo;a fait me sentir \u00e0 la fois chaleureux et triste. J&rsquo;ai fini par me sentir comme si je comprenais la tristesse d&rsquo;\u00eatre un sapin. Je voulais rassembler ma famille autour du feu \u00e0 No\u00ebl et faire \u00e9couter tout le monde ensemble.<\/p>\n<hr>\n<h2 id=\"louder-than-a-riot-it-aint-trickin-if-you-got-it\"><em>Plus fort qu&rsquo;une \u00e9meute<\/em>: \u00ab\u00a0Ce n&rsquo;est pas tromp\u00e9 si vous l&rsquo;avez\u00a0\u00bb<\/h2>\n<div class=\"eloquent-imagery-image\">\n<div class=\"flex justify-center\">\n                    <img decoding=\"async\" class=\"border border-gray-100\" src=\"https:\/\/vieassociative.be\/actualites\/wp-content\/uploads\/2025\/02\/1740176254_439_Les-meilleurs-episodes-de-podcast-de-2023.png\" alt=\"Plus fort que un logo de podcast anti-\u00e9meute\" width=\"2000\" height=\"2000\" loading=\"lazy\"  >\n            <\/div>\n<\/p><\/div>\n<p>Sur <em>Plus fort qu&rsquo;une \u00e9meute<\/em>&lsquo;C&rsquo;est \u00ab\u00a0Ce n&rsquo;est pas tromp\u00e9 si vous l&rsquo;avez\u00a0\u00bb, Sidney Madden et Rodney Carmichael nous emm\u00e8nent \u00e0 Miami (\u00ab\u00a0l&rsquo;un des seuls endroits o\u00f9 vous pouvez aller au supermarch\u00e9 en rien d&rsquo;autre qu&rsquo;un bikini et ne pas \u00eatre regard\u00e9 lat\u00e9ralement\u00a0\u00bb) Pour interviewer Trina, dont la carri\u00e8re a d\u00e9clench\u00e9 le moment de la \u00abmauvaise chienne\u00bb du hip-hop, un d\u00e9part des anciens st\u00e9r\u00e9otypes des femmes noires en rap. Tout a commenc\u00e9 avec Trina, qui semble timide comme un enfer, tapant sur une piste de papa, volant le spectacle et se tournant compl\u00e8tement pour devenir plus grand qu&rsquo;un verset, brisant le moule avec sa sortie de deuxi\u00e8me ann\u00e9e <em>Princesse en diamant<\/em>. Il y a ce moment presque cin\u00e9matographique de Trina pouss\u00e9e sur sc\u00e8ne \u00e0 un spectacle o\u00f9 elle a \u00e9t\u00e9 accueillie par une mer de mauvaises chiennes chantant ses paroles. Elle avait mis le feu au hip hop, naissance d&rsquo;un univers de mauvaises chiennes. Mais une interview inconfortable avec Trick Daddy r\u00e9v\u00e8le qu&rsquo;il ne veut pas en parler et qu&rsquo;il n&rsquo;\u00e9tait pas content qu&rsquo;il ait \u00e9t\u00e9 \u00e9clips\u00e9 par la chienne la plus m\u00e9chante. Il a peut-\u00eatre obtenu Trina au micro, mais son soutien s&rsquo;est termin\u00e9 l\u00e0-bas. (Dans son interview, il en disant: \u00abJe suis J\u00e9sus-Christ, j&rsquo;ai cr\u00e9\u00e9 la chienne la plus m\u00e9chante. Si vous vous sentez offens\u00e9, f * ck et embrasse le cul de toute ma famille.\u00bb) Cet \u00e9pisode est \u00e9pic\u00e9 et important et une c\u00e9l\u00e9bration de la mauvaise chienne originale, et nous pr\u00e9sente quelqu&rsquo;un qui a pu se concentrer et cr\u00e9er de l&rsquo;art qui a touch\u00e9 un \u00e9norme accord avec les gens qui en avaient besoin. Nous devrions tous prendre des notes. <\/p>\n<hr>\n<h2 id=\"articles-of-interest-the-clueless-closet\"><em>Articles d&rsquo;int\u00e9r\u00eat<\/em>: \u00ab\u00a0Le placard sans aucune id\u00e9e\u00a0\u00bb<\/h2>\n<div class=\"eloquent-imagery-image\">\n<div class=\"flex justify-center\">\n                    <img decoding=\"async\" class=\"border border-gray-100\" src=\"https:\/\/vieassociative.be\/actualites\/wp-content\/uploads\/2025\/02\/1740176255_693_Les-meilleurs-episodes-de-podcast-de-2023.png\" alt=\"Logo du podcast d'articles d'int\u00e9r\u00eat\" width=\"2000\" height=\"1991\" loading=\"lazy\"  >\n            <\/div>\n<\/p><\/div>\n<p>Avery Trufelman vient de terminer une s\u00e9rie magistrale sur les v\u00eatements preppy sur son podcast <em>Articles d&rsquo;int\u00e9r\u00eat<\/em>. Et puis un jour la semaine derni\u00e8re, nous avons obtenu un seul bel \u00e9pisode d\u00e9di\u00e9 au placard de Cher Horowitz, le placard d\u00e9sempar\u00e9. Je n&rsquo;aurais jamais r\u00e9alis\u00e9 \u00e0 quel point c&rsquo;\u00e9tait un cauchemar pour les r\u00e9alisateurs d\u00e9finis de faire un placard fantastique dans un film. Mais ce placard embl\u00e9matique, celui que nous avons tous convoit\u00e9 depuis 1995, est \u00e9galement un cauchemar \u00e0 recr\u00e9er dans la vraie vie. Nous avons des voitures autonomes (en quelque sorte) avant que nous ayons le placard de r\u00eave de Cher? Qui est en charge de cet univers, un homme? Je ne g\u00e2cherai rien, mais il y a une raison int\u00e9ressante pour laquelle nous ne pouvons pas faire ce placard, peu importe \u00e0 quel point nous essayons et pourquoi, vraiment, nous ne devrions pas. Cet \u00e9pisode vous fera aimer vos v\u00eatements, commencer \u00e0 faire du shopping dans votre placard et commencer \u00e0 vous habiller d&rsquo;une mani\u00e8re qui pourrait l\u00e9g\u00e8rement confondre les autres mais qui les impressionnera finalement. <\/p>\n<hr>\n<h2 id=\"sentimental-garbage-girls-just-want-to-have-fun\"><em>D\u00e9chets sentimentaux<\/em>: \u00ab\u00a0Les filles veulent juste s&rsquo;amuser\u00a0\u00bb<\/h2>\n<div class=\"eloquent-imagery-image\">\n<div class=\"flex justify-center\">\n                    <img decoding=\"async\" class=\"border border-gray-100\" src=\"https:\/\/vieassociative.be\/actualites\/wp-content\/uploads\/2025\/02\/1740176256_829_Les-meilleurs-episodes-de-podcast-de-2023.png\" alt=\"Logo Podcast Sentimental Garbage\" width=\"748\" height=\"750\" loading=\"lazy\"  >\n            <\/div>\n<\/p><\/div>\n<p>Vous avez probablement entendu les \u00ab\u00a0filles de Cyndi Lauper juste \u00e0 s&rsquo;amuser\u00a0\u00bb (qui \u00e9tait le num\u00e9ro un des charts le jour de ma naissance) des millions de fois, mais y avez-vous pens\u00e9 &#8211; vraiment y penser? L&rsquo;\u00e9pisode \u00ab\u00a0Girls Want To Have\u00a0\u00bb de Sentimental Garbage a couvert la chanson d&rsquo;une mani\u00e8re nette, amusante et acad\u00e9mique, ce qui est vraiment ce que cette \u00e9mission fait le mieux. C&rsquo;est un examen de Cyndi et de la version originale, qui a \u00e9t\u00e9 chant\u00e9e par Robert Hazard, qui est un homme c\u00e9l\u00e8bre. Cela change tout si vous y r\u00e9fl\u00e9chissez. Et Caroline et l&rsquo;invit\u00e9 Tom McInnes y r\u00e9fl\u00e9chissent. C&rsquo;est une conversation sur le plaisir, ce que Cyndi signifie quand elle parle de vouloir marcher au soleil et les chanceux, et pourquoi quand vous entendez \u00ab\u00a0les filles veulent juste vous amuser\u00a0\u00bb veux te serrer dans ses bras. \u00ab\u00a0Les filles veulent juste s&rsquo;amuser\u00a0\u00bb n&rsquo;ont pas beaucoup de paroles, mais chacune porte plus que son poids. <\/p>\n<hr>\n<h2 id=\"decoder-ring-the-slow-decline-of-the-slow-dance\"><em>Bague de d\u00e9codeur<\/em>: \u00ab\u00a0Le lent d\u00e9clin de la danse lente\u00a0\u00bb<\/h2>\n<div class=\"eloquent-imagery-image\">\n<div class=\"flex justify-center\">\n                    <img decoding=\"async\" class=\"border border-gray-100\" src=\"https:\/\/vieassociative.be\/actualites\/wp-content\/uploads\/2025\/02\/1740176257_397_Les-meilleurs-episodes-de-podcast-de-2023.png\" alt=\"Logo du podcast d'anneau de d\u00e9codeur\" width=\"748\" height=\"750\" loading=\"lazy\"  >\n            <\/div>\n<\/p><\/div>\n<p><em>Bague de d\u00e9codeur<\/em>\u00abLe lent d\u00e9clin de la danse lente\u00bb \u00e9tait inattendu. Nous obtenons une histoire compl\u00e8te de la danse lente, en commen\u00e7ant par la valse, en examinant comment nous sommes pass\u00e9s des chaperons de danse en s\u00e9parant litt\u00e9ralement les adolescents maladroits sur la piste de danse pour souhaiter qu&rsquo;ils se rapprochent un peu. L&rsquo;introduction du broyage est une des raisons pour lesquelles la danse lente en face \u00e0 face diminue, mais c&rsquo;est bien plus que cela. La danse \u00e9volue et est une r\u00e9flexion sur notre culture et comment nous nous rapportons les uns aux autres. Les adolescents ne sont pas lents (ils ne le sont litt\u00e9ralement pas, et ce ne sont pas seulement les adolescents &#8211; l&rsquo;est) parce qu&rsquo;ils ne sont pas aussi \u00e0 l&rsquo;aise de s&rsquo;engager dans cette tradition assez vuln\u00e9rable. Apr\u00e8s-confort, et avec notre d\u00e9pendance aux m\u00e9dias sociaux pour maintenir nos amiti\u00e9s et nos relations, il n&rsquo;est pas difficile de voir pourquoi. Ce n&rsquo;\u00e9tait pas un aper\u00e7u du \u00abbon vieux temps\u00bb et de la meilleure vie de la vie quand les enfants \u00e9taient pr\u00eats \u00e0 ralentir. C&rsquo;est un rappel que vous mettre l\u00e0-bas pour se connecter avec quelqu&rsquo;un dans une danse lente est un art que nous perdons. La danse lente brise de la glace, cela nous d\u00e9fie, cela nous rend plus \u00e0 l&rsquo;aise avec notre corps, et le corps des autres. Ce n&rsquo;est pas idiot, c&rsquo;est une partie cruciale de ce que signifie \u00eatre une personne dans ce monde. La danse lente est pass\u00e9e de la valse au broyage et elle \u00e9voluera \u00e0 nouveau. Mais dans quoi? <\/p>\n<hr>\n<h2 id=\"radio-diaries-the-unmarked-graveyard-neil-harris-jr\"><em>Journaux radio<\/em>: \u00ab\u00a0Le cimeti\u00e8re non marqu\u00e9: Neil Harris Jr.\u00a0\u00bb<\/h2>\n<div class=\"eloquent-imagery-image\">\n<div class=\"flex justify-center\">\n                    <img decoding=\"async\" class=\"border border-gray-100\" src=\"https:\/\/vieassociative.be\/actualites\/wp-content\/uploads\/2025\/02\/1740176258_17_Les-meilleurs-episodes-de-podcast-de-2023.png\" alt=\"Radio Diaries Podcast Logo\" width=\"2000\" height=\"1996\" loading=\"lazy\"  >\n            <\/div>\n<\/p><\/div>\n<p>Quelque part pr\u00e8s de l&rsquo;extr\u00e9mit\u00e9 ouest de Long Island Sound, dans le nord-est du Bronx, se trouve Hart Island ou \u00abPotter&rsquo;s Field\u00bb, le plus grand cimeti\u00e8re public am\u00e9ricain. (Plus d&rsquo;un million d&rsquo;\u00e2mes sont au repos, sans pierre tombale. Juste des chiffres.) C&rsquo;est une \u00eele pleine de myst\u00e8res, et <em>Journaux radio<\/em> Explore certains d&rsquo;entre eux pour une courte s\u00e9rie appel\u00e9e <em>Le cimeti\u00e8re non marqu\u00e9<\/em>. La premi\u00e8re histoire, Neil Harris Jr., raconte l&rsquo;histoire d&rsquo;un gars qui est devenu bien connu des locaux du parc Riverside de Manhattan en tant que Stephen, pour s&rsquo;asseoir sur le m\u00eame banc tous les jours. En 2017, un corps non identifiable a \u00e9t\u00e9 trouv\u00e9 \u00e0 New York &#8211; pendant que les habitants ont commenc\u00e9 \u00e0 remarquer que Stephen \u00e9tait parti. Il a fallu un amateur de parc au hasard pour relier les points et trouver sa v\u00e9ritable identit\u00e9. <em>Journaux radio<\/em> Apprend \u00e0 conna\u00eetre Stephen, son vrai nom et son identit\u00e9, la marque qu&rsquo;il a faite sur New York et les gens qu&rsquo;il a laiss\u00e9s. J&rsquo;ai \u00e9cout\u00e9 cet \u00e9pisode avec un souffle. Cela vous fait penser \u00e0 chaque personne que vous passez dans la rue ou voir assis sur un banc de parc. <\/p>\n<hr>\n<h2 id=\"man-thinkers-juicy-with-will-blunderfield\"><em>Penseurs de l&rsquo;homme<\/em>: \u00ab\u00a0Juicy avec Will Blunderfield\u00a0\u00bb<\/h2>\n<div class=\"eloquent-imagery-image\">\n<div class=\"flex justify-center\">\n                    <img decoding=\"async\" class=\"border border-gray-100\" src=\"https:\/\/vieassociative.be\/actualites\/wp-content\/uploads\/2025\/02\/1740176261_590_Les-meilleurs-episodes-de-podcast-de-2023.png\" alt=\"Logo du podcast Man Thinkers\" width=\"2000\" height=\"1987\" loading=\"lazy\"  >\n            <\/div>\n<\/p><\/div>\n<p>J&rsquo;ai suppos\u00e9 <em>Penseurs de l&rsquo;homme<\/em> Serait plein de blagues paresseuses sur la masculinit\u00e9 toxique, mais les co-animateurs George Collins et Dan Finkelstein se penchent fort et le r\u00e9sultat est hilarant \u00e0 rire de rire. Ils interrogent de vrais m\u00e9decins et experts sur la testost\u00e9rone, la cong\u00e9lation des \u0153ufs et le fait d&rsquo;\u00eatre un homme meilleur, tous dans le caract\u00e8re en tant que deux hommes libertaires \/ incel qui ont \u00e9t\u00e9 annul\u00e9s par YouTube \u00ablib\u00e9raux\u00bb et ont trouv\u00e9 une place pour leur voix sur un podcast. L&rsquo;un de mes \u00e9pisodes pr\u00e9f\u00e9r\u00e9s \u00e9tait juteux avec Will Blunderfield qui boit sa propre urine, Suns son trou A et enseigne des cours dans le kung-fu sexuel. <\/p>\n<hr>\n<h2 id=\"youre-wrong-about-chris-mccandless-with-blair-braverman\"><em>Vous vous trompez<\/em>: \u00ab\u00a0Chris McCandless avec Blair Braverman\u00a0\u00bb<\/h2>\n<div class=\"eloquent-imagery-image\">\n<div class=\"flex justify-center\">\n                    <img decoding=\"async\" class=\"border border-gray-100\" src=\"https:\/\/vieassociative.be\/actualites\/wp-content\/uploads\/2025\/02\/1740176262_407_Les-meilleurs-episodes-de-podcast-de-2023.png\" alt=\"Vous vous trompez sur le logo du podcast\" width=\"2000\" height=\"2000\" loading=\"lazy\"  >\n            <\/div>\n<\/p><\/div>\n<p><em>Vous vous trompez<\/em>Le correspondant r\u00e9sident de la survie, Blair Braverman, \u00e9tait de retour dans la s\u00e9rie pour parler du \u00absupertramp\u00bb Chris McCandless, qui est entr\u00e9 dans le buisson de l&rsquo;Alaska et est mort, peut-\u00eatre parce qu&rsquo;il a mang\u00e9 des plantes toxiques. L&rsquo;histoire de Chris a \u00e9t\u00e9 l&rsquo;inspiration pour Jon Krakauer <em>Dans la nature<\/em>. Ce fut une grande conversation parce que cela a \u00e9voqu\u00e9 tant de choses qui n&rsquo;ont jamais \u00e9t\u00e9 mentionn\u00e9es <em>Dans la nature<\/em>comme les abus familiaux, les complexit\u00e9s de Chris en tant qu&rsquo;\u00eatre humain non perfect et non \u00e9prouv\u00e9, et comment les nouvelles recherches peuvent expliquer comment Chris peut \u00eatre mort. <\/p>\n<hr>\n<h2 id=\"american-hysteria-jackass\"><em>Hyst\u00e9rie am\u00e9ricaine<\/em>: \u00ab\u00a0Jackass\u00a0\u00bb<\/h2>\n<div class=\"eloquent-imagery-image\">\n<div class=\"flex justify-center\">\n                    <img decoding=\"async\" class=\"border border-gray-100\" src=\"https:\/\/vieassociative.be\/actualites\/wp-content\/uploads\/2025\/02\/1740176262_486_Les-meilleurs-episodes-de-podcast-de-2023.png\" alt=\"Logo du podcast sur l'hyst\u00e9rie am\u00e9ricaine\" width=\"748\" height=\"750\" loading=\"lazy\"  >\n            <\/div>\n<\/p><\/div>\n<p>Je ne savais pas \u00e0 quel point <em>\u00c2ne<\/em> \u00e9tait. <em>Hyst\u00e9rie am\u00e9ricaine<\/em> A un \u00e9pisode sur Jackass qui est \u00e0 la fois une histoire exhaustive de la franchise qui est l&rsquo;un des \u00e9pisodes les mieux \u00e9crits de <em>Hyst\u00e9rie am\u00e9ricaine<\/em> toujours &#8211; Chelsey lisant la liste de <em>\u00c2ne<\/em> Les cascades sont une pure po\u00e9sie. Et c&rsquo;est aussi super gay. (<em>\u00c2ne<\/em> croyait que c&rsquo;\u00e9tait \u00abd\u00e9barrasser le monde de l&rsquo;homophobie\u00bb. Jon Waters \u00e9tait fan et est apparu dans la s\u00e9rie.) L&rsquo;histoire de <em>\u00c2ne<\/em> est inhabituel et surprenant: cela a d\u00e9finitivement inspir\u00e9 les enfants \u00e0 essayer une fosse \u00e0 balle Anaconda, un wedgie \u00e0 l&rsquo;\u00e9lastique ou un corn de terrain de golf. C&rsquo;est aussi une histoire sur la culture am\u00e9ricaine, en rendant l&rsquo;Am\u00e9rique h\u00e9t\u00e9rosexuelle inconfortable, un beau danger et bien plus qu&rsquo;un simple tas de mecs qui tombent.<\/p>\n","protected":false},"excerpt":{"rendered":"<p>Les meilleurs \u00e9pisodes de podcasts qui ont chut\u00e9 en 2023, de \u00abRecherche Engine\u00bb, \u00abRing Decoder\u00bb, \u00abThe Grawlix sauve le monde\u00bb, et plus encore. J&rsquo;ai d\u00e9j\u00e0<\/p>\n","protected":false},"author":1,"featured_media":5305,"comment_status":"","ping_status":"","sticky":false,"template":"","format":"standard","meta":{"footnotes":""},"categories":[36],"tags":[1443,14,187,1444],"class_list":["post-5304","post","type-post","status-publish","format-standard","has-post-thumbnail","hentry","category-divertissement","tag-episodes","tag-les","tag-meilleurs","tag-podcast","generate-columns","tablet-grid-50","mobile-grid-100","grid-parent","grid-33"],"yoast_head":"<!-- This site is optimized with the Yoast SEO plugin v24.0 - https:\/\/yoast.com\/wordpress\/plugins\/seo\/ -->\n<title>Les meilleurs \u00e9pisodes de podcast de 2023 | Vie Associative<\/title>\n<meta name=\"robots\" content=\"index, follow, max-snippet:-1, max-image-preview:large, max-video-preview:-1\" \/>\n<link rel=\"canonical\" href=\"https:\/\/vieassociative.be\/actualites\/les-meilleurs-episodes-de-podcast-de-2023\/\" \/>\n<meta property=\"og:locale\" content=\"fr_FR\" \/>\n<meta property=\"og:type\" content=\"article\" \/>\n<meta property=\"og:title\" content=\"Les meilleurs \u00e9pisodes de podcast de 2023 | Vie Associative\" \/>\n<meta property=\"og:description\" content=\"Les meilleurs \u00e9pisodes de podcasts qui ont chut\u00e9 en 2023, de \u00abRecherche Engine\u00bb, \u00abRing Decoder\u00bb, \u00abThe Grawlix sauve le monde\u00bb, et plus encore. J&rsquo;ai d\u00e9j\u00e0\" \/>\n<meta property=\"og:url\" content=\"https:\/\/vieassociative.be\/actualites\/les-meilleurs-episodes-de-podcast-de-2023\/\" \/>\n<meta property=\"og:site_name\" content=\"Vie Associative\" \/>\n<meta property=\"article:published_time\" content=\"2025-02-21T22:17:42+00:00\" \/>\n<meta property=\"og:image\" content=\"https:\/\/vieassociative.be\/actualites\/wp-content\/uploads\/2025\/02\/Les-meilleurs-episodes-de-podcast-de-2023.png\" \/>\n<meta name=\"author\" content=\"Julien\" \/>\n<meta name=\"twitter:card\" content=\"summary_large_image\" \/>\n<meta name=\"twitter:label1\" content=\"\u00c9crit par\" \/>\n\t<meta name=\"twitter:data1\" content=\"Julien\" \/>\n\t<meta name=\"twitter:label2\" content=\"Dur\u00e9e de lecture est.\" \/>\n\t<meta name=\"twitter:data2\" content=\"12 minutes\" \/>\n<script type=\"application\/ld+json\" class=\"yoast-schema-graph\">{\"@context\":\"https:\/\/schema.org\",\"@graph\":[{\"@type\":\"Article\",\"@id\":\"https:\/\/vieassociative.be\/actualites\/les-meilleurs-episodes-de-podcast-de-2023\/#article\",\"isPartOf\":{\"@id\":\"https:\/\/vieassociative.be\/actualites\/les-meilleurs-episodes-de-podcast-de-2023\/\"},\"author\":{\"name\":\"Julien\",\"@id\":\"https:\/\/vieassociative.be\/actualites\/#\/schema\/person\/b87ac4f82f9d4e7b7cec7395b679edc4\"},\"headline\":\"Les meilleurs \u00e9pisodes de podcast de 2023\",\"datePublished\":\"2025-02-21T22:17:42+00:00\",\"dateModified\":\"2025-02-21T22:17:42+00:00\",\"mainEntityOfPage\":{\"@id\":\"https:\/\/vieassociative.be\/actualites\/les-meilleurs-episodes-de-podcast-de-2023\/\"},\"wordCount\":2566,\"publisher\":{\"@id\":\"https:\/\/vieassociative.be\/actualites\/#organization\"},\"image\":{\"@id\":\"https:\/\/vieassociative.be\/actualites\/les-meilleurs-episodes-de-podcast-de-2023\/#primaryimage\"},\"thumbnailUrl\":\"https:\/\/vieassociative.be\/actualites\/wp-content\/uploads\/2025\/02\/1740176263_Les-meilleurs-episodes-de-podcast-de-2023.png\",\"keywords\":[\"\u00e9pisodes\",\"Les\",\"meilleurs\",\"podcast\"],\"articleSection\":[\"Divertissement\"],\"inLanguage\":\"fr-BE\"},{\"@type\":\"WebPage\",\"@id\":\"https:\/\/vieassociative.be\/actualites\/les-meilleurs-episodes-de-podcast-de-2023\/\",\"url\":\"https:\/\/vieassociative.be\/actualites\/les-meilleurs-episodes-de-podcast-de-2023\/\",\"name\":\"Les meilleurs \u00e9pisodes de podcast de 2023 | Vie Associative\",\"isPartOf\":{\"@id\":\"https:\/\/vieassociative.be\/actualites\/#website\"},\"primaryImageOfPage\":{\"@id\":\"https:\/\/vieassociative.be\/actualites\/les-meilleurs-episodes-de-podcast-de-2023\/#primaryimage\"},\"image\":{\"@id\":\"https:\/\/vieassociative.be\/actualites\/les-meilleurs-episodes-de-podcast-de-2023\/#primaryimage\"},\"thumbnailUrl\":\"https:\/\/vieassociative.be\/actualites\/wp-content\/uploads\/2025\/02\/1740176263_Les-meilleurs-episodes-de-podcast-de-2023.png\",\"datePublished\":\"2025-02-21T22:17:42+00:00\",\"dateModified\":\"2025-02-21T22:17:42+00:00\",\"breadcrumb\":{\"@id\":\"https:\/\/vieassociative.be\/actualites\/les-meilleurs-episodes-de-podcast-de-2023\/#breadcrumb\"},\"inLanguage\":\"fr-BE\",\"potentialAction\":[{\"@type\":\"ReadAction\",\"target\":[\"https:\/\/vieassociative.be\/actualites\/les-meilleurs-episodes-de-podcast-de-2023\/\"]}]},{\"@type\":\"ImageObject\",\"inLanguage\":\"fr-BE\",\"@id\":\"https:\/\/vieassociative.be\/actualites\/les-meilleurs-episodes-de-podcast-de-2023\/#primaryimage\",\"url\":\"https:\/\/vieassociative.be\/actualites\/wp-content\/uploads\/2025\/02\/1740176263_Les-meilleurs-episodes-de-podcast-de-2023.png\",\"contentUrl\":\"https:\/\/vieassociative.be\/actualites\/wp-content\/uploads\/2025\/02\/1740176263_Les-meilleurs-episodes-de-podcast-de-2023.png\",\"width\":1200,\"height\":675,\"caption\":\"Les meilleurs \u00e9pisodes de podcast de 2023\"},{\"@type\":\"BreadcrumbList\",\"@id\":\"https:\/\/vieassociative.be\/actualites\/les-meilleurs-episodes-de-podcast-de-2023\/#breadcrumb\",\"itemListElement\":[{\"@type\":\"ListItem\",\"position\":1,\"name\":\"Accueil\",\"item\":\"https:\/\/vieassociative.be\/actualites\/\"},{\"@type\":\"ListItem\",\"position\":2,\"name\":\"Les meilleurs \u00e9pisodes de podcast de 2023\"}]},{\"@type\":\"WebSite\",\"@id\":\"https:\/\/vieassociative.be\/actualites\/#website\",\"url\":\"https:\/\/vieassociative.be\/actualites\/\",\"name\":\"Vie Associative\",\"description\":\"\",\"publisher\":{\"@id\":\"https:\/\/vieassociative.be\/actualites\/#organization\"},\"potentialAction\":[{\"@type\":\"SearchAction\",\"target\":{\"@type\":\"EntryPoint\",\"urlTemplate\":\"https:\/\/vieassociative.be\/actualites\/?s={search_term_string}\"},\"query-input\":{\"@type\":\"PropertyValueSpecification\",\"valueRequired\":true,\"valueName\":\"search_term_string\"}}],\"inLanguage\":\"fr-BE\"},{\"@type\":\"Organization\",\"@id\":\"https:\/\/vieassociative.be\/actualites\/#organization\",\"name\":\"Vie Associative\",\"url\":\"https:\/\/vieassociative.be\/actualites\/\",\"logo\":{\"@type\":\"ImageObject\",\"inLanguage\":\"fr-BE\",\"@id\":\"https:\/\/vieassociative.be\/actualites\/#\/schema\/logo\/image\/\",\"url\":\"https:\/\/vieassociative.be\/actualites\/wp-content\/uploads\/2024\/09\/cropped-vieassociative_favicon.ico.png\",\"contentUrl\":\"https:\/\/vieassociative.be\/actualites\/wp-content\/uploads\/2024\/09\/cropped-vieassociative_favicon.ico.png\",\"width\":512,\"height\":512,\"caption\":\"Vie Associative\"},\"image\":{\"@id\":\"https:\/\/vieassociative.be\/actualites\/#\/schema\/logo\/image\/\"}},{\"@type\":\"Person\",\"@id\":\"https:\/\/vieassociative.be\/actualites\/#\/schema\/person\/b87ac4f82f9d4e7b7cec7395b679edc4\",\"name\":\"Julien\",\"image\":{\"@type\":\"ImageObject\",\"inLanguage\":\"fr-BE\",\"@id\":\"https:\/\/vieassociative.be\/actualites\/#\/schema\/person\/image\/\",\"url\":\"https:\/\/vieassociative.be\/actualites\/wp-content\/uploads\/2024\/09\/vie-associative-1-150x150.jpg\",\"contentUrl\":\"https:\/\/vieassociative.be\/actualites\/wp-content\/uploads\/2024\/09\/vie-associative-1-150x150.jpg\",\"caption\":\"Julien\"},\"description\":\"Je suis Julien, r\u00e9dacteur pour Vie Associative. Passionn\u00e9 par le monde associatif depuis plus de 10 ans, j'ai \u00e0 c\u0153ur de partager des histoires inspirantes et de mettre en lumi\u00e8re les initiatives locales. Mon objectif est de sensibiliser et d'encourager l'engagement communautaire \u00e0 travers mes articles.\",\"sameAs\":[\"https:\/\/vieassociative.be\/\"]}]}<\/script>\n<!-- \/ Yoast SEO plugin. -->","yoast_head_json":{"title":"Les meilleurs \u00e9pisodes de podcast de 2023 | Vie Associative","robots":{"index":"index","follow":"follow","max-snippet":"max-snippet:-1","max-image-preview":"max-image-preview:large","max-video-preview":"max-video-preview:-1"},"canonical":"https:\/\/vieassociative.be\/actualites\/les-meilleurs-episodes-de-podcast-de-2023\/","og_locale":"fr_FR","og_type":"article","og_title":"Les meilleurs \u00e9pisodes de podcast de 2023 | Vie Associative","og_description":"Les meilleurs \u00e9pisodes de podcasts qui ont chut\u00e9 en 2023, de \u00abRecherche Engine\u00bb, \u00abRing Decoder\u00bb, \u00abThe Grawlix sauve le monde\u00bb, et plus encore. J&rsquo;ai d\u00e9j\u00e0","og_url":"https:\/\/vieassociative.be\/actualites\/les-meilleurs-episodes-de-podcast-de-2023\/","og_site_name":"Vie Associative","article_published_time":"2025-02-21T22:17:42+00:00","og_image":[{"url":"https:\/\/vieassociative.be\/actualites\/wp-content\/uploads\/2025\/02\/Les-meilleurs-episodes-de-podcast-de-2023.png","type":"","width":"","height":""}],"author":"Julien","twitter_card":"summary_large_image","twitter_misc":{"\u00c9crit par":"Julien","Dur\u00e9e de lecture est.":"12 minutes"},"schema":{"@context":"https:\/\/schema.org","@graph":[{"@type":"Article","@id":"https:\/\/vieassociative.be\/actualites\/les-meilleurs-episodes-de-podcast-de-2023\/#article","isPartOf":{"@id":"https:\/\/vieassociative.be\/actualites\/les-meilleurs-episodes-de-podcast-de-2023\/"},"author":{"name":"Julien","@id":"https:\/\/vieassociative.be\/actualites\/#\/schema\/person\/b87ac4f82f9d4e7b7cec7395b679edc4"},"headline":"Les meilleurs \u00e9pisodes de podcast de 2023","datePublished":"2025-02-21T22:17:42+00:00","dateModified":"2025-02-21T22:17:42+00:00","mainEntityOfPage":{"@id":"https:\/\/vieassociative.be\/actualites\/les-meilleurs-episodes-de-podcast-de-2023\/"},"wordCount":2566,"publisher":{"@id":"https:\/\/vieassociative.be\/actualites\/#organization"},"image":{"@id":"https:\/\/vieassociative.be\/actualites\/les-meilleurs-episodes-de-podcast-de-2023\/#primaryimage"},"thumbnailUrl":"https:\/\/vieassociative.be\/actualites\/wp-content\/uploads\/2025\/02\/1740176263_Les-meilleurs-episodes-de-podcast-de-2023.png","keywords":["\u00e9pisodes","Les","meilleurs","podcast"],"articleSection":["Divertissement"],"inLanguage":"fr-BE"},{"@type":"WebPage","@id":"https:\/\/vieassociative.be\/actualites\/les-meilleurs-episodes-de-podcast-de-2023\/","url":"https:\/\/vieassociative.be\/actualites\/les-meilleurs-episodes-de-podcast-de-2023\/","name":"Les meilleurs \u00e9pisodes de podcast de 2023 | Vie Associative","isPartOf":{"@id":"https:\/\/vieassociative.be\/actualites\/#website"},"primaryImageOfPage":{"@id":"https:\/\/vieassociative.be\/actualites\/les-meilleurs-episodes-de-podcast-de-2023\/#primaryimage"},"image":{"@id":"https:\/\/vieassociative.be\/actualites\/les-meilleurs-episodes-de-podcast-de-2023\/#primaryimage"},"thumbnailUrl":"https:\/\/vieassociative.be\/actualites\/wp-content\/uploads\/2025\/02\/1740176263_Les-meilleurs-episodes-de-podcast-de-2023.png","datePublished":"2025-02-21T22:17:42+00:00","dateModified":"2025-02-21T22:17:42+00:00","breadcrumb":{"@id":"https:\/\/vieassociative.be\/actualites\/les-meilleurs-episodes-de-podcast-de-2023\/#breadcrumb"},"inLanguage":"fr-BE","potentialAction":[{"@type":"ReadAction","target":["https:\/\/vieassociative.be\/actualites\/les-meilleurs-episodes-de-podcast-de-2023\/"]}]},{"@type":"ImageObject","inLanguage":"fr-BE","@id":"https:\/\/vieassociative.be\/actualites\/les-meilleurs-episodes-de-podcast-de-2023\/#primaryimage","url":"https:\/\/vieassociative.be\/actualites\/wp-content\/uploads\/2025\/02\/1740176263_Les-meilleurs-episodes-de-podcast-de-2023.png","contentUrl":"https:\/\/vieassociative.be\/actualites\/wp-content\/uploads\/2025\/02\/1740176263_Les-meilleurs-episodes-de-podcast-de-2023.png","width":1200,"height":675,"caption":"Les meilleurs \u00e9pisodes de podcast de 2023"},{"@type":"BreadcrumbList","@id":"https:\/\/vieassociative.be\/actualites\/les-meilleurs-episodes-de-podcast-de-2023\/#breadcrumb","itemListElement":[{"@type":"ListItem","position":1,"name":"Accueil","item":"https:\/\/vieassociative.be\/actualites\/"},{"@type":"ListItem","position":2,"name":"Les meilleurs \u00e9pisodes de podcast de 2023"}]},{"@type":"WebSite","@id":"https:\/\/vieassociative.be\/actualites\/#website","url":"https:\/\/vieassociative.be\/actualites\/","name":"Vie Associative","description":"","publisher":{"@id":"https:\/\/vieassociative.be\/actualites\/#organization"},"potentialAction":[{"@type":"SearchAction","target":{"@type":"EntryPoint","urlTemplate":"https:\/\/vieassociative.be\/actualites\/?s={search_term_string}"},"query-input":{"@type":"PropertyValueSpecification","valueRequired":true,"valueName":"search_term_string"}}],"inLanguage":"fr-BE"},{"@type":"Organization","@id":"https:\/\/vieassociative.be\/actualites\/#organization","name":"Vie Associative","url":"https:\/\/vieassociative.be\/actualites\/","logo":{"@type":"ImageObject","inLanguage":"fr-BE","@id":"https:\/\/vieassociative.be\/actualites\/#\/schema\/logo\/image\/","url":"https:\/\/vieassociative.be\/actualites\/wp-content\/uploads\/2024\/09\/cropped-vieassociative_favicon.ico.png","contentUrl":"https:\/\/vieassociative.be\/actualites\/wp-content\/uploads\/2024\/09\/cropped-vieassociative_favicon.ico.png","width":512,"height":512,"caption":"Vie Associative"},"image":{"@id":"https:\/\/vieassociative.be\/actualites\/#\/schema\/logo\/image\/"}},{"@type":"Person","@id":"https:\/\/vieassociative.be\/actualites\/#\/schema\/person\/b87ac4f82f9d4e7b7cec7395b679edc4","name":"Julien","image":{"@type":"ImageObject","inLanguage":"fr-BE","@id":"https:\/\/vieassociative.be\/actualites\/#\/schema\/person\/image\/","url":"https:\/\/vieassociative.be\/actualites\/wp-content\/uploads\/2024\/09\/vie-associative-1-150x150.jpg","contentUrl":"https:\/\/vieassociative.be\/actualites\/wp-content\/uploads\/2024\/09\/vie-associative-1-150x150.jpg","caption":"Julien"},"description":"Je suis Julien, r\u00e9dacteur pour Vie Associative. Passionn\u00e9 par le monde associatif depuis plus de 10 ans, j'ai \u00e0 c\u0153ur de partager des histoires inspirantes et de mettre en lumi\u00e8re les initiatives locales. Mon objectif est de sensibiliser et d'encourager l'engagement communautaire \u00e0 travers mes articles.","sameAs":["https:\/\/vieassociative.be\/"]}]}},"_links":{"self":[{"href":"https:\/\/vieassociative.be\/actualites\/wp-json\/wp\/v2\/posts\/5304"}],"collection":[{"href":"https:\/\/vieassociative.be\/actualites\/wp-json\/wp\/v2\/posts"}],"about":[{"href":"https:\/\/vieassociative.be\/actualites\/wp-json\/wp\/v2\/types\/post"}],"author":[{"embeddable":true,"href":"https:\/\/vieassociative.be\/actualites\/wp-json\/wp\/v2\/users\/1"}],"replies":[{"embeddable":true,"href":"https:\/\/vieassociative.be\/actualites\/wp-json\/wp\/v2\/comments?post=5304"}],"version-history":[{"count":0,"href":"https:\/\/vieassociative.be\/actualites\/wp-json\/wp\/v2\/posts\/5304\/revisions"}],"wp:featuredmedia":[{"embeddable":true,"href":"https:\/\/vieassociative.be\/actualites\/wp-json\/wp\/v2\/media\/5305"}],"wp:attachment":[{"href":"https:\/\/vieassociative.be\/actualites\/wp-json\/wp\/v2\/media?parent=5304"}],"wp:term":[{"taxonomy":"category","embeddable":true,"href":"https:\/\/vieassociative.be\/actualites\/wp-json\/wp\/v2\/categories?post=5304"},{"taxonomy":"post_tag","embeddable":true,"href":"https:\/\/vieassociative.be\/actualites\/wp-json\/wp\/v2\/tags?post=5304"}],"curies":[{"name":"wp","href":"https:\/\/api.w.org\/{rel}","templated":true}]}}