{"id":5302,"date":"2025-02-21T21:17:37","date_gmt":"2025-02-21T20:17:37","guid":{"rendered":"https:\/\/vieassociative.be\/actualites\/182-degres-a-ucle-le-21-fevrier-le-plus-chaud-de-lhistoire\/"},"modified":"2025-02-21T21:17:37","modified_gmt":"2025-02-21T20:17:37","slug":"182-degres-a-ucle-le-21-fevrier-le-plus-chaud-de-lhistoire","status":"publish","type":"post","link":"https:\/\/vieassociative.be\/actualites\/182-degres-a-ucle-le-21-fevrier-le-plus-chaud-de-lhistoire\/","title":{"rendered":"18,2 degr\u00e9s \u00e0 Ucle: le 21 f\u00e9vrier le plus chaud de l&rsquo;histoire"},"content":{"rendered":"<p><strong>Cela recommence: l&rsquo;hiver n&rsquo;est pas encore termin\u00e9, de nombreux Belges ont le rhume des derni\u00e8res semaines dans les os, car les dossiers de temp\u00e9rature sont d\u00e9j\u00e0 en baisse.<\/strong><\/p>\n<p><span id=\"more-408741\"><\/span>Comme le m\u00e9t\u00e9orologue du KGL. Meteorological Institute (KMI), David Dehenauw, a rapport\u00e9 que le dossier quotidien a \u00e9t\u00e9 battu pour le 21 f\u00e9vrier \u00e0 18,2 degr\u00e9s \u00e0 UCCLE (Bruxelles) ce vendredi.<\/p>\n<p>\u00ab\u00a0L&rsquo;ancien record quotidien de 2021 (17,9 degr\u00e9s) a battu\u00a0\u00bb, a rendu compte Dehenauw sur X \/ Twitter vers 14 heures. Vous devez m\u00eame revenir en arri\u00e8re deux si\u00e8cles (!) Pour trouver une journ\u00e9e de f\u00e9vrier encore plus chaude. C&rsquo;\u00e9tait le 10 f\u00e9vrier 1899 \u00e0 18,4 degr\u00e9s, a-t-il ajout\u00e9.<\/p>\n<p>Aujourd&rsquo;hui, beaucoup attendent d\u00e9j\u00e0 avec impatience les pr\u00e9visions m\u00e9t\u00e9orologiques pour les jours \u00e0 partir du jeudi 27 f\u00e9vrier, jusqu&rsquo;\u00e0 Rosenmontag, le 3 mars, lorsque le carnaval de la rue conna\u00eet son apog\u00e9e. (Cre)<\/p>\n","protected":false},"excerpt":{"rendered":"<p>Cela recommence: l&rsquo;hiver n&rsquo;est pas encore termin\u00e9, de nombreux Belges ont le rhume des derni\u00e8res semaines dans les os, car les dossiers de temp\u00e9rature sont<\/p>\n","protected":false},"author":1,"featured_media":5303,"comment_status":"","ping_status":"","sticky":false,"template":"","format":"standard","meta":{"footnotes":""},"categories":[298],"tags":[1176,1739,2464,2716,5452],"class_list":["post-5302","post","type-post","status-publish","format-standard","has-post-thumbnail","hentry","category-belgique","tag-chaud","tag-degres","tag-fevrier","tag-lhistoire","tag-ucle","generate-columns","tablet-grid-50","mobile-grid-100","grid-parent","grid-33"],"yoast_head":"<!-- This site is optimized with the Yoast SEO plugin v24.0 - https:\/\/yoast.com\/wordpress\/plugins\/seo\/ -->\n<title>18,2 degr\u00e9s \u00e0 Ucle: le 21 f\u00e9vrier le plus chaud de l&#039;histoire | Vie Associative<\/title>\n<meta name=\"robots\" content=\"index, follow, max-snippet:-1, max-image-preview:large, max-video-preview:-1\" \/>\n<link rel=\"canonical\" href=\"https:\/\/vieassociative.be\/actualites\/182-degres-a-ucle-le-21-fevrier-le-plus-chaud-de-lhistoire\/\" \/>\n<meta property=\"og:locale\" content=\"fr_FR\" \/>\n<meta property=\"og:type\" content=\"article\" \/>\n<meta property=\"og:title\" content=\"18,2 degr\u00e9s \u00e0 Ucle: le 21 f\u00e9vrier le plus chaud de l&#039;histoire | Vie Associative\" \/>\n<meta property=\"og:description\" content=\"Cela recommence: l&rsquo;hiver n&rsquo;est pas encore termin\u00e9, de nombreux Belges ont le rhume des derni\u00e8res semaines dans les os, car les dossiers de temp\u00e9rature sont\" \/>\n<meta property=\"og:url\" content=\"https:\/\/vieassociative.be\/actualites\/182-degres-a-ucle-le-21-fevrier-le-plus-chaud-de-lhistoire\/\" \/>\n<meta property=\"og:site_name\" content=\"Vie Associative\" \/>\n<meta property=\"article:published_time\" content=\"2025-02-21T20:17:37+00:00\" \/>\n<meta property=\"og:image\" content=\"https:\/\/vieassociative.be\/actualites\/wp-content\/uploads\/2024\/09\/header_backgroundk-01-e1726694325946.png\" \/>\n\t<meta property=\"og:image:width\" content=\"279\" \/>\n\t<meta property=\"og:image:height\" content=\"92\" \/>\n\t<meta property=\"og:image:type\" content=\"image\/png\" \/>\n<meta name=\"author\" content=\"Julien\" \/>\n<meta name=\"twitter:card\" content=\"summary_large_image\" \/>\n<meta name=\"twitter:label1\" content=\"\u00c9crit par\" \/>\n\t<meta name=\"twitter:data1\" content=\"Julien\" \/>\n\t<meta name=\"twitter:label2\" content=\"Dur\u00e9e de lecture est.\" \/>\n\t<meta name=\"twitter:data2\" content=\"1 minute\" \/>\n<script type=\"application\/ld+json\" class=\"yoast-schema-graph\">{\"@context\":\"https:\/\/schema.org\",\"@graph\":[{\"@type\":\"Article\",\"@id\":\"https:\/\/vieassociative.be\/actualites\/182-degres-a-ucle-le-21-fevrier-le-plus-chaud-de-lhistoire\/#article\",\"isPartOf\":{\"@id\":\"https:\/\/vieassociative.be\/actualites\/182-degres-a-ucle-le-21-fevrier-le-plus-chaud-de-lhistoire\/\"},\"author\":{\"name\":\"Julien\",\"@id\":\"https:\/\/vieassociative.be\/actualites\/#\/schema\/person\/b87ac4f82f9d4e7b7cec7395b679edc4\"},\"headline\":\"18,2 degr\u00e9s \u00e0 Ucle: le 21 f\u00e9vrier le plus chaud de l&rsquo;histoire\",\"datePublished\":\"2025-02-21T20:17:37+00:00\",\"dateModified\":\"2025-02-21T20:17:37+00:00\",\"mainEntityOfPage\":{\"@id\":\"https:\/\/vieassociative.be\/actualites\/182-degres-a-ucle-le-21-fevrier-le-plus-chaud-de-lhistoire\/\"},\"wordCount\":163,\"publisher\":{\"@id\":\"https:\/\/vieassociative.be\/actualites\/#organization\"},\"image\":{\"@id\":\"https:\/\/vieassociative.be\/actualites\/182-degres-a-ucle-le-21-fevrier-le-plus-chaud-de-lhistoire\/#primaryimage\"},\"thumbnailUrl\":\"https:\/\/vieassociative.be\/actualites\/wp-content\/uploads\/2025\/02\/182-degres-a-Ucle-le-21-fevrier-le-plus-chaud.jpg\",\"keywords\":[\"chaud\",\"degr\u00e9s\",\"f\u00e9vrier\",\"lhistoire\",\"Ucle\"],\"articleSection\":[\"Belgique\"],\"inLanguage\":\"fr-BE\"},{\"@type\":\"WebPage\",\"@id\":\"https:\/\/vieassociative.be\/actualites\/182-degres-a-ucle-le-21-fevrier-le-plus-chaud-de-lhistoire\/\",\"url\":\"https:\/\/vieassociative.be\/actualites\/182-degres-a-ucle-le-21-fevrier-le-plus-chaud-de-lhistoire\/\",\"name\":\"18,2 degr\u00e9s \u00e0 Ucle: le 21 f\u00e9vrier le plus chaud de l'histoire | Vie Associative\",\"isPartOf\":{\"@id\":\"https:\/\/vieassociative.be\/actualites\/#website\"},\"primaryImageOfPage\":{\"@id\":\"https:\/\/vieassociative.be\/actualites\/182-degres-a-ucle-le-21-fevrier-le-plus-chaud-de-lhistoire\/#primaryimage\"},\"image\":{\"@id\":\"https:\/\/vieassociative.be\/actualites\/182-degres-a-ucle-le-21-fevrier-le-plus-chaud-de-lhistoire\/#primaryimage\"},\"thumbnailUrl\":\"https:\/\/vieassociative.be\/actualites\/wp-content\/uploads\/2025\/02\/182-degres-a-Ucle-le-21-fevrier-le-plus-chaud.jpg\",\"datePublished\":\"2025-02-21T20:17:37+00:00\",\"dateModified\":\"2025-02-21T20:17:37+00:00\",\"breadcrumb\":{\"@id\":\"https:\/\/vieassociative.be\/actualites\/182-degres-a-ucle-le-21-fevrier-le-plus-chaud-de-lhistoire\/#breadcrumb\"},\"inLanguage\":\"fr-BE\",\"potentialAction\":[{\"@type\":\"ReadAction\",\"target\":[\"https:\/\/vieassociative.be\/actualites\/182-degres-a-ucle-le-21-fevrier-le-plus-chaud-de-lhistoire\/\"]}]},{\"@type\":\"ImageObject\",\"inLanguage\":\"fr-BE\",\"@id\":\"https:\/\/vieassociative.be\/actualites\/182-degres-a-ucle-le-21-fevrier-le-plus-chaud-de-lhistoire\/#primaryimage\",\"url\":\"https:\/\/vieassociative.be\/actualites\/wp-content\/uploads\/2025\/02\/182-degres-a-Ucle-le-21-fevrier-le-plus-chaud.jpg\",\"contentUrl\":\"https:\/\/vieassociative.be\/actualites\/wp-content\/uploads\/2025\/02\/182-degres-a-Ucle-le-21-fevrier-le-plus-chaud.jpg\",\"width\":1280,\"height\":853,\"caption\":\"18,2 degr\u00e9s \u00e0 Ucle: le 21 f\u00e9vrier le plus chaud de l'histoire\"},{\"@type\":\"BreadcrumbList\",\"@id\":\"https:\/\/vieassociative.be\/actualites\/182-degres-a-ucle-le-21-fevrier-le-plus-chaud-de-lhistoire\/#breadcrumb\",\"itemListElement\":[{\"@type\":\"ListItem\",\"position\":1,\"name\":\"Accueil\",\"item\":\"https:\/\/vieassociative.be\/actualites\/\"},{\"@type\":\"ListItem\",\"position\":2,\"name\":\"18,2 degr\u00e9s \u00e0 Ucle: le 21 f\u00e9vrier le plus chaud de l&rsquo;histoire\"}]},{\"@type\":\"WebSite\",\"@id\":\"https:\/\/vieassociative.be\/actualites\/#website\",\"url\":\"https:\/\/vieassociative.be\/actualites\/\",\"name\":\"Vie Associative\",\"description\":\"\",\"publisher\":{\"@id\":\"https:\/\/vieassociative.be\/actualites\/#organization\"},\"potentialAction\":[{\"@type\":\"SearchAction\",\"target\":{\"@type\":\"EntryPoint\",\"urlTemplate\":\"https:\/\/vieassociative.be\/actualites\/?s={search_term_string}\"},\"query-input\":{\"@type\":\"PropertyValueSpecification\",\"valueRequired\":true,\"valueName\":\"search_term_string\"}}],\"inLanguage\":\"fr-BE\"},{\"@type\":\"Organization\",\"@id\":\"https:\/\/vieassociative.be\/actualites\/#organization\",\"name\":\"Vie Associative\",\"url\":\"https:\/\/vieassociative.be\/actualites\/\",\"logo\":{\"@type\":\"ImageObject\",\"inLanguage\":\"fr-BE\",\"@id\":\"https:\/\/vieassociative.be\/actualites\/#\/schema\/logo\/image\/\",\"url\":\"https:\/\/vieassociative.be\/actualites\/wp-content\/uploads\/2024\/09\/cropped-vieassociative_favicon.ico.png\",\"contentUrl\":\"https:\/\/vieassociative.be\/actualites\/wp-content\/uploads\/2024\/09\/cropped-vieassociative_favicon.ico.png\",\"width\":512,\"height\":512,\"caption\":\"Vie Associative\"},\"image\":{\"@id\":\"https:\/\/vieassociative.be\/actualites\/#\/schema\/logo\/image\/\"}},{\"@type\":\"Person\",\"@id\":\"https:\/\/vieassociative.be\/actualites\/#\/schema\/person\/b87ac4f82f9d4e7b7cec7395b679edc4\",\"name\":\"Julien\",\"image\":{\"@type\":\"ImageObject\",\"inLanguage\":\"fr-BE\",\"@id\":\"https:\/\/vieassociative.be\/actualites\/#\/schema\/person\/image\/\",\"url\":\"https:\/\/vieassociative.be\/actualites\/wp-content\/uploads\/2024\/09\/vie-associative-1-150x150.jpg\",\"contentUrl\":\"https:\/\/vieassociative.be\/actualites\/wp-content\/uploads\/2024\/09\/vie-associative-1-150x150.jpg\",\"caption\":\"Julien\"},\"description\":\"Je suis Julien, r\u00e9dacteur pour Vie Associative. Passionn\u00e9 par le monde associatif depuis plus de 10 ans, j'ai \u00e0 c\u0153ur de partager des histoires inspirantes et de mettre en lumi\u00e8re les initiatives locales. Mon objectif est de sensibiliser et d'encourager l'engagement communautaire \u00e0 travers mes articles.\",\"sameAs\":[\"https:\/\/vieassociative.be\/\"]}]}<\/script>\n<!-- \/ Yoast SEO plugin. -->","yoast_head_json":{"title":"18,2 degr\u00e9s \u00e0 Ucle: le 21 f\u00e9vrier le plus chaud de l'histoire | Vie Associative","robots":{"index":"index","follow":"follow","max-snippet":"max-snippet:-1","max-image-preview":"max-image-preview:large","max-video-preview":"max-video-preview:-1"},"canonical":"https:\/\/vieassociative.be\/actualites\/182-degres-a-ucle-le-21-fevrier-le-plus-chaud-de-lhistoire\/","og_locale":"fr_FR","og_type":"article","og_title":"18,2 degr\u00e9s \u00e0 Ucle: le 21 f\u00e9vrier le plus chaud de l'histoire | Vie Associative","og_description":"Cela recommence: l&rsquo;hiver n&rsquo;est pas encore termin\u00e9, de nombreux Belges ont le rhume des derni\u00e8res semaines dans les os, car les dossiers de temp\u00e9rature sont","og_url":"https:\/\/vieassociative.be\/actualites\/182-degres-a-ucle-le-21-fevrier-le-plus-chaud-de-lhistoire\/","og_site_name":"Vie Associative","article_published_time":"2025-02-21T20:17:37+00:00","og_image":[{"width":279,"height":92,"url":"https:\/\/vieassociative.be\/actualites\/wp-content\/uploads\/2024\/09\/header_backgroundk-01-e1726694325946.png","type":"image\/png"}],"author":"Julien","twitter_card":"summary_large_image","twitter_misc":{"\u00c9crit par":"Julien","Dur\u00e9e de lecture est.":"1 minute"},"schema":{"@context":"https:\/\/schema.org","@graph":[{"@type":"Article","@id":"https:\/\/vieassociative.be\/actualites\/182-degres-a-ucle-le-21-fevrier-le-plus-chaud-de-lhistoire\/#article","isPartOf":{"@id":"https:\/\/vieassociative.be\/actualites\/182-degres-a-ucle-le-21-fevrier-le-plus-chaud-de-lhistoire\/"},"author":{"name":"Julien","@id":"https:\/\/vieassociative.be\/actualites\/#\/schema\/person\/b87ac4f82f9d4e7b7cec7395b679edc4"},"headline":"18,2 degr\u00e9s \u00e0 Ucle: le 21 f\u00e9vrier le plus chaud de l&rsquo;histoire","datePublished":"2025-02-21T20:17:37+00:00","dateModified":"2025-02-21T20:17:37+00:00","mainEntityOfPage":{"@id":"https:\/\/vieassociative.be\/actualites\/182-degres-a-ucle-le-21-fevrier-le-plus-chaud-de-lhistoire\/"},"wordCount":163,"publisher":{"@id":"https:\/\/vieassociative.be\/actualites\/#organization"},"image":{"@id":"https:\/\/vieassociative.be\/actualites\/182-degres-a-ucle-le-21-fevrier-le-plus-chaud-de-lhistoire\/#primaryimage"},"thumbnailUrl":"https:\/\/vieassociative.be\/actualites\/wp-content\/uploads\/2025\/02\/182-degres-a-Ucle-le-21-fevrier-le-plus-chaud.jpg","keywords":["chaud","degr\u00e9s","f\u00e9vrier","lhistoire","Ucle"],"articleSection":["Belgique"],"inLanguage":"fr-BE"},{"@type":"WebPage","@id":"https:\/\/vieassociative.be\/actualites\/182-degres-a-ucle-le-21-fevrier-le-plus-chaud-de-lhistoire\/","url":"https:\/\/vieassociative.be\/actualites\/182-degres-a-ucle-le-21-fevrier-le-plus-chaud-de-lhistoire\/","name":"18,2 degr\u00e9s \u00e0 Ucle: le 21 f\u00e9vrier le plus chaud de l'histoire | Vie Associative","isPartOf":{"@id":"https:\/\/vieassociative.be\/actualites\/#website"},"primaryImageOfPage":{"@id":"https:\/\/vieassociative.be\/actualites\/182-degres-a-ucle-le-21-fevrier-le-plus-chaud-de-lhistoire\/#primaryimage"},"image":{"@id":"https:\/\/vieassociative.be\/actualites\/182-degres-a-ucle-le-21-fevrier-le-plus-chaud-de-lhistoire\/#primaryimage"},"thumbnailUrl":"https:\/\/vieassociative.be\/actualites\/wp-content\/uploads\/2025\/02\/182-degres-a-Ucle-le-21-fevrier-le-plus-chaud.jpg","datePublished":"2025-02-21T20:17:37+00:00","dateModified":"2025-02-21T20:17:37+00:00","breadcrumb":{"@id":"https:\/\/vieassociative.be\/actualites\/182-degres-a-ucle-le-21-fevrier-le-plus-chaud-de-lhistoire\/#breadcrumb"},"inLanguage":"fr-BE","potentialAction":[{"@type":"ReadAction","target":["https:\/\/vieassociative.be\/actualites\/182-degres-a-ucle-le-21-fevrier-le-plus-chaud-de-lhistoire\/"]}]},{"@type":"ImageObject","inLanguage":"fr-BE","@id":"https:\/\/vieassociative.be\/actualites\/182-degres-a-ucle-le-21-fevrier-le-plus-chaud-de-lhistoire\/#primaryimage","url":"https:\/\/vieassociative.be\/actualites\/wp-content\/uploads\/2025\/02\/182-degres-a-Ucle-le-21-fevrier-le-plus-chaud.jpg","contentUrl":"https:\/\/vieassociative.be\/actualites\/wp-content\/uploads\/2025\/02\/182-degres-a-Ucle-le-21-fevrier-le-plus-chaud.jpg","width":1280,"height":853,"caption":"18,2 degr\u00e9s \u00e0 Ucle: le 21 f\u00e9vrier le plus chaud de l'histoire"},{"@type":"BreadcrumbList","@id":"https:\/\/vieassociative.be\/actualites\/182-degres-a-ucle-le-21-fevrier-le-plus-chaud-de-lhistoire\/#breadcrumb","itemListElement":[{"@type":"ListItem","position":1,"name":"Accueil","item":"https:\/\/vieassociative.be\/actualites\/"},{"@type":"ListItem","position":2,"name":"18,2 degr\u00e9s \u00e0 Ucle: le 21 f\u00e9vrier le plus chaud de l&rsquo;histoire"}]},{"@type":"WebSite","@id":"https:\/\/vieassociative.be\/actualites\/#website","url":"https:\/\/vieassociative.be\/actualites\/","name":"Vie Associative","description":"","publisher":{"@id":"https:\/\/vieassociative.be\/actualites\/#organization"},"potentialAction":[{"@type":"SearchAction","target":{"@type":"EntryPoint","urlTemplate":"https:\/\/vieassociative.be\/actualites\/?s={search_term_string}"},"query-input":{"@type":"PropertyValueSpecification","valueRequired":true,"valueName":"search_term_string"}}],"inLanguage":"fr-BE"},{"@type":"Organization","@id":"https:\/\/vieassociative.be\/actualites\/#organization","name":"Vie Associative","url":"https:\/\/vieassociative.be\/actualites\/","logo":{"@type":"ImageObject","inLanguage":"fr-BE","@id":"https:\/\/vieassociative.be\/actualites\/#\/schema\/logo\/image\/","url":"https:\/\/vieassociative.be\/actualites\/wp-content\/uploads\/2024\/09\/cropped-vieassociative_favicon.ico.png","contentUrl":"https:\/\/vieassociative.be\/actualites\/wp-content\/uploads\/2024\/09\/cropped-vieassociative_favicon.ico.png","width":512,"height":512,"caption":"Vie Associative"},"image":{"@id":"https:\/\/vieassociative.be\/actualites\/#\/schema\/logo\/image\/"}},{"@type":"Person","@id":"https:\/\/vieassociative.be\/actualites\/#\/schema\/person\/b87ac4f82f9d4e7b7cec7395b679edc4","name":"Julien","image":{"@type":"ImageObject","inLanguage":"fr-BE","@id":"https:\/\/vieassociative.be\/actualites\/#\/schema\/person\/image\/","url":"https:\/\/vieassociative.be\/actualites\/wp-content\/uploads\/2024\/09\/vie-associative-1-150x150.jpg","contentUrl":"https:\/\/vieassociative.be\/actualites\/wp-content\/uploads\/2024\/09\/vie-associative-1-150x150.jpg","caption":"Julien"},"description":"Je suis Julien, r\u00e9dacteur pour Vie Associative. Passionn\u00e9 par le monde associatif depuis plus de 10 ans, j'ai \u00e0 c\u0153ur de partager des histoires inspirantes et de mettre en lumi\u00e8re les initiatives locales. Mon objectif est de sensibiliser et d'encourager l'engagement communautaire \u00e0 travers mes articles.","sameAs":["https:\/\/vieassociative.be\/"]}]}},"_links":{"self":[{"href":"https:\/\/vieassociative.be\/actualites\/wp-json\/wp\/v2\/posts\/5302"}],"collection":[{"href":"https:\/\/vieassociative.be\/actualites\/wp-json\/wp\/v2\/posts"}],"about":[{"href":"https:\/\/vieassociative.be\/actualites\/wp-json\/wp\/v2\/types\/post"}],"author":[{"embeddable":true,"href":"https:\/\/vieassociative.be\/actualites\/wp-json\/wp\/v2\/users\/1"}],"replies":[{"embeddable":true,"href":"https:\/\/vieassociative.be\/actualites\/wp-json\/wp\/v2\/comments?post=5302"}],"version-history":[{"count":0,"href":"https:\/\/vieassociative.be\/actualites\/wp-json\/wp\/v2\/posts\/5302\/revisions"}],"wp:featuredmedia":[{"embeddable":true,"href":"https:\/\/vieassociative.be\/actualites\/wp-json\/wp\/v2\/media\/5303"}],"wp:attachment":[{"href":"https:\/\/vieassociative.be\/actualites\/wp-json\/wp\/v2\/media?parent=5302"}],"wp:term":[{"taxonomy":"category","embeddable":true,"href":"https:\/\/vieassociative.be\/actualites\/wp-json\/wp\/v2\/categories?post=5302"},{"taxonomy":"post_tag","embeddable":true,"href":"https:\/\/vieassociative.be\/actualites\/wp-json\/wp\/v2\/tags?post=5302"}],"curies":[{"name":"wp","href":"https:\/\/api.w.org\/{rel}","templated":true}]}}