{"id":5298,"date":"2025-02-21T19:17:23","date_gmt":"2025-02-21T18:17:23","guid":{"rendered":"https:\/\/vieassociative.be\/actualites\/mon-pain-de-soda-irlandais-prefere-na-que-quatre-ingredients\/"},"modified":"2025-02-21T19:17:23","modified_gmt":"2025-02-21T18:17:23","slug":"mon-pain-de-soda-irlandais-prefere-na-que-quatre-ingredients","status":"publish","type":"post","link":"https:\/\/vieassociative.be\/actualites\/mon-pain-de-soda-irlandais-prefere-na-que-quatre-ingredients\/","title":{"rendered":"Mon pain de soda irlandais pr\u00e9f\u00e9r\u00e9 n&rsquo;a que quatre ingr\u00e9dients"},"content":{"rendered":"<div class=\"mt-4 leading-6 md:mb-8\">Saint-Patrick ou non, ce pain rapide est facile et d\u00e9licieux.<\/div>\n<p><\/p>\n<p>Chaque fois que j&rsquo;ai une urgence en glucides, je fais l&rsquo;une des deux choses: les cookies ou le pain rapide. Derni\u00e8rement, je me suis pench\u00e9 vers ce dernier &#8211; comme le pain aux bananes, les muffins de pavot de citron ou les biscuits &#8211; parce qu&rsquo;ils sont moins sucr\u00e9s par rapport aux biscuits, et j&rsquo;appr\u00e9cie le frottis rituel du beurre sal\u00e9. J&rsquo;ai fait ce pain de soda irlandais en r\u00e9p\u00e9tition et je pense que vous l&rsquo;aimerez aussi.<\/p>\n<h2 id=\"quick-bread-satisfaction\">Satisfaction du pain rapide<\/h2>\n<p>La cat\u00e9gorie des pains rapides est assez large. Ils peuvent \u00eatre sucr\u00e9s et g\u00e2teaux comme du pain \u00e0 la banane, \u00e0 peine sucr\u00e9s comme des scones ou des biscuits au cheddar et aux biscuits au cheddar. Contrairement aux pains \u00e9lev\u00e9s \u00e0 la levure, les pains rapides sont \u00e9lev\u00e9s avec des leviers chimiques (bicarbonate de soude ou poudre \u00e0 p\u00e2te), ce qui signifie qu&rsquo;ils ne n\u00e9cessitent absolument aucune des temps de preuve longs. De plus, quelque chose comme le pain de soda irlandais n\u00e9cessite tr\u00e8s peu d&rsquo;ingr\u00e9dients. <\/p>\n<p>Le four hollandais est mon v\u00e9hicule de choix pour ce pain de soda irlandais \u00e9lev\u00e9 et tendre. Semblable \u00e0 la cuisson d&rsquo;un pain au levain, l&rsquo;humidit\u00e9 est l&rsquo;ami de votre pain \u00e0 soude. Encasser votre pain de soude dans un petit espace permet \u00e0 l&rsquo;humidit\u00e9 de s&rsquo;accumuler \u00e0 mesure que l&rsquo;humidit\u00e9 s&rsquo;\u00e9vapore de la p\u00e2te. L&rsquo;air humide maintient la surface du pain flexible plus longtemps que si vous l&rsquo;ouvrez sur un plateau en feuille. La flexibilit\u00e9 suppl\u00e9mentaire signifie que le pain peut s&rsquo;\u00e9lever, sans inhibition par une cro\u00fbte dure.<\/p>\n<h2 id=\"how-to-make-irish-soda-bread\">Comment faire du pain de soda irlandais<\/h2>\n<p>J&rsquo;ai l\u00e9g\u00e8rement modifi\u00e9 cette recette simple, qui n&rsquo;a que quatre ingr\u00e9dients: la farine, le sel, le bicarbonate de soude et le babeurre. Il est tr\u00e8s similaire \u00e0 la p\u00e2te de biscuit (moins de beurre ou d&rsquo;huile). Alors que le pain \u00e0 la soude traditionnelle est le plus simple &#8211; pas de raisins secs &#8211; je choisis de les lancer. Vous pouvez remplacer d&rsquo;autres m\u00e9langes si l&rsquo;ambiance vous frappe: essayez des canneberges s\u00e9ch\u00e9es, des abricots s\u00e9ch\u00e9s hach\u00e9s ou des p\u00e9pites de chocolat. La p\u00e2te est relativement simple, donc tout profil de saveur que vous choisissez fonctionnera tr\u00e8s bien. <\/p>\n<p>J&rsquo;ai deux notes avant de commencer \u00e0 faire votre pain. Plus important encore, ne surchargez pas votre p\u00e2te. Vous l&rsquo;avez d\u00e9j\u00e0 entendu, mais avec des p\u00e2tes hirsutes comme celle-ci, il est difficile de r\u00e9sister \u00e0 le p\u00e9trir jusqu&rsquo;\u00e0 consistance lisse. Ne le fais pas. Laissez-le un peu hirsute et vous aurez un pain plus tendre. <\/p>\n<p>\u00c0 propos de la pr\u00e9chauffage de votre four hollandais: le four conventionnel doit \u00eatre pr\u00e9chauff\u00e9 quoi qu&rsquo;il arrive, mais j&rsquo;ai d\u00e9j\u00e0 fait cette recette avec un four hollandais froid. En fait, j&rsquo;ai fait une vid\u00e9o YouTube de pain de soda irlandais entier en utilisant un pot froid. Il sort parfaitement et bien \u00e9lev\u00e9. Cependant, j&rsquo;ai r\u00e9cemment pr\u00e9chauff\u00e9 le four hollandais alors que le four conventionnel se r\u00e9chauffe, et le pain en sort parfaitement aussi. Dans la recette ci-dessous, je pr\u00e9chauffe le pot. Vous pouvez faire non plus &#8211; la seule diff\u00e9rence que je d\u00e9tecte est une cuisson plus rapide de 10 minutes si vous choisissez de pr\u00e9chauffer. <\/p>\n<p>Toutes les autres questions irlandaises sur le pain \u00e0 la soda pourraient r\u00e9pondre ici. Sinon, la p\u00e2te ne prend que quelques minutes \u00e0 assembler. <\/p>\n<h2 id=\"irish-soda-bread\">Pain de soda irlandais<\/h2>\n<p>Ingr\u00e9dients:<\/p>\n<ul>\n<li>\n<p>12 onces de farine polyvalente<\/p>\n<\/li>\n<li>\n<p>\u00be cuill\u00e8re \u00e0 caf\u00e9 de sel<\/p>\n<\/li>\n<li>\n<p>\u00be cuill\u00e8re \u00e0 caf\u00e9 de bicarbonate de soude<\/p>\n<\/li>\n<li>\n<p>10 onces babeurre<\/p>\n<\/li>\n<li>\n<p>2 onces Raisins (facultatif)<\/p>\n<\/li>\n<\/ul>\n<p>1. Mettez le four hollandais \u00e0 l&rsquo;int\u00e9rieur du four et pr\u00e9chauffez \u00e0 425 \u00b0 F. M\u00e9langer la farine, le sel et le bicarbonate de soude dans un grand bol.<\/p>\n<p>2. Verser le babeurre \u00e0 la fois et combiner les ingr\u00e9dients en appuyant et en remuant. J&rsquo;utilise un grattoir en bol en plastique pour ce faire. <\/p>\n<p>3. Lorsque la p\u00e2te commence \u00e0 devenir grumeleuse et hirsute, ajoutez les raisins secs (si vous utilisez) et continuez \u00e0 appuyer et \u00e0 remuer.<\/p>\n<div class=\"eloquent-imagery-image\">\n<div class=\"flex justify-center\">\n                    <img decoding=\"async\" class=\"border border-gray-100\" src=\"https:\/\/vieassociative.be\/actualites\/wp-content\/uploads\/2025\/02\/Mon-pain-de-soda-irlandais-prefere-na-que-quatre-ingredients.jpg\" alt=\"P\u00e2te group\u00e9e sur un comptoir.\" width=\"2000\" height=\"1124\" loading=\"lazy\"  >\n            <\/div>\n<\/p><\/div>\n<p>4. Lorsqu&rsquo;il est principalement combin\u00e9 mais qu&rsquo;il y a encore de la farine l\u00e2che au fond du bol, versez la p\u00e2te sur un comptoir non flouris. Patte et appuyez sur la p\u00e2te pour ramasser les bits secs. Utilisez toutes les zones collantes pour cibler la farine l\u00e2che. Une fois que vous avez collect\u00e9 la plupart des pi\u00e8ces en vrac, tapotez la p\u00e2te dans un rond (\u00e0 peu pr\u00e8s) de deux pouces d&rsquo;\u00e9paisseur. Utilisez un couteau dentel\u00e9 pour marquer un demi-pouce de profondeur plus, connectez-vous \u00e0 la p\u00e2te. Placer le pain sur un morceau de papier parchemin.<\/p>\n<div class=\"eloquent-imagery-image\">\n<div class=\"flex justify-center\">\n                    <img decoding=\"async\" class=\"border border-gray-100\" src=\"https:\/\/vieassociative.be\/actualites\/wp-content\/uploads\/2025\/02\/1740161843_241_Mon-pain-de-soda-irlandais-prefere-na-que-quatre-ingredients.jpg\" alt=\"P\u00e2te \u00e0 pain \u00e0 soude irlandaise dans un pot.\" width=\"2000\" height=\"1124\" loading=\"lazy\"  >\n            <\/div>\n<\/p><\/div>\n<p>5. Emmenez soigneusement le four hollandais et utilisez le parchemin pour soulever et abaisser le pain dans le pot. Remettez le couvercle et retournez le pot au four. Cuire au four pendant 25 minutes, puis retirer le couvercle et cuire encore 10 minutes jusqu&rsquo;\u00e0 ce qu&rsquo;ils soient dor\u00e9s. Refroidissez le pain \u00e0 la soude sur une grille avant de noshing.<\/p>\n","protected":false},"excerpt":{"rendered":"<p>Saint-Patrick ou non, ce pain rapide est facile et d\u00e9licieux. Chaque fois que j&rsquo;ai une urgence en glucides, je fais l&rsquo;une des deux choses: les<\/p>\n","protected":false},"author":1,"featured_media":5299,"comment_status":"","ping_status":"","sticky":false,"template":"","format":"standard","meta":{"footnotes":""},"categories":[39],"tags":[2296,5450,49,319,1561,1435,5449],"class_list":["post-5298","post","type-post","status-publish","format-standard","has-post-thumbnail","hentry","category-gastronomie","tag-ingredients","tag-irlandais","tag-mon","tag-pain","tag-prefere","tag-quatre","tag-soda","generate-columns","tablet-grid-50","mobile-grid-100","grid-parent","grid-33"],"yoast_head":"<!-- This site is optimized with the Yoast SEO plugin v24.0 - https:\/\/yoast.com\/wordpress\/plugins\/seo\/ -->\n<title>Mon pain de soda irlandais pr\u00e9f\u00e9r\u00e9 n&#039;a que quatre ingr\u00e9dients | Vie Associative<\/title>\n<meta name=\"robots\" content=\"index, follow, max-snippet:-1, max-image-preview:large, max-video-preview:-1\" \/>\n<link rel=\"canonical\" href=\"https:\/\/vieassociative.be\/actualites\/mon-pain-de-soda-irlandais-prefere-na-que-quatre-ingredients\/\" \/>\n<meta property=\"og:locale\" content=\"fr_FR\" \/>\n<meta property=\"og:type\" content=\"article\" \/>\n<meta property=\"og:title\" content=\"Mon pain de soda irlandais pr\u00e9f\u00e9r\u00e9 n&#039;a que quatre ingr\u00e9dients | Vie Associative\" \/>\n<meta property=\"og:description\" content=\"Saint-Patrick ou non, ce pain rapide est facile et d\u00e9licieux. Chaque fois que j&rsquo;ai une urgence en glucides, je fais l&rsquo;une des deux choses: les\" \/>\n<meta property=\"og:url\" content=\"https:\/\/vieassociative.be\/actualites\/mon-pain-de-soda-irlandais-prefere-na-que-quatre-ingredients\/\" \/>\n<meta property=\"og:site_name\" content=\"Vie Associative\" \/>\n<meta property=\"article:published_time\" content=\"2025-02-21T18:17:23+00:00\" \/>\n<meta property=\"og:image\" content=\"https:\/\/vieassociative.be\/actualites\/wp-content\/uploads\/2025\/02\/Mon-pain-de-soda-irlandais-prefere-na-que-quatre-ingredients.jpg\" \/>\n<meta name=\"author\" content=\"Julien\" \/>\n<meta name=\"twitter:card\" content=\"summary_large_image\" \/>\n<meta name=\"twitter:label1\" content=\"\u00c9crit par\" \/>\n\t<meta name=\"twitter:data1\" content=\"Julien\" \/>\n\t<meta name=\"twitter:label2\" content=\"Dur\u00e9e de lecture est.\" \/>\n\t<meta name=\"twitter:data2\" content=\"4 minutes\" \/>\n<script type=\"application\/ld+json\" class=\"yoast-schema-graph\">{\"@context\":\"https:\/\/schema.org\",\"@graph\":[{\"@type\":\"Article\",\"@id\":\"https:\/\/vieassociative.be\/actualites\/mon-pain-de-soda-irlandais-prefere-na-que-quatre-ingredients\/#article\",\"isPartOf\":{\"@id\":\"https:\/\/vieassociative.be\/actualites\/mon-pain-de-soda-irlandais-prefere-na-que-quatre-ingredients\/\"},\"author\":{\"name\":\"Julien\",\"@id\":\"https:\/\/vieassociative.be\/actualites\/#\/schema\/person\/b87ac4f82f9d4e7b7cec7395b679edc4\"},\"headline\":\"Mon pain de soda irlandais pr\u00e9f\u00e9r\u00e9 n&rsquo;a que quatre ingr\u00e9dients\",\"datePublished\":\"2025-02-21T18:17:23+00:00\",\"dateModified\":\"2025-02-21T18:17:23+00:00\",\"mainEntityOfPage\":{\"@id\":\"https:\/\/vieassociative.be\/actualites\/mon-pain-de-soda-irlandais-prefere-na-que-quatre-ingredients\/\"},\"wordCount\":900,\"publisher\":{\"@id\":\"https:\/\/vieassociative.be\/actualites\/#organization\"},\"image\":{\"@id\":\"https:\/\/vieassociative.be\/actualites\/mon-pain-de-soda-irlandais-prefere-na-que-quatre-ingredients\/#primaryimage\"},\"thumbnailUrl\":\"https:\/\/vieassociative.be\/actualites\/wp-content\/uploads\/2025\/02\/1740161843_Mon-pain-de-soda-irlandais-prefere-na-que-quatre-ingredients.jpg\",\"keywords\":[\"ingr\u00e9dients\",\"irlandais\",\"Mon\",\"pain\",\"pr\u00e9f\u00e9r\u00e9\",\"Quatre\",\"soda\"],\"articleSection\":[\"Gastronomie\"],\"inLanguage\":\"fr-BE\"},{\"@type\":\"WebPage\",\"@id\":\"https:\/\/vieassociative.be\/actualites\/mon-pain-de-soda-irlandais-prefere-na-que-quatre-ingredients\/\",\"url\":\"https:\/\/vieassociative.be\/actualites\/mon-pain-de-soda-irlandais-prefere-na-que-quatre-ingredients\/\",\"name\":\"Mon pain de soda irlandais pr\u00e9f\u00e9r\u00e9 n'a que quatre ingr\u00e9dients | Vie Associative\",\"isPartOf\":{\"@id\":\"https:\/\/vieassociative.be\/actualites\/#website\"},\"primaryImageOfPage\":{\"@id\":\"https:\/\/vieassociative.be\/actualites\/mon-pain-de-soda-irlandais-prefere-na-que-quatre-ingredients\/#primaryimage\"},\"image\":{\"@id\":\"https:\/\/vieassociative.be\/actualites\/mon-pain-de-soda-irlandais-prefere-na-que-quatre-ingredients\/#primaryimage\"},\"thumbnailUrl\":\"https:\/\/vieassociative.be\/actualites\/wp-content\/uploads\/2025\/02\/1740161843_Mon-pain-de-soda-irlandais-prefere-na-que-quatre-ingredients.jpg\",\"datePublished\":\"2025-02-21T18:17:23+00:00\",\"dateModified\":\"2025-02-21T18:17:23+00:00\",\"breadcrumb\":{\"@id\":\"https:\/\/vieassociative.be\/actualites\/mon-pain-de-soda-irlandais-prefere-na-que-quatre-ingredients\/#breadcrumb\"},\"inLanguage\":\"fr-BE\",\"potentialAction\":[{\"@type\":\"ReadAction\",\"target\":[\"https:\/\/vieassociative.be\/actualites\/mon-pain-de-soda-irlandais-prefere-na-que-quatre-ingredients\/\"]}]},{\"@type\":\"ImageObject\",\"inLanguage\":\"fr-BE\",\"@id\":\"https:\/\/vieassociative.be\/actualites\/mon-pain-de-soda-irlandais-prefere-na-que-quatre-ingredients\/#primaryimage\",\"url\":\"https:\/\/vieassociative.be\/actualites\/wp-content\/uploads\/2025\/02\/1740161843_Mon-pain-de-soda-irlandais-prefere-na-que-quatre-ingredients.jpg\",\"contentUrl\":\"https:\/\/vieassociative.be\/actualites\/wp-content\/uploads\/2025\/02\/1740161843_Mon-pain-de-soda-irlandais-prefere-na-que-quatre-ingredients.jpg\",\"width\":1200,\"height\":675,\"caption\":\"Mon pain de soda irlandais pr\u00e9f\u00e9r\u00e9 n'a que quatre ingr\u00e9dients\"},{\"@type\":\"BreadcrumbList\",\"@id\":\"https:\/\/vieassociative.be\/actualites\/mon-pain-de-soda-irlandais-prefere-na-que-quatre-ingredients\/#breadcrumb\",\"itemListElement\":[{\"@type\":\"ListItem\",\"position\":1,\"name\":\"Accueil\",\"item\":\"https:\/\/vieassociative.be\/actualites\/\"},{\"@type\":\"ListItem\",\"position\":2,\"name\":\"Mon pain de soda irlandais pr\u00e9f\u00e9r\u00e9 n&rsquo;a que quatre ingr\u00e9dients\"}]},{\"@type\":\"WebSite\",\"@id\":\"https:\/\/vieassociative.be\/actualites\/#website\",\"url\":\"https:\/\/vieassociative.be\/actualites\/\",\"name\":\"Vie Associative\",\"description\":\"\",\"publisher\":{\"@id\":\"https:\/\/vieassociative.be\/actualites\/#organization\"},\"potentialAction\":[{\"@type\":\"SearchAction\",\"target\":{\"@type\":\"EntryPoint\",\"urlTemplate\":\"https:\/\/vieassociative.be\/actualites\/?s={search_term_string}\"},\"query-input\":{\"@type\":\"PropertyValueSpecification\",\"valueRequired\":true,\"valueName\":\"search_term_string\"}}],\"inLanguage\":\"fr-BE\"},{\"@type\":\"Organization\",\"@id\":\"https:\/\/vieassociative.be\/actualites\/#organization\",\"name\":\"Vie Associative\",\"url\":\"https:\/\/vieassociative.be\/actualites\/\",\"logo\":{\"@type\":\"ImageObject\",\"inLanguage\":\"fr-BE\",\"@id\":\"https:\/\/vieassociative.be\/actualites\/#\/schema\/logo\/image\/\",\"url\":\"https:\/\/vieassociative.be\/actualites\/wp-content\/uploads\/2024\/09\/cropped-vieassociative_favicon.ico.png\",\"contentUrl\":\"https:\/\/vieassociative.be\/actualites\/wp-content\/uploads\/2024\/09\/cropped-vieassociative_favicon.ico.png\",\"width\":512,\"height\":512,\"caption\":\"Vie Associative\"},\"image\":{\"@id\":\"https:\/\/vieassociative.be\/actualites\/#\/schema\/logo\/image\/\"}},{\"@type\":\"Person\",\"@id\":\"https:\/\/vieassociative.be\/actualites\/#\/schema\/person\/b87ac4f82f9d4e7b7cec7395b679edc4\",\"name\":\"Julien\",\"image\":{\"@type\":\"ImageObject\",\"inLanguage\":\"fr-BE\",\"@id\":\"https:\/\/vieassociative.be\/actualites\/#\/schema\/person\/image\/\",\"url\":\"https:\/\/vieassociative.be\/actualites\/wp-content\/uploads\/2024\/09\/vie-associative-1-150x150.jpg\",\"contentUrl\":\"https:\/\/vieassociative.be\/actualites\/wp-content\/uploads\/2024\/09\/vie-associative-1-150x150.jpg\",\"caption\":\"Julien\"},\"description\":\"Je suis Julien, r\u00e9dacteur pour Vie Associative. Passionn\u00e9 par le monde associatif depuis plus de 10 ans, j'ai \u00e0 c\u0153ur de partager des histoires inspirantes et de mettre en lumi\u00e8re les initiatives locales. Mon objectif est de sensibiliser et d'encourager l'engagement communautaire \u00e0 travers mes articles.\",\"sameAs\":[\"https:\/\/vieassociative.be\/\"]}]}<\/script>\n<!-- \/ Yoast SEO plugin. -->","yoast_head_json":{"title":"Mon pain de soda irlandais pr\u00e9f\u00e9r\u00e9 n'a que quatre ingr\u00e9dients | Vie Associative","robots":{"index":"index","follow":"follow","max-snippet":"max-snippet:-1","max-image-preview":"max-image-preview:large","max-video-preview":"max-video-preview:-1"},"canonical":"https:\/\/vieassociative.be\/actualites\/mon-pain-de-soda-irlandais-prefere-na-que-quatre-ingredients\/","og_locale":"fr_FR","og_type":"article","og_title":"Mon pain de soda irlandais pr\u00e9f\u00e9r\u00e9 n'a que quatre ingr\u00e9dients | Vie Associative","og_description":"Saint-Patrick ou non, ce pain rapide est facile et d\u00e9licieux. Chaque fois que j&rsquo;ai une urgence en glucides, je fais l&rsquo;une des deux choses: les","og_url":"https:\/\/vieassociative.be\/actualites\/mon-pain-de-soda-irlandais-prefere-na-que-quatre-ingredients\/","og_site_name":"Vie Associative","article_published_time":"2025-02-21T18:17:23+00:00","og_image":[{"url":"https:\/\/vieassociative.be\/actualites\/wp-content\/uploads\/2025\/02\/Mon-pain-de-soda-irlandais-prefere-na-que-quatre-ingredients.jpg","type":"","width":"","height":""}],"author":"Julien","twitter_card":"summary_large_image","twitter_misc":{"\u00c9crit par":"Julien","Dur\u00e9e de lecture est.":"4 minutes"},"schema":{"@context":"https:\/\/schema.org","@graph":[{"@type":"Article","@id":"https:\/\/vieassociative.be\/actualites\/mon-pain-de-soda-irlandais-prefere-na-que-quatre-ingredients\/#article","isPartOf":{"@id":"https:\/\/vieassociative.be\/actualites\/mon-pain-de-soda-irlandais-prefere-na-que-quatre-ingredients\/"},"author":{"name":"Julien","@id":"https:\/\/vieassociative.be\/actualites\/#\/schema\/person\/b87ac4f82f9d4e7b7cec7395b679edc4"},"headline":"Mon pain de soda irlandais pr\u00e9f\u00e9r\u00e9 n&rsquo;a que quatre ingr\u00e9dients","datePublished":"2025-02-21T18:17:23+00:00","dateModified":"2025-02-21T18:17:23+00:00","mainEntityOfPage":{"@id":"https:\/\/vieassociative.be\/actualites\/mon-pain-de-soda-irlandais-prefere-na-que-quatre-ingredients\/"},"wordCount":900,"publisher":{"@id":"https:\/\/vieassociative.be\/actualites\/#organization"},"image":{"@id":"https:\/\/vieassociative.be\/actualites\/mon-pain-de-soda-irlandais-prefere-na-que-quatre-ingredients\/#primaryimage"},"thumbnailUrl":"https:\/\/vieassociative.be\/actualites\/wp-content\/uploads\/2025\/02\/1740161843_Mon-pain-de-soda-irlandais-prefere-na-que-quatre-ingredients.jpg","keywords":["ingr\u00e9dients","irlandais","Mon","pain","pr\u00e9f\u00e9r\u00e9","Quatre","soda"],"articleSection":["Gastronomie"],"inLanguage":"fr-BE"},{"@type":"WebPage","@id":"https:\/\/vieassociative.be\/actualites\/mon-pain-de-soda-irlandais-prefere-na-que-quatre-ingredients\/","url":"https:\/\/vieassociative.be\/actualites\/mon-pain-de-soda-irlandais-prefere-na-que-quatre-ingredients\/","name":"Mon pain de soda irlandais pr\u00e9f\u00e9r\u00e9 n'a que quatre ingr\u00e9dients | Vie Associative","isPartOf":{"@id":"https:\/\/vieassociative.be\/actualites\/#website"},"primaryImageOfPage":{"@id":"https:\/\/vieassociative.be\/actualites\/mon-pain-de-soda-irlandais-prefere-na-que-quatre-ingredients\/#primaryimage"},"image":{"@id":"https:\/\/vieassociative.be\/actualites\/mon-pain-de-soda-irlandais-prefere-na-que-quatre-ingredients\/#primaryimage"},"thumbnailUrl":"https:\/\/vieassociative.be\/actualites\/wp-content\/uploads\/2025\/02\/1740161843_Mon-pain-de-soda-irlandais-prefere-na-que-quatre-ingredients.jpg","datePublished":"2025-02-21T18:17:23+00:00","dateModified":"2025-02-21T18:17:23+00:00","breadcrumb":{"@id":"https:\/\/vieassociative.be\/actualites\/mon-pain-de-soda-irlandais-prefere-na-que-quatre-ingredients\/#breadcrumb"},"inLanguage":"fr-BE","potentialAction":[{"@type":"ReadAction","target":["https:\/\/vieassociative.be\/actualites\/mon-pain-de-soda-irlandais-prefere-na-que-quatre-ingredients\/"]}]},{"@type":"ImageObject","inLanguage":"fr-BE","@id":"https:\/\/vieassociative.be\/actualites\/mon-pain-de-soda-irlandais-prefere-na-que-quatre-ingredients\/#primaryimage","url":"https:\/\/vieassociative.be\/actualites\/wp-content\/uploads\/2025\/02\/1740161843_Mon-pain-de-soda-irlandais-prefere-na-que-quatre-ingredients.jpg","contentUrl":"https:\/\/vieassociative.be\/actualites\/wp-content\/uploads\/2025\/02\/1740161843_Mon-pain-de-soda-irlandais-prefere-na-que-quatre-ingredients.jpg","width":1200,"height":675,"caption":"Mon pain de soda irlandais pr\u00e9f\u00e9r\u00e9 n'a que quatre ingr\u00e9dients"},{"@type":"BreadcrumbList","@id":"https:\/\/vieassociative.be\/actualites\/mon-pain-de-soda-irlandais-prefere-na-que-quatre-ingredients\/#breadcrumb","itemListElement":[{"@type":"ListItem","position":1,"name":"Accueil","item":"https:\/\/vieassociative.be\/actualites\/"},{"@type":"ListItem","position":2,"name":"Mon pain de soda irlandais pr\u00e9f\u00e9r\u00e9 n&rsquo;a que quatre ingr\u00e9dients"}]},{"@type":"WebSite","@id":"https:\/\/vieassociative.be\/actualites\/#website","url":"https:\/\/vieassociative.be\/actualites\/","name":"Vie Associative","description":"","publisher":{"@id":"https:\/\/vieassociative.be\/actualites\/#organization"},"potentialAction":[{"@type":"SearchAction","target":{"@type":"EntryPoint","urlTemplate":"https:\/\/vieassociative.be\/actualites\/?s={search_term_string}"},"query-input":{"@type":"PropertyValueSpecification","valueRequired":true,"valueName":"search_term_string"}}],"inLanguage":"fr-BE"},{"@type":"Organization","@id":"https:\/\/vieassociative.be\/actualites\/#organization","name":"Vie Associative","url":"https:\/\/vieassociative.be\/actualites\/","logo":{"@type":"ImageObject","inLanguage":"fr-BE","@id":"https:\/\/vieassociative.be\/actualites\/#\/schema\/logo\/image\/","url":"https:\/\/vieassociative.be\/actualites\/wp-content\/uploads\/2024\/09\/cropped-vieassociative_favicon.ico.png","contentUrl":"https:\/\/vieassociative.be\/actualites\/wp-content\/uploads\/2024\/09\/cropped-vieassociative_favicon.ico.png","width":512,"height":512,"caption":"Vie Associative"},"image":{"@id":"https:\/\/vieassociative.be\/actualites\/#\/schema\/logo\/image\/"}},{"@type":"Person","@id":"https:\/\/vieassociative.be\/actualites\/#\/schema\/person\/b87ac4f82f9d4e7b7cec7395b679edc4","name":"Julien","image":{"@type":"ImageObject","inLanguage":"fr-BE","@id":"https:\/\/vieassociative.be\/actualites\/#\/schema\/person\/image\/","url":"https:\/\/vieassociative.be\/actualites\/wp-content\/uploads\/2024\/09\/vie-associative-1-150x150.jpg","contentUrl":"https:\/\/vieassociative.be\/actualites\/wp-content\/uploads\/2024\/09\/vie-associative-1-150x150.jpg","caption":"Julien"},"description":"Je suis Julien, r\u00e9dacteur pour Vie Associative. Passionn\u00e9 par le monde associatif depuis plus de 10 ans, j'ai \u00e0 c\u0153ur de partager des histoires inspirantes et de mettre en lumi\u00e8re les initiatives locales. Mon objectif est de sensibiliser et d'encourager l'engagement communautaire \u00e0 travers mes articles.","sameAs":["https:\/\/vieassociative.be\/"]}]}},"_links":{"self":[{"href":"https:\/\/vieassociative.be\/actualites\/wp-json\/wp\/v2\/posts\/5298"}],"collection":[{"href":"https:\/\/vieassociative.be\/actualites\/wp-json\/wp\/v2\/posts"}],"about":[{"href":"https:\/\/vieassociative.be\/actualites\/wp-json\/wp\/v2\/types\/post"}],"author":[{"embeddable":true,"href":"https:\/\/vieassociative.be\/actualites\/wp-json\/wp\/v2\/users\/1"}],"replies":[{"embeddable":true,"href":"https:\/\/vieassociative.be\/actualites\/wp-json\/wp\/v2\/comments?post=5298"}],"version-history":[{"count":0,"href":"https:\/\/vieassociative.be\/actualites\/wp-json\/wp\/v2\/posts\/5298\/revisions"}],"wp:featuredmedia":[{"embeddable":true,"href":"https:\/\/vieassociative.be\/actualites\/wp-json\/wp\/v2\/media\/5299"}],"wp:attachment":[{"href":"https:\/\/vieassociative.be\/actualites\/wp-json\/wp\/v2\/media?parent=5298"}],"wp:term":[{"taxonomy":"category","embeddable":true,"href":"https:\/\/vieassociative.be\/actualites\/wp-json\/wp\/v2\/categories?post=5298"},{"taxonomy":"post_tag","embeddable":true,"href":"https:\/\/vieassociative.be\/actualites\/wp-json\/wp\/v2\/tags?post=5298"}],"curies":[{"name":"wp","href":"https:\/\/api.w.org\/{rel}","templated":true}]}}