{"id":5294,"date":"2025-02-21T15:17:48","date_gmt":"2025-02-21T14:17:48","guid":{"rendered":"https:\/\/vieassociative.be\/actualites\/lamerique-sous-trump-sur-le-chemin-de-lautocratie\/"},"modified":"2025-02-21T15:17:48","modified_gmt":"2025-02-21T14:17:48","slug":"lamerique-sous-trump-sur-le-chemin-de-lautocratie","status":"publish","type":"post","link":"https:\/\/vieassociative.be\/actualites\/lamerique-sous-trump-sur-le-chemin-de-lautocratie\/","title":{"rendered":"L&rsquo;Am\u00e9rique sous Trump sur le chemin de l&rsquo;autocratie?"},"content":{"rendered":"<p><strong>Ce qui s&rsquo;est pass\u00e9 aux \u00c9tats-Unis depuis que Donald Trump a pris ses fonctions est sans pr\u00e9c\u00e9dent. Le r\u00e9publicain brise les tabous et les principes d\u00e9mocratiques en rang\u00e9es. Jusqu&rsquo;o\u00f9 ira-t-il?<\/strong><\/p>\n<p><span id=\"more-408715\"><\/span>Donald Trump d\u00e9passe toutes les attentes. Le monde s&rsquo;\u00e9tait pr\u00e9par\u00e9 pour le chaos parmi le nouveau pr\u00e9sident am\u00e9ricain, mais le rythme vertigineux avec lequel le r\u00e9publicain met la main sur la d\u00e9mocratie et le syst\u00e8me constitutionnel aux \u00c9tats-Unis choque beaucoup.<\/p>\n<p>Trump n&rsquo;est en fonction que pendant environ un mois et les d\u00e9mocrates avertissent d\u00e9j\u00e0 que l&rsquo;Am\u00e9rique est confront\u00e9e \u00e0 la \u00ab\u00a0mort de la d\u00e9mocratie\u00a0\u00bb et au \u00ab\u00a0d\u00e9but d&rsquo;une dictature\u00a0\u00bb. L&rsquo;homme de 78 ans agit comme un \u00ab\u00a0dispot\u00a0\u00bb et contr\u00f4le le pays dans une autocratie, leur rappellent-ils. Les experts juridiques voient le pays dans une crise constitutionnelle.<\/p>\n<div id=\"attachment_408726\" class=\"wp-caption alignleft\" style=\"max-width: 300px\"><img fetchpriority=\"high\" decoding=\"async\" class=\"wp-image-408726 size-medium\" src=\"https:\/\/vieassociative.be\/actualites\/wp-content\/uploads\/2025\/02\/LAmerique-sous-Trump-sur-le-chemin-de-lautocratie.jpg\" alt=\"\" width=\"300\" height=\"200\"><\/p>\n<p class=\"wp-caption-text\">30\/01\/2025, \u00c9tats-Unis, Washington: le pr\u00e9sident Donald Trump parle aux journalistes tout en signant des r\u00e9glementations de mise en \u0153uvre dans le bureau ovale de la Maison Blanche. Photo: Evan Vucci \/ AP \/ DPA<\/p>\n<\/div>\n<p>Il est donc d&rsquo;autant plus remarquable que Trump tire d\u00e9sormais le pr\u00e9sident ukrainien Wolodymyr Selenskyj en tant que dictateur et accuse son vice-JD Vance Europe. Mais cela a toujours fait partie des strat\u00e9gies de Trump pour simplement lui faire tourner les all\u00e9gations et le renvoyer.<\/p>\n<p><strong>&#8211; Un pr\u00e9sident au-dessus de la loi?<\/strong> Le pr\u00e9sident vient de provoquer un renoncement qui r\u00e9v\u00e8le ce qu&rsquo;il pense de la d\u00e9mocratie et de l&rsquo;\u00e9tat de droit. Trump a r\u00e9pandu une citation notoire sur la plate-forme X, qui est attribu\u00e9e \u00e0 l&#8217;empereur fran\u00e7ais de l&rsquo;auto-couronne Napol\u00e9on: \u00ab\u00a0Quiconque sauve leur pays ne viole pas une loi.\u00a0\u00bb<\/p>\n<p>Le terroriste et meurtrier de masse de la droite norv\u00e9gienne Anders Behring Breivik a \u00e9galement \u00e9crit la citation dans un long manifeste avant de tuer 77 personnes en deux attaques en 2011. Le fait que le pr\u00e9sident am\u00e9ricain utilise la citation est de qualit\u00e9 particuli\u00e8re et a aliment\u00e9 les pires craintes de ses critiques.<\/p>\n<p>C&rsquo;est d&rsquo;autant plus vrai parce que Trump a une d\u00e9cision historique des tribunaux supr\u00eame. En \u00e9t\u00e9, il a d\u00e9cid\u00e9 avec sa majorit\u00e9 conservatrice \u00e0 droite que le pr\u00e9sident jouit de l&rsquo;immunit\u00e9 pour certains actes officiels. Trump ne donne pas cela, mais une port\u00e9e dangereuse.<\/p>\n<p><strong>&#8211; Pas \u00ab\u00a0seulement le premier jour\u00a0\u00bb?<\/strong> Dans la campagne \u00e9lectorale, le r\u00e9publicain avait flirt\u00e9 avec lui qu&rsquo;il voulait \u00eatre dictateur \u00ab\u00a0seulement le premier jour\u00a0\u00bb. En fait, ses premi\u00e8res heures au pouvoir ont montr\u00e9 un regard profond. Il a pardonn\u00e9 tous les criminels de l&rsquo;attaque du Capitole le 6 janvier 2021, y compris les d\u00e9linquants violents et les radicaux \u00e9minents de droite. Tout d&rsquo;abord, pour mettre en place les sorties qui se sont entra\u00een\u00e9es par lui-m\u00eame ont tent\u00e9 de saboter le changement de pouvoir, donnez le ton au deuxi\u00e8me mandat de Trump.<\/p>\n<div id=\"attachment_408728\" class=\"wp-caption alignleft\" style=\"max-width: 300px\"><img decoding=\"async\" class=\"wp-image-408728 size-medium\" src=\"https:\/\/vieassociative.be\/actualites\/wp-content\/uploads\/2025\/02\/1740147468_170_LAmerique-sous-Trump-sur-le-chemin-de-lautocratie.jpg\" alt=\"\" width=\"300\" height=\"200\"  ><\/p>\n<p class=\"wp-caption-text\">17\/02\/2025, \u00c9tats-Unis, Los Angeles: Un d\u00e9monstrateur tient une affiche avec l&rsquo;inscription \u00ab\u00a0Real Americans Stand by Ukraine\u00a0\u00bb lors d&rsquo;un rassemblement contre la politique du pr\u00e9sident am\u00e9ricain Trump \u00e0 la Journ\u00e9e des pr\u00e9sidents. Photo: Etienne Laurent \/ FR172066 AP \/ AP \/ DPA<\/p>\n<\/div>\n<p>Le premier jour au pouvoir, il a \u00e9galement menac\u00e9 que les \u00c9tats-Unis \u00ab\u00a0r\u00e9cup\u00e9reraient\u00a0\u00bb le canal de Panama, si n\u00e9cessaire avec la violence militaire. Depuis lors, il a \u00e9galement rendu le droit au Groenland et \u00e0 la bande de Gaza et a appel\u00e9 \u00e0 plusieurs reprises le Canada \u00e0 faire partie des \u00c9tats-Unis. Empire pour incorporer des territoires \u00e9trangers n&rsquo;est par ailleurs connu que dans les \u00c9tats autocratiques.<\/p>\n<p><strong>&#8211; Extension du pouvoir dans l&rsquo;appareil d&rsquo;\u00c9tat:<\/strong> Trump essaie d&rsquo;\u00e9largir consid\u00e9rablement son pouvoir et de faire la s\u00e9paration des pouvoirs aux \u00c9tats-Unis. Il a commenc\u00e9 une r\u00e9novation radicale de l&rsquo;appareil de l&rsquo;\u00c9tat et a permis aux employ\u00e9s de licencier des employ\u00e9s qui ne sont pas en ligne. L&rsquo;\u00e9quipe de Trump a pouss\u00e9 des dizaines de milliers d&#8217;employ\u00e9s f\u00e9d\u00e9raux \u00e0 se licencier &#8211; en \u00e9change d&rsquo;un autre paiement pendant plusieurs mois. Il n&rsquo;y a jamais eu.<\/p>\n<p>L&rsquo;autorit\u00e9 de d\u00e9veloppement USAID a presque compl\u00e8tement d\u00e9montr\u00e9 l&rsquo;\u00e9quipe de Trump. Il veut \u00e9galement abolir le minist\u00e8re de l&rsquo;\u00c9ducation. On peut se demander s&rsquo;il peut le faire sans le consentement du Congr\u00e8s. Mais Trump teste simplement les limites du syst\u00e8me constitutionnel. Entre autres choses, il avait des superviseurs dans les minist\u00e8res et les autorit\u00e9s sans int\u00e9grer le Congr\u00e8s. Le gouvernement a \u00e9galement arr\u00eat\u00e9 des programmes financiers des \u00c9tats-Unis au pays et \u00e0 l&rsquo;\u00e9tranger sans le consentement du Parlement. Tout cela est contest\u00e9 devant le tribunal. Le d\u00e9mocrate Ilhan Omar a averti: \u00ab\u00a0C&rsquo;est \u00e0 quoi ressemble le d\u00e9but d&rsquo;une dictature.\u00a0\u00bb<\/p>\n<p>Les experts juridiques ont \u00e9galement comment\u00e9. \u00ab\u00a0Nous sommes actuellement au milieu d&rsquo;une crise constitutionnelle\u00a0\u00bb, a d\u00e9clar\u00e9 le scientifique juridique Erwin Cheminersky du \u00ab\u00a0New York Times\u00a0\u00bb. Au cours des premi\u00e8res semaines du mandat de Trump, il y avait d\u00e9j\u00e0 eu \u00ab\u00a0tant d&rsquo;actions inconstitutionnelles et ill\u00e9gales\u00a0\u00bb. \u00ab\u00a0Nous n&rsquo;avons jamais rien v\u00e9cu de tel.\u00a0\u00bb<\/p>\n<p><strong>&#8211; \u00c9norme influence pour un milliardaire sans mandat<\/strong>: La force motrice dans ces coupes drastiques est un homme qui n&rsquo;a pas de mandat politique: Elon Musk. Trump a amen\u00e9 le milliardaire technologique et l&rsquo;homme le plus riche du monde \u00e0 ses c\u00f4t\u00e9s afin qu&rsquo;il annule les d\u00e9penses publiques. Dans quel r\u00f4le Musk poursuit cette t\u00e2che est opaque. Il n&rsquo;est pas clair s&rsquo;il est soumis \u00e0 une supervision.<\/p>\n<div id=\"attachment_408121\" class=\"wp-caption alignleft\" style=\"max-width: 300px\"><img decoding=\"async\" class=\"wp-image-408121 size-medium\" src=\"https:\/\/vieassociative.be\/actualites\/wp-content\/uploads\/2025\/02\/1740147468_590_LAmerique-sous-Trump-sur-le-chemin-de-lautocratie.jpg\" alt=\"\" width=\"300\" height=\"200\"><\/p>\n<p class=\"wp-caption-text\">11.02.2025, \u00c9tats-Unis, Washington: Elon Musk parle avec son fils X \u00e6 A-xii dans le bureau ovale de la Maison Blanche, lors d&rsquo;un \u00e9v\u00e9nement avec le pr\u00e9sident am\u00e9ricain Trump. Photo: Alex Brandon \/ AP \/ DPA<\/p>\n<\/div>\n<p>La troupe de Musk a des approches incroyables des donn\u00e9es du gouvernement confidentielles, ce qui concerne les d\u00e9mocrates tr\u00e8s pr\u00e9occup\u00e9s par le Congr\u00e8s. Pour de nombreux d\u00e9mocrates, le fait que le muscle difficile, qui a soutenu Trump, a soutenu Trump dans la campagne \u00e9lectorale avec beaucoup d&rsquo;argent, est maintenant un tabou et une preuve de l&rsquo;av\u00e8nement d&rsquo;une oligarchie.<\/p>\n<p><strong>&#8211; Pas de contrepoids au Parlement:<\/strong> Le contr\u00f4le des r\u00e9publicains sur les deux chambres du Congr\u00e8s donne \u00e0 Trump beaucoup de possibilit\u00e9 d&rsquo;action. Celui en soi n&rsquo;est pas inhabituel. Mais Trump domine son parti comme jamais auparavant. Il a syst\u00e9matiquement \u00e9limin\u00e9 l&rsquo;adversaire au Parlement. Il n&rsquo;a craint aucune r\u00e9sistance significative de ses propres rangs.<\/p>\n<p>La protestation contre les d\u00e9mocrates au Congr\u00e8s a jusqu&rsquo;\u00e0 pr\u00e9sent \u00e9t\u00e9 plut\u00f4t impuissante. Ils ont leur mot \u00e0 dire avec des avertissements dramatiques, mais n&rsquo;ont pas encore trouv\u00e9 de chemin politique pour s&rsquo;opposer \u00e0 Trump. Jusqu&rsquo;\u00e0 pr\u00e9sent, il y a eu une r\u00e9sistance principalement devant le tribunal.<\/p>\n<p><strong>&#8211; Le r\u00f4le des plats:<\/strong> Il y a plusieurs plaintes contre les d\u00e9cisions pr\u00e9c\u00e9dentes de Trump. Le destin l&#8217;emporte sur chaque pr\u00e9sident. Ce qui est diff\u00e9rent cette fois: Trump et son peuple doutent du r\u00f4le des tribunaux &#8211; et remettent donc en question ouvertement la s\u00e9paration des pouvoirs dans le pays.<\/p>\n<p>Le vice Vance de Trump a \u00e9crit sur X: \u00ab\u00a0Richter ne doit pas contr\u00f4ler le pouvoir l\u00e9gitime de l&rsquo;ex\u00e9cutif.\u00a0\u00bb La porte-parole de Trump, Karoline Leavitt, a accus\u00e9 les juges \u00ab\u00a0abus de pouvoir\u00a0\u00bb lorsqu&rsquo;ils ont tent\u00e9 de bloquer la politique du pr\u00e9sident. Cela se r\u00e9f\u00e8re uniquement aux d\u00e9cisions de justice d\u00e9sagr\u00e9ables.<\/p>\n<div id=\"attachment_408261\" class=\"wp-caption alignleft\" style=\"max-width: 300px\"><img loading=\"lazy\" decoding=\"async\" class=\"wp-image-408261 size-medium\" src=\"https:\/\/vieassociative.be\/actualites\/wp-content\/uploads\/2025\/02\/1740147468_850_LAmerique-sous-Trump-sur-le-chemin-de-lautocratie.jpg\" alt=\"\" width=\"300\" height=\"184\"><\/p>\n<p class=\"wp-caption-text\">14.02.2025, Bavi\u00e8re, Munich: JD Vance, vice-pr\u00e9sident des \u00c9tats-Unis d&rsquo;Am\u00e9rique, parle \u00e0 la Conf\u00e9rence de s\u00e9curit\u00e9 de Munich. La 61e Conf\u00e9rence de s\u00e9curit\u00e9 de Munich (MSC) aura lieu du 14 au 16 f\u00e9vrier 2025 \u00e0 l&rsquo;h\u00f4tel Bayerischer Hof \u00e0 Munich. Photo: Sven Hoppe \/ DPA<\/p>\n<\/div>\n<p>Coupl\u00e9 \u00e0 l&rsquo;annonce de Trump que celui qui a le sauvetage de son pays en termes de loi est au-dessus de la loi, beaucoup sont alert\u00e9s. Pr\u00e9parez de telles d\u00e9clarations \u00e0 l&rsquo;impensable: un jour, le gouvernement de Trump n&rsquo;a pas pu suivre une d\u00e9cision de justice? \u00ab\u00a0Ce n&rsquo;est pas une exag\u00e9ration de dire que nous voyons la mort de la d\u00e9mocratie devant nous\u00a0\u00bb, a averti le s\u00e9nateur d\u00e9mocrate Chris Murphy. \u00ab\u00a0Le c\u0153ur de notre d\u00e9mocratie est que nous adh\u00e9rons aux d\u00e9cisions des tribunaux.\u00a0\u00bb<\/p>\n<p><strong>&#8211; Campagne contre les m\u00e9dias et la culture:<\/strong> Trump aime \u00e9galement les m\u00e9dias. Il nie, par exemple, acc\u00e8s \u00e0 certaines nominations de presse \u00e0 la grande agence de presse am\u00e9ricaine AP. La raison: AP ne reprend pas le nouveau nom du golfe du Mexique &#8211; \u00ab\u00a0Golf of America\u00a0\u00bb. Trump a accus\u00e9 AP de le traiter mal ainsi que les r\u00e9publicains. \u00ab\u00a0Vous ne nous faites pas de service, et (&#8230;) je ne vous fais pas de service non plus.\u00a0\u00bb Dans les d\u00e9mocraties, cependant, la libert\u00e9 de la presse n&rsquo;est pas bas\u00e9e sur les faveurs.<\/p>\n<p>Trump est \u00e9galement li\u00e9 \u00e0 la culture. Le pr\u00e9sident a annonc\u00e9 qu&rsquo;il avait port\u00e9 le c\u00e9l\u00e8bre Kennedy Center sous son contr\u00f4le et a repris la chaise lui-m\u00eame. Il s&rsquo;agit de la plus grande institution culturelle de la capitale am\u00e9ricaine et d&rsquo;une v\u00e9ritable institution au niveau national. \u00ab\u00a0Nous n&rsquo;aimons pas ce qui a \u00e9t\u00e9 montr\u00e9 l\u00e0-bas\u00a0\u00bb, a d\u00e9clar\u00e9 Trump au motif.<\/p>\n<p>L&rsquo;\u00e9tape est l&rsquo;expression d&rsquo;une plus grande lutte culturelle aux \u00c9tats-Unis. Le parti r\u00e9publicain sous Trump repr\u00e9sente une vieille image de famille \u00e0 la mode. Son gouvernement ne reconna\u00eet que les deux sexes et les femmes et restreint syst\u00e9matiquement les droits des personnes transgenres et d&rsquo;autres minorit\u00e9s. Il veut \u00e9galement bannir certains contenus d&rsquo;enseignement, tels que le racisme et l&rsquo;identit\u00e9 de genre, du syst\u00e8me scolaire public.<\/p>\n<p>La r\u00e9publicaine et ancienne employ\u00e9e du gouvernement, Olivia Troye, dit que tout cela fait partie d&rsquo;une plus grande tentative de Trump de \u00ab\u00a0repenser la culture am\u00e9ricaine sur sa photo &#8211; comme les autocrates l&rsquo;ont fait avant lui\u00a0\u00bb. (DPA)<\/p>\n<p><em><strong>Sur le sujet, voir \u00e9galement l&rsquo;article suivant sur OD:<\/strong><\/em><\/p>\n<div class=\"responsive-embed widescreen\">\n<blockquote class=\"wp-embedded-content\" data-secret=\"NQEHtxTDsK\">\n<p>Trump nomme s\u00e9rieusement Selenskyj un dictateur: la prochaine attaque verbale contre le pr\u00e9sident de l&rsquo;Ukraine<\/p>\n<\/blockquote>\n<p><iframe loading=\"lazy\" class=\"wp-embedded-content\" sandbox=\"allow-scripts\" security=\"restricted\" style=\"position: absolute; visibility: hidden;\" title=\"\u201eTrump nennt Selenskyj allen Ernstes einen Diktator: N\u00e4chster Verbalangriff auf Pr\u00e4sidenten der Ukraine\u201c \u2014 Ostbelgien Direkt\" src=\"https:\/\/ostbelgiendirekt.be\/about:blank\" data-secret=\"NQEHtxTDsK\" width=\"500\" height=\"282\" frameborder=\"0\" marginwidth=\"0\" marginheight=\"0\" scrolling=\"no\" data-rocket-lazyload=\"fitvidscompatible\" data-lazy-src=\"https:\/\/ostbelgiendirekt.be\/krisengipfel-in-paris-408425\/embed#?secret=NS0iKzS12J#?secret=NQEHtxTDsK\"><\/iframe><noscript><iframe class=\"wp-embedded-content\" sandbox=\"allow-scripts\" security=\"restricted\" style=\"position: absolute; visibility: hidden;\" title=\"\u201eTrump nennt Selenskyj allen Ernstes einen Diktator: N\u00e4chster Verbalangriff auf Pr\u00e4sidenten der Ukraine\u201c \u2014 Ostbelgien Direkt\" src=\"https:\/\/ostbelgiendirekt.be\/krisengipfel-in-paris-408425\/embed#?secret=NS0iKzS12J#?secret=NQEHtxTDsK\" data-secret=\"NQEHtxTDsK\" width=\"500\" height=\"282\" frameborder=\"0\" marginwidth=\"0\" marginheight=\"0\" scrolling=\"no\"><\/iframe><\/noscript><\/p>\n<\/div>\n","protected":false},"excerpt":{"rendered":"<p>Ce qui s&rsquo;est pass\u00e9 aux \u00c9tats-Unis depuis que Donald Trump a pris ses fonctions est sans pr\u00e9c\u00e9dent. Le r\u00e9publicain brise les tabous et les principes<\/p>\n","protected":false},"author":1,"featured_media":5295,"comment_status":"","ping_status":"","sticky":false,"template":"","format":"standard","meta":{"footnotes":""},"categories":[298],"tags":[5447,5446,5448,467,33,2425],"class_list":["post-5294","post","type-post","status-publish","format-standard","has-post-thumbnail","hentry","category-belgique","tag-chemin","tag-lamerique","tag-lautocratie","tag-sous","tag-sur","tag-trump","generate-columns","tablet-grid-50","mobile-grid-100","grid-parent","grid-33"],"yoast_head":"<!-- This site is optimized with the Yoast SEO plugin v24.0 - https:\/\/yoast.com\/wordpress\/plugins\/seo\/ -->\n<title>L&#039;Am\u00e9rique sous Trump sur le chemin de l&#039;autocratie? | Vie Associative<\/title>\n<meta name=\"robots\" content=\"index, follow, max-snippet:-1, max-image-preview:large, max-video-preview:-1\" \/>\n<link rel=\"canonical\" href=\"https:\/\/vieassociative.be\/actualites\/lamerique-sous-trump-sur-le-chemin-de-lautocratie\/\" \/>\n<meta property=\"og:locale\" content=\"fr_FR\" \/>\n<meta property=\"og:type\" content=\"article\" \/>\n<meta property=\"og:title\" content=\"L&#039;Am\u00e9rique sous Trump sur le chemin de l&#039;autocratie? | Vie Associative\" \/>\n<meta property=\"og:description\" content=\"Ce qui s&rsquo;est pass\u00e9 aux \u00c9tats-Unis depuis que Donald Trump a pris ses fonctions est sans pr\u00e9c\u00e9dent. Le r\u00e9publicain brise les tabous et les principes\" \/>\n<meta property=\"og:url\" content=\"https:\/\/vieassociative.be\/actualites\/lamerique-sous-trump-sur-le-chemin-de-lautocratie\/\" \/>\n<meta property=\"og:site_name\" content=\"Vie Associative\" \/>\n<meta property=\"article:published_time\" content=\"2025-02-21T14:17:48+00:00\" \/>\n<meta property=\"og:image\" content=\"https:\/\/vieassociative.be\/actualites\/wp-content\/uploads\/2024\/09\/header_backgroundk-01-e1726694325946.png\" \/>\n\t<meta property=\"og:image:width\" content=\"279\" \/>\n\t<meta property=\"og:image:height\" content=\"92\" \/>\n\t<meta property=\"og:image:type\" content=\"image\/png\" \/>\n<meta name=\"author\" content=\"Julien\" \/>\n<meta name=\"twitter:card\" content=\"summary_large_image\" \/>\n<meta name=\"twitter:label1\" content=\"\u00c9crit par\" \/>\n\t<meta name=\"twitter:data1\" content=\"Julien\" \/>\n\t<meta name=\"twitter:label2\" content=\"Dur\u00e9e de lecture est.\" \/>\n\t<meta name=\"twitter:data2\" content=\"8 minutes\" \/>\n<script type=\"application\/ld+json\" class=\"yoast-schema-graph\">{\"@context\":\"https:\/\/schema.org\",\"@graph\":[{\"@type\":\"Article\",\"@id\":\"https:\/\/vieassociative.be\/actualites\/lamerique-sous-trump-sur-le-chemin-de-lautocratie\/#article\",\"isPartOf\":{\"@id\":\"https:\/\/vieassociative.be\/actualites\/lamerique-sous-trump-sur-le-chemin-de-lautocratie\/\"},\"author\":{\"name\":\"Julien\",\"@id\":\"https:\/\/vieassociative.be\/actualites\/#\/schema\/person\/b87ac4f82f9d4e7b7cec7395b679edc4\"},\"headline\":\"L&rsquo;Am\u00e9rique sous Trump sur le chemin de l&rsquo;autocratie?\",\"datePublished\":\"2025-02-21T14:17:48+00:00\",\"dateModified\":\"2025-02-21T14:17:48+00:00\",\"mainEntityOfPage\":{\"@id\":\"https:\/\/vieassociative.be\/actualites\/lamerique-sous-trump-sur-le-chemin-de-lautocratie\/\"},\"wordCount\":1771,\"publisher\":{\"@id\":\"https:\/\/vieassociative.be\/actualites\/#organization\"},\"image\":{\"@id\":\"https:\/\/vieassociative.be\/actualites\/lamerique-sous-trump-sur-le-chemin-de-lautocratie\/#primaryimage\"},\"thumbnailUrl\":\"https:\/\/vieassociative.be\/actualites\/wp-content\/uploads\/2025\/02\/LAmerique-sous-Trump-sur-le-chemin-de-lautocratie.png\",\"keywords\":[\"chemin\",\"LAm\u00e9rique\",\"lautocratie\",\"sous\",\"sur\",\"Trump\"],\"articleSection\":[\"Belgique\"],\"inLanguage\":\"fr-BE\"},{\"@type\":\"WebPage\",\"@id\":\"https:\/\/vieassociative.be\/actualites\/lamerique-sous-trump-sur-le-chemin-de-lautocratie\/\",\"url\":\"https:\/\/vieassociative.be\/actualites\/lamerique-sous-trump-sur-le-chemin-de-lautocratie\/\",\"name\":\"L'Am\u00e9rique sous Trump sur le chemin de l'autocratie? | Vie Associative\",\"isPartOf\":{\"@id\":\"https:\/\/vieassociative.be\/actualites\/#website\"},\"primaryImageOfPage\":{\"@id\":\"https:\/\/vieassociative.be\/actualites\/lamerique-sous-trump-sur-le-chemin-de-lautocratie\/#primaryimage\"},\"image\":{\"@id\":\"https:\/\/vieassociative.be\/actualites\/lamerique-sous-trump-sur-le-chemin-de-lautocratie\/#primaryimage\"},\"thumbnailUrl\":\"https:\/\/vieassociative.be\/actualites\/wp-content\/uploads\/2025\/02\/LAmerique-sous-Trump-sur-le-chemin-de-lautocratie.png\",\"datePublished\":\"2025-02-21T14:17:48+00:00\",\"dateModified\":\"2025-02-21T14:17:48+00:00\",\"breadcrumb\":{\"@id\":\"https:\/\/vieassociative.be\/actualites\/lamerique-sous-trump-sur-le-chemin-de-lautocratie\/#breadcrumb\"},\"inLanguage\":\"fr-BE\",\"potentialAction\":[{\"@type\":\"ReadAction\",\"target\":[\"https:\/\/vieassociative.be\/actualites\/lamerique-sous-trump-sur-le-chemin-de-lautocratie\/\"]}]},{\"@type\":\"ImageObject\",\"inLanguage\":\"fr-BE\",\"@id\":\"https:\/\/vieassociative.be\/actualites\/lamerique-sous-trump-sur-le-chemin-de-lautocratie\/#primaryimage\",\"url\":\"https:\/\/vieassociative.be\/actualites\/wp-content\/uploads\/2025\/02\/LAmerique-sous-Trump-sur-le-chemin-de-lautocratie.png\",\"contentUrl\":\"https:\/\/vieassociative.be\/actualites\/wp-content\/uploads\/2025\/02\/LAmerique-sous-Trump-sur-le-chemin-de-lautocratie.png\",\"width\":1280,\"height\":681,\"caption\":\"L'Am\u00e9rique sous Trump sur le chemin de l'autocratie?\"},{\"@type\":\"BreadcrumbList\",\"@id\":\"https:\/\/vieassociative.be\/actualites\/lamerique-sous-trump-sur-le-chemin-de-lautocratie\/#breadcrumb\",\"itemListElement\":[{\"@type\":\"ListItem\",\"position\":1,\"name\":\"Accueil\",\"item\":\"https:\/\/vieassociative.be\/actualites\/\"},{\"@type\":\"ListItem\",\"position\":2,\"name\":\"L&rsquo;Am\u00e9rique sous Trump sur le chemin de l&rsquo;autocratie?\"}]},{\"@type\":\"WebSite\",\"@id\":\"https:\/\/vieassociative.be\/actualites\/#website\",\"url\":\"https:\/\/vieassociative.be\/actualites\/\",\"name\":\"Vie Associative\",\"description\":\"\",\"publisher\":{\"@id\":\"https:\/\/vieassociative.be\/actualites\/#organization\"},\"potentialAction\":[{\"@type\":\"SearchAction\",\"target\":{\"@type\":\"EntryPoint\",\"urlTemplate\":\"https:\/\/vieassociative.be\/actualites\/?s={search_term_string}\"},\"query-input\":{\"@type\":\"PropertyValueSpecification\",\"valueRequired\":true,\"valueName\":\"search_term_string\"}}],\"inLanguage\":\"fr-BE\"},{\"@type\":\"Organization\",\"@id\":\"https:\/\/vieassociative.be\/actualites\/#organization\",\"name\":\"Vie Associative\",\"url\":\"https:\/\/vieassociative.be\/actualites\/\",\"logo\":{\"@type\":\"ImageObject\",\"inLanguage\":\"fr-BE\",\"@id\":\"https:\/\/vieassociative.be\/actualites\/#\/schema\/logo\/image\/\",\"url\":\"https:\/\/vieassociative.be\/actualites\/wp-content\/uploads\/2024\/09\/cropped-vieassociative_favicon.ico.png\",\"contentUrl\":\"https:\/\/vieassociative.be\/actualites\/wp-content\/uploads\/2024\/09\/cropped-vieassociative_favicon.ico.png\",\"width\":512,\"height\":512,\"caption\":\"Vie Associative\"},\"image\":{\"@id\":\"https:\/\/vieassociative.be\/actualites\/#\/schema\/logo\/image\/\"}},{\"@type\":\"Person\",\"@id\":\"https:\/\/vieassociative.be\/actualites\/#\/schema\/person\/b87ac4f82f9d4e7b7cec7395b679edc4\",\"name\":\"Julien\",\"image\":{\"@type\":\"ImageObject\",\"inLanguage\":\"fr-BE\",\"@id\":\"https:\/\/vieassociative.be\/actualites\/#\/schema\/person\/image\/\",\"url\":\"https:\/\/vieassociative.be\/actualites\/wp-content\/uploads\/2024\/09\/vie-associative-1-150x150.jpg\",\"contentUrl\":\"https:\/\/vieassociative.be\/actualites\/wp-content\/uploads\/2024\/09\/vie-associative-1-150x150.jpg\",\"caption\":\"Julien\"},\"description\":\"Je suis Julien, r\u00e9dacteur pour Vie Associative. Passionn\u00e9 par le monde associatif depuis plus de 10 ans, j'ai \u00e0 c\u0153ur de partager des histoires inspirantes et de mettre en lumi\u00e8re les initiatives locales. Mon objectif est de sensibiliser et d'encourager l'engagement communautaire \u00e0 travers mes articles.\",\"sameAs\":[\"https:\/\/vieassociative.be\/\"]}]}<\/script>\n<!-- \/ Yoast SEO plugin. -->","yoast_head_json":{"title":"L'Am\u00e9rique sous Trump sur le chemin de l'autocratie? | Vie Associative","robots":{"index":"index","follow":"follow","max-snippet":"max-snippet:-1","max-image-preview":"max-image-preview:large","max-video-preview":"max-video-preview:-1"},"canonical":"https:\/\/vieassociative.be\/actualites\/lamerique-sous-trump-sur-le-chemin-de-lautocratie\/","og_locale":"fr_FR","og_type":"article","og_title":"L'Am\u00e9rique sous Trump sur le chemin de l'autocratie? | Vie Associative","og_description":"Ce qui s&rsquo;est pass\u00e9 aux \u00c9tats-Unis depuis que Donald Trump a pris ses fonctions est sans pr\u00e9c\u00e9dent. Le r\u00e9publicain brise les tabous et les principes","og_url":"https:\/\/vieassociative.be\/actualites\/lamerique-sous-trump-sur-le-chemin-de-lautocratie\/","og_site_name":"Vie Associative","article_published_time":"2025-02-21T14:17:48+00:00","og_image":[{"width":279,"height":92,"url":"https:\/\/vieassociative.be\/actualites\/wp-content\/uploads\/2024\/09\/header_backgroundk-01-e1726694325946.png","type":"image\/png"}],"author":"Julien","twitter_card":"summary_large_image","twitter_misc":{"\u00c9crit par":"Julien","Dur\u00e9e de lecture est.":"8 minutes"},"schema":{"@context":"https:\/\/schema.org","@graph":[{"@type":"Article","@id":"https:\/\/vieassociative.be\/actualites\/lamerique-sous-trump-sur-le-chemin-de-lautocratie\/#article","isPartOf":{"@id":"https:\/\/vieassociative.be\/actualites\/lamerique-sous-trump-sur-le-chemin-de-lautocratie\/"},"author":{"name":"Julien","@id":"https:\/\/vieassociative.be\/actualites\/#\/schema\/person\/b87ac4f82f9d4e7b7cec7395b679edc4"},"headline":"L&rsquo;Am\u00e9rique sous Trump sur le chemin de l&rsquo;autocratie?","datePublished":"2025-02-21T14:17:48+00:00","dateModified":"2025-02-21T14:17:48+00:00","mainEntityOfPage":{"@id":"https:\/\/vieassociative.be\/actualites\/lamerique-sous-trump-sur-le-chemin-de-lautocratie\/"},"wordCount":1771,"publisher":{"@id":"https:\/\/vieassociative.be\/actualites\/#organization"},"image":{"@id":"https:\/\/vieassociative.be\/actualites\/lamerique-sous-trump-sur-le-chemin-de-lautocratie\/#primaryimage"},"thumbnailUrl":"https:\/\/vieassociative.be\/actualites\/wp-content\/uploads\/2025\/02\/LAmerique-sous-Trump-sur-le-chemin-de-lautocratie.png","keywords":["chemin","LAm\u00e9rique","lautocratie","sous","sur","Trump"],"articleSection":["Belgique"],"inLanguage":"fr-BE"},{"@type":"WebPage","@id":"https:\/\/vieassociative.be\/actualites\/lamerique-sous-trump-sur-le-chemin-de-lautocratie\/","url":"https:\/\/vieassociative.be\/actualites\/lamerique-sous-trump-sur-le-chemin-de-lautocratie\/","name":"L'Am\u00e9rique sous Trump sur le chemin de l'autocratie? | Vie Associative","isPartOf":{"@id":"https:\/\/vieassociative.be\/actualites\/#website"},"primaryImageOfPage":{"@id":"https:\/\/vieassociative.be\/actualites\/lamerique-sous-trump-sur-le-chemin-de-lautocratie\/#primaryimage"},"image":{"@id":"https:\/\/vieassociative.be\/actualites\/lamerique-sous-trump-sur-le-chemin-de-lautocratie\/#primaryimage"},"thumbnailUrl":"https:\/\/vieassociative.be\/actualites\/wp-content\/uploads\/2025\/02\/LAmerique-sous-Trump-sur-le-chemin-de-lautocratie.png","datePublished":"2025-02-21T14:17:48+00:00","dateModified":"2025-02-21T14:17:48+00:00","breadcrumb":{"@id":"https:\/\/vieassociative.be\/actualites\/lamerique-sous-trump-sur-le-chemin-de-lautocratie\/#breadcrumb"},"inLanguage":"fr-BE","potentialAction":[{"@type":"ReadAction","target":["https:\/\/vieassociative.be\/actualites\/lamerique-sous-trump-sur-le-chemin-de-lautocratie\/"]}]},{"@type":"ImageObject","inLanguage":"fr-BE","@id":"https:\/\/vieassociative.be\/actualites\/lamerique-sous-trump-sur-le-chemin-de-lautocratie\/#primaryimage","url":"https:\/\/vieassociative.be\/actualites\/wp-content\/uploads\/2025\/02\/LAmerique-sous-Trump-sur-le-chemin-de-lautocratie.png","contentUrl":"https:\/\/vieassociative.be\/actualites\/wp-content\/uploads\/2025\/02\/LAmerique-sous-Trump-sur-le-chemin-de-lautocratie.png","width":1280,"height":681,"caption":"L'Am\u00e9rique sous Trump sur le chemin de l'autocratie?"},{"@type":"BreadcrumbList","@id":"https:\/\/vieassociative.be\/actualites\/lamerique-sous-trump-sur-le-chemin-de-lautocratie\/#breadcrumb","itemListElement":[{"@type":"ListItem","position":1,"name":"Accueil","item":"https:\/\/vieassociative.be\/actualites\/"},{"@type":"ListItem","position":2,"name":"L&rsquo;Am\u00e9rique sous Trump sur le chemin de l&rsquo;autocratie?"}]},{"@type":"WebSite","@id":"https:\/\/vieassociative.be\/actualites\/#website","url":"https:\/\/vieassociative.be\/actualites\/","name":"Vie Associative","description":"","publisher":{"@id":"https:\/\/vieassociative.be\/actualites\/#organization"},"potentialAction":[{"@type":"SearchAction","target":{"@type":"EntryPoint","urlTemplate":"https:\/\/vieassociative.be\/actualites\/?s={search_term_string}"},"query-input":{"@type":"PropertyValueSpecification","valueRequired":true,"valueName":"search_term_string"}}],"inLanguage":"fr-BE"},{"@type":"Organization","@id":"https:\/\/vieassociative.be\/actualites\/#organization","name":"Vie Associative","url":"https:\/\/vieassociative.be\/actualites\/","logo":{"@type":"ImageObject","inLanguage":"fr-BE","@id":"https:\/\/vieassociative.be\/actualites\/#\/schema\/logo\/image\/","url":"https:\/\/vieassociative.be\/actualites\/wp-content\/uploads\/2024\/09\/cropped-vieassociative_favicon.ico.png","contentUrl":"https:\/\/vieassociative.be\/actualites\/wp-content\/uploads\/2024\/09\/cropped-vieassociative_favicon.ico.png","width":512,"height":512,"caption":"Vie Associative"},"image":{"@id":"https:\/\/vieassociative.be\/actualites\/#\/schema\/logo\/image\/"}},{"@type":"Person","@id":"https:\/\/vieassociative.be\/actualites\/#\/schema\/person\/b87ac4f82f9d4e7b7cec7395b679edc4","name":"Julien","image":{"@type":"ImageObject","inLanguage":"fr-BE","@id":"https:\/\/vieassociative.be\/actualites\/#\/schema\/person\/image\/","url":"https:\/\/vieassociative.be\/actualites\/wp-content\/uploads\/2024\/09\/vie-associative-1-150x150.jpg","contentUrl":"https:\/\/vieassociative.be\/actualites\/wp-content\/uploads\/2024\/09\/vie-associative-1-150x150.jpg","caption":"Julien"},"description":"Je suis Julien, r\u00e9dacteur pour Vie Associative. Passionn\u00e9 par le monde associatif depuis plus de 10 ans, j'ai \u00e0 c\u0153ur de partager des histoires inspirantes et de mettre en lumi\u00e8re les initiatives locales. Mon objectif est de sensibiliser et d'encourager l'engagement communautaire \u00e0 travers mes articles.","sameAs":["https:\/\/vieassociative.be\/"]}]}},"_links":{"self":[{"href":"https:\/\/vieassociative.be\/actualites\/wp-json\/wp\/v2\/posts\/5294"}],"collection":[{"href":"https:\/\/vieassociative.be\/actualites\/wp-json\/wp\/v2\/posts"}],"about":[{"href":"https:\/\/vieassociative.be\/actualites\/wp-json\/wp\/v2\/types\/post"}],"author":[{"embeddable":true,"href":"https:\/\/vieassociative.be\/actualites\/wp-json\/wp\/v2\/users\/1"}],"replies":[{"embeddable":true,"href":"https:\/\/vieassociative.be\/actualites\/wp-json\/wp\/v2\/comments?post=5294"}],"version-history":[{"count":0,"href":"https:\/\/vieassociative.be\/actualites\/wp-json\/wp\/v2\/posts\/5294\/revisions"}],"wp:featuredmedia":[{"embeddable":true,"href":"https:\/\/vieassociative.be\/actualites\/wp-json\/wp\/v2\/media\/5295"}],"wp:attachment":[{"href":"https:\/\/vieassociative.be\/actualites\/wp-json\/wp\/v2\/media?parent=5294"}],"wp:term":[{"taxonomy":"category","embeddable":true,"href":"https:\/\/vieassociative.be\/actualites\/wp-json\/wp\/v2\/categories?post=5294"},{"taxonomy":"post_tag","embeddable":true,"href":"https:\/\/vieassociative.be\/actualites\/wp-json\/wp\/v2\/tags?post=5294"}],"curies":[{"name":"wp","href":"https:\/\/api.w.org\/{rel}","templated":true}]}}