{"id":5285,"date":"2025-02-21T08:17:11","date_gmt":"2025-02-21T07:17:11","guid":{"rendered":"https:\/\/vieassociative.be\/actualites\/quoi-de-neuf-sur-paramount-avec-showtime-en-mars-2025\/"},"modified":"2025-02-21T08:17:11","modified_gmt":"2025-02-21T07:17:11","slug":"quoi-de-neuf-sur-paramount-avec-showtime-en-mars-2025","status":"publish","type":"post","link":"https:\/\/vieassociative.be\/actualites\/quoi-de-neuf-sur-paramount-avec-showtime-en-mars-2025\/","title":{"rendered":"Quoi de neuf sur Paramount + avec Showtime en mars 2025"},"content":{"rendered":"<div class=\"mt-4 leading-6 md:mb-8\">Drame criminel \u00ab\u00a0Happy Face\u00a0\u00bb et contenu musical de Ringo Starr et Tom Petty.<\/div>\n<p><\/p>\n<p>L&rsquo;ardoise March de Paramount + est ancr\u00e9e par une nouvelle s\u00e9rie de crimes originaux <em>Visage heureux<\/em> (20 mars), qui raconte la vraie histoire de Keith Jesperson, un tueur en s\u00e9rie connu sous le nom de Happy Face. Le drame met en vedette Dennis Quaid en tant que Jesperson et Annaleigh Ashford comme sa fille, qui a d\u00e9couvert son identit\u00e9 \u00e0 l&rsquo;\u00e2ge de 15 ans et doit d\u00e9cider si elle veut une relation avec lui apr\u00e8s des d\u00e9cennies sans contact. <\/p>\n<div class=\"mx-auto mt-8 w-full max-w-4xl\">\n<div id=\"video-container-NMT5cTdNAiY\"><\/div>\n<\/div>\n<p>\u00c9galement dans le vrai crime est une documentation en trois parties <em>Sin City Gigolo: un meurtre \u00e0 Las Vegas<\/em> (4 mars) sur l&rsquo;enqu\u00eate criminelle sur une ancienne star de la t\u00e9l\u00e9-r\u00e9alit\u00e9 arr\u00eat\u00e9e en 2020 pour meurtre. <\/p>\n<p>March apporte une poign\u00e9e de fonctionnalit\u00e9s musicales \u00e0 Paramount +, y compris une version remasteris\u00e9e du film des ann\u00e9es 80 <em>Tom Petty: Heartbreakers Beach Party \u00e9tendu<\/em> (11 mars), qui a fait ses d\u00e9buts \u00e0 l&rsquo;origine sur MTV, ainsi que le sp\u00e9cial enregistr\u00e9 de deux heures <em>Ringo &#038; Friends at the Ryman<\/em> (10 mars) Mettre en vedette des performances de Ringo Starr et des invit\u00e9s allant de Sheryl Crow \u00e0 Emmylou Harris. <\/p>\n<p>Voici tout ce qui arrive au service en f\u00e9vrier. Notez que les titres avec un ast\u00e9risque sont exclusifs \u00e0 Paramount + avec Showtime; Tout le reste est \u00e9galement disponible pour les abonn\u00e9s sur le plan financ\u00e9 par la publicit\u00e9. Ceux qui ont deux ast\u00e9risques sont disponibles pour Paramount + avec des utilisateurs Showtime diffusant en direct sur CBS et \u00e0 tous les abonn\u00e9s le lendemain.<\/p>\n<h2 id=\"paramount-originals-and-premieres-coming-in-march-2025\">Paramount + originaux et premi\u00e8res \u00e0 venir en mars 2025<\/h2>\n<h3>Disponible le 1er mars<\/h3>\n<ul>\n<li>\n<p><em>\u00c9trange ch\u00e9rie *<\/em><\/p>\n<\/li>\n<\/ul>\n<h3>Disponible le 3 mars<\/h3>\n<ul>\n<li>\n<p><em>Rumeurs *<\/em><\/p>\n<\/li>\n<\/ul>\n<h3>Disponible le 4 mars<\/h3>\n<ul>\n<li>\n<p><em>Sin City Gigolo: un meurtre \u00e0 Las Vegas<\/em>Premiere<\/p>\n<\/li>\n<\/ul>\n<h3>Disponible le 10 mars<\/h3>\n<ul>\n<li>\n<p><em>Ringo &#038; Friends at the Ryman<\/em>,** sp\u00e9cial <\/p>\n<\/li>\n<\/ul>\n<h3>Disponible le 11 mars<\/h3>\n<ul>\n<li>\n<p><em>Tom Petty: Heartbreakers Beach Party \u00e9tendu<\/em>Premiere <\/p>\n<\/li>\n<\/ul>\n<h3>Disponible le 20 mars<\/h3>\n<ul>\n<li>\n<p><em>Visage heureux<\/em>Premiere de la s\u00e9rie<\/p>\n<\/li>\n<\/ul>\n<h2 id=\"tv-shows-coming-to-paramount-in-march-2025\">\u00c9missions de t\u00e9l\u00e9vision \u00e0 paramount + en mars 2025<\/h2>\n<h3>Disponible le 5 mars<\/h3>\n<ul>\n<li>\n<p><em>La course incroyable <\/em>(Premi\u00e8re de la saison 37) **<\/p>\n<\/li>\n<li>\n<p><em>Les parents assez \u00e9tranges: Abra-Catastrophe Special <\/em><\/p>\n<\/li>\n<li>\n<p><em>La vie surr\u00e9aliste <\/em>(Saison 2) <\/p>\n<\/li>\n<\/ul>\n<h3>Disponible le 12 mars<\/h3>\n<ul>\n<li>\n<p><em>Catastrophes a\u00e9riennes<\/em> (Saison 20)<\/p>\n<\/li>\n<li>\n<p><em>Les parents assez \u00e9tranges: un nouveau souhait <\/em>(Saison 1)  <\/p>\n<\/li>\n<\/ul>\n<h3>Disponible le 19 mars<\/h3>\n<ul>\n<li>\n<p><em>Teen Mom: Le chapitre suivant <\/em>(Saison 2) <\/p>\n<\/li>\n<\/ul>\n<h3>Disponible le 26 mars<\/h3>\n<ul>\n<li>\n<p><em>\u00c9pouses de basket-ball<\/em> (Saison 11) <\/p>\n<\/li>\n<\/ul>\n<h2 id=\"movies-coming-to-paramount-in-march-2025\">Films \u00e0 venir \u00e0 Paramount + en mars 2025<\/h2>\n<h3>Disponible le 1er mars<\/h3>\n<ul>\n<li>\n<p><em>Une ligue \u00e0 part<\/em><\/p>\n<\/li>\n<li>\n<p><em>Annihilation <\/em><\/p>\n<\/li>\n<li>\n<p><em>Devenir Jane<\/em><\/p>\n<\/li>\n<li>\n<p><em>Coup de c\u0153ur bleu<\/em><\/p>\n<\/li>\n<li>\n<p><em>Gar\u00e7ons sur le c\u00f4t\u00e9 <\/em><\/p>\n<\/li>\n<li>\n<p><em>Atlas cloud<\/em><\/p>\n<\/li>\n<li>\n<p><em>Continuer <\/em><\/p>\n<\/li>\n<li>\n<p><em>Crawl<\/em><\/p>\n<\/li>\n<li>\n<p><em>Dune (1984)<\/em><\/p>\n<\/li>\n<li>\n<p><em>Edge de demain <\/em><\/p>\n<\/li>\n<li>\n<p><em>Elizabethtown<\/em><\/p>\n<\/li>\n<li>\n<p><em>Ex Machina <\/em><\/p>\n<\/li>\n<li>\n<p><em>Visage \/ off<\/em><\/p>\n<\/li>\n<li>\n<p><em>\u00c9chec du lancement<\/em><\/p>\n<\/li>\n<li>\n<p><em>Foxcatcher<\/em><\/p>\n<\/li>\n<li>\n<p><em>Fox<\/em><\/p>\n<\/li>\n<li>\n<p><em>Rivi\u00e8re surgel\u00e9e<\/em><\/p>\n<\/li>\n<li>\n<p><em>Bonne volont\u00e9 de chasse<\/em><\/p>\n<\/li>\n<li>\n<p><em>Nuits de Harlem<\/em><\/p>\n<\/li>\n<li>\n<p><em>Inglourious Basterds *<\/em><\/p>\n<\/li>\n<li>\n<p><em>Julie et Julia<\/em><\/p>\n<\/li>\n<li>\n<p><em>Jungleland<\/em><\/p>\n<\/li>\n<li>\n<p><em>Lara Croft Tomb Raider: Le berceau de la vie <\/em><\/p>\n<\/li>\n<li>\n<p><em>Lara Croft: Tomb Raider<\/em><\/p>\n<\/li>\n<li>\n<p><em>Amour, Rosie <\/em><\/p>\n<\/li>\n<li>\n<p><em>Marie Antoinette<\/em><\/p>\n<\/li>\n<li>\n<p><em>\u00c9cole interm\u00e9diaire: les pires ann\u00e9es de ma vie * <\/em><\/p>\n<\/li>\n<li>\n<p><em>B\u00e9b\u00e9 d&rsquo;un million de dollars<\/em><\/p>\n<\/li>\n<li>\n<p><em>Maternit\u00e9*<\/em><\/p>\n<\/li>\n<li>\n<p><em>Mulholland Drive<\/em><\/p>\n<\/li>\n<li>\n<p><em>Seulement le courageux<\/em><\/p>\n<\/li>\n<li>\n<p><em>Labyrinthe de Pan<\/em><\/p>\n<\/li>\n<li>\n<p><em>Magie pratique<\/em><\/p>\n<\/li>\n<li>\n<p><em>Pulp Fiction<\/em><\/p>\n<\/li>\n<li>\n<p><em>Course de rats<\/em><\/p>\n<\/li>\n<li>\n<p><em>Chambre<\/em><\/p>\n<\/li>\n<li>\n<p><em>Courir toute la nuit<\/em><\/p>\n<\/li>\n<li>\n<p><em>Recherche de Bobby Fischer<\/em><\/p>\n<\/li>\n<li>\n<p><em>Serpico <\/em><\/p>\n<\/li>\n<li>\n<p><em>\u00cele d&rsquo;obturation <\/em><\/p>\n<\/li>\n<li>\n<p><em>Sicario: Jour du Soldado <\/em><\/p>\n<\/li>\n<li>\n<p><em>Creux endormi<\/em><\/p>\n<\/li>\n<li>\n<p><em>\u0152il de vip\u00e8re<\/em><\/p>\n<\/li>\n<li>\n<p><em>Vieux coquin<\/em><\/p>\n<\/li>\n<li>\n<p><em>Rester en vie<\/em><\/p>\n<\/li>\n<li>\n<p><em>Sucre et \u00e9pices <\/em><\/p>\n<\/li>\n<li>\n<p><em>L&rsquo;abandon<\/em><\/p>\n<\/li>\n<li>\n<p><em>Le cinqui\u00e8me domaine * <\/em><\/p>\n<\/li>\n<li>\n<p><em>Les glorias<\/em><\/p>\n<\/li>\n<li>\n<p><em>The Heartbreak Kid (2007)<\/em><\/p>\n<\/li>\n<li>\n<p><em>Le casier bless\u00e9<\/em><\/p>\n<\/li>\n<li>\n<p><em>Les ides de mars<\/em><\/p>\n<\/li>\n<li>\n<p><em>Le Kite Runner<\/em><\/p>\n<\/li>\n<li>\n<p><em>Le lodge *<\/em><\/p>\n<\/li>\n<li>\n<p><em>Le machiniste<\/em><\/p>\n<\/li>\n<li>\n<p><em>Le candidat manchourien<\/em><\/p>\n<\/li>\n<li>\n<p><em>L&rsquo;autre fille Boleyn<\/em><\/p>\n<\/li>\n<li>\n<p><em>Les reines de la com\u00e9die<\/em><\/p>\n<\/li>\n<li>\n<p><em>La somme de toutes les peurs<\/em><\/p>\n<\/li>\n<li>\n<p><em>Le terminal<\/em><\/p>\n<\/li>\n<li>\n<p><em>Les suicides vierges<\/em><\/p>\n<\/li>\n<li>\n<p><em>Les guerriers<\/em><\/p>\n<\/li>\n<li>\n<p><em>La voie du dragon<\/em><\/p>\n<\/li>\n<li>\n<p><em>Le week-end<\/em><\/p>\n<\/li>\n<li>\n<p><em>Les femmes<\/em><\/p>\n<\/li>\n<li>\n<p><em>Il y aura du sang<\/em><\/p>\n<\/li>\n<li>\n<p><em>Trace de justice<\/em><\/p>\n<\/li>\n<li>\n<p><em>Dans l&rsquo;air<\/em><\/p>\n<\/li>\n<li>\n<p><em>Le monde de Wayne<\/em><\/p>\n<\/li>\n<li>\n<p><em>Wayne&rsquo;s World 2 <\/em><\/p>\n<\/li>\n<li>\n<p><em>T\u00e9moin<\/em><\/p>\n<\/li>\n<\/ul>\n<h3>Disponible le 3 mars<\/h3>\n<ul>\n<li>\n<p><em>La maison avec une horloge dans ses murs * <\/em><\/p>\n<\/li>\n<\/ul>\n<h3>Disponible le 8 mars<\/h3>\n<ul>\n<li>\n<p><em>Babylone<\/em><\/p>\n<\/li>\n<li>\n<p><em>Inde Sweets and Spices *<\/em><\/p>\n<\/li>\n<\/ul>\n<h3>Disponible le 16 mars<\/h3>\n<ul>\n<li>\n<p><em>Pont d&rsquo;espions *<\/em><\/p>\n<\/li>\n<\/ul>\n<h3>Disponible le 18 mars<\/h3>\n<ul>\n<li>\n<p><em>La derni\u00e8re chasse \u00e0 l&rsquo;homme *<\/em><\/p>\n<\/li>\n<\/ul>\n<h3>Disponible le 21 mars<\/h3>\n<ul>\n<li>\n<p><em>La f\u00eate de chasse *<\/em><\/p>\n<\/li>\n<\/ul>\n<h3>Disponible le 23 mars<\/h3>\n<ul>\n<li>\n<p><em>Le monde libre * <\/em><\/p>\n<\/li>\n<\/ul>\n<h3>Disponible le 26 mars<\/h3>\n<ul>\n<li>\n<p><em>Masse*<\/em><\/p>\n<\/li>\n<\/ul>\n<h3>Disponible le 31 mars<\/h3>\n<ul>\n<li>\n<p><em>American Psycho *<\/em><\/p>\n<\/li>\n<li>\n<p><em>American Psycho II: All American Girl * <\/em><\/p>\n<\/li>\n<\/ul>\n","protected":false},"excerpt":{"rendered":"<p>Drame criminel \u00ab\u00a0Happy Face\u00a0\u00bb et contenu musical de Ringo Starr et Tom Petty. L&rsquo;ardoise March de Paramount + est ancr\u00e9e par une nouvelle s\u00e9rie de<\/p>\n","protected":false},"author":1,"featured_media":5286,"comment_status":"","ping_status":"","sticky":false,"template":"","format":"standard","meta":{"footnotes":""},"categories":[36],"tags":[61,3221,437,2665,202,2666,33],"class_list":["post-5285","post","type-post","status-publish","format-standard","has-post-thumbnail","hentry","category-divertissement","tag-avec","tag-mars","tag-neuf","tag-paramount","tag-quoi","tag-showtime","tag-sur","generate-columns","tablet-grid-50","mobile-grid-100","grid-parent","grid-33"],"yoast_head":"<!-- This site is optimized with the Yoast SEO plugin v24.0 - https:\/\/yoast.com\/wordpress\/plugins\/seo\/ -->\n<title>Quoi de neuf sur Paramount + avec Showtime en mars 2025 | Vie Associative<\/title>\n<meta name=\"robots\" content=\"index, follow, max-snippet:-1, max-image-preview:large, max-video-preview:-1\" \/>\n<link rel=\"canonical\" href=\"https:\/\/vieassociative.be\/actualites\/quoi-de-neuf-sur-paramount-avec-showtime-en-mars-2025\/\" \/>\n<meta property=\"og:locale\" content=\"fr_FR\" \/>\n<meta property=\"og:type\" content=\"article\" \/>\n<meta property=\"og:title\" content=\"Quoi de neuf sur Paramount + avec Showtime en mars 2025 | Vie Associative\" \/>\n<meta property=\"og:description\" content=\"Drame criminel \u00ab\u00a0Happy Face\u00a0\u00bb et contenu musical de Ringo Starr et Tom Petty. L&rsquo;ardoise March de Paramount + est ancr\u00e9e par une nouvelle s\u00e9rie de\" \/>\n<meta property=\"og:url\" content=\"https:\/\/vieassociative.be\/actualites\/quoi-de-neuf-sur-paramount-avec-showtime-en-mars-2025\/\" \/>\n<meta property=\"og:site_name\" content=\"Vie Associative\" \/>\n<meta property=\"article:published_time\" content=\"2025-02-21T07:17:11+00:00\" \/>\n<meta property=\"og:image\" content=\"https:\/\/vieassociative.be\/actualites\/wp-content\/uploads\/2024\/09\/header_backgroundk-01-e1726694325946.png\" \/>\n\t<meta property=\"og:image:width\" content=\"279\" \/>\n\t<meta property=\"og:image:height\" content=\"92\" \/>\n\t<meta property=\"og:image:type\" content=\"image\/png\" \/>\n<meta name=\"author\" content=\"Julien\" \/>\n<meta name=\"twitter:card\" content=\"summary_large_image\" \/>\n<meta name=\"twitter:label1\" content=\"\u00c9crit par\" \/>\n\t<meta name=\"twitter:data1\" content=\"Julien\" \/>\n\t<meta name=\"twitter:label2\" content=\"Dur\u00e9e de lecture est.\" \/>\n\t<meta name=\"twitter:data2\" content=\"3 minutes\" \/>\n<script type=\"application\/ld+json\" class=\"yoast-schema-graph\">{\"@context\":\"https:\/\/schema.org\",\"@graph\":[{\"@type\":\"Article\",\"@id\":\"https:\/\/vieassociative.be\/actualites\/quoi-de-neuf-sur-paramount-avec-showtime-en-mars-2025\/#article\",\"isPartOf\":{\"@id\":\"https:\/\/vieassociative.be\/actualites\/quoi-de-neuf-sur-paramount-avec-showtime-en-mars-2025\/\"},\"author\":{\"name\":\"Julien\",\"@id\":\"https:\/\/vieassociative.be\/actualites\/#\/schema\/person\/b87ac4f82f9d4e7b7cec7395b679edc4\"},\"headline\":\"Quoi de neuf sur Paramount + avec Showtime en mars 2025\",\"datePublished\":\"2025-02-21T07:17:11+00:00\",\"dateModified\":\"2025-02-21T07:17:11+00:00\",\"mainEntityOfPage\":{\"@id\":\"https:\/\/vieassociative.be\/actualites\/quoi-de-neuf-sur-paramount-avec-showtime-en-mars-2025\/\"},\"wordCount\":685,\"publisher\":{\"@id\":\"https:\/\/vieassociative.be\/actualites\/#organization\"},\"image\":{\"@id\":\"https:\/\/vieassociative.be\/actualites\/quoi-de-neuf-sur-paramount-avec-showtime-en-mars-2025\/#primaryimage\"},\"thumbnailUrl\":\"https:\/\/vieassociative.be\/actualites\/wp-content\/uploads\/2025\/02\/Quoi-de-neuf-sur-Paramount-avec-Showtime-en-mars.jpg\",\"keywords\":[\"avec\",\"mars\",\"Neuf\",\"Paramount\",\"quoi\",\"Showtime\",\"sur\"],\"articleSection\":[\"Divertissement\"],\"inLanguage\":\"fr-BE\"},{\"@type\":\"WebPage\",\"@id\":\"https:\/\/vieassociative.be\/actualites\/quoi-de-neuf-sur-paramount-avec-showtime-en-mars-2025\/\",\"url\":\"https:\/\/vieassociative.be\/actualites\/quoi-de-neuf-sur-paramount-avec-showtime-en-mars-2025\/\",\"name\":\"Quoi de neuf sur Paramount + avec Showtime en mars 2025 | Vie Associative\",\"isPartOf\":{\"@id\":\"https:\/\/vieassociative.be\/actualites\/#website\"},\"primaryImageOfPage\":{\"@id\":\"https:\/\/vieassociative.be\/actualites\/quoi-de-neuf-sur-paramount-avec-showtime-en-mars-2025\/#primaryimage\"},\"image\":{\"@id\":\"https:\/\/vieassociative.be\/actualites\/quoi-de-neuf-sur-paramount-avec-showtime-en-mars-2025\/#primaryimage\"},\"thumbnailUrl\":\"https:\/\/vieassociative.be\/actualites\/wp-content\/uploads\/2025\/02\/Quoi-de-neuf-sur-Paramount-avec-Showtime-en-mars.jpg\",\"datePublished\":\"2025-02-21T07:17:11+00:00\",\"dateModified\":\"2025-02-21T07:17:11+00:00\",\"breadcrumb\":{\"@id\":\"https:\/\/vieassociative.be\/actualites\/quoi-de-neuf-sur-paramount-avec-showtime-en-mars-2025\/#breadcrumb\"},\"inLanguage\":\"fr-BE\",\"potentialAction\":[{\"@type\":\"ReadAction\",\"target\":[\"https:\/\/vieassociative.be\/actualites\/quoi-de-neuf-sur-paramount-avec-showtime-en-mars-2025\/\"]}]},{\"@type\":\"ImageObject\",\"inLanguage\":\"fr-BE\",\"@id\":\"https:\/\/vieassociative.be\/actualites\/quoi-de-neuf-sur-paramount-avec-showtime-en-mars-2025\/#primaryimage\",\"url\":\"https:\/\/vieassociative.be\/actualites\/wp-content\/uploads\/2025\/02\/Quoi-de-neuf-sur-Paramount-avec-Showtime-en-mars.jpg\",\"contentUrl\":\"https:\/\/vieassociative.be\/actualites\/wp-content\/uploads\/2025\/02\/Quoi-de-neuf-sur-Paramount-avec-Showtime-en-mars.jpg\",\"width\":1200,\"height\":675,\"caption\":\"Quoi de neuf sur Paramount + avec Showtime en mars 2025\"},{\"@type\":\"BreadcrumbList\",\"@id\":\"https:\/\/vieassociative.be\/actualites\/quoi-de-neuf-sur-paramount-avec-showtime-en-mars-2025\/#breadcrumb\",\"itemListElement\":[{\"@type\":\"ListItem\",\"position\":1,\"name\":\"Accueil\",\"item\":\"https:\/\/vieassociative.be\/actualites\/\"},{\"@type\":\"ListItem\",\"position\":2,\"name\":\"Quoi de neuf sur Paramount + avec Showtime en mars 2025\"}]},{\"@type\":\"WebSite\",\"@id\":\"https:\/\/vieassociative.be\/actualites\/#website\",\"url\":\"https:\/\/vieassociative.be\/actualites\/\",\"name\":\"Vie Associative\",\"description\":\"\",\"publisher\":{\"@id\":\"https:\/\/vieassociative.be\/actualites\/#organization\"},\"potentialAction\":[{\"@type\":\"SearchAction\",\"target\":{\"@type\":\"EntryPoint\",\"urlTemplate\":\"https:\/\/vieassociative.be\/actualites\/?s={search_term_string}\"},\"query-input\":{\"@type\":\"PropertyValueSpecification\",\"valueRequired\":true,\"valueName\":\"search_term_string\"}}],\"inLanguage\":\"fr-BE\"},{\"@type\":\"Organization\",\"@id\":\"https:\/\/vieassociative.be\/actualites\/#organization\",\"name\":\"Vie Associative\",\"url\":\"https:\/\/vieassociative.be\/actualites\/\",\"logo\":{\"@type\":\"ImageObject\",\"inLanguage\":\"fr-BE\",\"@id\":\"https:\/\/vieassociative.be\/actualites\/#\/schema\/logo\/image\/\",\"url\":\"https:\/\/vieassociative.be\/actualites\/wp-content\/uploads\/2024\/09\/cropped-vieassociative_favicon.ico.png\",\"contentUrl\":\"https:\/\/vieassociative.be\/actualites\/wp-content\/uploads\/2024\/09\/cropped-vieassociative_favicon.ico.png\",\"width\":512,\"height\":512,\"caption\":\"Vie Associative\"},\"image\":{\"@id\":\"https:\/\/vieassociative.be\/actualites\/#\/schema\/logo\/image\/\"}},{\"@type\":\"Person\",\"@id\":\"https:\/\/vieassociative.be\/actualites\/#\/schema\/person\/b87ac4f82f9d4e7b7cec7395b679edc4\",\"name\":\"Julien\",\"image\":{\"@type\":\"ImageObject\",\"inLanguage\":\"fr-BE\",\"@id\":\"https:\/\/vieassociative.be\/actualites\/#\/schema\/person\/image\/\",\"url\":\"https:\/\/vieassociative.be\/actualites\/wp-content\/uploads\/2024\/09\/vie-associative-1-150x150.jpg\",\"contentUrl\":\"https:\/\/vieassociative.be\/actualites\/wp-content\/uploads\/2024\/09\/vie-associative-1-150x150.jpg\",\"caption\":\"Julien\"},\"description\":\"Je suis Julien, r\u00e9dacteur pour Vie Associative. Passionn\u00e9 par le monde associatif depuis plus de 10 ans, j'ai \u00e0 c\u0153ur de partager des histoires inspirantes et de mettre en lumi\u00e8re les initiatives locales. Mon objectif est de sensibiliser et d'encourager l'engagement communautaire \u00e0 travers mes articles.\",\"sameAs\":[\"https:\/\/vieassociative.be\/\"]}]}<\/script>\n<!-- \/ Yoast SEO plugin. -->","yoast_head_json":{"title":"Quoi de neuf sur Paramount + avec Showtime en mars 2025 | Vie Associative","robots":{"index":"index","follow":"follow","max-snippet":"max-snippet:-1","max-image-preview":"max-image-preview:large","max-video-preview":"max-video-preview:-1"},"canonical":"https:\/\/vieassociative.be\/actualites\/quoi-de-neuf-sur-paramount-avec-showtime-en-mars-2025\/","og_locale":"fr_FR","og_type":"article","og_title":"Quoi de neuf sur Paramount + avec Showtime en mars 2025 | Vie Associative","og_description":"Drame criminel \u00ab\u00a0Happy Face\u00a0\u00bb et contenu musical de Ringo Starr et Tom Petty. L&rsquo;ardoise March de Paramount + est ancr\u00e9e par une nouvelle s\u00e9rie de","og_url":"https:\/\/vieassociative.be\/actualites\/quoi-de-neuf-sur-paramount-avec-showtime-en-mars-2025\/","og_site_name":"Vie Associative","article_published_time":"2025-02-21T07:17:11+00:00","og_image":[{"width":279,"height":92,"url":"https:\/\/vieassociative.be\/actualites\/wp-content\/uploads\/2024\/09\/header_backgroundk-01-e1726694325946.png","type":"image\/png"}],"author":"Julien","twitter_card":"summary_large_image","twitter_misc":{"\u00c9crit par":"Julien","Dur\u00e9e de lecture est.":"3 minutes"},"schema":{"@context":"https:\/\/schema.org","@graph":[{"@type":"Article","@id":"https:\/\/vieassociative.be\/actualites\/quoi-de-neuf-sur-paramount-avec-showtime-en-mars-2025\/#article","isPartOf":{"@id":"https:\/\/vieassociative.be\/actualites\/quoi-de-neuf-sur-paramount-avec-showtime-en-mars-2025\/"},"author":{"name":"Julien","@id":"https:\/\/vieassociative.be\/actualites\/#\/schema\/person\/b87ac4f82f9d4e7b7cec7395b679edc4"},"headline":"Quoi de neuf sur Paramount + avec Showtime en mars 2025","datePublished":"2025-02-21T07:17:11+00:00","dateModified":"2025-02-21T07:17:11+00:00","mainEntityOfPage":{"@id":"https:\/\/vieassociative.be\/actualites\/quoi-de-neuf-sur-paramount-avec-showtime-en-mars-2025\/"},"wordCount":685,"publisher":{"@id":"https:\/\/vieassociative.be\/actualites\/#organization"},"image":{"@id":"https:\/\/vieassociative.be\/actualites\/quoi-de-neuf-sur-paramount-avec-showtime-en-mars-2025\/#primaryimage"},"thumbnailUrl":"https:\/\/vieassociative.be\/actualites\/wp-content\/uploads\/2025\/02\/Quoi-de-neuf-sur-Paramount-avec-Showtime-en-mars.jpg","keywords":["avec","mars","Neuf","Paramount","quoi","Showtime","sur"],"articleSection":["Divertissement"],"inLanguage":"fr-BE"},{"@type":"WebPage","@id":"https:\/\/vieassociative.be\/actualites\/quoi-de-neuf-sur-paramount-avec-showtime-en-mars-2025\/","url":"https:\/\/vieassociative.be\/actualites\/quoi-de-neuf-sur-paramount-avec-showtime-en-mars-2025\/","name":"Quoi de neuf sur Paramount + avec Showtime en mars 2025 | Vie Associative","isPartOf":{"@id":"https:\/\/vieassociative.be\/actualites\/#website"},"primaryImageOfPage":{"@id":"https:\/\/vieassociative.be\/actualites\/quoi-de-neuf-sur-paramount-avec-showtime-en-mars-2025\/#primaryimage"},"image":{"@id":"https:\/\/vieassociative.be\/actualites\/quoi-de-neuf-sur-paramount-avec-showtime-en-mars-2025\/#primaryimage"},"thumbnailUrl":"https:\/\/vieassociative.be\/actualites\/wp-content\/uploads\/2025\/02\/Quoi-de-neuf-sur-Paramount-avec-Showtime-en-mars.jpg","datePublished":"2025-02-21T07:17:11+00:00","dateModified":"2025-02-21T07:17:11+00:00","breadcrumb":{"@id":"https:\/\/vieassociative.be\/actualites\/quoi-de-neuf-sur-paramount-avec-showtime-en-mars-2025\/#breadcrumb"},"inLanguage":"fr-BE","potentialAction":[{"@type":"ReadAction","target":["https:\/\/vieassociative.be\/actualites\/quoi-de-neuf-sur-paramount-avec-showtime-en-mars-2025\/"]}]},{"@type":"ImageObject","inLanguage":"fr-BE","@id":"https:\/\/vieassociative.be\/actualites\/quoi-de-neuf-sur-paramount-avec-showtime-en-mars-2025\/#primaryimage","url":"https:\/\/vieassociative.be\/actualites\/wp-content\/uploads\/2025\/02\/Quoi-de-neuf-sur-Paramount-avec-Showtime-en-mars.jpg","contentUrl":"https:\/\/vieassociative.be\/actualites\/wp-content\/uploads\/2025\/02\/Quoi-de-neuf-sur-Paramount-avec-Showtime-en-mars.jpg","width":1200,"height":675,"caption":"Quoi de neuf sur Paramount + avec Showtime en mars 2025"},{"@type":"BreadcrumbList","@id":"https:\/\/vieassociative.be\/actualites\/quoi-de-neuf-sur-paramount-avec-showtime-en-mars-2025\/#breadcrumb","itemListElement":[{"@type":"ListItem","position":1,"name":"Accueil","item":"https:\/\/vieassociative.be\/actualites\/"},{"@type":"ListItem","position":2,"name":"Quoi de neuf sur Paramount + avec Showtime en mars 2025"}]},{"@type":"WebSite","@id":"https:\/\/vieassociative.be\/actualites\/#website","url":"https:\/\/vieassociative.be\/actualites\/","name":"Vie Associative","description":"","publisher":{"@id":"https:\/\/vieassociative.be\/actualites\/#organization"},"potentialAction":[{"@type":"SearchAction","target":{"@type":"EntryPoint","urlTemplate":"https:\/\/vieassociative.be\/actualites\/?s={search_term_string}"},"query-input":{"@type":"PropertyValueSpecification","valueRequired":true,"valueName":"search_term_string"}}],"inLanguage":"fr-BE"},{"@type":"Organization","@id":"https:\/\/vieassociative.be\/actualites\/#organization","name":"Vie Associative","url":"https:\/\/vieassociative.be\/actualites\/","logo":{"@type":"ImageObject","inLanguage":"fr-BE","@id":"https:\/\/vieassociative.be\/actualites\/#\/schema\/logo\/image\/","url":"https:\/\/vieassociative.be\/actualites\/wp-content\/uploads\/2024\/09\/cropped-vieassociative_favicon.ico.png","contentUrl":"https:\/\/vieassociative.be\/actualites\/wp-content\/uploads\/2024\/09\/cropped-vieassociative_favicon.ico.png","width":512,"height":512,"caption":"Vie Associative"},"image":{"@id":"https:\/\/vieassociative.be\/actualites\/#\/schema\/logo\/image\/"}},{"@type":"Person","@id":"https:\/\/vieassociative.be\/actualites\/#\/schema\/person\/b87ac4f82f9d4e7b7cec7395b679edc4","name":"Julien","image":{"@type":"ImageObject","inLanguage":"fr-BE","@id":"https:\/\/vieassociative.be\/actualites\/#\/schema\/person\/image\/","url":"https:\/\/vieassociative.be\/actualites\/wp-content\/uploads\/2024\/09\/vie-associative-1-150x150.jpg","contentUrl":"https:\/\/vieassociative.be\/actualites\/wp-content\/uploads\/2024\/09\/vie-associative-1-150x150.jpg","caption":"Julien"},"description":"Je suis Julien, r\u00e9dacteur pour Vie Associative. Passionn\u00e9 par le monde associatif depuis plus de 10 ans, j'ai \u00e0 c\u0153ur de partager des histoires inspirantes et de mettre en lumi\u00e8re les initiatives locales. Mon objectif est de sensibiliser et d'encourager l'engagement communautaire \u00e0 travers mes articles.","sameAs":["https:\/\/vieassociative.be\/"]}]}},"_links":{"self":[{"href":"https:\/\/vieassociative.be\/actualites\/wp-json\/wp\/v2\/posts\/5285"}],"collection":[{"href":"https:\/\/vieassociative.be\/actualites\/wp-json\/wp\/v2\/posts"}],"about":[{"href":"https:\/\/vieassociative.be\/actualites\/wp-json\/wp\/v2\/types\/post"}],"author":[{"embeddable":true,"href":"https:\/\/vieassociative.be\/actualites\/wp-json\/wp\/v2\/users\/1"}],"replies":[{"embeddable":true,"href":"https:\/\/vieassociative.be\/actualites\/wp-json\/wp\/v2\/comments?post=5285"}],"version-history":[{"count":0,"href":"https:\/\/vieassociative.be\/actualites\/wp-json\/wp\/v2\/posts\/5285\/revisions"}],"wp:featuredmedia":[{"embeddable":true,"href":"https:\/\/vieassociative.be\/actualites\/wp-json\/wp\/v2\/media\/5286"}],"wp:attachment":[{"href":"https:\/\/vieassociative.be\/actualites\/wp-json\/wp\/v2\/media?parent=5285"}],"wp:term":[{"taxonomy":"category","embeddable":true,"href":"https:\/\/vieassociative.be\/actualites\/wp-json\/wp\/v2\/categories?post=5285"},{"taxonomy":"post_tag","embeddable":true,"href":"https:\/\/vieassociative.be\/actualites\/wp-json\/wp\/v2\/tags?post=5285"}],"curies":[{"name":"wp","href":"https:\/\/api.w.org\/{rel}","templated":true}]}}