{"id":5280,"date":"2025-02-21T03:17:45","date_gmt":"2025-02-21T02:17:45","guid":{"rendered":"https:\/\/vieassociative.be\/actualites\/la-prochaine-campagne-de-retour-a-kv-kortrijk-selon-vanderhaeghe-storck-devrait-egalement-aller-pour-la-deuxieme-fois\/"},"modified":"2025-02-21T03:17:45","modified_gmt":"2025-02-21T02:17:45","slug":"la-prochaine-campagne-de-retour-a-kv-kortrijk-selon-vanderhaeghe-storck-devrait-egalement-aller-pour-la-deuxieme-fois","status":"publish","type":"post","link":"https:\/\/vieassociative.be\/actualites\/la-prochaine-campagne-de-retour-a-kv-kortrijk-selon-vanderhaeghe-storck-devrait-egalement-aller-pour-la-deuxieme-fois\/","title":{"rendered":"La prochaine campagne de retour \u00e0 KV Kortrijk: Selon Vanderhaeghe, Storck devrait \u00e9galement aller pour la deuxi\u00e8me fois"},"content":{"rendered":"<p><strong>Bien que la r\u00e9activation de Yves Vanderhaegh ait \u00e9t\u00e9 un \u00e9chec, le club de la premi\u00e8re division KV Kortrijk commence le prochain retour.<\/strong><\/p>\n<p><span id=\"more-408646\"><\/span>Bernd Storck est le 18e entra\u00eeneur en 9 ans. Dans le pass\u00e9, l&rsquo;allemand a \u00e9galement \u00e9t\u00e9 entra\u00eeneur des \u00ab\u00a0Kerels\u00a0\u00bb, en tant que joueurs de l&rsquo;appel KVK. Storck y a travaill\u00e9 lors de la saison 2022\/2023. \u00c0 ce moment-l\u00e0, il a repris le club lorsqu&rsquo;il a pris l&rsquo;avant-derni\u00e8re place de la Jupiler Pro League. \u00c0 la fin de la saison, la rel\u00e9gation a r\u00e9ussi.<\/p>\n<div id=\"attachment_329259\" class=\"wp-caption alignleft\" style=\"max-width: 300px\"><img fetchpriority=\"high\" decoding=\"async\" class=\"wp-image-329259 size-medium\" src=\"https:\/\/vieassociative.be\/actualites\/wp-content\/uploads\/2025\/02\/La-prochaine-campagne-de-retour-a-KV-Kortrijk-Selon-Vanderhaeghe.jpeg\" alt=\"\" width=\"300\" height=\"200\"><\/p>\n<p class=\"wp-caption-text\">En tant qu&rsquo;entra\u00eeneur Bernd Storck (R) en conversation avec l&rsquo;attaquant d&rsquo;Eupen, Konan Ignace N&rsquo;Dri (L). Photo: Belga<\/p>\n<\/div>\n<p>Storck re\u00e7oit un contrat \u00e0 Kortrijk jusqu&rsquo;\u00e0 la fin de cette saison. Il est le troisi\u00e8me entra\u00eeneur de la saison en cours. Yves Vanderhaeghe est venu le 18 d\u00e9cembre en tant que successeur de l&rsquo;Icelander Freyr Alexandersson. \u00c0 cette \u00e9poque, KVK \u00e9tait 14e avec 17 points \u00e0 partir de 18 matchs (\u00e0 partir de 16), avec 2 points de 24 rencontres, Vanderhaeghe a chut\u00e9 une autre place.<\/p>\n<p>Jusqu&rsquo;\u00e0 pr\u00e9sent, Kortrijk n&rsquo;a pas \u00e9t\u00e9 le seul poste d&rsquo;entra\u00eeneurs en Belgique. Il \u00e9tait \u00e9galement entra\u00eeneur d&rsquo;Excel Mouscron, Cercle Bruges, KRC Genk et As Eupen. Ce dimanche, Storck est en mesure de faire ses d\u00e9buts contre son ex-club Cercle en tant que nouvel entra\u00eeneur de Kortrijk.<\/p>\n<p>\u00c0 partir de d\u00e9cembre 2023, l&rsquo;ancien entra\u00eeneur de 62 ans de l&rsquo;\u00e9quipe nationale hongroise, avec laquelle il a atteint la finale de 16 au Championnat d&rsquo;Europe 2016 en France, \u00e9tait sous contrat avec SEPSI OSK en Roumanie, o\u00f9 il a \u00e9t\u00e9 lib\u00e9r\u00e9 en septembre 2024 . (Cre)<\/p>\n","protected":false},"excerpt":{"rendered":"<p>Bien que la r\u00e9activation de Yves Vanderhaegh ait \u00e9t\u00e9 un \u00e9chec, le club de la premi\u00e8re division KV Kortrijk commence le prochain retour. Bernd Storck<\/p>\n","protected":false},"author":1,"featured_media":5281,"comment_status":"","ping_status":"","sticky":false,"template":"","format":"standard","meta":{"footnotes":""},"categories":[298],"tags":[5436,3311,2525,238,172,774,5433,81,773,787,507,5435,5434],"class_list":["post-5280","post","type-post","status-publish","format-standard","has-post-thumbnail","hentry","category-belgique","tag-aller","tag-campagne","tag-deuxieme","tag-devrait","tag-egalement","tag-fois","tag-kortrijk","tag-pour","tag-prochaine","tag-retour","tag-selon","tag-storck","tag-vanderhaeghe","generate-columns","tablet-grid-50","mobile-grid-100","grid-parent","grid-33"],"yoast_head":"<!-- This site is optimized with the Yoast SEO plugin v24.0 - https:\/\/yoast.com\/wordpress\/plugins\/seo\/ -->\n<title>La prochaine campagne de retour \u00e0 KV Kortrijk: Selon Vanderhaeghe, Storck devrait \u00e9galement aller pour la deuxi\u00e8me fois | Vie Associative<\/title>\n<meta name=\"robots\" content=\"index, follow, max-snippet:-1, max-image-preview:large, max-video-preview:-1\" \/>\n<link rel=\"canonical\" href=\"https:\/\/vieassociative.be\/actualites\/la-prochaine-campagne-de-retour-a-kv-kortrijk-selon-vanderhaeghe-storck-devrait-egalement-aller-pour-la-deuxieme-fois\/\" \/>\n<meta property=\"og:locale\" content=\"fr_FR\" \/>\n<meta property=\"og:type\" content=\"article\" \/>\n<meta property=\"og:title\" content=\"La prochaine campagne de retour \u00e0 KV Kortrijk: Selon Vanderhaeghe, Storck devrait \u00e9galement aller pour la deuxi\u00e8me fois | Vie Associative\" \/>\n<meta property=\"og:description\" content=\"Bien que la r\u00e9activation de Yves Vanderhaegh ait \u00e9t\u00e9 un \u00e9chec, le club de la premi\u00e8re division KV Kortrijk commence le prochain retour. Bernd Storck\" \/>\n<meta property=\"og:url\" content=\"https:\/\/vieassociative.be\/actualites\/la-prochaine-campagne-de-retour-a-kv-kortrijk-selon-vanderhaeghe-storck-devrait-egalement-aller-pour-la-deuxieme-fois\/\" \/>\n<meta property=\"og:site_name\" content=\"Vie Associative\" \/>\n<meta property=\"article:published_time\" content=\"2025-02-21T02:17:45+00:00\" \/>\n<meta property=\"og:image\" content=\"https:\/\/vieassociative.be\/actualites\/wp-content\/uploads\/2024\/09\/header_backgroundk-01-e1726694325946.png\" \/>\n\t<meta property=\"og:image:width\" content=\"279\" \/>\n\t<meta property=\"og:image:height\" content=\"92\" \/>\n\t<meta property=\"og:image:type\" content=\"image\/png\" \/>\n<meta name=\"author\" content=\"Julien\" \/>\n<meta name=\"twitter:card\" content=\"summary_large_image\" \/>\n<meta name=\"twitter:label1\" content=\"\u00c9crit par\" \/>\n\t<meta name=\"twitter:data1\" content=\"Julien\" \/>\n\t<meta name=\"twitter:label2\" content=\"Dur\u00e9e de lecture est.\" \/>\n\t<meta name=\"twitter:data2\" content=\"1 minute\" \/>\n<script type=\"application\/ld+json\" class=\"yoast-schema-graph\">{\"@context\":\"https:\/\/schema.org\",\"@graph\":[{\"@type\":\"Article\",\"@id\":\"https:\/\/vieassociative.be\/actualites\/la-prochaine-campagne-de-retour-a-kv-kortrijk-selon-vanderhaeghe-storck-devrait-egalement-aller-pour-la-deuxieme-fois\/#article\",\"isPartOf\":{\"@id\":\"https:\/\/vieassociative.be\/actualites\/la-prochaine-campagne-de-retour-a-kv-kortrijk-selon-vanderhaeghe-storck-devrait-egalement-aller-pour-la-deuxieme-fois\/\"},\"author\":{\"name\":\"Julien\",\"@id\":\"https:\/\/vieassociative.be\/actualites\/#\/schema\/person\/b87ac4f82f9d4e7b7cec7395b679edc4\"},\"headline\":\"La prochaine campagne de retour \u00e0 KV Kortrijk: Selon Vanderhaeghe, Storck devrait \u00e9galement aller pour la deuxi\u00e8me fois\",\"datePublished\":\"2025-02-21T02:17:45+00:00\",\"dateModified\":\"2025-02-21T02:17:45+00:00\",\"mainEntityOfPage\":{\"@id\":\"https:\/\/vieassociative.be\/actualites\/la-prochaine-campagne-de-retour-a-kv-kortrijk-selon-vanderhaeghe-storck-devrait-egalement-aller-pour-la-deuxieme-fois\/\"},\"wordCount\":295,\"publisher\":{\"@id\":\"https:\/\/vieassociative.be\/actualites\/#organization\"},\"image\":{\"@id\":\"https:\/\/vieassociative.be\/actualites\/la-prochaine-campagne-de-retour-a-kv-kortrijk-selon-vanderhaeghe-storck-devrait-egalement-aller-pour-la-deuxieme-fois\/#primaryimage\"},\"thumbnailUrl\":\"https:\/\/vieassociative.be\/actualites\/wp-content\/uploads\/2025\/02\/1740104265_La-prochaine-campagne-de-retour-a-KV-Kortrijk-Selon-Vanderhaeghe.jpeg\",\"keywords\":[\"aller\",\"campagne\",\"deuxi\u00e8me\",\"devrait\",\"\u00e9galement\",\"fois\",\"Kortrijk\",\"pour\",\"prochaine\",\"retour\",\"selon\",\"Storck\",\"Vanderhaeghe\"],\"articleSection\":[\"Belgique\"],\"inLanguage\":\"fr-BE\"},{\"@type\":\"WebPage\",\"@id\":\"https:\/\/vieassociative.be\/actualites\/la-prochaine-campagne-de-retour-a-kv-kortrijk-selon-vanderhaeghe-storck-devrait-egalement-aller-pour-la-deuxieme-fois\/\",\"url\":\"https:\/\/vieassociative.be\/actualites\/la-prochaine-campagne-de-retour-a-kv-kortrijk-selon-vanderhaeghe-storck-devrait-egalement-aller-pour-la-deuxieme-fois\/\",\"name\":\"La prochaine campagne de retour \u00e0 KV Kortrijk: Selon Vanderhaeghe, Storck devrait \u00e9galement aller pour la deuxi\u00e8me fois | Vie Associative\",\"isPartOf\":{\"@id\":\"https:\/\/vieassociative.be\/actualites\/#website\"},\"primaryImageOfPage\":{\"@id\":\"https:\/\/vieassociative.be\/actualites\/la-prochaine-campagne-de-retour-a-kv-kortrijk-selon-vanderhaeghe-storck-devrait-egalement-aller-pour-la-deuxieme-fois\/#primaryimage\"},\"image\":{\"@id\":\"https:\/\/vieassociative.be\/actualites\/la-prochaine-campagne-de-retour-a-kv-kortrijk-selon-vanderhaeghe-storck-devrait-egalement-aller-pour-la-deuxieme-fois\/#primaryimage\"},\"thumbnailUrl\":\"https:\/\/vieassociative.be\/actualites\/wp-content\/uploads\/2025\/02\/1740104265_La-prochaine-campagne-de-retour-a-KV-Kortrijk-Selon-Vanderhaeghe.jpeg\",\"datePublished\":\"2025-02-21T02:17:45+00:00\",\"dateModified\":\"2025-02-21T02:17:45+00:00\",\"breadcrumb\":{\"@id\":\"https:\/\/vieassociative.be\/actualites\/la-prochaine-campagne-de-retour-a-kv-kortrijk-selon-vanderhaeghe-storck-devrait-egalement-aller-pour-la-deuxieme-fois\/#breadcrumb\"},\"inLanguage\":\"fr-BE\",\"potentialAction\":[{\"@type\":\"ReadAction\",\"target\":[\"https:\/\/vieassociative.be\/actualites\/la-prochaine-campagne-de-retour-a-kv-kortrijk-selon-vanderhaeghe-storck-devrait-egalement-aller-pour-la-deuxieme-fois\/\"]}]},{\"@type\":\"ImageObject\",\"inLanguage\":\"fr-BE\",\"@id\":\"https:\/\/vieassociative.be\/actualites\/la-prochaine-campagne-de-retour-a-kv-kortrijk-selon-vanderhaeghe-storck-devrait-egalement-aller-pour-la-deuxieme-fois\/#primaryimage\",\"url\":\"https:\/\/vieassociative.be\/actualites\/wp-content\/uploads\/2025\/02\/1740104265_La-prochaine-campagne-de-retour-a-KV-Kortrijk-Selon-Vanderhaeghe.jpeg\",\"contentUrl\":\"https:\/\/vieassociative.be\/actualites\/wp-content\/uploads\/2025\/02\/1740104265_La-prochaine-campagne-de-retour-a-KV-Kortrijk-Selon-Vanderhaeghe.jpeg\",\"width\":1200,\"height\":800,\"caption\":\"La prochaine campagne de retour \u00e0 KV Kortrijk: Selon Vanderhaeghe, Storck devrait \u00e9galement aller pour la deuxi\u00e8me fois\"},{\"@type\":\"BreadcrumbList\",\"@id\":\"https:\/\/vieassociative.be\/actualites\/la-prochaine-campagne-de-retour-a-kv-kortrijk-selon-vanderhaeghe-storck-devrait-egalement-aller-pour-la-deuxieme-fois\/#breadcrumb\",\"itemListElement\":[{\"@type\":\"ListItem\",\"position\":1,\"name\":\"Accueil\",\"item\":\"https:\/\/vieassociative.be\/actualites\/\"},{\"@type\":\"ListItem\",\"position\":2,\"name\":\"La prochaine campagne de retour \u00e0 KV Kortrijk: Selon Vanderhaeghe, Storck devrait \u00e9galement aller pour la deuxi\u00e8me fois\"}]},{\"@type\":\"WebSite\",\"@id\":\"https:\/\/vieassociative.be\/actualites\/#website\",\"url\":\"https:\/\/vieassociative.be\/actualites\/\",\"name\":\"Vie Associative\",\"description\":\"\",\"publisher\":{\"@id\":\"https:\/\/vieassociative.be\/actualites\/#organization\"},\"potentialAction\":[{\"@type\":\"SearchAction\",\"target\":{\"@type\":\"EntryPoint\",\"urlTemplate\":\"https:\/\/vieassociative.be\/actualites\/?s={search_term_string}\"},\"query-input\":{\"@type\":\"PropertyValueSpecification\",\"valueRequired\":true,\"valueName\":\"search_term_string\"}}],\"inLanguage\":\"fr-BE\"},{\"@type\":\"Organization\",\"@id\":\"https:\/\/vieassociative.be\/actualites\/#organization\",\"name\":\"Vie Associative\",\"url\":\"https:\/\/vieassociative.be\/actualites\/\",\"logo\":{\"@type\":\"ImageObject\",\"inLanguage\":\"fr-BE\",\"@id\":\"https:\/\/vieassociative.be\/actualites\/#\/schema\/logo\/image\/\",\"url\":\"https:\/\/vieassociative.be\/actualites\/wp-content\/uploads\/2024\/09\/cropped-vieassociative_favicon.ico.png\",\"contentUrl\":\"https:\/\/vieassociative.be\/actualites\/wp-content\/uploads\/2024\/09\/cropped-vieassociative_favicon.ico.png\",\"width\":512,\"height\":512,\"caption\":\"Vie Associative\"},\"image\":{\"@id\":\"https:\/\/vieassociative.be\/actualites\/#\/schema\/logo\/image\/\"}},{\"@type\":\"Person\",\"@id\":\"https:\/\/vieassociative.be\/actualites\/#\/schema\/person\/b87ac4f82f9d4e7b7cec7395b679edc4\",\"name\":\"Julien\",\"image\":{\"@type\":\"ImageObject\",\"inLanguage\":\"fr-BE\",\"@id\":\"https:\/\/vieassociative.be\/actualites\/#\/schema\/person\/image\/\",\"url\":\"https:\/\/vieassociative.be\/actualites\/wp-content\/uploads\/2024\/09\/vie-associative-1-150x150.jpg\",\"contentUrl\":\"https:\/\/vieassociative.be\/actualites\/wp-content\/uploads\/2024\/09\/vie-associative-1-150x150.jpg\",\"caption\":\"Julien\"},\"description\":\"Je suis Julien, r\u00e9dacteur pour Vie Associative. Passionn\u00e9 par le monde associatif depuis plus de 10 ans, j'ai \u00e0 c\u0153ur de partager des histoires inspirantes et de mettre en lumi\u00e8re les initiatives locales. Mon objectif est de sensibiliser et d'encourager l'engagement communautaire \u00e0 travers mes articles.\",\"sameAs\":[\"https:\/\/vieassociative.be\/\"]}]}<\/script>\n<!-- \/ Yoast SEO plugin. -->","yoast_head_json":{"title":"La prochaine campagne de retour \u00e0 KV Kortrijk: Selon Vanderhaeghe, Storck devrait \u00e9galement aller pour la deuxi\u00e8me fois | Vie Associative","robots":{"index":"index","follow":"follow","max-snippet":"max-snippet:-1","max-image-preview":"max-image-preview:large","max-video-preview":"max-video-preview:-1"},"canonical":"https:\/\/vieassociative.be\/actualites\/la-prochaine-campagne-de-retour-a-kv-kortrijk-selon-vanderhaeghe-storck-devrait-egalement-aller-pour-la-deuxieme-fois\/","og_locale":"fr_FR","og_type":"article","og_title":"La prochaine campagne de retour \u00e0 KV Kortrijk: Selon Vanderhaeghe, Storck devrait \u00e9galement aller pour la deuxi\u00e8me fois | Vie Associative","og_description":"Bien que la r\u00e9activation de Yves Vanderhaegh ait \u00e9t\u00e9 un \u00e9chec, le club de la premi\u00e8re division KV Kortrijk commence le prochain retour. Bernd Storck","og_url":"https:\/\/vieassociative.be\/actualites\/la-prochaine-campagne-de-retour-a-kv-kortrijk-selon-vanderhaeghe-storck-devrait-egalement-aller-pour-la-deuxieme-fois\/","og_site_name":"Vie Associative","article_published_time":"2025-02-21T02:17:45+00:00","og_image":[{"width":279,"height":92,"url":"https:\/\/vieassociative.be\/actualites\/wp-content\/uploads\/2024\/09\/header_backgroundk-01-e1726694325946.png","type":"image\/png"}],"author":"Julien","twitter_card":"summary_large_image","twitter_misc":{"\u00c9crit par":"Julien","Dur\u00e9e de lecture est.":"1 minute"},"schema":{"@context":"https:\/\/schema.org","@graph":[{"@type":"Article","@id":"https:\/\/vieassociative.be\/actualites\/la-prochaine-campagne-de-retour-a-kv-kortrijk-selon-vanderhaeghe-storck-devrait-egalement-aller-pour-la-deuxieme-fois\/#article","isPartOf":{"@id":"https:\/\/vieassociative.be\/actualites\/la-prochaine-campagne-de-retour-a-kv-kortrijk-selon-vanderhaeghe-storck-devrait-egalement-aller-pour-la-deuxieme-fois\/"},"author":{"name":"Julien","@id":"https:\/\/vieassociative.be\/actualites\/#\/schema\/person\/b87ac4f82f9d4e7b7cec7395b679edc4"},"headline":"La prochaine campagne de retour \u00e0 KV Kortrijk: Selon Vanderhaeghe, Storck devrait \u00e9galement aller pour la deuxi\u00e8me fois","datePublished":"2025-02-21T02:17:45+00:00","dateModified":"2025-02-21T02:17:45+00:00","mainEntityOfPage":{"@id":"https:\/\/vieassociative.be\/actualites\/la-prochaine-campagne-de-retour-a-kv-kortrijk-selon-vanderhaeghe-storck-devrait-egalement-aller-pour-la-deuxieme-fois\/"},"wordCount":295,"publisher":{"@id":"https:\/\/vieassociative.be\/actualites\/#organization"},"image":{"@id":"https:\/\/vieassociative.be\/actualites\/la-prochaine-campagne-de-retour-a-kv-kortrijk-selon-vanderhaeghe-storck-devrait-egalement-aller-pour-la-deuxieme-fois\/#primaryimage"},"thumbnailUrl":"https:\/\/vieassociative.be\/actualites\/wp-content\/uploads\/2025\/02\/1740104265_La-prochaine-campagne-de-retour-a-KV-Kortrijk-Selon-Vanderhaeghe.jpeg","keywords":["aller","campagne","deuxi\u00e8me","devrait","\u00e9galement","fois","Kortrijk","pour","prochaine","retour","selon","Storck","Vanderhaeghe"],"articleSection":["Belgique"],"inLanguage":"fr-BE"},{"@type":"WebPage","@id":"https:\/\/vieassociative.be\/actualites\/la-prochaine-campagne-de-retour-a-kv-kortrijk-selon-vanderhaeghe-storck-devrait-egalement-aller-pour-la-deuxieme-fois\/","url":"https:\/\/vieassociative.be\/actualites\/la-prochaine-campagne-de-retour-a-kv-kortrijk-selon-vanderhaeghe-storck-devrait-egalement-aller-pour-la-deuxieme-fois\/","name":"La prochaine campagne de retour \u00e0 KV Kortrijk: Selon Vanderhaeghe, Storck devrait \u00e9galement aller pour la deuxi\u00e8me fois | Vie Associative","isPartOf":{"@id":"https:\/\/vieassociative.be\/actualites\/#website"},"primaryImageOfPage":{"@id":"https:\/\/vieassociative.be\/actualites\/la-prochaine-campagne-de-retour-a-kv-kortrijk-selon-vanderhaeghe-storck-devrait-egalement-aller-pour-la-deuxieme-fois\/#primaryimage"},"image":{"@id":"https:\/\/vieassociative.be\/actualites\/la-prochaine-campagne-de-retour-a-kv-kortrijk-selon-vanderhaeghe-storck-devrait-egalement-aller-pour-la-deuxieme-fois\/#primaryimage"},"thumbnailUrl":"https:\/\/vieassociative.be\/actualites\/wp-content\/uploads\/2025\/02\/1740104265_La-prochaine-campagne-de-retour-a-KV-Kortrijk-Selon-Vanderhaeghe.jpeg","datePublished":"2025-02-21T02:17:45+00:00","dateModified":"2025-02-21T02:17:45+00:00","breadcrumb":{"@id":"https:\/\/vieassociative.be\/actualites\/la-prochaine-campagne-de-retour-a-kv-kortrijk-selon-vanderhaeghe-storck-devrait-egalement-aller-pour-la-deuxieme-fois\/#breadcrumb"},"inLanguage":"fr-BE","potentialAction":[{"@type":"ReadAction","target":["https:\/\/vieassociative.be\/actualites\/la-prochaine-campagne-de-retour-a-kv-kortrijk-selon-vanderhaeghe-storck-devrait-egalement-aller-pour-la-deuxieme-fois\/"]}]},{"@type":"ImageObject","inLanguage":"fr-BE","@id":"https:\/\/vieassociative.be\/actualites\/la-prochaine-campagne-de-retour-a-kv-kortrijk-selon-vanderhaeghe-storck-devrait-egalement-aller-pour-la-deuxieme-fois\/#primaryimage","url":"https:\/\/vieassociative.be\/actualites\/wp-content\/uploads\/2025\/02\/1740104265_La-prochaine-campagne-de-retour-a-KV-Kortrijk-Selon-Vanderhaeghe.jpeg","contentUrl":"https:\/\/vieassociative.be\/actualites\/wp-content\/uploads\/2025\/02\/1740104265_La-prochaine-campagne-de-retour-a-KV-Kortrijk-Selon-Vanderhaeghe.jpeg","width":1200,"height":800,"caption":"La prochaine campagne de retour \u00e0 KV Kortrijk: Selon Vanderhaeghe, Storck devrait \u00e9galement aller pour la deuxi\u00e8me fois"},{"@type":"BreadcrumbList","@id":"https:\/\/vieassociative.be\/actualites\/la-prochaine-campagne-de-retour-a-kv-kortrijk-selon-vanderhaeghe-storck-devrait-egalement-aller-pour-la-deuxieme-fois\/#breadcrumb","itemListElement":[{"@type":"ListItem","position":1,"name":"Accueil","item":"https:\/\/vieassociative.be\/actualites\/"},{"@type":"ListItem","position":2,"name":"La prochaine campagne de retour \u00e0 KV Kortrijk: Selon Vanderhaeghe, Storck devrait \u00e9galement aller pour la deuxi\u00e8me fois"}]},{"@type":"WebSite","@id":"https:\/\/vieassociative.be\/actualites\/#website","url":"https:\/\/vieassociative.be\/actualites\/","name":"Vie Associative","description":"","publisher":{"@id":"https:\/\/vieassociative.be\/actualites\/#organization"},"potentialAction":[{"@type":"SearchAction","target":{"@type":"EntryPoint","urlTemplate":"https:\/\/vieassociative.be\/actualites\/?s={search_term_string}"},"query-input":{"@type":"PropertyValueSpecification","valueRequired":true,"valueName":"search_term_string"}}],"inLanguage":"fr-BE"},{"@type":"Organization","@id":"https:\/\/vieassociative.be\/actualites\/#organization","name":"Vie Associative","url":"https:\/\/vieassociative.be\/actualites\/","logo":{"@type":"ImageObject","inLanguage":"fr-BE","@id":"https:\/\/vieassociative.be\/actualites\/#\/schema\/logo\/image\/","url":"https:\/\/vieassociative.be\/actualites\/wp-content\/uploads\/2024\/09\/cropped-vieassociative_favicon.ico.png","contentUrl":"https:\/\/vieassociative.be\/actualites\/wp-content\/uploads\/2024\/09\/cropped-vieassociative_favicon.ico.png","width":512,"height":512,"caption":"Vie Associative"},"image":{"@id":"https:\/\/vieassociative.be\/actualites\/#\/schema\/logo\/image\/"}},{"@type":"Person","@id":"https:\/\/vieassociative.be\/actualites\/#\/schema\/person\/b87ac4f82f9d4e7b7cec7395b679edc4","name":"Julien","image":{"@type":"ImageObject","inLanguage":"fr-BE","@id":"https:\/\/vieassociative.be\/actualites\/#\/schema\/person\/image\/","url":"https:\/\/vieassociative.be\/actualites\/wp-content\/uploads\/2024\/09\/vie-associative-1-150x150.jpg","contentUrl":"https:\/\/vieassociative.be\/actualites\/wp-content\/uploads\/2024\/09\/vie-associative-1-150x150.jpg","caption":"Julien"},"description":"Je suis Julien, r\u00e9dacteur pour Vie Associative. Passionn\u00e9 par le monde associatif depuis plus de 10 ans, j'ai \u00e0 c\u0153ur de partager des histoires inspirantes et de mettre en lumi\u00e8re les initiatives locales. Mon objectif est de sensibiliser et d'encourager l'engagement communautaire \u00e0 travers mes articles.","sameAs":["https:\/\/vieassociative.be\/"]}]}},"_links":{"self":[{"href":"https:\/\/vieassociative.be\/actualites\/wp-json\/wp\/v2\/posts\/5280"}],"collection":[{"href":"https:\/\/vieassociative.be\/actualites\/wp-json\/wp\/v2\/posts"}],"about":[{"href":"https:\/\/vieassociative.be\/actualites\/wp-json\/wp\/v2\/types\/post"}],"author":[{"embeddable":true,"href":"https:\/\/vieassociative.be\/actualites\/wp-json\/wp\/v2\/users\/1"}],"replies":[{"embeddable":true,"href":"https:\/\/vieassociative.be\/actualites\/wp-json\/wp\/v2\/comments?post=5280"}],"version-history":[{"count":0,"href":"https:\/\/vieassociative.be\/actualites\/wp-json\/wp\/v2\/posts\/5280\/revisions"}],"wp:featuredmedia":[{"embeddable":true,"href":"https:\/\/vieassociative.be\/actualites\/wp-json\/wp\/v2\/media\/5281"}],"wp:attachment":[{"href":"https:\/\/vieassociative.be\/actualites\/wp-json\/wp\/v2\/media?parent=5280"}],"wp:term":[{"taxonomy":"category","embeddable":true,"href":"https:\/\/vieassociative.be\/actualites\/wp-json\/wp\/v2\/categories?post=5280"},{"taxonomy":"post_tag","embeddable":true,"href":"https:\/\/vieassociative.be\/actualites\/wp-json\/wp\/v2\/tags?post=5280"}],"curies":[{"name":"wp","href":"https:\/\/api.w.org\/{rel}","templated":true}]}}