{"id":5278,"date":"2025-02-21T02:17:23","date_gmt":"2025-02-21T01:17:23","guid":{"rendered":"https:\/\/vieassociative.be\/actualites\/quoi-de-neuf-sur-max-en-mars-2025\/"},"modified":"2025-02-21T02:17:23","modified_gmt":"2025-02-21T01:17:23","slug":"quoi-de-neuf-sur-max-en-mars-2025","status":"publish","type":"post","link":"https:\/\/vieassociative.be\/actualites\/quoi-de-neuf-sur-max-en-mars-2025\/","title":{"rendered":"Quoi de neuf sur Max en mars 2025"},"content":{"rendered":"<div class=\"mt-4 leading-6 md:mb-8\">La s\u00e9rie de com\u00e9die \u00abThe Righteous Gemstones\u00bb, \u00abDocuseries\u00ab Celtics City \u00bbet trois films A24.<\/div>\n<p><\/p>\n<p>L&rsquo;ardoise de March de Max comprend la quatri\u00e8me et derni\u00e8re saison de la s\u00e9rie de com\u00e9die originale <em>Les pierres pr\u00e9cieuses justes<\/em> (9 mars), mettant en vedette Danny McBride, Adam Devine, John Goodman et Edi Patterson, entre autres, en tant que membres de la c\u00e9l\u00e8bre famille t\u00e9l\u00e9vis\u00e9e de pierre pr\u00e9cieuse. Les \u00e9pisodes feront leurs d\u00e9buts chaque semaine le dimanche. <\/p>\n<div class=\"mx-auto mt-8 w-full max-w-4xl\">\n<div id=\"video-container-PnRa29-wjaM\"><\/div>\n<\/div>\n<p>\u00c0 la fin du mois, la s\u00e9rie de r\u00e9alit\u00e9 originale Max <em>Paul American<\/em> (27 mars) sera pr\u00e9sent\u00e9 en premi\u00e8re, avec des \u00e9pisodes hebdomadaires s&rsquo;\u00e9tendant en avril et mai. Le spectacle de huit installages donne un aper\u00e7u de la vie de Jake et Logan Paul. HBO publie \u00e9galement un documentaire sportif de neuf parties, <em>City Celtics<\/em> (Premier \u00e9pisode sera pr\u00e9sent\u00e9 le 3 mars), sur la franchise NBA de son origine \u00e0 son championnat 2024. <\/p>\n<p>Il y a trois films A24 pr\u00e9vus pour Max en mars: <em>Bizarre<\/em> (28 mars) met en vedette Daniel Craig comme un expatri\u00e9 am\u00e9ricain qui d\u00e9veloppe une relation avec un principal principal (jou\u00e9 par Drew Starkey). Le film est bas\u00e9 sur un roman de William S. Burroughs, et Craig a \u00e9t\u00e9 nomin\u00e9 pour Golden Globe, Critics &lsquo;Choice et Screen Actors Guild Awards. <em>H\u00e9r\u00e9tique<\/em> (7 mars) est un film d&rsquo;horreur sur deux missionnaires mormons qui tentent de convertir un homme reclus jou\u00e9 par Hugh Grant, qui a \u00e9galement re\u00e7u de nombreuses nominations de prix pour sa performance. Enfin, <em>Chanter<\/em> (21 mars) Mettez en vedette le candidat aux Oscars Colman Domingo en tant que d\u00e9tenu emprisonn\u00e9 \u00e0 Sing Sing pour un crime qu&rsquo;il n&rsquo;a pas commis qui rejoint un groupe de th\u00e9\u00e2tre avec d&rsquo;autres hommes incarc\u00e9r\u00e9s &#8211; le film est bas\u00e9 sur une histoire vraie. <\/p>\n<p>Max aura \u00e9galement des sports en direct en mars, y compris les matchs de la NBA et de la LNH, le basket-ball f\u00e9minin 3&#215;3 et le tournoi de basket-ball masculin de la NCAA du premier tour \u00e0 l&rsquo;\u00e9lite 8. <\/p>\n<p>Voici tout ce qui arrive \u00e0 Max en mars. <\/p>\n<h2 id=\"whats-coming-to-max-in-march-2025\">Qu&rsquo;est-ce qui arrive \u00e0 Max en mars 2025<\/h2>\n<h3>Disponible le 1er mars<\/h3>\n<ul>\n<li>\n<p><em>Une femme perdue<\/em> (1934)<\/p>\n<\/li>\n<li>\n<p><em>Le visage d&rsquo;une femme<\/em> (1941)<\/p>\n<\/li>\n<li>\n<p><em>\u00c9v\u00e9nements sp\u00e9ciaux AEW, 2020a<\/em> (2020)<\/p>\n<\/li>\n<li>\n<p><em>AEW Special Events, 2021a <\/em>(2021)<\/p>\n<\/li>\n<li>\n<p><em>AEW Special Events, 2022a <\/em>(2022)<\/p>\n<\/li>\n<li>\n<p><em>AEW Special Events, 2023a <\/em>(2023)<\/p>\n<\/li>\n<li>\n<p><em>AEW Special Events, 2024a <\/em>(2024)<\/p>\n<\/li>\n<li>\n<p><em>Le long du grand foss\u00e9<\/em> (1951)<\/p>\n<\/li>\n<li>\n<p><em>Fl\u00e8che dans la poussi\u00e8re<\/em> (1954)<\/p>\n<\/li>\n<li>\n<p><em>Assassin&rsquo;s Creed <\/em>(2016)<\/p>\n<\/li>\n<li>\n<p><em>Nous allons \u00e0 l&rsquo;ext\u00e9rieur<\/em> (2009)<\/p>\n<\/li>\n<li>\n<p><em>Grands yeux<\/em> (2014)<\/p>\n<\/li>\n<li>\n<p><em>Capitaine Horatio Hornblower <\/em>(1951)<\/p>\n<\/li>\n<li>\n<p><em>Carrie<\/em> (1976)<\/p>\n<\/li>\n<li>\n<p><em>Carrie <\/em>(2013)<\/p>\n<\/li>\n<li>\n<p><em>Jeu de l&rsquo;enfant<\/em> (1988)<\/p>\n<\/li>\n<li>\n<p><em>Jeu de l&rsquo;enfant<\/em> (2019)<\/p>\n<\/li>\n<li>\n<p><em>Suite ex\u00e9cutive<\/em> (1954)<\/p>\n<\/li>\n<li>\n<p><em>Fant\u00f4mes<\/em> (1984)<\/p>\n<\/li>\n<li>\n<p><em>Ghostbusters II <\/em>(1989)<\/p>\n<\/li>\n<li>\n<p><em>Au revoir, ma fantaisie <\/em>(1951)<\/p>\n<\/li>\n<li>\n<p><em>Goodfellas<\/em> (1990)<\/p>\n<\/li>\n<li>\n<p><em>P\u00e9ril<\/em> (1953)<\/p>\n<\/li>\n<li>\n<p><em>Mesdames dont ils parlent<\/em> (1933)<\/p>\n<\/li>\n<li>\n<p><em>Maggie<\/em> (2015)<\/p>\n<\/li>\n<li>\n<p><em>Rivi\u00e8re massacre<\/em> (1949)<\/p>\n<\/li>\n<li>\n<p><em>Hommes en noir <\/em>(1997)<\/p>\n<\/li>\n<li>\n<p><em>Hommes en noir II <\/em>(2002)<\/p>\n<\/li>\n<li>\n<p><em>Hommes en noir III<\/em> (2012)<\/p>\n<\/li>\n<li>\n<p><em>Ma r\u00e9putation<\/em> (1946)<\/p>\n<\/li>\n<li>\n<p><em>Infirmi\u00e8re de nuit <\/em>(1931)<\/p>\n<\/li>\n<li>\n<p><em>Paddy Chayefsky: collectionneur de mots <\/em>(2024)<\/p>\n<\/li>\n<li>\n<p><em>Reste pr\u00e8s de moi<\/em> (1986)<\/p>\n<\/li>\n<li>\n<p><em>Susan et Dieu<\/em> (1940)<\/p>\n<\/li>\n<li>\n<p><em>L&rsquo;histoire de Babe Ruth <\/em>(1948)<\/p>\n<\/li>\n<li>\n<p><em>Le meilleur homme de vacances<\/em> (2013)<\/p>\n<\/li>\n<li>\n<p><em>Les collines br\u00fblantes<\/em> (1956)<\/p>\n<\/li>\n<li>\n<p><em>Les damn\u00e9s ne pleurent pas<\/em> (1950)<\/p>\n<\/li>\n<li>\n<p><em>Les descendants<\/em> (2011)<\/p>\n<\/li>\n<li>\n<p><em>Le Forger <\/em>(2015)<\/p>\n<\/li>\n<li>\n<p><em>La folle Miss Manton<\/em> (1938)<\/p>\n<\/li>\n<li>\n<p><em>L&rsquo;homme avec un manteau<\/em> (1951)<\/p>\n<\/li>\n<li>\n<p><em>Le monde de Charlie<\/em> (2012)<\/p>\n<\/li>\n<li>\n<p><em>Le prix d&rsquo;achat <\/em>(1932)<\/p>\n<\/li>\n<li>\n<p><em>La mari\u00e9e secr\u00e8te<\/em> (1934)<\/p>\n<\/li>\n<li>\n<p><em>Les deux Mme Carrolls<\/em> (1947)<\/p>\n<\/li>\n<li>\n<p><em>Les femmes<\/em> (1939)<\/p>\n<\/li>\n<li>\n<p><em>Cette femme est dangereuse<\/em> (1952)<\/p>\n<\/li>\n<li>\n<p><em>Pour plaire \u00e0 une dame <\/em>(1950)<\/p>\n<\/li>\n<li>\n<p><em>Quand les dames se rencontrent<\/em> (1941)<\/p>\n<\/li>\n<li>\n<p><em>Poussins blancs<\/em> (2004)<\/p>\n<\/li>\n<li>\n<p><em>Poussins blancs: non class\u00e9 <\/em>(2004)<\/p>\n<\/li>\n<li>\n<p><em>Pourquoi lui?<\/em> (2016)<\/p>\n<\/li>\n<\/ul>\n<h3>Disponible le 3 mars<\/h3>\n<ul>\n<li>\n<p><em>City Celtics<\/em> (HBO Original)<\/p>\n<\/li>\n<li>\n<p><em>Le travail de noix <\/em>(2014)<\/p>\n<\/li>\n<li>\n<p><em>Le travail de noix 2<\/em> (2017)<\/p>\n<\/li>\n<li>\n<p><em>Tournoi des champions<\/em>Saison 6 (Food Network)<\/p>\n<\/li>\n<\/ul>\n<h3>Disponible le 4 mars<\/h3>\n<ul>\n<li>\n<p><em>Petit pied<\/em> (2018)<\/p>\n<\/li>\n<\/ul>\n<h3>Disponible le 5 mars<\/h3>\n<ul>\n<li>\n<p><em>Jay &#038; Pamela<\/em>Saison 1 (TLC)<\/p>\n<\/li>\n<li>\n<p><em>Rage sur la route<\/em>Saison 3 (id)<\/p>\n<\/li>\n<\/ul>\n<h3>Disponible le 6 mars<\/h3>\n<ul>\n<li>\n<p><em>Les aventures de jeu de Dylan<\/em>Saison 1a (original max)<\/p>\n<\/li>\n<li>\n<p><em>Jellystone<\/em>Saison 3B (MAX ORIGINAL)<\/p>\n<\/li>\n<\/ul>\n<h3>Disponible le 7 mars<\/h3>\n<ul>\n<li>\n<p><em>H\u00e9r\u00e9tique <\/em>(A24)<\/p>\n<\/li>\n<li>\n<p><em>Quand personne ne nous voit (Cuando Nadie nos ve)<\/em>Saison 1 (MAX ORIGINAL)<\/p>\n<\/li>\n<\/ul>\n<h3>Disponible le 9 mars<\/h3>\n<ul>\n<li>\n<p><em>Les pierres pr\u00e9cieuses justes<\/em>Saison 4 (HBO Original)<\/p>\n<\/li>\n<\/ul>\n<h3>Disponible le 10 mars<\/h3>\n<ul>\n<li>\n<p><em>Take-over de la ville natale<\/em>Saison 3 (HGTV)<\/p>\n<\/li>\n<li>\n<p><em>Nu et effray\u00e9<\/em>Saison 18 (d\u00e9couverte)<\/p>\n<\/li>\n<li>\n<p><em>Oh mon Dieu\u2026 oui! Une s\u00e9rie de circonstances extr\u00eamement relatables<\/em>Saison 1 (natation adulte)<\/p>\n<\/li>\n<li>\n<p><em>Yolo: Rainbow Trinity,<\/em> Saison 3 (natation adulte)<\/p>\n<\/li>\n<\/ul>\n<h3>Disponible le 11 mars<\/h3>\n<ul>\n<li>\n<p><em>Kobe: la fabrication d&rsquo;une l\u00e9gende<\/em> (S\u00e9rie originale de CNN)<\/p>\n<\/li>\n<li>\n<p><em>Championnat de p\u00e2tisserie de printemps<\/em>Saison 11 (r\u00e9seau alimentaire)<\/p>\n<\/li>\n<\/ul>\n<h3>Disponible le 12 mars<\/h3>\n<ul>\n<li>\n<p><em>Constables en patrouille<\/em>Saison 1 (d\u00e9couverte)<\/p>\n<\/li>\n<\/ul>\n<h3>Disponible le 13 mars<\/h3>\n<ul>\n<li>\n<p><em>Bataille de Culiac\u00e1n: h\u00e9ritiers du cartel (Culiacanazo: Herederos del Narco) <\/em>(Max Original)<\/p>\n<\/li>\n<li>\n<p><em>Expedition Bigfoot<\/em>Saison 6 (d\u00e9couverte)<\/p>\n<\/li>\n<li>\n<p><em>Mari\u00e9 \u00e0 l&rsquo;immobilier<\/em>Saison 4 (HGTV)<\/p>\n<\/li>\n<li>\n<p><em>La parentalit\u00e9<\/em> (Max Original)<\/p>\n<\/li>\n<\/ul>\n<h3>Disponible le 14 mars<\/h3>\n<ul>\n<li>\n<p><em>Beau a peur <\/em>(A24)<\/p>\n<\/li>\n<\/ul>\n<h3>Disponible le 15 mars<\/h3>\n<ul>\n<li>\n<p><em>Bogueurs de lapin<\/em>Saison 2C (Cartoon Network)<\/p>\n<\/li>\n<li>\n<p><em>Pr\u00eat \u00e0 aimer<\/em>Saison 10 (propre)<\/p>\n<\/li>\n<\/ul>\n<h3>Disponible le 17 mars<\/h3>\n<ul>\n<li>\n<p><em>Un corps dans la neige: le proc\u00e8s de Karen Read<\/em>Saison 1 (id)<\/p>\n<\/li>\n<li>\n<p><em>Une feuille blanche: le retour de Gabe Landeskog<\/em>Saison 1 (TNT Sports)<\/p>\n<\/li>\n<li>\n<p><em>Conversations sportives TNT<\/em>Saison 1 (TNT Sports)<\/p>\n<\/li>\n<\/ul>\n<h3>Disponible le 19 mars<\/h3>\n<ul>\n<li>\n<p><em>Maison des couteaux<\/em>Saison 1 (r\u00e9seau alimentaire)<\/p>\n<\/li>\n<\/ul>\n<h3>Disponible le 21 mars<\/h3>\n<ul>\n<li>\n<p><em>Un homme d\u00e9cent (Porz\u0105dny Cz\u0142owiek)<\/em>Saison 1 (HBO Original)<\/p>\n<\/li>\n<li>\n<p><em>Chanter<\/em> (A24)<\/p>\n<\/li>\n<\/ul>\n<h3>Disponible le 22 mars<\/h3>\n<ul>\n<li>\n<p><em>Tiny Toons Looniversity<\/em>Saison 2C (Cartoon Network)<\/p>\n<\/li>\n<\/ul>\n<h3>Disponible le 23 mars<\/h3>\n<ul>\n<li>\n<p><em>Fille rencontre la ferme<\/em>Saison 14 (Food Network)<\/p>\n<\/li>\n<\/ul>\n<h3>Disponible le 24 mars<\/h3>\n<ul>\n<li>\n<p><em>Signes d&rsquo;un psychopathe<\/em>Saison 9 (id)<\/p>\n<\/li>\n<\/ul>\n<h3>Disponible le 25 mars<\/h3>\n<ul>\n<li>\n<p><em>Lockerbie: Le bombardement de Pan Am 103<\/em>Saison 1 (CNN Original)<\/p>\n<\/li>\n<\/ul>\n<h3>Disponible le 26 mars<\/h3>\n<ul>\n<li>\n<p><em>Nu et effray\u00e9: latam<\/em>Saison 3 (Discovery +)<\/p>\n<\/li>\n<\/ul>\n<h3>Disponible le 27 mars<\/h3>\n<ul>\n<li>\n<p><em>Aide! Ma maison est hant\u00e9e<\/em>Saison 5 (canal de voyage)<\/p>\n<\/li>\n<li>\n<p><em>Paul American<\/em>Saison 1 (MAX ORIGINAL)<\/p>\n<\/li>\n<\/ul>\n<h3>Disponible le 28 mars<\/h3>\n<ul>\n<li>\n<p><em>Mansons de bonnes affaires<\/em>Saison 6 (Magnolia Network)<\/p>\n<\/li>\n<li>\n<p><em>Diners, Drive-Ins, Dives<\/em>Saison 50 (Food Network)<\/p>\n<\/li>\n<li>\n<p><em>Bizarre<\/em> (A24)<\/p>\n<\/li>\n<li>\n<p><em>R\u00e9form\u00e9 (Le Sens des Choses)<\/em>Saison 1 (MAX ORIGINAL)<\/p>\n<\/li>\n<\/ul>\n<h3>Disponible le 29 mars<\/h3>\n<ul>\n<li>\n<p><em>La femme pionni\u00e8re<\/em>Saison 38 (Food Network)<\/p>\n<\/li>\n<\/ul>\n<h3>Disponible le 31 mars<\/h3>\n<ul>\n<li>\n<p><em>Amityville: o\u00f9 vit l&rsquo;\u00e9cho <\/em>(2024)<\/p>\n<\/li>\n<li>\n<p><em>Camp Hell<\/em> (2010)<\/p>\n<\/li>\n<li>\n<p><em>Entrer nulle part<\/em> (2011)<\/p>\n<\/li>\n<\/ul>\n","protected":false},"excerpt":{"rendered":"<p>La s\u00e9rie de com\u00e9die \u00abThe Righteous Gemstones\u00bb, \u00abDocuseries\u00ab Celtics City \u00bbet trois films A24. L&rsquo;ardoise de March de Max comprend la quatri\u00e8me et derni\u00e8re saison<\/p>\n","protected":false},"author":1,"featured_media":5279,"comment_status":"","ping_status":"","sticky":false,"template":"","format":"standard","meta":{"footnotes":""},"categories":[36],"tags":[3221,16,437,202,33],"class_list":["post-5278","post","type-post","status-publish","format-standard","has-post-thumbnail","hentry","category-divertissement","tag-mars","tag-max","tag-neuf","tag-quoi","tag-sur","generate-columns","tablet-grid-50","mobile-grid-100","grid-parent","grid-33"],"yoast_head":"<!-- This site is optimized with the Yoast SEO plugin v24.0 - https:\/\/yoast.com\/wordpress\/plugins\/seo\/ -->\n<title>Quoi de neuf sur Max en mars 2025 | Vie Associative<\/title>\n<meta name=\"robots\" content=\"index, follow, max-snippet:-1, max-image-preview:large, max-video-preview:-1\" \/>\n<link rel=\"canonical\" href=\"https:\/\/vieassociative.be\/actualites\/quoi-de-neuf-sur-max-en-mars-2025\/\" \/>\n<meta property=\"og:locale\" content=\"fr_FR\" \/>\n<meta property=\"og:type\" content=\"article\" \/>\n<meta property=\"og:title\" content=\"Quoi de neuf sur Max en mars 2025 | Vie Associative\" \/>\n<meta property=\"og:description\" content=\"La s\u00e9rie de com\u00e9die \u00abThe Righteous Gemstones\u00bb, \u00abDocuseries\u00ab Celtics City \u00bbet trois films A24. L&rsquo;ardoise de March de Max comprend la quatri\u00e8me et derni\u00e8re saison\" \/>\n<meta property=\"og:url\" content=\"https:\/\/vieassociative.be\/actualites\/quoi-de-neuf-sur-max-en-mars-2025\/\" \/>\n<meta property=\"og:site_name\" content=\"Vie Associative\" \/>\n<meta property=\"article:published_time\" content=\"2025-02-21T01:17:23+00:00\" \/>\n<meta property=\"og:image\" content=\"https:\/\/vieassociative.be\/actualites\/wp-content\/uploads\/2024\/09\/header_backgroundk-01-e1726694325946.png\" \/>\n\t<meta property=\"og:image:width\" content=\"279\" \/>\n\t<meta property=\"og:image:height\" content=\"92\" \/>\n\t<meta property=\"og:image:type\" content=\"image\/png\" \/>\n<meta name=\"author\" content=\"Julien\" \/>\n<meta name=\"twitter:card\" content=\"summary_large_image\" \/>\n<meta name=\"twitter:label1\" content=\"\u00c9crit par\" \/>\n\t<meta name=\"twitter:data1\" content=\"Julien\" \/>\n\t<meta name=\"twitter:label2\" content=\"Dur\u00e9e de lecture est.\" \/>\n\t<meta name=\"twitter:data2\" content=\"5 minutes\" \/>\n<script type=\"application\/ld+json\" class=\"yoast-schema-graph\">{\"@context\":\"https:\/\/schema.org\",\"@graph\":[{\"@type\":\"Article\",\"@id\":\"https:\/\/vieassociative.be\/actualites\/quoi-de-neuf-sur-max-en-mars-2025\/#article\",\"isPartOf\":{\"@id\":\"https:\/\/vieassociative.be\/actualites\/quoi-de-neuf-sur-max-en-mars-2025\/\"},\"author\":{\"name\":\"Julien\",\"@id\":\"https:\/\/vieassociative.be\/actualites\/#\/schema\/person\/b87ac4f82f9d4e7b7cec7395b679edc4\"},\"headline\":\"Quoi de neuf sur Max en mars 2025\",\"datePublished\":\"2025-02-21T01:17:23+00:00\",\"dateModified\":\"2025-02-21T01:17:23+00:00\",\"mainEntityOfPage\":{\"@id\":\"https:\/\/vieassociative.be\/actualites\/quoi-de-neuf-sur-max-en-mars-2025\/\"},\"wordCount\":929,\"publisher\":{\"@id\":\"https:\/\/vieassociative.be\/actualites\/#organization\"},\"image\":{\"@id\":\"https:\/\/vieassociative.be\/actualites\/quoi-de-neuf-sur-max-en-mars-2025\/#primaryimage\"},\"thumbnailUrl\":\"https:\/\/vieassociative.be\/actualites\/wp-content\/uploads\/2025\/02\/Quoi-de-neuf-sur-Max-en-mars-2025.png\",\"keywords\":[\"mars\",\"Max\",\"Neuf\",\"quoi\",\"sur\"],\"articleSection\":[\"Divertissement\"],\"inLanguage\":\"fr-BE\"},{\"@type\":\"WebPage\",\"@id\":\"https:\/\/vieassociative.be\/actualites\/quoi-de-neuf-sur-max-en-mars-2025\/\",\"url\":\"https:\/\/vieassociative.be\/actualites\/quoi-de-neuf-sur-max-en-mars-2025\/\",\"name\":\"Quoi de neuf sur Max en mars 2025 | Vie Associative\",\"isPartOf\":{\"@id\":\"https:\/\/vieassociative.be\/actualites\/#website\"},\"primaryImageOfPage\":{\"@id\":\"https:\/\/vieassociative.be\/actualites\/quoi-de-neuf-sur-max-en-mars-2025\/#primaryimage\"},\"image\":{\"@id\":\"https:\/\/vieassociative.be\/actualites\/quoi-de-neuf-sur-max-en-mars-2025\/#primaryimage\"},\"thumbnailUrl\":\"https:\/\/vieassociative.be\/actualites\/wp-content\/uploads\/2025\/02\/Quoi-de-neuf-sur-Max-en-mars-2025.png\",\"datePublished\":\"2025-02-21T01:17:23+00:00\",\"dateModified\":\"2025-02-21T01:17:23+00:00\",\"breadcrumb\":{\"@id\":\"https:\/\/vieassociative.be\/actualites\/quoi-de-neuf-sur-max-en-mars-2025\/#breadcrumb\"},\"inLanguage\":\"fr-BE\",\"potentialAction\":[{\"@type\":\"ReadAction\",\"target\":[\"https:\/\/vieassociative.be\/actualites\/quoi-de-neuf-sur-max-en-mars-2025\/\"]}]},{\"@type\":\"ImageObject\",\"inLanguage\":\"fr-BE\",\"@id\":\"https:\/\/vieassociative.be\/actualites\/quoi-de-neuf-sur-max-en-mars-2025\/#primaryimage\",\"url\":\"https:\/\/vieassociative.be\/actualites\/wp-content\/uploads\/2025\/02\/Quoi-de-neuf-sur-Max-en-mars-2025.png\",\"contentUrl\":\"https:\/\/vieassociative.be\/actualites\/wp-content\/uploads\/2025\/02\/Quoi-de-neuf-sur-Max-en-mars-2025.png\",\"width\":1200,\"height\":675,\"caption\":\"Quoi de neuf sur Max en mars 2025\"},{\"@type\":\"BreadcrumbList\",\"@id\":\"https:\/\/vieassociative.be\/actualites\/quoi-de-neuf-sur-max-en-mars-2025\/#breadcrumb\",\"itemListElement\":[{\"@type\":\"ListItem\",\"position\":1,\"name\":\"Accueil\",\"item\":\"https:\/\/vieassociative.be\/actualites\/\"},{\"@type\":\"ListItem\",\"position\":2,\"name\":\"Quoi de neuf sur Max en mars 2025\"}]},{\"@type\":\"WebSite\",\"@id\":\"https:\/\/vieassociative.be\/actualites\/#website\",\"url\":\"https:\/\/vieassociative.be\/actualites\/\",\"name\":\"Vie Associative\",\"description\":\"\",\"publisher\":{\"@id\":\"https:\/\/vieassociative.be\/actualites\/#organization\"},\"potentialAction\":[{\"@type\":\"SearchAction\",\"target\":{\"@type\":\"EntryPoint\",\"urlTemplate\":\"https:\/\/vieassociative.be\/actualites\/?s={search_term_string}\"},\"query-input\":{\"@type\":\"PropertyValueSpecification\",\"valueRequired\":true,\"valueName\":\"search_term_string\"}}],\"inLanguage\":\"fr-BE\"},{\"@type\":\"Organization\",\"@id\":\"https:\/\/vieassociative.be\/actualites\/#organization\",\"name\":\"Vie Associative\",\"url\":\"https:\/\/vieassociative.be\/actualites\/\",\"logo\":{\"@type\":\"ImageObject\",\"inLanguage\":\"fr-BE\",\"@id\":\"https:\/\/vieassociative.be\/actualites\/#\/schema\/logo\/image\/\",\"url\":\"https:\/\/vieassociative.be\/actualites\/wp-content\/uploads\/2024\/09\/cropped-vieassociative_favicon.ico.png\",\"contentUrl\":\"https:\/\/vieassociative.be\/actualites\/wp-content\/uploads\/2024\/09\/cropped-vieassociative_favicon.ico.png\",\"width\":512,\"height\":512,\"caption\":\"Vie Associative\"},\"image\":{\"@id\":\"https:\/\/vieassociative.be\/actualites\/#\/schema\/logo\/image\/\"}},{\"@type\":\"Person\",\"@id\":\"https:\/\/vieassociative.be\/actualites\/#\/schema\/person\/b87ac4f82f9d4e7b7cec7395b679edc4\",\"name\":\"Julien\",\"image\":{\"@type\":\"ImageObject\",\"inLanguage\":\"fr-BE\",\"@id\":\"https:\/\/vieassociative.be\/actualites\/#\/schema\/person\/image\/\",\"url\":\"https:\/\/vieassociative.be\/actualites\/wp-content\/uploads\/2024\/09\/vie-associative-1-150x150.jpg\",\"contentUrl\":\"https:\/\/vieassociative.be\/actualites\/wp-content\/uploads\/2024\/09\/vie-associative-1-150x150.jpg\",\"caption\":\"Julien\"},\"description\":\"Je suis Julien, r\u00e9dacteur pour Vie Associative. Passionn\u00e9 par le monde associatif depuis plus de 10 ans, j'ai \u00e0 c\u0153ur de partager des histoires inspirantes et de mettre en lumi\u00e8re les initiatives locales. Mon objectif est de sensibiliser et d'encourager l'engagement communautaire \u00e0 travers mes articles.\",\"sameAs\":[\"https:\/\/vieassociative.be\/\"]}]}<\/script>\n<!-- \/ Yoast SEO plugin. -->","yoast_head_json":{"title":"Quoi de neuf sur Max en mars 2025 | Vie Associative","robots":{"index":"index","follow":"follow","max-snippet":"max-snippet:-1","max-image-preview":"max-image-preview:large","max-video-preview":"max-video-preview:-1"},"canonical":"https:\/\/vieassociative.be\/actualites\/quoi-de-neuf-sur-max-en-mars-2025\/","og_locale":"fr_FR","og_type":"article","og_title":"Quoi de neuf sur Max en mars 2025 | Vie Associative","og_description":"La s\u00e9rie de com\u00e9die \u00abThe Righteous Gemstones\u00bb, \u00abDocuseries\u00ab Celtics City \u00bbet trois films A24. L&rsquo;ardoise de March de Max comprend la quatri\u00e8me et derni\u00e8re saison","og_url":"https:\/\/vieassociative.be\/actualites\/quoi-de-neuf-sur-max-en-mars-2025\/","og_site_name":"Vie Associative","article_published_time":"2025-02-21T01:17:23+00:00","og_image":[{"width":279,"height":92,"url":"https:\/\/vieassociative.be\/actualites\/wp-content\/uploads\/2024\/09\/header_backgroundk-01-e1726694325946.png","type":"image\/png"}],"author":"Julien","twitter_card":"summary_large_image","twitter_misc":{"\u00c9crit par":"Julien","Dur\u00e9e de lecture est.":"5 minutes"},"schema":{"@context":"https:\/\/schema.org","@graph":[{"@type":"Article","@id":"https:\/\/vieassociative.be\/actualites\/quoi-de-neuf-sur-max-en-mars-2025\/#article","isPartOf":{"@id":"https:\/\/vieassociative.be\/actualites\/quoi-de-neuf-sur-max-en-mars-2025\/"},"author":{"name":"Julien","@id":"https:\/\/vieassociative.be\/actualites\/#\/schema\/person\/b87ac4f82f9d4e7b7cec7395b679edc4"},"headline":"Quoi de neuf sur Max en mars 2025","datePublished":"2025-02-21T01:17:23+00:00","dateModified":"2025-02-21T01:17:23+00:00","mainEntityOfPage":{"@id":"https:\/\/vieassociative.be\/actualites\/quoi-de-neuf-sur-max-en-mars-2025\/"},"wordCount":929,"publisher":{"@id":"https:\/\/vieassociative.be\/actualites\/#organization"},"image":{"@id":"https:\/\/vieassociative.be\/actualites\/quoi-de-neuf-sur-max-en-mars-2025\/#primaryimage"},"thumbnailUrl":"https:\/\/vieassociative.be\/actualites\/wp-content\/uploads\/2025\/02\/Quoi-de-neuf-sur-Max-en-mars-2025.png","keywords":["mars","Max","Neuf","quoi","sur"],"articleSection":["Divertissement"],"inLanguage":"fr-BE"},{"@type":"WebPage","@id":"https:\/\/vieassociative.be\/actualites\/quoi-de-neuf-sur-max-en-mars-2025\/","url":"https:\/\/vieassociative.be\/actualites\/quoi-de-neuf-sur-max-en-mars-2025\/","name":"Quoi de neuf sur Max en mars 2025 | Vie Associative","isPartOf":{"@id":"https:\/\/vieassociative.be\/actualites\/#website"},"primaryImageOfPage":{"@id":"https:\/\/vieassociative.be\/actualites\/quoi-de-neuf-sur-max-en-mars-2025\/#primaryimage"},"image":{"@id":"https:\/\/vieassociative.be\/actualites\/quoi-de-neuf-sur-max-en-mars-2025\/#primaryimage"},"thumbnailUrl":"https:\/\/vieassociative.be\/actualites\/wp-content\/uploads\/2025\/02\/Quoi-de-neuf-sur-Max-en-mars-2025.png","datePublished":"2025-02-21T01:17:23+00:00","dateModified":"2025-02-21T01:17:23+00:00","breadcrumb":{"@id":"https:\/\/vieassociative.be\/actualites\/quoi-de-neuf-sur-max-en-mars-2025\/#breadcrumb"},"inLanguage":"fr-BE","potentialAction":[{"@type":"ReadAction","target":["https:\/\/vieassociative.be\/actualites\/quoi-de-neuf-sur-max-en-mars-2025\/"]}]},{"@type":"ImageObject","inLanguage":"fr-BE","@id":"https:\/\/vieassociative.be\/actualites\/quoi-de-neuf-sur-max-en-mars-2025\/#primaryimage","url":"https:\/\/vieassociative.be\/actualites\/wp-content\/uploads\/2025\/02\/Quoi-de-neuf-sur-Max-en-mars-2025.png","contentUrl":"https:\/\/vieassociative.be\/actualites\/wp-content\/uploads\/2025\/02\/Quoi-de-neuf-sur-Max-en-mars-2025.png","width":1200,"height":675,"caption":"Quoi de neuf sur Max en mars 2025"},{"@type":"BreadcrumbList","@id":"https:\/\/vieassociative.be\/actualites\/quoi-de-neuf-sur-max-en-mars-2025\/#breadcrumb","itemListElement":[{"@type":"ListItem","position":1,"name":"Accueil","item":"https:\/\/vieassociative.be\/actualites\/"},{"@type":"ListItem","position":2,"name":"Quoi de neuf sur Max en mars 2025"}]},{"@type":"WebSite","@id":"https:\/\/vieassociative.be\/actualites\/#website","url":"https:\/\/vieassociative.be\/actualites\/","name":"Vie Associative","description":"","publisher":{"@id":"https:\/\/vieassociative.be\/actualites\/#organization"},"potentialAction":[{"@type":"SearchAction","target":{"@type":"EntryPoint","urlTemplate":"https:\/\/vieassociative.be\/actualites\/?s={search_term_string}"},"query-input":{"@type":"PropertyValueSpecification","valueRequired":true,"valueName":"search_term_string"}}],"inLanguage":"fr-BE"},{"@type":"Organization","@id":"https:\/\/vieassociative.be\/actualites\/#organization","name":"Vie Associative","url":"https:\/\/vieassociative.be\/actualites\/","logo":{"@type":"ImageObject","inLanguage":"fr-BE","@id":"https:\/\/vieassociative.be\/actualites\/#\/schema\/logo\/image\/","url":"https:\/\/vieassociative.be\/actualites\/wp-content\/uploads\/2024\/09\/cropped-vieassociative_favicon.ico.png","contentUrl":"https:\/\/vieassociative.be\/actualites\/wp-content\/uploads\/2024\/09\/cropped-vieassociative_favicon.ico.png","width":512,"height":512,"caption":"Vie Associative"},"image":{"@id":"https:\/\/vieassociative.be\/actualites\/#\/schema\/logo\/image\/"}},{"@type":"Person","@id":"https:\/\/vieassociative.be\/actualites\/#\/schema\/person\/b87ac4f82f9d4e7b7cec7395b679edc4","name":"Julien","image":{"@type":"ImageObject","inLanguage":"fr-BE","@id":"https:\/\/vieassociative.be\/actualites\/#\/schema\/person\/image\/","url":"https:\/\/vieassociative.be\/actualites\/wp-content\/uploads\/2024\/09\/vie-associative-1-150x150.jpg","contentUrl":"https:\/\/vieassociative.be\/actualites\/wp-content\/uploads\/2024\/09\/vie-associative-1-150x150.jpg","caption":"Julien"},"description":"Je suis Julien, r\u00e9dacteur pour Vie Associative. Passionn\u00e9 par le monde associatif depuis plus de 10 ans, j'ai \u00e0 c\u0153ur de partager des histoires inspirantes et de mettre en lumi\u00e8re les initiatives locales. Mon objectif est de sensibiliser et d'encourager l'engagement communautaire \u00e0 travers mes articles.","sameAs":["https:\/\/vieassociative.be\/"]}]}},"_links":{"self":[{"href":"https:\/\/vieassociative.be\/actualites\/wp-json\/wp\/v2\/posts\/5278"}],"collection":[{"href":"https:\/\/vieassociative.be\/actualites\/wp-json\/wp\/v2\/posts"}],"about":[{"href":"https:\/\/vieassociative.be\/actualites\/wp-json\/wp\/v2\/types\/post"}],"author":[{"embeddable":true,"href":"https:\/\/vieassociative.be\/actualites\/wp-json\/wp\/v2\/users\/1"}],"replies":[{"embeddable":true,"href":"https:\/\/vieassociative.be\/actualites\/wp-json\/wp\/v2\/comments?post=5278"}],"version-history":[{"count":0,"href":"https:\/\/vieassociative.be\/actualites\/wp-json\/wp\/v2\/posts\/5278\/revisions"}],"wp:featuredmedia":[{"embeddable":true,"href":"https:\/\/vieassociative.be\/actualites\/wp-json\/wp\/v2\/media\/5279"}],"wp:attachment":[{"href":"https:\/\/vieassociative.be\/actualites\/wp-json\/wp\/v2\/media?parent=5278"}],"wp:term":[{"taxonomy":"category","embeddable":true,"href":"https:\/\/vieassociative.be\/actualites\/wp-json\/wp\/v2\/categories?post=5278"},{"taxonomy":"post_tag","embeddable":true,"href":"https:\/\/vieassociative.be\/actualites\/wp-json\/wp\/v2\/tags?post=5278"}],"curies":[{"name":"wp","href":"https:\/\/api.w.org\/{rel}","templated":true}]}}