{"id":5271,"date":"2025-02-20T21:17:31","date_gmt":"2025-02-20T20:17:31","guid":{"rendered":"https:\/\/vieassociative.be\/actualites\/jugement-dans-le-scandale-des-kiss-espagnols-des-amendes-de-pres-de-11-000-euros-pour-les-rubis-assurent-lindignation\/"},"modified":"2025-02-20T21:17:31","modified_gmt":"2025-02-20T20:17:31","slug":"jugement-dans-le-scandale-des-kiss-espagnols-des-amendes-de-pres-de-11-000-euros-pour-les-rubis-assurent-lindignation","status":"publish","type":"post","link":"https:\/\/vieassociative.be\/actualites\/jugement-dans-le-scandale-des-kiss-espagnols-des-amendes-de-pres-de-11-000-euros-pour-les-rubis-assurent-lindignation\/","title":{"rendered":"Jugement dans le scandale des Kiss espagnols: des amendes de pr\u00e8s de 11 000 euros pour les rubis assurent l&rsquo;indignation"},"content":{"rendered":"<p><strong>Dans l&rsquo;affaire KISS du football espagnol, il y a eu une d\u00e9claration contre la d\u00e9claration jusqu&rsquo;\u00e0 la fin. Apr\u00e8s un an et demi, il y a un jugement. Cependant, cela n&rsquo;est satisfait que de quelques-uns.<\/strong><\/p>\n<p><span id=\"more-408667\"><\/span>Dans le scandale des baiser du football espagnol, un jugement inattendu a \u00e9t\u00e9 fait et a conduit \u00e0 l&rsquo;indignation et \u00e0 la d\u00e9ception. L&rsquo;ancien patron d&rsquo;association, Luis Rubiales, \u00e9tait coupable d&rsquo;agression sexuelle parce qu&rsquo;il avait embrass\u00e9 la joueuse Jennifer Hermoso sur sa bouche contre son testament apr\u00e8s la finale de la Coupe du monde 2023.<\/p>\n<p>Cependant, il provient d&rsquo;une peine de prison de deux ans et demi que le procureur avait demand\u00e9. autour. Seule une amende de pr\u00e8s de 11 000 euros lui a \u00e9t\u00e9 impos\u00e9e.<\/p>\n<\/p>\n<div id=\"attachment_408672\" class=\"wp-caption alignleft\" style=\"max-width: 300px\"><img fetchpriority=\"high\" decoding=\"async\" class=\"wp-image-408672 size-medium\" src=\"https:\/\/vieassociative.be\/actualites\/wp-content\/uploads\/2025\/02\/Jugement-dans-le-scandale-des-Kiss-espagnols-des-amendes-de.jpg\" alt=\"\" width=\"300\" height=\"200\"><\/p>\n<p class=\"wp-caption-text\">15.09.2023, Espagne, Madrid: Luis Rubiales (R), ancien pr\u00e9sident de l&rsquo;Association de football espagnol, devant la Cour nationale de justice de Madrid. Photo: Manu Fernandez \/ AP \/ DPA<\/p>\n<\/div>\n<p><strong>&#8211; Rubiales ne doit pas aborder la victime:<\/strong><br \/>\n L&rsquo;accus\u00e9 est \u00ab\u00a0condamn\u00e9 \u00e0 une amende de 18 mois de 20 euros par jour\u00a0\u00bb, a indiqu\u00e9 un communiqu\u00e9 du tribunal d&rsquo;\u00c9tat de Madrid. De plus, il est interdit aux rubis de s&rsquo;approcher du joueur dans un rayon de 200 m\u00e8tres et de communiquer avec elle pendant un an. Les deux parties peuvent s&rsquo;opposer au jugement.<\/p>\n<p>Cette amende est \u00ab\u00a0minimale\u00a0\u00bb, se plaint par l&rsquo;EP et l&rsquo;ancien ministre espagnol d&rsquo;\u00e9galit\u00e9 des chances Irene Montero. Sur Internet, beaucoup ont d\u00e9clar\u00e9 que Rubyers pourrait payer la punition de l&rsquo;affranchissement. Le prestigieux journaliste et influenceur Fonsi Loaiza a ironiquement compar\u00e9 le salaire annuel des rubis sur la plate-forme X en tant que pr\u00e9sident de l&rsquo;association, qui \u00e9tait de 930 000 euros, avec la faible punition.<\/p>\n<p><strong>&#8211; Football espagnol \u00ab\u00a0compl\u00e8tement pourri\u00a0\u00bb:<\/strong> Dans le diffuseur t\u00e9l\u00e9vis\u00e9 \u00ab\u00a0La Sexta\u00a0\u00bb, l&rsquo;analyste Pablo Pombo a frapp\u00e9 le m\u00eame encoche et a constat\u00e9 que le verdict \u00e9tait \u00ab\u00a0compl\u00e8tement inad\u00e9quat\u00a0\u00bb. Dans l&rsquo;indignation, il a appel\u00e9: \u00ab\u00a0J&rsquo;esp\u00e8re qu&rsquo;il y aura bient\u00f4t plus de convictions dans le football espagnol, car il est clair qu&rsquo;il est compl\u00e8tement pourri.\u00a0\u00bb L&rsquo;association des femmes progressistes Espagne a d\u00e9clar\u00e9 qu&rsquo;elle \u00e9tait \u00ab\u00a0profond\u00e9ment d\u00e9\u00e7ue\u00a0\u00bb en raison du jugement l\u00e9ger.<\/p>\n<\/p>\n<div id=\"attachment_360490\" class=\"wp-caption alignleft\" style=\"max-width: 300px\"><img decoding=\"async\" class=\"wp-image-360490 size-medium\" src=\"https:\/\/vieassociative.be\/actualites\/wp-content\/uploads\/2025\/02\/1740082651_999_Jugement-dans-le-scandale-des-Kiss-espagnols-des-amendes-de.jpg\" alt=\"\" width=\"300\" height=\"200\"  ><\/p>\n<p class=\"wp-caption-text\">14.08.2023, Nouvelle-Z\u00e9lande, Auckland: l&rsquo;entra\u00eeneur-chef espagnol Jorge Vilda (L) et le joueur Jennifer Hermoso affrontent les questions des journalistes avant le match \u00e0 Eden Park. Photo: Alessandra Tarantino \/ AP<\/p>\n<\/div>\n<p>Rubiales avait \u00e9t\u00e9 accus\u00e9 d&rsquo;agression sexuelle car lors de la c\u00e9r\u00e9monie de remise des prix apr\u00e8s la victoire finale 1-0 contre l&rsquo;Angleterre lors de la Coupe du monde en Australie. Cependant, l&rsquo;homme de 47 ans avait \u00e9galement pris la coercition parce qu&rsquo;il aurait mis le joueur sous pression avec les employ\u00e9s d&rsquo;alors afin qu&rsquo;il le soulage.<\/p>\n<p>Rubiales a \u00e9t\u00e9 acquitt\u00e9 de l&rsquo;all\u00e9gation de coercition &#8211; ainsi que les trois co-accus\u00e9s. En plus de Rubiales, l&rsquo;entra\u00eeneur national de l&rsquo;ancien des femmes Jorge Vilda, l&rsquo;ancien directeur sportif de la RFEF, Albert Luque, et l&rsquo;ancien directeur marketing de l&rsquo;association, Rub\u00e9n Rivera, ont \u00e9galement pris place dans la banlieue de Madrid de San Fernando de Henares.<\/p>\n<p><strong>&#8211; Le juge justifie le jugement de Milde:<\/strong> La raison du juge Jos\u00e9 Manuel Fern\u00e1ndez-Prieto pour le jugement relativement doux \u00e9tait qu&rsquo;il a \u00e9t\u00e9 prouv\u00e9 qu&rsquo;Hermoso avait \u00e9t\u00e9 embrass\u00e9e contre son testament. Cependant, il n&rsquo;y a eu aucune violence ou intimidation. La coercition n&rsquo;a pas \u00e9t\u00e9 prouv\u00e9e. L&rsquo;association espagnole et la ligue professionnelle du pays leur ont fait savoir qu&rsquo;elles respectent le jugement.<\/p>\n<p>Le scandale a \u00e9clips\u00e9 le triomphe de la Coupe du monde des Espagnols en ao\u00fbt 2023. Au cours de l&rsquo;affaire, Rubiales a d\u00e9missionn\u00e9 de la t\u00eate de la RFEF un peu plus tard. Entre autres choses, il a \u00e9t\u00e9 bloqu\u00e9 par la FIFA de l&rsquo;Association mondiale pendant trois ans. Rubiales a rejet\u00e9 toutes les all\u00e9gations \u00e0 plusieurs reprises et est revenu \u00e0 la fin et a assur\u00e9 qu&rsquo;il avait demand\u00e9 \u00e0 Hermoso la permission avant le baiser.<\/p>\n<div id=\"attachment_360745\" class=\"wp-caption alignleft\" style=\"max-width: 300px\"><img decoding=\"async\" class=\"wp-image-360745 size-medium\" src=\"https:\/\/vieassociative.be\/actualites\/wp-content\/uploads\/2025\/02\/1740082651_811_Jugement-dans-le-scandale-des-Kiss-espagnols-des-amendes-de.jpg\" alt=\"\" width=\"300\" height=\"200\"  ><\/p>\n<p class=\"wp-caption-text\">28.08.2023, Espagne, Madrid: \u00ab\u00a0Jenni, nous sommes avec vous &#8211; #esistaus\u00a0\u00bb, se tient sur une affiche lors d&rsquo;une manifestation contre le comportement du pr\u00e9sident de l&rsquo;association de football espagnole RFEF Rubiales. Photo: Jes\u00fas Hell\u00edn \/ Europa Press \/ DPA<\/p>\n<\/div>\n<p>Dans le proc\u00e8s, Hermoso a rapport\u00e9 le premier jour du proc\u00e8s que le baiser involontaire avait d\u00e9clench\u00e9 son \u00ab\u00a0d\u00e9go\u00fbt et d\u00e9go\u00fbt\u00a0\u00bb et \u00ab\u00a0\u00e9clips\u00e9 l&rsquo;un des jours les plus heureux de ma vie\u00a0\u00bb. L&rsquo;homme de 34 ans avait \u00e9galement dit que dans les jours qui ont suivi la Coupe du monde, elle a \u00e9t\u00e9 mise sous non seulement Ruby mais aussi d&rsquo;autres employ\u00e9s de l&rsquo;association \u00e0 l&rsquo;\u00e9poque afin qu&rsquo;elle n&rsquo;ait pas accul\u00e9 la question et n&rsquo;accuse pas la question.<\/p>\n<p><strong>&#8211; Hermosos s&rsquo;\u00e9chappe de l&rsquo;Espagne:<\/strong> Elle a \u00e9galement subi une v\u00e9ritable course de gantelet avec harc\u00e8lement, insultes et m\u00eame menaces de mort. \u00ab\u00a0Pendant un certain temps, j&rsquo;avais peur de descendre dans la rue\u00a0\u00bb, a-t-elle d\u00e9clar\u00e9. \u00c0 un moment donn\u00e9, elle a pris la d\u00e9cision de \u00ab\u00a0quitter Madrid avec toute la famille\u00a0\u00bb, a rapport\u00e9 l&rsquo;attaquant, qui joue actuellement pour Tigres Feminil dans le Mexique lointain.<\/p>\n<p>Au milieu de l&rsquo;indignation g\u00e9n\u00e9rale, la politicienne et activiste Irene Montero a trouv\u00e9 un peu de r\u00e9confort: \u00abIl n&rsquo;y a pas si longtemps, il \u00e9tait impensable que le pouvoir judiciaire reconnaisse un baiser non mutuellement acceptable comme une agression sexuelle. Le f\u00e9minisme change tout: seulement oui. \u00a0\u00bb (DPA)<\/p>\n","protected":false},"excerpt":{"rendered":"<p>Dans l&rsquo;affaire KISS du football espagnol, il y a eu une d\u00e9claration contre la d\u00e9claration jusqu&rsquo;\u00e0 la fin. Apr\u00e8s un an et demi, il y<\/p>\n","protected":false},"author":1,"featured_media":5272,"comment_status":"","ping_status":"","sticky":false,"template":"","format":"standard","meta":{"footnotes":""},"categories":[298],"tags":[5426,5429,166,29,5425,5427,5312,5424,14,5430,81,1750,5428,3356],"class_list":["post-5271","post","type-post","status-publish","format-standard","has-post-thumbnail","hentry","category-belgique","tag-amendes","tag-assurent","tag-dans","tag-des","tag-espagnols","tag-euros","tag-jugement","tag-kiss","tag-les","tag-lindignation","tag-pour","tag-pres","tag-rubis","tag-scandale","generate-columns","tablet-grid-50","mobile-grid-100","grid-parent","grid-33"],"yoast_head":"<!-- This site is optimized with the Yoast SEO plugin v24.0 - https:\/\/yoast.com\/wordpress\/plugins\/seo\/ -->\n<title>Jugement dans le scandale des Kiss espagnols: des amendes de pr\u00e8s de 11 000 euros pour les rubis assurent l&#039;indignation | Vie Associative<\/title>\n<meta name=\"robots\" content=\"index, follow, max-snippet:-1, max-image-preview:large, max-video-preview:-1\" \/>\n<link rel=\"canonical\" href=\"https:\/\/vieassociative.be\/actualites\/jugement-dans-le-scandale-des-kiss-espagnols-des-amendes-de-pres-de-11-000-euros-pour-les-rubis-assurent-lindignation\/\" \/>\n<meta property=\"og:locale\" content=\"fr_FR\" \/>\n<meta property=\"og:type\" content=\"article\" \/>\n<meta property=\"og:title\" content=\"Jugement dans le scandale des Kiss espagnols: des amendes de pr\u00e8s de 11 000 euros pour les rubis assurent l&#039;indignation | Vie Associative\" \/>\n<meta property=\"og:description\" content=\"Dans l&rsquo;affaire KISS du football espagnol, il y a eu une d\u00e9claration contre la d\u00e9claration jusqu&rsquo;\u00e0 la fin. Apr\u00e8s un an et demi, il y\" \/>\n<meta property=\"og:url\" content=\"https:\/\/vieassociative.be\/actualites\/jugement-dans-le-scandale-des-kiss-espagnols-des-amendes-de-pres-de-11-000-euros-pour-les-rubis-assurent-lindignation\/\" \/>\n<meta property=\"og:site_name\" content=\"Vie Associative\" \/>\n<meta property=\"article:published_time\" content=\"2025-02-20T20:17:31+00:00\" \/>\n<meta property=\"og:image\" content=\"https:\/\/vieassociative.be\/actualites\/wp-content\/uploads\/2024\/09\/header_backgroundk-01-e1726694325946.png\" \/>\n\t<meta property=\"og:image:width\" content=\"279\" \/>\n\t<meta property=\"og:image:height\" content=\"92\" \/>\n\t<meta property=\"og:image:type\" content=\"image\/png\" \/>\n<meta name=\"author\" content=\"Julien\" \/>\n<meta name=\"twitter:card\" content=\"summary_large_image\" \/>\n<meta name=\"twitter:label1\" content=\"\u00c9crit par\" \/>\n\t<meta name=\"twitter:data1\" content=\"Julien\" \/>\n\t<meta name=\"twitter:label2\" content=\"Dur\u00e9e de lecture est.\" \/>\n\t<meta name=\"twitter:data2\" content=\"4 minutes\" \/>\n<script type=\"application\/ld+json\" class=\"yoast-schema-graph\">{\"@context\":\"https:\/\/schema.org\",\"@graph\":[{\"@type\":\"Article\",\"@id\":\"https:\/\/vieassociative.be\/actualites\/jugement-dans-le-scandale-des-kiss-espagnols-des-amendes-de-pres-de-11-000-euros-pour-les-rubis-assurent-lindignation\/#article\",\"isPartOf\":{\"@id\":\"https:\/\/vieassociative.be\/actualites\/jugement-dans-le-scandale-des-kiss-espagnols-des-amendes-de-pres-de-11-000-euros-pour-les-rubis-assurent-lindignation\/\"},\"author\":{\"name\":\"Julien\",\"@id\":\"https:\/\/vieassociative.be\/actualites\/#\/schema\/person\/b87ac4f82f9d4e7b7cec7395b679edc4\"},\"headline\":\"Jugement dans le scandale des Kiss espagnols: des amendes de pr\u00e8s de 11 000 euros pour les rubis assurent l&rsquo;indignation\",\"datePublished\":\"2025-02-20T20:17:31+00:00\",\"dateModified\":\"2025-02-20T20:17:31+00:00\",\"mainEntityOfPage\":{\"@id\":\"https:\/\/vieassociative.be\/actualites\/jugement-dans-le-scandale-des-kiss-espagnols-des-amendes-de-pres-de-11-000-euros-pour-les-rubis-assurent-lindignation\/\"},\"wordCount\":970,\"publisher\":{\"@id\":\"https:\/\/vieassociative.be\/actualites\/#organization\"},\"image\":{\"@id\":\"https:\/\/vieassociative.be\/actualites\/jugement-dans-le-scandale-des-kiss-espagnols-des-amendes-de-pres-de-11-000-euros-pour-les-rubis-assurent-lindignation\/#primaryimage\"},\"thumbnailUrl\":\"https:\/\/vieassociative.be\/actualites\/wp-content\/uploads\/2025\/02\/1740082652_Jugement-dans-le-scandale-des-Kiss-espagnols-des-amendes-de.jpg\",\"keywords\":[\"amendes\",\"assurent\",\"dans\",\"Des\",\"espagnols\",\"euros\",\"jugement\",\"Kiss\",\"Les\",\"lindignation\",\"pour\",\"pr\u00e8s\",\"rubis\",\"scandale\"],\"articleSection\":[\"Belgique\"],\"inLanguage\":\"fr-BE\"},{\"@type\":\"WebPage\",\"@id\":\"https:\/\/vieassociative.be\/actualites\/jugement-dans-le-scandale-des-kiss-espagnols-des-amendes-de-pres-de-11-000-euros-pour-les-rubis-assurent-lindignation\/\",\"url\":\"https:\/\/vieassociative.be\/actualites\/jugement-dans-le-scandale-des-kiss-espagnols-des-amendes-de-pres-de-11-000-euros-pour-les-rubis-assurent-lindignation\/\",\"name\":\"Jugement dans le scandale des Kiss espagnols: des amendes de pr\u00e8s de 11 000 euros pour les rubis assurent l'indignation | Vie Associative\",\"isPartOf\":{\"@id\":\"https:\/\/vieassociative.be\/actualites\/#website\"},\"primaryImageOfPage\":{\"@id\":\"https:\/\/vieassociative.be\/actualites\/jugement-dans-le-scandale-des-kiss-espagnols-des-amendes-de-pres-de-11-000-euros-pour-les-rubis-assurent-lindignation\/#primaryimage\"},\"image\":{\"@id\":\"https:\/\/vieassociative.be\/actualites\/jugement-dans-le-scandale-des-kiss-espagnols-des-amendes-de-pres-de-11-000-euros-pour-les-rubis-assurent-lindignation\/#primaryimage\"},\"thumbnailUrl\":\"https:\/\/vieassociative.be\/actualites\/wp-content\/uploads\/2025\/02\/1740082652_Jugement-dans-le-scandale-des-Kiss-espagnols-des-amendes-de.jpg\",\"datePublished\":\"2025-02-20T20:17:31+00:00\",\"dateModified\":\"2025-02-20T20:17:31+00:00\",\"breadcrumb\":{\"@id\":\"https:\/\/vieassociative.be\/actualites\/jugement-dans-le-scandale-des-kiss-espagnols-des-amendes-de-pres-de-11-000-euros-pour-les-rubis-assurent-lindignation\/#breadcrumb\"},\"inLanguage\":\"fr-BE\",\"potentialAction\":[{\"@type\":\"ReadAction\",\"target\":[\"https:\/\/vieassociative.be\/actualites\/jugement-dans-le-scandale-des-kiss-espagnols-des-amendes-de-pres-de-11-000-euros-pour-les-rubis-assurent-lindignation\/\"]}]},{\"@type\":\"ImageObject\",\"inLanguage\":\"fr-BE\",\"@id\":\"https:\/\/vieassociative.be\/actualites\/jugement-dans-le-scandale-des-kiss-espagnols-des-amendes-de-pres-de-11-000-euros-pour-les-rubis-assurent-lindignation\/#primaryimage\",\"url\":\"https:\/\/vieassociative.be\/actualites\/wp-content\/uploads\/2025\/02\/1740082652_Jugement-dans-le-scandale-des-Kiss-espagnols-des-amendes-de.jpg\",\"contentUrl\":\"https:\/\/vieassociative.be\/actualites\/wp-content\/uploads\/2025\/02\/1740082652_Jugement-dans-le-scandale-des-Kiss-espagnols-des-amendes-de.jpg\",\"width\":1200,\"height\":800,\"caption\":\"Jugement dans le scandale des Kiss espagnols: des amendes de pr\u00e8s de 11 000 euros pour les rubis assurent l'indignation\"},{\"@type\":\"BreadcrumbList\",\"@id\":\"https:\/\/vieassociative.be\/actualites\/jugement-dans-le-scandale-des-kiss-espagnols-des-amendes-de-pres-de-11-000-euros-pour-les-rubis-assurent-lindignation\/#breadcrumb\",\"itemListElement\":[{\"@type\":\"ListItem\",\"position\":1,\"name\":\"Accueil\",\"item\":\"https:\/\/vieassociative.be\/actualites\/\"},{\"@type\":\"ListItem\",\"position\":2,\"name\":\"Jugement dans le scandale des Kiss espagnols: des amendes de pr\u00e8s de 11 000 euros pour les rubis assurent l&rsquo;indignation\"}]},{\"@type\":\"WebSite\",\"@id\":\"https:\/\/vieassociative.be\/actualites\/#website\",\"url\":\"https:\/\/vieassociative.be\/actualites\/\",\"name\":\"Vie Associative\",\"description\":\"\",\"publisher\":{\"@id\":\"https:\/\/vieassociative.be\/actualites\/#organization\"},\"potentialAction\":[{\"@type\":\"SearchAction\",\"target\":{\"@type\":\"EntryPoint\",\"urlTemplate\":\"https:\/\/vieassociative.be\/actualites\/?s={search_term_string}\"},\"query-input\":{\"@type\":\"PropertyValueSpecification\",\"valueRequired\":true,\"valueName\":\"search_term_string\"}}],\"inLanguage\":\"fr-BE\"},{\"@type\":\"Organization\",\"@id\":\"https:\/\/vieassociative.be\/actualites\/#organization\",\"name\":\"Vie Associative\",\"url\":\"https:\/\/vieassociative.be\/actualites\/\",\"logo\":{\"@type\":\"ImageObject\",\"inLanguage\":\"fr-BE\",\"@id\":\"https:\/\/vieassociative.be\/actualites\/#\/schema\/logo\/image\/\",\"url\":\"https:\/\/vieassociative.be\/actualites\/wp-content\/uploads\/2024\/09\/cropped-vieassociative_favicon.ico.png\",\"contentUrl\":\"https:\/\/vieassociative.be\/actualites\/wp-content\/uploads\/2024\/09\/cropped-vieassociative_favicon.ico.png\",\"width\":512,\"height\":512,\"caption\":\"Vie Associative\"},\"image\":{\"@id\":\"https:\/\/vieassociative.be\/actualites\/#\/schema\/logo\/image\/\"}},{\"@type\":\"Person\",\"@id\":\"https:\/\/vieassociative.be\/actualites\/#\/schema\/person\/b87ac4f82f9d4e7b7cec7395b679edc4\",\"name\":\"Julien\",\"image\":{\"@type\":\"ImageObject\",\"inLanguage\":\"fr-BE\",\"@id\":\"https:\/\/vieassociative.be\/actualites\/#\/schema\/person\/image\/\",\"url\":\"https:\/\/vieassociative.be\/actualites\/wp-content\/uploads\/2024\/09\/vie-associative-1-150x150.jpg\",\"contentUrl\":\"https:\/\/vieassociative.be\/actualites\/wp-content\/uploads\/2024\/09\/vie-associative-1-150x150.jpg\",\"caption\":\"Julien\"},\"description\":\"Je suis Julien, r\u00e9dacteur pour Vie Associative. Passionn\u00e9 par le monde associatif depuis plus de 10 ans, j'ai \u00e0 c\u0153ur de partager des histoires inspirantes et de mettre en lumi\u00e8re les initiatives locales. Mon objectif est de sensibiliser et d'encourager l'engagement communautaire \u00e0 travers mes articles.\",\"sameAs\":[\"https:\/\/vieassociative.be\/\"]}]}<\/script>\n<!-- \/ Yoast SEO plugin. -->","yoast_head_json":{"title":"Jugement dans le scandale des Kiss espagnols: des amendes de pr\u00e8s de 11 000 euros pour les rubis assurent l'indignation | Vie Associative","robots":{"index":"index","follow":"follow","max-snippet":"max-snippet:-1","max-image-preview":"max-image-preview:large","max-video-preview":"max-video-preview:-1"},"canonical":"https:\/\/vieassociative.be\/actualites\/jugement-dans-le-scandale-des-kiss-espagnols-des-amendes-de-pres-de-11-000-euros-pour-les-rubis-assurent-lindignation\/","og_locale":"fr_FR","og_type":"article","og_title":"Jugement dans le scandale des Kiss espagnols: des amendes de pr\u00e8s de 11 000 euros pour les rubis assurent l'indignation | Vie Associative","og_description":"Dans l&rsquo;affaire KISS du football espagnol, il y a eu une d\u00e9claration contre la d\u00e9claration jusqu&rsquo;\u00e0 la fin. Apr\u00e8s un an et demi, il y","og_url":"https:\/\/vieassociative.be\/actualites\/jugement-dans-le-scandale-des-kiss-espagnols-des-amendes-de-pres-de-11-000-euros-pour-les-rubis-assurent-lindignation\/","og_site_name":"Vie Associative","article_published_time":"2025-02-20T20:17:31+00:00","og_image":[{"width":279,"height":92,"url":"https:\/\/vieassociative.be\/actualites\/wp-content\/uploads\/2024\/09\/header_backgroundk-01-e1726694325946.png","type":"image\/png"}],"author":"Julien","twitter_card":"summary_large_image","twitter_misc":{"\u00c9crit par":"Julien","Dur\u00e9e de lecture est.":"4 minutes"},"schema":{"@context":"https:\/\/schema.org","@graph":[{"@type":"Article","@id":"https:\/\/vieassociative.be\/actualites\/jugement-dans-le-scandale-des-kiss-espagnols-des-amendes-de-pres-de-11-000-euros-pour-les-rubis-assurent-lindignation\/#article","isPartOf":{"@id":"https:\/\/vieassociative.be\/actualites\/jugement-dans-le-scandale-des-kiss-espagnols-des-amendes-de-pres-de-11-000-euros-pour-les-rubis-assurent-lindignation\/"},"author":{"name":"Julien","@id":"https:\/\/vieassociative.be\/actualites\/#\/schema\/person\/b87ac4f82f9d4e7b7cec7395b679edc4"},"headline":"Jugement dans le scandale des Kiss espagnols: des amendes de pr\u00e8s de 11 000 euros pour les rubis assurent l&rsquo;indignation","datePublished":"2025-02-20T20:17:31+00:00","dateModified":"2025-02-20T20:17:31+00:00","mainEntityOfPage":{"@id":"https:\/\/vieassociative.be\/actualites\/jugement-dans-le-scandale-des-kiss-espagnols-des-amendes-de-pres-de-11-000-euros-pour-les-rubis-assurent-lindignation\/"},"wordCount":970,"publisher":{"@id":"https:\/\/vieassociative.be\/actualites\/#organization"},"image":{"@id":"https:\/\/vieassociative.be\/actualites\/jugement-dans-le-scandale-des-kiss-espagnols-des-amendes-de-pres-de-11-000-euros-pour-les-rubis-assurent-lindignation\/#primaryimage"},"thumbnailUrl":"https:\/\/vieassociative.be\/actualites\/wp-content\/uploads\/2025\/02\/1740082652_Jugement-dans-le-scandale-des-Kiss-espagnols-des-amendes-de.jpg","keywords":["amendes","assurent","dans","Des","espagnols","euros","jugement","Kiss","Les","lindignation","pour","pr\u00e8s","rubis","scandale"],"articleSection":["Belgique"],"inLanguage":"fr-BE"},{"@type":"WebPage","@id":"https:\/\/vieassociative.be\/actualites\/jugement-dans-le-scandale-des-kiss-espagnols-des-amendes-de-pres-de-11-000-euros-pour-les-rubis-assurent-lindignation\/","url":"https:\/\/vieassociative.be\/actualites\/jugement-dans-le-scandale-des-kiss-espagnols-des-amendes-de-pres-de-11-000-euros-pour-les-rubis-assurent-lindignation\/","name":"Jugement dans le scandale des Kiss espagnols: des amendes de pr\u00e8s de 11 000 euros pour les rubis assurent l'indignation | Vie Associative","isPartOf":{"@id":"https:\/\/vieassociative.be\/actualites\/#website"},"primaryImageOfPage":{"@id":"https:\/\/vieassociative.be\/actualites\/jugement-dans-le-scandale-des-kiss-espagnols-des-amendes-de-pres-de-11-000-euros-pour-les-rubis-assurent-lindignation\/#primaryimage"},"image":{"@id":"https:\/\/vieassociative.be\/actualites\/jugement-dans-le-scandale-des-kiss-espagnols-des-amendes-de-pres-de-11-000-euros-pour-les-rubis-assurent-lindignation\/#primaryimage"},"thumbnailUrl":"https:\/\/vieassociative.be\/actualites\/wp-content\/uploads\/2025\/02\/1740082652_Jugement-dans-le-scandale-des-Kiss-espagnols-des-amendes-de.jpg","datePublished":"2025-02-20T20:17:31+00:00","dateModified":"2025-02-20T20:17:31+00:00","breadcrumb":{"@id":"https:\/\/vieassociative.be\/actualites\/jugement-dans-le-scandale-des-kiss-espagnols-des-amendes-de-pres-de-11-000-euros-pour-les-rubis-assurent-lindignation\/#breadcrumb"},"inLanguage":"fr-BE","potentialAction":[{"@type":"ReadAction","target":["https:\/\/vieassociative.be\/actualites\/jugement-dans-le-scandale-des-kiss-espagnols-des-amendes-de-pres-de-11-000-euros-pour-les-rubis-assurent-lindignation\/"]}]},{"@type":"ImageObject","inLanguage":"fr-BE","@id":"https:\/\/vieassociative.be\/actualites\/jugement-dans-le-scandale-des-kiss-espagnols-des-amendes-de-pres-de-11-000-euros-pour-les-rubis-assurent-lindignation\/#primaryimage","url":"https:\/\/vieassociative.be\/actualites\/wp-content\/uploads\/2025\/02\/1740082652_Jugement-dans-le-scandale-des-Kiss-espagnols-des-amendes-de.jpg","contentUrl":"https:\/\/vieassociative.be\/actualites\/wp-content\/uploads\/2025\/02\/1740082652_Jugement-dans-le-scandale-des-Kiss-espagnols-des-amendes-de.jpg","width":1200,"height":800,"caption":"Jugement dans le scandale des Kiss espagnols: des amendes de pr\u00e8s de 11 000 euros pour les rubis assurent l'indignation"},{"@type":"BreadcrumbList","@id":"https:\/\/vieassociative.be\/actualites\/jugement-dans-le-scandale-des-kiss-espagnols-des-amendes-de-pres-de-11-000-euros-pour-les-rubis-assurent-lindignation\/#breadcrumb","itemListElement":[{"@type":"ListItem","position":1,"name":"Accueil","item":"https:\/\/vieassociative.be\/actualites\/"},{"@type":"ListItem","position":2,"name":"Jugement dans le scandale des Kiss espagnols: des amendes de pr\u00e8s de 11 000 euros pour les rubis assurent l&rsquo;indignation"}]},{"@type":"WebSite","@id":"https:\/\/vieassociative.be\/actualites\/#website","url":"https:\/\/vieassociative.be\/actualites\/","name":"Vie Associative","description":"","publisher":{"@id":"https:\/\/vieassociative.be\/actualites\/#organization"},"potentialAction":[{"@type":"SearchAction","target":{"@type":"EntryPoint","urlTemplate":"https:\/\/vieassociative.be\/actualites\/?s={search_term_string}"},"query-input":{"@type":"PropertyValueSpecification","valueRequired":true,"valueName":"search_term_string"}}],"inLanguage":"fr-BE"},{"@type":"Organization","@id":"https:\/\/vieassociative.be\/actualites\/#organization","name":"Vie Associative","url":"https:\/\/vieassociative.be\/actualites\/","logo":{"@type":"ImageObject","inLanguage":"fr-BE","@id":"https:\/\/vieassociative.be\/actualites\/#\/schema\/logo\/image\/","url":"https:\/\/vieassociative.be\/actualites\/wp-content\/uploads\/2024\/09\/cropped-vieassociative_favicon.ico.png","contentUrl":"https:\/\/vieassociative.be\/actualites\/wp-content\/uploads\/2024\/09\/cropped-vieassociative_favicon.ico.png","width":512,"height":512,"caption":"Vie Associative"},"image":{"@id":"https:\/\/vieassociative.be\/actualites\/#\/schema\/logo\/image\/"}},{"@type":"Person","@id":"https:\/\/vieassociative.be\/actualites\/#\/schema\/person\/b87ac4f82f9d4e7b7cec7395b679edc4","name":"Julien","image":{"@type":"ImageObject","inLanguage":"fr-BE","@id":"https:\/\/vieassociative.be\/actualites\/#\/schema\/person\/image\/","url":"https:\/\/vieassociative.be\/actualites\/wp-content\/uploads\/2024\/09\/vie-associative-1-150x150.jpg","contentUrl":"https:\/\/vieassociative.be\/actualites\/wp-content\/uploads\/2024\/09\/vie-associative-1-150x150.jpg","caption":"Julien"},"description":"Je suis Julien, r\u00e9dacteur pour Vie Associative. Passionn\u00e9 par le monde associatif depuis plus de 10 ans, j'ai \u00e0 c\u0153ur de partager des histoires inspirantes et de mettre en lumi\u00e8re les initiatives locales. Mon objectif est de sensibiliser et d'encourager l'engagement communautaire \u00e0 travers mes articles.","sameAs":["https:\/\/vieassociative.be\/"]}]}},"_links":{"self":[{"href":"https:\/\/vieassociative.be\/actualites\/wp-json\/wp\/v2\/posts\/5271"}],"collection":[{"href":"https:\/\/vieassociative.be\/actualites\/wp-json\/wp\/v2\/posts"}],"about":[{"href":"https:\/\/vieassociative.be\/actualites\/wp-json\/wp\/v2\/types\/post"}],"author":[{"embeddable":true,"href":"https:\/\/vieassociative.be\/actualites\/wp-json\/wp\/v2\/users\/1"}],"replies":[{"embeddable":true,"href":"https:\/\/vieassociative.be\/actualites\/wp-json\/wp\/v2\/comments?post=5271"}],"version-history":[{"count":0,"href":"https:\/\/vieassociative.be\/actualites\/wp-json\/wp\/v2\/posts\/5271\/revisions"}],"wp:featuredmedia":[{"embeddable":true,"href":"https:\/\/vieassociative.be\/actualites\/wp-json\/wp\/v2\/media\/5272"}],"wp:attachment":[{"href":"https:\/\/vieassociative.be\/actualites\/wp-json\/wp\/v2\/media?parent=5271"}],"wp:term":[{"taxonomy":"category","embeddable":true,"href":"https:\/\/vieassociative.be\/actualites\/wp-json\/wp\/v2\/categories?post=5271"},{"taxonomy":"post_tag","embeddable":true,"href":"https:\/\/vieassociative.be\/actualites\/wp-json\/wp\/v2\/tags?post=5271"}],"curies":[{"name":"wp","href":"https:\/\/api.w.org\/{rel}","templated":true}]}}