{"id":5265,"date":"2025-02-20T15:17:19","date_gmt":"2025-02-20T14:17:19","guid":{"rendered":"https:\/\/vieassociative.be\/actualites\/la-conscription-en-belgique-est-elle-reintroduite\/"},"modified":"2025-02-20T15:17:19","modified_gmt":"2025-02-20T14:17:19","slug":"la-conscription-en-belgique-est-elle-reintroduite","status":"publish","type":"post","link":"https:\/\/vieassociative.be\/actualites\/la-conscription-en-belgique-est-elle-reintroduite\/","title":{"rendered":"La conscription en Belgique est-elle r\u00e9introduite?"},"content":{"rendered":"<p><strong>En huit jours, il y a 30 ans, le service militaire obligatoire en Belgique a \u00e9t\u00e9 aboli. Les jeunes n&rsquo;avaient plus \u00e0 passer environ un an d&rsquo;apprentissage \u00e0 faire face aux armes et \u00e0 marcher en pas.<\/strong><\/p>\n<p><span id=\"more-408617\"><\/span>Lorsque le service militaire obligatoire a \u00e9t\u00e9 aboli le 28 f\u00e9vrier 1995, la plupart des Belges pensaient que l&rsquo;Europe obtiendrait la paix \u00e9ternelle.<\/p>\n<p>Il y avait de plus en plus de reliefs plus t\u00f4t. \u00c0 partir des ann\u00e9es 1970, l&rsquo;opportunit\u00e9 a \u00e9t\u00e9 progressivement cr\u00e9\u00e9e dans de nombreux pays europ\u00e9ens pour faire un service de substitut militaire au lieu du service militaire, qui a souvent dur\u00e9 beaucoup plus longtemps.<\/p>\n<div id=\"attachment_269091\" class=\"wp-caption alignleft\" style=\"max-width: 300px\"><img fetchpriority=\"high\" decoding=\"async\" class=\"wp-image-269091 size-medium\" src=\"https:\/\/vieassociative.be\/actualites\/wp-content\/uploads\/2025\/02\/La-conscription-en-Belgique-est-elle-reintroduite.jpeg\" alt=\"\" width=\"300\" height=\"200\"  ><\/p>\n<p class=\"wp-caption-text\">Des soldats belges au d\u00e9fil\u00e9 de la f\u00eate nationale \u00e0 Bruxelles. Photo: Shutterstock<\/p>\n<\/div>\n<p>Au d\u00e9but, c&rsquo;\u00e9tait davantage l&rsquo;exception que les hommes ont opt\u00e9 pour le service de remplacement. Cela a non seulement dur\u00e9 plus longtemps, mais \u00e9tait associ\u00e9 \u00e0 la stigmatisation sociale et supposait souvent un test de conscience dans lequel on devait expliquer de mani\u00e8re cr\u00e9dible pourquoi vous ne pouvez pas faire de service militaire pour des raisons de conscience.<\/p>\n<p>Aujourd&rsquo;hui, l&rsquo;\u00e8re de la paix en Europe occidentale touche \u00e0 sa fin. En 2022, l&rsquo;arm\u00e9e russe a march\u00e9 en Ukraine. Cette guerre contre le sol europ\u00e9en a remis en question toutes les certitudes. En outre, il y a l&rsquo;\u00e9lection de Donald Trump en tant que pr\u00e9sident des \u00c9tats-Unis et leur \u00e9chec possible en tant que pouvoir de protection pour l&rsquo;Europe. Si l&rsquo;Europe ne peut plus compter sur les \u00c9tats-Unis en tant que puissance de protection, toute la strat\u00e9gie de d\u00e9fense doit \u00eatre reconsid\u00e9r\u00e9e.<\/p>\n<\/p>\n<div id=\"attachment_403003\" class=\"wp-caption alignleft\" style=\"max-width: 300px\"><img decoding=\"async\" class=\"wp-image-403003 size-medium\" src=\"https:\/\/vieassociative.be\/actualites\/wp-content\/uploads\/2025\/02\/La-conscription-en-Belgique-est-elle-reintroduite.jpg\" alt=\"\" width=\"300\" height=\"225\"><\/p>\n<p class=\"wp-caption-text\">Le membre de la chambre de Kelmiser, Luc Frank (L), membre du comit\u00e9 de d\u00e9fense, avec le membre europ\u00e9en du FDP-Europ\u00e9en de la MEP Marie-Egnes Strack-Zimmermann lors de la 70e r\u00e9union annuelle du Conseil de l&rsquo;OTAN \u00e0 Montr\u00e9al. Photo: Facebook<\/p>\n<\/div>\n<p>Les pays europ\u00e9ens devront \u00e0 nouveau investir davantage dans leur d\u00e9fense. Cela exige non seulement le pr\u00e9sident am\u00e9ricain Trump. C&rsquo;est ce que disent maintenant tous les chefs occidentaux de l&rsquo;\u00c9tat et du gouvernement en Europe. <\/p>\n<p>Cela est \u00e9galement dit par le d\u00e9put\u00e9 belge de l&rsquo;Est Luc Frank (CSP \/ Les Engages), membre du comit\u00e9 de d\u00e9fense. Pour Frank Fest: les nations europ\u00e9ennes doivent \u00e0 nouveau d\u00e9fendre la d\u00e9fense de leur continent. \u00ab\u00a0Nous devons nous pr\u00e9parer \u00e0 affronter la Russie seule afin de pouvoir garantir la paix en Ukraine\u00a0\u00bb. \u00c0 cet \u00e9gard, les d\u00e9penses de d\u00e9fense \u00ab\u00a0continueraient \u00e0 prot\u00e9ger notre libert\u00e9, notre d\u00e9mocratie et nos citoyens\u00a0\u00bb, a d\u00e9clar\u00e9 Frank.<\/p>\n<p>Deux pour cent du jeune produit int\u00e9rieur brut (PIB) sont un minimum strict, mais cela ne sera probablement pas suffisant. Le chef des forces arm\u00e9es belges, Frederik Vansina, n&rsquo;a pas encore comment\u00e9 la r\u00e9introduction du service militaire dans notre pays. N\u00e9anmoins, il a d\u00e9j\u00e0 clairement indiqu\u00e9 que des efforts plus importants devaient \u00eatre faits pour la d\u00e9fense de notre pays.<\/p>\n<p>VANSINA: \u00abLorsque Donald Trump discute de Poutine sans les Europ\u00e9ens et sans les Ukrainiens, c&rsquo;est humiliant pour l&rsquo;Europe. Mais l&rsquo;Europe s&rsquo;est introduite dans cette position de faiblesse militaire. Il est absolument n\u00e9cessaire de tirer le gouvernail. \u00ab\u00a0<\/p>\n<\/p>\n<div id=\"attachment_285524\" class=\"wp-caption alignleft\" style=\"max-width: 300px\"><img decoding=\"async\" class=\"wp-image-285524 size-medium\" src=\"https:\/\/vieassociative.be\/actualites\/wp-content\/uploads\/2025\/02\/1740061039_776_La-conscription-en-Belgique-est-elle-reintroduite.jpeg\" alt=\"\" width=\"300\" height=\"214\"><\/p>\n<p class=\"wp-caption-text\">Les parachutistes de l&rsquo;arm\u00e9e belge sont assis sur un unimog. Photo: Arnulf Stoffel \/ DPA<\/p>\n<\/div>\n<p>Et qu&rsquo;en est-il de la conscription? \u00ab\u00a0Compte tenu de la situation actuelle et du nombre de pays europ\u00e9ens qui ont un service militaire obligatoire, la question de la conscription g\u00e9n\u00e9rale en Belgique reviendra\u00a0\u00bb, a soulign\u00e9 Alain de Neve, chercheur \u00e0 l&rsquo;Institut Royal Sup\u00e9rieur de D\u00e9fense, aux journaux quotidiens de Le groupe Sudpresse. <\/p>\n<p>\u00ab\u00a0Nous ne pourrons pas refuser ce d\u00e9bat\u00a0\u00bb, a d\u00e9clar\u00e9 De Neve: \u00ab\u00a0Si vous consid\u00e9rez vraiment le retour au service militaire, vous devez vous demander si vous voulez un b\u00e9n\u00e9vole ou un service obligatoire, et surtout ce que le soutien devrait ressembler comme . Parce que cela n\u00e9cessite une organisation enti\u00e8re. Vous ne pouvez pas retourner au service militaire du jour au lendemain. \u00ab\u00a0<\/p>\n<p>En Autriche, en Suisse, au Danemark, en Norv\u00e8ge, en Finlande, en Lettonie, en Lituanie, en Gr\u00e8ce. R\u00e9fl\u00e9chissez \u00e0 la r\u00e9duction du service militaire obligatoire.<\/p>\n","protected":false},"excerpt":{"rendered":"<p>En huit jours, il y a 30 ans, le service militaire obligatoire en Belgique a \u00e9t\u00e9 aboli. Les jeunes n&rsquo;avaient plus \u00e0 passer environ un<\/p>\n","protected":false},"author":1,"featured_media":5266,"comment_status":"","ping_status":"","sticky":false,"template":"","format":"standard","meta":{"footnotes":""},"categories":[298],"tags":[383,5420,1413,5421],"class_list":["post-5265","post","type-post","status-publish","format-standard","has-post-thumbnail","hentry","category-belgique","tag-belgique","tag-conscription","tag-estelle","tag-reintroduite","generate-columns","tablet-grid-50","mobile-grid-100","grid-parent","grid-33"],"yoast_head":"<!-- This site is optimized with the Yoast SEO plugin v24.0 - https:\/\/yoast.com\/wordpress\/plugins\/seo\/ -->\n<title>La conscription en Belgique est-elle r\u00e9introduite? | Vie Associative<\/title>\n<meta name=\"robots\" content=\"index, follow, max-snippet:-1, max-image-preview:large, max-video-preview:-1\" \/>\n<link rel=\"canonical\" href=\"https:\/\/vieassociative.be\/actualites\/la-conscription-en-belgique-est-elle-reintroduite\/\" \/>\n<meta property=\"og:locale\" content=\"fr_FR\" \/>\n<meta property=\"og:type\" content=\"article\" \/>\n<meta property=\"og:title\" content=\"La conscription en Belgique est-elle r\u00e9introduite? | Vie Associative\" \/>\n<meta property=\"og:description\" content=\"En huit jours, il y a 30 ans, le service militaire obligatoire en Belgique a \u00e9t\u00e9 aboli. Les jeunes n&rsquo;avaient plus \u00e0 passer environ un\" \/>\n<meta property=\"og:url\" content=\"https:\/\/vieassociative.be\/actualites\/la-conscription-en-belgique-est-elle-reintroduite\/\" \/>\n<meta property=\"og:site_name\" content=\"Vie Associative\" \/>\n<meta property=\"article:published_time\" content=\"2025-02-20T14:17:19+00:00\" \/>\n<meta property=\"og:image\" content=\"https:\/\/vieassociative.be\/actualites\/wp-content\/uploads\/2024\/09\/header_backgroundk-01-e1726694325946.png\" \/>\n\t<meta property=\"og:image:width\" content=\"279\" \/>\n\t<meta property=\"og:image:height\" content=\"92\" \/>\n\t<meta property=\"og:image:type\" content=\"image\/png\" \/>\n<meta name=\"author\" content=\"Julien\" \/>\n<meta name=\"twitter:card\" content=\"summary_large_image\" \/>\n<meta name=\"twitter:label1\" content=\"\u00c9crit par\" \/>\n\t<meta name=\"twitter:data1\" content=\"Julien\" \/>\n\t<meta name=\"twitter:label2\" content=\"Dur\u00e9e de lecture est.\" \/>\n\t<meta name=\"twitter:data2\" content=\"4 minutes\" \/>\n<script type=\"application\/ld+json\" class=\"yoast-schema-graph\">{\"@context\":\"https:\/\/schema.org\",\"@graph\":[{\"@type\":\"Article\",\"@id\":\"https:\/\/vieassociative.be\/actualites\/la-conscription-en-belgique-est-elle-reintroduite\/#article\",\"isPartOf\":{\"@id\":\"https:\/\/vieassociative.be\/actualites\/la-conscription-en-belgique-est-elle-reintroduite\/\"},\"author\":{\"name\":\"Julien\",\"@id\":\"https:\/\/vieassociative.be\/actualites\/#\/schema\/person\/b87ac4f82f9d4e7b7cec7395b679edc4\"},\"headline\":\"La conscription en Belgique est-elle r\u00e9introduite?\",\"datePublished\":\"2025-02-20T14:17:19+00:00\",\"dateModified\":\"2025-02-20T14:17:19+00:00\",\"mainEntityOfPage\":{\"@id\":\"https:\/\/vieassociative.be\/actualites\/la-conscription-en-belgique-est-elle-reintroduite\/\"},\"wordCount\":727,\"publisher\":{\"@id\":\"https:\/\/vieassociative.be\/actualites\/#organization\"},\"image\":{\"@id\":\"https:\/\/vieassociative.be\/actualites\/la-conscription-en-belgique-est-elle-reintroduite\/#primaryimage\"},\"thumbnailUrl\":\"https:\/\/vieassociative.be\/actualites\/wp-content\/uploads\/2025\/02\/1740061039_La-conscription-en-Belgique-est-elle-reintroduite.jpg\",\"keywords\":[\"Belgique\",\"conscription\",\"estelle\",\"r\u00e9introduite\"],\"articleSection\":[\"Belgique\"],\"inLanguage\":\"fr-BE\"},{\"@type\":\"WebPage\",\"@id\":\"https:\/\/vieassociative.be\/actualites\/la-conscription-en-belgique-est-elle-reintroduite\/\",\"url\":\"https:\/\/vieassociative.be\/actualites\/la-conscription-en-belgique-est-elle-reintroduite\/\",\"name\":\"La conscription en Belgique est-elle r\u00e9introduite? | Vie Associative\",\"isPartOf\":{\"@id\":\"https:\/\/vieassociative.be\/actualites\/#website\"},\"primaryImageOfPage\":{\"@id\":\"https:\/\/vieassociative.be\/actualites\/la-conscription-en-belgique-est-elle-reintroduite\/#primaryimage\"},\"image\":{\"@id\":\"https:\/\/vieassociative.be\/actualites\/la-conscription-en-belgique-est-elle-reintroduite\/#primaryimage\"},\"thumbnailUrl\":\"https:\/\/vieassociative.be\/actualites\/wp-content\/uploads\/2025\/02\/1740061039_La-conscription-en-Belgique-est-elle-reintroduite.jpg\",\"datePublished\":\"2025-02-20T14:17:19+00:00\",\"dateModified\":\"2025-02-20T14:17:19+00:00\",\"breadcrumb\":{\"@id\":\"https:\/\/vieassociative.be\/actualites\/la-conscription-en-belgique-est-elle-reintroduite\/#breadcrumb\"},\"inLanguage\":\"fr-BE\",\"potentialAction\":[{\"@type\":\"ReadAction\",\"target\":[\"https:\/\/vieassociative.be\/actualites\/la-conscription-en-belgique-est-elle-reintroduite\/\"]}]},{\"@type\":\"ImageObject\",\"inLanguage\":\"fr-BE\",\"@id\":\"https:\/\/vieassociative.be\/actualites\/la-conscription-en-belgique-est-elle-reintroduite\/#primaryimage\",\"url\":\"https:\/\/vieassociative.be\/actualites\/wp-content\/uploads\/2025\/02\/1740061039_La-conscription-en-Belgique-est-elle-reintroduite.jpg\",\"contentUrl\":\"https:\/\/vieassociative.be\/actualites\/wp-content\/uploads\/2025\/02\/1740061039_La-conscription-en-Belgique-est-elle-reintroduite.jpg\",\"width\":1200,\"height\":881,\"caption\":\"La conscription en Belgique est-elle r\u00e9introduite?\"},{\"@type\":\"BreadcrumbList\",\"@id\":\"https:\/\/vieassociative.be\/actualites\/la-conscription-en-belgique-est-elle-reintroduite\/#breadcrumb\",\"itemListElement\":[{\"@type\":\"ListItem\",\"position\":1,\"name\":\"Accueil\",\"item\":\"https:\/\/vieassociative.be\/actualites\/\"},{\"@type\":\"ListItem\",\"position\":2,\"name\":\"La conscription en Belgique est-elle r\u00e9introduite?\"}]},{\"@type\":\"WebSite\",\"@id\":\"https:\/\/vieassociative.be\/actualites\/#website\",\"url\":\"https:\/\/vieassociative.be\/actualites\/\",\"name\":\"Vie Associative\",\"description\":\"\",\"publisher\":{\"@id\":\"https:\/\/vieassociative.be\/actualites\/#organization\"},\"potentialAction\":[{\"@type\":\"SearchAction\",\"target\":{\"@type\":\"EntryPoint\",\"urlTemplate\":\"https:\/\/vieassociative.be\/actualites\/?s={search_term_string}\"},\"query-input\":{\"@type\":\"PropertyValueSpecification\",\"valueRequired\":true,\"valueName\":\"search_term_string\"}}],\"inLanguage\":\"fr-BE\"},{\"@type\":\"Organization\",\"@id\":\"https:\/\/vieassociative.be\/actualites\/#organization\",\"name\":\"Vie Associative\",\"url\":\"https:\/\/vieassociative.be\/actualites\/\",\"logo\":{\"@type\":\"ImageObject\",\"inLanguage\":\"fr-BE\",\"@id\":\"https:\/\/vieassociative.be\/actualites\/#\/schema\/logo\/image\/\",\"url\":\"https:\/\/vieassociative.be\/actualites\/wp-content\/uploads\/2024\/09\/cropped-vieassociative_favicon.ico.png\",\"contentUrl\":\"https:\/\/vieassociative.be\/actualites\/wp-content\/uploads\/2024\/09\/cropped-vieassociative_favicon.ico.png\",\"width\":512,\"height\":512,\"caption\":\"Vie Associative\"},\"image\":{\"@id\":\"https:\/\/vieassociative.be\/actualites\/#\/schema\/logo\/image\/\"}},{\"@type\":\"Person\",\"@id\":\"https:\/\/vieassociative.be\/actualites\/#\/schema\/person\/b87ac4f82f9d4e7b7cec7395b679edc4\",\"name\":\"Julien\",\"image\":{\"@type\":\"ImageObject\",\"inLanguage\":\"fr-BE\",\"@id\":\"https:\/\/vieassociative.be\/actualites\/#\/schema\/person\/image\/\",\"url\":\"https:\/\/vieassociative.be\/actualites\/wp-content\/uploads\/2024\/09\/vie-associative-1-150x150.jpg\",\"contentUrl\":\"https:\/\/vieassociative.be\/actualites\/wp-content\/uploads\/2024\/09\/vie-associative-1-150x150.jpg\",\"caption\":\"Julien\"},\"description\":\"Je suis Julien, r\u00e9dacteur pour Vie Associative. Passionn\u00e9 par le monde associatif depuis plus de 10 ans, j'ai \u00e0 c\u0153ur de partager des histoires inspirantes et de mettre en lumi\u00e8re les initiatives locales. Mon objectif est de sensibiliser et d'encourager l'engagement communautaire \u00e0 travers mes articles.\",\"sameAs\":[\"https:\/\/vieassociative.be\/\"]}]}<\/script>\n<!-- \/ Yoast SEO plugin. -->","yoast_head_json":{"title":"La conscription en Belgique est-elle r\u00e9introduite? | Vie Associative","robots":{"index":"index","follow":"follow","max-snippet":"max-snippet:-1","max-image-preview":"max-image-preview:large","max-video-preview":"max-video-preview:-1"},"canonical":"https:\/\/vieassociative.be\/actualites\/la-conscription-en-belgique-est-elle-reintroduite\/","og_locale":"fr_FR","og_type":"article","og_title":"La conscription en Belgique est-elle r\u00e9introduite? | Vie Associative","og_description":"En huit jours, il y a 30 ans, le service militaire obligatoire en Belgique a \u00e9t\u00e9 aboli. Les jeunes n&rsquo;avaient plus \u00e0 passer environ un","og_url":"https:\/\/vieassociative.be\/actualites\/la-conscription-en-belgique-est-elle-reintroduite\/","og_site_name":"Vie Associative","article_published_time":"2025-02-20T14:17:19+00:00","og_image":[{"width":279,"height":92,"url":"https:\/\/vieassociative.be\/actualites\/wp-content\/uploads\/2024\/09\/header_backgroundk-01-e1726694325946.png","type":"image\/png"}],"author":"Julien","twitter_card":"summary_large_image","twitter_misc":{"\u00c9crit par":"Julien","Dur\u00e9e de lecture est.":"4 minutes"},"schema":{"@context":"https:\/\/schema.org","@graph":[{"@type":"Article","@id":"https:\/\/vieassociative.be\/actualites\/la-conscription-en-belgique-est-elle-reintroduite\/#article","isPartOf":{"@id":"https:\/\/vieassociative.be\/actualites\/la-conscription-en-belgique-est-elle-reintroduite\/"},"author":{"name":"Julien","@id":"https:\/\/vieassociative.be\/actualites\/#\/schema\/person\/b87ac4f82f9d4e7b7cec7395b679edc4"},"headline":"La conscription en Belgique est-elle r\u00e9introduite?","datePublished":"2025-02-20T14:17:19+00:00","dateModified":"2025-02-20T14:17:19+00:00","mainEntityOfPage":{"@id":"https:\/\/vieassociative.be\/actualites\/la-conscription-en-belgique-est-elle-reintroduite\/"},"wordCount":727,"publisher":{"@id":"https:\/\/vieassociative.be\/actualites\/#organization"},"image":{"@id":"https:\/\/vieassociative.be\/actualites\/la-conscription-en-belgique-est-elle-reintroduite\/#primaryimage"},"thumbnailUrl":"https:\/\/vieassociative.be\/actualites\/wp-content\/uploads\/2025\/02\/1740061039_La-conscription-en-Belgique-est-elle-reintroduite.jpg","keywords":["Belgique","conscription","estelle","r\u00e9introduite"],"articleSection":["Belgique"],"inLanguage":"fr-BE"},{"@type":"WebPage","@id":"https:\/\/vieassociative.be\/actualites\/la-conscription-en-belgique-est-elle-reintroduite\/","url":"https:\/\/vieassociative.be\/actualites\/la-conscription-en-belgique-est-elle-reintroduite\/","name":"La conscription en Belgique est-elle r\u00e9introduite? | Vie Associative","isPartOf":{"@id":"https:\/\/vieassociative.be\/actualites\/#website"},"primaryImageOfPage":{"@id":"https:\/\/vieassociative.be\/actualites\/la-conscription-en-belgique-est-elle-reintroduite\/#primaryimage"},"image":{"@id":"https:\/\/vieassociative.be\/actualites\/la-conscription-en-belgique-est-elle-reintroduite\/#primaryimage"},"thumbnailUrl":"https:\/\/vieassociative.be\/actualites\/wp-content\/uploads\/2025\/02\/1740061039_La-conscription-en-Belgique-est-elle-reintroduite.jpg","datePublished":"2025-02-20T14:17:19+00:00","dateModified":"2025-02-20T14:17:19+00:00","breadcrumb":{"@id":"https:\/\/vieassociative.be\/actualites\/la-conscription-en-belgique-est-elle-reintroduite\/#breadcrumb"},"inLanguage":"fr-BE","potentialAction":[{"@type":"ReadAction","target":["https:\/\/vieassociative.be\/actualites\/la-conscription-en-belgique-est-elle-reintroduite\/"]}]},{"@type":"ImageObject","inLanguage":"fr-BE","@id":"https:\/\/vieassociative.be\/actualites\/la-conscription-en-belgique-est-elle-reintroduite\/#primaryimage","url":"https:\/\/vieassociative.be\/actualites\/wp-content\/uploads\/2025\/02\/1740061039_La-conscription-en-Belgique-est-elle-reintroduite.jpg","contentUrl":"https:\/\/vieassociative.be\/actualites\/wp-content\/uploads\/2025\/02\/1740061039_La-conscription-en-Belgique-est-elle-reintroduite.jpg","width":1200,"height":881,"caption":"La conscription en Belgique est-elle r\u00e9introduite?"},{"@type":"BreadcrumbList","@id":"https:\/\/vieassociative.be\/actualites\/la-conscription-en-belgique-est-elle-reintroduite\/#breadcrumb","itemListElement":[{"@type":"ListItem","position":1,"name":"Accueil","item":"https:\/\/vieassociative.be\/actualites\/"},{"@type":"ListItem","position":2,"name":"La conscription en Belgique est-elle r\u00e9introduite?"}]},{"@type":"WebSite","@id":"https:\/\/vieassociative.be\/actualites\/#website","url":"https:\/\/vieassociative.be\/actualites\/","name":"Vie Associative","description":"","publisher":{"@id":"https:\/\/vieassociative.be\/actualites\/#organization"},"potentialAction":[{"@type":"SearchAction","target":{"@type":"EntryPoint","urlTemplate":"https:\/\/vieassociative.be\/actualites\/?s={search_term_string}"},"query-input":{"@type":"PropertyValueSpecification","valueRequired":true,"valueName":"search_term_string"}}],"inLanguage":"fr-BE"},{"@type":"Organization","@id":"https:\/\/vieassociative.be\/actualites\/#organization","name":"Vie Associative","url":"https:\/\/vieassociative.be\/actualites\/","logo":{"@type":"ImageObject","inLanguage":"fr-BE","@id":"https:\/\/vieassociative.be\/actualites\/#\/schema\/logo\/image\/","url":"https:\/\/vieassociative.be\/actualites\/wp-content\/uploads\/2024\/09\/cropped-vieassociative_favicon.ico.png","contentUrl":"https:\/\/vieassociative.be\/actualites\/wp-content\/uploads\/2024\/09\/cropped-vieassociative_favicon.ico.png","width":512,"height":512,"caption":"Vie Associative"},"image":{"@id":"https:\/\/vieassociative.be\/actualites\/#\/schema\/logo\/image\/"}},{"@type":"Person","@id":"https:\/\/vieassociative.be\/actualites\/#\/schema\/person\/b87ac4f82f9d4e7b7cec7395b679edc4","name":"Julien","image":{"@type":"ImageObject","inLanguage":"fr-BE","@id":"https:\/\/vieassociative.be\/actualites\/#\/schema\/person\/image\/","url":"https:\/\/vieassociative.be\/actualites\/wp-content\/uploads\/2024\/09\/vie-associative-1-150x150.jpg","contentUrl":"https:\/\/vieassociative.be\/actualites\/wp-content\/uploads\/2024\/09\/vie-associative-1-150x150.jpg","caption":"Julien"},"description":"Je suis Julien, r\u00e9dacteur pour Vie Associative. Passionn\u00e9 par le monde associatif depuis plus de 10 ans, j'ai \u00e0 c\u0153ur de partager des histoires inspirantes et de mettre en lumi\u00e8re les initiatives locales. Mon objectif est de sensibiliser et d'encourager l'engagement communautaire \u00e0 travers mes articles.","sameAs":["https:\/\/vieassociative.be\/"]}]}},"_links":{"self":[{"href":"https:\/\/vieassociative.be\/actualites\/wp-json\/wp\/v2\/posts\/5265"}],"collection":[{"href":"https:\/\/vieassociative.be\/actualites\/wp-json\/wp\/v2\/posts"}],"about":[{"href":"https:\/\/vieassociative.be\/actualites\/wp-json\/wp\/v2\/types\/post"}],"author":[{"embeddable":true,"href":"https:\/\/vieassociative.be\/actualites\/wp-json\/wp\/v2\/users\/1"}],"replies":[{"embeddable":true,"href":"https:\/\/vieassociative.be\/actualites\/wp-json\/wp\/v2\/comments?post=5265"}],"version-history":[{"count":0,"href":"https:\/\/vieassociative.be\/actualites\/wp-json\/wp\/v2\/posts\/5265\/revisions"}],"wp:featuredmedia":[{"embeddable":true,"href":"https:\/\/vieassociative.be\/actualites\/wp-json\/wp\/v2\/media\/5266"}],"wp:attachment":[{"href":"https:\/\/vieassociative.be\/actualites\/wp-json\/wp\/v2\/media?parent=5265"}],"wp:term":[{"taxonomy":"category","embeddable":true,"href":"https:\/\/vieassociative.be\/actualites\/wp-json\/wp\/v2\/categories?post=5265"},{"taxonomy":"post_tag","embeddable":true,"href":"https:\/\/vieassociative.be\/actualites\/wp-json\/wp\/v2\/tags?post=5265"}],"curies":[{"name":"wp","href":"https:\/\/api.w.org\/{rel}","templated":true}]}}