{"id":5253,"date":"2025-02-20T06:18:31","date_gmt":"2025-02-20T05:18:31","guid":{"rendered":"https:\/\/vieassociative.be\/actualites\/tout-ce-que-nous-savons-sur-la-prochaine-serie-iphone-17-2\/"},"modified":"2025-02-20T06:18:31","modified_gmt":"2025-02-20T05:18:31","slug":"tout-ce-que-nous-savons-sur-la-prochaine-serie-iphone-17-2","status":"publish","type":"post","link":"https:\/\/vieassociative.be\/actualites\/tout-ce-que-nous-savons-sur-la-prochaine-serie-iphone-17-2\/","title":{"rendered":"Tout ce que nous savons sur la prochaine s\u00e9rie iPhone 17"},"content":{"rendered":"<div class=\"mt-4 leading-6 md:mb-8\">\u00c0 quoi s&rsquo;attendre pour l&rsquo;iPhone 17, 17 Air, 17 Pro et 17 Pro Max.<\/div>\n<p><\/p>\n<p>Apple tuant enfin le bouton d&rsquo;accueil dans l&rsquo;annonce de l&rsquo;iPhone 16E d&rsquo;aujourd&rsquo;hui, les t\u00e9l\u00e9phones de la soci\u00e9t\u00e9 ont tous adopt\u00e9 le m\u00eame look g\u00e9n\u00e9ral: Boring. Le dernier t\u00e9l\u00e9phone budg\u00e9taire d&rsquo;Apple pourrait avoir une batterie plus grande et une puissance surprenante pour un suivi de l&rsquo;iPhone SE, mais toute personne \u00e0 la recherche de quelque chose qui brise le moule devra attendre l&rsquo;iPhone 17. <\/p>\n<p>En effet, la prochaine gamme de t\u00e9l\u00e9phones d&rsquo;Apple semble finalement faire quelque chose de diff\u00e9rent avec la conception de l&rsquo;iPhone. Pour la premi\u00e8re fois depuis que l&rsquo;\u00eele dynamique a \u00e9t\u00e9 introduite sur l&rsquo;iPhone 14 Pro, il semble que vous pourriez enfin dire si quelqu&rsquo;un a un nouvel iPhone d&rsquo;un simple coup d&rsquo;\u0153il.<\/p>\n<h2 id=\"is-the-iphone-17-getting-a-camera-bar\">L&rsquo;iPhone 17 obtient-il une barre d&rsquo;appareil photo?<\/h2>\n<p>Selon les fuites de Youtuber Jon Prosser, l&rsquo;iPhone 17 pourrait s&rsquo;inspirer de Google, ce qui apporte un changement significatif \u00e0 sa conception. Notamment, il allait d&rsquo;abandonner sa bosse de cam\u00e9ra pour une barre de cam\u00e9ra compl\u00e8te.<\/p>\n<div class=\"mx-auto mt-8 w-full max-w-4xl\">\n<div id=\"video-container-08JoSCHV9VY\"><\/div>\n<\/div>\n<p>Dans une vid\u00e9o publi\u00e9e sur YouTube ce week-end, la fuite a publi\u00e9 des rendus de ce \u00e0 quoi l&rsquo;iPhone 17 Pro pourrait ressembler, sur la base des informations provenant d&rsquo;un certain nombre de sources anonymes, ainsi qu&rsquo;un mod\u00e8le qu&rsquo;il aurait vu. <\/p>\n<p>Dans le rendu, les objectifs de cam\u00e9ra de l&rsquo;iPhone semblent \u00eatre dispos\u00e9s d&rsquo;une mani\u00e8re triangulaire similaire \u00e0 celle des iPhones actuels, mais la bosse qui les abritant est maintenant \u00e9tendue sur presque tout le dos du t\u00e9l\u00e9phone. Le flash, le lidar et le micro sont \u00e9galement assis en face des lentilles, de l&rsquo;autre c\u00f4t\u00e9 de la bosse prolong\u00e9e.<\/p>\n<p>Si elle est vraie, le nouvel iPhone aurait certainement besoin d&rsquo;un nouveau cas, mais ce serait \u00e9galement envergure de la s\u00e9rie de t\u00e9l\u00e9phones Pixels de Google, qui a adopt\u00e9 une \u00abbarre de cam\u00e9ra\u00bb en 2021 qui ressemble suspecte \u00e0 cette fuite.<\/p>\n<p>Les avis, y compris le mien, n&rsquo;ont pas toujours \u00e9t\u00e9 gentils avec la barre de l&rsquo;appareil photo, qui peut sortir d&rsquo;un t\u00e9l\u00e9phone par ailleurs lisse comme un pouce endolori, donc il n&rsquo;est pas clair au d\u00e9but pourquoi Apple ferait ce changement. Certains utilisateurs de m\u00e9dias sociaux ont \u00e9mis l&rsquo;hypoth\u00e8se qu&rsquo;Apple pourrait utiliser l&rsquo;espace suppl\u00e9mentaire de la barre de cam\u00e9ra pour ajouter un petit \u00e9cran au dos du t\u00e9l\u00e9phone pour aider \u00e0 prendre des selfies ou \u00e0 voir les informations des widgets, mais ce ne sont que des suppositions pour l&rsquo;instant.<\/p>\n<blockquote class=\"twitterEmbed twitter-tweet\"><p>\n    <a rel=\"nofollow noopener\" class=\"text-gray-600\" href=\"https:\/\/twitter.com\/iDeviceHelpus\/status\/1891562753388691809\" title=\"open in a new window\" target=\"_blank\"><\/p>\n<p>        Ce tweet n&rsquo;est actuellement pas disponible. Il peut \u00eatre charg\u00e9 ou a \u00e9t\u00e9 supprim\u00e9.<br \/>\n    <\/a>\n<\/p><\/blockquote>\n<p>Certes, c&rsquo;est la nature des fuites en g\u00e9n\u00e9ral. Alors que Prosser pr\u00e9tend avoir vu le t\u00e9l\u00e9phone, d&rsquo;autres sources sont plus divis\u00e9es sur l&rsquo;id\u00e9e de la barre de l&rsquo;appareil photo. Plus particuli\u00e8rement, Mark Gurman de Bloomberg, qui a ses propres sources au sein d&rsquo;Apple, a insinu\u00e9 que les rendus de Prosser semblent \u00eatre bas\u00e9s sur un faux design CAO de janvier. Le fuite Majin Bu avait d\u00e9j\u00e0 montr\u00e9 ce CAD aux designers, qui a dit qu&rsquo;il n&rsquo;\u00e9tait probablement pas r\u00e9el.<\/p>\n<p>Prosser, cependant, n&rsquo;est pas le seul \u00e0 pr\u00e9dire une barre d&rsquo;appareil photo pour l&rsquo;iPhone 17. Les deux analyses de la cha\u00eene d&rsquo;approvisionnement de la publication technologique Les informations et les affirmations de la station de chat num\u00e9rique chinois ont fait allusion \u00e0 une bosse d&rsquo;appareil photo en forme de pilule, qui serait similaire Dans la conception de la barre de cam\u00e9ra Pixel.<\/p>\n<p>Les deux rumeurs ont cependant des probl\u00e8mes, ce qui a conduit \u00e0 douter d&rsquo;autres fuites connues, y compris un univers num\u00e9rique et glace instantan\u00e9. Plus particuli\u00e8rement, une barre d&rsquo;appareil photo en forme de pilule interf\u00e9rerait avec la fa\u00e7on dont l&rsquo;iPhone capture actuellement la vid\u00e9o spatiale, tandis que la conception de Prosser mettrait le flash et le lidar loin des lentilles de la cam\u00e9ra, ce qui pourrait avoir un impact sur leur utilit\u00e9.<\/p>\n<p>Quelle que soit la disposition de l&rsquo;appareil photo, l&rsquo;iPhone 17, il y a plus pour \u00eatre excit\u00e9 avec ce t\u00e9l\u00e9phone, m\u00eame s&rsquo;il peut ne pas \u00eatre aussi imm\u00e9diatement visuellement int\u00e9ressant.<\/p>\n<h2 id=\"the-iphone-17-air\">L&rsquo;air iPhone 17<\/h2>\n<p>Parall\u00e8lement \u00e0 ses mod\u00e8les de base iPhone 17 et Two iPhone 17 Pro (le Typical Pro et Pro Max), l&rsquo;iPhone 17 pourrait introduire une nouvelle version plus l\u00e9g\u00e8re du t\u00e9l\u00e9phone appel\u00e9 iPhone 17 Air. Le nouveau mod\u00e8le remplacerait un iPhone 17 Plus, bien qu&rsquo;il ne soit pas directement comparable.<\/p>\n<p>Les rumeurs d&rsquo;un air iPhone 17 ont commenc\u00e9 en novembre avec le compte cor\u00e9en des m\u00e9dias sociaux YEUX1122 et ont depuis \u00e9t\u00e9 r\u00e9p\u00e9t\u00e9s par l&rsquo;analyste d&rsquo;Apple Jeff Pu (via Macrumors), les informations, et Mark Gurman de Bloomberg.<\/p>\n<p>Soi-disant, le t\u00e9l\u00e9phone serait \u00e0 peu pr\u00e8s entre 5 mm et 6 mm d&rsquo;\u00e9paisseur, selon la source avec laquelle vous allez, ce qui rendrait toujours le t\u00e9l\u00e9phone le plus mince actuel d&rsquo;Apple, l&rsquo;iPhone 6 de 6,9 \u200b\u200bmm. Quant \u00e0 la taille du t\u00e9l\u00e9phone, malgr\u00e9 Il n&rsquo;a pas la marque \u00abPlus\u00bb, il sera cens\u00e9 \u00eatre un peu plus grand que le 17 Pro et un peu plus court que le Pro Max, avec des d\u00e9tails \u00e0 nouveau en fonction de la rumeur avec laquelle vous allez.<\/p>\n<p>Les informations ont \u00e9galement affirm\u00e9 qu&rsquo;une barre de cam\u00e9ra sera pr\u00e9sente dans les airs, signalant qu&rsquo;elle sera en forme de pilule avec une cam\u00e9ra centr\u00e9e. C&rsquo;est possible que les rumeurs de la barre de cam\u00e9ra de l&rsquo;iPhone 17 de l&rsquo;iPhone 17, donc je ne serais pas surpris de voir les mod\u00e8les Pro ignorer la barre de cam\u00e9ra pendant que l&rsquo;air en a un, mais personne ne semble le savoir avec certitude. Cela aurait du sens, cependant, comme un moyen pour l&rsquo;air d&rsquo;\u00e9conomiser une certaine \u00e9paisseur. De plus, Prosser a \u00e9galement un rendu d&rsquo;air avec une barre d&rsquo;appareil photo en forme de pilule, bien que son mod\u00e8le met l&rsquo;objectif plus pr\u00e8s du bord du t\u00e9l\u00e9phone, une fois de plus loin du flash et du microphone.<\/p>\n<h2 id=\"the-standard-iphone-17\">L&rsquo;iPhone 17 standard<\/h2>\n<p>Alors que les mod\u00e8les iPhone 17 Pro et Air pourraient apporter une nouvelle excitation \u00e0 la disposition traditionnelle de la barre de bonbons d&rsquo;Apple, les rumeurs actuelles ont mis l&rsquo;iPhone 17 de base sur l&rsquo;endroit o\u00f9 vous vous attendez sur la base des derniers mod\u00e8les. Aucune barre de cam\u00e9ra ne se pr\u00e9sente actuellement pour ce t\u00e9l\u00e9phone, bien que MacRumors sp\u00e9cule, sur la base de la taille attendue de l&rsquo;iPhone 17 Pro, qu&rsquo;il pourrait obtenir un \u00e9cran l\u00e9g\u00e8rement plus grand \u00e0 6,3 pouces par opposition \u00e0 6,1 pouces. Instant Digital affirme \u00e9galement que l&rsquo;iPhone 17 de base obtiendra un panneau OLED am\u00e9lior\u00e9, qui lui permettra de frapper des fr\u00e9quences d&rsquo;images plus \u00e9lev\u00e9es en utilisant la fonction de promotion d&rsquo;Apple.<\/p>\n<h2 id=\"the-usual-improvements\">Les am\u00e9liorations habituelles<\/h2>\n<p>En plus des nouvelles bizarreries de conception, la s\u00e9rie iPhone 17 devrait \u00e9galement obtenir la gamme habituelle d&rsquo;am\u00e9liorations. Les mod\u00e8les PRO passeront probablement de la puce A18 \u00e0 une puce A19, tandis que le mod\u00e8le de base restera peut-\u00eatre avec la puce A18 \u00e0 la place. De m\u00eame, nous pourrions voir les sp\u00e9cifications de la cam\u00e9ra augmenter, Jeff Pu (via les macrumors) s&rsquo;attendant \u00e0 ce que tous les mod\u00e8les iPhone 17 aient une cam\u00e9ra selfie 24MP, de 12 MP sur la ligne iPhone 16. L&rsquo;analyste d&rsquo;Apple Ming-Chi Kuo s&rsquo;attend \u00e9galement \u00e0 ce que les mod\u00e8les Pro de l&rsquo;iPhone 17 am\u00e9liorent tous les objectifs \u00e0 48 MP l&rsquo;ann\u00e9e prochaine, ce qui am\u00e9liorerait les t\u00e9l\u00e9objectifs 12MP du lot actuel.<\/p>\n<p>Un rapport des informations pointe \u00e9galement vers une ouverture m\u00e9canique potentielle sur au moins un mod\u00e8le, ce qui permettrait aux utilisateurs de contr\u00f4ler la lumi\u00e8re de leur objectif, tandis que le site chinois MyDrivers sp\u00e9cule que toute la gamme utilisera une chambre de vapeur pour am\u00e9liorer le refroidissement. Ceux-ci indiqueraient des instructions enti\u00e8rement nouvelles pour la pomme et devraient probablement \u00eatre prises avec un grain de sel.<\/p>\n<p>Il y a \u00e9galement une r\u00e9trogradation potentielle en magasin, l&rsquo;analyse de l&rsquo;information pointant la possibilit\u00e9 qu&rsquo;Apple puisse revenir \u00e0 un cadre en aluminium pour ses mod\u00e8les Pro plut\u00f4t que le cadre en titane actuel. Cela pourrait r\u00e9duire les co\u00fbts, mais pourrait \u00e9galement rendre les t\u00e9l\u00e9phones un peu plus lourds.<\/p>\n<h2 id=\"price-and-release-date\">Prix \u200b\u200bet date de sortie<\/h2>\n<p>Un rapport du Wall Street Journal estime qu&rsquo;Apple \u00e9valuera l&rsquo;air de l&rsquo;iPhone 17 quelque part entre les mod\u00e8les de base 17 et 17 Pro, mais \u00e0 part cela, le co\u00fbt est toujours dans les airs. L&rsquo;iPhone 16 de base co\u00fbte 799 $ tandis que le Pro co\u00fbte 999 $ et le Pro Max co\u00fbte 1 199 $, alors attendez-vous \u00e0 payer au moins autant pour ces mises \u00e0 niveau, bien que avec des tarifs entrants pour les fabricants de pi\u00e8ces chinoises, il pourrait y avoir une l\u00e9g\u00e8re bosse de prix.<\/p>\n<p>En ce qui concerne une date de sortie, Apple lance g\u00e9n\u00e9ralement de nouvelles s\u00e9ries iPhone en septembre, alors attendez-vous \u00e0 ce que la ligne de l&rsquo;iPhone 17 fasse ses d\u00e9buts cet automne.<\/p>\n<p><script async src=\"https:\/\/platform.twitter.com\/widgets.js\" charset=\"utf-8\"><\/script><\/p>\n","protected":false},"excerpt":{"rendered":"<p>\u00c0 quoi s&rsquo;attendre pour l&rsquo;iPhone 17, 17 Air, 17 Pro et 17 Pro Max. Apple tuant enfin le bouton d&rsquo;accueil dans l&rsquo;annonce de l&rsquo;iPhone 16E<\/p>\n","protected":false},"author":1,"featured_media":5251,"comment_status":"","ping_status":"","sticky":false,"template":"","format":"standard","meta":{"footnotes":""},"categories":[13],"tags":[652,393,773,4320,606,33,236],"class_list":["post-5253","post","type-post","status-publish","format-standard","has-post-thumbnail","hentry","category-technologie","tag-iphone","tag-nous","tag-prochaine","tag-savons","tag-serie","tag-sur","tag-tout","generate-columns","tablet-grid-50","mobile-grid-100","grid-parent","grid-33"],"yoast_head":"<!-- This site is optimized with the Yoast SEO plugin v24.0 - https:\/\/yoast.com\/wordpress\/plugins\/seo\/ -->\n<title>Tout ce que nous savons sur la prochaine s\u00e9rie iPhone 17 | Vie Associative<\/title>\n<meta name=\"robots\" content=\"index, follow, max-snippet:-1, max-image-preview:large, max-video-preview:-1\" \/>\n<link rel=\"canonical\" href=\"https:\/\/vieassociative.be\/actualites\/tout-ce-que-nous-savons-sur-la-prochaine-serie-iphone-17-2\/\" \/>\n<meta property=\"og:locale\" content=\"fr_FR\" \/>\n<meta property=\"og:type\" content=\"article\" \/>\n<meta property=\"og:title\" content=\"Tout ce que nous savons sur la prochaine s\u00e9rie iPhone 17 | Vie Associative\" \/>\n<meta property=\"og:description\" content=\"\u00c0 quoi s&rsquo;attendre pour l&rsquo;iPhone 17, 17 Air, 17 Pro et 17 Pro Max. Apple tuant enfin le bouton d&rsquo;accueil dans l&rsquo;annonce de l&rsquo;iPhone 16E\" \/>\n<meta property=\"og:url\" content=\"https:\/\/vieassociative.be\/actualites\/tout-ce-que-nous-savons-sur-la-prochaine-serie-iphone-17-2\/\" \/>\n<meta property=\"og:site_name\" content=\"Vie Associative\" \/>\n<meta property=\"article:published_time\" content=\"2025-02-20T05:18:31+00:00\" \/>\n<meta property=\"og:image\" content=\"https:\/\/vieassociative.be\/actualites\/wp-content\/uploads\/2024\/09\/header_backgroundk-01-e1726694325946.png\" \/>\n\t<meta property=\"og:image:width\" content=\"279\" \/>\n\t<meta property=\"og:image:height\" content=\"92\" \/>\n\t<meta property=\"og:image:type\" content=\"image\/png\" \/>\n<meta name=\"author\" content=\"Julien\" \/>\n<meta name=\"twitter:card\" content=\"summary_large_image\" \/>\n<meta name=\"twitter:label1\" content=\"\u00c9crit par\" \/>\n\t<meta name=\"twitter:data1\" content=\"Julien\" \/>\n\t<meta name=\"twitter:label2\" content=\"Dur\u00e9e de lecture est.\" \/>\n\t<meta name=\"twitter:data2\" content=\"8 minutes\" \/>\n<script type=\"application\/ld+json\" class=\"yoast-schema-graph\">{\"@context\":\"https:\/\/schema.org\",\"@graph\":[{\"@type\":\"Article\",\"@id\":\"https:\/\/vieassociative.be\/actualites\/tout-ce-que-nous-savons-sur-la-prochaine-serie-iphone-17-2\/#article\",\"isPartOf\":{\"@id\":\"https:\/\/vieassociative.be\/actualites\/tout-ce-que-nous-savons-sur-la-prochaine-serie-iphone-17-2\/\"},\"author\":{\"name\":\"Julien\",\"@id\":\"https:\/\/vieassociative.be\/actualites\/#\/schema\/person\/b87ac4f82f9d4e7b7cec7395b679edc4\"},\"headline\":\"Tout ce que nous savons sur la prochaine s\u00e9rie iPhone 17\",\"datePublished\":\"2025-02-20T05:18:31+00:00\",\"dateModified\":\"2025-02-20T05:18:31+00:00\",\"mainEntityOfPage\":{\"@id\":\"https:\/\/vieassociative.be\/actualites\/tout-ce-que-nous-savons-sur-la-prochaine-serie-iphone-17-2\/\"},\"wordCount\":1627,\"publisher\":{\"@id\":\"https:\/\/vieassociative.be\/actualites\/#organization\"},\"image\":{\"@id\":\"https:\/\/vieassociative.be\/actualites\/tout-ce-que-nous-savons-sur-la-prochaine-serie-iphone-17-2\/#primaryimage\"},\"thumbnailUrl\":\"https:\/\/vieassociative.be\/actualites\/wp-content\/uploads\/2025\/02\/Tout-ce-que-nous-savons-sur-la-prochaine-serie-iPhone.jpg\",\"keywords\":[\"iPhone\",\"nous\",\"prochaine\",\"savons\",\"s\u00e9rie\",\"sur\",\"tout\"],\"articleSection\":[\"Technologie\"],\"inLanguage\":\"fr-BE\"},{\"@type\":\"WebPage\",\"@id\":\"https:\/\/vieassociative.be\/actualites\/tout-ce-que-nous-savons-sur-la-prochaine-serie-iphone-17-2\/\",\"url\":\"https:\/\/vieassociative.be\/actualites\/tout-ce-que-nous-savons-sur-la-prochaine-serie-iphone-17-2\/\",\"name\":\"Tout ce que nous savons sur la prochaine s\u00e9rie iPhone 17 | Vie Associative\",\"isPartOf\":{\"@id\":\"https:\/\/vieassociative.be\/actualites\/#website\"},\"primaryImageOfPage\":{\"@id\":\"https:\/\/vieassociative.be\/actualites\/tout-ce-que-nous-savons-sur-la-prochaine-serie-iphone-17-2\/#primaryimage\"},\"image\":{\"@id\":\"https:\/\/vieassociative.be\/actualites\/tout-ce-que-nous-savons-sur-la-prochaine-serie-iphone-17-2\/#primaryimage\"},\"thumbnailUrl\":\"https:\/\/vieassociative.be\/actualites\/wp-content\/uploads\/2025\/02\/Tout-ce-que-nous-savons-sur-la-prochaine-serie-iPhone.jpg\",\"datePublished\":\"2025-02-20T05:18:31+00:00\",\"dateModified\":\"2025-02-20T05:18:31+00:00\",\"breadcrumb\":{\"@id\":\"https:\/\/vieassociative.be\/actualites\/tout-ce-que-nous-savons-sur-la-prochaine-serie-iphone-17-2\/#breadcrumb\"},\"inLanguage\":\"fr-BE\",\"potentialAction\":[{\"@type\":\"ReadAction\",\"target\":[\"https:\/\/vieassociative.be\/actualites\/tout-ce-que-nous-savons-sur-la-prochaine-serie-iphone-17-2\/\"]}]},{\"@type\":\"ImageObject\",\"inLanguage\":\"fr-BE\",\"@id\":\"https:\/\/vieassociative.be\/actualites\/tout-ce-que-nous-savons-sur-la-prochaine-serie-iphone-17-2\/#primaryimage\",\"url\":\"https:\/\/vieassociative.be\/actualites\/wp-content\/uploads\/2025\/02\/Tout-ce-que-nous-savons-sur-la-prochaine-serie-iPhone.jpg\",\"contentUrl\":\"https:\/\/vieassociative.be\/actualites\/wp-content\/uploads\/2025\/02\/Tout-ce-que-nous-savons-sur-la-prochaine-serie-iPhone.jpg\",\"width\":1200,\"height\":675,\"caption\":\"Tout ce que nous savons sur la prochaine s\u00e9rie iPhone 17\"},{\"@type\":\"BreadcrumbList\",\"@id\":\"https:\/\/vieassociative.be\/actualites\/tout-ce-que-nous-savons-sur-la-prochaine-serie-iphone-17-2\/#breadcrumb\",\"itemListElement\":[{\"@type\":\"ListItem\",\"position\":1,\"name\":\"Accueil\",\"item\":\"https:\/\/vieassociative.be\/actualites\/\"},{\"@type\":\"ListItem\",\"position\":2,\"name\":\"Tout ce que nous savons sur la prochaine s\u00e9rie iPhone 17\"}]},{\"@type\":\"WebSite\",\"@id\":\"https:\/\/vieassociative.be\/actualites\/#website\",\"url\":\"https:\/\/vieassociative.be\/actualites\/\",\"name\":\"Vie Associative\",\"description\":\"\",\"publisher\":{\"@id\":\"https:\/\/vieassociative.be\/actualites\/#organization\"},\"potentialAction\":[{\"@type\":\"SearchAction\",\"target\":{\"@type\":\"EntryPoint\",\"urlTemplate\":\"https:\/\/vieassociative.be\/actualites\/?s={search_term_string}\"},\"query-input\":{\"@type\":\"PropertyValueSpecification\",\"valueRequired\":true,\"valueName\":\"search_term_string\"}}],\"inLanguage\":\"fr-BE\"},{\"@type\":\"Organization\",\"@id\":\"https:\/\/vieassociative.be\/actualites\/#organization\",\"name\":\"Vie Associative\",\"url\":\"https:\/\/vieassociative.be\/actualites\/\",\"logo\":{\"@type\":\"ImageObject\",\"inLanguage\":\"fr-BE\",\"@id\":\"https:\/\/vieassociative.be\/actualites\/#\/schema\/logo\/image\/\",\"url\":\"https:\/\/vieassociative.be\/actualites\/wp-content\/uploads\/2024\/09\/cropped-vieassociative_favicon.ico.png\",\"contentUrl\":\"https:\/\/vieassociative.be\/actualites\/wp-content\/uploads\/2024\/09\/cropped-vieassociative_favicon.ico.png\",\"width\":512,\"height\":512,\"caption\":\"Vie Associative\"},\"image\":{\"@id\":\"https:\/\/vieassociative.be\/actualites\/#\/schema\/logo\/image\/\"}},{\"@type\":\"Person\",\"@id\":\"https:\/\/vieassociative.be\/actualites\/#\/schema\/person\/b87ac4f82f9d4e7b7cec7395b679edc4\",\"name\":\"Julien\",\"image\":{\"@type\":\"ImageObject\",\"inLanguage\":\"fr-BE\",\"@id\":\"https:\/\/vieassociative.be\/actualites\/#\/schema\/person\/image\/\",\"url\":\"https:\/\/vieassociative.be\/actualites\/wp-content\/uploads\/2024\/09\/vie-associative-1-150x150.jpg\",\"contentUrl\":\"https:\/\/vieassociative.be\/actualites\/wp-content\/uploads\/2024\/09\/vie-associative-1-150x150.jpg\",\"caption\":\"Julien\"},\"description\":\"Je suis Julien, r\u00e9dacteur pour Vie Associative. Passionn\u00e9 par le monde associatif depuis plus de 10 ans, j'ai \u00e0 c\u0153ur de partager des histoires inspirantes et de mettre en lumi\u00e8re les initiatives locales. Mon objectif est de sensibiliser et d'encourager l'engagement communautaire \u00e0 travers mes articles.\",\"sameAs\":[\"https:\/\/vieassociative.be\/\"]}]}<\/script>\n<!-- \/ Yoast SEO plugin. -->","yoast_head_json":{"title":"Tout ce que nous savons sur la prochaine s\u00e9rie iPhone 17 | Vie Associative","robots":{"index":"index","follow":"follow","max-snippet":"max-snippet:-1","max-image-preview":"max-image-preview:large","max-video-preview":"max-video-preview:-1"},"canonical":"https:\/\/vieassociative.be\/actualites\/tout-ce-que-nous-savons-sur-la-prochaine-serie-iphone-17-2\/","og_locale":"fr_FR","og_type":"article","og_title":"Tout ce que nous savons sur la prochaine s\u00e9rie iPhone 17 | Vie Associative","og_description":"\u00c0 quoi s&rsquo;attendre pour l&rsquo;iPhone 17, 17 Air, 17 Pro et 17 Pro Max. Apple tuant enfin le bouton d&rsquo;accueil dans l&rsquo;annonce de l&rsquo;iPhone 16E","og_url":"https:\/\/vieassociative.be\/actualites\/tout-ce-que-nous-savons-sur-la-prochaine-serie-iphone-17-2\/","og_site_name":"Vie Associative","article_published_time":"2025-02-20T05:18:31+00:00","og_image":[{"width":279,"height":92,"url":"https:\/\/vieassociative.be\/actualites\/wp-content\/uploads\/2024\/09\/header_backgroundk-01-e1726694325946.png","type":"image\/png"}],"author":"Julien","twitter_card":"summary_large_image","twitter_misc":{"\u00c9crit par":"Julien","Dur\u00e9e de lecture est.":"8 minutes"},"schema":{"@context":"https:\/\/schema.org","@graph":[{"@type":"Article","@id":"https:\/\/vieassociative.be\/actualites\/tout-ce-que-nous-savons-sur-la-prochaine-serie-iphone-17-2\/#article","isPartOf":{"@id":"https:\/\/vieassociative.be\/actualites\/tout-ce-que-nous-savons-sur-la-prochaine-serie-iphone-17-2\/"},"author":{"name":"Julien","@id":"https:\/\/vieassociative.be\/actualites\/#\/schema\/person\/b87ac4f82f9d4e7b7cec7395b679edc4"},"headline":"Tout ce que nous savons sur la prochaine s\u00e9rie iPhone 17","datePublished":"2025-02-20T05:18:31+00:00","dateModified":"2025-02-20T05:18:31+00:00","mainEntityOfPage":{"@id":"https:\/\/vieassociative.be\/actualites\/tout-ce-que-nous-savons-sur-la-prochaine-serie-iphone-17-2\/"},"wordCount":1627,"publisher":{"@id":"https:\/\/vieassociative.be\/actualites\/#organization"},"image":{"@id":"https:\/\/vieassociative.be\/actualites\/tout-ce-que-nous-savons-sur-la-prochaine-serie-iphone-17-2\/#primaryimage"},"thumbnailUrl":"https:\/\/vieassociative.be\/actualites\/wp-content\/uploads\/2025\/02\/Tout-ce-que-nous-savons-sur-la-prochaine-serie-iPhone.jpg","keywords":["iPhone","nous","prochaine","savons","s\u00e9rie","sur","tout"],"articleSection":["Technologie"],"inLanguage":"fr-BE"},{"@type":"WebPage","@id":"https:\/\/vieassociative.be\/actualites\/tout-ce-que-nous-savons-sur-la-prochaine-serie-iphone-17-2\/","url":"https:\/\/vieassociative.be\/actualites\/tout-ce-que-nous-savons-sur-la-prochaine-serie-iphone-17-2\/","name":"Tout ce que nous savons sur la prochaine s\u00e9rie iPhone 17 | Vie Associative","isPartOf":{"@id":"https:\/\/vieassociative.be\/actualites\/#website"},"primaryImageOfPage":{"@id":"https:\/\/vieassociative.be\/actualites\/tout-ce-que-nous-savons-sur-la-prochaine-serie-iphone-17-2\/#primaryimage"},"image":{"@id":"https:\/\/vieassociative.be\/actualites\/tout-ce-que-nous-savons-sur-la-prochaine-serie-iphone-17-2\/#primaryimage"},"thumbnailUrl":"https:\/\/vieassociative.be\/actualites\/wp-content\/uploads\/2025\/02\/Tout-ce-que-nous-savons-sur-la-prochaine-serie-iPhone.jpg","datePublished":"2025-02-20T05:18:31+00:00","dateModified":"2025-02-20T05:18:31+00:00","breadcrumb":{"@id":"https:\/\/vieassociative.be\/actualites\/tout-ce-que-nous-savons-sur-la-prochaine-serie-iphone-17-2\/#breadcrumb"},"inLanguage":"fr-BE","potentialAction":[{"@type":"ReadAction","target":["https:\/\/vieassociative.be\/actualites\/tout-ce-que-nous-savons-sur-la-prochaine-serie-iphone-17-2\/"]}]},{"@type":"ImageObject","inLanguage":"fr-BE","@id":"https:\/\/vieassociative.be\/actualites\/tout-ce-que-nous-savons-sur-la-prochaine-serie-iphone-17-2\/#primaryimage","url":"https:\/\/vieassociative.be\/actualites\/wp-content\/uploads\/2025\/02\/Tout-ce-que-nous-savons-sur-la-prochaine-serie-iPhone.jpg","contentUrl":"https:\/\/vieassociative.be\/actualites\/wp-content\/uploads\/2025\/02\/Tout-ce-que-nous-savons-sur-la-prochaine-serie-iPhone.jpg","width":1200,"height":675,"caption":"Tout ce que nous savons sur la prochaine s\u00e9rie iPhone 17"},{"@type":"BreadcrumbList","@id":"https:\/\/vieassociative.be\/actualites\/tout-ce-que-nous-savons-sur-la-prochaine-serie-iphone-17-2\/#breadcrumb","itemListElement":[{"@type":"ListItem","position":1,"name":"Accueil","item":"https:\/\/vieassociative.be\/actualites\/"},{"@type":"ListItem","position":2,"name":"Tout ce que nous savons sur la prochaine s\u00e9rie iPhone 17"}]},{"@type":"WebSite","@id":"https:\/\/vieassociative.be\/actualites\/#website","url":"https:\/\/vieassociative.be\/actualites\/","name":"Vie Associative","description":"","publisher":{"@id":"https:\/\/vieassociative.be\/actualites\/#organization"},"potentialAction":[{"@type":"SearchAction","target":{"@type":"EntryPoint","urlTemplate":"https:\/\/vieassociative.be\/actualites\/?s={search_term_string}"},"query-input":{"@type":"PropertyValueSpecification","valueRequired":true,"valueName":"search_term_string"}}],"inLanguage":"fr-BE"},{"@type":"Organization","@id":"https:\/\/vieassociative.be\/actualites\/#organization","name":"Vie Associative","url":"https:\/\/vieassociative.be\/actualites\/","logo":{"@type":"ImageObject","inLanguage":"fr-BE","@id":"https:\/\/vieassociative.be\/actualites\/#\/schema\/logo\/image\/","url":"https:\/\/vieassociative.be\/actualites\/wp-content\/uploads\/2024\/09\/cropped-vieassociative_favicon.ico.png","contentUrl":"https:\/\/vieassociative.be\/actualites\/wp-content\/uploads\/2024\/09\/cropped-vieassociative_favicon.ico.png","width":512,"height":512,"caption":"Vie Associative"},"image":{"@id":"https:\/\/vieassociative.be\/actualites\/#\/schema\/logo\/image\/"}},{"@type":"Person","@id":"https:\/\/vieassociative.be\/actualites\/#\/schema\/person\/b87ac4f82f9d4e7b7cec7395b679edc4","name":"Julien","image":{"@type":"ImageObject","inLanguage":"fr-BE","@id":"https:\/\/vieassociative.be\/actualites\/#\/schema\/person\/image\/","url":"https:\/\/vieassociative.be\/actualites\/wp-content\/uploads\/2024\/09\/vie-associative-1-150x150.jpg","contentUrl":"https:\/\/vieassociative.be\/actualites\/wp-content\/uploads\/2024\/09\/vie-associative-1-150x150.jpg","caption":"Julien"},"description":"Je suis Julien, r\u00e9dacteur pour Vie Associative. Passionn\u00e9 par le monde associatif depuis plus de 10 ans, j'ai \u00e0 c\u0153ur de partager des histoires inspirantes et de mettre en lumi\u00e8re les initiatives locales. Mon objectif est de sensibiliser et d'encourager l'engagement communautaire \u00e0 travers mes articles.","sameAs":["https:\/\/vieassociative.be\/"]}]}},"_links":{"self":[{"href":"https:\/\/vieassociative.be\/actualites\/wp-json\/wp\/v2\/posts\/5253"}],"collection":[{"href":"https:\/\/vieassociative.be\/actualites\/wp-json\/wp\/v2\/posts"}],"about":[{"href":"https:\/\/vieassociative.be\/actualites\/wp-json\/wp\/v2\/types\/post"}],"author":[{"embeddable":true,"href":"https:\/\/vieassociative.be\/actualites\/wp-json\/wp\/v2\/users\/1"}],"replies":[{"embeddable":true,"href":"https:\/\/vieassociative.be\/actualites\/wp-json\/wp\/v2\/comments?post=5253"}],"version-history":[{"count":0,"href":"https:\/\/vieassociative.be\/actualites\/wp-json\/wp\/v2\/posts\/5253\/revisions"}],"wp:featuredmedia":[{"embeddable":true,"href":"https:\/\/vieassociative.be\/actualites\/wp-json\/wp\/v2\/media\/5251"}],"wp:attachment":[{"href":"https:\/\/vieassociative.be\/actualites\/wp-json\/wp\/v2\/media?parent=5253"}],"wp:term":[{"taxonomy":"category","embeddable":true,"href":"https:\/\/vieassociative.be\/actualites\/wp-json\/wp\/v2\/categories?post=5253"},{"taxonomy":"post_tag","embeddable":true,"href":"https:\/\/vieassociative.be\/actualites\/wp-json\/wp\/v2\/tags?post=5253"}],"curies":[{"name":"wp","href":"https:\/\/api.w.org\/{rel}","templated":true}]}}